{"id":45044,"date":"2019-11-11T08:42:55","date_gmt":"2019-11-11T07:42:55","guid":{"rendered":"https:\/\/vosgesinfo.fr\/gerardmerinfo\/2019\/11\/athletisme-abdelilah-cherkaoui-mariia-korobitskaia-simposent-aux-foulees-vittelloises\/"},"modified":"2019-11-11T08:42:55","modified_gmt":"2019-11-11T07:42:55","slug":"athletisme-abdelilah-cherkaoui-mariia-korobitskaia-simposent-aux-foulees-vittelloises","status":"publish","type":"post","link":"https:\/\/vosgesinfo.fr\/gerardmerinfo\/2019\/11\/athletisme-abdelilah-cherkaoui-mariia-korobitskaia-simposent-aux-foulees-vittelloises\/","title":{"rendered":"ATHLETISME : Abdelilah Cherkaoui et Mariia Korobitskaia s\u2019imposent aux Foul\u00e9es Vittelloises"},"content":{"rendered":"<p>S\u2019il n\u2019a pas plu ce dimanche, il a toutefois fait tr\u00e8s froid pour cette deuxi\u00e8me \u00e9dition des Foul\u00e9es Vittelloises organis\u00e9es par le club d\u2019athl\u00e9tisme de la Saint-R\u00e9my, que pr\u00e9side Francis Tomaselli. N\u00e9anmoins la fra\u00eecheur, n\u2019a pas d\u00e9courag\u00e9 les adeptes de la course \u00e0 pied sur longue distance, en l\u2019occurrence le 10 km, qu\u2019ils soient amateurs ou \u00e9m\u00e9rites, car ils \u00e9taient plus de 400 seniors \u00e0 prendre le d\u00e9part. Une comp\u00e9tition \u00e0 la fois ludique mais aussi qualificative pour les championnats de France qui a vu la victoire du favori, le marocain Abdelilah Cherkaoui (Nancy) en 31\u201907\u2019\u2019, et qui du coup bat le record de l\u2019\u00e9preuve qui \u00e9tait de 32\u201907\u2019\u2019. A la seconde place, l\u2019athl\u00e8te marathonien kirghiz, Ilya Tiapkin (Saint-Denis) en 31\u201914\u2019\u2019, et pour compl\u00e9ter le podium masculin, le Spinalien Benjamin Polin (CAHM) qui a boucl\u00e9 les dix bornes en 33\u201900\u2019\u2019.<\/p>\n","protected":false},"excerpt":{"rendered":"<p>S\u2019il n\u2019a pas plu ce dimanche, il a toutefois fait tr\u00e8s froid pour cette deuxi\u00e8me \u00e9dition des Foul\u00e9es Vittelloises organis\u00e9es [&hellip;]<\/p>\n","protected":false},"author":1,"featured_media":45045,"comment_status":"open","ping_status":"open","sticky":false,"template":"","format":"standard","meta":{"footnotes":""},"categories":[20,14,18],"tags":[],"class_list":["post-45044","post","type-post","status-publish","format-standard","has-post-thumbnail","hentry","category-a-la-une","category-sport","category-vosges"],"acf":[],"yoast_head":"<!-- This site is optimized with the Yoast SEO plugin v22.5 - https:\/\/yoast.com\/wordpress\/plugins\/seo\/ -->\n<title>ATHLETISME : Abdelilah Cherkaoui et Mariia Korobitskaia s\u2019imposent aux Foul\u00e9es Vittelloises - Gerardmer Info<\/title>\n<meta name=\"robots\" content=\"index, follow, max-snippet:-1, max-image-preview:large, max-video-preview:-1\" \/>\n<link rel=\"canonical\" href=\"https:\/\/vosgesinfo.fr\/gerardmerinfo\/2019\/11\/athletisme-abdelilah-cherkaoui-mariia-korobitskaia-simposent-aux-foulees-vittelloises\/\" \/>\n<meta name=\"twitter:card\" content=\"summary_large_image\" \/>\n<meta name=\"twitter:title\" content=\"ATHLETISME : Abdelilah Cherkaoui et Mariia Korobitskaia s\u2019imposent aux Foul\u00e9es Vittelloises - Gerardmer Info\" \/>\n<meta name=\"twitter:description\" content=\"S\u2019il n\u2019a pas plu ce dimanche, il a toutefois fait tr\u00e8s froid pour cette deuxi\u00e8me \u00e9dition des Foul\u00e9es Vittelloises organis\u00e9es [&hellip;]\" \/>\n<meta name=\"twitter:image\" content=\"https:\/\/vosgesinfo.fr\/app\/uploads\/sites\/6\/2024\/07\/201911le-marocain-abdelilah-cherkaoui-nancy.jpg\" \/>\n<meta name=\"twitter:creator\" content=\"@VosgesInfo88\" \/>\n<meta name=\"twitter:site\" content=\"@VosgesInfo88\" \/>\n<meta name=\"twitter:label1\" content=\"\u00c9crit par\" \/>\n\t<meta name=\"twitter:data1\" content=\"qs_admin\" \/>\n\t<meta name=\"twitter:label2\" content=\"Dur\u00e9e de lecture estim\u00e9e\" \/>\n\t<meta name=\"twitter:data2\" content=\"1 minute\" \/>\n<script type=\"application\/ld+json\" class=\"yoast-schema-graph\">{\"@context\":\"https:\/\/schema.org\",\"@graph\":[{\"@type\":\"Article\",\"@id\":\"https:\/\/vosgesinfo.fr\/gerardmerinfo\/2019\/11\/athletisme-abdelilah-cherkaoui-mariia-korobitskaia-simposent-aux-foulees-vittelloises\/#article\",\"isPartOf\":{\"@id\":\"https:\/\/vosgesinfo.fr\/gerardmerinfo\/2019\/11\/athletisme-abdelilah-cherkaoui-mariia-korobitskaia-simposent-aux-foulees-vittelloises\/\"},\"author\":{\"name\":\"qs_admin\",\"@id\":\"https:\/\/vosgesinfo.fr\/gerardmerinfo\/#\/schema\/person\/bc5d02d71e6932e81b6dadb7386667b1\"},\"headline\":\"ATHLETISME : Abdelilah Cherkaoui et Mariia Korobitskaia s\u2019imposent aux Foul\u00e9es Vittelloises\",\"datePublished\":\"2019-11-11T07:42:55+00:00\",\"dateModified\":\"2019-11-11T07:42:55+00:00\",\"mainEntityOfPage\":{\"@id\":\"https:\/\/vosgesinfo.fr\/gerardmerinfo\/2019\/11\/athletisme-abdelilah-cherkaoui-mariia-korobitskaia-simposent-aux-foulees-vittelloises\/\"},\"wordCount\":166,\"commentCount\":0,\"publisher\":{\"@id\":\"https:\/\/vosgesinfo.fr\/gerardmerinfo\/#organization\"},\"image\":{\"@id\":\"https:\/\/vosgesinfo.fr\/gerardmerinfo\/2019\/11\/athletisme-abdelilah-cherkaoui-mariia-korobitskaia-simposent-aux-foulees-vittelloises\/#primaryimage\"},\"thumbnailUrl\":\"https:\/\/vosgesinfo.fr\/app\/uploads\/sites\/6\/2024\/07\/201911le-marocain-abdelilah-cherkaoui-nancy.jpg\",\"articleSection\":[\"A la une\",\"Sport\",\"Vosges\"],\"inLanguage\":\"fr-FR\",\"potentialAction\":[{\"@type\":\"CommentAction\",\"name\":\"Comment\",\"target\":[\"https:\/\/vosgesinfo.fr\/gerardmerinfo\/2019\/11\/athletisme-abdelilah-cherkaoui-mariia-korobitskaia-simposent-aux-foulees-vittelloises\/#respond\"]}]},{\"@type\":\"WebPage\",\"@id\":\"https:\/\/vosgesinfo.fr\/gerardmerinfo\/2019\/11\/athletisme-abdelilah-cherkaoui-mariia-korobitskaia-simposent-aux-foulees-vittelloises\/\",\"url\":\"https:\/\/vosgesinfo.fr\/gerardmerinfo\/2019\/11\/athletisme-abdelilah-cherkaoui-mariia-korobitskaia-simposent-aux-foulees-vittelloises\/\",\"name\":\"ATHLETISME : Abdelilah Cherkaoui et Mariia Korobitskaia s\u2019imposent aux Foul\u00e9es Vittelloises - Gerardmer Info\",\"isPartOf\":{\"@id\":\"https:\/\/vosgesinfo.fr\/gerardmerinfo\/#website\"},\"primaryImageOfPage\":{\"@id\":\"https:\/\/vosgesinfo.fr\/gerardmerinfo\/2019\/11\/athletisme-abdelilah-cherkaoui-mariia-korobitskaia-simposent-aux-foulees-vittelloises\/#primaryimage\"},\"image\":{\"@id\":\"https:\/\/vosgesinfo.fr\/gerardmerinfo\/2019\/11\/athletisme-abdelilah-cherkaoui-mariia-korobitskaia-simposent-aux-foulees-vittelloises\/#primaryimage\"},\"thumbnailUrl\":\"https:\/\/vosgesinfo.fr\/app\/uploads\/sites\/6\/2024\/07\/201911le-marocain-abdelilah-cherkaoui-nancy.jpg\",\"datePublished\":\"2019-11-11T07:42:55+00:00\",\"dateModified\":\"2019-11-11T07:42:55+00:00\",\"breadcrumb\":{\"@id\":\"https:\/\/vosgesinfo.fr\/gerardmerinfo\/2019\/11\/athletisme-abdelilah-cherkaoui-mariia-korobitskaia-simposent-aux-foulees-vittelloises\/#breadcrumb\"},\"inLanguage\":\"fr-FR\",\"potentialAction\":[{\"@type\":\"ReadAction\",\"target\":[\"https:\/\/vosgesinfo.fr\/gerardmerinfo\/2019\/11\/athletisme-abdelilah-cherkaoui-mariia-korobitskaia-simposent-aux-foulees-vittelloises\/\"]}]},{\"@type\":\"ImageObject\",\"inLanguage\":\"fr-FR\",\"@id\":\"https:\/\/vosgesinfo.fr\/gerardmerinfo\/2019\/11\/athletisme-abdelilah-cherkaoui-mariia-korobitskaia-simposent-aux-foulees-vittelloises\/#primaryimage\",\"url\":\"https:\/\/vosgesinfo.fr\/app\/uploads\/sites\/6\/2024\/07\/201911le-marocain-abdelilah-cherkaoui-nancy.jpg\",\"contentUrl\":\"https:\/\/vosgesinfo.fr\/app\/uploads\/sites\/6\/2024\/07\/201911le-marocain-abdelilah-cherkaoui-nancy.jpg\",\"width\":800,\"height\":533},{\"@type\":\"BreadcrumbList\",\"@id\":\"https:\/\/vosgesinfo.fr\/gerardmerinfo\/2019\/11\/athletisme-abdelilah-cherkaoui-mariia-korobitskaia-simposent-aux-foulees-vittelloises\/#breadcrumb\",\"itemListElement\":[{\"@type\":\"ListItem\",\"position\":1,\"name\":\"Home\",\"item\":\"https:\/\/vosgesinfo.fr\/gerardmerinfo\/\"},{\"@type\":\"ListItem\",\"position\":2,\"name\":\"ATHLETISME : Abdelilah Cherkaoui et Mariia Korobitskaia s\u2019imposent aux Foul\u00e9es Vittelloises\"}]},{\"@type\":\"WebSite\",\"@id\":\"https:\/\/vosgesinfo.fr\/gerardmerinfo\/#website\",\"url\":\"https:\/\/vosgesinfo.fr\/gerardmerinfo\/\",\"name\":\"Gerardmer Info\",\"description\":\"Toute l&#039;actualit\u00e9 de G\u00e9rardmer\",\"publisher\":{\"@id\":\"https:\/\/vosgesinfo.fr\/gerardmerinfo\/#organization\"},\"alternateName\":\"Toute l'actualit\u00e9 de G\u00e9rardmer\",\"potentialAction\":[{\"@type\":\"SearchAction\",\"target\":{\"@type\":\"EntryPoint\",\"urlTemplate\":\"https:\/\/vosgesinfo.fr\/gerardmerinfo\/?s={search_term_string}\"},\"query-input\":\"required name=search_term_string\"}],\"inLanguage\":\"fr-FR\"},{\"@type\":\"Organization\",\"@id\":\"https:\/\/vosgesinfo.fr\/gerardmerinfo\/#organization\",\"name\":\"Gerardmer Info\",\"url\":\"https:\/\/vosgesinfo.fr\/gerardmerinfo\/\",\"logo\":{\"@type\":\"ImageObject\",\"inLanguage\":\"fr-FR\",\"@id\":\"https:\/\/vosgesinfo.fr\/gerardmerinfo\/#\/schema\/logo\/image\/\",\"url\":\"https:\/\/vosgesinfo.fr\/app\/uploads\/sites\/6\/2023\/08\/favicon-gerardmerinfo.png\",\"contentUrl\":\"https:\/\/vosgesinfo.fr\/app\/uploads\/sites\/6\/2023\/08\/favicon-gerardmerinfo.png\",\"width\":512,\"height\":512,\"caption\":\"Gerardmer Info\"},\"image\":{\"@id\":\"https:\/\/vosgesinfo.fr\/gerardmerinfo\/#\/schema\/logo\/image\/\"},\"sameAs\":[\"https:\/\/www.facebook.com\/profile.php?id=100049475262660\",\"https:\/\/x.com\/VosgesInfo88\",\"https:\/\/www.youtube.com\/@vosgesinfo\"]},{\"@type\":\"Person\",\"@id\":\"https:\/\/vosgesinfo.fr\/gerardmerinfo\/#\/schema\/person\/bc5d02d71e6932e81b6dadb7386667b1\",\"name\":\"qs_admin\",\"image\":{\"@type\":\"ImageObject\",\"inLanguage\":\"fr-FR\",\"@id\":\"https:\/\/vosgesinfo.fr\/gerardmerinfo\/#\/schema\/person\/image\/\",\"url\":\"https:\/\/secure.gravatar.com\/avatar\/94b18ee0ed79e4a42ea2f2931277b6841a8999fc6fde214600c78057cf1fe1de?s=96&d=mm&r=g\",\"contentUrl\":\"https:\/\/secure.gravatar.com\/avatar\/94b18ee0ed79e4a42ea2f2931277b6841a8999fc6fde214600c78057cf1fe1de?s=96&d=mm&r=g\",\"caption\":\"qs_admin\"},\"sameAs\":[\"https:\/\/vosgesinfo.fr\/wp\"],\"url\":\"https:\/\/vosgesinfo.fr\/gerardmerinfo\/author\/qs_admin\/\"}]}<\/script>\n<!-- \/ Yoast SEO plugin. -->","yoast_head_json":{"title":"ATHLETISME : Abdelilah Cherkaoui et Mariia Korobitskaia s\u2019imposent aux Foul\u00e9es Vittelloises - Gerardmer Info","robots":{"index":"index","follow":"follow","max-snippet":"max-snippet:-1","max-image-preview":"max-image-preview:large","max-video-preview":"max-video-preview:-1"},"canonical":"https:\/\/vosgesinfo.fr\/gerardmerinfo\/2019\/11\/athletisme-abdelilah-cherkaoui-mariia-korobitskaia-simposent-aux-foulees-vittelloises\/","twitter_card":"summary_large_image","twitter_title":"ATHLETISME : Abdelilah Cherkaoui et Mariia Korobitskaia s\u2019imposent aux Foul\u00e9es Vittelloises - Gerardmer Info","twitter_description":"S\u2019il n\u2019a pas plu ce dimanche, il a toutefois fait tr\u00e8s froid pour cette deuxi\u00e8me \u00e9dition des Foul\u00e9es Vittelloises organis\u00e9es [&hellip;]","twitter_image":"https:\/\/vosgesinfo.fr\/app\/uploads\/sites\/6\/2024\/07\/201911le-marocain-abdelilah-cherkaoui-nancy.jpg","twitter_creator":"@VosgesInfo88","twitter_site":"@VosgesInfo88","twitter_misc":{"\u00c9crit par":"qs_admin","Dur\u00e9e de lecture estim\u00e9e":"1 minute"},"schema":{"@context":"https:\/\/schema.org","@graph":[{"@type":"Article","@id":"https:\/\/vosgesinfo.fr\/gerardmerinfo\/2019\/11\/athletisme-abdelilah-cherkaoui-mariia-korobitskaia-simposent-aux-foulees-vittelloises\/#article","isPartOf":{"@id":"https:\/\/vosgesinfo.fr\/gerardmerinfo\/2019\/11\/athletisme-abdelilah-cherkaoui-mariia-korobitskaia-simposent-aux-foulees-vittelloises\/"},"author":{"name":"qs_admin","@id":"https:\/\/vosgesinfo.fr\/gerardmerinfo\/#\/schema\/person\/bc5d02d71e6932e81b6dadb7386667b1"},"headline":"ATHLETISME : Abdelilah Cherkaoui et Mariia Korobitskaia s\u2019imposent aux Foul\u00e9es Vittelloises","datePublished":"2019-11-11T07:42:55+00:00","dateModified":"2019-11-11T07:42:55+00:00","mainEntityOfPage":{"@id":"https:\/\/vosgesinfo.fr\/gerardmerinfo\/2019\/11\/athletisme-abdelilah-cherkaoui-mariia-korobitskaia-simposent-aux-foulees-vittelloises\/"},"wordCount":166,"commentCount":0,"publisher":{"@id":"https:\/\/vosgesinfo.fr\/gerardmerinfo\/#organization"},"image":{"@id":"https:\/\/vosgesinfo.fr\/gerardmerinfo\/2019\/11\/athletisme-abdelilah-cherkaoui-mariia-korobitskaia-simposent-aux-foulees-vittelloises\/#primaryimage"},"thumbnailUrl":"https:\/\/vosgesinfo.fr\/app\/uploads\/sites\/6\/2024\/07\/201911le-marocain-abdelilah-cherkaoui-nancy.jpg","articleSection":["A la une","Sport","Vosges"],"inLanguage":"fr-FR","potentialAction":[{"@type":"CommentAction","name":"Comment","target":["https:\/\/vosgesinfo.fr\/gerardmerinfo\/2019\/11\/athletisme-abdelilah-cherkaoui-mariia-korobitskaia-simposent-aux-foulees-vittelloises\/#respond"]}]},{"@type":"WebPage","@id":"https:\/\/vosgesinfo.fr\/gerardmerinfo\/2019\/11\/athletisme-abdelilah-cherkaoui-mariia-korobitskaia-simposent-aux-foulees-vittelloises\/","url":"https:\/\/vosgesinfo.fr\/gerardmerinfo\/2019\/11\/athletisme-abdelilah-cherkaoui-mariia-korobitskaia-simposent-aux-foulees-vittelloises\/","name":"ATHLETISME : Abdelilah Cherkaoui et Mariia Korobitskaia s\u2019imposent aux Foul\u00e9es Vittelloises - Gerardmer Info","isPartOf":{"@id":"https:\/\/vosgesinfo.fr\/gerardmerinfo\/#website"},"primaryImageOfPage":{"@id":"https:\/\/vosgesinfo.fr\/gerardmerinfo\/2019\/11\/athletisme-abdelilah-cherkaoui-mariia-korobitskaia-simposent-aux-foulees-vittelloises\/#primaryimage"},"image":{"@id":"https:\/\/vosgesinfo.fr\/gerardmerinfo\/2019\/11\/athletisme-abdelilah-cherkaoui-mariia-korobitskaia-simposent-aux-foulees-vittelloises\/#primaryimage"},"thumbnailUrl":"https:\/\/vosgesinfo.fr\/app\/uploads\/sites\/6\/2024\/07\/201911le-marocain-abdelilah-cherkaoui-nancy.jpg","datePublished":"2019-11-11T07:42:55+00:00","dateModified":"2019-11-11T07:42:55+00:00","breadcrumb":{"@id":"https:\/\/vosgesinfo.fr\/gerardmerinfo\/2019\/11\/athletisme-abdelilah-cherkaoui-mariia-korobitskaia-simposent-aux-foulees-vittelloises\/#breadcrumb"},"inLanguage":"fr-FR","potentialAction":[{"@type":"ReadAction","target":["https:\/\/vosgesinfo.fr\/gerardmerinfo\/2019\/11\/athletisme-abdelilah-cherkaoui-mariia-korobitskaia-simposent-aux-foulees-vittelloises\/"]}]},{"@type":"ImageObject","inLanguage":"fr-FR","@id":"https:\/\/vosgesinfo.fr\/gerardmerinfo\/2019\/11\/athletisme-abdelilah-cherkaoui-mariia-korobitskaia-simposent-aux-foulees-vittelloises\/#primaryimage","url":"https:\/\/vosgesinfo.fr\/app\/uploads\/sites\/6\/2024\/07\/201911le-marocain-abdelilah-cherkaoui-nancy.jpg","contentUrl":"https:\/\/vosgesinfo.fr\/app\/uploads\/sites\/6\/2024\/07\/201911le-marocain-abdelilah-cherkaoui-nancy.jpg","width":800,"height":533},{"@type":"BreadcrumbList","@id":"https:\/\/vosgesinfo.fr\/gerardmerinfo\/2019\/11\/athletisme-abdelilah-cherkaoui-mariia-korobitskaia-simposent-aux-foulees-vittelloises\/#breadcrumb","itemListElement":[{"@type":"ListItem","position":1,"name":"Home","item":"https:\/\/vosgesinfo.fr\/gerardmerinfo\/"},{"@type":"ListItem","position":2,"name":"ATHLETISME : Abdelilah Cherkaoui et Mariia Korobitskaia s\u2019imposent aux Foul\u00e9es Vittelloises"}]},{"@type":"WebSite","@id":"https:\/\/vosgesinfo.fr\/gerardmerinfo\/#website","url":"https:\/\/vosgesinfo.fr\/gerardmerinfo\/","name":"Gerardmer Info","description":"Toute l&#039;actualit\u00e9 de G\u00e9rardmer","publisher":{"@id":"https:\/\/vosgesinfo.fr\/gerardmerinfo\/#organization"},"alternateName":"Toute l'actualit\u00e9 de G\u00e9rardmer","potentialAction":[{"@type":"SearchAction","target":{"@type":"EntryPoint","urlTemplate":"https:\/\/vosgesinfo.fr\/gerardmerinfo\/?s={search_term_string}"},"query-input":"required name=search_term_string"}],"inLanguage":"fr-FR"},{"@type":"Organization","@id":"https:\/\/vosgesinfo.fr\/gerardmerinfo\/#organization","name":"Gerardmer Info","url":"https:\/\/vosgesinfo.fr\/gerardmerinfo\/","logo":{"@type":"ImageObject","inLanguage":"fr-FR","@id":"https:\/\/vosgesinfo.fr\/gerardmerinfo\/#\/schema\/logo\/image\/","url":"https:\/\/vosgesinfo.fr\/app\/uploads\/sites\/6\/2023\/08\/favicon-gerardmerinfo.png","contentUrl":"https:\/\/vosgesinfo.fr\/app\/uploads\/sites\/6\/2023\/08\/favicon-gerardmerinfo.png","width":512,"height":512,"caption":"Gerardmer Info"},"image":{"@id":"https:\/\/vosgesinfo.fr\/gerardmerinfo\/#\/schema\/logo\/image\/"},"sameAs":["https:\/\/www.facebook.com\/profile.php?id=100049475262660","https:\/\/x.com\/VosgesInfo88","https:\/\/www.youtube.com\/@vosgesinfo"]},{"@type":"Person","@id":"https:\/\/vosgesinfo.fr\/gerardmerinfo\/#\/schema\/person\/bc5d02d71e6932e81b6dadb7386667b1","name":"qs_admin","image":{"@type":"ImageObject","inLanguage":"fr-FR","@id":"https:\/\/vosgesinfo.fr\/gerardmerinfo\/#\/schema\/person\/image\/","url":"https:\/\/secure.gravatar.com\/avatar\/94b18ee0ed79e4a42ea2f2931277b6841a8999fc6fde214600c78057cf1fe1de?s=96&d=mm&r=g","contentUrl":"https:\/\/secure.gravatar.com\/avatar\/94b18ee0ed79e4a42ea2f2931277b6841a8999fc6fde214600c78057cf1fe1de?s=96&d=mm&r=g","caption":"qs_admin"},"sameAs":["https:\/\/vosgesinfo.fr\/wp"],"url":"https:\/\/vosgesinfo.fr\/gerardmerinfo\/author\/qs_admin\/"}]}},"_links":{"self":[{"href":"https:\/\/vosgesinfo.fr\/gerardmerinfo\/wp-json\/wp\/v2\/posts\/45044","targetHints":{"allow":["GET"]}}],"collection":[{"href":"https:\/\/vosgesinfo.fr\/gerardmerinfo\/wp-json\/wp\/v2\/posts"}],"about":[{"href":"https:\/\/vosgesinfo.fr\/gerardmerinfo\/wp-json\/wp\/v2\/types\/post"}],"author":[{"embeddable":true,"href":"https:\/\/vosgesinfo.fr\/gerardmerinfo\/wp-json\/wp\/v2\/users\/1"}],"replies":[{"embeddable":true,"href":"https:\/\/vosgesinfo.fr\/gerardmerinfo\/wp-json\/wp\/v2\/comments?post=45044"}],"version-history":[{"count":0,"href":"https:\/\/vosgesinfo.fr\/gerardmerinfo\/wp-json\/wp\/v2\/posts\/45044\/revisions"}],"wp:featuredmedia":[{"embeddable":true,"href":"https:\/\/vosgesinfo.fr\/gerardmerinfo\/wp-json\/wp\/v2\/media\/45045"}],"wp:attachment":[{"href":"https:\/\/vosgesinfo.fr\/gerardmerinfo\/wp-json\/wp\/v2\/media?parent=45044"}],"wp:term":[{"taxonomy":"category","embeddable":true,"href":"https:\/\/vosgesinfo.fr\/gerardmerinfo\/wp-json\/wp\/v2\/categories?post=45044"},{"taxonomy":"post_tag","embeddable":true,"href":"https:\/\/vosgesinfo.fr\/gerardmerinfo\/wp-json\/wp\/v2\/tags?post=45044"}],"curies":[{"name":"wp","href":"https:\/\/api.w.org\/{rel}","templated":true}]}}