{"id":45087,"date":"2019-11-14T16:34:27","date_gmt":"2019-11-14T15:34:27","guid":{"rendered":"https:\/\/vosgesinfo.fr\/gerardmerinfo\/2019\/11\/judo-mikael-bussiere-prend-presidence-club-geromois\/"},"modified":"2019-11-14T16:34:27","modified_gmt":"2019-11-14T15:34:27","slug":"judo-mikael-bussiere-prend-presidence-club-geromois","status":"publish","type":"post","link":"https:\/\/vosgesinfo.fr\/gerardmerinfo\/2019\/11\/judo-mikael-bussiere-prend-presidence-club-geromois\/","title":{"rendered":"Judo : Mika\u00ebl Bussi\u00e8re prend la pr\u00e9sidence du club G\u00e9r\u00f4mois"},"content":{"rendered":"<p><strong>En effet, c&rsquo;est une page qui se tourne au sein du Judo Club de G\u00e9rardmer et dans le parcours sportif de Mika\u00ebl Bussi\u00e8re, nouveau pr\u00e9sident qui souhaite continuer \u00e0 faire honneur aux valeurs de son sport de pr\u00e9dilection \u00e0 travers ses nouvelles fonctions.<\/strong><\/p>\n<div id=\"attachment_106996\" style=\"width: 392px\" class=\"wp-caption alignright\"><a href=\"\/2017\/04\/Mika-bussi\u00e8re.jpg\"><img decoding=\"async\" aria-describedby=\"caption-attachment-106996\" class=\"wp-image-106996 size-medium\" src=\"\/2017\/04\/Mika-bussi\u00e8re-382x255.jpg\" alt=\"Mika bussi\u00e8re\" width=\"382\" height=\"255\" \/><\/a><p id=\"caption-attachment-106996\" class=\"wp-caption-text\"><span style=\"color: #000080;\">Mika\u00ebl Bussi\u00e8re (\u00e0 droite sur la photo) aux prises avec son partenaire de club et entra\u00eeneur \u00e0 G\u00e9rardmer : Olivier Lina<\/span>.<\/p><\/div>\n<p>En effet, depuis pr\u00e8s de 4 ans, l&rsquo;entra\u00eeneur historique du club qui est \u00e9galement un f\u00e9roce comp\u00e9titeur a subi des op\u00e9rations assez lourdes qui l\u2019ont fait r\u00e9fl\u00e9chir \u00e0 changer son fusil d&rsquo;\u00e9paule et \u00e0 relever un nouveau challenge : \u00ab\u00a0J\u2019ai donc d\u00e9missionn\u00e9 de mon poste d\u2019entra\u00eeneur pour \u00eatre, b\u00e9n\u00e9vole \u00e0 100%. M\u00eame si pendant mes 17 ans d\u2019enseignement, j\u2019ai sans doute fait plus de 3000 heures de b\u00e9n\u00e9volat, entre l&rsquo;organisation de comp\u00e9titions, les r\u00e9unions, le travail \u00e0 la maison, la communication\u2026 Je sais que j\u2019ai une super \u00e9quipe motiv\u00e9e qui me suit, que \u00e7a soit du c\u00f4t\u00e9 des b\u00e9n\u00e9voles du comit\u00e9 avec un bon bureau, des consultants de r\u00eave et des aides indispensables, ou du c\u00f4t\u00e9 des parents b\u00e9n\u00e9voles qui r\u00e9pondent pr\u00e9sents lors de l\u2019organisation nos \u00e9v\u00e9nements (notamment le Tournoi de G\u00e9rardmer et le Master V\u00e9t\u00e9rans international). Nous allons travailler sur le collectif. Nous avons, au club, des salari\u00e9s dipl\u00f4m\u00e9s, motiv\u00e9s et comp\u00e9tents pour encadrer les cours. Je peux compter sur eux\u00a0\u00bb pr\u00e9cise-t-il au lendemain de sa prise de fonction.<\/p>\n<p>Pour m\u00e9moire, \u00ab\u00a0Mika\u00a0\u00bb avait repris en mains les cours au dojo de la Halle des Sports en 2002 sous la pr\u00e9sidence de Gilles Bolmont avec qui il a form\u00e9 une belle \u00e9quipe pour faire grandir le Judo Club de G\u00e9rardmer. Ce dernier est en effet pass\u00e9 en 8 ans de 65 licenci\u00e9s \u00e0 l&rsquo;arriv\u00e9e du nouveau directeur sportif, \u00e0 un maximum de 250 licenci\u00e9s ! \u00ab\u00a0Depuis 2018, le club se porte bien par rapport \u00e0 l\u2019\u00e9volution des licenci\u00e9s (toujours aux alentours des 200 judokas). Nous ne suivons pas la baisse nationale que subit la f\u00e9d\u00e9ration de judo\u00a0\u00bb ajoute-t-il, lui qui est depuis devenu papa de 3 enfants. Il aura donc su habilement mener de front sa vie de famille, sa vie d\u2019entraineur et sa vie de comp\u00e9titeur, laissant derri\u00e8re lui un joli palmar\u00e8s : Dans les 10 premiers fran\u00e7ais en 1ere division s\u00e9nior en 2001, il a, par la suite, conquis les titre de Champion d\u2019Europe et vice champion d\u2019Europe v\u00e9t\u00e9rans en 2013 et 2018, sans oublier 2 m\u00e9dailles de bronze aux championnats du monde v\u00e9t\u00e9rans 2013 et 2014. Comme le bon vin ce cher Mika !!<\/p>\n<p>Mais il \u00e9tait temps de m\u00e9nager un peu son corps et ce dernier a d\u00e9j\u00e0 pas mal d&rsquo;objectifs en ligne de mire pour son club. Avec le bureau du Judo Club de G\u00e9rardmer, il souhaite travailler en \u00e9troite collaboration avec la mairie mais aussi avec les autres associations : \u00ab\u00a0Il faudra se r\u00e9unir tous ensemble\u00a0\u00bb insiste-t-il. Il souhaite \u00e9galement mettre l&rsquo;accent sur la communication du club, que ce soit en mati\u00e8re de logo, d&rsquo;affichage, des tenues des pratiquants, des dossards etc&#8230; Mika\u00ebl Bussi\u00e8re envisage \u00e9galement de poursuivre \u00e0 d\u00e9velopper les sections Ta\u00efso (pr\u00e9paration physique des d\u00e9butants jusqu\u2019aux athl\u00e8tes) et Jujitsu ou encore les parcours sportifs des \u00e9l\u00e8ves plus de 30 ans. L&rsquo;id\u00e9e est de leur proposer un circuit\u00a0 de 4 comp\u00e9titions nationales jusqu\u2019aux championnats du monde en Pologne en septembre 2020. Par ailleurs, le nouveau pr\u00e9sident envisage de travailler sur des projets sportifs gr\u00e2ce \u00e0 des subventions et sponsors et enfin d\u00e9velopper les valeurs du code moral du judo\u00a0: \u00ab\u00a0je pense qu\u2019au niveau \u00e9ducatif, le judo est tr\u00e8s porteur. Int\u00e9grer aussi les jeunes en difficult\u00e9 est un enjeu pour le club\u00a0\u00bb explique-t-il. Bref, il y a du pain sur le tatami comme on dit !!<\/p>\n<p>&nbsp;<\/p>\n<p>&nbsp;<\/p>\n<p>&nbsp;<\/p>\n<p>&nbsp;<\/p>\n<p>&nbsp;<\/p>\n","protected":false},"excerpt":{"rendered":"<p>En effet, c&rsquo;est une page qui se tourne au sein du Judo Club de G\u00e9rardmer et dans le parcours sportif [&hellip;]<\/p>\n","protected":false},"author":42,"featured_media":45088,"comment_status":"open","ping_status":"open","sticky":false,"template":"","format":"standard","meta":{"footnotes":""},"categories":[20,25,14],"tags":[514,758],"class_list":["post-45087","post","type-post","status-publish","format-standard","has-post-thumbnail","hentry","category-a-la-une","category-gerardmer","category-sport","tag-judo-club-de-gerardmer","tag-mikael-bussiere"],"acf":[],"yoast_head":"<!-- This site is optimized with the Yoast SEO plugin v22.5 - https:\/\/yoast.com\/wordpress\/plugins\/seo\/ -->\n<title>Judo : Mika\u00ebl Bussi\u00e8re prend la pr\u00e9sidence du club G\u00e9r\u00f4mois - Gerardmer Info<\/title>\n<meta name=\"robots\" content=\"index, follow, max-snippet:-1, max-image-preview:large, max-video-preview:-1\" \/>\n<link rel=\"canonical\" href=\"https:\/\/vosgesinfo.fr\/gerardmerinfo\/2019\/11\/judo-mikael-bussiere-prend-presidence-club-geromois\/\" \/>\n<meta name=\"twitter:card\" content=\"summary_large_image\" \/>\n<meta name=\"twitter:title\" content=\"Judo : Mika\u00ebl Bussi\u00e8re prend la pr\u00e9sidence du club G\u00e9r\u00f4mois - Gerardmer Info\" \/>\n<meta name=\"twitter:description\" content=\"En effet, c&rsquo;est une page qui se tourne au sein du Judo Club de G\u00e9rardmer et dans le parcours sportif [&hellip;]\" \/>\n<meta name=\"twitter:image\" content=\"https:\/\/vosgesinfo.fr\/app\/uploads\/sites\/6\/2024\/07\/201704mika-bussiere-1.jpg\" \/>\n<meta name=\"twitter:creator\" content=\"@VosgesInfo88\" \/>\n<meta name=\"twitter:site\" content=\"@VosgesInfo88\" \/>\n<meta name=\"twitter:label1\" content=\"\u00c9crit par\" \/>\n\t<meta name=\"twitter:data1\" content=\"QG\" \/>\n\t<meta name=\"twitter:label2\" content=\"Dur\u00e9e de lecture estim\u00e9e\" \/>\n\t<meta name=\"twitter:data2\" content=\"3 minutes\" \/>\n<script type=\"application\/ld+json\" class=\"yoast-schema-graph\">{\"@context\":\"https:\/\/schema.org\",\"@graph\":[{\"@type\":\"Article\",\"@id\":\"https:\/\/vosgesinfo.fr\/gerardmerinfo\/2019\/11\/judo-mikael-bussiere-prend-presidence-club-geromois\/#article\",\"isPartOf\":{\"@id\":\"https:\/\/vosgesinfo.fr\/gerardmerinfo\/2019\/11\/judo-mikael-bussiere-prend-presidence-club-geromois\/\"},\"author\":{\"name\":\"QG\",\"@id\":\"https:\/\/vosgesinfo.fr\/gerardmerinfo\/#\/schema\/person\/db5605779a843dad16b5368f3e7613a5\"},\"headline\":\"Judo : Mika\u00ebl Bussi\u00e8re prend la pr\u00e9sidence du club G\u00e9r\u00f4mois\",\"datePublished\":\"2019-11-14T15:34:27+00:00\",\"dateModified\":\"2019-11-14T15:34:27+00:00\",\"mainEntityOfPage\":{\"@id\":\"https:\/\/vosgesinfo.fr\/gerardmerinfo\/2019\/11\/judo-mikael-bussiere-prend-presidence-club-geromois\/\"},\"wordCount\":708,\"commentCount\":0,\"publisher\":{\"@id\":\"https:\/\/vosgesinfo.fr\/gerardmerinfo\/#organization\"},\"image\":{\"@id\":\"https:\/\/vosgesinfo.fr\/gerardmerinfo\/2019\/11\/judo-mikael-bussiere-prend-presidence-club-geromois\/#primaryimage\"},\"thumbnailUrl\":\"https:\/\/vosgesinfo.fr\/app\/uploads\/sites\/6\/2024\/07\/201704mika-bussiere-1.jpg\",\"keywords\":[\"judo club de g\u00e9rardmer\",\"Mikael Bussiere\"],\"articleSection\":[\"A la une\",\"G\u00e9rardmer\",\"Sport\"],\"inLanguage\":\"fr-FR\",\"potentialAction\":[{\"@type\":\"CommentAction\",\"name\":\"Comment\",\"target\":[\"https:\/\/vosgesinfo.fr\/gerardmerinfo\/2019\/11\/judo-mikael-bussiere-prend-presidence-club-geromois\/#respond\"]}]},{\"@type\":\"WebPage\",\"@id\":\"https:\/\/vosgesinfo.fr\/gerardmerinfo\/2019\/11\/judo-mikael-bussiere-prend-presidence-club-geromois\/\",\"url\":\"https:\/\/vosgesinfo.fr\/gerardmerinfo\/2019\/11\/judo-mikael-bussiere-prend-presidence-club-geromois\/\",\"name\":\"Judo : Mika\u00ebl Bussi\u00e8re prend la pr\u00e9sidence du club G\u00e9r\u00f4mois - Gerardmer Info\",\"isPartOf\":{\"@id\":\"https:\/\/vosgesinfo.fr\/gerardmerinfo\/#website\"},\"primaryImageOfPage\":{\"@id\":\"https:\/\/vosgesinfo.fr\/gerardmerinfo\/2019\/11\/judo-mikael-bussiere-prend-presidence-club-geromois\/#primaryimage\"},\"image\":{\"@id\":\"https:\/\/vosgesinfo.fr\/gerardmerinfo\/2019\/11\/judo-mikael-bussiere-prend-presidence-club-geromois\/#primaryimage\"},\"thumbnailUrl\":\"https:\/\/vosgesinfo.fr\/app\/uploads\/sites\/6\/2024\/07\/201704mika-bussiere-1.jpg\",\"datePublished\":\"2019-11-14T15:34:27+00:00\",\"dateModified\":\"2019-11-14T15:34:27+00:00\",\"breadcrumb\":{\"@id\":\"https:\/\/vosgesinfo.fr\/gerardmerinfo\/2019\/11\/judo-mikael-bussiere-prend-presidence-club-geromois\/#breadcrumb\"},\"inLanguage\":\"fr-FR\",\"potentialAction\":[{\"@type\":\"ReadAction\",\"target\":[\"https:\/\/vosgesinfo.fr\/gerardmerinfo\/2019\/11\/judo-mikael-bussiere-prend-presidence-club-geromois\/\"]}]},{\"@type\":\"ImageObject\",\"inLanguage\":\"fr-FR\",\"@id\":\"https:\/\/vosgesinfo.fr\/gerardmerinfo\/2019\/11\/judo-mikael-bussiere-prend-presidence-club-geromois\/#primaryimage\",\"url\":\"https:\/\/vosgesinfo.fr\/app\/uploads\/sites\/6\/2024\/07\/201704mika-bussiere-1.jpg\",\"contentUrl\":\"https:\/\/vosgesinfo.fr\/app\/uploads\/sites\/6\/2024\/07\/201704mika-bussiere-1.jpg\",\"width\":800,\"height\":534},{\"@type\":\"BreadcrumbList\",\"@id\":\"https:\/\/vosgesinfo.fr\/gerardmerinfo\/2019\/11\/judo-mikael-bussiere-prend-presidence-club-geromois\/#breadcrumb\",\"itemListElement\":[{\"@type\":\"ListItem\",\"position\":1,\"name\":\"Home\",\"item\":\"https:\/\/vosgesinfo.fr\/gerardmerinfo\/\"},{\"@type\":\"ListItem\",\"position\":2,\"name\":\"Judo : Mika\u00ebl Bussi\u00e8re prend la pr\u00e9sidence du club G\u00e9r\u00f4mois\"}]},{\"@type\":\"WebSite\",\"@id\":\"https:\/\/vosgesinfo.fr\/gerardmerinfo\/#website\",\"url\":\"https:\/\/vosgesinfo.fr\/gerardmerinfo\/\",\"name\":\"Gerardmer Info\",\"description\":\"Toute l&#039;actualit\u00e9 de G\u00e9rardmer\",\"publisher\":{\"@id\":\"https:\/\/vosgesinfo.fr\/gerardmerinfo\/#organization\"},\"alternateName\":\"Toute l'actualit\u00e9 de G\u00e9rardmer\",\"potentialAction\":[{\"@type\":\"SearchAction\",\"target\":{\"@type\":\"EntryPoint\",\"urlTemplate\":\"https:\/\/vosgesinfo.fr\/gerardmerinfo\/?s={search_term_string}\"},\"query-input\":\"required name=search_term_string\"}],\"inLanguage\":\"fr-FR\"},{\"@type\":\"Organization\",\"@id\":\"https:\/\/vosgesinfo.fr\/gerardmerinfo\/#organization\",\"name\":\"Gerardmer Info\",\"url\":\"https:\/\/vosgesinfo.fr\/gerardmerinfo\/\",\"logo\":{\"@type\":\"ImageObject\",\"inLanguage\":\"fr-FR\",\"@id\":\"https:\/\/vosgesinfo.fr\/gerardmerinfo\/#\/schema\/logo\/image\/\",\"url\":\"https:\/\/vosgesinfo.fr\/app\/uploads\/sites\/6\/2023\/08\/favicon-gerardmerinfo.png\",\"contentUrl\":\"https:\/\/vosgesinfo.fr\/app\/uploads\/sites\/6\/2023\/08\/favicon-gerardmerinfo.png\",\"width\":512,\"height\":512,\"caption\":\"Gerardmer Info\"},\"image\":{\"@id\":\"https:\/\/vosgesinfo.fr\/gerardmerinfo\/#\/schema\/logo\/image\/\"},\"sameAs\":[\"https:\/\/www.facebook.com\/profile.php?id=100049475262660\",\"https:\/\/x.com\/VosgesInfo88\",\"https:\/\/www.youtube.com\/@vosgesinfo\"]},{\"@type\":\"Person\",\"@id\":\"https:\/\/vosgesinfo.fr\/gerardmerinfo\/#\/schema\/person\/db5605779a843dad16b5368f3e7613a5\",\"name\":\"QG\",\"image\":{\"@type\":\"ImageObject\",\"inLanguage\":\"fr-FR\",\"@id\":\"https:\/\/vosgesinfo.fr\/gerardmerinfo\/#\/schema\/person\/image\/\",\"url\":\"https:\/\/secure.gravatar.com\/avatar\/ea80c42c204b534408512832fde52504ecabb9706bcb6151cf6175e5b64e6793?s=96&d=mm&r=g\",\"contentUrl\":\"https:\/\/secure.gravatar.com\/avatar\/ea80c42c204b534408512832fde52504ecabb9706bcb6151cf6175e5b64e6793?s=96&d=mm&r=g\",\"caption\":\"QG\"},\"url\":\"https:\/\/vosgesinfo.fr\/gerardmerinfo\/author\/quentin88\/\"}]}<\/script>\n<!-- \/ Yoast SEO plugin. -->","yoast_head_json":{"title":"Judo : Mika\u00ebl Bussi\u00e8re prend la pr\u00e9sidence du club G\u00e9r\u00f4mois - Gerardmer Info","robots":{"index":"index","follow":"follow","max-snippet":"max-snippet:-1","max-image-preview":"max-image-preview:large","max-video-preview":"max-video-preview:-1"},"canonical":"https:\/\/vosgesinfo.fr\/gerardmerinfo\/2019\/11\/judo-mikael-bussiere-prend-presidence-club-geromois\/","twitter_card":"summary_large_image","twitter_title":"Judo : Mika\u00ebl Bussi\u00e8re prend la pr\u00e9sidence du club G\u00e9r\u00f4mois - Gerardmer Info","twitter_description":"En effet, c&rsquo;est une page qui se tourne au sein du Judo Club de G\u00e9rardmer et dans le parcours sportif [&hellip;]","twitter_image":"https:\/\/vosgesinfo.fr\/app\/uploads\/sites\/6\/2024\/07\/201704mika-bussiere-1.jpg","twitter_creator":"@VosgesInfo88","twitter_site":"@VosgesInfo88","twitter_misc":{"\u00c9crit par":"QG","Dur\u00e9e de lecture estim\u00e9e":"3 minutes"},"schema":{"@context":"https:\/\/schema.org","@graph":[{"@type":"Article","@id":"https:\/\/vosgesinfo.fr\/gerardmerinfo\/2019\/11\/judo-mikael-bussiere-prend-presidence-club-geromois\/#article","isPartOf":{"@id":"https:\/\/vosgesinfo.fr\/gerardmerinfo\/2019\/11\/judo-mikael-bussiere-prend-presidence-club-geromois\/"},"author":{"name":"QG","@id":"https:\/\/vosgesinfo.fr\/gerardmerinfo\/#\/schema\/person\/db5605779a843dad16b5368f3e7613a5"},"headline":"Judo : Mika\u00ebl Bussi\u00e8re prend la pr\u00e9sidence du club G\u00e9r\u00f4mois","datePublished":"2019-11-14T15:34:27+00:00","dateModified":"2019-11-14T15:34:27+00:00","mainEntityOfPage":{"@id":"https:\/\/vosgesinfo.fr\/gerardmerinfo\/2019\/11\/judo-mikael-bussiere-prend-presidence-club-geromois\/"},"wordCount":708,"commentCount":0,"publisher":{"@id":"https:\/\/vosgesinfo.fr\/gerardmerinfo\/#organization"},"image":{"@id":"https:\/\/vosgesinfo.fr\/gerardmerinfo\/2019\/11\/judo-mikael-bussiere-prend-presidence-club-geromois\/#primaryimage"},"thumbnailUrl":"https:\/\/vosgesinfo.fr\/app\/uploads\/sites\/6\/2024\/07\/201704mika-bussiere-1.jpg","keywords":["judo club de g\u00e9rardmer","Mikael Bussiere"],"articleSection":["A la une","G\u00e9rardmer","Sport"],"inLanguage":"fr-FR","potentialAction":[{"@type":"CommentAction","name":"Comment","target":["https:\/\/vosgesinfo.fr\/gerardmerinfo\/2019\/11\/judo-mikael-bussiere-prend-presidence-club-geromois\/#respond"]}]},{"@type":"WebPage","@id":"https:\/\/vosgesinfo.fr\/gerardmerinfo\/2019\/11\/judo-mikael-bussiere-prend-presidence-club-geromois\/","url":"https:\/\/vosgesinfo.fr\/gerardmerinfo\/2019\/11\/judo-mikael-bussiere-prend-presidence-club-geromois\/","name":"Judo : Mika\u00ebl Bussi\u00e8re prend la pr\u00e9sidence du club G\u00e9r\u00f4mois - Gerardmer Info","isPartOf":{"@id":"https:\/\/vosgesinfo.fr\/gerardmerinfo\/#website"},"primaryImageOfPage":{"@id":"https:\/\/vosgesinfo.fr\/gerardmerinfo\/2019\/11\/judo-mikael-bussiere-prend-presidence-club-geromois\/#primaryimage"},"image":{"@id":"https:\/\/vosgesinfo.fr\/gerardmerinfo\/2019\/11\/judo-mikael-bussiere-prend-presidence-club-geromois\/#primaryimage"},"thumbnailUrl":"https:\/\/vosgesinfo.fr\/app\/uploads\/sites\/6\/2024\/07\/201704mika-bussiere-1.jpg","datePublished":"2019-11-14T15:34:27+00:00","dateModified":"2019-11-14T15:34:27+00:00","breadcrumb":{"@id":"https:\/\/vosgesinfo.fr\/gerardmerinfo\/2019\/11\/judo-mikael-bussiere-prend-presidence-club-geromois\/#breadcrumb"},"inLanguage":"fr-FR","potentialAction":[{"@type":"ReadAction","target":["https:\/\/vosgesinfo.fr\/gerardmerinfo\/2019\/11\/judo-mikael-bussiere-prend-presidence-club-geromois\/"]}]},{"@type":"ImageObject","inLanguage":"fr-FR","@id":"https:\/\/vosgesinfo.fr\/gerardmerinfo\/2019\/11\/judo-mikael-bussiere-prend-presidence-club-geromois\/#primaryimage","url":"https:\/\/vosgesinfo.fr\/app\/uploads\/sites\/6\/2024\/07\/201704mika-bussiere-1.jpg","contentUrl":"https:\/\/vosgesinfo.fr\/app\/uploads\/sites\/6\/2024\/07\/201704mika-bussiere-1.jpg","width":800,"height":534},{"@type":"BreadcrumbList","@id":"https:\/\/vosgesinfo.fr\/gerardmerinfo\/2019\/11\/judo-mikael-bussiere-prend-presidence-club-geromois\/#breadcrumb","itemListElement":[{"@type":"ListItem","position":1,"name":"Home","item":"https:\/\/vosgesinfo.fr\/gerardmerinfo\/"},{"@type":"ListItem","position":2,"name":"Judo : Mika\u00ebl Bussi\u00e8re prend la pr\u00e9sidence du club G\u00e9r\u00f4mois"}]},{"@type":"WebSite","@id":"https:\/\/vosgesinfo.fr\/gerardmerinfo\/#website","url":"https:\/\/vosgesinfo.fr\/gerardmerinfo\/","name":"Gerardmer Info","description":"Toute l&#039;actualit\u00e9 de G\u00e9rardmer","publisher":{"@id":"https:\/\/vosgesinfo.fr\/gerardmerinfo\/#organization"},"alternateName":"Toute l'actualit\u00e9 de G\u00e9rardmer","potentialAction":[{"@type":"SearchAction","target":{"@type":"EntryPoint","urlTemplate":"https:\/\/vosgesinfo.fr\/gerardmerinfo\/?s={search_term_string}"},"query-input":"required name=search_term_string"}],"inLanguage":"fr-FR"},{"@type":"Organization","@id":"https:\/\/vosgesinfo.fr\/gerardmerinfo\/#organization","name":"Gerardmer Info","url":"https:\/\/vosgesinfo.fr\/gerardmerinfo\/","logo":{"@type":"ImageObject","inLanguage":"fr-FR","@id":"https:\/\/vosgesinfo.fr\/gerardmerinfo\/#\/schema\/logo\/image\/","url":"https:\/\/vosgesinfo.fr\/app\/uploads\/sites\/6\/2023\/08\/favicon-gerardmerinfo.png","contentUrl":"https:\/\/vosgesinfo.fr\/app\/uploads\/sites\/6\/2023\/08\/favicon-gerardmerinfo.png","width":512,"height":512,"caption":"Gerardmer Info"},"image":{"@id":"https:\/\/vosgesinfo.fr\/gerardmerinfo\/#\/schema\/logo\/image\/"},"sameAs":["https:\/\/www.facebook.com\/profile.php?id=100049475262660","https:\/\/x.com\/VosgesInfo88","https:\/\/www.youtube.com\/@vosgesinfo"]},{"@type":"Person","@id":"https:\/\/vosgesinfo.fr\/gerardmerinfo\/#\/schema\/person\/db5605779a843dad16b5368f3e7613a5","name":"QG","image":{"@type":"ImageObject","inLanguage":"fr-FR","@id":"https:\/\/vosgesinfo.fr\/gerardmerinfo\/#\/schema\/person\/image\/","url":"https:\/\/secure.gravatar.com\/avatar\/ea80c42c204b534408512832fde52504ecabb9706bcb6151cf6175e5b64e6793?s=96&d=mm&r=g","contentUrl":"https:\/\/secure.gravatar.com\/avatar\/ea80c42c204b534408512832fde52504ecabb9706bcb6151cf6175e5b64e6793?s=96&d=mm&r=g","caption":"QG"},"url":"https:\/\/vosgesinfo.fr\/gerardmerinfo\/author\/quentin88\/"}]}},"_links":{"self":[{"href":"https:\/\/vosgesinfo.fr\/gerardmerinfo\/wp-json\/wp\/v2\/posts\/45087","targetHints":{"allow":["GET"]}}],"collection":[{"href":"https:\/\/vosgesinfo.fr\/gerardmerinfo\/wp-json\/wp\/v2\/posts"}],"about":[{"href":"https:\/\/vosgesinfo.fr\/gerardmerinfo\/wp-json\/wp\/v2\/types\/post"}],"author":[{"embeddable":true,"href":"https:\/\/vosgesinfo.fr\/gerardmerinfo\/wp-json\/wp\/v2\/users\/42"}],"replies":[{"embeddable":true,"href":"https:\/\/vosgesinfo.fr\/gerardmerinfo\/wp-json\/wp\/v2\/comments?post=45087"}],"version-history":[{"count":0,"href":"https:\/\/vosgesinfo.fr\/gerardmerinfo\/wp-json\/wp\/v2\/posts\/45087\/revisions"}],"wp:featuredmedia":[{"embeddable":true,"href":"https:\/\/vosgesinfo.fr\/gerardmerinfo\/wp-json\/wp\/v2\/media\/45088"}],"wp:attachment":[{"href":"https:\/\/vosgesinfo.fr\/gerardmerinfo\/wp-json\/wp\/v2\/media?parent=45087"}],"wp:term":[{"taxonomy":"category","embeddable":true,"href":"https:\/\/vosgesinfo.fr\/gerardmerinfo\/wp-json\/wp\/v2\/categories?post=45087"},{"taxonomy":"post_tag","embeddable":true,"href":"https:\/\/vosgesinfo.fr\/gerardmerinfo\/wp-json\/wp\/v2\/tags?post=45087"}],"curies":[{"name":"wp","href":"https:\/\/api.w.org\/{rel}","templated":true}]}}