{"id":45089,"date":"2019-11-13T16:34:48","date_gmt":"2019-11-13T15:34:48","guid":{"rendered":"https:\/\/vosgesinfo.fr\/gerardmerinfo\/2019\/11\/cet-hiver-suivez-schlitte-cerceys-lattes\/"},"modified":"2019-11-13T16:34:48","modified_gmt":"2019-11-13T15:34:48","slug":"cet-hiver-suivez-schlitte-cerceys-lattes","status":"publish","type":"post","link":"https:\/\/vosgesinfo.fr\/gerardmerinfo\/2019\/11\/cet-hiver-suivez-schlitte-cerceys-lattes\/","title":{"rendered":"Cet hiver, suivez la schlitte, les Cerc\u00eays ou les Lattes"},"content":{"rendered":"<h3><a href=\"\/2019\/11\/sentiers-raquettes-chantier-jeunes-bas-rupts-2.jpg\"><img decoding=\"async\" class=\"aligncenter wp-image-155501 size-full\" src=\"\/2019\/11\/sentiers-raquettes-chantier-jeunes-bas-rupts-2.jpg\" alt=\"sentiers raquettes chantier jeunes bas rupts (2)\" width=\"800\" height=\"600\" \/><\/a><\/h3>\n<h3>Les nouveaux panneaux r\u00e9alis\u00e9s par un groupe de jeunes G\u00e9r\u00f4mois pour identifier les circuits raquettes des Bas Rupts viennent d&rsquo;\u00eatre inaugur\u00e9s sous les premiers flocons (ou presque) du mois de novembre.<\/h3>\n<div id=\"attachment_155502\" style=\"width: 350px\" class=\"wp-caption alignright\"><a href=\"\/2019\/11\/sentiers-raquettes-chantier-jeunes-bas-rupts-3.jpg\"><img decoding=\"async\" aria-describedby=\"caption-attachment-155502\" class=\"size-medium wp-image-155502\" src=\"\/2019\/11\/sentiers-raquettes-chantier-jeunes-bas-rupts-3-340x255.jpg\" alt=\"Les petites pr\u00e9cisions de Max Vallon qui a encadr\u00e9 ce chantier jeunes.\" width=\"340\" height=\"255\" \/><\/a><p id=\"caption-attachment-155502\" class=\"wp-caption-text\">Les petites pr\u00e9cisions de Max Vallon qui a encadr\u00e9 ce chantier jeunes.<\/p><\/div>\n<p>A l&rsquo;origine, il y avait cette r\u00e9flexion du service des sports de la Ville qui estimait qu&rsquo;un site pittoresque comme celui des Bas Rupts m\u00e9ritait peut-\u00eatre mieux que des circuits identifi\u00e9s avec de simples num\u00e9ros. L&rsquo;id\u00e9e de donner des noms \u00e0 ces 6 sentiers s&rsquo;est donc rapidement impos\u00e9e, tout comme celle de faire de cette mission un chantier jeunes. Et pour l&rsquo;encadrer, on a fait appel \u00e0 un habitu\u00e9 de la maison en la personne de Max Vallon, infographiste et artiste g\u00e9r\u00f4mois \u00e0 qui l&rsquo;on a d\u00e9j\u00e0 confi\u00e9 plusieurs projets du m\u00eame type. \u00c9voquons ainsi le travail r\u00e9alis\u00e9 du c\u00f4t\u00e9 de l&rsquo;\u00e9cole Jules Ferry sur le mur de l&rsquo;espace jeunes du Bergon, ou encore la d\u00e9co du chalet d\u2019accueil du jardin d\u2019enfants de la Mauselaine.<\/p>\n<div id=\"attachment_155503\" style=\"width: 201px\" class=\"wp-caption alignleft\"><a href=\"\/2019\/11\/sentiers-raquettes-chantier-jeunes-bas-rupts-1.jpg\"><img decoding=\"async\" aria-describedby=\"caption-attachment-155503\" class=\"size-medium wp-image-155503\" src=\"\/2019\/11\/sentiers-raquettes-chantier-jeunes-bas-rupts-1-191x255.jpg\" alt=\"Cyrille Carru du service des sports d\u00e9taille les panneaux.\" width=\"191\" height=\"255\" \/><\/a><p id=\"caption-attachment-155503\" class=\"wp-caption-text\">Cyrille Carru du service des sports d\u00e9taille les panneaux.<\/p><\/div>\n<p>3 jeunes ont ensuite r\u00e9pondu \u00e0 l&rsquo;appel de Delphine Henry, agent de la Ville qui pilote le projet, et se sont pench\u00e9s sur la question \u00e0 travers un cahier des charges. Ce dernier mettait en avant l&rsquo;utilisation de la mascotte de G\u00e9rardmer, \u00e0 savoir le fameux Loustic, mais aussi celle du patois local. 6 panneaux ont donc \u00e9t\u00e9 con\u00e7us gr\u00e2ce \u00e0 l&rsquo;aide de Max par Zara, Martin et Levon, le tout avec des noms en patois et une illustration mettant en sc\u00e8ne le Loustic. Des supports que vous retrouvez donc face \u00e0 la Drosera, au d\u00e9part des sentiers\/circuits qui portent d\u00e9sormais les noms suivants : Les Beuquillons, Les Cerc\u00eays, Les Lattes, La Schlitte, La Fray\u00e9e et Le Sotr\u00e9. Au total, il aura fallu une vingtaine d&rsquo;heures \u00e0 la petite \u00e9quipe pour boucler ce chantier jeunes financ\u00e9 en partie par la CAF.<\/p>\n<p>\u00ab\u00a0A travers ce chantier, il y avait aussi l&rsquo;utilisation d&rsquo;outils libres, la d\u00e9couverte de GIMP notamment. On a travaill\u00e9 les mercredis apr\u00e8s-midi \u00e0 la m\u00e9diath\u00e8que du Tilleul qui nous a mis \u00e0 disposition des postes dans son espace multim\u00e9dia et nous les remercions pour \u00e7a\u00a0\u00bb pr\u00e9cise Max Vallon. Les trois jeunes ont \u00e9galement d\u00e9couvert un peu le patois local puisque la majorit\u00e9 des noms retenus pour les panneaux leur \u00e9tait tout simplement inconnu. \u00a0Enfin, pr\u00e9cisons qu&rsquo;apr\u00e8s cette action citoyenne, Zara, Martin et Levon ont pu profiter d&rsquo;une contrepartie \u00ab\u00a0loisirs\u00a0\u00bb qui s&rsquo;est \u00e9tal\u00e9e sur trois jours avec au programme : Europa Parc, Bol d&rsquo;Air, VTT \u00e9lectrique ou encore sortie en gyropode \u00e0 La Bresse ! \u00ab\u00a0\u00c7a fait plaisir\u00a0\u00bb comme on dit !<\/p>\n<p>&nbsp;<\/p>\n","protected":false},"excerpt":{"rendered":"<p>Les nouveaux panneaux r\u00e9alis\u00e9s par un groupe de jeunes G\u00e9r\u00f4mois pour identifier les circuits raquettes des Bas Rupts viennent d&rsquo;\u00eatre [&hellip;]<\/p>\n","protected":false},"author":42,"featured_media":45090,"comment_status":"open","ping_status":"open","sticky":false,"template":"","format":"standard","meta":{"footnotes":""},"categories":[20,4,25],"tags":[2168,585,809],"class_list":["post-45089","post","type-post","status-publish","format-standard","has-post-thumbnail","hentry","category-a-la-une","category-culture","category-gerardmer","tag-chantier-jeunes","tag-domaine-skiable-des-bas-rupts","tag-drosera"],"acf":[],"yoast_head":"<!-- This site is optimized with the Yoast SEO plugin v22.5 - https:\/\/yoast.com\/wordpress\/plugins\/seo\/ -->\n<title>Cet hiver, suivez la schlitte, les Cerc\u00eays ou les Lattes - Gerardmer Info<\/title>\n<meta name=\"robots\" content=\"index, follow, max-snippet:-1, max-image-preview:large, max-video-preview:-1\" \/>\n<link rel=\"canonical\" href=\"https:\/\/vosgesinfo.fr\/gerardmerinfo\/2019\/11\/cet-hiver-suivez-schlitte-cerceys-lattes\/\" \/>\n<meta name=\"twitter:card\" content=\"summary_large_image\" \/>\n<meta name=\"twitter:title\" content=\"Cet hiver, suivez la schlitte, les Cerc\u00eays ou les Lattes - Gerardmer Info\" \/>\n<meta name=\"twitter:description\" content=\"Les nouveaux panneaux r\u00e9alis\u00e9s par un groupe de jeunes G\u00e9r\u00f4mois pour identifier les circuits raquettes des Bas Rupts viennent d&rsquo;\u00eatre [&hellip;]\" \/>\n<meta name=\"twitter:image\" content=\"https:\/\/vosgesinfo.fr\/app\/uploads\/sites\/6\/2024\/07\/201911sentiers-raquettes-chantier-jeunes-bas-rupts-2.jpg\" \/>\n<meta name=\"twitter:creator\" content=\"@VosgesInfo88\" \/>\n<meta name=\"twitter:site\" content=\"@VosgesInfo88\" \/>\n<meta name=\"twitter:label1\" content=\"\u00c9crit par\" \/>\n\t<meta name=\"twitter:data1\" content=\"QG\" \/>\n\t<meta name=\"twitter:label2\" content=\"Dur\u00e9e de lecture estim\u00e9e\" \/>\n\t<meta name=\"twitter:data2\" content=\"2 minutes\" \/>\n<script type=\"application\/ld+json\" class=\"yoast-schema-graph\">{\"@context\":\"https:\/\/schema.org\",\"@graph\":[{\"@type\":\"Article\",\"@id\":\"https:\/\/vosgesinfo.fr\/gerardmerinfo\/2019\/11\/cet-hiver-suivez-schlitte-cerceys-lattes\/#article\",\"isPartOf\":{\"@id\":\"https:\/\/vosgesinfo.fr\/gerardmerinfo\/2019\/11\/cet-hiver-suivez-schlitte-cerceys-lattes\/\"},\"author\":{\"name\":\"QG\",\"@id\":\"https:\/\/vosgesinfo.fr\/gerardmerinfo\/#\/schema\/person\/db5605779a843dad16b5368f3e7613a5\"},\"headline\":\"Cet hiver, suivez la schlitte, les Cerc\u00eays ou les Lattes\",\"datePublished\":\"2019-11-13T15:34:48+00:00\",\"dateModified\":\"2019-11-13T15:34:48+00:00\",\"mainEntityOfPage\":{\"@id\":\"https:\/\/vosgesinfo.fr\/gerardmerinfo\/2019\/11\/cet-hiver-suivez-schlitte-cerceys-lattes\/\"},\"wordCount\":509,\"commentCount\":0,\"publisher\":{\"@id\":\"https:\/\/vosgesinfo.fr\/gerardmerinfo\/#organization\"},\"image\":{\"@id\":\"https:\/\/vosgesinfo.fr\/gerardmerinfo\/2019\/11\/cet-hiver-suivez-schlitte-cerceys-lattes\/#primaryimage\"},\"thumbnailUrl\":\"https:\/\/vosgesinfo.fr\/app\/uploads\/sites\/6\/2024\/07\/201911sentiers-raquettes-chantier-jeunes-bas-rupts-2.jpg\",\"keywords\":[\"chantier jeunes\",\"domaine skiable des bas rupts\",\"Drosera\"],\"articleSection\":[\"A la une\",\"Culture\",\"G\u00e9rardmer\"],\"inLanguage\":\"fr-FR\",\"potentialAction\":[{\"@type\":\"CommentAction\",\"name\":\"Comment\",\"target\":[\"https:\/\/vosgesinfo.fr\/gerardmerinfo\/2019\/11\/cet-hiver-suivez-schlitte-cerceys-lattes\/#respond\"]}]},{\"@type\":\"WebPage\",\"@id\":\"https:\/\/vosgesinfo.fr\/gerardmerinfo\/2019\/11\/cet-hiver-suivez-schlitte-cerceys-lattes\/\",\"url\":\"https:\/\/vosgesinfo.fr\/gerardmerinfo\/2019\/11\/cet-hiver-suivez-schlitte-cerceys-lattes\/\",\"name\":\"Cet hiver, suivez la schlitte, les Cerc\u00eays ou les Lattes - Gerardmer Info\",\"isPartOf\":{\"@id\":\"https:\/\/vosgesinfo.fr\/gerardmerinfo\/#website\"},\"primaryImageOfPage\":{\"@id\":\"https:\/\/vosgesinfo.fr\/gerardmerinfo\/2019\/11\/cet-hiver-suivez-schlitte-cerceys-lattes\/#primaryimage\"},\"image\":{\"@id\":\"https:\/\/vosgesinfo.fr\/gerardmerinfo\/2019\/11\/cet-hiver-suivez-schlitte-cerceys-lattes\/#primaryimage\"},\"thumbnailUrl\":\"https:\/\/vosgesinfo.fr\/app\/uploads\/sites\/6\/2024\/07\/201911sentiers-raquettes-chantier-jeunes-bas-rupts-2.jpg\",\"datePublished\":\"2019-11-13T15:34:48+00:00\",\"dateModified\":\"2019-11-13T15:34:48+00:00\",\"breadcrumb\":{\"@id\":\"https:\/\/vosgesinfo.fr\/gerardmerinfo\/2019\/11\/cet-hiver-suivez-schlitte-cerceys-lattes\/#breadcrumb\"},\"inLanguage\":\"fr-FR\",\"potentialAction\":[{\"@type\":\"ReadAction\",\"target\":[\"https:\/\/vosgesinfo.fr\/gerardmerinfo\/2019\/11\/cet-hiver-suivez-schlitte-cerceys-lattes\/\"]}]},{\"@type\":\"ImageObject\",\"inLanguage\":\"fr-FR\",\"@id\":\"https:\/\/vosgesinfo.fr\/gerardmerinfo\/2019\/11\/cet-hiver-suivez-schlitte-cerceys-lattes\/#primaryimage\",\"url\":\"https:\/\/vosgesinfo.fr\/app\/uploads\/sites\/6\/2024\/07\/201911sentiers-raquettes-chantier-jeunes-bas-rupts-2.jpg\",\"contentUrl\":\"https:\/\/vosgesinfo.fr\/app\/uploads\/sites\/6\/2024\/07\/201911sentiers-raquettes-chantier-jeunes-bas-rupts-2.jpg\",\"width\":800,\"height\":600},{\"@type\":\"BreadcrumbList\",\"@id\":\"https:\/\/vosgesinfo.fr\/gerardmerinfo\/2019\/11\/cet-hiver-suivez-schlitte-cerceys-lattes\/#breadcrumb\",\"itemListElement\":[{\"@type\":\"ListItem\",\"position\":1,\"name\":\"Home\",\"item\":\"https:\/\/vosgesinfo.fr\/gerardmerinfo\/\"},{\"@type\":\"ListItem\",\"position\":2,\"name\":\"Cet hiver, suivez la schlitte, les Cerc\u00eays ou les Lattes\"}]},{\"@type\":\"WebSite\",\"@id\":\"https:\/\/vosgesinfo.fr\/gerardmerinfo\/#website\",\"url\":\"https:\/\/vosgesinfo.fr\/gerardmerinfo\/\",\"name\":\"Gerardmer Info\",\"description\":\"Toute l&#039;actualit\u00e9 de G\u00e9rardmer\",\"publisher\":{\"@id\":\"https:\/\/vosgesinfo.fr\/gerardmerinfo\/#organization\"},\"alternateName\":\"Toute l'actualit\u00e9 de G\u00e9rardmer\",\"potentialAction\":[{\"@type\":\"SearchAction\",\"target\":{\"@type\":\"EntryPoint\",\"urlTemplate\":\"https:\/\/vosgesinfo.fr\/gerardmerinfo\/?s={search_term_string}\"},\"query-input\":\"required name=search_term_string\"}],\"inLanguage\":\"fr-FR\"},{\"@type\":\"Organization\",\"@id\":\"https:\/\/vosgesinfo.fr\/gerardmerinfo\/#organization\",\"name\":\"Gerardmer Info\",\"url\":\"https:\/\/vosgesinfo.fr\/gerardmerinfo\/\",\"logo\":{\"@type\":\"ImageObject\",\"inLanguage\":\"fr-FR\",\"@id\":\"https:\/\/vosgesinfo.fr\/gerardmerinfo\/#\/schema\/logo\/image\/\",\"url\":\"https:\/\/vosgesinfo.fr\/app\/uploads\/sites\/6\/2023\/08\/favicon-gerardmerinfo.png\",\"contentUrl\":\"https:\/\/vosgesinfo.fr\/app\/uploads\/sites\/6\/2023\/08\/favicon-gerardmerinfo.png\",\"width\":512,\"height\":512,\"caption\":\"Gerardmer Info\"},\"image\":{\"@id\":\"https:\/\/vosgesinfo.fr\/gerardmerinfo\/#\/schema\/logo\/image\/\"},\"sameAs\":[\"https:\/\/www.facebook.com\/profile.php?id=100049475262660\",\"https:\/\/x.com\/VosgesInfo88\",\"https:\/\/www.youtube.com\/@vosgesinfo\"]},{\"@type\":\"Person\",\"@id\":\"https:\/\/vosgesinfo.fr\/gerardmerinfo\/#\/schema\/person\/db5605779a843dad16b5368f3e7613a5\",\"name\":\"QG\",\"image\":{\"@type\":\"ImageObject\",\"inLanguage\":\"fr-FR\",\"@id\":\"https:\/\/vosgesinfo.fr\/gerardmerinfo\/#\/schema\/person\/image\/\",\"url\":\"https:\/\/secure.gravatar.com\/avatar\/ea80c42c204b534408512832fde52504ecabb9706bcb6151cf6175e5b64e6793?s=96&d=mm&r=g\",\"contentUrl\":\"https:\/\/secure.gravatar.com\/avatar\/ea80c42c204b534408512832fde52504ecabb9706bcb6151cf6175e5b64e6793?s=96&d=mm&r=g\",\"caption\":\"QG\"},\"url\":\"https:\/\/vosgesinfo.fr\/gerardmerinfo\/author\/quentin88\/\"}]}<\/script>\n<!-- \/ Yoast SEO plugin. -->","yoast_head_json":{"title":"Cet hiver, suivez la schlitte, les Cerc\u00eays ou les Lattes - Gerardmer Info","robots":{"index":"index","follow":"follow","max-snippet":"max-snippet:-1","max-image-preview":"max-image-preview:large","max-video-preview":"max-video-preview:-1"},"canonical":"https:\/\/vosgesinfo.fr\/gerardmerinfo\/2019\/11\/cet-hiver-suivez-schlitte-cerceys-lattes\/","twitter_card":"summary_large_image","twitter_title":"Cet hiver, suivez la schlitte, les Cerc\u00eays ou les Lattes - Gerardmer Info","twitter_description":"Les nouveaux panneaux r\u00e9alis\u00e9s par un groupe de jeunes G\u00e9r\u00f4mois pour identifier les circuits raquettes des Bas Rupts viennent d&rsquo;\u00eatre [&hellip;]","twitter_image":"https:\/\/vosgesinfo.fr\/app\/uploads\/sites\/6\/2024\/07\/201911sentiers-raquettes-chantier-jeunes-bas-rupts-2.jpg","twitter_creator":"@VosgesInfo88","twitter_site":"@VosgesInfo88","twitter_misc":{"\u00c9crit par":"QG","Dur\u00e9e de lecture estim\u00e9e":"2 minutes"},"schema":{"@context":"https:\/\/schema.org","@graph":[{"@type":"Article","@id":"https:\/\/vosgesinfo.fr\/gerardmerinfo\/2019\/11\/cet-hiver-suivez-schlitte-cerceys-lattes\/#article","isPartOf":{"@id":"https:\/\/vosgesinfo.fr\/gerardmerinfo\/2019\/11\/cet-hiver-suivez-schlitte-cerceys-lattes\/"},"author":{"name":"QG","@id":"https:\/\/vosgesinfo.fr\/gerardmerinfo\/#\/schema\/person\/db5605779a843dad16b5368f3e7613a5"},"headline":"Cet hiver, suivez la schlitte, les Cerc\u00eays ou les Lattes","datePublished":"2019-11-13T15:34:48+00:00","dateModified":"2019-11-13T15:34:48+00:00","mainEntityOfPage":{"@id":"https:\/\/vosgesinfo.fr\/gerardmerinfo\/2019\/11\/cet-hiver-suivez-schlitte-cerceys-lattes\/"},"wordCount":509,"commentCount":0,"publisher":{"@id":"https:\/\/vosgesinfo.fr\/gerardmerinfo\/#organization"},"image":{"@id":"https:\/\/vosgesinfo.fr\/gerardmerinfo\/2019\/11\/cet-hiver-suivez-schlitte-cerceys-lattes\/#primaryimage"},"thumbnailUrl":"https:\/\/vosgesinfo.fr\/app\/uploads\/sites\/6\/2024\/07\/201911sentiers-raquettes-chantier-jeunes-bas-rupts-2.jpg","keywords":["chantier jeunes","domaine skiable des bas rupts","Drosera"],"articleSection":["A la une","Culture","G\u00e9rardmer"],"inLanguage":"fr-FR","potentialAction":[{"@type":"CommentAction","name":"Comment","target":["https:\/\/vosgesinfo.fr\/gerardmerinfo\/2019\/11\/cet-hiver-suivez-schlitte-cerceys-lattes\/#respond"]}]},{"@type":"WebPage","@id":"https:\/\/vosgesinfo.fr\/gerardmerinfo\/2019\/11\/cet-hiver-suivez-schlitte-cerceys-lattes\/","url":"https:\/\/vosgesinfo.fr\/gerardmerinfo\/2019\/11\/cet-hiver-suivez-schlitte-cerceys-lattes\/","name":"Cet hiver, suivez la schlitte, les Cerc\u00eays ou les Lattes - Gerardmer Info","isPartOf":{"@id":"https:\/\/vosgesinfo.fr\/gerardmerinfo\/#website"},"primaryImageOfPage":{"@id":"https:\/\/vosgesinfo.fr\/gerardmerinfo\/2019\/11\/cet-hiver-suivez-schlitte-cerceys-lattes\/#primaryimage"},"image":{"@id":"https:\/\/vosgesinfo.fr\/gerardmerinfo\/2019\/11\/cet-hiver-suivez-schlitte-cerceys-lattes\/#primaryimage"},"thumbnailUrl":"https:\/\/vosgesinfo.fr\/app\/uploads\/sites\/6\/2024\/07\/201911sentiers-raquettes-chantier-jeunes-bas-rupts-2.jpg","datePublished":"2019-11-13T15:34:48+00:00","dateModified":"2019-11-13T15:34:48+00:00","breadcrumb":{"@id":"https:\/\/vosgesinfo.fr\/gerardmerinfo\/2019\/11\/cet-hiver-suivez-schlitte-cerceys-lattes\/#breadcrumb"},"inLanguage":"fr-FR","potentialAction":[{"@type":"ReadAction","target":["https:\/\/vosgesinfo.fr\/gerardmerinfo\/2019\/11\/cet-hiver-suivez-schlitte-cerceys-lattes\/"]}]},{"@type":"ImageObject","inLanguage":"fr-FR","@id":"https:\/\/vosgesinfo.fr\/gerardmerinfo\/2019\/11\/cet-hiver-suivez-schlitte-cerceys-lattes\/#primaryimage","url":"https:\/\/vosgesinfo.fr\/app\/uploads\/sites\/6\/2024\/07\/201911sentiers-raquettes-chantier-jeunes-bas-rupts-2.jpg","contentUrl":"https:\/\/vosgesinfo.fr\/app\/uploads\/sites\/6\/2024\/07\/201911sentiers-raquettes-chantier-jeunes-bas-rupts-2.jpg","width":800,"height":600},{"@type":"BreadcrumbList","@id":"https:\/\/vosgesinfo.fr\/gerardmerinfo\/2019\/11\/cet-hiver-suivez-schlitte-cerceys-lattes\/#breadcrumb","itemListElement":[{"@type":"ListItem","position":1,"name":"Home","item":"https:\/\/vosgesinfo.fr\/gerardmerinfo\/"},{"@type":"ListItem","position":2,"name":"Cet hiver, suivez la schlitte, les Cerc\u00eays ou les Lattes"}]},{"@type":"WebSite","@id":"https:\/\/vosgesinfo.fr\/gerardmerinfo\/#website","url":"https:\/\/vosgesinfo.fr\/gerardmerinfo\/","name":"Gerardmer Info","description":"Toute l&#039;actualit\u00e9 de G\u00e9rardmer","publisher":{"@id":"https:\/\/vosgesinfo.fr\/gerardmerinfo\/#organization"},"alternateName":"Toute l'actualit\u00e9 de G\u00e9rardmer","potentialAction":[{"@type":"SearchAction","target":{"@type":"EntryPoint","urlTemplate":"https:\/\/vosgesinfo.fr\/gerardmerinfo\/?s={search_term_string}"},"query-input":"required name=search_term_string"}],"inLanguage":"fr-FR"},{"@type":"Organization","@id":"https:\/\/vosgesinfo.fr\/gerardmerinfo\/#organization","name":"Gerardmer Info","url":"https:\/\/vosgesinfo.fr\/gerardmerinfo\/","logo":{"@type":"ImageObject","inLanguage":"fr-FR","@id":"https:\/\/vosgesinfo.fr\/gerardmerinfo\/#\/schema\/logo\/image\/","url":"https:\/\/vosgesinfo.fr\/app\/uploads\/sites\/6\/2023\/08\/favicon-gerardmerinfo.png","contentUrl":"https:\/\/vosgesinfo.fr\/app\/uploads\/sites\/6\/2023\/08\/favicon-gerardmerinfo.png","width":512,"height":512,"caption":"Gerardmer Info"},"image":{"@id":"https:\/\/vosgesinfo.fr\/gerardmerinfo\/#\/schema\/logo\/image\/"},"sameAs":["https:\/\/www.facebook.com\/profile.php?id=100049475262660","https:\/\/x.com\/VosgesInfo88","https:\/\/www.youtube.com\/@vosgesinfo"]},{"@type":"Person","@id":"https:\/\/vosgesinfo.fr\/gerardmerinfo\/#\/schema\/person\/db5605779a843dad16b5368f3e7613a5","name":"QG","image":{"@type":"ImageObject","inLanguage":"fr-FR","@id":"https:\/\/vosgesinfo.fr\/gerardmerinfo\/#\/schema\/person\/image\/","url":"https:\/\/secure.gravatar.com\/avatar\/ea80c42c204b534408512832fde52504ecabb9706bcb6151cf6175e5b64e6793?s=96&d=mm&r=g","contentUrl":"https:\/\/secure.gravatar.com\/avatar\/ea80c42c204b534408512832fde52504ecabb9706bcb6151cf6175e5b64e6793?s=96&d=mm&r=g","caption":"QG"},"url":"https:\/\/vosgesinfo.fr\/gerardmerinfo\/author\/quentin88\/"}]}},"_links":{"self":[{"href":"https:\/\/vosgesinfo.fr\/gerardmerinfo\/wp-json\/wp\/v2\/posts\/45089","targetHints":{"allow":["GET"]}}],"collection":[{"href":"https:\/\/vosgesinfo.fr\/gerardmerinfo\/wp-json\/wp\/v2\/posts"}],"about":[{"href":"https:\/\/vosgesinfo.fr\/gerardmerinfo\/wp-json\/wp\/v2\/types\/post"}],"author":[{"embeddable":true,"href":"https:\/\/vosgesinfo.fr\/gerardmerinfo\/wp-json\/wp\/v2\/users\/42"}],"replies":[{"embeddable":true,"href":"https:\/\/vosgesinfo.fr\/gerardmerinfo\/wp-json\/wp\/v2\/comments?post=45089"}],"version-history":[{"count":0,"href":"https:\/\/vosgesinfo.fr\/gerardmerinfo\/wp-json\/wp\/v2\/posts\/45089\/revisions"}],"wp:featuredmedia":[{"embeddable":true,"href":"https:\/\/vosgesinfo.fr\/gerardmerinfo\/wp-json\/wp\/v2\/media\/45090"}],"wp:attachment":[{"href":"https:\/\/vosgesinfo.fr\/gerardmerinfo\/wp-json\/wp\/v2\/media?parent=45089"}],"wp:term":[{"taxonomy":"category","embeddable":true,"href":"https:\/\/vosgesinfo.fr\/gerardmerinfo\/wp-json\/wp\/v2\/categories?post=45089"},{"taxonomy":"post_tag","embeddable":true,"href":"https:\/\/vosgesinfo.fr\/gerardmerinfo\/wp-json\/wp\/v2\/tags?post=45089"}],"curies":[{"name":"wp","href":"https:\/\/api.w.org\/{rel}","templated":true}]}}