{"id":45106,"date":"2019-11-14T15:48:36","date_gmt":"2019-11-14T14:48:36","guid":{"rendered":"https:\/\/vosgesinfo.fr\/gerardmerinfo\/2019\/11\/mois-film-documentaire-moment-a-mediatheque\/"},"modified":"2019-11-14T15:48:36","modified_gmt":"2019-11-14T14:48:36","slug":"mois-film-documentaire-moment-a-mediatheque","status":"publish","type":"post","link":"https:\/\/vosgesinfo.fr\/gerardmerinfo\/2019\/11\/mois-film-documentaire-moment-a-mediatheque\/","title":{"rendered":"Le mois du film documentaire en ce moment \u00e0 la m\u00e9diath\u00e8que"},"content":{"rendered":"<h3><a href=\"\/2019\/11\/Panorama3.jpg\"><img decoding=\"async\" class=\"aligncenter size-full wp-image-155558\" src=\"\/2019\/11\/Panorama3.jpg\" alt=\"mois du film documentaire\" width=\"800\" height=\"364\" \/><\/a><\/h3>\n<h3>Dans\u00a0le\u00a0cadre\u00a0du\u00a0Mois\u00a0du\u00a0Film\u00a0Documentaire\u00a0et\u00a0des\u00a0Rencontres\u00a0Avec\u00a0la\u00a0For\u00eat,\u00a0la\u00a0M\u00e9diath\u00e8que\u00a0vous\u00a0propose\u00a0deux\u00a0projections\u00a0in\u00e9dites\u00a0:<\/h3>\n<p>Vendredi\u00a015\u00a0novembre\u00a0\u00e0\u00a018h\u00a0:\u00a0BAKA<br \/>\nSamedi\u00a016\u00a0novembre\u00a0\u00e0\u00a017h\u00a0:\u00a0LES\u00a0VOIX\u00a0DE\u00a0LA\u00a0MONTAGNE<\/p>\n<p><strong>Plus\u00a0d&rsquo;infos\u00a0ci\u00a0dessous\u00a0:\u00a0<\/strong><\/p>\n<p>Baka\u00a0film\u00a0documentaire\u00a0de\u00a0T.\u00a0Knauff\u00a0\/\u00a01995\u00a0\/\u00a0noir\u00a0&amp;\u00a0blanc\u00a0(55\u00a0min.)<br \/>\n\u00ab\u00a0Dans\u00a0la\u00a0for\u00eat\u00a0\u00e9quatoriale,\u00a0au\u00a0sud-est\u00a0du\u00a0Cameroun,\u00a0vivent\u00a0les\u00a0pygm\u00e9es\u00a0Baka.\u00a0Pour\u00a0se\u00a0nommer\u00a0ils\u00a0ont\u00a0choisi\u00a0un\u00a0mot\u00a0qui\u00a0signifie\u00a0le\u00a0geste\u00a0de\u00a0l&rsquo;oiseau\u00a0qui\u00a0se\u00a0pose\u00a0sur\u00a0la\u00a0branche.\u00a0Quand\u00a0les\u00a0baies\u00a0ont\u00a0\u00e9t\u00e9\u00a0mang\u00e9es,\u00a0l&rsquo;oiseau\u00a0chante\u00a0l&rsquo;arbre\u00a0pour\u00a0le\u00a0remercier,\u00a0puis\u00a0il\u00a0s&rsquo;envole\u00a0vers\u00a0d&rsquo;autres\u00a0arbres.\u00a0\u00bb\u00a0C&rsquo;est\u00a0tout\u00a0ce\u00a0que\u00a0Thierry\u00a0Knauff\u00a0nous\u00a0dira\u00a0des\u00a0Baka,\u00a0pr\u00e9f\u00e9rant\u00a0laisser\u00a0parler\u00a0de\u00a0somptueuses\u00a0images.<br \/>\nCe\u00a0document\u00a0ethnologique\u00a0montre\u00a0par\u00a0le\u00a0d\u00e9tail\u00a0la\u00a0fabrication\u00a0des\u00a0abris\u00a0de\u00a0feuilles,\u00a0celle\u00a0du\u00a0poison\u00a0et\u00a0des\u00a0fl\u00e8ches.\u00a0On\u00a0assiste\u00a0aux\u00a0sorties\u00a0des\u00a0chasseurs,\u00a0aux\u00a0s\u00e9ances\u00a0de\u00a0contes,\u00a0danses\u00a0de\u00a0masques\u00a0et\u00a0tambours\u00a0d&rsquo;eau.\u00a0On\u00a0apprend\u00a0le\u00a0geste\u00a0r\u00e9gulier\u00a0de\u00a0l&rsquo;\u00e9claireur\u00a0ouvrant\u00a0la\u00a0piste\u00a0\u00e0\u00a0coups\u00a0de\u00a0machette&#8230;\u00a0Mais\u00a0ce\u00a0film\u00a0est\u00a0avant\u00a0tout\u00a0un\u00a0splendide\u00a0po\u00e8me\u00a0noir\u00a0et\u00a0blanc,\u00a0o\u00f9\u00a0les\u00a0zooms\u00a0tr\u00e8s\u00a0lents\u00a0et\u00a0les\u00a0travellings\u00a0accomplissent\u00a0l&rsquo;impossible\u00a0:\u00a0nous\u00a0faire\u00a0sentir\u00a0l&rsquo;immensit\u00e9\u00a0de\u00a0la\u00a0for\u00eat\u00a0et\u00a0la\u00a0petitesse\u00a0des\u00a0hommes\u00a0qui\u00a0vivent\u00a0en\u00a0son\u00a0coeur,\u00a0\u00e0\u00a0l&rsquo;\u00e9cart\u00a0de\u00a0ce\u00a0que\u00a0l&rsquo;on\u00a0nomme\u00a0\u00ab\u00a0civilisation\u00a0\u00bb.\u00a0C&rsquo;est\u00a0cette\u00a0utopie\u00a0de\u00a0l&rsquo;homme\u00a0en\u00a0osmose\u00a0avec\u00a0la\u00a0nature\u00a0que\u00a0l&rsquo;auteur\u00a0nous\u00a0invite\u00a0\u00e0\u00a0partager\u00a0ici,\u00a0en\u00a0\u00e9vitant\u00a0toute\u00a0\u00e9vocation\u00a0du\u00a0monde\u00a0ext\u00e9rieur.\u00a0\u00bb<\/p>\n<p>La\u00a0voix\u00a0de\u00a0la\u00a0montagne,\u00a0film\u00a0documentaire\u00a0de\u00a0F.\u00a0Jah\u00e9n\u00a0\/\u00a01996\u00a0\/\u00a0couleur\u00a0(51\u00a0min.)<br \/>\nAux\u00a0alentours\u00a0d&rsquo;un\u00a0village\u00a0de\u00a0Haute-Corse,\u00a0un\u00a0anthropologue\u00a0chasseur\u00a0de\u00a0sons\u00a0enregistre\u00a0les\u00a0bruits\u00a0de\u00a0la\u00a0nature\u00a0et\u00a0recueille\u00a0les\u00a0chants\u00a0monodiques\u00a0des\u00a0travailleurs\u00a0de\u00a0la\u00a0for\u00eat,\u00a0derniers\u00a0d\u00e9positaires\u00a0d&rsquo;une\u00a0culture\u00a0montagnarde\u00a0en\u00a0voie\u00a0de\u00a0disparition.\u00a0Le\u00a0film\u00a0rend\u00a0compte\u00a0de\u00a0cette\u00a0approche\u00a0respectueuse\u00a0et\u00a0savante\u00a0qui\u00a0r\u00e9ussit\u00a0\u00e0\u00a0rompre\u00a0le\u00a0silence\u00a0de\u00a0po\u00e8tes-b\u00fbcherons\u00a0jaloux\u00a0de\u00a0leurs\u00a0secrets.<br \/>\nLes\u00a0traditions\u00a0vocales\u00a0corses\u00a0a\u00a0capella\u00a0se\u00a0partagent\u00a0entre\u00a0monodies\u00a0et\u00a0polyphonies,\u00a0profanes\u00a0ou\u00a0sacr\u00e9es.\u00a0Les\u00a0monodies\u00a0des\u00a0bergers,\u00a0chasseurs,\u00a0muletiers,\u00a0cultivateurs,\u00a0charbonniers\u00a0et\u00a0bandits,\u00a0se\u00a0sont\u00a0transmises\u00a0dans\u00a0les\u00a0r\u00e9gions\u00a0isol\u00e9es,\u00a0pr\u00e8s\u00a0d&rsquo;un\u00a0feu\u00a0de\u00a0bruy\u00e8re\u00a0ou\u00a0sur\u00a0un\u00a0sentier\u00a0escarp\u00e9.\u00a0Rythmant\u00a0les\u00a0travaux\u00a0et\u00a0les\u00a0jours,\u00a0elles\u00a0s&rsquo;inspirent\u00a0des\u00a0sons\u00a0de\u00a0la\u00a0nature\u00a0et\u00a0des\u00a0objets\u00a0domestiques,\u00a0et\u00a0conservent\u00a0le\u00a0souvenir\u00a0des\u00a0\u00e9v\u00e9nements\u00a0qui\u00a0ont\u00a0marqu\u00e9\u00a0la\u00a0communaut\u00e9.\u00a0Au\u00a0comptoir\u00a0d&rsquo;un\u00a0caf\u00e9\u00a0de\u00a0village,\u00a0elles\u00a0sont\u00a0improvis\u00e9es\u00a0par\u00a0deux\u00a0chanteurs\u00a0occasionnels\u00a0pour\u00a0c\u00e9l\u00e9brer\u00a0les\u00a0vertus\u00a0de\u00a0l&rsquo;amiti\u00e9.\u00a0Mais\u00a0cet\u00a0art\u00a0ancestral\u00a0li\u00e9\u00a0\u00e0\u00a0une\u00a0vie\u00a0trop\u00a0rude\u00a0fait\u00a0partie\u00a0des\u00a0valeurs\u00a0d\u00e9laiss\u00e9es\u00a0par\u00a0la\u00a0jeunesse.\u00a0D\u00e9pourvu\u00a0de\u00a0toute\u00a0condescendance\u00a0folkloriste,\u00a0ce\u00a0film\u00a0saisit\u00a0les\u00a0traces\u00a0ultimes\u00a0d&rsquo;une\u00a0tradition\u00a0condamn\u00e9e.<\/p>\n","protected":false},"excerpt":{"rendered":"<p>Dans\u00a0le\u00a0cadre\u00a0du\u00a0Mois\u00a0du\u00a0Film\u00a0Documentaire\u00a0et\u00a0des\u00a0Rencontres\u00a0Avec\u00a0la\u00a0For\u00eat,\u00a0la\u00a0M\u00e9diath\u00e8que\u00a0vous\u00a0propose\u00a0deux\u00a0projections\u00a0in\u00e9dites\u00a0: Vendredi\u00a015\u00a0novembre\u00a0\u00e0\u00a018h\u00a0:\u00a0BAKA Samedi\u00a016\u00a0novembre\u00a0\u00e0\u00a017h\u00a0:\u00a0LES\u00a0VOIX\u00a0DE\u00a0LA\u00a0MONTAGNE Plus\u00a0d&rsquo;infos\u00a0ci\u00a0dessous\u00a0:\u00a0 Baka\u00a0film\u00a0documentaire\u00a0de\u00a0T.\u00a0Knauff\u00a0\/\u00a01995\u00a0\/\u00a0noir\u00a0&amp;\u00a0blanc\u00a0(55\u00a0min.) \u00ab\u00a0Dans\u00a0la\u00a0for\u00eat\u00a0\u00e9quatoriale,\u00a0au\u00a0sud-est\u00a0du\u00a0Cameroun,\u00a0vivent\u00a0les\u00a0pygm\u00e9es\u00a0Baka.\u00a0Pour\u00a0se\u00a0nommer\u00a0ils\u00a0ont\u00a0choisi\u00a0un\u00a0mot\u00a0qui\u00a0signifie\u00a0le\u00a0geste\u00a0de\u00a0l&rsquo;oiseau\u00a0qui\u00a0se\u00a0pose\u00a0sur\u00a0la\u00a0branche.\u00a0Quand\u00a0les\u00a0baies\u00a0ont\u00a0\u00e9t\u00e9\u00a0mang\u00e9es,\u00a0l&rsquo;oiseau\u00a0chante\u00a0l&rsquo;arbre\u00a0pour\u00a0le\u00a0remercier,\u00a0puis\u00a0il\u00a0s&rsquo;envole\u00a0vers\u00a0d&rsquo;autres\u00a0arbres.\u00a0\u00bb\u00a0C&rsquo;est\u00a0tout\u00a0ce\u00a0que\u00a0Thierry\u00a0Knauff\u00a0nous\u00a0dira\u00a0des\u00a0Baka,\u00a0pr\u00e9f\u00e9rant\u00a0laisser\u00a0parler\u00a0de\u00a0somptueuses\u00a0images. Ce\u00a0document\u00a0ethnologique\u00a0montre\u00a0par\u00a0le\u00a0d\u00e9tail\u00a0la\u00a0fabrication\u00a0des\u00a0abris\u00a0de\u00a0feuilles,\u00a0celle\u00a0du\u00a0poison\u00a0et\u00a0des\u00a0fl\u00e8ches.\u00a0On\u00a0assiste\u00a0aux\u00a0sorties\u00a0des\u00a0chasseurs,\u00a0aux\u00a0s\u00e9ances\u00a0de\u00a0contes,\u00a0danses\u00a0de\u00a0masques\u00a0et\u00a0tambours\u00a0d&rsquo;eau.\u00a0On\u00a0apprend\u00a0le\u00a0geste\u00a0r\u00e9gulier\u00a0de\u00a0l&rsquo;\u00e9claireur\u00a0ouvrant\u00a0la\u00a0piste\u00a0\u00e0\u00a0coups\u00a0de\u00a0machette&#8230;\u00a0Mais\u00a0ce\u00a0film\u00a0est\u00a0avant\u00a0tout\u00a0un\u00a0splendide\u00a0po\u00e8me\u00a0noir\u00a0et\u00a0blanc,\u00a0o\u00f9\u00a0les\u00a0zooms\u00a0tr\u00e8s\u00a0lents\u00a0et\u00a0les\u00a0travellings\u00a0accomplissent\u00a0l&rsquo;impossible\u00a0:\u00a0nous\u00a0faire\u00a0sentir\u00a0l&rsquo;immensit\u00e9\u00a0de\u00a0la\u00a0for\u00eat\u00a0et\u00a0la\u00a0petitesse\u00a0des\u00a0hommes\u00a0qui\u00a0vivent\u00a0en\u00a0son\u00a0coeur,\u00a0\u00e0\u00a0l&rsquo;\u00e9cart\u00a0de\u00a0ce\u00a0que\u00a0l&rsquo;on\u00a0nomme\u00a0\u00ab\u00a0civilisation\u00a0\u00bb.\u00a0C&rsquo;est\u00a0cette\u00a0utopie\u00a0de\u00a0l&rsquo;homme\u00a0en\u00a0osmose\u00a0avec\u00a0la\u00a0nature\u00a0que\u00a0l&rsquo;auteur\u00a0nous\u00a0invite\u00a0\u00e0\u00a0partager\u00a0ici,\u00a0en\u00a0\u00e9vitant\u00a0toute\u00a0\u00e9vocation\u00a0du\u00a0monde\u00a0ext\u00e9rieur.\u00a0\u00bb La\u00a0voix\u00a0de\u00a0la\u00a0montagne,\u00a0film\u00a0documentaire\u00a0de\u00a0F.\u00a0Jah\u00e9n\u00a0\/\u00a01996\u00a0\/\u00a0couleur\u00a0(51\u00a0min.) Aux\u00a0alentours\u00a0d&rsquo;un\u00a0village\u00a0de\u00a0Haute-Corse,\u00a0un\u00a0anthropologue\u00a0chasseur\u00a0de\u00a0sons\u00a0enregistre\u00a0les\u00a0bruits\u00a0de\u00a0la\u00a0nature\u00a0et\u00a0recueille\u00a0les\u00a0chants\u00a0monodiques\u00a0des\u00a0travailleurs\u00a0de\u00a0la\u00a0for\u00eat,\u00a0derniers\u00a0d\u00e9positaires\u00a0d&rsquo;une\u00a0culture\u00a0montagnarde\u00a0en\u00a0voie\u00a0de\u00a0disparition.\u00a0Le\u00a0film\u00a0rend\u00a0compte\u00a0de\u00a0cette\u00a0approche\u00a0respectueuse\u00a0et\u00a0savante\u00a0qui\u00a0r\u00e9ussit\u00a0\u00e0\u00a0rompre\u00a0le\u00a0silence\u00a0de\u00a0po\u00e8tes-b\u00fbcherons\u00a0jaloux\u00a0de\u00a0leurs\u00a0secrets. Les\u00a0traditions\u00a0vocales\u00a0corses\u00a0a\u00a0capella\u00a0se\u00a0partagent\u00a0entre\u00a0monodies\u00a0et\u00a0polyphonies,\u00a0profanes\u00a0ou\u00a0sacr\u00e9es.\u00a0Les\u00a0monodies\u00a0des\u00a0bergers,\u00a0chasseurs,\u00a0muletiers,\u00a0cultivateurs,\u00a0charbonniers\u00a0et\u00a0bandits,\u00a0se\u00a0sont\u00a0transmises\u00a0dans\u00a0les\u00a0r\u00e9gions\u00a0isol\u00e9es,\u00a0pr\u00e8s\u00a0d&rsquo;un\u00a0feu\u00a0de\u00a0bruy\u00e8re\u00a0ou\u00a0sur\u00a0un\u00a0sentier\u00a0escarp\u00e9.\u00a0Rythmant\u00a0les\u00a0travaux\u00a0et\u00a0les\u00a0jours,\u00a0elles\u00a0s&rsquo;inspirent\u00a0des\u00a0sons\u00a0de\u00a0la\u00a0nature\u00a0et\u00a0des\u00a0objets\u00a0domestiques,\u00a0et\u00a0conservent\u00a0le\u00a0souvenir\u00a0des\u00a0\u00e9v\u00e9nements\u00a0qui\u00a0ont\u00a0marqu\u00e9\u00a0la\u00a0communaut\u00e9.\u00a0Au\u00a0comptoir\u00a0d&rsquo;un\u00a0caf\u00e9\u00a0de\u00a0village,\u00a0elles\u00a0sont\u00a0improvis\u00e9es\u00a0par\u00a0deux\u00a0chanteurs\u00a0occasionnels\u00a0pour\u00a0c\u00e9l\u00e9brer\u00a0les\u00a0vertus\u00a0de\u00a0l&rsquo;amiti\u00e9.\u00a0Mais\u00a0cet\u00a0art\u00a0ancestral\u00a0li\u00e9\u00a0\u00e0\u00a0une\u00a0vie\u00a0trop\u00a0rude\u00a0fait\u00a0partie\u00a0des\u00a0valeurs\u00a0d\u00e9laiss\u00e9es\u00a0par\u00a0la\u00a0jeunesse.\u00a0D\u00e9pourvu\u00a0de\u00a0toute\u00a0condescendance\u00a0folkloriste,\u00a0ce\u00a0film\u00a0saisit\u00a0les\u00a0traces\u00a0ultimes\u00a0d&rsquo;une\u00a0tradition\u00a0condamn\u00e9e.<\/p>\n","protected":false},"author":1,"featured_media":45107,"comment_status":"open","ping_status":"open","sticky":false,"template":"","format":"standard","meta":{"footnotes":""},"categories":[20,4],"tags":[153],"class_list":["post-45106","post","type-post","status-publish","format-standard","has-post-thumbnail","hentry","category-a-la-une","category-culture","tag-mediatheque-du-tilleul"],"acf":[],"yoast_head":"<!-- This site is optimized with the Yoast SEO plugin v22.5 - https:\/\/yoast.com\/wordpress\/plugins\/seo\/ -->\n<title>Le mois du film documentaire en ce moment \u00e0 la m\u00e9diath\u00e8que - Gerardmer Info<\/title>\n<meta name=\"robots\" content=\"index, follow, max-snippet:-1, max-image-preview:large, max-video-preview:-1\" \/>\n<link rel=\"canonical\" href=\"https:\/\/vosgesinfo.fr\/gerardmerinfo\/2019\/11\/mois-film-documentaire-moment-a-mediatheque\/\" \/>\n<meta name=\"twitter:card\" content=\"summary_large_image\" \/>\n<meta name=\"twitter:title\" content=\"Le mois du film documentaire en ce moment \u00e0 la m\u00e9diath\u00e8que - Gerardmer Info\" \/>\n<meta name=\"twitter:description\" content=\"Dans\u00a0le\u00a0cadre\u00a0du\u00a0Mois\u00a0du\u00a0Film\u00a0Documentaire\u00a0et\u00a0des\u00a0Rencontres\u00a0Avec\u00a0la\u00a0For\u00eat,\u00a0la\u00a0M\u00e9diath\u00e8que\u00a0vous\u00a0propose\u00a0deux\u00a0projections\u00a0in\u00e9dites\u00a0: Vendredi\u00a015\u00a0novembre\u00a0\u00e0\u00a018h\u00a0:\u00a0BAKA Samedi\u00a016\u00a0novembre\u00a0\u00e0\u00a017h\u00a0:\u00a0LES\u00a0VOIX\u00a0DE\u00a0LA\u00a0MONTAGNE Plus\u00a0d&rsquo;infos\u00a0ci\u00a0dessous\u00a0:\u00a0 Baka\u00a0film\u00a0documentaire\u00a0de\u00a0T.\u00a0Knauff\u00a0\/\u00a01995\u00a0\/\u00a0noir\u00a0&amp;\u00a0blanc\u00a0(55\u00a0min.) \u00ab\u00a0Dans\u00a0la\u00a0for\u00eat\u00a0\u00e9quatoriale,\u00a0au\u00a0sud-est\u00a0du\u00a0Cameroun,\u00a0vivent\u00a0les\u00a0pygm\u00e9es\u00a0Baka.\u00a0Pour\u00a0se\u00a0nommer\u00a0ils\u00a0ont\u00a0choisi\u00a0un\u00a0mot\u00a0qui\u00a0signifie\u00a0le\u00a0geste\u00a0de\u00a0l&rsquo;oiseau\u00a0qui\u00a0se\u00a0pose\u00a0sur\u00a0la\u00a0branche.\u00a0Quand\u00a0les\u00a0baies\u00a0ont\u00a0\u00e9t\u00e9\u00a0mang\u00e9es,\u00a0l&rsquo;oiseau\u00a0chante\u00a0l&rsquo;arbre\u00a0pour\u00a0le\u00a0remercier,\u00a0puis\u00a0il\u00a0s&rsquo;envole\u00a0vers\u00a0d&rsquo;autres\u00a0arbres.\u00a0\u00bb\u00a0C&rsquo;est\u00a0tout\u00a0ce\u00a0que\u00a0Thierry\u00a0Knauff\u00a0nous\u00a0dira\u00a0des\u00a0Baka,\u00a0pr\u00e9f\u00e9rant\u00a0laisser\u00a0parler\u00a0de\u00a0somptueuses\u00a0images. Ce\u00a0document\u00a0ethnologique\u00a0montre\u00a0par\u00a0le\u00a0d\u00e9tail\u00a0la\u00a0fabrication\u00a0des\u00a0abris\u00a0de\u00a0feuilles,\u00a0celle\u00a0du\u00a0poison\u00a0et\u00a0des\u00a0fl\u00e8ches.\u00a0On\u00a0assiste\u00a0aux\u00a0sorties\u00a0des\u00a0chasseurs,\u00a0aux\u00a0s\u00e9ances\u00a0de\u00a0contes,\u00a0danses\u00a0de\u00a0masques\u00a0et\u00a0tambours\u00a0d&rsquo;eau.\u00a0On\u00a0apprend\u00a0le\u00a0geste\u00a0r\u00e9gulier\u00a0de\u00a0l&rsquo;\u00e9claireur\u00a0ouvrant\u00a0la\u00a0piste\u00a0\u00e0\u00a0coups\u00a0de\u00a0machette&#8230;\u00a0Mais\u00a0ce\u00a0film\u00a0est\u00a0avant\u00a0tout\u00a0un\u00a0splendide\u00a0po\u00e8me\u00a0noir\u00a0et\u00a0blanc,\u00a0o\u00f9\u00a0les\u00a0zooms\u00a0tr\u00e8s\u00a0lents\u00a0et\u00a0les\u00a0travellings\u00a0accomplissent\u00a0l&rsquo;impossible\u00a0:\u00a0nous\u00a0faire\u00a0sentir\u00a0l&rsquo;immensit\u00e9\u00a0de\u00a0la\u00a0for\u00eat\u00a0et\u00a0la\u00a0petitesse\u00a0des\u00a0hommes\u00a0qui\u00a0vivent\u00a0en\u00a0son\u00a0coeur,\u00a0\u00e0\u00a0l&rsquo;\u00e9cart\u00a0de\u00a0ce\u00a0que\u00a0l&rsquo;on\u00a0nomme\u00a0\u00ab\u00a0civilisation\u00a0\u00bb.\u00a0C&rsquo;est\u00a0cette\u00a0utopie\u00a0de\u00a0l&rsquo;homme\u00a0en\u00a0osmose\u00a0avec\u00a0la\u00a0nature\u00a0que\u00a0l&rsquo;auteur\u00a0nous\u00a0invite\u00a0\u00e0\u00a0partager\u00a0ici,\u00a0en\u00a0\u00e9vitant\u00a0toute\u00a0\u00e9vocation\u00a0du\u00a0monde\u00a0ext\u00e9rieur.\u00a0\u00bb La\u00a0voix\u00a0de\u00a0la\u00a0montagne,\u00a0film\u00a0documentaire\u00a0de\u00a0F.\u00a0Jah\u00e9n\u00a0\/\u00a01996\u00a0\/\u00a0couleur\u00a0(51\u00a0min.) Aux\u00a0alentours\u00a0d&rsquo;un\u00a0village\u00a0de\u00a0Haute-Corse,\u00a0un\u00a0anthropologue\u00a0chasseur\u00a0de\u00a0sons\u00a0enregistre\u00a0les\u00a0bruits\u00a0de\u00a0la\u00a0nature\u00a0et\u00a0recueille\u00a0les\u00a0chants\u00a0monodiques\u00a0des\u00a0travailleurs\u00a0de\u00a0la\u00a0for\u00eat,\u00a0derniers\u00a0d\u00e9positaires\u00a0d&rsquo;une\u00a0culture\u00a0montagnarde\u00a0en\u00a0voie\u00a0de\u00a0disparition.\u00a0Le\u00a0film\u00a0rend\u00a0compte\u00a0de\u00a0cette\u00a0approche\u00a0respectueuse\u00a0et\u00a0savante\u00a0qui\u00a0r\u00e9ussit\u00a0\u00e0\u00a0rompre\u00a0le\u00a0silence\u00a0de\u00a0po\u00e8tes-b\u00fbcherons\u00a0jaloux\u00a0de\u00a0leurs\u00a0secrets. Les\u00a0traditions\u00a0vocales\u00a0corses\u00a0a\u00a0capella\u00a0se\u00a0partagent\u00a0entre\u00a0monodies\u00a0et\u00a0polyphonies,\u00a0profanes\u00a0ou\u00a0sacr\u00e9es.\u00a0Les\u00a0monodies\u00a0des\u00a0bergers,\u00a0chasseurs,\u00a0muletiers,\u00a0cultivateurs,\u00a0charbonniers\u00a0et\u00a0bandits,\u00a0se\u00a0sont\u00a0transmises\u00a0dans\u00a0les\u00a0r\u00e9gions\u00a0isol\u00e9es,\u00a0pr\u00e8s\u00a0d&rsquo;un\u00a0feu\u00a0de\u00a0bruy\u00e8re\u00a0ou\u00a0sur\u00a0un\u00a0sentier\u00a0escarp\u00e9.\u00a0Rythmant\u00a0les\u00a0travaux\u00a0et\u00a0les\u00a0jours,\u00a0elles\u00a0s&rsquo;inspirent\u00a0des\u00a0sons\u00a0de\u00a0la\u00a0nature\u00a0et\u00a0des\u00a0objets\u00a0domestiques,\u00a0et\u00a0conservent\u00a0le\u00a0souvenir\u00a0des\u00a0\u00e9v\u00e9nements\u00a0qui\u00a0ont\u00a0marqu\u00e9\u00a0la\u00a0communaut\u00e9.\u00a0Au\u00a0comptoir\u00a0d&rsquo;un\u00a0caf\u00e9\u00a0de\u00a0village,\u00a0elles\u00a0sont\u00a0improvis\u00e9es\u00a0par\u00a0deux\u00a0chanteurs\u00a0occasionnels\u00a0pour\u00a0c\u00e9l\u00e9brer\u00a0les\u00a0vertus\u00a0de\u00a0l&rsquo;amiti\u00e9.\u00a0Mais\u00a0cet\u00a0art\u00a0ancestral\u00a0li\u00e9\u00a0\u00e0\u00a0une\u00a0vie\u00a0trop\u00a0rude\u00a0fait\u00a0partie\u00a0des\u00a0valeurs\u00a0d\u00e9laiss\u00e9es\u00a0par\u00a0la\u00a0jeunesse.\u00a0D\u00e9pourvu\u00a0de\u00a0toute\u00a0condescendance\u00a0folkloriste,\u00a0ce\u00a0film\u00a0saisit\u00a0les\u00a0traces\u00a0ultimes\u00a0d&rsquo;une\u00a0tradition\u00a0condamn\u00e9e.\" \/>\n<meta name=\"twitter:image\" content=\"https:\/\/vosgesinfo.fr\/app\/uploads\/sites\/6\/2024\/07\/201911panorama3.jpg\" \/>\n<meta name=\"twitter:creator\" content=\"@VosgesInfo88\" \/>\n<meta name=\"twitter:site\" content=\"@VosgesInfo88\" \/>\n<meta name=\"twitter:label1\" content=\"\u00c9crit par\" \/>\n\t<meta name=\"twitter:data1\" content=\"qs_admin\" \/>\n\t<meta name=\"twitter:label2\" content=\"Dur\u00e9e de lecture estim\u00e9e\" \/>\n\t<meta name=\"twitter:data2\" content=\"2 minutes\" \/>\n<script type=\"application\/ld+json\" class=\"yoast-schema-graph\">{\"@context\":\"https:\/\/schema.org\",\"@graph\":[{\"@type\":\"Article\",\"@id\":\"https:\/\/vosgesinfo.fr\/gerardmerinfo\/2019\/11\/mois-film-documentaire-moment-a-mediatheque\/#article\",\"isPartOf\":{\"@id\":\"https:\/\/vosgesinfo.fr\/gerardmerinfo\/2019\/11\/mois-film-documentaire-moment-a-mediatheque\/\"},\"author\":{\"name\":\"qs_admin\",\"@id\":\"https:\/\/vosgesinfo.fr\/gerardmerinfo\/#\/schema\/person\/bc5d02d71e6932e81b6dadb7386667b1\"},\"headline\":\"Le mois du film documentaire en ce moment \u00e0 la m\u00e9diath\u00e8que\",\"datePublished\":\"2019-11-14T14:48:36+00:00\",\"dateModified\":\"2019-11-14T14:48:36+00:00\",\"mainEntityOfPage\":{\"@id\":\"https:\/\/vosgesinfo.fr\/gerardmerinfo\/2019\/11\/mois-film-documentaire-moment-a-mediatheque\/\"},\"wordCount\":490,\"commentCount\":0,\"publisher\":{\"@id\":\"https:\/\/vosgesinfo.fr\/gerardmerinfo\/#organization\"},\"image\":{\"@id\":\"https:\/\/vosgesinfo.fr\/gerardmerinfo\/2019\/11\/mois-film-documentaire-moment-a-mediatheque\/#primaryimage\"},\"thumbnailUrl\":\"https:\/\/vosgesinfo.fr\/app\/uploads\/sites\/6\/2024\/07\/201911panorama3.jpg\",\"keywords\":[\"m\u00e9diath\u00e8que du tilleul\"],\"articleSection\":[\"A la une\",\"Culture\"],\"inLanguage\":\"fr-FR\",\"potentialAction\":[{\"@type\":\"CommentAction\",\"name\":\"Comment\",\"target\":[\"https:\/\/vosgesinfo.fr\/gerardmerinfo\/2019\/11\/mois-film-documentaire-moment-a-mediatheque\/#respond\"]}]},{\"@type\":\"WebPage\",\"@id\":\"https:\/\/vosgesinfo.fr\/gerardmerinfo\/2019\/11\/mois-film-documentaire-moment-a-mediatheque\/\",\"url\":\"https:\/\/vosgesinfo.fr\/gerardmerinfo\/2019\/11\/mois-film-documentaire-moment-a-mediatheque\/\",\"name\":\"Le mois du film documentaire en ce moment \u00e0 la m\u00e9diath\u00e8que - Gerardmer Info\",\"isPartOf\":{\"@id\":\"https:\/\/vosgesinfo.fr\/gerardmerinfo\/#website\"},\"primaryImageOfPage\":{\"@id\":\"https:\/\/vosgesinfo.fr\/gerardmerinfo\/2019\/11\/mois-film-documentaire-moment-a-mediatheque\/#primaryimage\"},\"image\":{\"@id\":\"https:\/\/vosgesinfo.fr\/gerardmerinfo\/2019\/11\/mois-film-documentaire-moment-a-mediatheque\/#primaryimage\"},\"thumbnailUrl\":\"https:\/\/vosgesinfo.fr\/app\/uploads\/sites\/6\/2024\/07\/201911panorama3.jpg\",\"datePublished\":\"2019-11-14T14:48:36+00:00\",\"dateModified\":\"2019-11-14T14:48:36+00:00\",\"breadcrumb\":{\"@id\":\"https:\/\/vosgesinfo.fr\/gerardmerinfo\/2019\/11\/mois-film-documentaire-moment-a-mediatheque\/#breadcrumb\"},\"inLanguage\":\"fr-FR\",\"potentialAction\":[{\"@type\":\"ReadAction\",\"target\":[\"https:\/\/vosgesinfo.fr\/gerardmerinfo\/2019\/11\/mois-film-documentaire-moment-a-mediatheque\/\"]}]},{\"@type\":\"ImageObject\",\"inLanguage\":\"fr-FR\",\"@id\":\"https:\/\/vosgesinfo.fr\/gerardmerinfo\/2019\/11\/mois-film-documentaire-moment-a-mediatheque\/#primaryimage\",\"url\":\"https:\/\/vosgesinfo.fr\/app\/uploads\/sites\/6\/2024\/07\/201911panorama3.jpg\",\"contentUrl\":\"https:\/\/vosgesinfo.fr\/app\/uploads\/sites\/6\/2024\/07\/201911panorama3.jpg\",\"width\":800,\"height\":364},{\"@type\":\"BreadcrumbList\",\"@id\":\"https:\/\/vosgesinfo.fr\/gerardmerinfo\/2019\/11\/mois-film-documentaire-moment-a-mediatheque\/#breadcrumb\",\"itemListElement\":[{\"@type\":\"ListItem\",\"position\":1,\"name\":\"Home\",\"item\":\"https:\/\/vosgesinfo.fr\/gerardmerinfo\/\"},{\"@type\":\"ListItem\",\"position\":2,\"name\":\"Le mois du film documentaire en ce moment \u00e0 la m\u00e9diath\u00e8que\"}]},{\"@type\":\"WebSite\",\"@id\":\"https:\/\/vosgesinfo.fr\/gerardmerinfo\/#website\",\"url\":\"https:\/\/vosgesinfo.fr\/gerardmerinfo\/\",\"name\":\"Gerardmer Info\",\"description\":\"Toute l&#039;actualit\u00e9 de G\u00e9rardmer\",\"publisher\":{\"@id\":\"https:\/\/vosgesinfo.fr\/gerardmerinfo\/#organization\"},\"alternateName\":\"Toute l'actualit\u00e9 de G\u00e9rardmer\",\"potentialAction\":[{\"@type\":\"SearchAction\",\"target\":{\"@type\":\"EntryPoint\",\"urlTemplate\":\"https:\/\/vosgesinfo.fr\/gerardmerinfo\/?s={search_term_string}\"},\"query-input\":\"required name=search_term_string\"}],\"inLanguage\":\"fr-FR\"},{\"@type\":\"Organization\",\"@id\":\"https:\/\/vosgesinfo.fr\/gerardmerinfo\/#organization\",\"name\":\"Gerardmer Info\",\"url\":\"https:\/\/vosgesinfo.fr\/gerardmerinfo\/\",\"logo\":{\"@type\":\"ImageObject\",\"inLanguage\":\"fr-FR\",\"@id\":\"https:\/\/vosgesinfo.fr\/gerardmerinfo\/#\/schema\/logo\/image\/\",\"url\":\"https:\/\/vosgesinfo.fr\/app\/uploads\/sites\/6\/2023\/08\/favicon-gerardmerinfo.png\",\"contentUrl\":\"https:\/\/vosgesinfo.fr\/app\/uploads\/sites\/6\/2023\/08\/favicon-gerardmerinfo.png\",\"width\":512,\"height\":512,\"caption\":\"Gerardmer Info\"},\"image\":{\"@id\":\"https:\/\/vosgesinfo.fr\/gerardmerinfo\/#\/schema\/logo\/image\/\"},\"sameAs\":[\"https:\/\/www.facebook.com\/profile.php?id=100049475262660\",\"https:\/\/x.com\/VosgesInfo88\",\"https:\/\/www.youtube.com\/@vosgesinfo\"]},{\"@type\":\"Person\",\"@id\":\"https:\/\/vosgesinfo.fr\/gerardmerinfo\/#\/schema\/person\/bc5d02d71e6932e81b6dadb7386667b1\",\"name\":\"qs_admin\",\"image\":{\"@type\":\"ImageObject\",\"inLanguage\":\"fr-FR\",\"@id\":\"https:\/\/vosgesinfo.fr\/gerardmerinfo\/#\/schema\/person\/image\/\",\"url\":\"https:\/\/secure.gravatar.com\/avatar\/94b18ee0ed79e4a42ea2f2931277b6841a8999fc6fde214600c78057cf1fe1de?s=96&d=mm&r=g\",\"contentUrl\":\"https:\/\/secure.gravatar.com\/avatar\/94b18ee0ed79e4a42ea2f2931277b6841a8999fc6fde214600c78057cf1fe1de?s=96&d=mm&r=g\",\"caption\":\"qs_admin\"},\"sameAs\":[\"https:\/\/vosgesinfo.fr\/wp\"],\"url\":\"https:\/\/vosgesinfo.fr\/gerardmerinfo\/author\/qs_admin\/\"}]}<\/script>\n<!-- \/ Yoast SEO plugin. -->","yoast_head_json":{"title":"Le mois du film documentaire en ce moment \u00e0 la m\u00e9diath\u00e8que - Gerardmer Info","robots":{"index":"index","follow":"follow","max-snippet":"max-snippet:-1","max-image-preview":"max-image-preview:large","max-video-preview":"max-video-preview:-1"},"canonical":"https:\/\/vosgesinfo.fr\/gerardmerinfo\/2019\/11\/mois-film-documentaire-moment-a-mediatheque\/","twitter_card":"summary_large_image","twitter_title":"Le mois du film documentaire en ce moment \u00e0 la m\u00e9diath\u00e8que - Gerardmer Info","twitter_description":"Dans\u00a0le\u00a0cadre\u00a0du\u00a0Mois\u00a0du\u00a0Film\u00a0Documentaire\u00a0et\u00a0des\u00a0Rencontres\u00a0Avec\u00a0la\u00a0For\u00eat,\u00a0la\u00a0M\u00e9diath\u00e8que\u00a0vous\u00a0propose\u00a0deux\u00a0projections\u00a0in\u00e9dites\u00a0: Vendredi\u00a015\u00a0novembre\u00a0\u00e0\u00a018h\u00a0:\u00a0BAKA Samedi\u00a016\u00a0novembre\u00a0\u00e0\u00a017h\u00a0:\u00a0LES\u00a0VOIX\u00a0DE\u00a0LA\u00a0MONTAGNE Plus\u00a0d&rsquo;infos\u00a0ci\u00a0dessous\u00a0:\u00a0 Baka\u00a0film\u00a0documentaire\u00a0de\u00a0T.\u00a0Knauff\u00a0\/\u00a01995\u00a0\/\u00a0noir\u00a0&amp;\u00a0blanc\u00a0(55\u00a0min.) \u00ab\u00a0Dans\u00a0la\u00a0for\u00eat\u00a0\u00e9quatoriale,\u00a0au\u00a0sud-est\u00a0du\u00a0Cameroun,\u00a0vivent\u00a0les\u00a0pygm\u00e9es\u00a0Baka.\u00a0Pour\u00a0se\u00a0nommer\u00a0ils\u00a0ont\u00a0choisi\u00a0un\u00a0mot\u00a0qui\u00a0signifie\u00a0le\u00a0geste\u00a0de\u00a0l&rsquo;oiseau\u00a0qui\u00a0se\u00a0pose\u00a0sur\u00a0la\u00a0branche.\u00a0Quand\u00a0les\u00a0baies\u00a0ont\u00a0\u00e9t\u00e9\u00a0mang\u00e9es,\u00a0l&rsquo;oiseau\u00a0chante\u00a0l&rsquo;arbre\u00a0pour\u00a0le\u00a0remercier,\u00a0puis\u00a0il\u00a0s&rsquo;envole\u00a0vers\u00a0d&rsquo;autres\u00a0arbres.\u00a0\u00bb\u00a0C&rsquo;est\u00a0tout\u00a0ce\u00a0que\u00a0Thierry\u00a0Knauff\u00a0nous\u00a0dira\u00a0des\u00a0Baka,\u00a0pr\u00e9f\u00e9rant\u00a0laisser\u00a0parler\u00a0de\u00a0somptueuses\u00a0images. Ce\u00a0document\u00a0ethnologique\u00a0montre\u00a0par\u00a0le\u00a0d\u00e9tail\u00a0la\u00a0fabrication\u00a0des\u00a0abris\u00a0de\u00a0feuilles,\u00a0celle\u00a0du\u00a0poison\u00a0et\u00a0des\u00a0fl\u00e8ches.\u00a0On\u00a0assiste\u00a0aux\u00a0sorties\u00a0des\u00a0chasseurs,\u00a0aux\u00a0s\u00e9ances\u00a0de\u00a0contes,\u00a0danses\u00a0de\u00a0masques\u00a0et\u00a0tambours\u00a0d&rsquo;eau.\u00a0On\u00a0apprend\u00a0le\u00a0geste\u00a0r\u00e9gulier\u00a0de\u00a0l&rsquo;\u00e9claireur\u00a0ouvrant\u00a0la\u00a0piste\u00a0\u00e0\u00a0coups\u00a0de\u00a0machette&#8230;\u00a0Mais\u00a0ce\u00a0film\u00a0est\u00a0avant\u00a0tout\u00a0un\u00a0splendide\u00a0po\u00e8me\u00a0noir\u00a0et\u00a0blanc,\u00a0o\u00f9\u00a0les\u00a0zooms\u00a0tr\u00e8s\u00a0lents\u00a0et\u00a0les\u00a0travellings\u00a0accomplissent\u00a0l&rsquo;impossible\u00a0:\u00a0nous\u00a0faire\u00a0sentir\u00a0l&rsquo;immensit\u00e9\u00a0de\u00a0la\u00a0for\u00eat\u00a0et\u00a0la\u00a0petitesse\u00a0des\u00a0hommes\u00a0qui\u00a0vivent\u00a0en\u00a0son\u00a0coeur,\u00a0\u00e0\u00a0l&rsquo;\u00e9cart\u00a0de\u00a0ce\u00a0que\u00a0l&rsquo;on\u00a0nomme\u00a0\u00ab\u00a0civilisation\u00a0\u00bb.\u00a0C&rsquo;est\u00a0cette\u00a0utopie\u00a0de\u00a0l&rsquo;homme\u00a0en\u00a0osmose\u00a0avec\u00a0la\u00a0nature\u00a0que\u00a0l&rsquo;auteur\u00a0nous\u00a0invite\u00a0\u00e0\u00a0partager\u00a0ici,\u00a0en\u00a0\u00e9vitant\u00a0toute\u00a0\u00e9vocation\u00a0du\u00a0monde\u00a0ext\u00e9rieur.\u00a0\u00bb La\u00a0voix\u00a0de\u00a0la\u00a0montagne,\u00a0film\u00a0documentaire\u00a0de\u00a0F.\u00a0Jah\u00e9n\u00a0\/\u00a01996\u00a0\/\u00a0couleur\u00a0(51\u00a0min.) Aux\u00a0alentours\u00a0d&rsquo;un\u00a0village\u00a0de\u00a0Haute-Corse,\u00a0un\u00a0anthropologue\u00a0chasseur\u00a0de\u00a0sons\u00a0enregistre\u00a0les\u00a0bruits\u00a0de\u00a0la\u00a0nature\u00a0et\u00a0recueille\u00a0les\u00a0chants\u00a0monodiques\u00a0des\u00a0travailleurs\u00a0de\u00a0la\u00a0for\u00eat,\u00a0derniers\u00a0d\u00e9positaires\u00a0d&rsquo;une\u00a0culture\u00a0montagnarde\u00a0en\u00a0voie\u00a0de\u00a0disparition.\u00a0Le\u00a0film\u00a0rend\u00a0compte\u00a0de\u00a0cette\u00a0approche\u00a0respectueuse\u00a0et\u00a0savante\u00a0qui\u00a0r\u00e9ussit\u00a0\u00e0\u00a0rompre\u00a0le\u00a0silence\u00a0de\u00a0po\u00e8tes-b\u00fbcherons\u00a0jaloux\u00a0de\u00a0leurs\u00a0secrets. Les\u00a0traditions\u00a0vocales\u00a0corses\u00a0a\u00a0capella\u00a0se\u00a0partagent\u00a0entre\u00a0monodies\u00a0et\u00a0polyphonies,\u00a0profanes\u00a0ou\u00a0sacr\u00e9es.\u00a0Les\u00a0monodies\u00a0des\u00a0bergers,\u00a0chasseurs,\u00a0muletiers,\u00a0cultivateurs,\u00a0charbonniers\u00a0et\u00a0bandits,\u00a0se\u00a0sont\u00a0transmises\u00a0dans\u00a0les\u00a0r\u00e9gions\u00a0isol\u00e9es,\u00a0pr\u00e8s\u00a0d&rsquo;un\u00a0feu\u00a0de\u00a0bruy\u00e8re\u00a0ou\u00a0sur\u00a0un\u00a0sentier\u00a0escarp\u00e9.\u00a0Rythmant\u00a0les\u00a0travaux\u00a0et\u00a0les\u00a0jours,\u00a0elles\u00a0s&rsquo;inspirent\u00a0des\u00a0sons\u00a0de\u00a0la\u00a0nature\u00a0et\u00a0des\u00a0objets\u00a0domestiques,\u00a0et\u00a0conservent\u00a0le\u00a0souvenir\u00a0des\u00a0\u00e9v\u00e9nements\u00a0qui\u00a0ont\u00a0marqu\u00e9\u00a0la\u00a0communaut\u00e9.\u00a0Au\u00a0comptoir\u00a0d&rsquo;un\u00a0caf\u00e9\u00a0de\u00a0village,\u00a0elles\u00a0sont\u00a0improvis\u00e9es\u00a0par\u00a0deux\u00a0chanteurs\u00a0occasionnels\u00a0pour\u00a0c\u00e9l\u00e9brer\u00a0les\u00a0vertus\u00a0de\u00a0l&rsquo;amiti\u00e9.\u00a0Mais\u00a0cet\u00a0art\u00a0ancestral\u00a0li\u00e9\u00a0\u00e0\u00a0une\u00a0vie\u00a0trop\u00a0rude\u00a0fait\u00a0partie\u00a0des\u00a0valeurs\u00a0d\u00e9laiss\u00e9es\u00a0par\u00a0la\u00a0jeunesse.\u00a0D\u00e9pourvu\u00a0de\u00a0toute\u00a0condescendance\u00a0folkloriste,\u00a0ce\u00a0film\u00a0saisit\u00a0les\u00a0traces\u00a0ultimes\u00a0d&rsquo;une\u00a0tradition\u00a0condamn\u00e9e.","twitter_image":"https:\/\/vosgesinfo.fr\/app\/uploads\/sites\/6\/2024\/07\/201911panorama3.jpg","twitter_creator":"@VosgesInfo88","twitter_site":"@VosgesInfo88","twitter_misc":{"\u00c9crit par":"qs_admin","Dur\u00e9e de lecture estim\u00e9e":"2 minutes"},"schema":{"@context":"https:\/\/schema.org","@graph":[{"@type":"Article","@id":"https:\/\/vosgesinfo.fr\/gerardmerinfo\/2019\/11\/mois-film-documentaire-moment-a-mediatheque\/#article","isPartOf":{"@id":"https:\/\/vosgesinfo.fr\/gerardmerinfo\/2019\/11\/mois-film-documentaire-moment-a-mediatheque\/"},"author":{"name":"qs_admin","@id":"https:\/\/vosgesinfo.fr\/gerardmerinfo\/#\/schema\/person\/bc5d02d71e6932e81b6dadb7386667b1"},"headline":"Le mois du film documentaire en ce moment \u00e0 la m\u00e9diath\u00e8que","datePublished":"2019-11-14T14:48:36+00:00","dateModified":"2019-11-14T14:48:36+00:00","mainEntityOfPage":{"@id":"https:\/\/vosgesinfo.fr\/gerardmerinfo\/2019\/11\/mois-film-documentaire-moment-a-mediatheque\/"},"wordCount":490,"commentCount":0,"publisher":{"@id":"https:\/\/vosgesinfo.fr\/gerardmerinfo\/#organization"},"image":{"@id":"https:\/\/vosgesinfo.fr\/gerardmerinfo\/2019\/11\/mois-film-documentaire-moment-a-mediatheque\/#primaryimage"},"thumbnailUrl":"https:\/\/vosgesinfo.fr\/app\/uploads\/sites\/6\/2024\/07\/201911panorama3.jpg","keywords":["m\u00e9diath\u00e8que du tilleul"],"articleSection":["A la une","Culture"],"inLanguage":"fr-FR","potentialAction":[{"@type":"CommentAction","name":"Comment","target":["https:\/\/vosgesinfo.fr\/gerardmerinfo\/2019\/11\/mois-film-documentaire-moment-a-mediatheque\/#respond"]}]},{"@type":"WebPage","@id":"https:\/\/vosgesinfo.fr\/gerardmerinfo\/2019\/11\/mois-film-documentaire-moment-a-mediatheque\/","url":"https:\/\/vosgesinfo.fr\/gerardmerinfo\/2019\/11\/mois-film-documentaire-moment-a-mediatheque\/","name":"Le mois du film documentaire en ce moment \u00e0 la m\u00e9diath\u00e8que - Gerardmer Info","isPartOf":{"@id":"https:\/\/vosgesinfo.fr\/gerardmerinfo\/#website"},"primaryImageOfPage":{"@id":"https:\/\/vosgesinfo.fr\/gerardmerinfo\/2019\/11\/mois-film-documentaire-moment-a-mediatheque\/#primaryimage"},"image":{"@id":"https:\/\/vosgesinfo.fr\/gerardmerinfo\/2019\/11\/mois-film-documentaire-moment-a-mediatheque\/#primaryimage"},"thumbnailUrl":"https:\/\/vosgesinfo.fr\/app\/uploads\/sites\/6\/2024\/07\/201911panorama3.jpg","datePublished":"2019-11-14T14:48:36+00:00","dateModified":"2019-11-14T14:48:36+00:00","breadcrumb":{"@id":"https:\/\/vosgesinfo.fr\/gerardmerinfo\/2019\/11\/mois-film-documentaire-moment-a-mediatheque\/#breadcrumb"},"inLanguage":"fr-FR","potentialAction":[{"@type":"ReadAction","target":["https:\/\/vosgesinfo.fr\/gerardmerinfo\/2019\/11\/mois-film-documentaire-moment-a-mediatheque\/"]}]},{"@type":"ImageObject","inLanguage":"fr-FR","@id":"https:\/\/vosgesinfo.fr\/gerardmerinfo\/2019\/11\/mois-film-documentaire-moment-a-mediatheque\/#primaryimage","url":"https:\/\/vosgesinfo.fr\/app\/uploads\/sites\/6\/2024\/07\/201911panorama3.jpg","contentUrl":"https:\/\/vosgesinfo.fr\/app\/uploads\/sites\/6\/2024\/07\/201911panorama3.jpg","width":800,"height":364},{"@type":"BreadcrumbList","@id":"https:\/\/vosgesinfo.fr\/gerardmerinfo\/2019\/11\/mois-film-documentaire-moment-a-mediatheque\/#breadcrumb","itemListElement":[{"@type":"ListItem","position":1,"name":"Home","item":"https:\/\/vosgesinfo.fr\/gerardmerinfo\/"},{"@type":"ListItem","position":2,"name":"Le mois du film documentaire en ce moment \u00e0 la m\u00e9diath\u00e8que"}]},{"@type":"WebSite","@id":"https:\/\/vosgesinfo.fr\/gerardmerinfo\/#website","url":"https:\/\/vosgesinfo.fr\/gerardmerinfo\/","name":"Gerardmer Info","description":"Toute l&#039;actualit\u00e9 de G\u00e9rardmer","publisher":{"@id":"https:\/\/vosgesinfo.fr\/gerardmerinfo\/#organization"},"alternateName":"Toute l'actualit\u00e9 de G\u00e9rardmer","potentialAction":[{"@type":"SearchAction","target":{"@type":"EntryPoint","urlTemplate":"https:\/\/vosgesinfo.fr\/gerardmerinfo\/?s={search_term_string}"},"query-input":"required name=search_term_string"}],"inLanguage":"fr-FR"},{"@type":"Organization","@id":"https:\/\/vosgesinfo.fr\/gerardmerinfo\/#organization","name":"Gerardmer Info","url":"https:\/\/vosgesinfo.fr\/gerardmerinfo\/","logo":{"@type":"ImageObject","inLanguage":"fr-FR","@id":"https:\/\/vosgesinfo.fr\/gerardmerinfo\/#\/schema\/logo\/image\/","url":"https:\/\/vosgesinfo.fr\/app\/uploads\/sites\/6\/2023\/08\/favicon-gerardmerinfo.png","contentUrl":"https:\/\/vosgesinfo.fr\/app\/uploads\/sites\/6\/2023\/08\/favicon-gerardmerinfo.png","width":512,"height":512,"caption":"Gerardmer Info"},"image":{"@id":"https:\/\/vosgesinfo.fr\/gerardmerinfo\/#\/schema\/logo\/image\/"},"sameAs":["https:\/\/www.facebook.com\/profile.php?id=100049475262660","https:\/\/x.com\/VosgesInfo88","https:\/\/www.youtube.com\/@vosgesinfo"]},{"@type":"Person","@id":"https:\/\/vosgesinfo.fr\/gerardmerinfo\/#\/schema\/person\/bc5d02d71e6932e81b6dadb7386667b1","name":"qs_admin","image":{"@type":"ImageObject","inLanguage":"fr-FR","@id":"https:\/\/vosgesinfo.fr\/gerardmerinfo\/#\/schema\/person\/image\/","url":"https:\/\/secure.gravatar.com\/avatar\/94b18ee0ed79e4a42ea2f2931277b6841a8999fc6fde214600c78057cf1fe1de?s=96&d=mm&r=g","contentUrl":"https:\/\/secure.gravatar.com\/avatar\/94b18ee0ed79e4a42ea2f2931277b6841a8999fc6fde214600c78057cf1fe1de?s=96&d=mm&r=g","caption":"qs_admin"},"sameAs":["https:\/\/vosgesinfo.fr\/wp"],"url":"https:\/\/vosgesinfo.fr\/gerardmerinfo\/author\/qs_admin\/"}]}},"_links":{"self":[{"href":"https:\/\/vosgesinfo.fr\/gerardmerinfo\/wp-json\/wp\/v2\/posts\/45106","targetHints":{"allow":["GET"]}}],"collection":[{"href":"https:\/\/vosgesinfo.fr\/gerardmerinfo\/wp-json\/wp\/v2\/posts"}],"about":[{"href":"https:\/\/vosgesinfo.fr\/gerardmerinfo\/wp-json\/wp\/v2\/types\/post"}],"author":[{"embeddable":true,"href":"https:\/\/vosgesinfo.fr\/gerardmerinfo\/wp-json\/wp\/v2\/users\/1"}],"replies":[{"embeddable":true,"href":"https:\/\/vosgesinfo.fr\/gerardmerinfo\/wp-json\/wp\/v2\/comments?post=45106"}],"version-history":[{"count":0,"href":"https:\/\/vosgesinfo.fr\/gerardmerinfo\/wp-json\/wp\/v2\/posts\/45106\/revisions"}],"wp:featuredmedia":[{"embeddable":true,"href":"https:\/\/vosgesinfo.fr\/gerardmerinfo\/wp-json\/wp\/v2\/media\/45107"}],"wp:attachment":[{"href":"https:\/\/vosgesinfo.fr\/gerardmerinfo\/wp-json\/wp\/v2\/media?parent=45106"}],"wp:term":[{"taxonomy":"category","embeddable":true,"href":"https:\/\/vosgesinfo.fr\/gerardmerinfo\/wp-json\/wp\/v2\/categories?post=45106"},{"taxonomy":"post_tag","embeddable":true,"href":"https:\/\/vosgesinfo.fr\/gerardmerinfo\/wp-json\/wp\/v2\/tags?post=45106"}],"curies":[{"name":"wp","href":"https:\/\/api.w.org\/{rel}","templated":true}]}}