{"id":45152,"date":"2019-11-18T16:53:19","date_gmt":"2019-11-18T15:53:19","guid":{"rendered":"https:\/\/vosgesinfo.fr\/gerardmerinfo\/2019\/11\/debut-de-35-eme-campagne-restos-coeur-inscriptions\/"},"modified":"2019-11-18T16:53:19","modified_gmt":"2019-11-18T15:53:19","slug":"debut-de-35-eme-campagne-restos-coeur-inscriptions","status":"publish","type":"post","link":"https:\/\/vosgesinfo.fr\/gerardmerinfo\/2019\/11\/debut-de-35-eme-campagne-restos-coeur-inscriptions\/","title":{"rendered":"D\u00e9but de la 35 \u00e8me campagne des Restos du Coeur : Inscriptions"},"content":{"rendered":"<p class=\"x_MsoNormal_oo_editor_Editor_1_sandBox\"><a href=\"\/2017\/10\/logo-restos-du-coeur.jpg\"><img decoding=\"async\" class=\"aligncenter wp-image-116037 size-medium\" src=\"\/2017\/10\/logo-restos-du-coeur-255x255.jpg\" alt=\"logo-restos-du-coeur\" width=\"255\" height=\"255\" \/><\/a><\/p>\n<p class=\"x_MsoNormal_oo_editor_Editor_1_sandBox\"><i>La 35 \u00e8me campagne d&rsquo;hiver des Restos du Coeur d\u00e9butera la derni\u00e8re semaine de Novembre 2019 pour une dur\u00e9e totale de 16 semaines.<\/i><\/p>\n<p class=\"x_MsoNormal_oo_editor_Editor_1_sandBox\"><i>La distribution de l&rsquo;aide alimentaire commencera le mardi 26 novembre 2019 \u00e0 partir de 14 h jusqu&rsquo;\u00e0 16 h pour les familles b\u00e9n\u00e9ficiaires qui peuvent venir au centre par leurs propres moyens.<\/i><\/p>\n<p class=\"x_MsoNormal_oo_editor_Editor_1_sandBox\"><i>Une distribution aura \u00e9galement lieu le samedi matin \u00e0 partir du samedi 30 novembre 2019 \u00e0 partir de 9 h jusqu&rsquo;\u00e0 11 h pour les familles qui utiliseront la navette bus mise en place par la ville de G\u00e9rardmer. Les arr\u00eats et les horaires sont identiques \u00e0 ceux de l&rsquo;an dernier.<\/i><\/p>\n<p><i>Les personnes qui souhaitent b\u00e9n\u00e9ficier de cette aide alimentaire sont invit\u00e9es \u00e0 venir <b>s\u2019inscrire aux dates suivantes\u00a0<\/b> <\/i><\/p>\n<ul>\n<li><i><b>\u00e0 la Mairie de G\u00e9rardmer, Salle d\u2019Armes :<\/b><\/i><\/li>\n<\/ul>\n<p class=\"x_MsoNormal_oo_editor_Editor_1_sandBox\"><i>le\u00a0 lundi 18 novembre 2019 de 9h \u00e0 11 h 30 et de 14 h \u00e0 16h<\/i><\/p>\n<p class=\"x_MsoNormal_oo_editor_Editor_1_sandBox\"><i><a id=\"LPlnk619618\" name=\"x___DdeLink__90_965985435\"><\/a>le\u00a0 mardi 19 novembre 2019 de 9h \u00e0 11 h 30 et de 14 h \u00e0 16h<\/i><\/p>\n<p class=\"x_MsoNormal_oo_editor_Editor_1_sandBox\"><i>Lors de ces journ\u00e9es, les horaires de la navette mise en place par la Ville de G\u00e9rardmer seront communiqu\u00e9s aux personnes souhaitant venir le samedi.<\/i><\/p>\n<p class=\"x_MsoNormal_oo_editor_Editor_1_sandBox\"><i>Pour leur inscription, les personnes int\u00e9ress\u00e9es doivent apporter certains documents administratifs. La liste de ces documents leur sera fournie :<\/i><\/p>\n<ul>\n<li><i>par les services de la Mairie \u2013 CCAS \u2013 DVIS ;<\/i><\/li>\n<\/ul>\n<ul>\n<li><i>par les services de la f\u00e9d\u00e9ration m\u00e9dico sociale (CADA \u2013 ATSA &#8211; Logema).<\/i><\/li>\n<\/ul>\n","protected":false},"excerpt":{"rendered":"<p>La 35 \u00e8me campagne d&rsquo;hiver des Restos du Coeur d\u00e9butera la derni\u00e8re semaine de Novembre 2019 pour une dur\u00e9e totale [&hellip;]<\/p>\n","protected":false},"author":42,"featured_media":45153,"comment_status":"open","ping_status":"open","sticky":false,"template":"","format":"standard","meta":{"footnotes":""},"categories":[20,17],"tags":[2994],"class_list":["post-45152","post","type-post","status-publish","format-standard","has-post-thumbnail","hentry","category-a-la-une","category-vie-associative","tag-restaurants-du-coeur"],"acf":[],"yoast_head":"<!-- This site is optimized with the Yoast SEO plugin v22.5 - https:\/\/yoast.com\/wordpress\/plugins\/seo\/ -->\n<title>D\u00e9but de la 35 \u00e8me campagne des Restos du Coeur : Inscriptions - Gerardmer Info<\/title>\n<meta name=\"robots\" content=\"index, follow, max-snippet:-1, max-image-preview:large, max-video-preview:-1\" \/>\n<link rel=\"canonical\" href=\"https:\/\/vosgesinfo.fr\/gerardmerinfo\/2019\/11\/debut-de-35-eme-campagne-restos-coeur-inscriptions\/\" \/>\n<meta name=\"twitter:card\" content=\"summary_large_image\" \/>\n<meta name=\"twitter:title\" content=\"D\u00e9but de la 35 \u00e8me campagne des Restos du Coeur : Inscriptions - Gerardmer Info\" \/>\n<meta name=\"twitter:description\" content=\"La 35 \u00e8me campagne d&rsquo;hiver des Restos du Coeur d\u00e9butera la derni\u00e8re semaine de Novembre 2019 pour une dur\u00e9e totale [&hellip;]\" \/>\n<meta name=\"twitter:image\" content=\"https:\/\/vosgesinfo.fr\/app\/uploads\/sites\/6\/2024\/07\/201710logo-restos-du-coeur-5.jpg\" \/>\n<meta name=\"twitter:creator\" content=\"@VosgesInfo88\" \/>\n<meta name=\"twitter:site\" content=\"@VosgesInfo88\" \/>\n<meta name=\"twitter:label1\" content=\"\u00c9crit par\" \/>\n\t<meta name=\"twitter:data1\" content=\"QG\" \/>\n\t<meta name=\"twitter:label2\" content=\"Dur\u00e9e de lecture estim\u00e9e\" \/>\n\t<meta name=\"twitter:data2\" content=\"1 minute\" \/>\n<script type=\"application\/ld+json\" class=\"yoast-schema-graph\">{\"@context\":\"https:\/\/schema.org\",\"@graph\":[{\"@type\":\"Article\",\"@id\":\"https:\/\/vosgesinfo.fr\/gerardmerinfo\/2019\/11\/debut-de-35-eme-campagne-restos-coeur-inscriptions\/#article\",\"isPartOf\":{\"@id\":\"https:\/\/vosgesinfo.fr\/gerardmerinfo\/2019\/11\/debut-de-35-eme-campagne-restos-coeur-inscriptions\/\"},\"author\":{\"name\":\"QG\",\"@id\":\"https:\/\/vosgesinfo.fr\/gerardmerinfo\/#\/schema\/person\/db5605779a843dad16b5368f3e7613a5\"},\"headline\":\"D\u00e9but de la 35 \u00e8me campagne des Restos du Coeur : Inscriptions\",\"datePublished\":\"2019-11-18T15:53:19+00:00\",\"dateModified\":\"2019-11-18T15:53:19+00:00\",\"mainEntityOfPage\":{\"@id\":\"https:\/\/vosgesinfo.fr\/gerardmerinfo\/2019\/11\/debut-de-35-eme-campagne-restos-coeur-inscriptions\/\"},\"wordCount\":232,\"commentCount\":0,\"publisher\":{\"@id\":\"https:\/\/vosgesinfo.fr\/gerardmerinfo\/#organization\"},\"image\":{\"@id\":\"https:\/\/vosgesinfo.fr\/gerardmerinfo\/2019\/11\/debut-de-35-eme-campagne-restos-coeur-inscriptions\/#primaryimage\"},\"thumbnailUrl\":\"https:\/\/vosgesinfo.fr\/app\/uploads\/sites\/6\/2024\/07\/201710logo-restos-du-coeur-5.jpg\",\"keywords\":[\"restaurants du coeur\"],\"articleSection\":[\"A la une\",\"Vie Associative\"],\"inLanguage\":\"fr-FR\",\"potentialAction\":[{\"@type\":\"CommentAction\",\"name\":\"Comment\",\"target\":[\"https:\/\/vosgesinfo.fr\/gerardmerinfo\/2019\/11\/debut-de-35-eme-campagne-restos-coeur-inscriptions\/#respond\"]}]},{\"@type\":\"WebPage\",\"@id\":\"https:\/\/vosgesinfo.fr\/gerardmerinfo\/2019\/11\/debut-de-35-eme-campagne-restos-coeur-inscriptions\/\",\"url\":\"https:\/\/vosgesinfo.fr\/gerardmerinfo\/2019\/11\/debut-de-35-eme-campagne-restos-coeur-inscriptions\/\",\"name\":\"D\u00e9but de la 35 \u00e8me campagne des Restos du Coeur : Inscriptions - Gerardmer Info\",\"isPartOf\":{\"@id\":\"https:\/\/vosgesinfo.fr\/gerardmerinfo\/#website\"},\"primaryImageOfPage\":{\"@id\":\"https:\/\/vosgesinfo.fr\/gerardmerinfo\/2019\/11\/debut-de-35-eme-campagne-restos-coeur-inscriptions\/#primaryimage\"},\"image\":{\"@id\":\"https:\/\/vosgesinfo.fr\/gerardmerinfo\/2019\/11\/debut-de-35-eme-campagne-restos-coeur-inscriptions\/#primaryimage\"},\"thumbnailUrl\":\"https:\/\/vosgesinfo.fr\/app\/uploads\/sites\/6\/2024\/07\/201710logo-restos-du-coeur-5.jpg\",\"datePublished\":\"2019-11-18T15:53:19+00:00\",\"dateModified\":\"2019-11-18T15:53:19+00:00\",\"breadcrumb\":{\"@id\":\"https:\/\/vosgesinfo.fr\/gerardmerinfo\/2019\/11\/debut-de-35-eme-campagne-restos-coeur-inscriptions\/#breadcrumb\"},\"inLanguage\":\"fr-FR\",\"potentialAction\":[{\"@type\":\"ReadAction\",\"target\":[\"https:\/\/vosgesinfo.fr\/gerardmerinfo\/2019\/11\/debut-de-35-eme-campagne-restos-coeur-inscriptions\/\"]}]},{\"@type\":\"ImageObject\",\"inLanguage\":\"fr-FR\",\"@id\":\"https:\/\/vosgesinfo.fr\/gerardmerinfo\/2019\/11\/debut-de-35-eme-campagne-restos-coeur-inscriptions\/#primaryimage\",\"url\":\"https:\/\/vosgesinfo.fr\/app\/uploads\/sites\/6\/2024\/07\/201710logo-restos-du-coeur-5.jpg\",\"contentUrl\":\"https:\/\/vosgesinfo.fr\/app\/uploads\/sites\/6\/2024\/07\/201710logo-restos-du-coeur-5.jpg\",\"width\":800,\"height\":800},{\"@type\":\"BreadcrumbList\",\"@id\":\"https:\/\/vosgesinfo.fr\/gerardmerinfo\/2019\/11\/debut-de-35-eme-campagne-restos-coeur-inscriptions\/#breadcrumb\",\"itemListElement\":[{\"@type\":\"ListItem\",\"position\":1,\"name\":\"Home\",\"item\":\"https:\/\/vosgesinfo.fr\/gerardmerinfo\/\"},{\"@type\":\"ListItem\",\"position\":2,\"name\":\"D\u00e9but de la 35 \u00e8me campagne des Restos du Coeur : Inscriptions\"}]},{\"@type\":\"WebSite\",\"@id\":\"https:\/\/vosgesinfo.fr\/gerardmerinfo\/#website\",\"url\":\"https:\/\/vosgesinfo.fr\/gerardmerinfo\/\",\"name\":\"Gerardmer Info\",\"description\":\"Toute l&#039;actualit\u00e9 de G\u00e9rardmer\",\"publisher\":{\"@id\":\"https:\/\/vosgesinfo.fr\/gerardmerinfo\/#organization\"},\"alternateName\":\"Toute l'actualit\u00e9 de G\u00e9rardmer\",\"potentialAction\":[{\"@type\":\"SearchAction\",\"target\":{\"@type\":\"EntryPoint\",\"urlTemplate\":\"https:\/\/vosgesinfo.fr\/gerardmerinfo\/?s={search_term_string}\"},\"query-input\":\"required name=search_term_string\"}],\"inLanguage\":\"fr-FR\"},{\"@type\":\"Organization\",\"@id\":\"https:\/\/vosgesinfo.fr\/gerardmerinfo\/#organization\",\"name\":\"Gerardmer Info\",\"url\":\"https:\/\/vosgesinfo.fr\/gerardmerinfo\/\",\"logo\":{\"@type\":\"ImageObject\",\"inLanguage\":\"fr-FR\",\"@id\":\"https:\/\/vosgesinfo.fr\/gerardmerinfo\/#\/schema\/logo\/image\/\",\"url\":\"https:\/\/vosgesinfo.fr\/app\/uploads\/sites\/6\/2023\/08\/favicon-gerardmerinfo.png\",\"contentUrl\":\"https:\/\/vosgesinfo.fr\/app\/uploads\/sites\/6\/2023\/08\/favicon-gerardmerinfo.png\",\"width\":512,\"height\":512,\"caption\":\"Gerardmer Info\"},\"image\":{\"@id\":\"https:\/\/vosgesinfo.fr\/gerardmerinfo\/#\/schema\/logo\/image\/\"},\"sameAs\":[\"https:\/\/www.facebook.com\/profile.php?id=100049475262660\",\"https:\/\/x.com\/VosgesInfo88\",\"https:\/\/www.youtube.com\/@vosgesinfo\"]},{\"@type\":\"Person\",\"@id\":\"https:\/\/vosgesinfo.fr\/gerardmerinfo\/#\/schema\/person\/db5605779a843dad16b5368f3e7613a5\",\"name\":\"QG\",\"image\":{\"@type\":\"ImageObject\",\"inLanguage\":\"fr-FR\",\"@id\":\"https:\/\/vosgesinfo.fr\/gerardmerinfo\/#\/schema\/person\/image\/\",\"url\":\"https:\/\/secure.gravatar.com\/avatar\/ea80c42c204b534408512832fde52504ecabb9706bcb6151cf6175e5b64e6793?s=96&d=mm&r=g\",\"contentUrl\":\"https:\/\/secure.gravatar.com\/avatar\/ea80c42c204b534408512832fde52504ecabb9706bcb6151cf6175e5b64e6793?s=96&d=mm&r=g\",\"caption\":\"QG\"},\"url\":\"https:\/\/vosgesinfo.fr\/gerardmerinfo\/author\/quentin88\/\"}]}<\/script>\n<!-- \/ Yoast SEO plugin. -->","yoast_head_json":{"title":"D\u00e9but de la 35 \u00e8me campagne des Restos du Coeur : Inscriptions - Gerardmer Info","robots":{"index":"index","follow":"follow","max-snippet":"max-snippet:-1","max-image-preview":"max-image-preview:large","max-video-preview":"max-video-preview:-1"},"canonical":"https:\/\/vosgesinfo.fr\/gerardmerinfo\/2019\/11\/debut-de-35-eme-campagne-restos-coeur-inscriptions\/","twitter_card":"summary_large_image","twitter_title":"D\u00e9but de la 35 \u00e8me campagne des Restos du Coeur : Inscriptions - Gerardmer Info","twitter_description":"La 35 \u00e8me campagne d&rsquo;hiver des Restos du Coeur d\u00e9butera la derni\u00e8re semaine de Novembre 2019 pour une dur\u00e9e totale [&hellip;]","twitter_image":"https:\/\/vosgesinfo.fr\/app\/uploads\/sites\/6\/2024\/07\/201710logo-restos-du-coeur-5.jpg","twitter_creator":"@VosgesInfo88","twitter_site":"@VosgesInfo88","twitter_misc":{"\u00c9crit par":"QG","Dur\u00e9e de lecture estim\u00e9e":"1 minute"},"schema":{"@context":"https:\/\/schema.org","@graph":[{"@type":"Article","@id":"https:\/\/vosgesinfo.fr\/gerardmerinfo\/2019\/11\/debut-de-35-eme-campagne-restos-coeur-inscriptions\/#article","isPartOf":{"@id":"https:\/\/vosgesinfo.fr\/gerardmerinfo\/2019\/11\/debut-de-35-eme-campagne-restos-coeur-inscriptions\/"},"author":{"name":"QG","@id":"https:\/\/vosgesinfo.fr\/gerardmerinfo\/#\/schema\/person\/db5605779a843dad16b5368f3e7613a5"},"headline":"D\u00e9but de la 35 \u00e8me campagne des Restos du Coeur : Inscriptions","datePublished":"2019-11-18T15:53:19+00:00","dateModified":"2019-11-18T15:53:19+00:00","mainEntityOfPage":{"@id":"https:\/\/vosgesinfo.fr\/gerardmerinfo\/2019\/11\/debut-de-35-eme-campagne-restos-coeur-inscriptions\/"},"wordCount":232,"commentCount":0,"publisher":{"@id":"https:\/\/vosgesinfo.fr\/gerardmerinfo\/#organization"},"image":{"@id":"https:\/\/vosgesinfo.fr\/gerardmerinfo\/2019\/11\/debut-de-35-eme-campagne-restos-coeur-inscriptions\/#primaryimage"},"thumbnailUrl":"https:\/\/vosgesinfo.fr\/app\/uploads\/sites\/6\/2024\/07\/201710logo-restos-du-coeur-5.jpg","keywords":["restaurants du coeur"],"articleSection":["A la une","Vie Associative"],"inLanguage":"fr-FR","potentialAction":[{"@type":"CommentAction","name":"Comment","target":["https:\/\/vosgesinfo.fr\/gerardmerinfo\/2019\/11\/debut-de-35-eme-campagne-restos-coeur-inscriptions\/#respond"]}]},{"@type":"WebPage","@id":"https:\/\/vosgesinfo.fr\/gerardmerinfo\/2019\/11\/debut-de-35-eme-campagne-restos-coeur-inscriptions\/","url":"https:\/\/vosgesinfo.fr\/gerardmerinfo\/2019\/11\/debut-de-35-eme-campagne-restos-coeur-inscriptions\/","name":"D\u00e9but de la 35 \u00e8me campagne des Restos du Coeur : Inscriptions - Gerardmer Info","isPartOf":{"@id":"https:\/\/vosgesinfo.fr\/gerardmerinfo\/#website"},"primaryImageOfPage":{"@id":"https:\/\/vosgesinfo.fr\/gerardmerinfo\/2019\/11\/debut-de-35-eme-campagne-restos-coeur-inscriptions\/#primaryimage"},"image":{"@id":"https:\/\/vosgesinfo.fr\/gerardmerinfo\/2019\/11\/debut-de-35-eme-campagne-restos-coeur-inscriptions\/#primaryimage"},"thumbnailUrl":"https:\/\/vosgesinfo.fr\/app\/uploads\/sites\/6\/2024\/07\/201710logo-restos-du-coeur-5.jpg","datePublished":"2019-11-18T15:53:19+00:00","dateModified":"2019-11-18T15:53:19+00:00","breadcrumb":{"@id":"https:\/\/vosgesinfo.fr\/gerardmerinfo\/2019\/11\/debut-de-35-eme-campagne-restos-coeur-inscriptions\/#breadcrumb"},"inLanguage":"fr-FR","potentialAction":[{"@type":"ReadAction","target":["https:\/\/vosgesinfo.fr\/gerardmerinfo\/2019\/11\/debut-de-35-eme-campagne-restos-coeur-inscriptions\/"]}]},{"@type":"ImageObject","inLanguage":"fr-FR","@id":"https:\/\/vosgesinfo.fr\/gerardmerinfo\/2019\/11\/debut-de-35-eme-campagne-restos-coeur-inscriptions\/#primaryimage","url":"https:\/\/vosgesinfo.fr\/app\/uploads\/sites\/6\/2024\/07\/201710logo-restos-du-coeur-5.jpg","contentUrl":"https:\/\/vosgesinfo.fr\/app\/uploads\/sites\/6\/2024\/07\/201710logo-restos-du-coeur-5.jpg","width":800,"height":800},{"@type":"BreadcrumbList","@id":"https:\/\/vosgesinfo.fr\/gerardmerinfo\/2019\/11\/debut-de-35-eme-campagne-restos-coeur-inscriptions\/#breadcrumb","itemListElement":[{"@type":"ListItem","position":1,"name":"Home","item":"https:\/\/vosgesinfo.fr\/gerardmerinfo\/"},{"@type":"ListItem","position":2,"name":"D\u00e9but de la 35 \u00e8me campagne des Restos du Coeur : Inscriptions"}]},{"@type":"WebSite","@id":"https:\/\/vosgesinfo.fr\/gerardmerinfo\/#website","url":"https:\/\/vosgesinfo.fr\/gerardmerinfo\/","name":"Gerardmer Info","description":"Toute l&#039;actualit\u00e9 de G\u00e9rardmer","publisher":{"@id":"https:\/\/vosgesinfo.fr\/gerardmerinfo\/#organization"},"alternateName":"Toute l'actualit\u00e9 de G\u00e9rardmer","potentialAction":[{"@type":"SearchAction","target":{"@type":"EntryPoint","urlTemplate":"https:\/\/vosgesinfo.fr\/gerardmerinfo\/?s={search_term_string}"},"query-input":"required name=search_term_string"}],"inLanguage":"fr-FR"},{"@type":"Organization","@id":"https:\/\/vosgesinfo.fr\/gerardmerinfo\/#organization","name":"Gerardmer Info","url":"https:\/\/vosgesinfo.fr\/gerardmerinfo\/","logo":{"@type":"ImageObject","inLanguage":"fr-FR","@id":"https:\/\/vosgesinfo.fr\/gerardmerinfo\/#\/schema\/logo\/image\/","url":"https:\/\/vosgesinfo.fr\/app\/uploads\/sites\/6\/2023\/08\/favicon-gerardmerinfo.png","contentUrl":"https:\/\/vosgesinfo.fr\/app\/uploads\/sites\/6\/2023\/08\/favicon-gerardmerinfo.png","width":512,"height":512,"caption":"Gerardmer Info"},"image":{"@id":"https:\/\/vosgesinfo.fr\/gerardmerinfo\/#\/schema\/logo\/image\/"},"sameAs":["https:\/\/www.facebook.com\/profile.php?id=100049475262660","https:\/\/x.com\/VosgesInfo88","https:\/\/www.youtube.com\/@vosgesinfo"]},{"@type":"Person","@id":"https:\/\/vosgesinfo.fr\/gerardmerinfo\/#\/schema\/person\/db5605779a843dad16b5368f3e7613a5","name":"QG","image":{"@type":"ImageObject","inLanguage":"fr-FR","@id":"https:\/\/vosgesinfo.fr\/gerardmerinfo\/#\/schema\/person\/image\/","url":"https:\/\/secure.gravatar.com\/avatar\/ea80c42c204b534408512832fde52504ecabb9706bcb6151cf6175e5b64e6793?s=96&d=mm&r=g","contentUrl":"https:\/\/secure.gravatar.com\/avatar\/ea80c42c204b534408512832fde52504ecabb9706bcb6151cf6175e5b64e6793?s=96&d=mm&r=g","caption":"QG"},"url":"https:\/\/vosgesinfo.fr\/gerardmerinfo\/author\/quentin88\/"}]}},"_links":{"self":[{"href":"https:\/\/vosgesinfo.fr\/gerardmerinfo\/wp-json\/wp\/v2\/posts\/45152","targetHints":{"allow":["GET"]}}],"collection":[{"href":"https:\/\/vosgesinfo.fr\/gerardmerinfo\/wp-json\/wp\/v2\/posts"}],"about":[{"href":"https:\/\/vosgesinfo.fr\/gerardmerinfo\/wp-json\/wp\/v2\/types\/post"}],"author":[{"embeddable":true,"href":"https:\/\/vosgesinfo.fr\/gerardmerinfo\/wp-json\/wp\/v2\/users\/42"}],"replies":[{"embeddable":true,"href":"https:\/\/vosgesinfo.fr\/gerardmerinfo\/wp-json\/wp\/v2\/comments?post=45152"}],"version-history":[{"count":0,"href":"https:\/\/vosgesinfo.fr\/gerardmerinfo\/wp-json\/wp\/v2\/posts\/45152\/revisions"}],"wp:featuredmedia":[{"embeddable":true,"href":"https:\/\/vosgesinfo.fr\/gerardmerinfo\/wp-json\/wp\/v2\/media\/45153"}],"wp:attachment":[{"href":"https:\/\/vosgesinfo.fr\/gerardmerinfo\/wp-json\/wp\/v2\/media?parent=45152"}],"wp:term":[{"taxonomy":"category","embeddable":true,"href":"https:\/\/vosgesinfo.fr\/gerardmerinfo\/wp-json\/wp\/v2\/categories?post=45152"},{"taxonomy":"post_tag","embeddable":true,"href":"https:\/\/vosgesinfo.fr\/gerardmerinfo\/wp-json\/wp\/v2\/tags?post=45152"}],"curies":[{"name":"wp","href":"https:\/\/api.w.org\/{rel}","templated":true}]}}