{"id":45168,"date":"2019-11-17T10:15:58","date_gmt":"2019-11-17T09:15:58","guid":{"rendered":"https:\/\/vosgesinfo.fr\/gerardmerinfo\/2019\/11\/meeting-de-perche-arthur-schild-a-4m40\/"},"modified":"2019-11-17T10:15:58","modified_gmt":"2019-11-17T09:15:58","slug":"meeting-de-perche-arthur-schild-a-4m40","status":"publish","type":"post","link":"https:\/\/vosgesinfo.fr\/gerardmerinfo\/2019\/11\/meeting-de-perche-arthur-schild-a-4m40\/","title":{"rendered":"Meeting de perche : Arthur Schild \u00e0 4m40"},"content":{"rendered":"\n<p>&nbsp;<\/p>\n<h3>Athl\u00e9 Vosges organisait ce samedi son traditionnel meeting de perche agr\u00e9ment\u00e9 d&rsquo;une animation Kid Athl\u00e9 en faveur des enfants afin de leur faire d\u00e9couvrir la discipline.<\/h3>\n<p>Une initiation qui a permis \u00e0 plusieurs enfants de s&rsquo;initier \u00e0 la perche et de faire leurs premiers \u00ab\u00a0sauts\u00a0\u00bb encadr\u00e9s par un animateur pendant que les comp\u00e9titeurs se livraient bataille. 3 sections d&rsquo;Athl\u00e9 Vosges \u00e9taient repr\u00e9sent\u00e9es pour cette \u00e9dition (\u00c9pinal, Remiremont &amp; G\u00e9rardmer) et on signalera la pr\u00e9sence d&rsquo;une sauteuse du Co. Haute Moselotte ainsi que d&rsquo;une sauteuse de Forbach. Mention sp\u00e9ciale \u00e0 L<span style=\"font-size: small;\"><span style=\"font-size: 12pt;\">\u00e9o G\u00e9gout, membre de la section locale d\u2019Athl\u00e9 Vosges, novice de la discipline et qui avec 2 seuls entra\u00eenements a franchi 2,80m pour son premier test, son \u00ab\u00a0bapt\u00eame du feu\u00a0\u00bb !<\/span> <\/span><\/p>\n<p>On retiendra que le record de la salle reste en place \u00e0 4M60, le recordman Arthur Schild terminant le meeting \u00e0 4m40. Suffisant toutefois pour l&#8217;emporter face \u00e0 Antoine Bonniec (3M80), Brice Clerc (3M40) et L\u00e9o G\u00e9gout qui ferme la marche chez les hommes. Chez les dames, C&rsquo;est Am\u00e9lie Perrin qui s&rsquo;impose avec un saut \u00e0 3M00 devant\u00a0 Clara Trommenschlager (CoHM)\u00a0 et Livia Buchler (US Forbach). Bien entendu, l&rsquo;\u00e9quipe d&rsquo;Athl\u00e9 Vosges souhaite de tout c\u0153ur retrouver tous ces athl\u00e8tes l&rsquo;an prochain \u00e0 la m\u00eame \u00e9poque pour un nouvel \u00e9pisode de son annuel meeting !<\/p>\n","protected":false},"excerpt":{"rendered":"<p>&nbsp; Athl\u00e9 Vosges organisait ce samedi son traditionnel meeting de perche agr\u00e9ment\u00e9 d&rsquo;une animation Kid Athl\u00e9 en faveur des enfants [&hellip;]<\/p>\n","protected":false},"author":42,"featured_media":45169,"comment_status":"open","ping_status":"open","sticky":false,"template":"","format":"standard","meta":{"footnotes":""},"categories":[20,14],"tags":[198],"class_list":["post-45168","post","type-post","status-publish","format-standard","has-post-thumbnail","hentry","category-a-la-une","category-sport","tag-athle-vosges-vallee-des-lacs"],"acf":[],"yoast_head":"<!-- This site is optimized with the Yoast SEO plugin v22.5 - https:\/\/yoast.com\/wordpress\/plugins\/seo\/ -->\n<title>Meeting de perche : Arthur Schild \u00e0 4m40 - Gerardmer Info<\/title>\n<meta name=\"robots\" content=\"index, follow, max-snippet:-1, max-image-preview:large, max-video-preview:-1\" \/>\n<link rel=\"canonical\" href=\"https:\/\/vosgesinfo.fr\/gerardmerinfo\/2019\/11\/meeting-de-perche-arthur-schild-a-4m40\/\" \/>\n<meta name=\"twitter:card\" content=\"summary_large_image\" \/>\n<meta name=\"twitter:title\" content=\"Meeting de perche : Arthur Schild \u00e0 4m40 - Gerardmer Info\" \/>\n<meta name=\"twitter:description\" content=\"&nbsp; Athl\u00e9 Vosges organisait ce samedi son traditionnel meeting de perche agr\u00e9ment\u00e9 d&rsquo;une animation Kid Athl\u00e9 en faveur des enfants [&hellip;]\" \/>\n<meta name=\"twitter:image\" content=\"https:\/\/vosgesinfo.fr\/app\/uploads\/sites\/6\/2024\/07\/201911antoine-bonniec-a-3m40.jpg\" \/>\n<meta name=\"twitter:creator\" content=\"@VosgesInfo88\" \/>\n<meta name=\"twitter:site\" content=\"@VosgesInfo88\" \/>\n<meta name=\"twitter:label1\" content=\"\u00c9crit par\" \/>\n\t<meta name=\"twitter:data1\" content=\"QG\" \/>\n\t<meta name=\"twitter:label2\" content=\"Dur\u00e9e de lecture estim\u00e9e\" \/>\n\t<meta name=\"twitter:data2\" content=\"1 minute\" \/>\n<script type=\"application\/ld+json\" class=\"yoast-schema-graph\">{\"@context\":\"https:\/\/schema.org\",\"@graph\":[{\"@type\":\"Article\",\"@id\":\"https:\/\/vosgesinfo.fr\/gerardmerinfo\/2019\/11\/meeting-de-perche-arthur-schild-a-4m40\/#article\",\"isPartOf\":{\"@id\":\"https:\/\/vosgesinfo.fr\/gerardmerinfo\/2019\/11\/meeting-de-perche-arthur-schild-a-4m40\/\"},\"author\":{\"name\":\"QG\",\"@id\":\"https:\/\/vosgesinfo.fr\/gerardmerinfo\/#\/schema\/person\/db5605779a843dad16b5368f3e7613a5\"},\"headline\":\"Meeting de perche : Arthur Schild \u00e0 4m40\",\"datePublished\":\"2019-11-17T09:15:58+00:00\",\"dateModified\":\"2019-11-17T09:15:58+00:00\",\"mainEntityOfPage\":{\"@id\":\"https:\/\/vosgesinfo.fr\/gerardmerinfo\/2019\/11\/meeting-de-perche-arthur-schild-a-4m40\/\"},\"wordCount\":248,\"commentCount\":0,\"publisher\":{\"@id\":\"https:\/\/vosgesinfo.fr\/gerardmerinfo\/#organization\"},\"image\":{\"@id\":\"https:\/\/vosgesinfo.fr\/gerardmerinfo\/2019\/11\/meeting-de-perche-arthur-schild-a-4m40\/#primaryimage\"},\"thumbnailUrl\":\"https:\/\/vosgesinfo.fr\/app\/uploads\/sites\/6\/2024\/07\/201911antoine-bonniec-a-3m40.jpg\",\"keywords\":[\"athl\u00e9 vosges vall\u00e9e des lacs\"],\"articleSection\":[\"A la une\",\"Sport\"],\"inLanguage\":\"fr-FR\",\"potentialAction\":[{\"@type\":\"CommentAction\",\"name\":\"Comment\",\"target\":[\"https:\/\/vosgesinfo.fr\/gerardmerinfo\/2019\/11\/meeting-de-perche-arthur-schild-a-4m40\/#respond\"]}]},{\"@type\":\"WebPage\",\"@id\":\"https:\/\/vosgesinfo.fr\/gerardmerinfo\/2019\/11\/meeting-de-perche-arthur-schild-a-4m40\/\",\"url\":\"https:\/\/vosgesinfo.fr\/gerardmerinfo\/2019\/11\/meeting-de-perche-arthur-schild-a-4m40\/\",\"name\":\"Meeting de perche : Arthur Schild \u00e0 4m40 - Gerardmer Info\",\"isPartOf\":{\"@id\":\"https:\/\/vosgesinfo.fr\/gerardmerinfo\/#website\"},\"primaryImageOfPage\":{\"@id\":\"https:\/\/vosgesinfo.fr\/gerardmerinfo\/2019\/11\/meeting-de-perche-arthur-schild-a-4m40\/#primaryimage\"},\"image\":{\"@id\":\"https:\/\/vosgesinfo.fr\/gerardmerinfo\/2019\/11\/meeting-de-perche-arthur-schild-a-4m40\/#primaryimage\"},\"thumbnailUrl\":\"https:\/\/vosgesinfo.fr\/app\/uploads\/sites\/6\/2024\/07\/201911antoine-bonniec-a-3m40.jpg\",\"datePublished\":\"2019-11-17T09:15:58+00:00\",\"dateModified\":\"2019-11-17T09:15:58+00:00\",\"breadcrumb\":{\"@id\":\"https:\/\/vosgesinfo.fr\/gerardmerinfo\/2019\/11\/meeting-de-perche-arthur-schild-a-4m40\/#breadcrumb\"},\"inLanguage\":\"fr-FR\",\"potentialAction\":[{\"@type\":\"ReadAction\",\"target\":[\"https:\/\/vosgesinfo.fr\/gerardmerinfo\/2019\/11\/meeting-de-perche-arthur-schild-a-4m40\/\"]}]},{\"@type\":\"ImageObject\",\"inLanguage\":\"fr-FR\",\"@id\":\"https:\/\/vosgesinfo.fr\/gerardmerinfo\/2019\/11\/meeting-de-perche-arthur-schild-a-4m40\/#primaryimage\",\"url\":\"https:\/\/vosgesinfo.fr\/app\/uploads\/sites\/6\/2024\/07\/201911antoine-bonniec-a-3m40.jpg\",\"contentUrl\":\"https:\/\/vosgesinfo.fr\/app\/uploads\/sites\/6\/2024\/07\/201911antoine-bonniec-a-3m40.jpg\",\"width\":800,\"height\":600},{\"@type\":\"BreadcrumbList\",\"@id\":\"https:\/\/vosgesinfo.fr\/gerardmerinfo\/2019\/11\/meeting-de-perche-arthur-schild-a-4m40\/#breadcrumb\",\"itemListElement\":[{\"@type\":\"ListItem\",\"position\":1,\"name\":\"Home\",\"item\":\"https:\/\/vosgesinfo.fr\/gerardmerinfo\/\"},{\"@type\":\"ListItem\",\"position\":2,\"name\":\"Meeting de perche : Arthur Schild \u00e0 4m40\"}]},{\"@type\":\"WebSite\",\"@id\":\"https:\/\/vosgesinfo.fr\/gerardmerinfo\/#website\",\"url\":\"https:\/\/vosgesinfo.fr\/gerardmerinfo\/\",\"name\":\"Gerardmer Info\",\"description\":\"Toute l&#039;actualit\u00e9 de G\u00e9rardmer\",\"publisher\":{\"@id\":\"https:\/\/vosgesinfo.fr\/gerardmerinfo\/#organization\"},\"alternateName\":\"Toute l'actualit\u00e9 de G\u00e9rardmer\",\"potentialAction\":[{\"@type\":\"SearchAction\",\"target\":{\"@type\":\"EntryPoint\",\"urlTemplate\":\"https:\/\/vosgesinfo.fr\/gerardmerinfo\/?s={search_term_string}\"},\"query-input\":\"required name=search_term_string\"}],\"inLanguage\":\"fr-FR\"},{\"@type\":\"Organization\",\"@id\":\"https:\/\/vosgesinfo.fr\/gerardmerinfo\/#organization\",\"name\":\"Gerardmer Info\",\"url\":\"https:\/\/vosgesinfo.fr\/gerardmerinfo\/\",\"logo\":{\"@type\":\"ImageObject\",\"inLanguage\":\"fr-FR\",\"@id\":\"https:\/\/vosgesinfo.fr\/gerardmerinfo\/#\/schema\/logo\/image\/\",\"url\":\"https:\/\/vosgesinfo.fr\/app\/uploads\/sites\/6\/2023\/08\/favicon-gerardmerinfo.png\",\"contentUrl\":\"https:\/\/vosgesinfo.fr\/app\/uploads\/sites\/6\/2023\/08\/favicon-gerardmerinfo.png\",\"width\":512,\"height\":512,\"caption\":\"Gerardmer Info\"},\"image\":{\"@id\":\"https:\/\/vosgesinfo.fr\/gerardmerinfo\/#\/schema\/logo\/image\/\"},\"sameAs\":[\"https:\/\/www.facebook.com\/profile.php?id=100049475262660\",\"https:\/\/x.com\/VosgesInfo88\",\"https:\/\/www.youtube.com\/@vosgesinfo\"]},{\"@type\":\"Person\",\"@id\":\"https:\/\/vosgesinfo.fr\/gerardmerinfo\/#\/schema\/person\/db5605779a843dad16b5368f3e7613a5\",\"name\":\"QG\",\"image\":{\"@type\":\"ImageObject\",\"inLanguage\":\"fr-FR\",\"@id\":\"https:\/\/vosgesinfo.fr\/gerardmerinfo\/#\/schema\/person\/image\/\",\"url\":\"https:\/\/secure.gravatar.com\/avatar\/ea80c42c204b534408512832fde52504ecabb9706bcb6151cf6175e5b64e6793?s=96&d=mm&r=g\",\"contentUrl\":\"https:\/\/secure.gravatar.com\/avatar\/ea80c42c204b534408512832fde52504ecabb9706bcb6151cf6175e5b64e6793?s=96&d=mm&r=g\",\"caption\":\"QG\"},\"url\":\"https:\/\/vosgesinfo.fr\/gerardmerinfo\/author\/quentin88\/\"}]}<\/script>\n<!-- \/ Yoast SEO plugin. -->","yoast_head_json":{"title":"Meeting de perche : Arthur Schild \u00e0 4m40 - Gerardmer Info","robots":{"index":"index","follow":"follow","max-snippet":"max-snippet:-1","max-image-preview":"max-image-preview:large","max-video-preview":"max-video-preview:-1"},"canonical":"https:\/\/vosgesinfo.fr\/gerardmerinfo\/2019\/11\/meeting-de-perche-arthur-schild-a-4m40\/","twitter_card":"summary_large_image","twitter_title":"Meeting de perche : Arthur Schild \u00e0 4m40 - Gerardmer Info","twitter_description":"&nbsp; Athl\u00e9 Vosges organisait ce samedi son traditionnel meeting de perche agr\u00e9ment\u00e9 d&rsquo;une animation Kid Athl\u00e9 en faveur des enfants [&hellip;]","twitter_image":"https:\/\/vosgesinfo.fr\/app\/uploads\/sites\/6\/2024\/07\/201911antoine-bonniec-a-3m40.jpg","twitter_creator":"@VosgesInfo88","twitter_site":"@VosgesInfo88","twitter_misc":{"\u00c9crit par":"QG","Dur\u00e9e de lecture estim\u00e9e":"1 minute"},"schema":{"@context":"https:\/\/schema.org","@graph":[{"@type":"Article","@id":"https:\/\/vosgesinfo.fr\/gerardmerinfo\/2019\/11\/meeting-de-perche-arthur-schild-a-4m40\/#article","isPartOf":{"@id":"https:\/\/vosgesinfo.fr\/gerardmerinfo\/2019\/11\/meeting-de-perche-arthur-schild-a-4m40\/"},"author":{"name":"QG","@id":"https:\/\/vosgesinfo.fr\/gerardmerinfo\/#\/schema\/person\/db5605779a843dad16b5368f3e7613a5"},"headline":"Meeting de perche : Arthur Schild \u00e0 4m40","datePublished":"2019-11-17T09:15:58+00:00","dateModified":"2019-11-17T09:15:58+00:00","mainEntityOfPage":{"@id":"https:\/\/vosgesinfo.fr\/gerardmerinfo\/2019\/11\/meeting-de-perche-arthur-schild-a-4m40\/"},"wordCount":248,"commentCount":0,"publisher":{"@id":"https:\/\/vosgesinfo.fr\/gerardmerinfo\/#organization"},"image":{"@id":"https:\/\/vosgesinfo.fr\/gerardmerinfo\/2019\/11\/meeting-de-perche-arthur-schild-a-4m40\/#primaryimage"},"thumbnailUrl":"https:\/\/vosgesinfo.fr\/app\/uploads\/sites\/6\/2024\/07\/201911antoine-bonniec-a-3m40.jpg","keywords":["athl\u00e9 vosges vall\u00e9e des lacs"],"articleSection":["A la une","Sport"],"inLanguage":"fr-FR","potentialAction":[{"@type":"CommentAction","name":"Comment","target":["https:\/\/vosgesinfo.fr\/gerardmerinfo\/2019\/11\/meeting-de-perche-arthur-schild-a-4m40\/#respond"]}]},{"@type":"WebPage","@id":"https:\/\/vosgesinfo.fr\/gerardmerinfo\/2019\/11\/meeting-de-perche-arthur-schild-a-4m40\/","url":"https:\/\/vosgesinfo.fr\/gerardmerinfo\/2019\/11\/meeting-de-perche-arthur-schild-a-4m40\/","name":"Meeting de perche : Arthur Schild \u00e0 4m40 - Gerardmer Info","isPartOf":{"@id":"https:\/\/vosgesinfo.fr\/gerardmerinfo\/#website"},"primaryImageOfPage":{"@id":"https:\/\/vosgesinfo.fr\/gerardmerinfo\/2019\/11\/meeting-de-perche-arthur-schild-a-4m40\/#primaryimage"},"image":{"@id":"https:\/\/vosgesinfo.fr\/gerardmerinfo\/2019\/11\/meeting-de-perche-arthur-schild-a-4m40\/#primaryimage"},"thumbnailUrl":"https:\/\/vosgesinfo.fr\/app\/uploads\/sites\/6\/2024\/07\/201911antoine-bonniec-a-3m40.jpg","datePublished":"2019-11-17T09:15:58+00:00","dateModified":"2019-11-17T09:15:58+00:00","breadcrumb":{"@id":"https:\/\/vosgesinfo.fr\/gerardmerinfo\/2019\/11\/meeting-de-perche-arthur-schild-a-4m40\/#breadcrumb"},"inLanguage":"fr-FR","potentialAction":[{"@type":"ReadAction","target":["https:\/\/vosgesinfo.fr\/gerardmerinfo\/2019\/11\/meeting-de-perche-arthur-schild-a-4m40\/"]}]},{"@type":"ImageObject","inLanguage":"fr-FR","@id":"https:\/\/vosgesinfo.fr\/gerardmerinfo\/2019\/11\/meeting-de-perche-arthur-schild-a-4m40\/#primaryimage","url":"https:\/\/vosgesinfo.fr\/app\/uploads\/sites\/6\/2024\/07\/201911antoine-bonniec-a-3m40.jpg","contentUrl":"https:\/\/vosgesinfo.fr\/app\/uploads\/sites\/6\/2024\/07\/201911antoine-bonniec-a-3m40.jpg","width":800,"height":600},{"@type":"BreadcrumbList","@id":"https:\/\/vosgesinfo.fr\/gerardmerinfo\/2019\/11\/meeting-de-perche-arthur-schild-a-4m40\/#breadcrumb","itemListElement":[{"@type":"ListItem","position":1,"name":"Home","item":"https:\/\/vosgesinfo.fr\/gerardmerinfo\/"},{"@type":"ListItem","position":2,"name":"Meeting de perche : Arthur Schild \u00e0 4m40"}]},{"@type":"WebSite","@id":"https:\/\/vosgesinfo.fr\/gerardmerinfo\/#website","url":"https:\/\/vosgesinfo.fr\/gerardmerinfo\/","name":"Gerardmer Info","description":"Toute l&#039;actualit\u00e9 de G\u00e9rardmer","publisher":{"@id":"https:\/\/vosgesinfo.fr\/gerardmerinfo\/#organization"},"alternateName":"Toute l'actualit\u00e9 de G\u00e9rardmer","potentialAction":[{"@type":"SearchAction","target":{"@type":"EntryPoint","urlTemplate":"https:\/\/vosgesinfo.fr\/gerardmerinfo\/?s={search_term_string}"},"query-input":"required name=search_term_string"}],"inLanguage":"fr-FR"},{"@type":"Organization","@id":"https:\/\/vosgesinfo.fr\/gerardmerinfo\/#organization","name":"Gerardmer Info","url":"https:\/\/vosgesinfo.fr\/gerardmerinfo\/","logo":{"@type":"ImageObject","inLanguage":"fr-FR","@id":"https:\/\/vosgesinfo.fr\/gerardmerinfo\/#\/schema\/logo\/image\/","url":"https:\/\/vosgesinfo.fr\/app\/uploads\/sites\/6\/2023\/08\/favicon-gerardmerinfo.png","contentUrl":"https:\/\/vosgesinfo.fr\/app\/uploads\/sites\/6\/2023\/08\/favicon-gerardmerinfo.png","width":512,"height":512,"caption":"Gerardmer Info"},"image":{"@id":"https:\/\/vosgesinfo.fr\/gerardmerinfo\/#\/schema\/logo\/image\/"},"sameAs":["https:\/\/www.facebook.com\/profile.php?id=100049475262660","https:\/\/x.com\/VosgesInfo88","https:\/\/www.youtube.com\/@vosgesinfo"]},{"@type":"Person","@id":"https:\/\/vosgesinfo.fr\/gerardmerinfo\/#\/schema\/person\/db5605779a843dad16b5368f3e7613a5","name":"QG","image":{"@type":"ImageObject","inLanguage":"fr-FR","@id":"https:\/\/vosgesinfo.fr\/gerardmerinfo\/#\/schema\/person\/image\/","url":"https:\/\/secure.gravatar.com\/avatar\/ea80c42c204b534408512832fde52504ecabb9706bcb6151cf6175e5b64e6793?s=96&d=mm&r=g","contentUrl":"https:\/\/secure.gravatar.com\/avatar\/ea80c42c204b534408512832fde52504ecabb9706bcb6151cf6175e5b64e6793?s=96&d=mm&r=g","caption":"QG"},"url":"https:\/\/vosgesinfo.fr\/gerardmerinfo\/author\/quentin88\/"}]}},"_links":{"self":[{"href":"https:\/\/vosgesinfo.fr\/gerardmerinfo\/wp-json\/wp\/v2\/posts\/45168","targetHints":{"allow":["GET"]}}],"collection":[{"href":"https:\/\/vosgesinfo.fr\/gerardmerinfo\/wp-json\/wp\/v2\/posts"}],"about":[{"href":"https:\/\/vosgesinfo.fr\/gerardmerinfo\/wp-json\/wp\/v2\/types\/post"}],"author":[{"embeddable":true,"href":"https:\/\/vosgesinfo.fr\/gerardmerinfo\/wp-json\/wp\/v2\/users\/42"}],"replies":[{"embeddable":true,"href":"https:\/\/vosgesinfo.fr\/gerardmerinfo\/wp-json\/wp\/v2\/comments?post=45168"}],"version-history":[{"count":0,"href":"https:\/\/vosgesinfo.fr\/gerardmerinfo\/wp-json\/wp\/v2\/posts\/45168\/revisions"}],"wp:featuredmedia":[{"embeddable":true,"href":"https:\/\/vosgesinfo.fr\/gerardmerinfo\/wp-json\/wp\/v2\/media\/45169"}],"wp:attachment":[{"href":"https:\/\/vosgesinfo.fr\/gerardmerinfo\/wp-json\/wp\/v2\/media?parent=45168"}],"wp:term":[{"taxonomy":"category","embeddable":true,"href":"https:\/\/vosgesinfo.fr\/gerardmerinfo\/wp-json\/wp\/v2\/categories?post=45168"},{"taxonomy":"post_tag","embeddable":true,"href":"https:\/\/vosgesinfo.fr\/gerardmerinfo\/wp-json\/wp\/v2\/tags?post=45168"}],"curies":[{"name":"wp","href":"https:\/\/api.w.org\/{rel}","templated":true}]}}