{"id":45375,"date":"2019-11-29T16:30:33","date_gmt":"2019-11-29T15:30:33","guid":{"rendered":"https:\/\/vosgesinfo.fr\/gerardmerinfo\/2019\/11\/paroisse-saint-gerard-de-vallee-lacs-1er-dimanche-de-lavent\/"},"modified":"2019-11-29T16:30:33","modified_gmt":"2019-11-29T15:30:33","slug":"paroisse-saint-gerard-de-vallee-lacs-1er-dimanche-de-lavent","status":"publish","type":"post","link":"https:\/\/vosgesinfo.fr\/gerardmerinfo\/2019\/11\/paroisse-saint-gerard-de-vallee-lacs-1er-dimanche-de-lavent\/","title":{"rendered":"La paroisse Saint G\u00e9rard de la Vall\u00e9e des Lacs et le 1er dimanche de l\u2019Avent."},"content":{"rendered":"<p style=\"text-align: center;\"><strong>La paroisse Saint G\u00e9rard de la Vall\u00e9e des Lacs<\/strong><\/p>\n<p style=\"text-align: center;\"><strong>Et le 1er dimanche de l\u2019Avent.<\/strong><\/p>\n<p>\u00ab\u00a0La p\u00e9riode de l &lsquo;Avent est un temps de dynamisme spirituel pour accueillir la joie de No\u00ebl en essayant de d\u00e9couvrir les signes de la Pr\u00e9sence de Dieu dans la vie chr\u00e9tienne personnelle, dans la vie de l &lsquo;Eglise et dans la vie de notre monde. Alors la lumi\u00e8re de No\u00ebl sera bien une esp\u00e9rance, une r\u00e9alit\u00e9 et pas une incantation !<\/p>\n<p>En ce 1er dimanche de l\u2019Avent, la paroisse Saint G\u00e9rard, qui rassemble 4 clochers (G\u00e9rardmer, La Tholy, Liezey et Xonrupt) fait sa rentr\u00e9e, sous le mode du regroupement et de la visibilit\u00e9 : occasion de refaire nos forces, de red\u00e9couvrir des secteurs de la vie de la paroisse que nous connaissons peut-\u00eatre peu (on sera surpris de la la diversit\u00e9 et de la richesse de la vie chr\u00e9tienne ) occasion aussi d\u2019\u00e9largir notre regard pour \u00e9viter un repli sur soi. Ainsi tr\u00e8s modestement, nous honorerons l&rsquo;invitation traditionnelle de l&rsquo;Avent \u00a0\u00bb pr\u00e9parer les chemins du Seigneur \u00ab\u00a0, pr\u00e9paration qui cr\u00e9era une communion dans la paroisse pour t\u00e9moigner de notre attente et de notre d\u00e9sir d&rsquo;accueillir J\u00e9sus-Christ Dieu venu dans notre histoire.\u00a0\u00bb<\/p>\n","protected":false},"excerpt":{"rendered":"<p>La paroisse Saint G\u00e9rard de la Vall\u00e9e des Lacs Et le 1er dimanche de l\u2019Avent. \u00ab\u00a0La p\u00e9riode de l &lsquo;Avent [&hellip;]<\/p>\n","protected":false},"author":1,"featured_media":45376,"comment_status":"open","ping_status":"open","sticky":false,"template":"","format":"standard","meta":{"footnotes":""},"categories":[20,17],"tags":[270],"class_list":["post-45375","post","type-post","status-publish","format-standard","has-post-thumbnail","hentry","category-a-la-une","category-vie-associative","tag-paroisse-saint-gerard-de-la-vallee-des-lacs"],"acf":[],"yoast_head":"<!-- This site is optimized with the Yoast SEO plugin v22.5 - https:\/\/yoast.com\/wordpress\/plugins\/seo\/ -->\n<title>La paroisse Saint G\u00e9rard de la Vall\u00e9e des Lacs et le 1er dimanche de l\u2019Avent. - Gerardmer Info<\/title>\n<meta name=\"robots\" content=\"index, follow, max-snippet:-1, max-image-preview:large, max-video-preview:-1\" \/>\n<link rel=\"canonical\" href=\"https:\/\/vosgesinfo.fr\/gerardmerinfo\/2019\/11\/paroisse-saint-gerard-de-vallee-lacs-1er-dimanche-de-lavent\/\" \/>\n<meta name=\"twitter:card\" content=\"summary_large_image\" \/>\n<meta name=\"twitter:title\" content=\"La paroisse Saint G\u00e9rard de la Vall\u00e9e des Lacs et le 1er dimanche de l\u2019Avent. - Gerardmer Info\" \/>\n<meta name=\"twitter:description\" content=\"La paroisse Saint G\u00e9rard de la Vall\u00e9e des Lacs Et le 1er dimanche de l\u2019Avent. \u00ab\u00a0La p\u00e9riode de l &lsquo;Avent [&hellip;]\" \/>\n<meta name=\"twitter:image\" content=\"https:\/\/vosgesinfo.fr\/app\/uploads\/sites\/6\/2024\/07\/201601orgue-5.jpg\" \/>\n<meta name=\"twitter:creator\" content=\"@VosgesInfo88\" \/>\n<meta name=\"twitter:site\" content=\"@VosgesInfo88\" \/>\n<meta name=\"twitter:label1\" content=\"\u00c9crit par\" \/>\n\t<meta name=\"twitter:data1\" content=\"qs_admin\" \/>\n\t<meta name=\"twitter:label2\" content=\"Dur\u00e9e de lecture estim\u00e9e\" \/>\n\t<meta name=\"twitter:data2\" content=\"1 minute\" \/>\n<script type=\"application\/ld+json\" class=\"yoast-schema-graph\">{\"@context\":\"https:\/\/schema.org\",\"@graph\":[{\"@type\":\"Article\",\"@id\":\"https:\/\/vosgesinfo.fr\/gerardmerinfo\/2019\/11\/paroisse-saint-gerard-de-vallee-lacs-1er-dimanche-de-lavent\/#article\",\"isPartOf\":{\"@id\":\"https:\/\/vosgesinfo.fr\/gerardmerinfo\/2019\/11\/paroisse-saint-gerard-de-vallee-lacs-1er-dimanche-de-lavent\/\"},\"author\":{\"name\":\"qs_admin\",\"@id\":\"https:\/\/vosgesinfo.fr\/gerardmerinfo\/#\/schema\/person\/bc5d02d71e6932e81b6dadb7386667b1\"},\"headline\":\"La paroisse Saint G\u00e9rard de la Vall\u00e9e des Lacs et le 1er dimanche de l\u2019Avent.\",\"datePublished\":\"2019-11-29T15:30:33+00:00\",\"dateModified\":\"2019-11-29T15:30:33+00:00\",\"mainEntityOfPage\":{\"@id\":\"https:\/\/vosgesinfo.fr\/gerardmerinfo\/2019\/11\/paroisse-saint-gerard-de-vallee-lacs-1er-dimanche-de-lavent\/\"},\"wordCount\":239,\"commentCount\":0,\"publisher\":{\"@id\":\"https:\/\/vosgesinfo.fr\/gerardmerinfo\/#organization\"},\"image\":{\"@id\":\"https:\/\/vosgesinfo.fr\/gerardmerinfo\/2019\/11\/paroisse-saint-gerard-de-vallee-lacs-1er-dimanche-de-lavent\/#primaryimage\"},\"thumbnailUrl\":\"https:\/\/vosgesinfo.fr\/app\/uploads\/sites\/6\/2024\/07\/201601orgue-5.jpg\",\"keywords\":[\"paroisse saint G\u00e9rard de la Vall\u00e9e des lacs\"],\"articleSection\":[\"A la une\",\"Vie Associative\"],\"inLanguage\":\"fr-FR\",\"potentialAction\":[{\"@type\":\"CommentAction\",\"name\":\"Comment\",\"target\":[\"https:\/\/vosgesinfo.fr\/gerardmerinfo\/2019\/11\/paroisse-saint-gerard-de-vallee-lacs-1er-dimanche-de-lavent\/#respond\"]}]},{\"@type\":\"WebPage\",\"@id\":\"https:\/\/vosgesinfo.fr\/gerardmerinfo\/2019\/11\/paroisse-saint-gerard-de-vallee-lacs-1er-dimanche-de-lavent\/\",\"url\":\"https:\/\/vosgesinfo.fr\/gerardmerinfo\/2019\/11\/paroisse-saint-gerard-de-vallee-lacs-1er-dimanche-de-lavent\/\",\"name\":\"La paroisse Saint G\u00e9rard de la Vall\u00e9e des Lacs et le 1er dimanche de l\u2019Avent. - Gerardmer Info\",\"isPartOf\":{\"@id\":\"https:\/\/vosgesinfo.fr\/gerardmerinfo\/#website\"},\"primaryImageOfPage\":{\"@id\":\"https:\/\/vosgesinfo.fr\/gerardmerinfo\/2019\/11\/paroisse-saint-gerard-de-vallee-lacs-1er-dimanche-de-lavent\/#primaryimage\"},\"image\":{\"@id\":\"https:\/\/vosgesinfo.fr\/gerardmerinfo\/2019\/11\/paroisse-saint-gerard-de-vallee-lacs-1er-dimanche-de-lavent\/#primaryimage\"},\"thumbnailUrl\":\"https:\/\/vosgesinfo.fr\/app\/uploads\/sites\/6\/2024\/07\/201601orgue-5.jpg\",\"datePublished\":\"2019-11-29T15:30:33+00:00\",\"dateModified\":\"2019-11-29T15:30:33+00:00\",\"breadcrumb\":{\"@id\":\"https:\/\/vosgesinfo.fr\/gerardmerinfo\/2019\/11\/paroisse-saint-gerard-de-vallee-lacs-1er-dimanche-de-lavent\/#breadcrumb\"},\"inLanguage\":\"fr-FR\",\"potentialAction\":[{\"@type\":\"ReadAction\",\"target\":[\"https:\/\/vosgesinfo.fr\/gerardmerinfo\/2019\/11\/paroisse-saint-gerard-de-vallee-lacs-1er-dimanche-de-lavent\/\"]}]},{\"@type\":\"ImageObject\",\"inLanguage\":\"fr-FR\",\"@id\":\"https:\/\/vosgesinfo.fr\/gerardmerinfo\/2019\/11\/paroisse-saint-gerard-de-vallee-lacs-1er-dimanche-de-lavent\/#primaryimage\",\"url\":\"https:\/\/vosgesinfo.fr\/app\/uploads\/sites\/6\/2024\/07\/201601orgue-5.jpg\",\"contentUrl\":\"https:\/\/vosgesinfo.fr\/app\/uploads\/sites\/6\/2024\/07\/201601orgue-5.jpg\",\"width\":1024,\"height\":768},{\"@type\":\"BreadcrumbList\",\"@id\":\"https:\/\/vosgesinfo.fr\/gerardmerinfo\/2019\/11\/paroisse-saint-gerard-de-vallee-lacs-1er-dimanche-de-lavent\/#breadcrumb\",\"itemListElement\":[{\"@type\":\"ListItem\",\"position\":1,\"name\":\"Home\",\"item\":\"https:\/\/vosgesinfo.fr\/gerardmerinfo\/\"},{\"@type\":\"ListItem\",\"position\":2,\"name\":\"La paroisse Saint G\u00e9rard de la Vall\u00e9e des Lacs et le 1er dimanche de l\u2019Avent.\"}]},{\"@type\":\"WebSite\",\"@id\":\"https:\/\/vosgesinfo.fr\/gerardmerinfo\/#website\",\"url\":\"https:\/\/vosgesinfo.fr\/gerardmerinfo\/\",\"name\":\"Gerardmer Info\",\"description\":\"Toute l&#039;actualit\u00e9 de G\u00e9rardmer\",\"publisher\":{\"@id\":\"https:\/\/vosgesinfo.fr\/gerardmerinfo\/#organization\"},\"alternateName\":\"Toute l'actualit\u00e9 de G\u00e9rardmer\",\"potentialAction\":[{\"@type\":\"SearchAction\",\"target\":{\"@type\":\"EntryPoint\",\"urlTemplate\":\"https:\/\/vosgesinfo.fr\/gerardmerinfo\/?s={search_term_string}\"},\"query-input\":\"required name=search_term_string\"}],\"inLanguage\":\"fr-FR\"},{\"@type\":\"Organization\",\"@id\":\"https:\/\/vosgesinfo.fr\/gerardmerinfo\/#organization\",\"name\":\"Gerardmer Info\",\"url\":\"https:\/\/vosgesinfo.fr\/gerardmerinfo\/\",\"logo\":{\"@type\":\"ImageObject\",\"inLanguage\":\"fr-FR\",\"@id\":\"https:\/\/vosgesinfo.fr\/gerardmerinfo\/#\/schema\/logo\/image\/\",\"url\":\"https:\/\/vosgesinfo.fr\/app\/uploads\/sites\/6\/2023\/08\/favicon-gerardmerinfo.png\",\"contentUrl\":\"https:\/\/vosgesinfo.fr\/app\/uploads\/sites\/6\/2023\/08\/favicon-gerardmerinfo.png\",\"width\":512,\"height\":512,\"caption\":\"Gerardmer Info\"},\"image\":{\"@id\":\"https:\/\/vosgesinfo.fr\/gerardmerinfo\/#\/schema\/logo\/image\/\"},\"sameAs\":[\"https:\/\/www.facebook.com\/profile.php?id=100049475262660\",\"https:\/\/x.com\/VosgesInfo88\",\"https:\/\/www.youtube.com\/@vosgesinfo\"]},{\"@type\":\"Person\",\"@id\":\"https:\/\/vosgesinfo.fr\/gerardmerinfo\/#\/schema\/person\/bc5d02d71e6932e81b6dadb7386667b1\",\"name\":\"qs_admin\",\"image\":{\"@type\":\"ImageObject\",\"inLanguage\":\"fr-FR\",\"@id\":\"https:\/\/vosgesinfo.fr\/gerardmerinfo\/#\/schema\/person\/image\/\",\"url\":\"https:\/\/secure.gravatar.com\/avatar\/94b18ee0ed79e4a42ea2f2931277b6841a8999fc6fde214600c78057cf1fe1de?s=96&d=mm&r=g\",\"contentUrl\":\"https:\/\/secure.gravatar.com\/avatar\/94b18ee0ed79e4a42ea2f2931277b6841a8999fc6fde214600c78057cf1fe1de?s=96&d=mm&r=g\",\"caption\":\"qs_admin\"},\"sameAs\":[\"https:\/\/vosgesinfo.fr\/wp\"],\"url\":\"https:\/\/vosgesinfo.fr\/gerardmerinfo\/author\/qs_admin\/\"}]}<\/script>\n<!-- \/ Yoast SEO plugin. -->","yoast_head_json":{"title":"La paroisse Saint G\u00e9rard de la Vall\u00e9e des Lacs et le 1er dimanche de l\u2019Avent. - Gerardmer Info","robots":{"index":"index","follow":"follow","max-snippet":"max-snippet:-1","max-image-preview":"max-image-preview:large","max-video-preview":"max-video-preview:-1"},"canonical":"https:\/\/vosgesinfo.fr\/gerardmerinfo\/2019\/11\/paroisse-saint-gerard-de-vallee-lacs-1er-dimanche-de-lavent\/","twitter_card":"summary_large_image","twitter_title":"La paroisse Saint G\u00e9rard de la Vall\u00e9e des Lacs et le 1er dimanche de l\u2019Avent. - Gerardmer Info","twitter_description":"La paroisse Saint G\u00e9rard de la Vall\u00e9e des Lacs Et le 1er dimanche de l\u2019Avent. \u00ab\u00a0La p\u00e9riode de l &lsquo;Avent [&hellip;]","twitter_image":"https:\/\/vosgesinfo.fr\/app\/uploads\/sites\/6\/2024\/07\/201601orgue-5.jpg","twitter_creator":"@VosgesInfo88","twitter_site":"@VosgesInfo88","twitter_misc":{"\u00c9crit par":"qs_admin","Dur\u00e9e de lecture estim\u00e9e":"1 minute"},"schema":{"@context":"https:\/\/schema.org","@graph":[{"@type":"Article","@id":"https:\/\/vosgesinfo.fr\/gerardmerinfo\/2019\/11\/paroisse-saint-gerard-de-vallee-lacs-1er-dimanche-de-lavent\/#article","isPartOf":{"@id":"https:\/\/vosgesinfo.fr\/gerardmerinfo\/2019\/11\/paroisse-saint-gerard-de-vallee-lacs-1er-dimanche-de-lavent\/"},"author":{"name":"qs_admin","@id":"https:\/\/vosgesinfo.fr\/gerardmerinfo\/#\/schema\/person\/bc5d02d71e6932e81b6dadb7386667b1"},"headline":"La paroisse Saint G\u00e9rard de la Vall\u00e9e des Lacs et le 1er dimanche de l\u2019Avent.","datePublished":"2019-11-29T15:30:33+00:00","dateModified":"2019-11-29T15:30:33+00:00","mainEntityOfPage":{"@id":"https:\/\/vosgesinfo.fr\/gerardmerinfo\/2019\/11\/paroisse-saint-gerard-de-vallee-lacs-1er-dimanche-de-lavent\/"},"wordCount":239,"commentCount":0,"publisher":{"@id":"https:\/\/vosgesinfo.fr\/gerardmerinfo\/#organization"},"image":{"@id":"https:\/\/vosgesinfo.fr\/gerardmerinfo\/2019\/11\/paroisse-saint-gerard-de-vallee-lacs-1er-dimanche-de-lavent\/#primaryimage"},"thumbnailUrl":"https:\/\/vosgesinfo.fr\/app\/uploads\/sites\/6\/2024\/07\/201601orgue-5.jpg","keywords":["paroisse saint G\u00e9rard de la Vall\u00e9e des lacs"],"articleSection":["A la une","Vie Associative"],"inLanguage":"fr-FR","potentialAction":[{"@type":"CommentAction","name":"Comment","target":["https:\/\/vosgesinfo.fr\/gerardmerinfo\/2019\/11\/paroisse-saint-gerard-de-vallee-lacs-1er-dimanche-de-lavent\/#respond"]}]},{"@type":"WebPage","@id":"https:\/\/vosgesinfo.fr\/gerardmerinfo\/2019\/11\/paroisse-saint-gerard-de-vallee-lacs-1er-dimanche-de-lavent\/","url":"https:\/\/vosgesinfo.fr\/gerardmerinfo\/2019\/11\/paroisse-saint-gerard-de-vallee-lacs-1er-dimanche-de-lavent\/","name":"La paroisse Saint G\u00e9rard de la Vall\u00e9e des Lacs et le 1er dimanche de l\u2019Avent. - Gerardmer Info","isPartOf":{"@id":"https:\/\/vosgesinfo.fr\/gerardmerinfo\/#website"},"primaryImageOfPage":{"@id":"https:\/\/vosgesinfo.fr\/gerardmerinfo\/2019\/11\/paroisse-saint-gerard-de-vallee-lacs-1er-dimanche-de-lavent\/#primaryimage"},"image":{"@id":"https:\/\/vosgesinfo.fr\/gerardmerinfo\/2019\/11\/paroisse-saint-gerard-de-vallee-lacs-1er-dimanche-de-lavent\/#primaryimage"},"thumbnailUrl":"https:\/\/vosgesinfo.fr\/app\/uploads\/sites\/6\/2024\/07\/201601orgue-5.jpg","datePublished":"2019-11-29T15:30:33+00:00","dateModified":"2019-11-29T15:30:33+00:00","breadcrumb":{"@id":"https:\/\/vosgesinfo.fr\/gerardmerinfo\/2019\/11\/paroisse-saint-gerard-de-vallee-lacs-1er-dimanche-de-lavent\/#breadcrumb"},"inLanguage":"fr-FR","potentialAction":[{"@type":"ReadAction","target":["https:\/\/vosgesinfo.fr\/gerardmerinfo\/2019\/11\/paroisse-saint-gerard-de-vallee-lacs-1er-dimanche-de-lavent\/"]}]},{"@type":"ImageObject","inLanguage":"fr-FR","@id":"https:\/\/vosgesinfo.fr\/gerardmerinfo\/2019\/11\/paroisse-saint-gerard-de-vallee-lacs-1er-dimanche-de-lavent\/#primaryimage","url":"https:\/\/vosgesinfo.fr\/app\/uploads\/sites\/6\/2024\/07\/201601orgue-5.jpg","contentUrl":"https:\/\/vosgesinfo.fr\/app\/uploads\/sites\/6\/2024\/07\/201601orgue-5.jpg","width":1024,"height":768},{"@type":"BreadcrumbList","@id":"https:\/\/vosgesinfo.fr\/gerardmerinfo\/2019\/11\/paroisse-saint-gerard-de-vallee-lacs-1er-dimanche-de-lavent\/#breadcrumb","itemListElement":[{"@type":"ListItem","position":1,"name":"Home","item":"https:\/\/vosgesinfo.fr\/gerardmerinfo\/"},{"@type":"ListItem","position":2,"name":"La paroisse Saint G\u00e9rard de la Vall\u00e9e des Lacs et le 1er dimanche de l\u2019Avent."}]},{"@type":"WebSite","@id":"https:\/\/vosgesinfo.fr\/gerardmerinfo\/#website","url":"https:\/\/vosgesinfo.fr\/gerardmerinfo\/","name":"Gerardmer Info","description":"Toute l&#039;actualit\u00e9 de G\u00e9rardmer","publisher":{"@id":"https:\/\/vosgesinfo.fr\/gerardmerinfo\/#organization"},"alternateName":"Toute l'actualit\u00e9 de G\u00e9rardmer","potentialAction":[{"@type":"SearchAction","target":{"@type":"EntryPoint","urlTemplate":"https:\/\/vosgesinfo.fr\/gerardmerinfo\/?s={search_term_string}"},"query-input":"required name=search_term_string"}],"inLanguage":"fr-FR"},{"@type":"Organization","@id":"https:\/\/vosgesinfo.fr\/gerardmerinfo\/#organization","name":"Gerardmer Info","url":"https:\/\/vosgesinfo.fr\/gerardmerinfo\/","logo":{"@type":"ImageObject","inLanguage":"fr-FR","@id":"https:\/\/vosgesinfo.fr\/gerardmerinfo\/#\/schema\/logo\/image\/","url":"https:\/\/vosgesinfo.fr\/app\/uploads\/sites\/6\/2023\/08\/favicon-gerardmerinfo.png","contentUrl":"https:\/\/vosgesinfo.fr\/app\/uploads\/sites\/6\/2023\/08\/favicon-gerardmerinfo.png","width":512,"height":512,"caption":"Gerardmer Info"},"image":{"@id":"https:\/\/vosgesinfo.fr\/gerardmerinfo\/#\/schema\/logo\/image\/"},"sameAs":["https:\/\/www.facebook.com\/profile.php?id=100049475262660","https:\/\/x.com\/VosgesInfo88","https:\/\/www.youtube.com\/@vosgesinfo"]},{"@type":"Person","@id":"https:\/\/vosgesinfo.fr\/gerardmerinfo\/#\/schema\/person\/bc5d02d71e6932e81b6dadb7386667b1","name":"qs_admin","image":{"@type":"ImageObject","inLanguage":"fr-FR","@id":"https:\/\/vosgesinfo.fr\/gerardmerinfo\/#\/schema\/person\/image\/","url":"https:\/\/secure.gravatar.com\/avatar\/94b18ee0ed79e4a42ea2f2931277b6841a8999fc6fde214600c78057cf1fe1de?s=96&d=mm&r=g","contentUrl":"https:\/\/secure.gravatar.com\/avatar\/94b18ee0ed79e4a42ea2f2931277b6841a8999fc6fde214600c78057cf1fe1de?s=96&d=mm&r=g","caption":"qs_admin"},"sameAs":["https:\/\/vosgesinfo.fr\/wp"],"url":"https:\/\/vosgesinfo.fr\/gerardmerinfo\/author\/qs_admin\/"}]}},"_links":{"self":[{"href":"https:\/\/vosgesinfo.fr\/gerardmerinfo\/wp-json\/wp\/v2\/posts\/45375","targetHints":{"allow":["GET"]}}],"collection":[{"href":"https:\/\/vosgesinfo.fr\/gerardmerinfo\/wp-json\/wp\/v2\/posts"}],"about":[{"href":"https:\/\/vosgesinfo.fr\/gerardmerinfo\/wp-json\/wp\/v2\/types\/post"}],"author":[{"embeddable":true,"href":"https:\/\/vosgesinfo.fr\/gerardmerinfo\/wp-json\/wp\/v2\/users\/1"}],"replies":[{"embeddable":true,"href":"https:\/\/vosgesinfo.fr\/gerardmerinfo\/wp-json\/wp\/v2\/comments?post=45375"}],"version-history":[{"count":0,"href":"https:\/\/vosgesinfo.fr\/gerardmerinfo\/wp-json\/wp\/v2\/posts\/45375\/revisions"}],"wp:featuredmedia":[{"embeddable":true,"href":"https:\/\/vosgesinfo.fr\/gerardmerinfo\/wp-json\/wp\/v2\/media\/45376"}],"wp:attachment":[{"href":"https:\/\/vosgesinfo.fr\/gerardmerinfo\/wp-json\/wp\/v2\/media?parent=45375"}],"wp:term":[{"taxonomy":"category","embeddable":true,"href":"https:\/\/vosgesinfo.fr\/gerardmerinfo\/wp-json\/wp\/v2\/categories?post=45375"},{"taxonomy":"post_tag","embeddable":true,"href":"https:\/\/vosgesinfo.fr\/gerardmerinfo\/wp-json\/wp\/v2\/tags?post=45375"}],"curies":[{"name":"wp","href":"https:\/\/api.w.org\/{rel}","templated":true}]}}