{"id":45382,"date":"2019-11-29T18:38:58","date_gmt":"2019-11-29T17:38:58","guid":{"rendered":"https:\/\/vosgesinfo.fr\/gerardmerinfo\/2019\/11\/gastronomian-histoire-de-gout\/"},"modified":"2019-11-29T18:38:58","modified_gmt":"2019-11-29T17:38:58","slug":"gastronomian-histoire-de-gout","status":"publish","type":"post","link":"https:\/\/vosgesinfo.fr\/gerardmerinfo\/2019\/11\/gastronomian-histoire-de-gout\/","title":{"rendered":"Gastrono&rsquo;Mian, une histoire de go\u00fbt"},"content":{"rendered":"\n<p>22 vl&rsquo;a le Gastrono&rsquo;Miam, ou le salon des vins et produits du terroir de G\u00e9rardmer inaugur\u00e9 ce vendredi soir en pr\u00e9sence du mairie Stessy Speissmann. Pour la 22\u00e8me fois, l&rsquo;\u00e9v\u00e9nement s&rsquo;installe \u00e0 l&rsquo;Espace Lac, trois semaines avant le d\u00e9but des f\u00eates de fin d&rsquo;ann\u00e9e. Autrement dit \u00e7a fleure bon les diff\u00e9rents tanins et les odeurs de fromages, charcuterie, miel, ou encore de chocolat en tout genre.<\/p>\n<p>Tous les vignobles fran\u00e7ais sont une nouvelle fois repr\u00e9sent\u00e9s : Alsace, Champagne, Lorraine, Jura, Bourgogne, vins du Rh\u00f4ne et m\u00e9diterran\u00e9ens, vins des Pays de Loire, du Bordelais et vins du Sud-Ouest<\/p>\n<p>Les charcuteries de l\u2019Ard\u00e8che sont pr\u00e9sentes, de l\u2019Aveyron, les fameux fum\u00e9s vosgiens aussi\u2026 ou encore Le Colombier salixien, de Saulcy, pr\u00e9sentant ses pigeonneaux, terrines de pigeon, rillettes de pigeon.<\/p>\n<p>C\u00f4t\u00e9 fromages, l\u2019Aveyron est au c\u0153ur du salon, comme encore une fois l\u2019Ard\u00e8che\u00a0 accompagn\u00e9s par les Fruiti\u00e8res du plateau de Nozeroy et ses r\u00e9put\u00e9s fromages de Franche-Comt\u00e9.<\/p>\n<p>Au rayon des nouveaut\u00e9s, le salon s&rsquo;appuie sur le savoir-faire des producteurs vosgiens fabricants de biscuits et p\u00e2tes de fruits en provenance de Senaide. On y trouve \u00e9galement des mirabelles et quetsches au sirop, de l\u2019huile de noix produits \u00e0 Rouves la Ch\u00e9tive ou encore l&rsquo;entreprise artisanale Vosg\u2019Bocaux, install\u00e9e \u00e0 Vagney, sp\u00e9cialiste de\u00a0 conserves de produits locaux.<\/p>\n<p>Et puis il y a l\u2019incontournable stand des olives, tapenades, tomates proven\u00e7ales. Le stand\u00a0 s&rsquo;offre telle une v\u00e9ritable mise en bouche du Gastrono&rsquo;Mian, le bien nomm\u00e9.<\/p>\n<p>Un d\u00e9tour s&rsquo;impose jusqu\u2019\u00e0 dimanche soir au risque de louper l&rsquo;essentiel.<\/p>\n<p>Un petit clin d\u2019\u0153il \u00e0 Pascal B\u00e9del, conseiller municipal disparu il y a\u00a0 seulement quelques mois et qui, en bon \u00e9picurien, ne manquait pas l&rsquo;inauguration du salon<\/p>\n<p><strong>Informations pratiques :<\/strong><\/p>\n<p>Le programme des d\u00e9monstrations et animations<\/p>\n<p>Samedi 30 novembre \u2013 14h-17h : Jeux \u0153nologiques avec les Oenophiles G\u00e9r\u00f4mois. \u2013 14h30 : d\u00e9monstration gourmande avec Schmitt Chocolatiers<\/p>\n<p>\u2013 16h : d\u00e9monstration culinaire avec Julien Chrisment, professeur au lyc\u00e9e JBS Chardin<\/p>\n<p>Dimanche 1er d\u00e9cembre \u2013 14h-17h : Jeux \u0153nologiques avec les Oenophiles G\u00e9r\u00f4mois. \u2013 14h30 : d\u00e9monstration de cocktails<\/p>\n<p>\u2013 16h : art floral avec Ludovic Voirin, artisan fleuriste du magasin L\u2019Hortensia \u00e0 G\u00e9rardmer<\/p>\n<p><strong>Gastrono\u2019miam a lieu au Centre de Congr\u00e8s Espace L.A.C<\/strong><\/p>\n<p>Le vendredi 29 novembre de 17h \u00e0 20h<\/p>\n<p>Le samedi 30 novembre de 10h \u00e0 20h<\/p>\n<p>Le dimanche 1er d\u00e9cembre de 10h \u00e0 18h.<\/p>\n<p><strong>Entr\u00e9e gratuite<\/strong><\/p>\n","protected":false},"excerpt":{"rendered":"<p>22 vl&rsquo;a le Gastrono&rsquo;Miam, ou le salon des vins et produits du terroir de G\u00e9rardmer inaugur\u00e9 ce vendredi soir en [&hellip;]<\/p>\n","protected":false},"author":1,"featured_media":45383,"comment_status":"open","ping_status":"open","sticky":false,"template":"","format":"standard","meta":{"footnotes":""},"categories":[20,24,18],"tags":[],"class_list":["post-45382","post","type-post","status-publish","format-standard","has-post-thumbnail","hentry","category-a-la-une","category-evenements","category-vosges"],"acf":[],"yoast_head":"<!-- This site is optimized with the Yoast SEO plugin v22.5 - https:\/\/yoast.com\/wordpress\/plugins\/seo\/ -->\n<title>Gastrono&#039;Mian, une histoire de go\u00fbt - Gerardmer Info<\/title>\n<meta name=\"robots\" content=\"index, follow, max-snippet:-1, max-image-preview:large, max-video-preview:-1\" \/>\n<link rel=\"canonical\" href=\"https:\/\/vosgesinfo.fr\/gerardmerinfo\/2019\/11\/gastronomian-histoire-de-gout\/\" \/>\n<meta name=\"twitter:card\" content=\"summary_large_image\" \/>\n<meta name=\"twitter:title\" content=\"Gastrono&#039;Mian, une histoire de go\u00fbt - Gerardmer Info\" \/>\n<meta name=\"twitter:description\" content=\"22 vl&rsquo;a le Gastrono&rsquo;Miam, ou le salon des vins et produits du terroir de G\u00e9rardmer inaugur\u00e9 ce vendredi soir en [&hellip;]\" \/>\n<meta name=\"twitter:image\" content=\"https:\/\/vosgesinfo.fr\/app\/uploads\/sites\/6\/2024\/07\/201911p1130776.jpg\" \/>\n<meta name=\"twitter:creator\" content=\"@VosgesInfo88\" \/>\n<meta name=\"twitter:site\" content=\"@VosgesInfo88\" \/>\n<meta name=\"twitter:label1\" content=\"\u00c9crit par\" \/>\n\t<meta name=\"twitter:data1\" content=\"qs_admin\" \/>\n\t<meta name=\"twitter:label2\" content=\"Dur\u00e9e de lecture estim\u00e9e\" \/>\n\t<meta name=\"twitter:data2\" content=\"2 minutes\" \/>\n<script type=\"application\/ld+json\" class=\"yoast-schema-graph\">{\"@context\":\"https:\/\/schema.org\",\"@graph\":[{\"@type\":\"Article\",\"@id\":\"https:\/\/vosgesinfo.fr\/gerardmerinfo\/2019\/11\/gastronomian-histoire-de-gout\/#article\",\"isPartOf\":{\"@id\":\"https:\/\/vosgesinfo.fr\/gerardmerinfo\/2019\/11\/gastronomian-histoire-de-gout\/\"},\"author\":{\"name\":\"qs_admin\",\"@id\":\"https:\/\/vosgesinfo.fr\/gerardmerinfo\/#\/schema\/person\/bc5d02d71e6932e81b6dadb7386667b1\"},\"headline\":\"Gastrono&rsquo;Mian, une histoire de go\u00fbt\",\"datePublished\":\"2019-11-29T17:38:58+00:00\",\"dateModified\":\"2019-11-29T17:38:58+00:00\",\"mainEntityOfPage\":{\"@id\":\"https:\/\/vosgesinfo.fr\/gerardmerinfo\/2019\/11\/gastronomian-histoire-de-gout\/\"},\"wordCount\":449,\"commentCount\":0,\"publisher\":{\"@id\":\"https:\/\/vosgesinfo.fr\/gerardmerinfo\/#organization\"},\"image\":{\"@id\":\"https:\/\/vosgesinfo.fr\/gerardmerinfo\/2019\/11\/gastronomian-histoire-de-gout\/#primaryimage\"},\"thumbnailUrl\":\"https:\/\/vosgesinfo.fr\/app\/uploads\/sites\/6\/2024\/07\/201911p1130776.jpg\",\"articleSection\":[\"A la une\",\"Ev\u00e8nements\",\"Vosges\"],\"inLanguage\":\"fr-FR\",\"potentialAction\":[{\"@type\":\"CommentAction\",\"name\":\"Comment\",\"target\":[\"https:\/\/vosgesinfo.fr\/gerardmerinfo\/2019\/11\/gastronomian-histoire-de-gout\/#respond\"]}]},{\"@type\":\"WebPage\",\"@id\":\"https:\/\/vosgesinfo.fr\/gerardmerinfo\/2019\/11\/gastronomian-histoire-de-gout\/\",\"url\":\"https:\/\/vosgesinfo.fr\/gerardmerinfo\/2019\/11\/gastronomian-histoire-de-gout\/\",\"name\":\"Gastrono'Mian, une histoire de go\u00fbt - Gerardmer Info\",\"isPartOf\":{\"@id\":\"https:\/\/vosgesinfo.fr\/gerardmerinfo\/#website\"},\"primaryImageOfPage\":{\"@id\":\"https:\/\/vosgesinfo.fr\/gerardmerinfo\/2019\/11\/gastronomian-histoire-de-gout\/#primaryimage\"},\"image\":{\"@id\":\"https:\/\/vosgesinfo.fr\/gerardmerinfo\/2019\/11\/gastronomian-histoire-de-gout\/#primaryimage\"},\"thumbnailUrl\":\"https:\/\/vosgesinfo.fr\/app\/uploads\/sites\/6\/2024\/07\/201911p1130776.jpg\",\"datePublished\":\"2019-11-29T17:38:58+00:00\",\"dateModified\":\"2019-11-29T17:38:58+00:00\",\"breadcrumb\":{\"@id\":\"https:\/\/vosgesinfo.fr\/gerardmerinfo\/2019\/11\/gastronomian-histoire-de-gout\/#breadcrumb\"},\"inLanguage\":\"fr-FR\",\"potentialAction\":[{\"@type\":\"ReadAction\",\"target\":[\"https:\/\/vosgesinfo.fr\/gerardmerinfo\/2019\/11\/gastronomian-histoire-de-gout\/\"]}]},{\"@type\":\"ImageObject\",\"inLanguage\":\"fr-FR\",\"@id\":\"https:\/\/vosgesinfo.fr\/gerardmerinfo\/2019\/11\/gastronomian-histoire-de-gout\/#primaryimage\",\"url\":\"https:\/\/vosgesinfo.fr\/app\/uploads\/sites\/6\/2024\/07\/201911p1130776.jpg\",\"contentUrl\":\"https:\/\/vosgesinfo.fr\/app\/uploads\/sites\/6\/2024\/07\/201911p1130776.jpg\",\"width\":800,\"height\":600},{\"@type\":\"BreadcrumbList\",\"@id\":\"https:\/\/vosgesinfo.fr\/gerardmerinfo\/2019\/11\/gastronomian-histoire-de-gout\/#breadcrumb\",\"itemListElement\":[{\"@type\":\"ListItem\",\"position\":1,\"name\":\"Home\",\"item\":\"https:\/\/vosgesinfo.fr\/gerardmerinfo\/\"},{\"@type\":\"ListItem\",\"position\":2,\"name\":\"Gastrono&rsquo;Mian, une histoire de go\u00fbt\"}]},{\"@type\":\"WebSite\",\"@id\":\"https:\/\/vosgesinfo.fr\/gerardmerinfo\/#website\",\"url\":\"https:\/\/vosgesinfo.fr\/gerardmerinfo\/\",\"name\":\"Gerardmer Info\",\"description\":\"Toute l&#039;actualit\u00e9 de G\u00e9rardmer\",\"publisher\":{\"@id\":\"https:\/\/vosgesinfo.fr\/gerardmerinfo\/#organization\"},\"alternateName\":\"Toute l'actualit\u00e9 de G\u00e9rardmer\",\"potentialAction\":[{\"@type\":\"SearchAction\",\"target\":{\"@type\":\"EntryPoint\",\"urlTemplate\":\"https:\/\/vosgesinfo.fr\/gerardmerinfo\/?s={search_term_string}\"},\"query-input\":\"required name=search_term_string\"}],\"inLanguage\":\"fr-FR\"},{\"@type\":\"Organization\",\"@id\":\"https:\/\/vosgesinfo.fr\/gerardmerinfo\/#organization\",\"name\":\"Gerardmer Info\",\"url\":\"https:\/\/vosgesinfo.fr\/gerardmerinfo\/\",\"logo\":{\"@type\":\"ImageObject\",\"inLanguage\":\"fr-FR\",\"@id\":\"https:\/\/vosgesinfo.fr\/gerardmerinfo\/#\/schema\/logo\/image\/\",\"url\":\"https:\/\/vosgesinfo.fr\/app\/uploads\/sites\/6\/2023\/08\/favicon-gerardmerinfo.png\",\"contentUrl\":\"https:\/\/vosgesinfo.fr\/app\/uploads\/sites\/6\/2023\/08\/favicon-gerardmerinfo.png\",\"width\":512,\"height\":512,\"caption\":\"Gerardmer Info\"},\"image\":{\"@id\":\"https:\/\/vosgesinfo.fr\/gerardmerinfo\/#\/schema\/logo\/image\/\"},\"sameAs\":[\"https:\/\/www.facebook.com\/profile.php?id=100049475262660\",\"https:\/\/x.com\/VosgesInfo88\",\"https:\/\/www.youtube.com\/@vosgesinfo\"]},{\"@type\":\"Person\",\"@id\":\"https:\/\/vosgesinfo.fr\/gerardmerinfo\/#\/schema\/person\/bc5d02d71e6932e81b6dadb7386667b1\",\"name\":\"qs_admin\",\"image\":{\"@type\":\"ImageObject\",\"inLanguage\":\"fr-FR\",\"@id\":\"https:\/\/vosgesinfo.fr\/gerardmerinfo\/#\/schema\/person\/image\/\",\"url\":\"https:\/\/secure.gravatar.com\/avatar\/94b18ee0ed79e4a42ea2f2931277b6841a8999fc6fde214600c78057cf1fe1de?s=96&d=mm&r=g\",\"contentUrl\":\"https:\/\/secure.gravatar.com\/avatar\/94b18ee0ed79e4a42ea2f2931277b6841a8999fc6fde214600c78057cf1fe1de?s=96&d=mm&r=g\",\"caption\":\"qs_admin\"},\"sameAs\":[\"https:\/\/vosgesinfo.fr\/wp\"],\"url\":\"https:\/\/vosgesinfo.fr\/gerardmerinfo\/author\/qs_admin\/\"}]}<\/script>\n<!-- \/ Yoast SEO plugin. -->","yoast_head_json":{"title":"Gastrono'Mian, une histoire de go\u00fbt - Gerardmer Info","robots":{"index":"index","follow":"follow","max-snippet":"max-snippet:-1","max-image-preview":"max-image-preview:large","max-video-preview":"max-video-preview:-1"},"canonical":"https:\/\/vosgesinfo.fr\/gerardmerinfo\/2019\/11\/gastronomian-histoire-de-gout\/","twitter_card":"summary_large_image","twitter_title":"Gastrono'Mian, une histoire de go\u00fbt - Gerardmer Info","twitter_description":"22 vl&rsquo;a le Gastrono&rsquo;Miam, ou le salon des vins et produits du terroir de G\u00e9rardmer inaugur\u00e9 ce vendredi soir en [&hellip;]","twitter_image":"https:\/\/vosgesinfo.fr\/app\/uploads\/sites\/6\/2024\/07\/201911p1130776.jpg","twitter_creator":"@VosgesInfo88","twitter_site":"@VosgesInfo88","twitter_misc":{"\u00c9crit par":"qs_admin","Dur\u00e9e de lecture estim\u00e9e":"2 minutes"},"schema":{"@context":"https:\/\/schema.org","@graph":[{"@type":"Article","@id":"https:\/\/vosgesinfo.fr\/gerardmerinfo\/2019\/11\/gastronomian-histoire-de-gout\/#article","isPartOf":{"@id":"https:\/\/vosgesinfo.fr\/gerardmerinfo\/2019\/11\/gastronomian-histoire-de-gout\/"},"author":{"name":"qs_admin","@id":"https:\/\/vosgesinfo.fr\/gerardmerinfo\/#\/schema\/person\/bc5d02d71e6932e81b6dadb7386667b1"},"headline":"Gastrono&rsquo;Mian, une histoire de go\u00fbt","datePublished":"2019-11-29T17:38:58+00:00","dateModified":"2019-11-29T17:38:58+00:00","mainEntityOfPage":{"@id":"https:\/\/vosgesinfo.fr\/gerardmerinfo\/2019\/11\/gastronomian-histoire-de-gout\/"},"wordCount":449,"commentCount":0,"publisher":{"@id":"https:\/\/vosgesinfo.fr\/gerardmerinfo\/#organization"},"image":{"@id":"https:\/\/vosgesinfo.fr\/gerardmerinfo\/2019\/11\/gastronomian-histoire-de-gout\/#primaryimage"},"thumbnailUrl":"https:\/\/vosgesinfo.fr\/app\/uploads\/sites\/6\/2024\/07\/201911p1130776.jpg","articleSection":["A la une","Ev\u00e8nements","Vosges"],"inLanguage":"fr-FR","potentialAction":[{"@type":"CommentAction","name":"Comment","target":["https:\/\/vosgesinfo.fr\/gerardmerinfo\/2019\/11\/gastronomian-histoire-de-gout\/#respond"]}]},{"@type":"WebPage","@id":"https:\/\/vosgesinfo.fr\/gerardmerinfo\/2019\/11\/gastronomian-histoire-de-gout\/","url":"https:\/\/vosgesinfo.fr\/gerardmerinfo\/2019\/11\/gastronomian-histoire-de-gout\/","name":"Gastrono'Mian, une histoire de go\u00fbt - Gerardmer Info","isPartOf":{"@id":"https:\/\/vosgesinfo.fr\/gerardmerinfo\/#website"},"primaryImageOfPage":{"@id":"https:\/\/vosgesinfo.fr\/gerardmerinfo\/2019\/11\/gastronomian-histoire-de-gout\/#primaryimage"},"image":{"@id":"https:\/\/vosgesinfo.fr\/gerardmerinfo\/2019\/11\/gastronomian-histoire-de-gout\/#primaryimage"},"thumbnailUrl":"https:\/\/vosgesinfo.fr\/app\/uploads\/sites\/6\/2024\/07\/201911p1130776.jpg","datePublished":"2019-11-29T17:38:58+00:00","dateModified":"2019-11-29T17:38:58+00:00","breadcrumb":{"@id":"https:\/\/vosgesinfo.fr\/gerardmerinfo\/2019\/11\/gastronomian-histoire-de-gout\/#breadcrumb"},"inLanguage":"fr-FR","potentialAction":[{"@type":"ReadAction","target":["https:\/\/vosgesinfo.fr\/gerardmerinfo\/2019\/11\/gastronomian-histoire-de-gout\/"]}]},{"@type":"ImageObject","inLanguage":"fr-FR","@id":"https:\/\/vosgesinfo.fr\/gerardmerinfo\/2019\/11\/gastronomian-histoire-de-gout\/#primaryimage","url":"https:\/\/vosgesinfo.fr\/app\/uploads\/sites\/6\/2024\/07\/201911p1130776.jpg","contentUrl":"https:\/\/vosgesinfo.fr\/app\/uploads\/sites\/6\/2024\/07\/201911p1130776.jpg","width":800,"height":600},{"@type":"BreadcrumbList","@id":"https:\/\/vosgesinfo.fr\/gerardmerinfo\/2019\/11\/gastronomian-histoire-de-gout\/#breadcrumb","itemListElement":[{"@type":"ListItem","position":1,"name":"Home","item":"https:\/\/vosgesinfo.fr\/gerardmerinfo\/"},{"@type":"ListItem","position":2,"name":"Gastrono&rsquo;Mian, une histoire de go\u00fbt"}]},{"@type":"WebSite","@id":"https:\/\/vosgesinfo.fr\/gerardmerinfo\/#website","url":"https:\/\/vosgesinfo.fr\/gerardmerinfo\/","name":"Gerardmer Info","description":"Toute l&#039;actualit\u00e9 de G\u00e9rardmer","publisher":{"@id":"https:\/\/vosgesinfo.fr\/gerardmerinfo\/#organization"},"alternateName":"Toute l'actualit\u00e9 de G\u00e9rardmer","potentialAction":[{"@type":"SearchAction","target":{"@type":"EntryPoint","urlTemplate":"https:\/\/vosgesinfo.fr\/gerardmerinfo\/?s={search_term_string}"},"query-input":"required name=search_term_string"}],"inLanguage":"fr-FR"},{"@type":"Organization","@id":"https:\/\/vosgesinfo.fr\/gerardmerinfo\/#organization","name":"Gerardmer Info","url":"https:\/\/vosgesinfo.fr\/gerardmerinfo\/","logo":{"@type":"ImageObject","inLanguage":"fr-FR","@id":"https:\/\/vosgesinfo.fr\/gerardmerinfo\/#\/schema\/logo\/image\/","url":"https:\/\/vosgesinfo.fr\/app\/uploads\/sites\/6\/2023\/08\/favicon-gerardmerinfo.png","contentUrl":"https:\/\/vosgesinfo.fr\/app\/uploads\/sites\/6\/2023\/08\/favicon-gerardmerinfo.png","width":512,"height":512,"caption":"Gerardmer Info"},"image":{"@id":"https:\/\/vosgesinfo.fr\/gerardmerinfo\/#\/schema\/logo\/image\/"},"sameAs":["https:\/\/www.facebook.com\/profile.php?id=100049475262660","https:\/\/x.com\/VosgesInfo88","https:\/\/www.youtube.com\/@vosgesinfo"]},{"@type":"Person","@id":"https:\/\/vosgesinfo.fr\/gerardmerinfo\/#\/schema\/person\/bc5d02d71e6932e81b6dadb7386667b1","name":"qs_admin","image":{"@type":"ImageObject","inLanguage":"fr-FR","@id":"https:\/\/vosgesinfo.fr\/gerardmerinfo\/#\/schema\/person\/image\/","url":"https:\/\/secure.gravatar.com\/avatar\/94b18ee0ed79e4a42ea2f2931277b6841a8999fc6fde214600c78057cf1fe1de?s=96&d=mm&r=g","contentUrl":"https:\/\/secure.gravatar.com\/avatar\/94b18ee0ed79e4a42ea2f2931277b6841a8999fc6fde214600c78057cf1fe1de?s=96&d=mm&r=g","caption":"qs_admin"},"sameAs":["https:\/\/vosgesinfo.fr\/wp"],"url":"https:\/\/vosgesinfo.fr\/gerardmerinfo\/author\/qs_admin\/"}]}},"_links":{"self":[{"href":"https:\/\/vosgesinfo.fr\/gerardmerinfo\/wp-json\/wp\/v2\/posts\/45382","targetHints":{"allow":["GET"]}}],"collection":[{"href":"https:\/\/vosgesinfo.fr\/gerardmerinfo\/wp-json\/wp\/v2\/posts"}],"about":[{"href":"https:\/\/vosgesinfo.fr\/gerardmerinfo\/wp-json\/wp\/v2\/types\/post"}],"author":[{"embeddable":true,"href":"https:\/\/vosgesinfo.fr\/gerardmerinfo\/wp-json\/wp\/v2\/users\/1"}],"replies":[{"embeddable":true,"href":"https:\/\/vosgesinfo.fr\/gerardmerinfo\/wp-json\/wp\/v2\/comments?post=45382"}],"version-history":[{"count":0,"href":"https:\/\/vosgesinfo.fr\/gerardmerinfo\/wp-json\/wp\/v2\/posts\/45382\/revisions"}],"wp:featuredmedia":[{"embeddable":true,"href":"https:\/\/vosgesinfo.fr\/gerardmerinfo\/wp-json\/wp\/v2\/media\/45383"}],"wp:attachment":[{"href":"https:\/\/vosgesinfo.fr\/gerardmerinfo\/wp-json\/wp\/v2\/media?parent=45382"}],"wp:term":[{"taxonomy":"category","embeddable":true,"href":"https:\/\/vosgesinfo.fr\/gerardmerinfo\/wp-json\/wp\/v2\/categories?post=45382"},{"taxonomy":"post_tag","embeddable":true,"href":"https:\/\/vosgesinfo.fr\/gerardmerinfo\/wp-json\/wp\/v2\/tags?post=45382"}],"curies":[{"name":"wp","href":"https:\/\/api.w.org\/{rel}","templated":true}]}}