{"id":45707,"date":"2019-12-15T16:54:29","date_gmt":"2019-12-15T15:54:29","guid":{"rendered":"https:\/\/vosgesinfo.fr\/gerardmerinfo\/2019\/12\/seniors-de-lasg-volley-passeront-fetes-sourire\/"},"modified":"2019-12-15T16:54:29","modified_gmt":"2019-12-15T15:54:29","slug":"seniors-de-lasg-volley-passeront-fetes-sourire","status":"publish","type":"post","link":"https:\/\/vosgesinfo.fr\/gerardmerinfo\/2019\/12\/seniors-de-lasg-volley-passeront-fetes-sourire\/","title":{"rendered":"Les seniors de l&rsquo;ASG VOLLEY passeront les f\u00eates avec le sourire !"},"content":{"rendered":"<p><a href=\"\/2019\/09\/ASG-seniors-N3-2019-2020.jpg\"><img decoding=\"async\" class=\"aligncenter wp-image-152603 size-full\" src=\"\/2019\/09\/ASG-seniors-N3-2019-2020.jpg\" alt=\"Une \u00e9quipe premi\u00e8re qui tentera de faire aussi bien qu'en 2018-2019 qui reste l'ann\u00e9e de r\u00e9f\u00e9rence. \" width=\"800\" height=\"600\" \/><\/a><br \/>\n<span style=\"font-family: arial, helvetica, sans-serif;\">Grand chelem pour les seniors g\u00e9r\u00f4mois de l&rsquo;ASG volley. Apr\u00e8s la victoire des gars de la N3 la semaine derni\u00e8re qui les am\u00e8ne \u00e0 la tr\u00eave des confiseurs invaincus cette saison, toutes les \u00e9quipes seniors engag\u00e9es en championnat f\u00e9d\u00e9ral leur ont embo\u00eet\u00e9 le pas ce samedi. A commencer par les filles, en d\u00e9placement \u00e0 Villers. Une victoire nette et sans bavure 3 sets \u00e0 0 pour la bande \u00e0 Mathieu Dieudonn\u00e9 qui avait pu faire le voyage avec son \u00e9quipe. Conqu\u00e9rantes au service, les G\u00e9r\u00f4moises se sont montr\u00e9es surtout plus propres<\/span><span style=\"font-family: arial, helvetica, sans-serif;\"> que leurs adversaires<\/span><span style=\"font-family: arial, helvetica, sans-serif;\"> dans les gestes simples. A noter \u00e9galement un peu plus de mental dans les fins de set ou dans les points accroch\u00e9s. Bref un suppl\u00e9ment d&rsquo;\u00e2me souvent suffisant pour faire la diff\u00e9rence dans les moments importants et une victoire bonifi\u00e9e qui fait du bien \u00e0 tout un groupe. <\/span><\/p>\n<p><span style=\"font-family: arial, helvetica, sans-serif;\">De leur c\u00f4t\u00e9, les gar\u00e7ons de la r\u00e9gionale recevaient Gondrexange, en difficult\u00e9 \u00e9galement dans la poule, pour un match de bas de tableau dont le vainqueur allait pouvoir passer les f\u00eates au chaud. Et \u00e0 ce petit jeu, ce sont bien les joueurs de G\u00e9rardmer qui ont sorti leur \u00e9pingle du jeu dans un match serr\u00e9. Assez facilement vainqueurs de la premi\u00e8re manche, F\u00e9lix Didier et ses partenaires laissaient \u00e9chapper le deuxi\u00e8me set 29-27 ! Sans se d\u00e9mobiliser, ils repartaient au charbon pour remporter les deux sets suivants 25-21 puis 25-23 dans une fin de match haletante. Tout comme les filles, ils signent une premi\u00e8re victoire bonifi\u00e9e qui fait du bien au moral apr\u00e8s la d\u00e9ception de la semaine derni\u00e8re. Au final, trois victoires pour les trois \u00e9quipes seniors f\u00e9d\u00e9rales, le sourire avant les f\u00eates, de quoi ravir tout un club qui en profite pour souhaiter ses meilleurs v\u0153ux\u00a0\u00e0 tous ses licenci\u00e9s et leur famille. Rendez-vous est donn\u00e9 aux ch\u00e2teaux gonflables \u00e0 la Halle des Sports du 26 au 29 D\u00e9cembre et \u00e0 l&rsquo;ann\u00e9e prochaine pour de nouvelles rencontres sportives !<\/span><\/p>\n","protected":false},"excerpt":{"rendered":"<p>Grand chelem pour les seniors g\u00e9r\u00f4mois de l&rsquo;ASG volley. Apr\u00e8s la victoire des gars de la N3 la semaine derni\u00e8re [&hellip;]<\/p>\n","protected":false},"author":1,"featured_media":45708,"comment_status":"open","ping_status":"open","sticky":false,"template":"","format":"standard","meta":{"footnotes":""},"categories":[20,14],"tags":[119],"class_list":["post-45707","post","type-post","status-publish","format-standard","has-post-thumbnail","hentry","category-a-la-une","category-sport","tag-asg-volley"],"acf":[],"yoast_head":"<!-- This site is optimized with the Yoast SEO plugin v22.5 - https:\/\/yoast.com\/wordpress\/plugins\/seo\/ -->\n<title>Les seniors de l&#039;ASG VOLLEY passeront les f\u00eates avec le sourire ! - Gerardmer Info<\/title>\n<meta name=\"robots\" content=\"index, follow, max-snippet:-1, max-image-preview:large, max-video-preview:-1\" \/>\n<link rel=\"canonical\" href=\"https:\/\/vosgesinfo.fr\/gerardmerinfo\/2019\/12\/seniors-de-lasg-volley-passeront-fetes-sourire\/\" \/>\n<meta name=\"twitter:card\" content=\"summary_large_image\" \/>\n<meta name=\"twitter:title\" content=\"Les seniors de l&#039;ASG VOLLEY passeront les f\u00eates avec le sourire ! - Gerardmer Info\" \/>\n<meta name=\"twitter:description\" content=\"Grand chelem pour les seniors g\u00e9r\u00f4mois de l&rsquo;ASG volley. Apr\u00e8s la victoire des gars de la N3 la semaine derni\u00e8re [&hellip;]\" \/>\n<meta name=\"twitter:image\" content=\"https:\/\/vosgesinfo.fr\/app\/uploads\/sites\/6\/2024\/07\/201909asg-seniors-n3-2019-2020-6.jpg\" \/>\n<meta name=\"twitter:creator\" content=\"@VosgesInfo88\" \/>\n<meta name=\"twitter:site\" content=\"@VosgesInfo88\" \/>\n<meta name=\"twitter:label1\" content=\"\u00c9crit par\" \/>\n\t<meta name=\"twitter:data1\" content=\"qs_admin\" \/>\n\t<meta name=\"twitter:label2\" content=\"Dur\u00e9e de lecture estim\u00e9e\" \/>\n\t<meta name=\"twitter:data2\" content=\"2 minutes\" \/>\n<script type=\"application\/ld+json\" class=\"yoast-schema-graph\">{\"@context\":\"https:\/\/schema.org\",\"@graph\":[{\"@type\":\"Article\",\"@id\":\"https:\/\/vosgesinfo.fr\/gerardmerinfo\/2019\/12\/seniors-de-lasg-volley-passeront-fetes-sourire\/#article\",\"isPartOf\":{\"@id\":\"https:\/\/vosgesinfo.fr\/gerardmerinfo\/2019\/12\/seniors-de-lasg-volley-passeront-fetes-sourire\/\"},\"author\":{\"name\":\"qs_admin\",\"@id\":\"https:\/\/vosgesinfo.fr\/gerardmerinfo\/#\/schema\/person\/bc5d02d71e6932e81b6dadb7386667b1\"},\"headline\":\"Les seniors de l&rsquo;ASG VOLLEY passeront les f\u00eates avec le sourire !\",\"datePublished\":\"2019-12-15T15:54:29+00:00\",\"dateModified\":\"2019-12-15T15:54:29+00:00\",\"mainEntityOfPage\":{\"@id\":\"https:\/\/vosgesinfo.fr\/gerardmerinfo\/2019\/12\/seniors-de-lasg-volley-passeront-fetes-sourire\/\"},\"wordCount\":366,\"commentCount\":0,\"publisher\":{\"@id\":\"https:\/\/vosgesinfo.fr\/gerardmerinfo\/#organization\"},\"image\":{\"@id\":\"https:\/\/vosgesinfo.fr\/gerardmerinfo\/2019\/12\/seniors-de-lasg-volley-passeront-fetes-sourire\/#primaryimage\"},\"thumbnailUrl\":\"https:\/\/vosgesinfo.fr\/app\/uploads\/sites\/6\/2024\/07\/201909asg-seniors-n3-2019-2020-6.jpg\",\"keywords\":[\"ASG volley\"],\"articleSection\":[\"A la une\",\"Sport\"],\"inLanguage\":\"fr-FR\",\"potentialAction\":[{\"@type\":\"CommentAction\",\"name\":\"Comment\",\"target\":[\"https:\/\/vosgesinfo.fr\/gerardmerinfo\/2019\/12\/seniors-de-lasg-volley-passeront-fetes-sourire\/#respond\"]}]},{\"@type\":\"WebPage\",\"@id\":\"https:\/\/vosgesinfo.fr\/gerardmerinfo\/2019\/12\/seniors-de-lasg-volley-passeront-fetes-sourire\/\",\"url\":\"https:\/\/vosgesinfo.fr\/gerardmerinfo\/2019\/12\/seniors-de-lasg-volley-passeront-fetes-sourire\/\",\"name\":\"Les seniors de l'ASG VOLLEY passeront les f\u00eates avec le sourire ! - Gerardmer Info\",\"isPartOf\":{\"@id\":\"https:\/\/vosgesinfo.fr\/gerardmerinfo\/#website\"},\"primaryImageOfPage\":{\"@id\":\"https:\/\/vosgesinfo.fr\/gerardmerinfo\/2019\/12\/seniors-de-lasg-volley-passeront-fetes-sourire\/#primaryimage\"},\"image\":{\"@id\":\"https:\/\/vosgesinfo.fr\/gerardmerinfo\/2019\/12\/seniors-de-lasg-volley-passeront-fetes-sourire\/#primaryimage\"},\"thumbnailUrl\":\"https:\/\/vosgesinfo.fr\/app\/uploads\/sites\/6\/2024\/07\/201909asg-seniors-n3-2019-2020-6.jpg\",\"datePublished\":\"2019-12-15T15:54:29+00:00\",\"dateModified\":\"2019-12-15T15:54:29+00:00\",\"breadcrumb\":{\"@id\":\"https:\/\/vosgesinfo.fr\/gerardmerinfo\/2019\/12\/seniors-de-lasg-volley-passeront-fetes-sourire\/#breadcrumb\"},\"inLanguage\":\"fr-FR\",\"potentialAction\":[{\"@type\":\"ReadAction\",\"target\":[\"https:\/\/vosgesinfo.fr\/gerardmerinfo\/2019\/12\/seniors-de-lasg-volley-passeront-fetes-sourire\/\"]}]},{\"@type\":\"ImageObject\",\"inLanguage\":\"fr-FR\",\"@id\":\"https:\/\/vosgesinfo.fr\/gerardmerinfo\/2019\/12\/seniors-de-lasg-volley-passeront-fetes-sourire\/#primaryimage\",\"url\":\"https:\/\/vosgesinfo.fr\/app\/uploads\/sites\/6\/2024\/07\/201909asg-seniors-n3-2019-2020-6.jpg\",\"contentUrl\":\"https:\/\/vosgesinfo.fr\/app\/uploads\/sites\/6\/2024\/07\/201909asg-seniors-n3-2019-2020-6.jpg\",\"width\":800,\"height\":600},{\"@type\":\"BreadcrumbList\",\"@id\":\"https:\/\/vosgesinfo.fr\/gerardmerinfo\/2019\/12\/seniors-de-lasg-volley-passeront-fetes-sourire\/#breadcrumb\",\"itemListElement\":[{\"@type\":\"ListItem\",\"position\":1,\"name\":\"Home\",\"item\":\"https:\/\/vosgesinfo.fr\/gerardmerinfo\/\"},{\"@type\":\"ListItem\",\"position\":2,\"name\":\"Les seniors de l&rsquo;ASG VOLLEY passeront les f\u00eates avec le sourire !\"}]},{\"@type\":\"WebSite\",\"@id\":\"https:\/\/vosgesinfo.fr\/gerardmerinfo\/#website\",\"url\":\"https:\/\/vosgesinfo.fr\/gerardmerinfo\/\",\"name\":\"Gerardmer Info\",\"description\":\"Toute l&#039;actualit\u00e9 de G\u00e9rardmer\",\"publisher\":{\"@id\":\"https:\/\/vosgesinfo.fr\/gerardmerinfo\/#organization\"},\"alternateName\":\"Toute l'actualit\u00e9 de G\u00e9rardmer\",\"potentialAction\":[{\"@type\":\"SearchAction\",\"target\":{\"@type\":\"EntryPoint\",\"urlTemplate\":\"https:\/\/vosgesinfo.fr\/gerardmerinfo\/?s={search_term_string}\"},\"query-input\":\"required name=search_term_string\"}],\"inLanguage\":\"fr-FR\"},{\"@type\":\"Organization\",\"@id\":\"https:\/\/vosgesinfo.fr\/gerardmerinfo\/#organization\",\"name\":\"Gerardmer Info\",\"url\":\"https:\/\/vosgesinfo.fr\/gerardmerinfo\/\",\"logo\":{\"@type\":\"ImageObject\",\"inLanguage\":\"fr-FR\",\"@id\":\"https:\/\/vosgesinfo.fr\/gerardmerinfo\/#\/schema\/logo\/image\/\",\"url\":\"https:\/\/vosgesinfo.fr\/app\/uploads\/sites\/6\/2023\/08\/favicon-gerardmerinfo.png\",\"contentUrl\":\"https:\/\/vosgesinfo.fr\/app\/uploads\/sites\/6\/2023\/08\/favicon-gerardmerinfo.png\",\"width\":512,\"height\":512,\"caption\":\"Gerardmer Info\"},\"image\":{\"@id\":\"https:\/\/vosgesinfo.fr\/gerardmerinfo\/#\/schema\/logo\/image\/\"},\"sameAs\":[\"https:\/\/www.facebook.com\/profile.php?id=100049475262660\",\"https:\/\/x.com\/VosgesInfo88\",\"https:\/\/www.youtube.com\/@vosgesinfo\"]},{\"@type\":\"Person\",\"@id\":\"https:\/\/vosgesinfo.fr\/gerardmerinfo\/#\/schema\/person\/bc5d02d71e6932e81b6dadb7386667b1\",\"name\":\"qs_admin\",\"image\":{\"@type\":\"ImageObject\",\"inLanguage\":\"fr-FR\",\"@id\":\"https:\/\/vosgesinfo.fr\/gerardmerinfo\/#\/schema\/person\/image\/\",\"url\":\"https:\/\/secure.gravatar.com\/avatar\/94b18ee0ed79e4a42ea2f2931277b6841a8999fc6fde214600c78057cf1fe1de?s=96&d=mm&r=g\",\"contentUrl\":\"https:\/\/secure.gravatar.com\/avatar\/94b18ee0ed79e4a42ea2f2931277b6841a8999fc6fde214600c78057cf1fe1de?s=96&d=mm&r=g\",\"caption\":\"qs_admin\"},\"sameAs\":[\"https:\/\/vosgesinfo.fr\/wp\"],\"url\":\"https:\/\/vosgesinfo.fr\/gerardmerinfo\/author\/qs_admin\/\"}]}<\/script>\n<!-- \/ Yoast SEO plugin. -->","yoast_head_json":{"title":"Les seniors de l'ASG VOLLEY passeront les f\u00eates avec le sourire ! - Gerardmer Info","robots":{"index":"index","follow":"follow","max-snippet":"max-snippet:-1","max-image-preview":"max-image-preview:large","max-video-preview":"max-video-preview:-1"},"canonical":"https:\/\/vosgesinfo.fr\/gerardmerinfo\/2019\/12\/seniors-de-lasg-volley-passeront-fetes-sourire\/","twitter_card":"summary_large_image","twitter_title":"Les seniors de l'ASG VOLLEY passeront les f\u00eates avec le sourire ! - Gerardmer Info","twitter_description":"Grand chelem pour les seniors g\u00e9r\u00f4mois de l&rsquo;ASG volley. Apr\u00e8s la victoire des gars de la N3 la semaine derni\u00e8re [&hellip;]","twitter_image":"https:\/\/vosgesinfo.fr\/app\/uploads\/sites\/6\/2024\/07\/201909asg-seniors-n3-2019-2020-6.jpg","twitter_creator":"@VosgesInfo88","twitter_site":"@VosgesInfo88","twitter_misc":{"\u00c9crit par":"qs_admin","Dur\u00e9e de lecture estim\u00e9e":"2 minutes"},"schema":{"@context":"https:\/\/schema.org","@graph":[{"@type":"Article","@id":"https:\/\/vosgesinfo.fr\/gerardmerinfo\/2019\/12\/seniors-de-lasg-volley-passeront-fetes-sourire\/#article","isPartOf":{"@id":"https:\/\/vosgesinfo.fr\/gerardmerinfo\/2019\/12\/seniors-de-lasg-volley-passeront-fetes-sourire\/"},"author":{"name":"qs_admin","@id":"https:\/\/vosgesinfo.fr\/gerardmerinfo\/#\/schema\/person\/bc5d02d71e6932e81b6dadb7386667b1"},"headline":"Les seniors de l&rsquo;ASG VOLLEY passeront les f\u00eates avec le sourire !","datePublished":"2019-12-15T15:54:29+00:00","dateModified":"2019-12-15T15:54:29+00:00","mainEntityOfPage":{"@id":"https:\/\/vosgesinfo.fr\/gerardmerinfo\/2019\/12\/seniors-de-lasg-volley-passeront-fetes-sourire\/"},"wordCount":366,"commentCount":0,"publisher":{"@id":"https:\/\/vosgesinfo.fr\/gerardmerinfo\/#organization"},"image":{"@id":"https:\/\/vosgesinfo.fr\/gerardmerinfo\/2019\/12\/seniors-de-lasg-volley-passeront-fetes-sourire\/#primaryimage"},"thumbnailUrl":"https:\/\/vosgesinfo.fr\/app\/uploads\/sites\/6\/2024\/07\/201909asg-seniors-n3-2019-2020-6.jpg","keywords":["ASG volley"],"articleSection":["A la une","Sport"],"inLanguage":"fr-FR","potentialAction":[{"@type":"CommentAction","name":"Comment","target":["https:\/\/vosgesinfo.fr\/gerardmerinfo\/2019\/12\/seniors-de-lasg-volley-passeront-fetes-sourire\/#respond"]}]},{"@type":"WebPage","@id":"https:\/\/vosgesinfo.fr\/gerardmerinfo\/2019\/12\/seniors-de-lasg-volley-passeront-fetes-sourire\/","url":"https:\/\/vosgesinfo.fr\/gerardmerinfo\/2019\/12\/seniors-de-lasg-volley-passeront-fetes-sourire\/","name":"Les seniors de l'ASG VOLLEY passeront les f\u00eates avec le sourire ! - Gerardmer Info","isPartOf":{"@id":"https:\/\/vosgesinfo.fr\/gerardmerinfo\/#website"},"primaryImageOfPage":{"@id":"https:\/\/vosgesinfo.fr\/gerardmerinfo\/2019\/12\/seniors-de-lasg-volley-passeront-fetes-sourire\/#primaryimage"},"image":{"@id":"https:\/\/vosgesinfo.fr\/gerardmerinfo\/2019\/12\/seniors-de-lasg-volley-passeront-fetes-sourire\/#primaryimage"},"thumbnailUrl":"https:\/\/vosgesinfo.fr\/app\/uploads\/sites\/6\/2024\/07\/201909asg-seniors-n3-2019-2020-6.jpg","datePublished":"2019-12-15T15:54:29+00:00","dateModified":"2019-12-15T15:54:29+00:00","breadcrumb":{"@id":"https:\/\/vosgesinfo.fr\/gerardmerinfo\/2019\/12\/seniors-de-lasg-volley-passeront-fetes-sourire\/#breadcrumb"},"inLanguage":"fr-FR","potentialAction":[{"@type":"ReadAction","target":["https:\/\/vosgesinfo.fr\/gerardmerinfo\/2019\/12\/seniors-de-lasg-volley-passeront-fetes-sourire\/"]}]},{"@type":"ImageObject","inLanguage":"fr-FR","@id":"https:\/\/vosgesinfo.fr\/gerardmerinfo\/2019\/12\/seniors-de-lasg-volley-passeront-fetes-sourire\/#primaryimage","url":"https:\/\/vosgesinfo.fr\/app\/uploads\/sites\/6\/2024\/07\/201909asg-seniors-n3-2019-2020-6.jpg","contentUrl":"https:\/\/vosgesinfo.fr\/app\/uploads\/sites\/6\/2024\/07\/201909asg-seniors-n3-2019-2020-6.jpg","width":800,"height":600},{"@type":"BreadcrumbList","@id":"https:\/\/vosgesinfo.fr\/gerardmerinfo\/2019\/12\/seniors-de-lasg-volley-passeront-fetes-sourire\/#breadcrumb","itemListElement":[{"@type":"ListItem","position":1,"name":"Home","item":"https:\/\/vosgesinfo.fr\/gerardmerinfo\/"},{"@type":"ListItem","position":2,"name":"Les seniors de l&rsquo;ASG VOLLEY passeront les f\u00eates avec le sourire !"}]},{"@type":"WebSite","@id":"https:\/\/vosgesinfo.fr\/gerardmerinfo\/#website","url":"https:\/\/vosgesinfo.fr\/gerardmerinfo\/","name":"Gerardmer Info","description":"Toute l&#039;actualit\u00e9 de G\u00e9rardmer","publisher":{"@id":"https:\/\/vosgesinfo.fr\/gerardmerinfo\/#organization"},"alternateName":"Toute l'actualit\u00e9 de G\u00e9rardmer","potentialAction":[{"@type":"SearchAction","target":{"@type":"EntryPoint","urlTemplate":"https:\/\/vosgesinfo.fr\/gerardmerinfo\/?s={search_term_string}"},"query-input":"required name=search_term_string"}],"inLanguage":"fr-FR"},{"@type":"Organization","@id":"https:\/\/vosgesinfo.fr\/gerardmerinfo\/#organization","name":"Gerardmer Info","url":"https:\/\/vosgesinfo.fr\/gerardmerinfo\/","logo":{"@type":"ImageObject","inLanguage":"fr-FR","@id":"https:\/\/vosgesinfo.fr\/gerardmerinfo\/#\/schema\/logo\/image\/","url":"https:\/\/vosgesinfo.fr\/app\/uploads\/sites\/6\/2023\/08\/favicon-gerardmerinfo.png","contentUrl":"https:\/\/vosgesinfo.fr\/app\/uploads\/sites\/6\/2023\/08\/favicon-gerardmerinfo.png","width":512,"height":512,"caption":"Gerardmer Info"},"image":{"@id":"https:\/\/vosgesinfo.fr\/gerardmerinfo\/#\/schema\/logo\/image\/"},"sameAs":["https:\/\/www.facebook.com\/profile.php?id=100049475262660","https:\/\/x.com\/VosgesInfo88","https:\/\/www.youtube.com\/@vosgesinfo"]},{"@type":"Person","@id":"https:\/\/vosgesinfo.fr\/gerardmerinfo\/#\/schema\/person\/bc5d02d71e6932e81b6dadb7386667b1","name":"qs_admin","image":{"@type":"ImageObject","inLanguage":"fr-FR","@id":"https:\/\/vosgesinfo.fr\/gerardmerinfo\/#\/schema\/person\/image\/","url":"https:\/\/secure.gravatar.com\/avatar\/94b18ee0ed79e4a42ea2f2931277b6841a8999fc6fde214600c78057cf1fe1de?s=96&d=mm&r=g","contentUrl":"https:\/\/secure.gravatar.com\/avatar\/94b18ee0ed79e4a42ea2f2931277b6841a8999fc6fde214600c78057cf1fe1de?s=96&d=mm&r=g","caption":"qs_admin"},"sameAs":["https:\/\/vosgesinfo.fr\/wp"],"url":"https:\/\/vosgesinfo.fr\/gerardmerinfo\/author\/qs_admin\/"}]}},"_links":{"self":[{"href":"https:\/\/vosgesinfo.fr\/gerardmerinfo\/wp-json\/wp\/v2\/posts\/45707","targetHints":{"allow":["GET"]}}],"collection":[{"href":"https:\/\/vosgesinfo.fr\/gerardmerinfo\/wp-json\/wp\/v2\/posts"}],"about":[{"href":"https:\/\/vosgesinfo.fr\/gerardmerinfo\/wp-json\/wp\/v2\/types\/post"}],"author":[{"embeddable":true,"href":"https:\/\/vosgesinfo.fr\/gerardmerinfo\/wp-json\/wp\/v2\/users\/1"}],"replies":[{"embeddable":true,"href":"https:\/\/vosgesinfo.fr\/gerardmerinfo\/wp-json\/wp\/v2\/comments?post=45707"}],"version-history":[{"count":0,"href":"https:\/\/vosgesinfo.fr\/gerardmerinfo\/wp-json\/wp\/v2\/posts\/45707\/revisions"}],"wp:featuredmedia":[{"embeddable":true,"href":"https:\/\/vosgesinfo.fr\/gerardmerinfo\/wp-json\/wp\/v2\/media\/45708"}],"wp:attachment":[{"href":"https:\/\/vosgesinfo.fr\/gerardmerinfo\/wp-json\/wp\/v2\/media?parent=45707"}],"wp:term":[{"taxonomy":"category","embeddable":true,"href":"https:\/\/vosgesinfo.fr\/gerardmerinfo\/wp-json\/wp\/v2\/categories?post=45707"},{"taxonomy":"post_tag","embeddable":true,"href":"https:\/\/vosgesinfo.fr\/gerardmerinfo\/wp-json\/wp\/v2\/tags?post=45707"}],"curies":[{"name":"wp","href":"https:\/\/api.w.org\/{rel}","templated":true}]}}