{"id":459,"date":"2024-01-12T04:59:45","date_gmt":"2024-01-12T03:59:45","guid":{"rendered":"https:\/\/vosgesinfo.fr\/gerardmerinfo\/2024\/01\/merci-francis-les-coquettes-debarquent-a-gerardmer-en-avril-prochain\/"},"modified":"2024-01-12T04:59:45","modified_gmt":"2024-01-12T03:59:45","slug":"merci-francis-les-coquettes-debarquent-a-gerardmer-en-avril-prochain","status":"publish","type":"post","link":"https:\/\/vosgesinfo.fr\/gerardmerinfo\/2024\/01\/merci-francis-les-coquettes-debarquent-a-gerardmer-en-avril-prochain\/","title":{"rendered":"\u00ab\u00a0Merci Francis\u00a0\u00bb &#8211; Les Coquettes d\u00e9barquent \u00e0 G\u00e9rardmer en avril prochain"},"content":{"rendered":"<p align=\"left\"><span style=\"color: #000000;\"><span style=\"font-family: Times New Roman, serif;\"><span style=\"font-size: medium;\"><b><a href=\"https:\/\/gerardmerinfo.fr\/wp-content\/uploads\/2023\/12\/coquettes.jpg\"><img decoding=\"async\" class=\"aligncenter size-large wp-image-214028\" src=\"https:\/\/vosgesinfo.fr\/app\/uploads\/sites\/6\/2023\/12\/coquettes.jpg\" alt=\"coquettes\" width=\"960\" height=\"640\" \/><\/a><\/b><\/span><\/span><\/span><\/p>\n<h2 align=\"left\"><span style=\"color: #000000;\"><span style=\"font-family: Times New Roman, serif;\"><span style=\"font-size: medium;\"><span style=\"font-size: 14pt;\"><b>Dans le cadre de l<\/b><b>a saison culturelle de l&rsquo;association Acara, <\/b><b>Les Coquettes se produiront <\/b><b>le 14 avril 2024, 20h \u00e0 l\u2019Espace L.A.C. de G\u00e9rardmer. <\/b><b>Elles y joueront leur spectacle<\/b><b> \u201cMerci Francis\u201d <\/b><\/span><b><span style=\"font-size: 14pt;\">qui m\u00eame humour et chant.<\/span> <\/b><\/span><\/span><\/span><\/h2>\n<p align=\"left\"><span style=\"color: #000000;\"><span style=\"font-family: Times New Roman, serif;\"><span style=\"font-size: medium;\"><span style=\"color: #000000;\">Les Coquettes c\u2019est Lola, Marie et M\u00e9lodie, un groupe de filles \u201cgirly\u201d mais \u201ccouillues\u201d, mais aussi un bon rem\u00e8de \u00e0 la d\u00e9prime. <\/span><\/span><\/span><\/span><\/p>\n<p align=\"left\"><span style=\"color: #000000;\"><span style=\"font-family: Times New Roman, serif;\"><span style=\"font-size: medium;\"><span style=\"color: #000000;\">Il y a quatre ans, Les Coquettes cr\u00e9aient leur premier spectacle. Depuis, elles le jouent \u00e0 guichets ferm\u00e9s \u00e0 Paris et en tourn\u00e9e. Plus de 350 repr\u00e9sentations, du Cin\u00e9 13 au Grand Rex, \u00e0 l\u2019Olympia\u2026 A chaque repr\u00e9sentation, le public est debout, la presse dithyrambique. <\/span><\/span><\/span><\/span><\/p>\n<p align=\"left\"><span style=\"color: #000000;\"><span style=\"font-family: Times New Roman, serif;\"><span style=\"font-size: medium;\"><span style=\"color: #000000;\"><b>Le m<\/b><\/span><span style=\"color: #000000;\"><b>ot du pr\u00e9sident <\/b><\/span><span style=\"color: #000000;\"><b>de l\u2019association<\/b><\/span><span style=\"color: #000000;\">: \u00ab\u00a0Nous sommes tr\u00e8s heureux de pr\u00e9senter ce spectacle pour cette nouvelle ann\u00e9e culturelle. Il m\u00eale humour et chant, c\u2019est une nouveaut\u00e9 dans le secteur qui saura ravir pour s\u00fbr les petits et les grands.\u00a0\u00bb <\/span><\/span><\/span><\/span><\/p>\n<p align=\"left\"><span style=\"color: #000000;\"><span style=\"font-family: Times New Roman, serif;\"><span style=\"font-size: medium;\"><span style=\"color: #000000;\">On a beau \u00eatre pr\u00e9venu, quand on d\u00e9couvre les Coquettes pour la premi\u00e8re fois, on n&rsquo;est pas pr\u00eat ! Entre chansons et sketchs d\u00e9cal\u00e9s, elles offrent un show fantaisiste, moderne et plein de pep&rsquo;s, un bon rem\u00e8de \u00e0 la d\u00e9prime. Imaginez, c&rsquo;est un peu comme si les Spice Girls et Pierre Desproges avaient eu 3 filles, avec Marilyn Monroe comme nounou et Madonna comme marraine. Un swing qui vous plaque au mur, un humour qui vous rentre dedans. Glamour mais couillues, ces trois filles l\u00e0 vont vous mettre K.O. Nomm\u00e9es aux Moli\u00e8res 2023 dans la cat\u00e9gorie meilleur spectacle musical, les Coquettes sont plus qu\u2019un trio aux 450.000 spectateurs conquis : elles sont un service de sant\u00e9 public ! Un grand bol d\u2019air frais. Un trio qui titille et torpille les id\u00e9es re\u00e7ues. Un show \u00e9bouriffant qui f\u00e9d\u00e8re T\u00e9l\u00e9rama, le Monde et le Figaro. Des jeunes femmes qui chantent charment et d\u00e9sarment ! Des rires, des moments de vie, des rires et de l\u2019enthousiasme \u00e0 gogo\u2026 <\/span><\/span><\/span><\/span><\/p>\n<p><span style=\"font-family: Times New Roman, serif;\"><span style=\"font-size: medium;\"><span style=\"color: #000000;\">Lien de vente des billets : <\/span><span style=\"color: #1a61ff;\">https:\/\/www.payasso.fr\/acara\/billeterie <\/span><\/span><\/span><\/p>\n<p><span style=\"font-family: Times New Roman, serif;\"><span style=\"font-size: medium;\"><span style=\"color: #000000;\">\u00c9galement disponible via le Pass Culture : <\/span><a href=\"https:\/\/passculture.app\/offre\/106773446\"><span style=\"color: #1a61ff;\">https:\/\/passculture.app\/offre\/106773446<\/span><\/a><\/span><\/span><\/p>\n","protected":false},"excerpt":{"rendered":"<p>Dans le cadre de la saison culturelle de l&rsquo;association Acara, Les Coquettes se produiront le 14 avril 2024, 20h \u00e0 [&hellip;]<\/p>\n","protected":false},"author":42,"featured_media":458,"comment_status":"open","ping_status":"open","sticky":false,"template":"","format":"standard","meta":{"footnotes":""},"categories":[20,4,25],"tags":[86,87,88],"class_list":["post-459","post","type-post","status-publish","format-standard","has-post-thumbnail","hentry","category-a-la-une","category-culture","category-gerardmer","tag-acara","tag-les-coquettes","tag-merci-francis"],"acf":[],"yoast_head":"<!-- This site is optimized with the Yoast SEO plugin v22.5 - https:\/\/yoast.com\/wordpress\/plugins\/seo\/ -->\n<title>&quot;Merci Francis&quot; - Les Coquettes d\u00e9barquent \u00e0 G\u00e9rardmer en avril prochain - Gerardmer Info<\/title>\n<meta name=\"robots\" content=\"index, follow, max-snippet:-1, max-image-preview:large, max-video-preview:-1\" \/>\n<link rel=\"canonical\" href=\"https:\/\/vosgesinfo.fr\/gerardmerinfo\/2024\/01\/merci-francis-les-coquettes-debarquent-a-gerardmer-en-avril-prochain\/\" \/>\n<meta name=\"twitter:card\" content=\"summary_large_image\" \/>\n<meta name=\"twitter:title\" content=\"&quot;Merci Francis&quot; - Les Coquettes d\u00e9barquent \u00e0 G\u00e9rardmer en avril prochain - Gerardmer Info\" \/>\n<meta name=\"twitter:description\" content=\"Dans le cadre de la saison culturelle de l&rsquo;association Acara, Les Coquettes se produiront le 14 avril 2024, 20h \u00e0 [&hellip;]\" \/>\n<meta name=\"twitter:image\" content=\"https:\/\/vosgesinfo.fr\/app\/uploads\/sites\/6\/2023\/12\/coquettes.jpg\" \/>\n<meta name=\"twitter:creator\" content=\"@VosgesInfo88\" \/>\n<meta name=\"twitter:site\" content=\"@VosgesInfo88\" \/>\n<meta name=\"twitter:label1\" content=\"\u00c9crit par\" \/>\n\t<meta name=\"twitter:data1\" content=\"QG\" \/>\n\t<meta name=\"twitter:label2\" content=\"Dur\u00e9e de lecture estim\u00e9e\" \/>\n\t<meta name=\"twitter:data2\" content=\"2 minutes\" \/>\n<script type=\"application\/ld+json\" class=\"yoast-schema-graph\">{\"@context\":\"https:\/\/schema.org\",\"@graph\":[{\"@type\":\"Article\",\"@id\":\"https:\/\/vosgesinfo.fr\/gerardmerinfo\/2024\/01\/merci-francis-les-coquettes-debarquent-a-gerardmer-en-avril-prochain\/#article\",\"isPartOf\":{\"@id\":\"https:\/\/vosgesinfo.fr\/gerardmerinfo\/2024\/01\/merci-francis-les-coquettes-debarquent-a-gerardmer-en-avril-prochain\/\"},\"author\":{\"name\":\"QG\",\"@id\":\"https:\/\/vosgesinfo.fr\/gerardmerinfo\/#\/schema\/person\/db5605779a843dad16b5368f3e7613a5\"},\"headline\":\"\u00ab\u00a0Merci Francis\u00a0\u00bb &#8211; Les Coquettes d\u00e9barquent \u00e0 G\u00e9rardmer en avril prochain\",\"datePublished\":\"2024-01-12T03:59:45+00:00\",\"dateModified\":\"2024-01-12T03:59:45+00:00\",\"mainEntityOfPage\":{\"@id\":\"https:\/\/vosgesinfo.fr\/gerardmerinfo\/2024\/01\/merci-francis-les-coquettes-debarquent-a-gerardmer-en-avril-prochain\/\"},\"wordCount\":374,\"commentCount\":0,\"publisher\":{\"@id\":\"https:\/\/vosgesinfo.fr\/gerardmerinfo\/#organization\"},\"image\":{\"@id\":\"https:\/\/vosgesinfo.fr\/gerardmerinfo\/2024\/01\/merci-francis-les-coquettes-debarquent-a-gerardmer-en-avril-prochain\/#primaryimage\"},\"thumbnailUrl\":\"https:\/\/vosgesinfo.fr\/app\/uploads\/sites\/6\/2023\/12\/coquettes.jpg\",\"keywords\":[\"Acara\",\"Les coquettes\",\"Merci Francis\"],\"articleSection\":[\"A la une\",\"Culture\",\"G\u00e9rardmer\"],\"inLanguage\":\"fr-FR\",\"potentialAction\":[{\"@type\":\"CommentAction\",\"name\":\"Comment\",\"target\":[\"https:\/\/vosgesinfo.fr\/gerardmerinfo\/2024\/01\/merci-francis-les-coquettes-debarquent-a-gerardmer-en-avril-prochain\/#respond\"]}]},{\"@type\":\"WebPage\",\"@id\":\"https:\/\/vosgesinfo.fr\/gerardmerinfo\/2024\/01\/merci-francis-les-coquettes-debarquent-a-gerardmer-en-avril-prochain\/\",\"url\":\"https:\/\/vosgesinfo.fr\/gerardmerinfo\/2024\/01\/merci-francis-les-coquettes-debarquent-a-gerardmer-en-avril-prochain\/\",\"name\":\"\\\"Merci Francis\\\" - Les Coquettes d\u00e9barquent \u00e0 G\u00e9rardmer en avril prochain - Gerardmer Info\",\"isPartOf\":{\"@id\":\"https:\/\/vosgesinfo.fr\/gerardmerinfo\/#website\"},\"primaryImageOfPage\":{\"@id\":\"https:\/\/vosgesinfo.fr\/gerardmerinfo\/2024\/01\/merci-francis-les-coquettes-debarquent-a-gerardmer-en-avril-prochain\/#primaryimage\"},\"image\":{\"@id\":\"https:\/\/vosgesinfo.fr\/gerardmerinfo\/2024\/01\/merci-francis-les-coquettes-debarquent-a-gerardmer-en-avril-prochain\/#primaryimage\"},\"thumbnailUrl\":\"https:\/\/vosgesinfo.fr\/app\/uploads\/sites\/6\/2023\/12\/coquettes.jpg\",\"datePublished\":\"2024-01-12T03:59:45+00:00\",\"dateModified\":\"2024-01-12T03:59:45+00:00\",\"breadcrumb\":{\"@id\":\"https:\/\/vosgesinfo.fr\/gerardmerinfo\/2024\/01\/merci-francis-les-coquettes-debarquent-a-gerardmer-en-avril-prochain\/#breadcrumb\"},\"inLanguage\":\"fr-FR\",\"potentialAction\":[{\"@type\":\"ReadAction\",\"target\":[\"https:\/\/vosgesinfo.fr\/gerardmerinfo\/2024\/01\/merci-francis-les-coquettes-debarquent-a-gerardmer-en-avril-prochain\/\"]}]},{\"@type\":\"ImageObject\",\"inLanguage\":\"fr-FR\",\"@id\":\"https:\/\/vosgesinfo.fr\/gerardmerinfo\/2024\/01\/merci-francis-les-coquettes-debarquent-a-gerardmer-en-avril-prochain\/#primaryimage\",\"url\":\"https:\/\/vosgesinfo.fr\/app\/uploads\/sites\/6\/2023\/12\/coquettes.jpg\",\"contentUrl\":\"https:\/\/vosgesinfo.fr\/app\/uploads\/sites\/6\/2023\/12\/coquettes.jpg\",\"width\":1600,\"height\":1067},{\"@type\":\"BreadcrumbList\",\"@id\":\"https:\/\/vosgesinfo.fr\/gerardmerinfo\/2024\/01\/merci-francis-les-coquettes-debarquent-a-gerardmer-en-avril-prochain\/#breadcrumb\",\"itemListElement\":[{\"@type\":\"ListItem\",\"position\":1,\"name\":\"Home\",\"item\":\"https:\/\/vosgesinfo.fr\/gerardmerinfo\/\"},{\"@type\":\"ListItem\",\"position\":2,\"name\":\"\u00ab\u00a0Merci Francis\u00a0\u00bb &#8211; Les Coquettes d\u00e9barquent \u00e0 G\u00e9rardmer en avril prochain\"}]},{\"@type\":\"WebSite\",\"@id\":\"https:\/\/vosgesinfo.fr\/gerardmerinfo\/#website\",\"url\":\"https:\/\/vosgesinfo.fr\/gerardmerinfo\/\",\"name\":\"Gerardmer Info\",\"description\":\"Toute l&#039;actualit\u00e9 de G\u00e9rardmer\",\"publisher\":{\"@id\":\"https:\/\/vosgesinfo.fr\/gerardmerinfo\/#organization\"},\"alternateName\":\"Toute l'actualit\u00e9 de G\u00e9rardmer\",\"potentialAction\":[{\"@type\":\"SearchAction\",\"target\":{\"@type\":\"EntryPoint\",\"urlTemplate\":\"https:\/\/vosgesinfo.fr\/gerardmerinfo\/?s={search_term_string}\"},\"query-input\":\"required name=search_term_string\"}],\"inLanguage\":\"fr-FR\"},{\"@type\":\"Organization\",\"@id\":\"https:\/\/vosgesinfo.fr\/gerardmerinfo\/#organization\",\"name\":\"Gerardmer Info\",\"url\":\"https:\/\/vosgesinfo.fr\/gerardmerinfo\/\",\"logo\":{\"@type\":\"ImageObject\",\"inLanguage\":\"fr-FR\",\"@id\":\"https:\/\/vosgesinfo.fr\/gerardmerinfo\/#\/schema\/logo\/image\/\",\"url\":\"https:\/\/vosgesinfo.fr\/app\/uploads\/sites\/6\/2023\/08\/favicon-gerardmerinfo.png\",\"contentUrl\":\"https:\/\/vosgesinfo.fr\/app\/uploads\/sites\/6\/2023\/08\/favicon-gerardmerinfo.png\",\"width\":512,\"height\":512,\"caption\":\"Gerardmer Info\"},\"image\":{\"@id\":\"https:\/\/vosgesinfo.fr\/gerardmerinfo\/#\/schema\/logo\/image\/\"},\"sameAs\":[\"https:\/\/www.facebook.com\/profile.php?id=100049475262660\",\"https:\/\/x.com\/VosgesInfo88\",\"https:\/\/www.youtube.com\/@vosgesinfo\"]},{\"@type\":\"Person\",\"@id\":\"https:\/\/vosgesinfo.fr\/gerardmerinfo\/#\/schema\/person\/db5605779a843dad16b5368f3e7613a5\",\"name\":\"QG\",\"image\":{\"@type\":\"ImageObject\",\"inLanguage\":\"fr-FR\",\"@id\":\"https:\/\/vosgesinfo.fr\/gerardmerinfo\/#\/schema\/person\/image\/\",\"url\":\"https:\/\/secure.gravatar.com\/avatar\/ea80c42c204b534408512832fde52504ecabb9706bcb6151cf6175e5b64e6793?s=96&d=mm&r=g\",\"contentUrl\":\"https:\/\/secure.gravatar.com\/avatar\/ea80c42c204b534408512832fde52504ecabb9706bcb6151cf6175e5b64e6793?s=96&d=mm&r=g\",\"caption\":\"QG\"},\"url\":\"https:\/\/vosgesinfo.fr\/gerardmerinfo\/author\/quentin88\/\"}]}<\/script>\n<!-- \/ Yoast SEO plugin. -->","yoast_head_json":{"title":"\"Merci Francis\" - Les Coquettes d\u00e9barquent \u00e0 G\u00e9rardmer en avril prochain - Gerardmer Info","robots":{"index":"index","follow":"follow","max-snippet":"max-snippet:-1","max-image-preview":"max-image-preview:large","max-video-preview":"max-video-preview:-1"},"canonical":"https:\/\/vosgesinfo.fr\/gerardmerinfo\/2024\/01\/merci-francis-les-coquettes-debarquent-a-gerardmer-en-avril-prochain\/","twitter_card":"summary_large_image","twitter_title":"\"Merci Francis\" - Les Coquettes d\u00e9barquent \u00e0 G\u00e9rardmer en avril prochain - Gerardmer Info","twitter_description":"Dans le cadre de la saison culturelle de l&rsquo;association Acara, Les Coquettes se produiront le 14 avril 2024, 20h \u00e0 [&hellip;]","twitter_image":"https:\/\/vosgesinfo.fr\/app\/uploads\/sites\/6\/2023\/12\/coquettes.jpg","twitter_creator":"@VosgesInfo88","twitter_site":"@VosgesInfo88","twitter_misc":{"\u00c9crit par":"QG","Dur\u00e9e de lecture estim\u00e9e":"2 minutes"},"schema":{"@context":"https:\/\/schema.org","@graph":[{"@type":"Article","@id":"https:\/\/vosgesinfo.fr\/gerardmerinfo\/2024\/01\/merci-francis-les-coquettes-debarquent-a-gerardmer-en-avril-prochain\/#article","isPartOf":{"@id":"https:\/\/vosgesinfo.fr\/gerardmerinfo\/2024\/01\/merci-francis-les-coquettes-debarquent-a-gerardmer-en-avril-prochain\/"},"author":{"name":"QG","@id":"https:\/\/vosgesinfo.fr\/gerardmerinfo\/#\/schema\/person\/db5605779a843dad16b5368f3e7613a5"},"headline":"\u00ab\u00a0Merci Francis\u00a0\u00bb &#8211; Les Coquettes d\u00e9barquent \u00e0 G\u00e9rardmer en avril prochain","datePublished":"2024-01-12T03:59:45+00:00","dateModified":"2024-01-12T03:59:45+00:00","mainEntityOfPage":{"@id":"https:\/\/vosgesinfo.fr\/gerardmerinfo\/2024\/01\/merci-francis-les-coquettes-debarquent-a-gerardmer-en-avril-prochain\/"},"wordCount":374,"commentCount":0,"publisher":{"@id":"https:\/\/vosgesinfo.fr\/gerardmerinfo\/#organization"},"image":{"@id":"https:\/\/vosgesinfo.fr\/gerardmerinfo\/2024\/01\/merci-francis-les-coquettes-debarquent-a-gerardmer-en-avril-prochain\/#primaryimage"},"thumbnailUrl":"https:\/\/vosgesinfo.fr\/app\/uploads\/sites\/6\/2023\/12\/coquettes.jpg","keywords":["Acara","Les coquettes","Merci Francis"],"articleSection":["A la une","Culture","G\u00e9rardmer"],"inLanguage":"fr-FR","potentialAction":[{"@type":"CommentAction","name":"Comment","target":["https:\/\/vosgesinfo.fr\/gerardmerinfo\/2024\/01\/merci-francis-les-coquettes-debarquent-a-gerardmer-en-avril-prochain\/#respond"]}]},{"@type":"WebPage","@id":"https:\/\/vosgesinfo.fr\/gerardmerinfo\/2024\/01\/merci-francis-les-coquettes-debarquent-a-gerardmer-en-avril-prochain\/","url":"https:\/\/vosgesinfo.fr\/gerardmerinfo\/2024\/01\/merci-francis-les-coquettes-debarquent-a-gerardmer-en-avril-prochain\/","name":"\"Merci Francis\" - Les Coquettes d\u00e9barquent \u00e0 G\u00e9rardmer en avril prochain - Gerardmer Info","isPartOf":{"@id":"https:\/\/vosgesinfo.fr\/gerardmerinfo\/#website"},"primaryImageOfPage":{"@id":"https:\/\/vosgesinfo.fr\/gerardmerinfo\/2024\/01\/merci-francis-les-coquettes-debarquent-a-gerardmer-en-avril-prochain\/#primaryimage"},"image":{"@id":"https:\/\/vosgesinfo.fr\/gerardmerinfo\/2024\/01\/merci-francis-les-coquettes-debarquent-a-gerardmer-en-avril-prochain\/#primaryimage"},"thumbnailUrl":"https:\/\/vosgesinfo.fr\/app\/uploads\/sites\/6\/2023\/12\/coquettes.jpg","datePublished":"2024-01-12T03:59:45+00:00","dateModified":"2024-01-12T03:59:45+00:00","breadcrumb":{"@id":"https:\/\/vosgesinfo.fr\/gerardmerinfo\/2024\/01\/merci-francis-les-coquettes-debarquent-a-gerardmer-en-avril-prochain\/#breadcrumb"},"inLanguage":"fr-FR","potentialAction":[{"@type":"ReadAction","target":["https:\/\/vosgesinfo.fr\/gerardmerinfo\/2024\/01\/merci-francis-les-coquettes-debarquent-a-gerardmer-en-avril-prochain\/"]}]},{"@type":"ImageObject","inLanguage":"fr-FR","@id":"https:\/\/vosgesinfo.fr\/gerardmerinfo\/2024\/01\/merci-francis-les-coquettes-debarquent-a-gerardmer-en-avril-prochain\/#primaryimage","url":"https:\/\/vosgesinfo.fr\/app\/uploads\/sites\/6\/2023\/12\/coquettes.jpg","contentUrl":"https:\/\/vosgesinfo.fr\/app\/uploads\/sites\/6\/2023\/12\/coquettes.jpg","width":1600,"height":1067},{"@type":"BreadcrumbList","@id":"https:\/\/vosgesinfo.fr\/gerardmerinfo\/2024\/01\/merci-francis-les-coquettes-debarquent-a-gerardmer-en-avril-prochain\/#breadcrumb","itemListElement":[{"@type":"ListItem","position":1,"name":"Home","item":"https:\/\/vosgesinfo.fr\/gerardmerinfo\/"},{"@type":"ListItem","position":2,"name":"\u00ab\u00a0Merci Francis\u00a0\u00bb &#8211; Les Coquettes d\u00e9barquent \u00e0 G\u00e9rardmer en avril prochain"}]},{"@type":"WebSite","@id":"https:\/\/vosgesinfo.fr\/gerardmerinfo\/#website","url":"https:\/\/vosgesinfo.fr\/gerardmerinfo\/","name":"Gerardmer Info","description":"Toute l&#039;actualit\u00e9 de G\u00e9rardmer","publisher":{"@id":"https:\/\/vosgesinfo.fr\/gerardmerinfo\/#organization"},"alternateName":"Toute l'actualit\u00e9 de G\u00e9rardmer","potentialAction":[{"@type":"SearchAction","target":{"@type":"EntryPoint","urlTemplate":"https:\/\/vosgesinfo.fr\/gerardmerinfo\/?s={search_term_string}"},"query-input":"required name=search_term_string"}],"inLanguage":"fr-FR"},{"@type":"Organization","@id":"https:\/\/vosgesinfo.fr\/gerardmerinfo\/#organization","name":"Gerardmer Info","url":"https:\/\/vosgesinfo.fr\/gerardmerinfo\/","logo":{"@type":"ImageObject","inLanguage":"fr-FR","@id":"https:\/\/vosgesinfo.fr\/gerardmerinfo\/#\/schema\/logo\/image\/","url":"https:\/\/vosgesinfo.fr\/app\/uploads\/sites\/6\/2023\/08\/favicon-gerardmerinfo.png","contentUrl":"https:\/\/vosgesinfo.fr\/app\/uploads\/sites\/6\/2023\/08\/favicon-gerardmerinfo.png","width":512,"height":512,"caption":"Gerardmer Info"},"image":{"@id":"https:\/\/vosgesinfo.fr\/gerardmerinfo\/#\/schema\/logo\/image\/"},"sameAs":["https:\/\/www.facebook.com\/profile.php?id=100049475262660","https:\/\/x.com\/VosgesInfo88","https:\/\/www.youtube.com\/@vosgesinfo"]},{"@type":"Person","@id":"https:\/\/vosgesinfo.fr\/gerardmerinfo\/#\/schema\/person\/db5605779a843dad16b5368f3e7613a5","name":"QG","image":{"@type":"ImageObject","inLanguage":"fr-FR","@id":"https:\/\/vosgesinfo.fr\/gerardmerinfo\/#\/schema\/person\/image\/","url":"https:\/\/secure.gravatar.com\/avatar\/ea80c42c204b534408512832fde52504ecabb9706bcb6151cf6175e5b64e6793?s=96&d=mm&r=g","contentUrl":"https:\/\/secure.gravatar.com\/avatar\/ea80c42c204b534408512832fde52504ecabb9706bcb6151cf6175e5b64e6793?s=96&d=mm&r=g","caption":"QG"},"url":"https:\/\/vosgesinfo.fr\/gerardmerinfo\/author\/quentin88\/"}]}},"_links":{"self":[{"href":"https:\/\/vosgesinfo.fr\/gerardmerinfo\/wp-json\/wp\/v2\/posts\/459","targetHints":{"allow":["GET"]}}],"collection":[{"href":"https:\/\/vosgesinfo.fr\/gerardmerinfo\/wp-json\/wp\/v2\/posts"}],"about":[{"href":"https:\/\/vosgesinfo.fr\/gerardmerinfo\/wp-json\/wp\/v2\/types\/post"}],"author":[{"embeddable":true,"href":"https:\/\/vosgesinfo.fr\/gerardmerinfo\/wp-json\/wp\/v2\/users\/42"}],"replies":[{"embeddable":true,"href":"https:\/\/vosgesinfo.fr\/gerardmerinfo\/wp-json\/wp\/v2\/comments?post=459"}],"version-history":[{"count":0,"href":"https:\/\/vosgesinfo.fr\/gerardmerinfo\/wp-json\/wp\/v2\/posts\/459\/revisions"}],"wp:featuredmedia":[{"embeddable":true,"href":"https:\/\/vosgesinfo.fr\/gerardmerinfo\/wp-json\/wp\/v2\/media\/458"}],"wp:attachment":[{"href":"https:\/\/vosgesinfo.fr\/gerardmerinfo\/wp-json\/wp\/v2\/media?parent=459"}],"wp:term":[{"taxonomy":"category","embeddable":true,"href":"https:\/\/vosgesinfo.fr\/gerardmerinfo\/wp-json\/wp\/v2\/categories?post=459"},{"taxonomy":"post_tag","embeddable":true,"href":"https:\/\/vosgesinfo.fr\/gerardmerinfo\/wp-json\/wp\/v2\/tags?post=459"}],"curies":[{"name":"wp","href":"https:\/\/api.w.org\/{rel}","templated":true}]}}