{"id":46127,"date":"2020-01-15T19:04:39","date_gmt":"2020-01-15T18:04:39","guid":{"rendered":"https:\/\/vosgesinfo.fr\/gerardmerinfo\/2020\/01\/tholy-troupe-de-lata-repete-prochain-spectacle\/"},"modified":"2020-01-15T19:04:39","modified_gmt":"2020-01-15T18:04:39","slug":"tholy-troupe-de-lata-repete-prochain-spectacle","status":"publish","type":"post","link":"https:\/\/vosgesinfo.fr\/gerardmerinfo\/2020\/01\/tholy-troupe-de-lata-repete-prochain-spectacle\/","title":{"rendered":"Le Tholy-La troupe de l&rsquo;ATA r\u00e9p\u00e8te son prochain spectacle !"},"content":{"rendered":"<p><a href=\"\/2020\/01\/DSC_0266.jpg\"><img decoding=\"async\" class=\"aligncenter wp-image-158177 size-full\" src=\"\/2020\/01\/DSC_0266.jpg\" alt=\"DSC_0266\" width=\"800\" height=\"536\" \/><\/a><\/p>\n<p>La troupe de l&rsquo;ATA de LE THOLY est \u00e0 pied d\u2019\u0153uvre pour son nouveau spectacle. Programm\u00e9, les vendredis 20 et 27 mars et les samedis 14,21 et 28 mars, \u00e0 20h30,\u00a0 les r\u00e9p\u00e9titions vont bon train \u00e0 raison de deux par semaine. 9 acteurs sont sur les planches dirig\u00e9s par Nadine Ca\u00ebl. Ils auront le plaisir de vous pr\u00e9senter une pi\u00e8ce de No\u00ebl PIERCY \u00a0\u00bb Pi\u00e8ce mont\u00e9e&#8230; ou pas!\u00a0\u00bb Le rire est assur\u00e9 dans cette pi\u00e8ce pas comme les autres&#8230;<\/p>\n<p>Alors r\u00e9servez d\u00e9j\u00e0 vos soir\u00e9es dans vos agendas en attendant les r\u00e9servations qui seront ouvertes \u00e0 partir du 26 f\u00e9vrier 2020.<\/p>\n<p>&nbsp;<\/p>\n\n","protected":false},"excerpt":{"rendered":"<p>La troupe de l&rsquo;ATA de LE THOLY est \u00e0 pied d\u2019\u0153uvre pour son nouveau spectacle. Programm\u00e9, les vendredis 20 et [&hellip;]<\/p>\n","protected":false},"author":241,"featured_media":46128,"comment_status":"open","ping_status":"open","sticky":false,"template":"","format":"standard","meta":{"footnotes":""},"categories":[20,4],"tags":[432],"class_list":["post-46127","post","type-post","status-publish","format-standard","has-post-thumbnail","hentry","category-a-la-une","category-culture","tag-le-tholy"],"acf":[],"yoast_head":"<!-- This site is optimized with the Yoast SEO plugin v22.5 - https:\/\/yoast.com\/wordpress\/plugins\/seo\/ -->\n<title>Le Tholy-La troupe de l&#039;ATA r\u00e9p\u00e8te son prochain spectacle ! - Gerardmer Info<\/title>\n<meta name=\"robots\" content=\"index, follow, max-snippet:-1, max-image-preview:large, max-video-preview:-1\" \/>\n<link rel=\"canonical\" href=\"https:\/\/vosgesinfo.fr\/gerardmerinfo\/2020\/01\/tholy-troupe-de-lata-repete-prochain-spectacle\/\" \/>\n<meta name=\"twitter:card\" content=\"summary_large_image\" \/>\n<meta name=\"twitter:title\" content=\"Le Tholy-La troupe de l&#039;ATA r\u00e9p\u00e8te son prochain spectacle ! - Gerardmer Info\" \/>\n<meta name=\"twitter:description\" content=\"La troupe de l&rsquo;ATA de LE THOLY est \u00e0 pied d\u2019\u0153uvre pour son nouveau spectacle. Programm\u00e9, les vendredis 20 et [&hellip;]\" \/>\n<meta name=\"twitter:image\" content=\"https:\/\/vosgesinfo.fr\/app\/uploads\/sites\/6\/2024\/07\/202001dsc-0115.jpg\" \/>\n<meta name=\"twitter:creator\" content=\"@VosgesInfo88\" \/>\n<meta name=\"twitter:site\" content=\"@VosgesInfo88\" \/>\n<meta name=\"twitter:label1\" content=\"\u00c9crit par\" \/>\n\t<meta name=\"twitter:data1\" content=\"brcunin\" \/>\n\t<meta name=\"twitter:label2\" content=\"Dur\u00e9e de lecture estim\u00e9e\" \/>\n\t<meta name=\"twitter:data2\" content=\"1 minute\" \/>\n<script type=\"application\/ld+json\" class=\"yoast-schema-graph\">{\"@context\":\"https:\/\/schema.org\",\"@graph\":[{\"@type\":\"Article\",\"@id\":\"https:\/\/vosgesinfo.fr\/gerardmerinfo\/2020\/01\/tholy-troupe-de-lata-repete-prochain-spectacle\/#article\",\"isPartOf\":{\"@id\":\"https:\/\/vosgesinfo.fr\/gerardmerinfo\/2020\/01\/tholy-troupe-de-lata-repete-prochain-spectacle\/\"},\"author\":{\"name\":\"brcunin\",\"@id\":\"https:\/\/vosgesinfo.fr\/gerardmerinfo\/#\/schema\/person\/43c4c23f98fa098b750c0140bb2f7a2a\"},\"headline\":\"Le Tholy-La troupe de l&rsquo;ATA r\u00e9p\u00e8te son prochain spectacle !\",\"datePublished\":\"2020-01-15T18:04:39+00:00\",\"dateModified\":\"2020-01-15T18:04:39+00:00\",\"mainEntityOfPage\":{\"@id\":\"https:\/\/vosgesinfo.fr\/gerardmerinfo\/2020\/01\/tholy-troupe-de-lata-repete-prochain-spectacle\/\"},\"wordCount\":130,\"commentCount\":0,\"publisher\":{\"@id\":\"https:\/\/vosgesinfo.fr\/gerardmerinfo\/#organization\"},\"image\":{\"@id\":\"https:\/\/vosgesinfo.fr\/gerardmerinfo\/2020\/01\/tholy-troupe-de-lata-repete-prochain-spectacle\/#primaryimage\"},\"thumbnailUrl\":\"https:\/\/vosgesinfo.fr\/app\/uploads\/sites\/6\/2024\/07\/202001dsc-0115.jpg\",\"keywords\":[\"Le Tholy\"],\"articleSection\":[\"A la une\",\"Culture\"],\"inLanguage\":\"fr-FR\",\"potentialAction\":[{\"@type\":\"CommentAction\",\"name\":\"Comment\",\"target\":[\"https:\/\/vosgesinfo.fr\/gerardmerinfo\/2020\/01\/tholy-troupe-de-lata-repete-prochain-spectacle\/#respond\"]}]},{\"@type\":\"WebPage\",\"@id\":\"https:\/\/vosgesinfo.fr\/gerardmerinfo\/2020\/01\/tholy-troupe-de-lata-repete-prochain-spectacle\/\",\"url\":\"https:\/\/vosgesinfo.fr\/gerardmerinfo\/2020\/01\/tholy-troupe-de-lata-repete-prochain-spectacle\/\",\"name\":\"Le Tholy-La troupe de l'ATA r\u00e9p\u00e8te son prochain spectacle ! - Gerardmer Info\",\"isPartOf\":{\"@id\":\"https:\/\/vosgesinfo.fr\/gerardmerinfo\/#website\"},\"primaryImageOfPage\":{\"@id\":\"https:\/\/vosgesinfo.fr\/gerardmerinfo\/2020\/01\/tholy-troupe-de-lata-repete-prochain-spectacle\/#primaryimage\"},\"image\":{\"@id\":\"https:\/\/vosgesinfo.fr\/gerardmerinfo\/2020\/01\/tholy-troupe-de-lata-repete-prochain-spectacle\/#primaryimage\"},\"thumbnailUrl\":\"https:\/\/vosgesinfo.fr\/app\/uploads\/sites\/6\/2024\/07\/202001dsc-0115.jpg\",\"datePublished\":\"2020-01-15T18:04:39+00:00\",\"dateModified\":\"2020-01-15T18:04:39+00:00\",\"breadcrumb\":{\"@id\":\"https:\/\/vosgesinfo.fr\/gerardmerinfo\/2020\/01\/tholy-troupe-de-lata-repete-prochain-spectacle\/#breadcrumb\"},\"inLanguage\":\"fr-FR\",\"potentialAction\":[{\"@type\":\"ReadAction\",\"target\":[\"https:\/\/vosgesinfo.fr\/gerardmerinfo\/2020\/01\/tholy-troupe-de-lata-repete-prochain-spectacle\/\"]}]},{\"@type\":\"ImageObject\",\"inLanguage\":\"fr-FR\",\"@id\":\"https:\/\/vosgesinfo.fr\/gerardmerinfo\/2020\/01\/tholy-troupe-de-lata-repete-prochain-spectacle\/#primaryimage\",\"url\":\"https:\/\/vosgesinfo.fr\/app\/uploads\/sites\/6\/2024\/07\/202001dsc-0115.jpg\",\"contentUrl\":\"https:\/\/vosgesinfo.fr\/app\/uploads\/sites\/6\/2024\/07\/202001dsc-0115.jpg\",\"width\":800,\"height\":536},{\"@type\":\"BreadcrumbList\",\"@id\":\"https:\/\/vosgesinfo.fr\/gerardmerinfo\/2020\/01\/tholy-troupe-de-lata-repete-prochain-spectacle\/#breadcrumb\",\"itemListElement\":[{\"@type\":\"ListItem\",\"position\":1,\"name\":\"Home\",\"item\":\"https:\/\/vosgesinfo.fr\/gerardmerinfo\/\"},{\"@type\":\"ListItem\",\"position\":2,\"name\":\"Le Tholy-La troupe de l&rsquo;ATA r\u00e9p\u00e8te son prochain spectacle !\"}]},{\"@type\":\"WebSite\",\"@id\":\"https:\/\/vosgesinfo.fr\/gerardmerinfo\/#website\",\"url\":\"https:\/\/vosgesinfo.fr\/gerardmerinfo\/\",\"name\":\"Gerardmer Info\",\"description\":\"Toute l&#039;actualit\u00e9 de G\u00e9rardmer\",\"publisher\":{\"@id\":\"https:\/\/vosgesinfo.fr\/gerardmerinfo\/#organization\"},\"alternateName\":\"Toute l'actualit\u00e9 de G\u00e9rardmer\",\"potentialAction\":[{\"@type\":\"SearchAction\",\"target\":{\"@type\":\"EntryPoint\",\"urlTemplate\":\"https:\/\/vosgesinfo.fr\/gerardmerinfo\/?s={search_term_string}\"},\"query-input\":\"required name=search_term_string\"}],\"inLanguage\":\"fr-FR\"},{\"@type\":\"Organization\",\"@id\":\"https:\/\/vosgesinfo.fr\/gerardmerinfo\/#organization\",\"name\":\"Gerardmer Info\",\"url\":\"https:\/\/vosgesinfo.fr\/gerardmerinfo\/\",\"logo\":{\"@type\":\"ImageObject\",\"inLanguage\":\"fr-FR\",\"@id\":\"https:\/\/vosgesinfo.fr\/gerardmerinfo\/#\/schema\/logo\/image\/\",\"url\":\"https:\/\/vosgesinfo.fr\/app\/uploads\/sites\/6\/2023\/08\/favicon-gerardmerinfo.png\",\"contentUrl\":\"https:\/\/vosgesinfo.fr\/app\/uploads\/sites\/6\/2023\/08\/favicon-gerardmerinfo.png\",\"width\":512,\"height\":512,\"caption\":\"Gerardmer Info\"},\"image\":{\"@id\":\"https:\/\/vosgesinfo.fr\/gerardmerinfo\/#\/schema\/logo\/image\/\"},\"sameAs\":[\"https:\/\/www.facebook.com\/profile.php?id=100049475262660\",\"https:\/\/x.com\/VosgesInfo88\",\"https:\/\/www.youtube.com\/@vosgesinfo\"]},{\"@type\":\"Person\",\"@id\":\"https:\/\/vosgesinfo.fr\/gerardmerinfo\/#\/schema\/person\/43c4c23f98fa098b750c0140bb2f7a2a\",\"name\":\"brcunin\",\"image\":{\"@type\":\"ImageObject\",\"inLanguage\":\"fr-FR\",\"@id\":\"https:\/\/vosgesinfo.fr\/gerardmerinfo\/#\/schema\/person\/image\/\",\"url\":\"https:\/\/secure.gravatar.com\/avatar\/e146131a5f5ef1b21a990b1679bb5e54443b7de22aa67a95dd89e8aa3de6e92b?s=96&d=mm&r=g\",\"contentUrl\":\"https:\/\/secure.gravatar.com\/avatar\/e146131a5f5ef1b21a990b1679bb5e54443b7de22aa67a95dd89e8aa3de6e92b?s=96&d=mm&r=g\",\"caption\":\"brcunin\"},\"url\":\"https:\/\/vosgesinfo.fr\/gerardmerinfo\/author\/brcunin\/\"}]}<\/script>\n<!-- \/ Yoast SEO plugin. -->","yoast_head_json":{"title":"Le Tholy-La troupe de l'ATA r\u00e9p\u00e8te son prochain spectacle ! - Gerardmer Info","robots":{"index":"index","follow":"follow","max-snippet":"max-snippet:-1","max-image-preview":"max-image-preview:large","max-video-preview":"max-video-preview:-1"},"canonical":"https:\/\/vosgesinfo.fr\/gerardmerinfo\/2020\/01\/tholy-troupe-de-lata-repete-prochain-spectacle\/","twitter_card":"summary_large_image","twitter_title":"Le Tholy-La troupe de l'ATA r\u00e9p\u00e8te son prochain spectacle ! - Gerardmer Info","twitter_description":"La troupe de l&rsquo;ATA de LE THOLY est \u00e0 pied d\u2019\u0153uvre pour son nouveau spectacle. Programm\u00e9, les vendredis 20 et [&hellip;]","twitter_image":"https:\/\/vosgesinfo.fr\/app\/uploads\/sites\/6\/2024\/07\/202001dsc-0115.jpg","twitter_creator":"@VosgesInfo88","twitter_site":"@VosgesInfo88","twitter_misc":{"\u00c9crit par":"brcunin","Dur\u00e9e de lecture estim\u00e9e":"1 minute"},"schema":{"@context":"https:\/\/schema.org","@graph":[{"@type":"Article","@id":"https:\/\/vosgesinfo.fr\/gerardmerinfo\/2020\/01\/tholy-troupe-de-lata-repete-prochain-spectacle\/#article","isPartOf":{"@id":"https:\/\/vosgesinfo.fr\/gerardmerinfo\/2020\/01\/tholy-troupe-de-lata-repete-prochain-spectacle\/"},"author":{"name":"brcunin","@id":"https:\/\/vosgesinfo.fr\/gerardmerinfo\/#\/schema\/person\/43c4c23f98fa098b750c0140bb2f7a2a"},"headline":"Le Tholy-La troupe de l&rsquo;ATA r\u00e9p\u00e8te son prochain spectacle !","datePublished":"2020-01-15T18:04:39+00:00","dateModified":"2020-01-15T18:04:39+00:00","mainEntityOfPage":{"@id":"https:\/\/vosgesinfo.fr\/gerardmerinfo\/2020\/01\/tholy-troupe-de-lata-repete-prochain-spectacle\/"},"wordCount":130,"commentCount":0,"publisher":{"@id":"https:\/\/vosgesinfo.fr\/gerardmerinfo\/#organization"},"image":{"@id":"https:\/\/vosgesinfo.fr\/gerardmerinfo\/2020\/01\/tholy-troupe-de-lata-repete-prochain-spectacle\/#primaryimage"},"thumbnailUrl":"https:\/\/vosgesinfo.fr\/app\/uploads\/sites\/6\/2024\/07\/202001dsc-0115.jpg","keywords":["Le Tholy"],"articleSection":["A la une","Culture"],"inLanguage":"fr-FR","potentialAction":[{"@type":"CommentAction","name":"Comment","target":["https:\/\/vosgesinfo.fr\/gerardmerinfo\/2020\/01\/tholy-troupe-de-lata-repete-prochain-spectacle\/#respond"]}]},{"@type":"WebPage","@id":"https:\/\/vosgesinfo.fr\/gerardmerinfo\/2020\/01\/tholy-troupe-de-lata-repete-prochain-spectacle\/","url":"https:\/\/vosgesinfo.fr\/gerardmerinfo\/2020\/01\/tholy-troupe-de-lata-repete-prochain-spectacle\/","name":"Le Tholy-La troupe de l'ATA r\u00e9p\u00e8te son prochain spectacle ! - Gerardmer Info","isPartOf":{"@id":"https:\/\/vosgesinfo.fr\/gerardmerinfo\/#website"},"primaryImageOfPage":{"@id":"https:\/\/vosgesinfo.fr\/gerardmerinfo\/2020\/01\/tholy-troupe-de-lata-repete-prochain-spectacle\/#primaryimage"},"image":{"@id":"https:\/\/vosgesinfo.fr\/gerardmerinfo\/2020\/01\/tholy-troupe-de-lata-repete-prochain-spectacle\/#primaryimage"},"thumbnailUrl":"https:\/\/vosgesinfo.fr\/app\/uploads\/sites\/6\/2024\/07\/202001dsc-0115.jpg","datePublished":"2020-01-15T18:04:39+00:00","dateModified":"2020-01-15T18:04:39+00:00","breadcrumb":{"@id":"https:\/\/vosgesinfo.fr\/gerardmerinfo\/2020\/01\/tholy-troupe-de-lata-repete-prochain-spectacle\/#breadcrumb"},"inLanguage":"fr-FR","potentialAction":[{"@type":"ReadAction","target":["https:\/\/vosgesinfo.fr\/gerardmerinfo\/2020\/01\/tholy-troupe-de-lata-repete-prochain-spectacle\/"]}]},{"@type":"ImageObject","inLanguage":"fr-FR","@id":"https:\/\/vosgesinfo.fr\/gerardmerinfo\/2020\/01\/tholy-troupe-de-lata-repete-prochain-spectacle\/#primaryimage","url":"https:\/\/vosgesinfo.fr\/app\/uploads\/sites\/6\/2024\/07\/202001dsc-0115.jpg","contentUrl":"https:\/\/vosgesinfo.fr\/app\/uploads\/sites\/6\/2024\/07\/202001dsc-0115.jpg","width":800,"height":536},{"@type":"BreadcrumbList","@id":"https:\/\/vosgesinfo.fr\/gerardmerinfo\/2020\/01\/tholy-troupe-de-lata-repete-prochain-spectacle\/#breadcrumb","itemListElement":[{"@type":"ListItem","position":1,"name":"Home","item":"https:\/\/vosgesinfo.fr\/gerardmerinfo\/"},{"@type":"ListItem","position":2,"name":"Le Tholy-La troupe de l&rsquo;ATA r\u00e9p\u00e8te son prochain spectacle !"}]},{"@type":"WebSite","@id":"https:\/\/vosgesinfo.fr\/gerardmerinfo\/#website","url":"https:\/\/vosgesinfo.fr\/gerardmerinfo\/","name":"Gerardmer Info","description":"Toute l&#039;actualit\u00e9 de G\u00e9rardmer","publisher":{"@id":"https:\/\/vosgesinfo.fr\/gerardmerinfo\/#organization"},"alternateName":"Toute l'actualit\u00e9 de G\u00e9rardmer","potentialAction":[{"@type":"SearchAction","target":{"@type":"EntryPoint","urlTemplate":"https:\/\/vosgesinfo.fr\/gerardmerinfo\/?s={search_term_string}"},"query-input":"required name=search_term_string"}],"inLanguage":"fr-FR"},{"@type":"Organization","@id":"https:\/\/vosgesinfo.fr\/gerardmerinfo\/#organization","name":"Gerardmer Info","url":"https:\/\/vosgesinfo.fr\/gerardmerinfo\/","logo":{"@type":"ImageObject","inLanguage":"fr-FR","@id":"https:\/\/vosgesinfo.fr\/gerardmerinfo\/#\/schema\/logo\/image\/","url":"https:\/\/vosgesinfo.fr\/app\/uploads\/sites\/6\/2023\/08\/favicon-gerardmerinfo.png","contentUrl":"https:\/\/vosgesinfo.fr\/app\/uploads\/sites\/6\/2023\/08\/favicon-gerardmerinfo.png","width":512,"height":512,"caption":"Gerardmer Info"},"image":{"@id":"https:\/\/vosgesinfo.fr\/gerardmerinfo\/#\/schema\/logo\/image\/"},"sameAs":["https:\/\/www.facebook.com\/profile.php?id=100049475262660","https:\/\/x.com\/VosgesInfo88","https:\/\/www.youtube.com\/@vosgesinfo"]},{"@type":"Person","@id":"https:\/\/vosgesinfo.fr\/gerardmerinfo\/#\/schema\/person\/43c4c23f98fa098b750c0140bb2f7a2a","name":"brcunin","image":{"@type":"ImageObject","inLanguage":"fr-FR","@id":"https:\/\/vosgesinfo.fr\/gerardmerinfo\/#\/schema\/person\/image\/","url":"https:\/\/secure.gravatar.com\/avatar\/e146131a5f5ef1b21a990b1679bb5e54443b7de22aa67a95dd89e8aa3de6e92b?s=96&d=mm&r=g","contentUrl":"https:\/\/secure.gravatar.com\/avatar\/e146131a5f5ef1b21a990b1679bb5e54443b7de22aa67a95dd89e8aa3de6e92b?s=96&d=mm&r=g","caption":"brcunin"},"url":"https:\/\/vosgesinfo.fr\/gerardmerinfo\/author\/brcunin\/"}]}},"_links":{"self":[{"href":"https:\/\/vosgesinfo.fr\/gerardmerinfo\/wp-json\/wp\/v2\/posts\/46127","targetHints":{"allow":["GET"]}}],"collection":[{"href":"https:\/\/vosgesinfo.fr\/gerardmerinfo\/wp-json\/wp\/v2\/posts"}],"about":[{"href":"https:\/\/vosgesinfo.fr\/gerardmerinfo\/wp-json\/wp\/v2\/types\/post"}],"author":[{"embeddable":true,"href":"https:\/\/vosgesinfo.fr\/gerardmerinfo\/wp-json\/wp\/v2\/users\/241"}],"replies":[{"embeddable":true,"href":"https:\/\/vosgesinfo.fr\/gerardmerinfo\/wp-json\/wp\/v2\/comments?post=46127"}],"version-history":[{"count":0,"href":"https:\/\/vosgesinfo.fr\/gerardmerinfo\/wp-json\/wp\/v2\/posts\/46127\/revisions"}],"wp:featuredmedia":[{"embeddable":true,"href":"https:\/\/vosgesinfo.fr\/gerardmerinfo\/wp-json\/wp\/v2\/media\/46128"}],"wp:attachment":[{"href":"https:\/\/vosgesinfo.fr\/gerardmerinfo\/wp-json\/wp\/v2\/media?parent=46127"}],"wp:term":[{"taxonomy":"category","embeddable":true,"href":"https:\/\/vosgesinfo.fr\/gerardmerinfo\/wp-json\/wp\/v2\/categories?post=46127"},{"taxonomy":"post_tag","embeddable":true,"href":"https:\/\/vosgesinfo.fr\/gerardmerinfo\/wp-json\/wp\/v2\/tags?post=46127"}],"curies":[{"name":"wp","href":"https:\/\/api.w.org\/{rel}","templated":true}]}}