{"id":46139,"date":"2020-01-16T12:10:12","date_gmt":"2020-01-16T11:10:12","guid":{"rendered":"https:\/\/vosgesinfo.fr\/gerardmerinfo\/2020\/01\/festival-fantastique-presidente-asia-argento-sera-bien-entouree\/"},"modified":"2020-01-16T12:10:12","modified_gmt":"2020-01-16T11:10:12","slug":"festival-fantastique-presidente-asia-argento-sera-bien-entouree","status":"publish","type":"post","link":"https:\/\/vosgesinfo.fr\/gerardmerinfo\/2020\/01\/festival-fantastique-presidente-asia-argento-sera-bien-entouree\/","title":{"rendered":"Festival Fantastique &#8211; La pr\u00e9sidente Asia Argento sera bien entour\u00e9e"},"content":{"rendered":"\n<p>Le compte \u00e0 rebours a commenc\u00e9 avec\u00a0 la pr\u00e9sentation des diff\u00e9rents jury. C&rsquo;est le pr\u00e9sident du Festival Fantastique, 27\u00e8me du nom, Pierre Sachot qui \u00e9tait aux manettes de la conf\u00e9rence de presse organis\u00e9e ce jeudi matin au Casino de G\u00e9rardmer en compagnie du repr\u00e9sentant de Public Syst\u00e8me Bruno Barde, mais aussi du maire de la ville Stessy Speissmann et de la conseill\u00e8re R\u00e9gionale Sylvie D&rsquo;Alguerre : le Grand Est \u00e9tant un partenaire privil\u00e9gi\u00e9 de la semaine cin\u00e9matographique.<\/p>\n<p>Asia Argento, 1\u00e8re pr\u00e9sidente du jury femme, sera bien entour\u00e9e \u00e0 n&rsquo;en pas douter. Le jury long m\u00e9trage est ainsi compos\u00e9 de : Alice Winocour R\u00e9alisatrice &amp; sc\u00e9nariste, Christophe Gans R\u00e9alisateur &amp; sc\u00e9nariste, Flavien Berger Musicien, Jean-Beno\u00eet Dunckel Musicien, Niels Schneider, Com\u00e9dien, Jean-Fran\u00e7ois Rauger,\u00a0 Directeur de la programmation \u00e0 la Cin\u00e9math\u00e8que fran\u00e7aise, Arielle Dombasle, R\u00e9alisatrice &amp; musicienne.<\/p>\n<p>On retrouvera \u00e9galement tout au long de l&rsquo;\u00e9v\u00e9nement consacr\u00e9 au cin\u00e9ma fantastique fran\u00e7ais une R\u00e9tromania, La nuit Hammer ou encore La nuit d\u00e9cal\u00e9e.<\/p>\n<p>Sans oublier, les 24h des r\u00e9alisateurs, les expositions d&rsquo;arts Plastics, de bandes dessin\u00e9es, le grimoire avec de la litt\u00e9rature fantastique, les ateliers jeunes, les animations en ville et un moment particulier consacr\u00e9 \u00e0 l\u2019hypnose avec l&rsquo;\u00e9crivain, habitu\u00e9 de l&rsquo;\u00e9v\u00e9nement, Bernard Werber.<\/p>\n<p>Rendez-vous maintenant le mercredi 29 janvier prochain pour la soir\u00e9e d&rsquo;ouverture.<\/p>\n<p>&nbsp;<\/p>\n","protected":false},"excerpt":{"rendered":"<p>Le compte \u00e0 rebours a commenc\u00e9 avec\u00a0 la pr\u00e9sentation des diff\u00e9rents jury. C&rsquo;est le pr\u00e9sident du Festival Fantastique, 27\u00e8me du [&hellip;]<\/p>\n","protected":false},"author":1,"featured_media":46140,"comment_status":"open","ping_status":"open","sticky":false,"template":"","format":"standard","meta":{"footnotes":""},"categories":[20,24,18],"tags":[],"class_list":["post-46139","post","type-post","status-publish","format-standard","has-post-thumbnail","hentry","category-a-la-une","category-evenements","category-vosges"],"acf":[],"yoast_head":"<!-- This site is optimized with the Yoast SEO plugin v22.5 - https:\/\/yoast.com\/wordpress\/plugins\/seo\/ -->\n<title>Festival Fantastique - La pr\u00e9sidente Asia Argento sera bien entour\u00e9e - Gerardmer Info<\/title>\n<meta name=\"robots\" content=\"index, follow, max-snippet:-1, max-image-preview:large, max-video-preview:-1\" \/>\n<link rel=\"canonical\" href=\"https:\/\/vosgesinfo.fr\/gerardmerinfo\/2020\/01\/festival-fantastique-presidente-asia-argento-sera-bien-entouree\/\" \/>\n<meta name=\"twitter:card\" content=\"summary_large_image\" \/>\n<meta name=\"twitter:title\" content=\"Festival Fantastique - La pr\u00e9sidente Asia Argento sera bien entour\u00e9e - Gerardmer Info\" \/>\n<meta name=\"twitter:description\" content=\"Le compte \u00e0 rebours a commenc\u00e9 avec\u00a0 la pr\u00e9sentation des diff\u00e9rents jury. C&rsquo;est le pr\u00e9sident du Festival Fantastique, 27\u00e8me du [&hellip;]\" \/>\n<meta name=\"twitter:image\" content=\"https:\/\/vosgesinfo.fr\/app\/uploads\/sites\/6\/2024\/07\/202001p1130906.jpg\" \/>\n<meta name=\"twitter:creator\" content=\"@VosgesInfo88\" \/>\n<meta name=\"twitter:site\" content=\"@VosgesInfo88\" \/>\n<meta name=\"twitter:label1\" content=\"\u00c9crit par\" \/>\n\t<meta name=\"twitter:data1\" content=\"qs_admin\" \/>\n\t<meta name=\"twitter:label2\" content=\"Dur\u00e9e de lecture estim\u00e9e\" \/>\n\t<meta name=\"twitter:data2\" content=\"1 minute\" \/>\n<script type=\"application\/ld+json\" class=\"yoast-schema-graph\">{\"@context\":\"https:\/\/schema.org\",\"@graph\":[{\"@type\":\"Article\",\"@id\":\"https:\/\/vosgesinfo.fr\/gerardmerinfo\/2020\/01\/festival-fantastique-presidente-asia-argento-sera-bien-entouree\/#article\",\"isPartOf\":{\"@id\":\"https:\/\/vosgesinfo.fr\/gerardmerinfo\/2020\/01\/festival-fantastique-presidente-asia-argento-sera-bien-entouree\/\"},\"author\":{\"name\":\"qs_admin\",\"@id\":\"https:\/\/vosgesinfo.fr\/gerardmerinfo\/#\/schema\/person\/bc5d02d71e6932e81b6dadb7386667b1\"},\"headline\":\"Festival Fantastique &#8211; La pr\u00e9sidente Asia Argento sera bien entour\u00e9e\",\"datePublished\":\"2020-01-16T11:10:12+00:00\",\"dateModified\":\"2020-01-16T11:10:12+00:00\",\"mainEntityOfPage\":{\"@id\":\"https:\/\/vosgesinfo.fr\/gerardmerinfo\/2020\/01\/festival-fantastique-presidente-asia-argento-sera-bien-entouree\/\"},\"wordCount\":271,\"commentCount\":0,\"publisher\":{\"@id\":\"https:\/\/vosgesinfo.fr\/gerardmerinfo\/#organization\"},\"image\":{\"@id\":\"https:\/\/vosgesinfo.fr\/gerardmerinfo\/2020\/01\/festival-fantastique-presidente-asia-argento-sera-bien-entouree\/#primaryimage\"},\"thumbnailUrl\":\"https:\/\/vosgesinfo.fr\/app\/uploads\/sites\/6\/2024\/07\/202001p1130906.jpg\",\"articleSection\":[\"A la une\",\"Ev\u00e8nements\",\"Vosges\"],\"inLanguage\":\"fr-FR\",\"potentialAction\":[{\"@type\":\"CommentAction\",\"name\":\"Comment\",\"target\":[\"https:\/\/vosgesinfo.fr\/gerardmerinfo\/2020\/01\/festival-fantastique-presidente-asia-argento-sera-bien-entouree\/#respond\"]}]},{\"@type\":\"WebPage\",\"@id\":\"https:\/\/vosgesinfo.fr\/gerardmerinfo\/2020\/01\/festival-fantastique-presidente-asia-argento-sera-bien-entouree\/\",\"url\":\"https:\/\/vosgesinfo.fr\/gerardmerinfo\/2020\/01\/festival-fantastique-presidente-asia-argento-sera-bien-entouree\/\",\"name\":\"Festival Fantastique - La pr\u00e9sidente Asia Argento sera bien entour\u00e9e - Gerardmer Info\",\"isPartOf\":{\"@id\":\"https:\/\/vosgesinfo.fr\/gerardmerinfo\/#website\"},\"primaryImageOfPage\":{\"@id\":\"https:\/\/vosgesinfo.fr\/gerardmerinfo\/2020\/01\/festival-fantastique-presidente-asia-argento-sera-bien-entouree\/#primaryimage\"},\"image\":{\"@id\":\"https:\/\/vosgesinfo.fr\/gerardmerinfo\/2020\/01\/festival-fantastique-presidente-asia-argento-sera-bien-entouree\/#primaryimage\"},\"thumbnailUrl\":\"https:\/\/vosgesinfo.fr\/app\/uploads\/sites\/6\/2024\/07\/202001p1130906.jpg\",\"datePublished\":\"2020-01-16T11:10:12+00:00\",\"dateModified\":\"2020-01-16T11:10:12+00:00\",\"breadcrumb\":{\"@id\":\"https:\/\/vosgesinfo.fr\/gerardmerinfo\/2020\/01\/festival-fantastique-presidente-asia-argento-sera-bien-entouree\/#breadcrumb\"},\"inLanguage\":\"fr-FR\",\"potentialAction\":[{\"@type\":\"ReadAction\",\"target\":[\"https:\/\/vosgesinfo.fr\/gerardmerinfo\/2020\/01\/festival-fantastique-presidente-asia-argento-sera-bien-entouree\/\"]}]},{\"@type\":\"ImageObject\",\"inLanguage\":\"fr-FR\",\"@id\":\"https:\/\/vosgesinfo.fr\/gerardmerinfo\/2020\/01\/festival-fantastique-presidente-asia-argento-sera-bien-entouree\/#primaryimage\",\"url\":\"https:\/\/vosgesinfo.fr\/app\/uploads\/sites\/6\/2024\/07\/202001p1130906.jpg\",\"contentUrl\":\"https:\/\/vosgesinfo.fr\/app\/uploads\/sites\/6\/2024\/07\/202001p1130906.jpg\",\"width\":800,\"height\":600},{\"@type\":\"BreadcrumbList\",\"@id\":\"https:\/\/vosgesinfo.fr\/gerardmerinfo\/2020\/01\/festival-fantastique-presidente-asia-argento-sera-bien-entouree\/#breadcrumb\",\"itemListElement\":[{\"@type\":\"ListItem\",\"position\":1,\"name\":\"Home\",\"item\":\"https:\/\/vosgesinfo.fr\/gerardmerinfo\/\"},{\"@type\":\"ListItem\",\"position\":2,\"name\":\"Festival Fantastique &#8211; La pr\u00e9sidente Asia Argento sera bien entour\u00e9e\"}]},{\"@type\":\"WebSite\",\"@id\":\"https:\/\/vosgesinfo.fr\/gerardmerinfo\/#website\",\"url\":\"https:\/\/vosgesinfo.fr\/gerardmerinfo\/\",\"name\":\"Gerardmer Info\",\"description\":\"Toute l&#039;actualit\u00e9 de G\u00e9rardmer\",\"publisher\":{\"@id\":\"https:\/\/vosgesinfo.fr\/gerardmerinfo\/#organization\"},\"alternateName\":\"Toute l'actualit\u00e9 de G\u00e9rardmer\",\"potentialAction\":[{\"@type\":\"SearchAction\",\"target\":{\"@type\":\"EntryPoint\",\"urlTemplate\":\"https:\/\/vosgesinfo.fr\/gerardmerinfo\/?s={search_term_string}\"},\"query-input\":\"required name=search_term_string\"}],\"inLanguage\":\"fr-FR\"},{\"@type\":\"Organization\",\"@id\":\"https:\/\/vosgesinfo.fr\/gerardmerinfo\/#organization\",\"name\":\"Gerardmer Info\",\"url\":\"https:\/\/vosgesinfo.fr\/gerardmerinfo\/\",\"logo\":{\"@type\":\"ImageObject\",\"inLanguage\":\"fr-FR\",\"@id\":\"https:\/\/vosgesinfo.fr\/gerardmerinfo\/#\/schema\/logo\/image\/\",\"url\":\"https:\/\/vosgesinfo.fr\/app\/uploads\/sites\/6\/2023\/08\/favicon-gerardmerinfo.png\",\"contentUrl\":\"https:\/\/vosgesinfo.fr\/app\/uploads\/sites\/6\/2023\/08\/favicon-gerardmerinfo.png\",\"width\":512,\"height\":512,\"caption\":\"Gerardmer Info\"},\"image\":{\"@id\":\"https:\/\/vosgesinfo.fr\/gerardmerinfo\/#\/schema\/logo\/image\/\"},\"sameAs\":[\"https:\/\/www.facebook.com\/profile.php?id=100049475262660\",\"https:\/\/x.com\/VosgesInfo88\",\"https:\/\/www.youtube.com\/@vosgesinfo\"]},{\"@type\":\"Person\",\"@id\":\"https:\/\/vosgesinfo.fr\/gerardmerinfo\/#\/schema\/person\/bc5d02d71e6932e81b6dadb7386667b1\",\"name\":\"qs_admin\",\"image\":{\"@type\":\"ImageObject\",\"inLanguage\":\"fr-FR\",\"@id\":\"https:\/\/vosgesinfo.fr\/gerardmerinfo\/#\/schema\/person\/image\/\",\"url\":\"https:\/\/secure.gravatar.com\/avatar\/94b18ee0ed79e4a42ea2f2931277b6841a8999fc6fde214600c78057cf1fe1de?s=96&d=mm&r=g\",\"contentUrl\":\"https:\/\/secure.gravatar.com\/avatar\/94b18ee0ed79e4a42ea2f2931277b6841a8999fc6fde214600c78057cf1fe1de?s=96&d=mm&r=g\",\"caption\":\"qs_admin\"},\"sameAs\":[\"https:\/\/vosgesinfo.fr\/wp\"],\"url\":\"https:\/\/vosgesinfo.fr\/gerardmerinfo\/author\/qs_admin\/\"}]}<\/script>\n<!-- \/ Yoast SEO plugin. -->","yoast_head_json":{"title":"Festival Fantastique - La pr\u00e9sidente Asia Argento sera bien entour\u00e9e - Gerardmer Info","robots":{"index":"index","follow":"follow","max-snippet":"max-snippet:-1","max-image-preview":"max-image-preview:large","max-video-preview":"max-video-preview:-1"},"canonical":"https:\/\/vosgesinfo.fr\/gerardmerinfo\/2020\/01\/festival-fantastique-presidente-asia-argento-sera-bien-entouree\/","twitter_card":"summary_large_image","twitter_title":"Festival Fantastique - La pr\u00e9sidente Asia Argento sera bien entour\u00e9e - Gerardmer Info","twitter_description":"Le compte \u00e0 rebours a commenc\u00e9 avec\u00a0 la pr\u00e9sentation des diff\u00e9rents jury. C&rsquo;est le pr\u00e9sident du Festival Fantastique, 27\u00e8me du [&hellip;]","twitter_image":"https:\/\/vosgesinfo.fr\/app\/uploads\/sites\/6\/2024\/07\/202001p1130906.jpg","twitter_creator":"@VosgesInfo88","twitter_site":"@VosgesInfo88","twitter_misc":{"\u00c9crit par":"qs_admin","Dur\u00e9e de lecture estim\u00e9e":"1 minute"},"schema":{"@context":"https:\/\/schema.org","@graph":[{"@type":"Article","@id":"https:\/\/vosgesinfo.fr\/gerardmerinfo\/2020\/01\/festival-fantastique-presidente-asia-argento-sera-bien-entouree\/#article","isPartOf":{"@id":"https:\/\/vosgesinfo.fr\/gerardmerinfo\/2020\/01\/festival-fantastique-presidente-asia-argento-sera-bien-entouree\/"},"author":{"name":"qs_admin","@id":"https:\/\/vosgesinfo.fr\/gerardmerinfo\/#\/schema\/person\/bc5d02d71e6932e81b6dadb7386667b1"},"headline":"Festival Fantastique &#8211; La pr\u00e9sidente Asia Argento sera bien entour\u00e9e","datePublished":"2020-01-16T11:10:12+00:00","dateModified":"2020-01-16T11:10:12+00:00","mainEntityOfPage":{"@id":"https:\/\/vosgesinfo.fr\/gerardmerinfo\/2020\/01\/festival-fantastique-presidente-asia-argento-sera-bien-entouree\/"},"wordCount":271,"commentCount":0,"publisher":{"@id":"https:\/\/vosgesinfo.fr\/gerardmerinfo\/#organization"},"image":{"@id":"https:\/\/vosgesinfo.fr\/gerardmerinfo\/2020\/01\/festival-fantastique-presidente-asia-argento-sera-bien-entouree\/#primaryimage"},"thumbnailUrl":"https:\/\/vosgesinfo.fr\/app\/uploads\/sites\/6\/2024\/07\/202001p1130906.jpg","articleSection":["A la une","Ev\u00e8nements","Vosges"],"inLanguage":"fr-FR","potentialAction":[{"@type":"CommentAction","name":"Comment","target":["https:\/\/vosgesinfo.fr\/gerardmerinfo\/2020\/01\/festival-fantastique-presidente-asia-argento-sera-bien-entouree\/#respond"]}]},{"@type":"WebPage","@id":"https:\/\/vosgesinfo.fr\/gerardmerinfo\/2020\/01\/festival-fantastique-presidente-asia-argento-sera-bien-entouree\/","url":"https:\/\/vosgesinfo.fr\/gerardmerinfo\/2020\/01\/festival-fantastique-presidente-asia-argento-sera-bien-entouree\/","name":"Festival Fantastique - La pr\u00e9sidente Asia Argento sera bien entour\u00e9e - Gerardmer Info","isPartOf":{"@id":"https:\/\/vosgesinfo.fr\/gerardmerinfo\/#website"},"primaryImageOfPage":{"@id":"https:\/\/vosgesinfo.fr\/gerardmerinfo\/2020\/01\/festival-fantastique-presidente-asia-argento-sera-bien-entouree\/#primaryimage"},"image":{"@id":"https:\/\/vosgesinfo.fr\/gerardmerinfo\/2020\/01\/festival-fantastique-presidente-asia-argento-sera-bien-entouree\/#primaryimage"},"thumbnailUrl":"https:\/\/vosgesinfo.fr\/app\/uploads\/sites\/6\/2024\/07\/202001p1130906.jpg","datePublished":"2020-01-16T11:10:12+00:00","dateModified":"2020-01-16T11:10:12+00:00","breadcrumb":{"@id":"https:\/\/vosgesinfo.fr\/gerardmerinfo\/2020\/01\/festival-fantastique-presidente-asia-argento-sera-bien-entouree\/#breadcrumb"},"inLanguage":"fr-FR","potentialAction":[{"@type":"ReadAction","target":["https:\/\/vosgesinfo.fr\/gerardmerinfo\/2020\/01\/festival-fantastique-presidente-asia-argento-sera-bien-entouree\/"]}]},{"@type":"ImageObject","inLanguage":"fr-FR","@id":"https:\/\/vosgesinfo.fr\/gerardmerinfo\/2020\/01\/festival-fantastique-presidente-asia-argento-sera-bien-entouree\/#primaryimage","url":"https:\/\/vosgesinfo.fr\/app\/uploads\/sites\/6\/2024\/07\/202001p1130906.jpg","contentUrl":"https:\/\/vosgesinfo.fr\/app\/uploads\/sites\/6\/2024\/07\/202001p1130906.jpg","width":800,"height":600},{"@type":"BreadcrumbList","@id":"https:\/\/vosgesinfo.fr\/gerardmerinfo\/2020\/01\/festival-fantastique-presidente-asia-argento-sera-bien-entouree\/#breadcrumb","itemListElement":[{"@type":"ListItem","position":1,"name":"Home","item":"https:\/\/vosgesinfo.fr\/gerardmerinfo\/"},{"@type":"ListItem","position":2,"name":"Festival Fantastique &#8211; La pr\u00e9sidente Asia Argento sera bien entour\u00e9e"}]},{"@type":"WebSite","@id":"https:\/\/vosgesinfo.fr\/gerardmerinfo\/#website","url":"https:\/\/vosgesinfo.fr\/gerardmerinfo\/","name":"Gerardmer Info","description":"Toute l&#039;actualit\u00e9 de G\u00e9rardmer","publisher":{"@id":"https:\/\/vosgesinfo.fr\/gerardmerinfo\/#organization"},"alternateName":"Toute l'actualit\u00e9 de G\u00e9rardmer","potentialAction":[{"@type":"SearchAction","target":{"@type":"EntryPoint","urlTemplate":"https:\/\/vosgesinfo.fr\/gerardmerinfo\/?s={search_term_string}"},"query-input":"required name=search_term_string"}],"inLanguage":"fr-FR"},{"@type":"Organization","@id":"https:\/\/vosgesinfo.fr\/gerardmerinfo\/#organization","name":"Gerardmer Info","url":"https:\/\/vosgesinfo.fr\/gerardmerinfo\/","logo":{"@type":"ImageObject","inLanguage":"fr-FR","@id":"https:\/\/vosgesinfo.fr\/gerardmerinfo\/#\/schema\/logo\/image\/","url":"https:\/\/vosgesinfo.fr\/app\/uploads\/sites\/6\/2023\/08\/favicon-gerardmerinfo.png","contentUrl":"https:\/\/vosgesinfo.fr\/app\/uploads\/sites\/6\/2023\/08\/favicon-gerardmerinfo.png","width":512,"height":512,"caption":"Gerardmer Info"},"image":{"@id":"https:\/\/vosgesinfo.fr\/gerardmerinfo\/#\/schema\/logo\/image\/"},"sameAs":["https:\/\/www.facebook.com\/profile.php?id=100049475262660","https:\/\/x.com\/VosgesInfo88","https:\/\/www.youtube.com\/@vosgesinfo"]},{"@type":"Person","@id":"https:\/\/vosgesinfo.fr\/gerardmerinfo\/#\/schema\/person\/bc5d02d71e6932e81b6dadb7386667b1","name":"qs_admin","image":{"@type":"ImageObject","inLanguage":"fr-FR","@id":"https:\/\/vosgesinfo.fr\/gerardmerinfo\/#\/schema\/person\/image\/","url":"https:\/\/secure.gravatar.com\/avatar\/94b18ee0ed79e4a42ea2f2931277b6841a8999fc6fde214600c78057cf1fe1de?s=96&d=mm&r=g","contentUrl":"https:\/\/secure.gravatar.com\/avatar\/94b18ee0ed79e4a42ea2f2931277b6841a8999fc6fde214600c78057cf1fe1de?s=96&d=mm&r=g","caption":"qs_admin"},"sameAs":["https:\/\/vosgesinfo.fr\/wp"],"url":"https:\/\/vosgesinfo.fr\/gerardmerinfo\/author\/qs_admin\/"}]}},"_links":{"self":[{"href":"https:\/\/vosgesinfo.fr\/gerardmerinfo\/wp-json\/wp\/v2\/posts\/46139","targetHints":{"allow":["GET"]}}],"collection":[{"href":"https:\/\/vosgesinfo.fr\/gerardmerinfo\/wp-json\/wp\/v2\/posts"}],"about":[{"href":"https:\/\/vosgesinfo.fr\/gerardmerinfo\/wp-json\/wp\/v2\/types\/post"}],"author":[{"embeddable":true,"href":"https:\/\/vosgesinfo.fr\/gerardmerinfo\/wp-json\/wp\/v2\/users\/1"}],"replies":[{"embeddable":true,"href":"https:\/\/vosgesinfo.fr\/gerardmerinfo\/wp-json\/wp\/v2\/comments?post=46139"}],"version-history":[{"count":0,"href":"https:\/\/vosgesinfo.fr\/gerardmerinfo\/wp-json\/wp\/v2\/posts\/46139\/revisions"}],"wp:featuredmedia":[{"embeddable":true,"href":"https:\/\/vosgesinfo.fr\/gerardmerinfo\/wp-json\/wp\/v2\/media\/46140"}],"wp:attachment":[{"href":"https:\/\/vosgesinfo.fr\/gerardmerinfo\/wp-json\/wp\/v2\/media?parent=46139"}],"wp:term":[{"taxonomy":"category","embeddable":true,"href":"https:\/\/vosgesinfo.fr\/gerardmerinfo\/wp-json\/wp\/v2\/categories?post=46139"},{"taxonomy":"post_tag","embeddable":true,"href":"https:\/\/vosgesinfo.fr\/gerardmerinfo\/wp-json\/wp\/v2\/tags?post=46139"}],"curies":[{"name":"wp","href":"https:\/\/api.w.org\/{rel}","templated":true}]}}