{"id":46387,"date":"2020-01-31T13:04:21","date_gmt":"2020-01-31T12:04:21","guid":{"rendered":"https:\/\/vosgesinfo.fr\/gerardmerinfo\/2020\/01\/vitrines-se-fondent-decors\/"},"modified":"2020-01-31T13:04:21","modified_gmt":"2020-01-31T12:04:21","slug":"vitrines-se-fondent-decors","status":"publish","type":"post","link":"https:\/\/vosgesinfo.fr\/gerardmerinfo\/2020\/01\/vitrines-se-fondent-decors\/","title":{"rendered":"Les vitrines se fondent dans le d\u00e9cor"},"content":{"rendered":"\n<h3>Vendredi midi avait lieu la traditionnelle remise des prix du concours annuel de vitrines fantastiques parrain\u00e9 par les Champagnes SENEZ, repr\u00e9sent\u00e9s pour l&rsquo;occasion par Bruno Drans.<\/h3>\n<p>L&rsquo;occasion pour le tr\u00e9sorier de G\u00e9rardmer Animation de remercier l&rsquo;ensemble des commer\u00e7ants et h\u00f4teliers-restaurateurs qui ont jou\u00e9 le jeu pour cette 27\u00e8me \u00e9dition du Festival International du Film Fantastique. Des vitrines qui ont leur importance et \u00ab\u00a0contribuent \u00e0 l&rsquo;animation de la ville\u00a0\u00bb pr\u00e9cisait l&rsquo;adjoint au maire de G\u00e9rardmer, Jean-Fran\u00e7ois Duval. Au total, il y avait 35 participants au concours cette ann\u00e9e et le jury a regrett\u00e9 que certaines vitrines ne soient pas inscrites alors qu&rsquo;elle avaient sans doute largement leur place parmi les meilleures&#8230; Un jury compos\u00e9 de 8 b\u00e9n\u00e9voles pr\u00e9sents lors de la c\u00e9r\u00e9monie qui s&rsquo;est d\u00e9roul\u00e9e \u00e0 l&rsquo;espace Tilleul en pr\u00e9sence de Pierre Sachot et de Fr\u00e9d\u00e9ric Bedin, pr\u00e9sident du directoire du groupe Hopscotch dont fait partie Public Syst\u00e8me Cin\u00e9ma. \u00ab\u00a0Je me souviens\u00a0 apr\u00e8s Avoriaz, si on a choisi G\u00e9rardmer pour le festival, c&rsquo;est parce qu&rsquo;on a senti que toute une ville \u00e9tait pr\u00eate \u00e0 se mobiliser, ce qui n&rsquo;\u00e9tait pas forc\u00e9ment le cas dans d&rsquo;autres stations. (&#8230;) Et on s&rsquo;est dit, \u00e7a va \u00eatre fait avec le co\u0153ur !\u00a0\u00bb<\/p>\n<p>Voil\u00e0 pour la petite histoire&#8230; mais revenons-en \u00e0 nos moutons, ou plut\u00f4t \u00e0 nos bouteilles, car c&rsquo;est bien de cela dont il s&rsquo;agit aussi. Car les gagnants sont repartis avec une belle bouteille de champagne, rien de moins qu&rsquo;un Mathusalem pour le grand vainqueur, soit 6L de breuvage. Autant dire qu&rsquo;il peut appeler les copains pour venir l&rsquo;aider ! Il s&rsquo;agit du restaurant <em>La Fringale<\/em> qui est suivi dans l&rsquo;ordre de l&rsquo;<em>Atelier Tabac Presse<\/em> ;<em> La Bergerie\/Le M<\/em> ; ainsi que <em>La Libraire<\/em> du boulevard Kelsch. Le petite bonus, c&rsquo;\u00e9tait le tirage au sort avec La Civette qui a gagn\u00e9 une visite chez la maison SENEZ, \u00e7a ne se refuse pas !<\/p>\n","protected":false},"excerpt":{"rendered":"<p>Vendredi midi avait lieu la traditionnelle remise des prix du concours annuel de vitrines fantastiques parrain\u00e9 par les Champagnes SENEZ, [&hellip;]<\/p>\n","protected":false},"author":42,"featured_media":46388,"comment_status":"open","ping_status":"open","sticky":false,"template":"","format":"standard","meta":{"footnotes":""},"categories":[20,4,18],"tags":[231,91,780],"class_list":["post-46387","post","type-post","status-publish","format-standard","has-post-thumbnail","hentry","category-a-la-une","category-culture","category-vosges","tag-concours-de-vitrines","tag-festival-du-film-fantastique-gerardmer","tag-la-libraire"],"acf":[],"yoast_head":"<!-- This site is optimized with the Yoast SEO plugin v22.5 - https:\/\/yoast.com\/wordpress\/plugins\/seo\/ -->\n<title>Les vitrines se fondent dans le d\u00e9cor - Gerardmer Info<\/title>\n<meta name=\"robots\" content=\"index, follow, max-snippet:-1, max-image-preview:large, max-video-preview:-1\" \/>\n<link rel=\"canonical\" href=\"https:\/\/vosgesinfo.fr\/gerardmerinfo\/2020\/01\/vitrines-se-fondent-decors\/\" \/>\n<meta name=\"twitter:card\" content=\"summary_large_image\" \/>\n<meta name=\"twitter:title\" content=\"Les vitrines se fondent dans le d\u00e9cor - Gerardmer Info\" \/>\n<meta name=\"twitter:description\" content=\"Vendredi midi avait lieu la traditionnelle remise des prix du concours annuel de vitrines fantastiques parrain\u00e9 par les Champagnes SENEZ, [&hellip;]\" \/>\n<meta name=\"twitter:image\" content=\"https:\/\/vosgesinfo.fr\/app\/uploads\/sites\/6\/2024\/07\/202001concours-vitrines-festival-fantastique-5.jpg\" \/>\n<meta name=\"twitter:creator\" content=\"@VosgesInfo88\" \/>\n<meta name=\"twitter:site\" content=\"@VosgesInfo88\" \/>\n<meta name=\"twitter:label1\" content=\"\u00c9crit par\" \/>\n\t<meta name=\"twitter:data1\" content=\"QG\" \/>\n\t<meta name=\"twitter:label2\" content=\"Dur\u00e9e de lecture estim\u00e9e\" \/>\n\t<meta name=\"twitter:data2\" content=\"2 minutes\" \/>\n<script type=\"application\/ld+json\" class=\"yoast-schema-graph\">{\"@context\":\"https:\/\/schema.org\",\"@graph\":[{\"@type\":\"Article\",\"@id\":\"https:\/\/vosgesinfo.fr\/gerardmerinfo\/2020\/01\/vitrines-se-fondent-decors\/#article\",\"isPartOf\":{\"@id\":\"https:\/\/vosgesinfo.fr\/gerardmerinfo\/2020\/01\/vitrines-se-fondent-decors\/\"},\"author\":{\"name\":\"QG\",\"@id\":\"https:\/\/vosgesinfo.fr\/gerardmerinfo\/#\/schema\/person\/db5605779a843dad16b5368f3e7613a5\"},\"headline\":\"Les vitrines se fondent dans le d\u00e9cor\",\"datePublished\":\"2020-01-31T12:04:21+00:00\",\"dateModified\":\"2020-01-31T12:04:21+00:00\",\"mainEntityOfPage\":{\"@id\":\"https:\/\/vosgesinfo.fr\/gerardmerinfo\/2020\/01\/vitrines-se-fondent-decors\/\"},\"wordCount\":367,\"commentCount\":0,\"publisher\":{\"@id\":\"https:\/\/vosgesinfo.fr\/gerardmerinfo\/#organization\"},\"image\":{\"@id\":\"https:\/\/vosgesinfo.fr\/gerardmerinfo\/2020\/01\/vitrines-se-fondent-decors\/#primaryimage\"},\"thumbnailUrl\":\"https:\/\/vosgesinfo.fr\/app\/uploads\/sites\/6\/2024\/07\/202001concours-vitrines-festival-fantastique-5.jpg\",\"keywords\":[\"concours de vitrines\",\"festival du film fantastique G\u00e9rardmer\",\"La Libraire\"],\"articleSection\":[\"A la une\",\"Culture\",\"Vosges\"],\"inLanguage\":\"fr-FR\",\"potentialAction\":[{\"@type\":\"CommentAction\",\"name\":\"Comment\",\"target\":[\"https:\/\/vosgesinfo.fr\/gerardmerinfo\/2020\/01\/vitrines-se-fondent-decors\/#respond\"]}]},{\"@type\":\"WebPage\",\"@id\":\"https:\/\/vosgesinfo.fr\/gerardmerinfo\/2020\/01\/vitrines-se-fondent-decors\/\",\"url\":\"https:\/\/vosgesinfo.fr\/gerardmerinfo\/2020\/01\/vitrines-se-fondent-decors\/\",\"name\":\"Les vitrines se fondent dans le d\u00e9cor - Gerardmer Info\",\"isPartOf\":{\"@id\":\"https:\/\/vosgesinfo.fr\/gerardmerinfo\/#website\"},\"primaryImageOfPage\":{\"@id\":\"https:\/\/vosgesinfo.fr\/gerardmerinfo\/2020\/01\/vitrines-se-fondent-decors\/#primaryimage\"},\"image\":{\"@id\":\"https:\/\/vosgesinfo.fr\/gerardmerinfo\/2020\/01\/vitrines-se-fondent-decors\/#primaryimage\"},\"thumbnailUrl\":\"https:\/\/vosgesinfo.fr\/app\/uploads\/sites\/6\/2024\/07\/202001concours-vitrines-festival-fantastique-5.jpg\",\"datePublished\":\"2020-01-31T12:04:21+00:00\",\"dateModified\":\"2020-01-31T12:04:21+00:00\",\"breadcrumb\":{\"@id\":\"https:\/\/vosgesinfo.fr\/gerardmerinfo\/2020\/01\/vitrines-se-fondent-decors\/#breadcrumb\"},\"inLanguage\":\"fr-FR\",\"potentialAction\":[{\"@type\":\"ReadAction\",\"target\":[\"https:\/\/vosgesinfo.fr\/gerardmerinfo\/2020\/01\/vitrines-se-fondent-decors\/\"]}]},{\"@type\":\"ImageObject\",\"inLanguage\":\"fr-FR\",\"@id\":\"https:\/\/vosgesinfo.fr\/gerardmerinfo\/2020\/01\/vitrines-se-fondent-decors\/#primaryimage\",\"url\":\"https:\/\/vosgesinfo.fr\/app\/uploads\/sites\/6\/2024\/07\/202001concours-vitrines-festival-fantastique-5.jpg\",\"contentUrl\":\"https:\/\/vosgesinfo.fr\/app\/uploads\/sites\/6\/2024\/07\/202001concours-vitrines-festival-fantastique-5.jpg\",\"width\":800,\"height\":600},{\"@type\":\"BreadcrumbList\",\"@id\":\"https:\/\/vosgesinfo.fr\/gerardmerinfo\/2020\/01\/vitrines-se-fondent-decors\/#breadcrumb\",\"itemListElement\":[{\"@type\":\"ListItem\",\"position\":1,\"name\":\"Home\",\"item\":\"https:\/\/vosgesinfo.fr\/gerardmerinfo\/\"},{\"@type\":\"ListItem\",\"position\":2,\"name\":\"Les vitrines se fondent dans le d\u00e9cor\"}]},{\"@type\":\"WebSite\",\"@id\":\"https:\/\/vosgesinfo.fr\/gerardmerinfo\/#website\",\"url\":\"https:\/\/vosgesinfo.fr\/gerardmerinfo\/\",\"name\":\"Gerardmer Info\",\"description\":\"Toute l&#039;actualit\u00e9 de G\u00e9rardmer\",\"publisher\":{\"@id\":\"https:\/\/vosgesinfo.fr\/gerardmerinfo\/#organization\"},\"alternateName\":\"Toute l'actualit\u00e9 de G\u00e9rardmer\",\"potentialAction\":[{\"@type\":\"SearchAction\",\"target\":{\"@type\":\"EntryPoint\",\"urlTemplate\":\"https:\/\/vosgesinfo.fr\/gerardmerinfo\/?s={search_term_string}\"},\"query-input\":\"required name=search_term_string\"}],\"inLanguage\":\"fr-FR\"},{\"@type\":\"Organization\",\"@id\":\"https:\/\/vosgesinfo.fr\/gerardmerinfo\/#organization\",\"name\":\"Gerardmer Info\",\"url\":\"https:\/\/vosgesinfo.fr\/gerardmerinfo\/\",\"logo\":{\"@type\":\"ImageObject\",\"inLanguage\":\"fr-FR\",\"@id\":\"https:\/\/vosgesinfo.fr\/gerardmerinfo\/#\/schema\/logo\/image\/\",\"url\":\"https:\/\/vosgesinfo.fr\/app\/uploads\/sites\/6\/2023\/08\/favicon-gerardmerinfo.png\",\"contentUrl\":\"https:\/\/vosgesinfo.fr\/app\/uploads\/sites\/6\/2023\/08\/favicon-gerardmerinfo.png\",\"width\":512,\"height\":512,\"caption\":\"Gerardmer Info\"},\"image\":{\"@id\":\"https:\/\/vosgesinfo.fr\/gerardmerinfo\/#\/schema\/logo\/image\/\"},\"sameAs\":[\"https:\/\/www.facebook.com\/profile.php?id=100049475262660\",\"https:\/\/x.com\/VosgesInfo88\",\"https:\/\/www.youtube.com\/@vosgesinfo\"]},{\"@type\":\"Person\",\"@id\":\"https:\/\/vosgesinfo.fr\/gerardmerinfo\/#\/schema\/person\/db5605779a843dad16b5368f3e7613a5\",\"name\":\"QG\",\"image\":{\"@type\":\"ImageObject\",\"inLanguage\":\"fr-FR\",\"@id\":\"https:\/\/vosgesinfo.fr\/gerardmerinfo\/#\/schema\/person\/image\/\",\"url\":\"https:\/\/secure.gravatar.com\/avatar\/ea80c42c204b534408512832fde52504ecabb9706bcb6151cf6175e5b64e6793?s=96&d=mm&r=g\",\"contentUrl\":\"https:\/\/secure.gravatar.com\/avatar\/ea80c42c204b534408512832fde52504ecabb9706bcb6151cf6175e5b64e6793?s=96&d=mm&r=g\",\"caption\":\"QG\"},\"url\":\"https:\/\/vosgesinfo.fr\/gerardmerinfo\/author\/quentin88\/\"}]}<\/script>\n<!-- \/ Yoast SEO plugin. -->","yoast_head_json":{"title":"Les vitrines se fondent dans le d\u00e9cor - Gerardmer Info","robots":{"index":"index","follow":"follow","max-snippet":"max-snippet:-1","max-image-preview":"max-image-preview:large","max-video-preview":"max-video-preview:-1"},"canonical":"https:\/\/vosgesinfo.fr\/gerardmerinfo\/2020\/01\/vitrines-se-fondent-decors\/","twitter_card":"summary_large_image","twitter_title":"Les vitrines se fondent dans le d\u00e9cor - Gerardmer Info","twitter_description":"Vendredi midi avait lieu la traditionnelle remise des prix du concours annuel de vitrines fantastiques parrain\u00e9 par les Champagnes SENEZ, [&hellip;]","twitter_image":"https:\/\/vosgesinfo.fr\/app\/uploads\/sites\/6\/2024\/07\/202001concours-vitrines-festival-fantastique-5.jpg","twitter_creator":"@VosgesInfo88","twitter_site":"@VosgesInfo88","twitter_misc":{"\u00c9crit par":"QG","Dur\u00e9e de lecture estim\u00e9e":"2 minutes"},"schema":{"@context":"https:\/\/schema.org","@graph":[{"@type":"Article","@id":"https:\/\/vosgesinfo.fr\/gerardmerinfo\/2020\/01\/vitrines-se-fondent-decors\/#article","isPartOf":{"@id":"https:\/\/vosgesinfo.fr\/gerardmerinfo\/2020\/01\/vitrines-se-fondent-decors\/"},"author":{"name":"QG","@id":"https:\/\/vosgesinfo.fr\/gerardmerinfo\/#\/schema\/person\/db5605779a843dad16b5368f3e7613a5"},"headline":"Les vitrines se fondent dans le d\u00e9cor","datePublished":"2020-01-31T12:04:21+00:00","dateModified":"2020-01-31T12:04:21+00:00","mainEntityOfPage":{"@id":"https:\/\/vosgesinfo.fr\/gerardmerinfo\/2020\/01\/vitrines-se-fondent-decors\/"},"wordCount":367,"commentCount":0,"publisher":{"@id":"https:\/\/vosgesinfo.fr\/gerardmerinfo\/#organization"},"image":{"@id":"https:\/\/vosgesinfo.fr\/gerardmerinfo\/2020\/01\/vitrines-se-fondent-decors\/#primaryimage"},"thumbnailUrl":"https:\/\/vosgesinfo.fr\/app\/uploads\/sites\/6\/2024\/07\/202001concours-vitrines-festival-fantastique-5.jpg","keywords":["concours de vitrines","festival du film fantastique G\u00e9rardmer","La Libraire"],"articleSection":["A la une","Culture","Vosges"],"inLanguage":"fr-FR","potentialAction":[{"@type":"CommentAction","name":"Comment","target":["https:\/\/vosgesinfo.fr\/gerardmerinfo\/2020\/01\/vitrines-se-fondent-decors\/#respond"]}]},{"@type":"WebPage","@id":"https:\/\/vosgesinfo.fr\/gerardmerinfo\/2020\/01\/vitrines-se-fondent-decors\/","url":"https:\/\/vosgesinfo.fr\/gerardmerinfo\/2020\/01\/vitrines-se-fondent-decors\/","name":"Les vitrines se fondent dans le d\u00e9cor - Gerardmer Info","isPartOf":{"@id":"https:\/\/vosgesinfo.fr\/gerardmerinfo\/#website"},"primaryImageOfPage":{"@id":"https:\/\/vosgesinfo.fr\/gerardmerinfo\/2020\/01\/vitrines-se-fondent-decors\/#primaryimage"},"image":{"@id":"https:\/\/vosgesinfo.fr\/gerardmerinfo\/2020\/01\/vitrines-se-fondent-decors\/#primaryimage"},"thumbnailUrl":"https:\/\/vosgesinfo.fr\/app\/uploads\/sites\/6\/2024\/07\/202001concours-vitrines-festival-fantastique-5.jpg","datePublished":"2020-01-31T12:04:21+00:00","dateModified":"2020-01-31T12:04:21+00:00","breadcrumb":{"@id":"https:\/\/vosgesinfo.fr\/gerardmerinfo\/2020\/01\/vitrines-se-fondent-decors\/#breadcrumb"},"inLanguage":"fr-FR","potentialAction":[{"@type":"ReadAction","target":["https:\/\/vosgesinfo.fr\/gerardmerinfo\/2020\/01\/vitrines-se-fondent-decors\/"]}]},{"@type":"ImageObject","inLanguage":"fr-FR","@id":"https:\/\/vosgesinfo.fr\/gerardmerinfo\/2020\/01\/vitrines-se-fondent-decors\/#primaryimage","url":"https:\/\/vosgesinfo.fr\/app\/uploads\/sites\/6\/2024\/07\/202001concours-vitrines-festival-fantastique-5.jpg","contentUrl":"https:\/\/vosgesinfo.fr\/app\/uploads\/sites\/6\/2024\/07\/202001concours-vitrines-festival-fantastique-5.jpg","width":800,"height":600},{"@type":"BreadcrumbList","@id":"https:\/\/vosgesinfo.fr\/gerardmerinfo\/2020\/01\/vitrines-se-fondent-decors\/#breadcrumb","itemListElement":[{"@type":"ListItem","position":1,"name":"Home","item":"https:\/\/vosgesinfo.fr\/gerardmerinfo\/"},{"@type":"ListItem","position":2,"name":"Les vitrines se fondent dans le d\u00e9cor"}]},{"@type":"WebSite","@id":"https:\/\/vosgesinfo.fr\/gerardmerinfo\/#website","url":"https:\/\/vosgesinfo.fr\/gerardmerinfo\/","name":"Gerardmer Info","description":"Toute l&#039;actualit\u00e9 de G\u00e9rardmer","publisher":{"@id":"https:\/\/vosgesinfo.fr\/gerardmerinfo\/#organization"},"alternateName":"Toute l'actualit\u00e9 de G\u00e9rardmer","potentialAction":[{"@type":"SearchAction","target":{"@type":"EntryPoint","urlTemplate":"https:\/\/vosgesinfo.fr\/gerardmerinfo\/?s={search_term_string}"},"query-input":"required name=search_term_string"}],"inLanguage":"fr-FR"},{"@type":"Organization","@id":"https:\/\/vosgesinfo.fr\/gerardmerinfo\/#organization","name":"Gerardmer Info","url":"https:\/\/vosgesinfo.fr\/gerardmerinfo\/","logo":{"@type":"ImageObject","inLanguage":"fr-FR","@id":"https:\/\/vosgesinfo.fr\/gerardmerinfo\/#\/schema\/logo\/image\/","url":"https:\/\/vosgesinfo.fr\/app\/uploads\/sites\/6\/2023\/08\/favicon-gerardmerinfo.png","contentUrl":"https:\/\/vosgesinfo.fr\/app\/uploads\/sites\/6\/2023\/08\/favicon-gerardmerinfo.png","width":512,"height":512,"caption":"Gerardmer Info"},"image":{"@id":"https:\/\/vosgesinfo.fr\/gerardmerinfo\/#\/schema\/logo\/image\/"},"sameAs":["https:\/\/www.facebook.com\/profile.php?id=100049475262660","https:\/\/x.com\/VosgesInfo88","https:\/\/www.youtube.com\/@vosgesinfo"]},{"@type":"Person","@id":"https:\/\/vosgesinfo.fr\/gerardmerinfo\/#\/schema\/person\/db5605779a843dad16b5368f3e7613a5","name":"QG","image":{"@type":"ImageObject","inLanguage":"fr-FR","@id":"https:\/\/vosgesinfo.fr\/gerardmerinfo\/#\/schema\/person\/image\/","url":"https:\/\/secure.gravatar.com\/avatar\/ea80c42c204b534408512832fde52504ecabb9706bcb6151cf6175e5b64e6793?s=96&d=mm&r=g","contentUrl":"https:\/\/secure.gravatar.com\/avatar\/ea80c42c204b534408512832fde52504ecabb9706bcb6151cf6175e5b64e6793?s=96&d=mm&r=g","caption":"QG"},"url":"https:\/\/vosgesinfo.fr\/gerardmerinfo\/author\/quentin88\/"}]}},"_links":{"self":[{"href":"https:\/\/vosgesinfo.fr\/gerardmerinfo\/wp-json\/wp\/v2\/posts\/46387","targetHints":{"allow":["GET"]}}],"collection":[{"href":"https:\/\/vosgesinfo.fr\/gerardmerinfo\/wp-json\/wp\/v2\/posts"}],"about":[{"href":"https:\/\/vosgesinfo.fr\/gerardmerinfo\/wp-json\/wp\/v2\/types\/post"}],"author":[{"embeddable":true,"href":"https:\/\/vosgesinfo.fr\/gerardmerinfo\/wp-json\/wp\/v2\/users\/42"}],"replies":[{"embeddable":true,"href":"https:\/\/vosgesinfo.fr\/gerardmerinfo\/wp-json\/wp\/v2\/comments?post=46387"}],"version-history":[{"count":0,"href":"https:\/\/vosgesinfo.fr\/gerardmerinfo\/wp-json\/wp\/v2\/posts\/46387\/revisions"}],"wp:featuredmedia":[{"embeddable":true,"href":"https:\/\/vosgesinfo.fr\/gerardmerinfo\/wp-json\/wp\/v2\/media\/46388"}],"wp:attachment":[{"href":"https:\/\/vosgesinfo.fr\/gerardmerinfo\/wp-json\/wp\/v2\/media?parent=46387"}],"wp:term":[{"taxonomy":"category","embeddable":true,"href":"https:\/\/vosgesinfo.fr\/gerardmerinfo\/wp-json\/wp\/v2\/categories?post=46387"},{"taxonomy":"post_tag","embeddable":true,"href":"https:\/\/vosgesinfo.fr\/gerardmerinfo\/wp-json\/wp\/v2\/tags?post=46387"}],"curies":[{"name":"wp","href":"https:\/\/api.w.org\/{rel}","templated":true}]}}