{"id":46393,"date":"2020-01-31T15:10:36","date_gmt":"2020-01-31T14:10:36","guid":{"rendered":"https:\/\/vosgesinfo.fr\/gerardmerinfo\/2020\/01\/exposition-arts-plastiques-suite-fin-dessin\/"},"modified":"2020-01-31T15:10:36","modified_gmt":"2020-01-31T14:10:36","slug":"exposition-arts-plastiques-suite-fin-dessin","status":"publish","type":"post","link":"https:\/\/vosgesinfo.fr\/gerardmerinfo\/2020\/01\/exposition-arts-plastiques-suite-fin-dessin\/","title":{"rendered":"Exposition Arts Plastiques suite &#038; fin en dessin"},"content":{"rendered":"<div id=\"attachment_158919\" style=\"width: 510px\" class=\"wp-caption aligncenter\"><a href=\"\/2020\/01\/expo-arts-plastiques-2020-festival-fantastique-5.jpg\"><img decoding=\"async\" aria-describedby=\"caption-attachment-158919\" class=\"wp-image-158919\" src=\"\/2020\/01\/expo-arts-plastiques-2020-festival-fantastique-5.jpg\" alt=\"Lucas Rubben\" width=\"500\" height=\"375\" \/><\/a><p id=\"caption-attachment-158919\" class=\"wp-caption-text\"><span style=\"color: #000080;\">Lucas Rubben &#8211; insta : rubbensart_<\/span><\/p><\/div>\n<p>Suite &amp; fin de de notre page consacr\u00e9e \u00e0 l&rsquo;exposition <em>Arts Plastiques <\/em>de la Villa Monplaisir avec tout d&rsquo;abord Lucas Rubben, le benjamin des exposants et le r\u00e9gional de l&rsquo;\u00e9tape puisqu&rsquo;il est originaire de Tendon. Passionn\u00e9 de dessin depuis ses ann\u00e9es coll\u00e8ge, il a progressivement consacr\u00e9 de plus de temps \u00e0 cette activit\u00e9. D&rsquo;un loisir et d&rsquo;un trait h\u00e9sitant \u00e0 ses d\u00e9buts, il souhaiterait faire une activit\u00e9 professionnelle depuis que son coup d&rsquo;oeil et son coup de crayons se sont affin\u00e9s, sans doute pour d\u00e9boucher sur un style plus affirm\u00e9. \u00ab\u00a0Je suis d\u00e9sormais ex-\u00e9tudiant et je souhaiterais m&rsquo;orienter vers le dessin de mani\u00e8re plus professionnelle. Pour l&rsquo;instant, je suis \u00e0 la recherche d&rsquo;une \u00e9cole dans le domaine de l&rsquo;illustration ou d&rsquo;infographie qui me permettrait de progresser et surtout de pratiquer encore plus r\u00e9guli\u00e8rement. Dans tous les cas, si je n&rsquo;en fais pas mon m\u00e9tier, \u00e7a restera toujours une passion\u00a0\u00bb pr\u00e9cise-t-il. Parmi ses sources d&rsquo;inspirations, on citera l&rsquo;univers Dark Fantasy sous toutes ses formes (cin\u00e9ma, jeux vid\u00e9os, BD), certains mangas \u00e0 l&rsquo;image du l\u00e9gendaire <em>Berserk<\/em> de Kentar\u014d Miura, ou encore les longs m\u00e9trages <em>Alien<\/em> et les \u0153uvres\u00a0 de cr\u00e9ateur du fameux x\u00e9nomorphe, j&rsquo;ai nomm\u00e9 Hans Ruedi Giger&#8230;<\/p>\n<div id=\"attachment_158918\" style=\"width: 350px\" class=\"wp-caption alignright\"><a href=\"\/2020\/01\/expo-arts-plastiques-2020-festival-fantastique-4.jpg\"><img decoding=\"async\" aria-describedby=\"caption-attachment-158918\" class=\"size-medium wp-image-158918\" src=\"\/2020\/01\/expo-arts-plastiques-2020-festival-fantastique-4-340x255.jpg\" alt=\"Les Ateliers de la Licorne Verte\" width=\"340\" height=\"255\" \/><\/a><p id=\"caption-attachment-158918\" class=\"wp-caption-text\">Les Ateliers de la Licorne Verte<\/p><\/div>\n<p>Toujours au sein de l&rsquo;exposition <em>Arts Plastiques<\/em>, mais cette fois dans la salle Belbriette de l&rsquo;Espace LAC (situ\u00e9e \u00e0 gauche de l&rsquo;entr\u00e9e principale), vous retrouverez les cr\u00e9ations d&rsquo;Herv\u00e9 Mayon, le fondateur des<em> Ateliers de la Licorne Verte. <\/em>Un mix entre \u00e9l\u00e9ments v\u00e9g\u00e9taux et textiles en lien avec une maison de linge g\u00e9r\u00f4moise. Au programme : des personnages inqui\u00e9tants et\/ou amusants avec leur allure d&rsquo;\u00e9pouvantail, le tout faisant r\u00e9f\u00e9rence au cin\u00e9ma&#8230; Pour les novices, sachez que l&rsquo;id\u00e9e des<em> Ateliers de la Licornes Vertes<\/em> est simple et ambitieuse\u00a0: celle de recr\u00e9er la vie v\u00e9g\u00e9tale. Il \u00e9labore ses propres techniques, forge son savoir-faire, invente sa tradition. Le travail d\u00e9bute en for\u00eat, \u00e0 rep\u00e9rer les arbres qui n\u2019int\u00e9ressent pas l\u2019industrie, ceux dont les troncs sont trop sinueux, les branches trop tortueuses ; ceux-l\u00e0 m\u00eames qui enchantent le regard. <em>Les Ateliers de la Licorne Verte<\/em> sont aujourd\u2019hui sollicit\u00e9s par les artistes plasticiens, les chor\u00e9graphes et les architectes, pour des collaborations des plus stimulantes.<\/p>\n<p>Enfin, rappelons que dans cette m\u00eame salle Belbriette, vous retrouverez des cr\u00e9ations originales de certains \u00e9coliers de G\u00e9rardmer, mais aussi l&rsquo;une des deux expositions BD de 27\u00e8me festival. Il s&rsquo;agit de l&rsquo;exposition consacr\u00e9e \u00e0 <em>Conan le Cimm\u00e9rien \u2013 Le colosse noir d<\/em>e Vincent Brugeas et Ronan Toulhoat. Une exposition r\u00e9alis\u00e9e en partenariat avec les \u00e9ditions Gl\u00e9nat dont le vernissage aura lieu en pr\u00e9sence de Ronan Toulhoat ce samedi 1er f\u00e9vrier \u00e0 11 h 00 pr\u00e9cises !!<\/p>\n<p>&nbsp;<\/p>\n<div id=\"attachment_158916\" style=\"width: 350px\" class=\"wp-caption aligncenter\"><a href=\"\/2020\/01\/expo-arts-plastiques-2020-festival-fantastique-2.jpg\"><img decoding=\"async\" aria-describedby=\"caption-attachment-158916\" class=\"size-medium wp-image-158916\" src=\"\/2020\/01\/expo-arts-plastiques-2020-festival-fantastique-2-340x255.jpg\" alt=\"Cr\u00e9ations des \u00e9coliers g\u00e9r\u00f4mois.\" width=\"340\" height=\"255\" \/><\/a><p id=\"caption-attachment-158916\" class=\"wp-caption-text\">Cr\u00e9ations des \u00e9coliers g\u00e9r\u00f4mois.<\/p><\/div>\n\n","protected":false},"excerpt":{"rendered":"<p>Suite &amp; fin de de notre page consacr\u00e9e \u00e0 l&rsquo;exposition Arts Plastiques de la Villa Monplaisir avec tout d&rsquo;abord Lucas [&hellip;]<\/p>\n","protected":false},"author":1,"featured_media":46394,"comment_status":"open","ping_status":"open","sticky":false,"template":"","format":"standard","meta":{"footnotes":""},"categories":[20,4],"tags":[],"class_list":["post-46393","post","type-post","status-publish","format-standard","has-post-thumbnail","hentry","category-a-la-une","category-culture"],"acf":[],"yoast_head":"<!-- This site is optimized with the Yoast SEO plugin v22.5 - https:\/\/yoast.com\/wordpress\/plugins\/seo\/ -->\n<title>Exposition Arts Plastiques suite &amp; fin en dessin - Gerardmer Info<\/title>\n<meta name=\"robots\" content=\"index, follow, max-snippet:-1, max-image-preview:large, max-video-preview:-1\" \/>\n<link rel=\"canonical\" href=\"https:\/\/vosgesinfo.fr\/gerardmerinfo\/2020\/01\/exposition-arts-plastiques-suite-fin-dessin\/\" \/>\n<meta name=\"twitter:card\" content=\"summary_large_image\" \/>\n<meta name=\"twitter:title\" content=\"Exposition Arts Plastiques suite &amp; fin en dessin - Gerardmer Info\" \/>\n<meta name=\"twitter:description\" content=\"Suite &amp; fin de de notre page consacr\u00e9e \u00e0 l&rsquo;exposition Arts Plastiques de la Villa Monplaisir avec tout d&rsquo;abord Lucas [&hellip;]\" \/>\n<meta name=\"twitter:image\" content=\"https:\/\/vosgesinfo.fr\/app\/uploads\/sites\/6\/2024\/07\/202001expo-arts-plastiques-2020-festival-fantastique-5.jpg\" \/>\n<meta name=\"twitter:creator\" content=\"@VosgesInfo88\" \/>\n<meta name=\"twitter:site\" content=\"@VosgesInfo88\" \/>\n<meta name=\"twitter:label1\" content=\"\u00c9crit par\" \/>\n\t<meta name=\"twitter:data1\" content=\"qs_admin\" \/>\n\t<meta name=\"twitter:label2\" content=\"Dur\u00e9e de lecture estim\u00e9e\" \/>\n\t<meta name=\"twitter:data2\" content=\"3 minutes\" \/>\n<script type=\"application\/ld+json\" class=\"yoast-schema-graph\">{\"@context\":\"https:\/\/schema.org\",\"@graph\":[{\"@type\":\"Article\",\"@id\":\"https:\/\/vosgesinfo.fr\/gerardmerinfo\/2020\/01\/exposition-arts-plastiques-suite-fin-dessin\/#article\",\"isPartOf\":{\"@id\":\"https:\/\/vosgesinfo.fr\/gerardmerinfo\/2020\/01\/exposition-arts-plastiques-suite-fin-dessin\/\"},\"author\":{\"name\":\"qs_admin\",\"@id\":\"https:\/\/vosgesinfo.fr\/gerardmerinfo\/#\/schema\/person\/bc5d02d71e6932e81b6dadb7386667b1\"},\"headline\":\"Exposition Arts Plastiques suite &#038; fin en dessin\",\"datePublished\":\"2020-01-31T14:10:36+00:00\",\"dateModified\":\"2020-01-31T14:10:36+00:00\",\"mainEntityOfPage\":{\"@id\":\"https:\/\/vosgesinfo.fr\/gerardmerinfo\/2020\/01\/exposition-arts-plastiques-suite-fin-dessin\/\"},\"wordCount\":558,\"commentCount\":0,\"publisher\":{\"@id\":\"https:\/\/vosgesinfo.fr\/gerardmerinfo\/#organization\"},\"image\":{\"@id\":\"https:\/\/vosgesinfo.fr\/gerardmerinfo\/2020\/01\/exposition-arts-plastiques-suite-fin-dessin\/#primaryimage\"},\"thumbnailUrl\":\"https:\/\/vosgesinfo.fr\/app\/uploads\/sites\/6\/2024\/07\/202001expo-arts-plastiques-2020-festival-fantastique-5.jpg\",\"articleSection\":[\"A la une\",\"Culture\"],\"inLanguage\":\"fr-FR\",\"potentialAction\":[{\"@type\":\"CommentAction\",\"name\":\"Comment\",\"target\":[\"https:\/\/vosgesinfo.fr\/gerardmerinfo\/2020\/01\/exposition-arts-plastiques-suite-fin-dessin\/#respond\"]}]},{\"@type\":\"WebPage\",\"@id\":\"https:\/\/vosgesinfo.fr\/gerardmerinfo\/2020\/01\/exposition-arts-plastiques-suite-fin-dessin\/\",\"url\":\"https:\/\/vosgesinfo.fr\/gerardmerinfo\/2020\/01\/exposition-arts-plastiques-suite-fin-dessin\/\",\"name\":\"Exposition Arts Plastiques suite & fin en dessin - Gerardmer Info\",\"isPartOf\":{\"@id\":\"https:\/\/vosgesinfo.fr\/gerardmerinfo\/#website\"},\"primaryImageOfPage\":{\"@id\":\"https:\/\/vosgesinfo.fr\/gerardmerinfo\/2020\/01\/exposition-arts-plastiques-suite-fin-dessin\/#primaryimage\"},\"image\":{\"@id\":\"https:\/\/vosgesinfo.fr\/gerardmerinfo\/2020\/01\/exposition-arts-plastiques-suite-fin-dessin\/#primaryimage\"},\"thumbnailUrl\":\"https:\/\/vosgesinfo.fr\/app\/uploads\/sites\/6\/2024\/07\/202001expo-arts-plastiques-2020-festival-fantastique-5.jpg\",\"datePublished\":\"2020-01-31T14:10:36+00:00\",\"dateModified\":\"2020-01-31T14:10:36+00:00\",\"breadcrumb\":{\"@id\":\"https:\/\/vosgesinfo.fr\/gerardmerinfo\/2020\/01\/exposition-arts-plastiques-suite-fin-dessin\/#breadcrumb\"},\"inLanguage\":\"fr-FR\",\"potentialAction\":[{\"@type\":\"ReadAction\",\"target\":[\"https:\/\/vosgesinfo.fr\/gerardmerinfo\/2020\/01\/exposition-arts-plastiques-suite-fin-dessin\/\"]}]},{\"@type\":\"ImageObject\",\"inLanguage\":\"fr-FR\",\"@id\":\"https:\/\/vosgesinfo.fr\/gerardmerinfo\/2020\/01\/exposition-arts-plastiques-suite-fin-dessin\/#primaryimage\",\"url\":\"https:\/\/vosgesinfo.fr\/app\/uploads\/sites\/6\/2024\/07\/202001expo-arts-plastiques-2020-festival-fantastique-5.jpg\",\"contentUrl\":\"https:\/\/vosgesinfo.fr\/app\/uploads\/sites\/6\/2024\/07\/202001expo-arts-plastiques-2020-festival-fantastique-5.jpg\",\"width\":800,\"height\":600},{\"@type\":\"BreadcrumbList\",\"@id\":\"https:\/\/vosgesinfo.fr\/gerardmerinfo\/2020\/01\/exposition-arts-plastiques-suite-fin-dessin\/#breadcrumb\",\"itemListElement\":[{\"@type\":\"ListItem\",\"position\":1,\"name\":\"Home\",\"item\":\"https:\/\/vosgesinfo.fr\/gerardmerinfo\/\"},{\"@type\":\"ListItem\",\"position\":2,\"name\":\"Exposition Arts Plastiques suite &#038; fin en dessin\"}]},{\"@type\":\"WebSite\",\"@id\":\"https:\/\/vosgesinfo.fr\/gerardmerinfo\/#website\",\"url\":\"https:\/\/vosgesinfo.fr\/gerardmerinfo\/\",\"name\":\"Gerardmer Info\",\"description\":\"Toute l&#039;actualit\u00e9 de G\u00e9rardmer\",\"publisher\":{\"@id\":\"https:\/\/vosgesinfo.fr\/gerardmerinfo\/#organization\"},\"alternateName\":\"Toute l'actualit\u00e9 de G\u00e9rardmer\",\"potentialAction\":[{\"@type\":\"SearchAction\",\"target\":{\"@type\":\"EntryPoint\",\"urlTemplate\":\"https:\/\/vosgesinfo.fr\/gerardmerinfo\/?s={search_term_string}\"},\"query-input\":\"required name=search_term_string\"}],\"inLanguage\":\"fr-FR\"},{\"@type\":\"Organization\",\"@id\":\"https:\/\/vosgesinfo.fr\/gerardmerinfo\/#organization\",\"name\":\"Gerardmer Info\",\"url\":\"https:\/\/vosgesinfo.fr\/gerardmerinfo\/\",\"logo\":{\"@type\":\"ImageObject\",\"inLanguage\":\"fr-FR\",\"@id\":\"https:\/\/vosgesinfo.fr\/gerardmerinfo\/#\/schema\/logo\/image\/\",\"url\":\"https:\/\/vosgesinfo.fr\/app\/uploads\/sites\/6\/2023\/08\/favicon-gerardmerinfo.png\",\"contentUrl\":\"https:\/\/vosgesinfo.fr\/app\/uploads\/sites\/6\/2023\/08\/favicon-gerardmerinfo.png\",\"width\":512,\"height\":512,\"caption\":\"Gerardmer Info\"},\"image\":{\"@id\":\"https:\/\/vosgesinfo.fr\/gerardmerinfo\/#\/schema\/logo\/image\/\"},\"sameAs\":[\"https:\/\/www.facebook.com\/profile.php?id=100049475262660\",\"https:\/\/x.com\/VosgesInfo88\",\"https:\/\/www.youtube.com\/@vosgesinfo\"]},{\"@type\":\"Person\",\"@id\":\"https:\/\/vosgesinfo.fr\/gerardmerinfo\/#\/schema\/person\/bc5d02d71e6932e81b6dadb7386667b1\",\"name\":\"qs_admin\",\"image\":{\"@type\":\"ImageObject\",\"inLanguage\":\"fr-FR\",\"@id\":\"https:\/\/vosgesinfo.fr\/gerardmerinfo\/#\/schema\/person\/image\/\",\"url\":\"https:\/\/secure.gravatar.com\/avatar\/94b18ee0ed79e4a42ea2f2931277b6841a8999fc6fde214600c78057cf1fe1de?s=96&d=mm&r=g\",\"contentUrl\":\"https:\/\/secure.gravatar.com\/avatar\/94b18ee0ed79e4a42ea2f2931277b6841a8999fc6fde214600c78057cf1fe1de?s=96&d=mm&r=g\",\"caption\":\"qs_admin\"},\"sameAs\":[\"https:\/\/vosgesinfo.fr\/wp\"],\"url\":\"https:\/\/vosgesinfo.fr\/gerardmerinfo\/author\/qs_admin\/\"}]}<\/script>\n<!-- \/ Yoast SEO plugin. -->","yoast_head_json":{"title":"Exposition Arts Plastiques suite & fin en dessin - Gerardmer Info","robots":{"index":"index","follow":"follow","max-snippet":"max-snippet:-1","max-image-preview":"max-image-preview:large","max-video-preview":"max-video-preview:-1"},"canonical":"https:\/\/vosgesinfo.fr\/gerardmerinfo\/2020\/01\/exposition-arts-plastiques-suite-fin-dessin\/","twitter_card":"summary_large_image","twitter_title":"Exposition Arts Plastiques suite & fin en dessin - Gerardmer Info","twitter_description":"Suite &amp; fin de de notre page consacr\u00e9e \u00e0 l&rsquo;exposition Arts Plastiques de la Villa Monplaisir avec tout d&rsquo;abord Lucas [&hellip;]","twitter_image":"https:\/\/vosgesinfo.fr\/app\/uploads\/sites\/6\/2024\/07\/202001expo-arts-plastiques-2020-festival-fantastique-5.jpg","twitter_creator":"@VosgesInfo88","twitter_site":"@VosgesInfo88","twitter_misc":{"\u00c9crit par":"qs_admin","Dur\u00e9e de lecture estim\u00e9e":"3 minutes"},"schema":{"@context":"https:\/\/schema.org","@graph":[{"@type":"Article","@id":"https:\/\/vosgesinfo.fr\/gerardmerinfo\/2020\/01\/exposition-arts-plastiques-suite-fin-dessin\/#article","isPartOf":{"@id":"https:\/\/vosgesinfo.fr\/gerardmerinfo\/2020\/01\/exposition-arts-plastiques-suite-fin-dessin\/"},"author":{"name":"qs_admin","@id":"https:\/\/vosgesinfo.fr\/gerardmerinfo\/#\/schema\/person\/bc5d02d71e6932e81b6dadb7386667b1"},"headline":"Exposition Arts Plastiques suite &#038; fin en dessin","datePublished":"2020-01-31T14:10:36+00:00","dateModified":"2020-01-31T14:10:36+00:00","mainEntityOfPage":{"@id":"https:\/\/vosgesinfo.fr\/gerardmerinfo\/2020\/01\/exposition-arts-plastiques-suite-fin-dessin\/"},"wordCount":558,"commentCount":0,"publisher":{"@id":"https:\/\/vosgesinfo.fr\/gerardmerinfo\/#organization"},"image":{"@id":"https:\/\/vosgesinfo.fr\/gerardmerinfo\/2020\/01\/exposition-arts-plastiques-suite-fin-dessin\/#primaryimage"},"thumbnailUrl":"https:\/\/vosgesinfo.fr\/app\/uploads\/sites\/6\/2024\/07\/202001expo-arts-plastiques-2020-festival-fantastique-5.jpg","articleSection":["A la une","Culture"],"inLanguage":"fr-FR","potentialAction":[{"@type":"CommentAction","name":"Comment","target":["https:\/\/vosgesinfo.fr\/gerardmerinfo\/2020\/01\/exposition-arts-plastiques-suite-fin-dessin\/#respond"]}]},{"@type":"WebPage","@id":"https:\/\/vosgesinfo.fr\/gerardmerinfo\/2020\/01\/exposition-arts-plastiques-suite-fin-dessin\/","url":"https:\/\/vosgesinfo.fr\/gerardmerinfo\/2020\/01\/exposition-arts-plastiques-suite-fin-dessin\/","name":"Exposition Arts Plastiques suite & fin en dessin - Gerardmer Info","isPartOf":{"@id":"https:\/\/vosgesinfo.fr\/gerardmerinfo\/#website"},"primaryImageOfPage":{"@id":"https:\/\/vosgesinfo.fr\/gerardmerinfo\/2020\/01\/exposition-arts-plastiques-suite-fin-dessin\/#primaryimage"},"image":{"@id":"https:\/\/vosgesinfo.fr\/gerardmerinfo\/2020\/01\/exposition-arts-plastiques-suite-fin-dessin\/#primaryimage"},"thumbnailUrl":"https:\/\/vosgesinfo.fr\/app\/uploads\/sites\/6\/2024\/07\/202001expo-arts-plastiques-2020-festival-fantastique-5.jpg","datePublished":"2020-01-31T14:10:36+00:00","dateModified":"2020-01-31T14:10:36+00:00","breadcrumb":{"@id":"https:\/\/vosgesinfo.fr\/gerardmerinfo\/2020\/01\/exposition-arts-plastiques-suite-fin-dessin\/#breadcrumb"},"inLanguage":"fr-FR","potentialAction":[{"@type":"ReadAction","target":["https:\/\/vosgesinfo.fr\/gerardmerinfo\/2020\/01\/exposition-arts-plastiques-suite-fin-dessin\/"]}]},{"@type":"ImageObject","inLanguage":"fr-FR","@id":"https:\/\/vosgesinfo.fr\/gerardmerinfo\/2020\/01\/exposition-arts-plastiques-suite-fin-dessin\/#primaryimage","url":"https:\/\/vosgesinfo.fr\/app\/uploads\/sites\/6\/2024\/07\/202001expo-arts-plastiques-2020-festival-fantastique-5.jpg","contentUrl":"https:\/\/vosgesinfo.fr\/app\/uploads\/sites\/6\/2024\/07\/202001expo-arts-plastiques-2020-festival-fantastique-5.jpg","width":800,"height":600},{"@type":"BreadcrumbList","@id":"https:\/\/vosgesinfo.fr\/gerardmerinfo\/2020\/01\/exposition-arts-plastiques-suite-fin-dessin\/#breadcrumb","itemListElement":[{"@type":"ListItem","position":1,"name":"Home","item":"https:\/\/vosgesinfo.fr\/gerardmerinfo\/"},{"@type":"ListItem","position":2,"name":"Exposition Arts Plastiques suite &#038; fin en dessin"}]},{"@type":"WebSite","@id":"https:\/\/vosgesinfo.fr\/gerardmerinfo\/#website","url":"https:\/\/vosgesinfo.fr\/gerardmerinfo\/","name":"Gerardmer Info","description":"Toute l&#039;actualit\u00e9 de G\u00e9rardmer","publisher":{"@id":"https:\/\/vosgesinfo.fr\/gerardmerinfo\/#organization"},"alternateName":"Toute l'actualit\u00e9 de G\u00e9rardmer","potentialAction":[{"@type":"SearchAction","target":{"@type":"EntryPoint","urlTemplate":"https:\/\/vosgesinfo.fr\/gerardmerinfo\/?s={search_term_string}"},"query-input":"required name=search_term_string"}],"inLanguage":"fr-FR"},{"@type":"Organization","@id":"https:\/\/vosgesinfo.fr\/gerardmerinfo\/#organization","name":"Gerardmer Info","url":"https:\/\/vosgesinfo.fr\/gerardmerinfo\/","logo":{"@type":"ImageObject","inLanguage":"fr-FR","@id":"https:\/\/vosgesinfo.fr\/gerardmerinfo\/#\/schema\/logo\/image\/","url":"https:\/\/vosgesinfo.fr\/app\/uploads\/sites\/6\/2023\/08\/favicon-gerardmerinfo.png","contentUrl":"https:\/\/vosgesinfo.fr\/app\/uploads\/sites\/6\/2023\/08\/favicon-gerardmerinfo.png","width":512,"height":512,"caption":"Gerardmer Info"},"image":{"@id":"https:\/\/vosgesinfo.fr\/gerardmerinfo\/#\/schema\/logo\/image\/"},"sameAs":["https:\/\/www.facebook.com\/profile.php?id=100049475262660","https:\/\/x.com\/VosgesInfo88","https:\/\/www.youtube.com\/@vosgesinfo"]},{"@type":"Person","@id":"https:\/\/vosgesinfo.fr\/gerardmerinfo\/#\/schema\/person\/bc5d02d71e6932e81b6dadb7386667b1","name":"qs_admin","image":{"@type":"ImageObject","inLanguage":"fr-FR","@id":"https:\/\/vosgesinfo.fr\/gerardmerinfo\/#\/schema\/person\/image\/","url":"https:\/\/secure.gravatar.com\/avatar\/94b18ee0ed79e4a42ea2f2931277b6841a8999fc6fde214600c78057cf1fe1de?s=96&d=mm&r=g","contentUrl":"https:\/\/secure.gravatar.com\/avatar\/94b18ee0ed79e4a42ea2f2931277b6841a8999fc6fde214600c78057cf1fe1de?s=96&d=mm&r=g","caption":"qs_admin"},"sameAs":["https:\/\/vosgesinfo.fr\/wp"],"url":"https:\/\/vosgesinfo.fr\/gerardmerinfo\/author\/qs_admin\/"}]}},"_links":{"self":[{"href":"https:\/\/vosgesinfo.fr\/gerardmerinfo\/wp-json\/wp\/v2\/posts\/46393","targetHints":{"allow":["GET"]}}],"collection":[{"href":"https:\/\/vosgesinfo.fr\/gerardmerinfo\/wp-json\/wp\/v2\/posts"}],"about":[{"href":"https:\/\/vosgesinfo.fr\/gerardmerinfo\/wp-json\/wp\/v2\/types\/post"}],"author":[{"embeddable":true,"href":"https:\/\/vosgesinfo.fr\/gerardmerinfo\/wp-json\/wp\/v2\/users\/1"}],"replies":[{"embeddable":true,"href":"https:\/\/vosgesinfo.fr\/gerardmerinfo\/wp-json\/wp\/v2\/comments?post=46393"}],"version-history":[{"count":0,"href":"https:\/\/vosgesinfo.fr\/gerardmerinfo\/wp-json\/wp\/v2\/posts\/46393\/revisions"}],"wp:featuredmedia":[{"embeddable":true,"href":"https:\/\/vosgesinfo.fr\/gerardmerinfo\/wp-json\/wp\/v2\/media\/46394"}],"wp:attachment":[{"href":"https:\/\/vosgesinfo.fr\/gerardmerinfo\/wp-json\/wp\/v2\/media?parent=46393"}],"wp:term":[{"taxonomy":"category","embeddable":true,"href":"https:\/\/vosgesinfo.fr\/gerardmerinfo\/wp-json\/wp\/v2\/categories?post=46393"},{"taxonomy":"post_tag","embeddable":true,"href":"https:\/\/vosgesinfo.fr\/gerardmerinfo\/wp-json\/wp\/v2\/tags?post=46393"}],"curies":[{"name":"wp","href":"https:\/\/api.w.org\/{rel}","templated":true}]}}