{"id":46399,"date":"2020-01-31T18:40:19","date_gmt":"2020-01-31T17:40:19","guid":{"rendered":"https:\/\/vosgesinfo.fr\/gerardmerinfo\/2020\/01\/images-profs-fantastiques-concours-de-canope\/"},"modified":"2020-01-31T18:40:19","modified_gmt":"2020-01-31T17:40:19","slug":"images-profs-fantastiques-concours-de-canope","status":"publish","type":"post","link":"https:\/\/vosgesinfo.fr\/gerardmerinfo\/2020\/01\/images-profs-fantastiques-concours-de-canope\/","title":{"rendered":"Des images et des profs fantastiques pour le concours de Canop\u00e9"},"content":{"rendered":"<div id=\"attachment_158935\" style=\"width: 810px\" class=\"wp-caption aligncenter\"><a href=\"\/2020\/01\/Canop\u00e9-festival-G\u00e9rardmer-Images-fantastiques-5.jpg\"><img decoding=\"async\" aria-describedby=\"caption-attachment-158935\" class=\"size-full wp-image-158935\" src=\"\/2020\/01\/Canop\u00e9-festival-G\u00e9rardmer-Images-fantastiques-5.jpg\" alt=\"Les laur\u00e9ats pr\u00e9sents \u00e0 la remise des prix qui s'est d\u00e9roul\u00e9e \u00e0 la CL.\" width=\"800\" height=\"600\" \/><\/a><p id=\"caption-attachment-158935\" class=\"wp-caption-text\">Les laur\u00e9ats pr\u00e9sents \u00e0 la remise des prix qui s&rsquo;est d\u00e9roul\u00e9e \u00e0 la MCL.<\/p><\/div>\n<p>&nbsp;<\/p>\n<h3>C&rsquo;est devenu un incontournable du Festival de G\u00e9rardmer : la remise des prix du 7\u00e8me concours d&rsquo;images fantastiques organis\u00e9 par l&rsquo;atelier Canop\u00e9 Vosges a eu lieu vendredi en fin d&rsquo;apr\u00e8s-midi \u00e0 la MCL de G\u00e9rardmer en pr\u00e9sence de Pierre Sachot et Jean-Fran\u00e7ois Duval, les marathoniens de la semaine.<\/h3>\n<div id=\"attachment_158936\" style=\"width: 350px\" class=\"wp-caption alignright\"><a href=\"\/2020\/01\/Canop\u00e9-festival-G\u00e9rardmer-Images-fantastiques-6.jpg\"><img decoding=\"async\" aria-describedby=\"caption-attachment-158936\" class=\"size-medium wp-image-158936\" src=\"\/2020\/01\/Canop\u00e9-festival-G\u00e9rardmer-Images-fantastiques-6-340x255.jpg\" alt=\"Bravo \u00e0 Manon et Ga\u00ebl, vainqueur de la cat\u00e9gorie lyc\u00e9e.\" width=\"340\" height=\"255\" \/><\/a><p id=\"caption-attachment-158936\" class=\"wp-caption-text\">Bravo \u00e0 Manon et Ga\u00ebl, vainqueur de la cat\u00e9gorie lyc\u00e9e.<\/p><\/div>\n<p>L&rsquo;an dernier, les jeunes \u00e9taient invit\u00e9s \u00e0 travailler sur un th\u00e8me somme toute assez classique, \u00e0 savoir \u00ab\u00a0Imaginez l&rsquo;affiche du festival\u00a0\u00bb &#8230; Cette ann\u00e9e, ils devaient, si possible, mettre un peu \u00e0 contribution leurs enseignants avec le th\u00e8me \u00ab\u00a0Mon professeur est fantastique\u00a0\u00bb qui a manifestement inspir\u00e9 les participants. \u00ab\u00a0Ils devaient composer avec une photographie de leur(s) professeur(s) pour ceux qui ont bien accept\u00e9 de jouer le jeu, ou se mettre en sc\u00e8ne eux-m\u00eames, puis retravailler l&rsquo;image en s&rsquo;appuyant sur les codes du fantastique, de la science-fiction et des Comics ou films de super h\u00e9ros\u00a0\u00bb pr\u00e9cise Florent Kiefer, m\u00e9diateur formation au sein de Canop\u00e9. Au total, ce sont pas moins de 200 \u00e9l\u00e8ves en provenance de trois d\u00e9partements (54, 57 et 88) qui ont r\u00e9pondu \u00e0 l&rsquo;appel. 3 \u00e9coles primaires, 7 coll\u00e8ges ainsi qu&rsquo;un lyc\u00e9e \u00e9taient repr\u00e9sent\u00e9s, le tout pour 64 images en comp\u00e9titions, beaucoup de travaux \u00e9tant des \u0153uvres collectives. Quant au premier prix de chaque cat\u00e9gorie, gr\u00e2ce aux partenaires de l&rsquo;\u00e9v\u00e9nement que sont la Ville de G\u00e9rardmer et le Cr\u00e9dit Mutuel, il s&rsquo;agissait d&rsquo;un appareil photo polaroid. De quoi se motiver pour faire encore plus d&rsquo;images, fantastiques ou non d&rsquo;ailleurs.<\/p>\n<p><strong>Place au palmar\u00e8s :<\/strong><\/p>\n<p>Cat\u00e9gorie coll\u00e8ge : coll\u00e8ge Maurice Barr\u00e8s de Charme, repr\u00e9sent\u00e9 par l&rsquo;enseignante Catherine Pierrat qui a \u0153uvr\u00e9 aupr\u00e8s des \u00e9l\u00e8ves avec Karine Gavoille.<\/p>\n<p>\u00c9cole primaire : l&rsquo;ALSH de Jean Mac\u00e9 encadr\u00e9e par l&rsquo;animatrice Marie Baatard.<\/p>\n<p>Coupe de c\u0153ur coll\u00e8ge : Morgane Girard du coll\u00e8ge de Prochench\u00e8re.<\/p>\n<p>Coupe de Coeur primaire : \u00e9cole de la Serpentine \u00e0 Cleurie.<\/p>\n<p>Cat\u00e9gorie lyc\u00e9e : Manon F\u00e9tet et Ga\u00ebl Mathieu, venus accompagn\u00e9s de leur professeur Aur\u00e9lie Aubert. Un duo qui a choisi de prendre un peu le sujet \u00e0 contrepieds puisqu&rsquo;ils ont plus ou moins mis certains de leurs enseignants dans le box des accus\u00e9s : \u00ab\u00a0Comme certains \u00e9l\u00e8ves disent que les cours c&rsquo;est parfois de la torture, l&rsquo;id\u00e9e \u00e9tait de cr\u00e9er une ambiance commissariat, un effet \u00a0\u00bbpolice\u00a0\u00bb avec les profs qui pr\u00e9sentent leurs mati\u00e8res face aux \u00e9l\u00e8ves&#8230;\u00a0\u00bb expliquent les deux \u00e9l\u00e8ves. Un petit \u00ab\u00a0tapissage\u00a0\u00bb comme on dit dans le m\u00e9tier, ambitieux mais r\u00e9ussi !<\/p>\n<p>Les images sont visibles \u00e0 la MCL de G\u00e9rardmer jusqu&rsquo;\u00e0 la fin du festival !<\/p>\n\n","protected":false},"excerpt":{"rendered":"<p>&nbsp; C&rsquo;est devenu un incontournable du Festival de G\u00e9rardmer : la remise des prix du 7\u00e8me concours d&rsquo;images fantastiques organis\u00e9 [&hellip;]<\/p>\n","protected":false},"author":42,"featured_media":46400,"comment_status":"open","ping_status":"open","sticky":false,"template":"","format":"standard","meta":{"footnotes":""},"categories":[20,4,18],"tags":[208,91],"class_list":["post-46399","post","type-post","status-publish","format-standard","has-post-thumbnail","hentry","category-a-la-une","category-culture","category-vosges","tag-canope-vosges","tag-festival-du-film-fantastique-gerardmer"],"acf":[],"yoast_head":"<!-- This site is optimized with the Yoast SEO plugin v22.5 - https:\/\/yoast.com\/wordpress\/plugins\/seo\/ -->\n<title>Des images et des profs fantastiques pour le concours de Canop\u00e9 - Gerardmer Info<\/title>\n<meta name=\"robots\" content=\"index, follow, max-snippet:-1, max-image-preview:large, max-video-preview:-1\" \/>\n<link rel=\"canonical\" href=\"https:\/\/vosgesinfo.fr\/gerardmerinfo\/2020\/01\/images-profs-fantastiques-concours-de-canope\/\" \/>\n<meta name=\"twitter:card\" content=\"summary_large_image\" \/>\n<meta name=\"twitter:title\" content=\"Des images et des profs fantastiques pour le concours de Canop\u00e9 - Gerardmer Info\" \/>\n<meta name=\"twitter:description\" content=\"&nbsp; C&rsquo;est devenu un incontournable du Festival de G\u00e9rardmer : la remise des prix du 7\u00e8me concours d&rsquo;images fantastiques organis\u00e9 [&hellip;]\" \/>\n<meta name=\"twitter:image\" content=\"https:\/\/vosgesinfo.fr\/app\/uploads\/sites\/6\/2024\/07\/202001canope-festival-gerardmer-images-fantastiques-5.jpg\" \/>\n<meta name=\"twitter:creator\" content=\"@VosgesInfo88\" \/>\n<meta name=\"twitter:site\" content=\"@VosgesInfo88\" \/>\n<meta name=\"twitter:label1\" content=\"\u00c9crit par\" \/>\n\t<meta name=\"twitter:data1\" content=\"QG\" \/>\n\t<meta name=\"twitter:label2\" content=\"Dur\u00e9e de lecture estim\u00e9e\" \/>\n\t<meta name=\"twitter:data2\" content=\"2 minutes\" \/>\n<script type=\"application\/ld+json\" class=\"yoast-schema-graph\">{\"@context\":\"https:\/\/schema.org\",\"@graph\":[{\"@type\":\"Article\",\"@id\":\"https:\/\/vosgesinfo.fr\/gerardmerinfo\/2020\/01\/images-profs-fantastiques-concours-de-canope\/#article\",\"isPartOf\":{\"@id\":\"https:\/\/vosgesinfo.fr\/gerardmerinfo\/2020\/01\/images-profs-fantastiques-concours-de-canope\/\"},\"author\":{\"name\":\"QG\",\"@id\":\"https:\/\/vosgesinfo.fr\/gerardmerinfo\/#\/schema\/person\/db5605779a843dad16b5368f3e7613a5\"},\"headline\":\"Des images et des profs fantastiques pour le concours de Canop\u00e9\",\"datePublished\":\"2020-01-31T17:40:19+00:00\",\"dateModified\":\"2020-01-31T17:40:19+00:00\",\"mainEntityOfPage\":{\"@id\":\"https:\/\/vosgesinfo.fr\/gerardmerinfo\/2020\/01\/images-profs-fantastiques-concours-de-canope\/\"},\"wordCount\":526,\"commentCount\":0,\"publisher\":{\"@id\":\"https:\/\/vosgesinfo.fr\/gerardmerinfo\/#organization\"},\"image\":{\"@id\":\"https:\/\/vosgesinfo.fr\/gerardmerinfo\/2020\/01\/images-profs-fantastiques-concours-de-canope\/#primaryimage\"},\"thumbnailUrl\":\"https:\/\/vosgesinfo.fr\/app\/uploads\/sites\/6\/2024\/07\/202001canope-festival-gerardmer-images-fantastiques-5.jpg\",\"keywords\":[\"canop\u00e9 vosges\",\"festival du film fantastique G\u00e9rardmer\"],\"articleSection\":[\"A la une\",\"Culture\",\"Vosges\"],\"inLanguage\":\"fr-FR\",\"potentialAction\":[{\"@type\":\"CommentAction\",\"name\":\"Comment\",\"target\":[\"https:\/\/vosgesinfo.fr\/gerardmerinfo\/2020\/01\/images-profs-fantastiques-concours-de-canope\/#respond\"]}]},{\"@type\":\"WebPage\",\"@id\":\"https:\/\/vosgesinfo.fr\/gerardmerinfo\/2020\/01\/images-profs-fantastiques-concours-de-canope\/\",\"url\":\"https:\/\/vosgesinfo.fr\/gerardmerinfo\/2020\/01\/images-profs-fantastiques-concours-de-canope\/\",\"name\":\"Des images et des profs fantastiques pour le concours de Canop\u00e9 - Gerardmer Info\",\"isPartOf\":{\"@id\":\"https:\/\/vosgesinfo.fr\/gerardmerinfo\/#website\"},\"primaryImageOfPage\":{\"@id\":\"https:\/\/vosgesinfo.fr\/gerardmerinfo\/2020\/01\/images-profs-fantastiques-concours-de-canope\/#primaryimage\"},\"image\":{\"@id\":\"https:\/\/vosgesinfo.fr\/gerardmerinfo\/2020\/01\/images-profs-fantastiques-concours-de-canope\/#primaryimage\"},\"thumbnailUrl\":\"https:\/\/vosgesinfo.fr\/app\/uploads\/sites\/6\/2024\/07\/202001canope-festival-gerardmer-images-fantastiques-5.jpg\",\"datePublished\":\"2020-01-31T17:40:19+00:00\",\"dateModified\":\"2020-01-31T17:40:19+00:00\",\"breadcrumb\":{\"@id\":\"https:\/\/vosgesinfo.fr\/gerardmerinfo\/2020\/01\/images-profs-fantastiques-concours-de-canope\/#breadcrumb\"},\"inLanguage\":\"fr-FR\",\"potentialAction\":[{\"@type\":\"ReadAction\",\"target\":[\"https:\/\/vosgesinfo.fr\/gerardmerinfo\/2020\/01\/images-profs-fantastiques-concours-de-canope\/\"]}]},{\"@type\":\"ImageObject\",\"inLanguage\":\"fr-FR\",\"@id\":\"https:\/\/vosgesinfo.fr\/gerardmerinfo\/2020\/01\/images-profs-fantastiques-concours-de-canope\/#primaryimage\",\"url\":\"https:\/\/vosgesinfo.fr\/app\/uploads\/sites\/6\/2024\/07\/202001canope-festival-gerardmer-images-fantastiques-5.jpg\",\"contentUrl\":\"https:\/\/vosgesinfo.fr\/app\/uploads\/sites\/6\/2024\/07\/202001canope-festival-gerardmer-images-fantastiques-5.jpg\",\"width\":800,\"height\":600},{\"@type\":\"BreadcrumbList\",\"@id\":\"https:\/\/vosgesinfo.fr\/gerardmerinfo\/2020\/01\/images-profs-fantastiques-concours-de-canope\/#breadcrumb\",\"itemListElement\":[{\"@type\":\"ListItem\",\"position\":1,\"name\":\"Home\",\"item\":\"https:\/\/vosgesinfo.fr\/gerardmerinfo\/\"},{\"@type\":\"ListItem\",\"position\":2,\"name\":\"Des images et des profs fantastiques pour le concours de Canop\u00e9\"}]},{\"@type\":\"WebSite\",\"@id\":\"https:\/\/vosgesinfo.fr\/gerardmerinfo\/#website\",\"url\":\"https:\/\/vosgesinfo.fr\/gerardmerinfo\/\",\"name\":\"Gerardmer Info\",\"description\":\"Toute l&#039;actualit\u00e9 de G\u00e9rardmer\",\"publisher\":{\"@id\":\"https:\/\/vosgesinfo.fr\/gerardmerinfo\/#organization\"},\"alternateName\":\"Toute l'actualit\u00e9 de G\u00e9rardmer\",\"potentialAction\":[{\"@type\":\"SearchAction\",\"target\":{\"@type\":\"EntryPoint\",\"urlTemplate\":\"https:\/\/vosgesinfo.fr\/gerardmerinfo\/?s={search_term_string}\"},\"query-input\":\"required name=search_term_string\"}],\"inLanguage\":\"fr-FR\"},{\"@type\":\"Organization\",\"@id\":\"https:\/\/vosgesinfo.fr\/gerardmerinfo\/#organization\",\"name\":\"Gerardmer Info\",\"url\":\"https:\/\/vosgesinfo.fr\/gerardmerinfo\/\",\"logo\":{\"@type\":\"ImageObject\",\"inLanguage\":\"fr-FR\",\"@id\":\"https:\/\/vosgesinfo.fr\/gerardmerinfo\/#\/schema\/logo\/image\/\",\"url\":\"https:\/\/vosgesinfo.fr\/app\/uploads\/sites\/6\/2023\/08\/favicon-gerardmerinfo.png\",\"contentUrl\":\"https:\/\/vosgesinfo.fr\/app\/uploads\/sites\/6\/2023\/08\/favicon-gerardmerinfo.png\",\"width\":512,\"height\":512,\"caption\":\"Gerardmer Info\"},\"image\":{\"@id\":\"https:\/\/vosgesinfo.fr\/gerardmerinfo\/#\/schema\/logo\/image\/\"},\"sameAs\":[\"https:\/\/www.facebook.com\/profile.php?id=100049475262660\",\"https:\/\/x.com\/VosgesInfo88\",\"https:\/\/www.youtube.com\/@vosgesinfo\"]},{\"@type\":\"Person\",\"@id\":\"https:\/\/vosgesinfo.fr\/gerardmerinfo\/#\/schema\/person\/db5605779a843dad16b5368f3e7613a5\",\"name\":\"QG\",\"image\":{\"@type\":\"ImageObject\",\"inLanguage\":\"fr-FR\",\"@id\":\"https:\/\/vosgesinfo.fr\/gerardmerinfo\/#\/schema\/person\/image\/\",\"url\":\"https:\/\/secure.gravatar.com\/avatar\/ea80c42c204b534408512832fde52504ecabb9706bcb6151cf6175e5b64e6793?s=96&d=mm&r=g\",\"contentUrl\":\"https:\/\/secure.gravatar.com\/avatar\/ea80c42c204b534408512832fde52504ecabb9706bcb6151cf6175e5b64e6793?s=96&d=mm&r=g\",\"caption\":\"QG\"},\"url\":\"https:\/\/vosgesinfo.fr\/gerardmerinfo\/author\/quentin88\/\"}]}<\/script>\n<!-- \/ Yoast SEO plugin. -->","yoast_head_json":{"title":"Des images et des profs fantastiques pour le concours de Canop\u00e9 - Gerardmer Info","robots":{"index":"index","follow":"follow","max-snippet":"max-snippet:-1","max-image-preview":"max-image-preview:large","max-video-preview":"max-video-preview:-1"},"canonical":"https:\/\/vosgesinfo.fr\/gerardmerinfo\/2020\/01\/images-profs-fantastiques-concours-de-canope\/","twitter_card":"summary_large_image","twitter_title":"Des images et des profs fantastiques pour le concours de Canop\u00e9 - Gerardmer Info","twitter_description":"&nbsp; C&rsquo;est devenu un incontournable du Festival de G\u00e9rardmer : la remise des prix du 7\u00e8me concours d&rsquo;images fantastiques organis\u00e9 [&hellip;]","twitter_image":"https:\/\/vosgesinfo.fr\/app\/uploads\/sites\/6\/2024\/07\/202001canope-festival-gerardmer-images-fantastiques-5.jpg","twitter_creator":"@VosgesInfo88","twitter_site":"@VosgesInfo88","twitter_misc":{"\u00c9crit par":"QG","Dur\u00e9e de lecture estim\u00e9e":"2 minutes"},"schema":{"@context":"https:\/\/schema.org","@graph":[{"@type":"Article","@id":"https:\/\/vosgesinfo.fr\/gerardmerinfo\/2020\/01\/images-profs-fantastiques-concours-de-canope\/#article","isPartOf":{"@id":"https:\/\/vosgesinfo.fr\/gerardmerinfo\/2020\/01\/images-profs-fantastiques-concours-de-canope\/"},"author":{"name":"QG","@id":"https:\/\/vosgesinfo.fr\/gerardmerinfo\/#\/schema\/person\/db5605779a843dad16b5368f3e7613a5"},"headline":"Des images et des profs fantastiques pour le concours de Canop\u00e9","datePublished":"2020-01-31T17:40:19+00:00","dateModified":"2020-01-31T17:40:19+00:00","mainEntityOfPage":{"@id":"https:\/\/vosgesinfo.fr\/gerardmerinfo\/2020\/01\/images-profs-fantastiques-concours-de-canope\/"},"wordCount":526,"commentCount":0,"publisher":{"@id":"https:\/\/vosgesinfo.fr\/gerardmerinfo\/#organization"},"image":{"@id":"https:\/\/vosgesinfo.fr\/gerardmerinfo\/2020\/01\/images-profs-fantastiques-concours-de-canope\/#primaryimage"},"thumbnailUrl":"https:\/\/vosgesinfo.fr\/app\/uploads\/sites\/6\/2024\/07\/202001canope-festival-gerardmer-images-fantastiques-5.jpg","keywords":["canop\u00e9 vosges","festival du film fantastique G\u00e9rardmer"],"articleSection":["A la une","Culture","Vosges"],"inLanguage":"fr-FR","potentialAction":[{"@type":"CommentAction","name":"Comment","target":["https:\/\/vosgesinfo.fr\/gerardmerinfo\/2020\/01\/images-profs-fantastiques-concours-de-canope\/#respond"]}]},{"@type":"WebPage","@id":"https:\/\/vosgesinfo.fr\/gerardmerinfo\/2020\/01\/images-profs-fantastiques-concours-de-canope\/","url":"https:\/\/vosgesinfo.fr\/gerardmerinfo\/2020\/01\/images-profs-fantastiques-concours-de-canope\/","name":"Des images et des profs fantastiques pour le concours de Canop\u00e9 - Gerardmer Info","isPartOf":{"@id":"https:\/\/vosgesinfo.fr\/gerardmerinfo\/#website"},"primaryImageOfPage":{"@id":"https:\/\/vosgesinfo.fr\/gerardmerinfo\/2020\/01\/images-profs-fantastiques-concours-de-canope\/#primaryimage"},"image":{"@id":"https:\/\/vosgesinfo.fr\/gerardmerinfo\/2020\/01\/images-profs-fantastiques-concours-de-canope\/#primaryimage"},"thumbnailUrl":"https:\/\/vosgesinfo.fr\/app\/uploads\/sites\/6\/2024\/07\/202001canope-festival-gerardmer-images-fantastiques-5.jpg","datePublished":"2020-01-31T17:40:19+00:00","dateModified":"2020-01-31T17:40:19+00:00","breadcrumb":{"@id":"https:\/\/vosgesinfo.fr\/gerardmerinfo\/2020\/01\/images-profs-fantastiques-concours-de-canope\/#breadcrumb"},"inLanguage":"fr-FR","potentialAction":[{"@type":"ReadAction","target":["https:\/\/vosgesinfo.fr\/gerardmerinfo\/2020\/01\/images-profs-fantastiques-concours-de-canope\/"]}]},{"@type":"ImageObject","inLanguage":"fr-FR","@id":"https:\/\/vosgesinfo.fr\/gerardmerinfo\/2020\/01\/images-profs-fantastiques-concours-de-canope\/#primaryimage","url":"https:\/\/vosgesinfo.fr\/app\/uploads\/sites\/6\/2024\/07\/202001canope-festival-gerardmer-images-fantastiques-5.jpg","contentUrl":"https:\/\/vosgesinfo.fr\/app\/uploads\/sites\/6\/2024\/07\/202001canope-festival-gerardmer-images-fantastiques-5.jpg","width":800,"height":600},{"@type":"BreadcrumbList","@id":"https:\/\/vosgesinfo.fr\/gerardmerinfo\/2020\/01\/images-profs-fantastiques-concours-de-canope\/#breadcrumb","itemListElement":[{"@type":"ListItem","position":1,"name":"Home","item":"https:\/\/vosgesinfo.fr\/gerardmerinfo\/"},{"@type":"ListItem","position":2,"name":"Des images et des profs fantastiques pour le concours de Canop\u00e9"}]},{"@type":"WebSite","@id":"https:\/\/vosgesinfo.fr\/gerardmerinfo\/#website","url":"https:\/\/vosgesinfo.fr\/gerardmerinfo\/","name":"Gerardmer Info","description":"Toute l&#039;actualit\u00e9 de G\u00e9rardmer","publisher":{"@id":"https:\/\/vosgesinfo.fr\/gerardmerinfo\/#organization"},"alternateName":"Toute l'actualit\u00e9 de G\u00e9rardmer","potentialAction":[{"@type":"SearchAction","target":{"@type":"EntryPoint","urlTemplate":"https:\/\/vosgesinfo.fr\/gerardmerinfo\/?s={search_term_string}"},"query-input":"required name=search_term_string"}],"inLanguage":"fr-FR"},{"@type":"Organization","@id":"https:\/\/vosgesinfo.fr\/gerardmerinfo\/#organization","name":"Gerardmer Info","url":"https:\/\/vosgesinfo.fr\/gerardmerinfo\/","logo":{"@type":"ImageObject","inLanguage":"fr-FR","@id":"https:\/\/vosgesinfo.fr\/gerardmerinfo\/#\/schema\/logo\/image\/","url":"https:\/\/vosgesinfo.fr\/app\/uploads\/sites\/6\/2023\/08\/favicon-gerardmerinfo.png","contentUrl":"https:\/\/vosgesinfo.fr\/app\/uploads\/sites\/6\/2023\/08\/favicon-gerardmerinfo.png","width":512,"height":512,"caption":"Gerardmer Info"},"image":{"@id":"https:\/\/vosgesinfo.fr\/gerardmerinfo\/#\/schema\/logo\/image\/"},"sameAs":["https:\/\/www.facebook.com\/profile.php?id=100049475262660","https:\/\/x.com\/VosgesInfo88","https:\/\/www.youtube.com\/@vosgesinfo"]},{"@type":"Person","@id":"https:\/\/vosgesinfo.fr\/gerardmerinfo\/#\/schema\/person\/db5605779a843dad16b5368f3e7613a5","name":"QG","image":{"@type":"ImageObject","inLanguage":"fr-FR","@id":"https:\/\/vosgesinfo.fr\/gerardmerinfo\/#\/schema\/person\/image\/","url":"https:\/\/secure.gravatar.com\/avatar\/ea80c42c204b534408512832fde52504ecabb9706bcb6151cf6175e5b64e6793?s=96&d=mm&r=g","contentUrl":"https:\/\/secure.gravatar.com\/avatar\/ea80c42c204b534408512832fde52504ecabb9706bcb6151cf6175e5b64e6793?s=96&d=mm&r=g","caption":"QG"},"url":"https:\/\/vosgesinfo.fr\/gerardmerinfo\/author\/quentin88\/"}]}},"_links":{"self":[{"href":"https:\/\/vosgesinfo.fr\/gerardmerinfo\/wp-json\/wp\/v2\/posts\/46399","targetHints":{"allow":["GET"]}}],"collection":[{"href":"https:\/\/vosgesinfo.fr\/gerardmerinfo\/wp-json\/wp\/v2\/posts"}],"about":[{"href":"https:\/\/vosgesinfo.fr\/gerardmerinfo\/wp-json\/wp\/v2\/types\/post"}],"author":[{"embeddable":true,"href":"https:\/\/vosgesinfo.fr\/gerardmerinfo\/wp-json\/wp\/v2\/users\/42"}],"replies":[{"embeddable":true,"href":"https:\/\/vosgesinfo.fr\/gerardmerinfo\/wp-json\/wp\/v2\/comments?post=46399"}],"version-history":[{"count":0,"href":"https:\/\/vosgesinfo.fr\/gerardmerinfo\/wp-json\/wp\/v2\/posts\/46399\/revisions"}],"wp:featuredmedia":[{"embeddable":true,"href":"https:\/\/vosgesinfo.fr\/gerardmerinfo\/wp-json\/wp\/v2\/media\/46400"}],"wp:attachment":[{"href":"https:\/\/vosgesinfo.fr\/gerardmerinfo\/wp-json\/wp\/v2\/media?parent=46399"}],"wp:term":[{"taxonomy":"category","embeddable":true,"href":"https:\/\/vosgesinfo.fr\/gerardmerinfo\/wp-json\/wp\/v2\/categories?post=46399"},{"taxonomy":"post_tag","embeddable":true,"href":"https:\/\/vosgesinfo.fr\/gerardmerinfo\/wp-json\/wp\/v2\/tags?post=46399"}],"curies":[{"name":"wp","href":"https:\/\/api.w.org\/{rel}","templated":true}]}}