{"id":46412,"date":"2020-02-01T17:14:38","date_gmt":"2020-02-01T16:14:38","guid":{"rendered":"https:\/\/vosgesinfo.fr\/gerardmerinfo\/2020\/02\/bonnes-nouvelles-amateurs-de-litterature\/"},"modified":"2020-02-01T17:14:38","modified_gmt":"2020-02-01T16:14:38","slug":"bonnes-nouvelles-amateurs-de-litterature","status":"publish","type":"post","link":"https:\/\/vosgesinfo.fr\/gerardmerinfo\/2020\/02\/bonnes-nouvelles-amateurs-de-litterature\/","title":{"rendered":"\u00ab\u00a0Bonnes nouvelles\u00a0\u00bb pour les amateurs de litt\u00e9rature !"},"content":{"rendered":"<p><a href=\"\/2020\/02\/IMG_20200201_152351.jpg\"><img decoding=\"async\" class=\"aligncenter wp-image-158987 size-full\" src=\"\/2020\/02\/IMG_20200201_152351.jpg\" alt=\"nouvelles fantastiques\" width=\"800\" height=\"600\" \/><\/a><\/p>\n<p>&nbsp;<\/p>\n<h3>Rendez-vous au Grimoire samedi apr\u00e8s-midi pour la remise des prix du concours de nouvelles fantastiques organis\u00e9 dans le cadre du festival de G\u00e9rardmer.<\/h3>\n<p><a href=\"\/2020\/02\/nouvelles-fantastiques-2.jpg\"><img decoding=\"async\" class=\"alignright size-medium wp-image-158974\" src=\"\/2020\/02\/nouvelles-fantastiques-2-340x255.jpg\" alt=\"nouvelles fantastiques (2)\" width=\"340\" height=\"255\" \/><\/a>Un concours r\u00e9serv\u00e9 aux coll\u00e9giens et lyc\u00e9ens de l&rsquo;Hexagone qui sont invit\u00e9s \u00e0 prendre leur plume ou leur clavier pour \u00e9crire une nouvelle dans la veine fantastique. Prendre leur plume, c&rsquo;est bien le mot, car l&rsquo;enseignante en lettres Sylvie Douchain-Richard a pr\u00e9cis\u00e9 que, parmi les \u00e9crits venus parfois de Brive, Tourcoing ou Dreux, certains \u00e9taient manuscrits et m\u00eame parfois illustr\u00e9s ! La pr\u00e9sidente du jury qui \u00e9tait bien entour\u00e9e cette ann\u00e9e encore, avec \u00e0 ses c\u00f4t\u00e9s les professeurs documentalistes Fran\u00e7oise Creusot (G\u00e9rardmer &#8211; La Haie Griselle), L\u00e6titia Frey (coll\u00e8ge du Tholy) et Julien Hazotte (coll\u00e8ge de Corcieux), mais aussi Baptiste Liger du magazine <em>Lire<\/em>, ainsi que les \u00e9crivains Renaud Benoist et Davy Artero. N&rsquo;oublions pas non plus Marie-France Castet et H\u00e9lo\u00efse Janeau qui se sont charg\u00e9es de la logistique du concours.<\/p>\n<div id=\"attachment_158973\" style=\"width: 201px\" class=\"wp-caption alignleft\"><a href=\"\/2020\/02\/nouvelles-fantastiques-1.jpg\"><img decoding=\"async\" aria-describedby=\"caption-attachment-158973\" class=\"size-medium wp-image-158973\" src=\"\/2020\/02\/nouvelles-fantastiques-1-191x255.jpg\" alt=\"Titouan Levebvre\" width=\"191\" height=\"255\" \/><\/a><p id=\"caption-attachment-158973\" class=\"wp-caption-text\"><span style=\"color: #000080;\">Titouan Levebvre<\/span><\/p><\/div>\n<p>Pour r\u00e9sum\u00e9, une belle brochette de jur\u00e9s qui a appr\u00e9ci\u00e9 les nouvelles qui leur ont \u00e9t\u00e9 exp\u00e9di\u00e9es. Une petite mention sp\u00e9ciale \u00e0 Cham Zatour, d&rsquo;origine syrienne, arriv\u00e9e en France il y a trois ans, et qui fait d\u00e9j\u00e0 preuve d&rsquo;une tr\u00e8s belle ma\u00eetrise de la langue lui permettant d&rsquo;\u00eatre prim\u00e9e dans la cat\u00e9gorie coll\u00e8ge. Chapeau mademoiselle ! \u00c9voquons \u00e9galement Titouan Lefebvre, vainqueur dans la cat\u00e9gorie lyc\u00e9e et habitu\u00e9 du concours. En effet, il avait d\u00e9j\u00e0 remport\u00e9 un 1er prix dans la cat\u00e9gorie coll\u00e8ge il y a deux ans et avait particip\u00e9 l&rsquo;an dernier dans la cat\u00e9gorie B (\u00e9l\u00e8ves de seconde). Sa nouvelle intitul\u00e9e \u00ab\u00a0<em>L&rsquo;\u00e9rable<\/em>\u00a0\u00bb a fait forte impression au jury, c&rsquo;est peu de l&rsquo;\u00e9crire. Une nouvelle qui, selon ses propres mots, joue beaucoup avec les symboles, d\u00e9construit l&rsquo;art et tente de d\u00e9crire une ambiance qui se d\u00e9lite, devient fade et insipide. Quant au titre, il fait r\u00e9f\u00e9rence \u00e0 l&rsquo;un des souvenirs de Titouan li\u00e9 \u00e0 la nouvelle, ainsi qu&rsquo;\u00e0 l&rsquo;automne et \u00e0 cet arbre qui est l&rsquo;un des derniers \u00e9l\u00e9ments \u00e0 appara\u00eetre dans ce petit chef d\u2019\u0153uvre du jeunes \u00e9l\u00e8ve de premi\u00e8re. Un lyc\u00e9en qui entra\u00eene sa plume au quotidien, notamment \u00e0 travers des jeux de r\u00f4le sur la toile sur des th\u00e8me comme la mythologie ou&#8230; Harry Potter !<\/p>\n<p><strong>Le palmar\u00e8s :<\/strong><\/p>\n<p>*Cat\u00e9gorie A &#8211; coll\u00e8ge :<\/p>\n<p>1er prix : <em>La violoncelliste<\/em> de Lilia richez, en 4\u00e8me au coll\u00e8ge N. Sarraute \u00e0 Aubagne.<\/p>\n<p>2\u00e8mes prix ex-aequo : <em>Alice<\/em> d&rsquo;Anna-Rose Weine, en 4\u00e8me au coll\u00e8ge P &amp; M Curie de Neufch\u00e2teau ; <em>Mon regrettable souhait<\/em> de Sham Zatour, en 3\u00e8me au coll\u00e8ge St Exup\u00e9ry \u00e0 Epinal<\/p>\n<p>*Cat\u00e9gorie B &#8211; Seconde :<\/p>\n<p>1er prix : <em>Le miroir du temps<\/em> de Nouria Duboulay \u00e9l\u00e8ve au lyc\u00e9e Henri Poincar\u00e9 \u00e0 Nancy.<\/p>\n<p>2\u00e8me prix : <em>Lui<\/em> d&rsquo;Antoine Cr\u00e9teur, \u00e9l\u00e8ve du lyc\u00e9e Sacr\u00e9 C\u0153ur \u00e0 Tourcoing.<\/p>\n<p>*Cat\u00e9gorie C (lyc\u00e9e 1\u00e8re et terminale) :<\/p>\n<p>1er prix : <em>L&rsquo;\u00e9rable<\/em> de Titouan Lefebvre, en 1\u00e8re au lyc\u00e9e Malraux \u00e0 Remiremont.<\/p>\n<p>2\u00e8me prix : <em>Cache<\/em> de Tom Leglantin, en terminale au lyc\u00e9e Rotroux de Dreux.<\/p>\n<p>3\u00e8me prix : <em>Froid<\/em> de Luc Fournis, en terminale \u00e0 Dreux \u00e9galement.<\/p>\n","protected":false},"excerpt":{"rendered":"<p>&nbsp; Rendez-vous au Grimoire samedi apr\u00e8s-midi pour la remise des prix du concours de nouvelles fantastiques organis\u00e9 dans le cadre [&hellip;]<\/p>\n","protected":false},"author":42,"featured_media":46413,"comment_status":"open","ping_status":"open","sticky":false,"template":"","format":"standard","meta":{"footnotes":""},"categories":[20,4,18],"tags":[241],"class_list":["post-46412","post","type-post","status-publish","format-standard","has-post-thumbnail","hentry","category-a-la-une","category-culture","category-vosges","tag-concours-de-nouvelles-fantastiques"],"acf":[],"yoast_head":"<!-- This site is optimized with the Yoast SEO plugin v22.5 - https:\/\/yoast.com\/wordpress\/plugins\/seo\/ -->\n<title>&quot;Bonnes nouvelles&quot; pour les amateurs de litt\u00e9rature ! - Gerardmer Info<\/title>\n<meta name=\"robots\" content=\"index, follow, max-snippet:-1, max-image-preview:large, max-video-preview:-1\" \/>\n<link rel=\"canonical\" href=\"https:\/\/vosgesinfo.fr\/gerardmerinfo\/2020\/02\/bonnes-nouvelles-amateurs-de-litterature\/\" \/>\n<meta name=\"twitter:card\" content=\"summary_large_image\" \/>\n<meta name=\"twitter:title\" content=\"&quot;Bonnes nouvelles&quot; pour les amateurs de litt\u00e9rature ! - Gerardmer Info\" \/>\n<meta name=\"twitter:description\" content=\"&nbsp; Rendez-vous au Grimoire samedi apr\u00e8s-midi pour la remise des prix du concours de nouvelles fantastiques organis\u00e9 dans le cadre [&hellip;]\" \/>\n<meta name=\"twitter:image\" content=\"https:\/\/vosgesinfo.fr\/app\/uploads\/sites\/6\/2024\/07\/202002img-20200201-152351.jpg\" \/>\n<meta name=\"twitter:creator\" content=\"@VosgesInfo88\" \/>\n<meta name=\"twitter:site\" content=\"@VosgesInfo88\" \/>\n<meta name=\"twitter:label1\" content=\"\u00c9crit par\" \/>\n\t<meta name=\"twitter:data1\" content=\"QG\" \/>\n\t<meta name=\"twitter:label2\" content=\"Dur\u00e9e de lecture estim\u00e9e\" \/>\n\t<meta name=\"twitter:data2\" content=\"3 minutes\" \/>\n<script type=\"application\/ld+json\" class=\"yoast-schema-graph\">{\"@context\":\"https:\/\/schema.org\",\"@graph\":[{\"@type\":\"Article\",\"@id\":\"https:\/\/vosgesinfo.fr\/gerardmerinfo\/2020\/02\/bonnes-nouvelles-amateurs-de-litterature\/#article\",\"isPartOf\":{\"@id\":\"https:\/\/vosgesinfo.fr\/gerardmerinfo\/2020\/02\/bonnes-nouvelles-amateurs-de-litterature\/\"},\"author\":{\"name\":\"QG\",\"@id\":\"https:\/\/vosgesinfo.fr\/gerardmerinfo\/#\/schema\/person\/db5605779a843dad16b5368f3e7613a5\"},\"headline\":\"\u00ab\u00a0Bonnes nouvelles\u00a0\u00bb pour les amateurs de litt\u00e9rature !\",\"datePublished\":\"2020-02-01T16:14:38+00:00\",\"dateModified\":\"2020-02-01T16:14:38+00:00\",\"mainEntityOfPage\":{\"@id\":\"https:\/\/vosgesinfo.fr\/gerardmerinfo\/2020\/02\/bonnes-nouvelles-amateurs-de-litterature\/\"},\"wordCount\":585,\"commentCount\":0,\"publisher\":{\"@id\":\"https:\/\/vosgesinfo.fr\/gerardmerinfo\/#organization\"},\"image\":{\"@id\":\"https:\/\/vosgesinfo.fr\/gerardmerinfo\/2020\/02\/bonnes-nouvelles-amateurs-de-litterature\/#primaryimage\"},\"thumbnailUrl\":\"https:\/\/vosgesinfo.fr\/app\/uploads\/sites\/6\/2024\/07\/202002img-20200201-152351.jpg\",\"keywords\":[\"concours de nouvelles fantastiques\"],\"articleSection\":[\"A la une\",\"Culture\",\"Vosges\"],\"inLanguage\":\"fr-FR\",\"potentialAction\":[{\"@type\":\"CommentAction\",\"name\":\"Comment\",\"target\":[\"https:\/\/vosgesinfo.fr\/gerardmerinfo\/2020\/02\/bonnes-nouvelles-amateurs-de-litterature\/#respond\"]}]},{\"@type\":\"WebPage\",\"@id\":\"https:\/\/vosgesinfo.fr\/gerardmerinfo\/2020\/02\/bonnes-nouvelles-amateurs-de-litterature\/\",\"url\":\"https:\/\/vosgesinfo.fr\/gerardmerinfo\/2020\/02\/bonnes-nouvelles-amateurs-de-litterature\/\",\"name\":\"\\\"Bonnes nouvelles\\\" pour les amateurs de litt\u00e9rature ! - Gerardmer Info\",\"isPartOf\":{\"@id\":\"https:\/\/vosgesinfo.fr\/gerardmerinfo\/#website\"},\"primaryImageOfPage\":{\"@id\":\"https:\/\/vosgesinfo.fr\/gerardmerinfo\/2020\/02\/bonnes-nouvelles-amateurs-de-litterature\/#primaryimage\"},\"image\":{\"@id\":\"https:\/\/vosgesinfo.fr\/gerardmerinfo\/2020\/02\/bonnes-nouvelles-amateurs-de-litterature\/#primaryimage\"},\"thumbnailUrl\":\"https:\/\/vosgesinfo.fr\/app\/uploads\/sites\/6\/2024\/07\/202002img-20200201-152351.jpg\",\"datePublished\":\"2020-02-01T16:14:38+00:00\",\"dateModified\":\"2020-02-01T16:14:38+00:00\",\"breadcrumb\":{\"@id\":\"https:\/\/vosgesinfo.fr\/gerardmerinfo\/2020\/02\/bonnes-nouvelles-amateurs-de-litterature\/#breadcrumb\"},\"inLanguage\":\"fr-FR\",\"potentialAction\":[{\"@type\":\"ReadAction\",\"target\":[\"https:\/\/vosgesinfo.fr\/gerardmerinfo\/2020\/02\/bonnes-nouvelles-amateurs-de-litterature\/\"]}]},{\"@type\":\"ImageObject\",\"inLanguage\":\"fr-FR\",\"@id\":\"https:\/\/vosgesinfo.fr\/gerardmerinfo\/2020\/02\/bonnes-nouvelles-amateurs-de-litterature\/#primaryimage\",\"url\":\"https:\/\/vosgesinfo.fr\/app\/uploads\/sites\/6\/2024\/07\/202002img-20200201-152351.jpg\",\"contentUrl\":\"https:\/\/vosgesinfo.fr\/app\/uploads\/sites\/6\/2024\/07\/202002img-20200201-152351.jpg\",\"width\":800,\"height\":600},{\"@type\":\"BreadcrumbList\",\"@id\":\"https:\/\/vosgesinfo.fr\/gerardmerinfo\/2020\/02\/bonnes-nouvelles-amateurs-de-litterature\/#breadcrumb\",\"itemListElement\":[{\"@type\":\"ListItem\",\"position\":1,\"name\":\"Home\",\"item\":\"https:\/\/vosgesinfo.fr\/gerardmerinfo\/\"},{\"@type\":\"ListItem\",\"position\":2,\"name\":\"\u00ab\u00a0Bonnes nouvelles\u00a0\u00bb pour les amateurs de litt\u00e9rature !\"}]},{\"@type\":\"WebSite\",\"@id\":\"https:\/\/vosgesinfo.fr\/gerardmerinfo\/#website\",\"url\":\"https:\/\/vosgesinfo.fr\/gerardmerinfo\/\",\"name\":\"Gerardmer Info\",\"description\":\"Toute l&#039;actualit\u00e9 de G\u00e9rardmer\",\"publisher\":{\"@id\":\"https:\/\/vosgesinfo.fr\/gerardmerinfo\/#organization\"},\"alternateName\":\"Toute l'actualit\u00e9 de G\u00e9rardmer\",\"potentialAction\":[{\"@type\":\"SearchAction\",\"target\":{\"@type\":\"EntryPoint\",\"urlTemplate\":\"https:\/\/vosgesinfo.fr\/gerardmerinfo\/?s={search_term_string}\"},\"query-input\":\"required name=search_term_string\"}],\"inLanguage\":\"fr-FR\"},{\"@type\":\"Organization\",\"@id\":\"https:\/\/vosgesinfo.fr\/gerardmerinfo\/#organization\",\"name\":\"Gerardmer Info\",\"url\":\"https:\/\/vosgesinfo.fr\/gerardmerinfo\/\",\"logo\":{\"@type\":\"ImageObject\",\"inLanguage\":\"fr-FR\",\"@id\":\"https:\/\/vosgesinfo.fr\/gerardmerinfo\/#\/schema\/logo\/image\/\",\"url\":\"https:\/\/vosgesinfo.fr\/app\/uploads\/sites\/6\/2023\/08\/favicon-gerardmerinfo.png\",\"contentUrl\":\"https:\/\/vosgesinfo.fr\/app\/uploads\/sites\/6\/2023\/08\/favicon-gerardmerinfo.png\",\"width\":512,\"height\":512,\"caption\":\"Gerardmer Info\"},\"image\":{\"@id\":\"https:\/\/vosgesinfo.fr\/gerardmerinfo\/#\/schema\/logo\/image\/\"},\"sameAs\":[\"https:\/\/www.facebook.com\/profile.php?id=100049475262660\",\"https:\/\/x.com\/VosgesInfo88\",\"https:\/\/www.youtube.com\/@vosgesinfo\"]},{\"@type\":\"Person\",\"@id\":\"https:\/\/vosgesinfo.fr\/gerardmerinfo\/#\/schema\/person\/db5605779a843dad16b5368f3e7613a5\",\"name\":\"QG\",\"image\":{\"@type\":\"ImageObject\",\"inLanguage\":\"fr-FR\",\"@id\":\"https:\/\/vosgesinfo.fr\/gerardmerinfo\/#\/schema\/person\/image\/\",\"url\":\"https:\/\/secure.gravatar.com\/avatar\/ea80c42c204b534408512832fde52504ecabb9706bcb6151cf6175e5b64e6793?s=96&d=mm&r=g\",\"contentUrl\":\"https:\/\/secure.gravatar.com\/avatar\/ea80c42c204b534408512832fde52504ecabb9706bcb6151cf6175e5b64e6793?s=96&d=mm&r=g\",\"caption\":\"QG\"},\"url\":\"https:\/\/vosgesinfo.fr\/gerardmerinfo\/author\/quentin88\/\"}]}<\/script>\n<!-- \/ Yoast SEO plugin. -->","yoast_head_json":{"title":"\"Bonnes nouvelles\" pour les amateurs de litt\u00e9rature ! - Gerardmer Info","robots":{"index":"index","follow":"follow","max-snippet":"max-snippet:-1","max-image-preview":"max-image-preview:large","max-video-preview":"max-video-preview:-1"},"canonical":"https:\/\/vosgesinfo.fr\/gerardmerinfo\/2020\/02\/bonnes-nouvelles-amateurs-de-litterature\/","twitter_card":"summary_large_image","twitter_title":"\"Bonnes nouvelles\" pour les amateurs de litt\u00e9rature ! - Gerardmer Info","twitter_description":"&nbsp; Rendez-vous au Grimoire samedi apr\u00e8s-midi pour la remise des prix du concours de nouvelles fantastiques organis\u00e9 dans le cadre [&hellip;]","twitter_image":"https:\/\/vosgesinfo.fr\/app\/uploads\/sites\/6\/2024\/07\/202002img-20200201-152351.jpg","twitter_creator":"@VosgesInfo88","twitter_site":"@VosgesInfo88","twitter_misc":{"\u00c9crit par":"QG","Dur\u00e9e de lecture estim\u00e9e":"3 minutes"},"schema":{"@context":"https:\/\/schema.org","@graph":[{"@type":"Article","@id":"https:\/\/vosgesinfo.fr\/gerardmerinfo\/2020\/02\/bonnes-nouvelles-amateurs-de-litterature\/#article","isPartOf":{"@id":"https:\/\/vosgesinfo.fr\/gerardmerinfo\/2020\/02\/bonnes-nouvelles-amateurs-de-litterature\/"},"author":{"name":"QG","@id":"https:\/\/vosgesinfo.fr\/gerardmerinfo\/#\/schema\/person\/db5605779a843dad16b5368f3e7613a5"},"headline":"\u00ab\u00a0Bonnes nouvelles\u00a0\u00bb pour les amateurs de litt\u00e9rature !","datePublished":"2020-02-01T16:14:38+00:00","dateModified":"2020-02-01T16:14:38+00:00","mainEntityOfPage":{"@id":"https:\/\/vosgesinfo.fr\/gerardmerinfo\/2020\/02\/bonnes-nouvelles-amateurs-de-litterature\/"},"wordCount":585,"commentCount":0,"publisher":{"@id":"https:\/\/vosgesinfo.fr\/gerardmerinfo\/#organization"},"image":{"@id":"https:\/\/vosgesinfo.fr\/gerardmerinfo\/2020\/02\/bonnes-nouvelles-amateurs-de-litterature\/#primaryimage"},"thumbnailUrl":"https:\/\/vosgesinfo.fr\/app\/uploads\/sites\/6\/2024\/07\/202002img-20200201-152351.jpg","keywords":["concours de nouvelles fantastiques"],"articleSection":["A la une","Culture","Vosges"],"inLanguage":"fr-FR","potentialAction":[{"@type":"CommentAction","name":"Comment","target":["https:\/\/vosgesinfo.fr\/gerardmerinfo\/2020\/02\/bonnes-nouvelles-amateurs-de-litterature\/#respond"]}]},{"@type":"WebPage","@id":"https:\/\/vosgesinfo.fr\/gerardmerinfo\/2020\/02\/bonnes-nouvelles-amateurs-de-litterature\/","url":"https:\/\/vosgesinfo.fr\/gerardmerinfo\/2020\/02\/bonnes-nouvelles-amateurs-de-litterature\/","name":"\"Bonnes nouvelles\" pour les amateurs de litt\u00e9rature ! - Gerardmer Info","isPartOf":{"@id":"https:\/\/vosgesinfo.fr\/gerardmerinfo\/#website"},"primaryImageOfPage":{"@id":"https:\/\/vosgesinfo.fr\/gerardmerinfo\/2020\/02\/bonnes-nouvelles-amateurs-de-litterature\/#primaryimage"},"image":{"@id":"https:\/\/vosgesinfo.fr\/gerardmerinfo\/2020\/02\/bonnes-nouvelles-amateurs-de-litterature\/#primaryimage"},"thumbnailUrl":"https:\/\/vosgesinfo.fr\/app\/uploads\/sites\/6\/2024\/07\/202002img-20200201-152351.jpg","datePublished":"2020-02-01T16:14:38+00:00","dateModified":"2020-02-01T16:14:38+00:00","breadcrumb":{"@id":"https:\/\/vosgesinfo.fr\/gerardmerinfo\/2020\/02\/bonnes-nouvelles-amateurs-de-litterature\/#breadcrumb"},"inLanguage":"fr-FR","potentialAction":[{"@type":"ReadAction","target":["https:\/\/vosgesinfo.fr\/gerardmerinfo\/2020\/02\/bonnes-nouvelles-amateurs-de-litterature\/"]}]},{"@type":"ImageObject","inLanguage":"fr-FR","@id":"https:\/\/vosgesinfo.fr\/gerardmerinfo\/2020\/02\/bonnes-nouvelles-amateurs-de-litterature\/#primaryimage","url":"https:\/\/vosgesinfo.fr\/app\/uploads\/sites\/6\/2024\/07\/202002img-20200201-152351.jpg","contentUrl":"https:\/\/vosgesinfo.fr\/app\/uploads\/sites\/6\/2024\/07\/202002img-20200201-152351.jpg","width":800,"height":600},{"@type":"BreadcrumbList","@id":"https:\/\/vosgesinfo.fr\/gerardmerinfo\/2020\/02\/bonnes-nouvelles-amateurs-de-litterature\/#breadcrumb","itemListElement":[{"@type":"ListItem","position":1,"name":"Home","item":"https:\/\/vosgesinfo.fr\/gerardmerinfo\/"},{"@type":"ListItem","position":2,"name":"\u00ab\u00a0Bonnes nouvelles\u00a0\u00bb pour les amateurs de litt\u00e9rature !"}]},{"@type":"WebSite","@id":"https:\/\/vosgesinfo.fr\/gerardmerinfo\/#website","url":"https:\/\/vosgesinfo.fr\/gerardmerinfo\/","name":"Gerardmer Info","description":"Toute l&#039;actualit\u00e9 de G\u00e9rardmer","publisher":{"@id":"https:\/\/vosgesinfo.fr\/gerardmerinfo\/#organization"},"alternateName":"Toute l'actualit\u00e9 de G\u00e9rardmer","potentialAction":[{"@type":"SearchAction","target":{"@type":"EntryPoint","urlTemplate":"https:\/\/vosgesinfo.fr\/gerardmerinfo\/?s={search_term_string}"},"query-input":"required name=search_term_string"}],"inLanguage":"fr-FR"},{"@type":"Organization","@id":"https:\/\/vosgesinfo.fr\/gerardmerinfo\/#organization","name":"Gerardmer Info","url":"https:\/\/vosgesinfo.fr\/gerardmerinfo\/","logo":{"@type":"ImageObject","inLanguage":"fr-FR","@id":"https:\/\/vosgesinfo.fr\/gerardmerinfo\/#\/schema\/logo\/image\/","url":"https:\/\/vosgesinfo.fr\/app\/uploads\/sites\/6\/2023\/08\/favicon-gerardmerinfo.png","contentUrl":"https:\/\/vosgesinfo.fr\/app\/uploads\/sites\/6\/2023\/08\/favicon-gerardmerinfo.png","width":512,"height":512,"caption":"Gerardmer Info"},"image":{"@id":"https:\/\/vosgesinfo.fr\/gerardmerinfo\/#\/schema\/logo\/image\/"},"sameAs":["https:\/\/www.facebook.com\/profile.php?id=100049475262660","https:\/\/x.com\/VosgesInfo88","https:\/\/www.youtube.com\/@vosgesinfo"]},{"@type":"Person","@id":"https:\/\/vosgesinfo.fr\/gerardmerinfo\/#\/schema\/person\/db5605779a843dad16b5368f3e7613a5","name":"QG","image":{"@type":"ImageObject","inLanguage":"fr-FR","@id":"https:\/\/vosgesinfo.fr\/gerardmerinfo\/#\/schema\/person\/image\/","url":"https:\/\/secure.gravatar.com\/avatar\/ea80c42c204b534408512832fde52504ecabb9706bcb6151cf6175e5b64e6793?s=96&d=mm&r=g","contentUrl":"https:\/\/secure.gravatar.com\/avatar\/ea80c42c204b534408512832fde52504ecabb9706bcb6151cf6175e5b64e6793?s=96&d=mm&r=g","caption":"QG"},"url":"https:\/\/vosgesinfo.fr\/gerardmerinfo\/author\/quentin88\/"}]}},"_links":{"self":[{"href":"https:\/\/vosgesinfo.fr\/gerardmerinfo\/wp-json\/wp\/v2\/posts\/46412","targetHints":{"allow":["GET"]}}],"collection":[{"href":"https:\/\/vosgesinfo.fr\/gerardmerinfo\/wp-json\/wp\/v2\/posts"}],"about":[{"href":"https:\/\/vosgesinfo.fr\/gerardmerinfo\/wp-json\/wp\/v2\/types\/post"}],"author":[{"embeddable":true,"href":"https:\/\/vosgesinfo.fr\/gerardmerinfo\/wp-json\/wp\/v2\/users\/42"}],"replies":[{"embeddable":true,"href":"https:\/\/vosgesinfo.fr\/gerardmerinfo\/wp-json\/wp\/v2\/comments?post=46412"}],"version-history":[{"count":0,"href":"https:\/\/vosgesinfo.fr\/gerardmerinfo\/wp-json\/wp\/v2\/posts\/46412\/revisions"}],"wp:featuredmedia":[{"embeddable":true,"href":"https:\/\/vosgesinfo.fr\/gerardmerinfo\/wp-json\/wp\/v2\/media\/46413"}],"wp:attachment":[{"href":"https:\/\/vosgesinfo.fr\/gerardmerinfo\/wp-json\/wp\/v2\/media?parent=46412"}],"wp:term":[{"taxonomy":"category","embeddable":true,"href":"https:\/\/vosgesinfo.fr\/gerardmerinfo\/wp-json\/wp\/v2\/categories?post=46412"},{"taxonomy":"post_tag","embeddable":true,"href":"https:\/\/vosgesinfo.fr\/gerardmerinfo\/wp-json\/wp\/v2\/tags?post=46412"}],"curies":[{"name":"wp","href":"https:\/\/api.w.org\/{rel}","templated":true}]}}