{"id":46424,"date":"2020-02-02T11:25:06","date_gmt":"2020-02-02T10:25:06","guid":{"rendered":"https:\/\/vosgesinfo.fr\/gerardmerinfo\/2020\/02\/carton-absolu-concert-dedie-a-miyazaki-joe-hisaishi-video\/"},"modified":"2020-02-02T11:25:06","modified_gmt":"2020-02-02T10:25:06","slug":"carton-absolu-concert-dedie-a-miyazaki-joe-hisaishi-video","status":"publish","type":"post","link":"https:\/\/vosgesinfo.fr\/gerardmerinfo\/2020\/02\/carton-absolu-concert-dedie-a-miyazaki-joe-hisaishi-video\/","title":{"rendered":"Carton absolu pour le concert d\u00e9di\u00e9 \u00e0 Miyazaki et  Joe Hisaishi (vid\u00e9o)"},"content":{"rendered":"<p><iframe loading=\"lazy\" src=\"\/\/www.youtube.com\/embed\/zPq9jt2r8OM\" width=\"425\" height=\"350\" allowfullscreen=\"allowfullscreen\"><\/iframe><\/p>\n<p>&nbsp;<\/p>\n<p>Ludovic B\u00e9rard pouvait avoir le sourire samedi soir : cela faisait longtemps que l&rsquo;\u00e9glise Saint Barth\u00e9l\u00e9my n&rsquo;avait accueilli autant de monde pour un concert et le directeur de l&rsquo;\u00e9cole de musique en \u00e9tait lui-m\u00eame agr\u00e9ablement surpris. Il faut dire que le programme propos\u00e9 \u00e9tait plus qu&rsquo;all\u00e9chant, que ce soit pour les m\u00e9lomanes comme pour les fans de cin\u00e9ma. Et si vous \u00eates les deux, autant dire que vous \u00e9tiez servis sur un plateau d&rsquo;argent avec cette soir\u00e9e d\u00e9di\u00e9e au cin\u00e9aste Hayao Miyazaki et au compositeur Joe Hisaishi. On retrouvait donc des extraits de <strong>Princesse Mononoke, Le voyage de Chihiro, Mon voisin Totoro<\/strong> et <strong>Kiki la petite sorci\u00e8re, que des classiques !..<\/strong>.<\/p>\n<p>Pour se faire, 45 musiciens \u00e9taient sur sc\u00e8ne apr\u00e8s avoir travaill\u00e9 avec leurs professeurs puis r\u00e9p\u00e9t\u00e9 collectivement \u00e0 4 reprises, dont une derni\u00e8re <em>g\u00e9n\u00e9rale<\/em> dimanche dernier. Et le r\u00e9sultat \u00e9tait \u00e0 la hauteur de l&rsquo;attente du public qui a savour\u00e9 cette splendide interpr\u00e9tation. Ce concert restera sans doute dans les annales du festival et il faut saluer l&rsquo;ensemble des \u00e9l\u00e8ves ainsi\u00a0 que tous ceux qui ont travaill\u00e9 sur ce beau projet. Rappelons au passage que c&rsquo;est la deuxi\u00e8me ann\u00e9e que l\u2019orchestre \u00e0 vents et percussions de l\u2019\u00c9cole de Musique de G\u00e9rardmer propose un concert de musiques de films en partenariat avec la Sacem et dans le cadre du festival. Et franchement, le choix artistique de 2020 \u00e9tait id\u00e9al&#8230;<\/p>\n\n","protected":false},"excerpt":{"rendered":"<p>&nbsp; Ludovic B\u00e9rard pouvait avoir le sourire samedi soir : cela faisait longtemps que l&rsquo;\u00e9glise Saint Barth\u00e9l\u00e9my n&rsquo;avait accueilli autant [&hellip;]<\/p>\n","protected":false},"author":42,"featured_media":46425,"comment_status":"open","ping_status":"open","sticky":false,"template":"","format":"standard","meta":{"footnotes":""},"categories":[20,4],"tags":[2055,456,4301],"class_list":["post-46424","post","type-post","status-publish","format-standard","has-post-thumbnail","hentry","category-a-la-une","category-culture","tag-ecole-de-musique","tag-eglise-saint-barthelemy","tag-miyazaki"],"acf":[],"yoast_head":"<!-- This site is optimized with the Yoast SEO plugin v22.5 - https:\/\/yoast.com\/wordpress\/plugins\/seo\/ -->\n<title>Carton absolu pour le concert d\u00e9di\u00e9 \u00e0 Miyazaki et Joe Hisaishi (vid\u00e9o) - Gerardmer Info<\/title>\n<meta name=\"robots\" content=\"index, follow, max-snippet:-1, max-image-preview:large, max-video-preview:-1\" \/>\n<link rel=\"canonical\" href=\"https:\/\/vosgesinfo.fr\/gerardmerinfo\/2020\/02\/carton-absolu-concert-dedie-a-miyazaki-joe-hisaishi-video\/\" \/>\n<meta name=\"twitter:card\" content=\"summary_large_image\" \/>\n<meta name=\"twitter:title\" content=\"Carton absolu pour le concert d\u00e9di\u00e9 \u00e0 Miyazaki et Joe Hisaishi (vid\u00e9o) - Gerardmer Info\" \/>\n<meta name=\"twitter:description\" content=\"&nbsp; Ludovic B\u00e9rard pouvait avoir le sourire samedi soir : cela faisait longtemps que l&rsquo;\u00e9glise Saint Barth\u00e9l\u00e9my n&rsquo;avait accueilli autant [&hellip;]\" \/>\n<meta name=\"twitter:image\" content=\"https:\/\/vosgesinfo.fr\/app\/uploads\/sites\/6\/2024\/07\/202002img-20200201-203818.jpg\" \/>\n<meta name=\"twitter:creator\" content=\"@VosgesInfo88\" \/>\n<meta name=\"twitter:site\" content=\"@VosgesInfo88\" \/>\n<meta name=\"twitter:label1\" content=\"\u00c9crit par\" \/>\n\t<meta name=\"twitter:data1\" content=\"QG\" \/>\n\t<meta name=\"twitter:label2\" content=\"Dur\u00e9e de lecture estim\u00e9e\" \/>\n\t<meta name=\"twitter:data2\" content=\"1 minute\" \/>\n<script type=\"application\/ld+json\" class=\"yoast-schema-graph\">{\"@context\":\"https:\/\/schema.org\",\"@graph\":[{\"@type\":\"Article\",\"@id\":\"https:\/\/vosgesinfo.fr\/gerardmerinfo\/2020\/02\/carton-absolu-concert-dedie-a-miyazaki-joe-hisaishi-video\/#article\",\"isPartOf\":{\"@id\":\"https:\/\/vosgesinfo.fr\/gerardmerinfo\/2020\/02\/carton-absolu-concert-dedie-a-miyazaki-joe-hisaishi-video\/\"},\"author\":{\"name\":\"QG\",\"@id\":\"https:\/\/vosgesinfo.fr\/gerardmerinfo\/#\/schema\/person\/db5605779a843dad16b5368f3e7613a5\"},\"headline\":\"Carton absolu pour le concert d\u00e9di\u00e9 \u00e0 Miyazaki et Joe Hisaishi (vid\u00e9o)\",\"datePublished\":\"2020-02-02T10:25:06+00:00\",\"dateModified\":\"2020-02-02T10:25:06+00:00\",\"mainEntityOfPage\":{\"@id\":\"https:\/\/vosgesinfo.fr\/gerardmerinfo\/2020\/02\/carton-absolu-concert-dedie-a-miyazaki-joe-hisaishi-video\/\"},\"wordCount\":282,\"commentCount\":0,\"publisher\":{\"@id\":\"https:\/\/vosgesinfo.fr\/gerardmerinfo\/#organization\"},\"image\":{\"@id\":\"https:\/\/vosgesinfo.fr\/gerardmerinfo\/2020\/02\/carton-absolu-concert-dedie-a-miyazaki-joe-hisaishi-video\/#primaryimage\"},\"thumbnailUrl\":\"https:\/\/vosgesinfo.fr\/app\/uploads\/sites\/6\/2024\/07\/202002img-20200201-203818.jpg\",\"keywords\":[\"ecole de musique\",\"eglise saint barth\u00e9l\u00e9my\",\"Miyazaki\"],\"articleSection\":[\"A la une\",\"Culture\"],\"inLanguage\":\"fr-FR\",\"potentialAction\":[{\"@type\":\"CommentAction\",\"name\":\"Comment\",\"target\":[\"https:\/\/vosgesinfo.fr\/gerardmerinfo\/2020\/02\/carton-absolu-concert-dedie-a-miyazaki-joe-hisaishi-video\/#respond\"]}]},{\"@type\":\"WebPage\",\"@id\":\"https:\/\/vosgesinfo.fr\/gerardmerinfo\/2020\/02\/carton-absolu-concert-dedie-a-miyazaki-joe-hisaishi-video\/\",\"url\":\"https:\/\/vosgesinfo.fr\/gerardmerinfo\/2020\/02\/carton-absolu-concert-dedie-a-miyazaki-joe-hisaishi-video\/\",\"name\":\"Carton absolu pour le concert d\u00e9di\u00e9 \u00e0 Miyazaki et Joe Hisaishi (vid\u00e9o) - Gerardmer Info\",\"isPartOf\":{\"@id\":\"https:\/\/vosgesinfo.fr\/gerardmerinfo\/#website\"},\"primaryImageOfPage\":{\"@id\":\"https:\/\/vosgesinfo.fr\/gerardmerinfo\/2020\/02\/carton-absolu-concert-dedie-a-miyazaki-joe-hisaishi-video\/#primaryimage\"},\"image\":{\"@id\":\"https:\/\/vosgesinfo.fr\/gerardmerinfo\/2020\/02\/carton-absolu-concert-dedie-a-miyazaki-joe-hisaishi-video\/#primaryimage\"},\"thumbnailUrl\":\"https:\/\/vosgesinfo.fr\/app\/uploads\/sites\/6\/2024\/07\/202002img-20200201-203818.jpg\",\"datePublished\":\"2020-02-02T10:25:06+00:00\",\"dateModified\":\"2020-02-02T10:25:06+00:00\",\"breadcrumb\":{\"@id\":\"https:\/\/vosgesinfo.fr\/gerardmerinfo\/2020\/02\/carton-absolu-concert-dedie-a-miyazaki-joe-hisaishi-video\/#breadcrumb\"},\"inLanguage\":\"fr-FR\",\"potentialAction\":[{\"@type\":\"ReadAction\",\"target\":[\"https:\/\/vosgesinfo.fr\/gerardmerinfo\/2020\/02\/carton-absolu-concert-dedie-a-miyazaki-joe-hisaishi-video\/\"]}]},{\"@type\":\"ImageObject\",\"inLanguage\":\"fr-FR\",\"@id\":\"https:\/\/vosgesinfo.fr\/gerardmerinfo\/2020\/02\/carton-absolu-concert-dedie-a-miyazaki-joe-hisaishi-video\/#primaryimage\",\"url\":\"https:\/\/vosgesinfo.fr\/app\/uploads\/sites\/6\/2024\/07\/202002img-20200201-203818.jpg\",\"contentUrl\":\"https:\/\/vosgesinfo.fr\/app\/uploads\/sites\/6\/2024\/07\/202002img-20200201-203818.jpg\",\"width\":800,\"height\":600},{\"@type\":\"BreadcrumbList\",\"@id\":\"https:\/\/vosgesinfo.fr\/gerardmerinfo\/2020\/02\/carton-absolu-concert-dedie-a-miyazaki-joe-hisaishi-video\/#breadcrumb\",\"itemListElement\":[{\"@type\":\"ListItem\",\"position\":1,\"name\":\"Home\",\"item\":\"https:\/\/vosgesinfo.fr\/gerardmerinfo\/\"},{\"@type\":\"ListItem\",\"position\":2,\"name\":\"Carton absolu pour le concert d\u00e9di\u00e9 \u00e0 Miyazaki et Joe Hisaishi (vid\u00e9o)\"}]},{\"@type\":\"WebSite\",\"@id\":\"https:\/\/vosgesinfo.fr\/gerardmerinfo\/#website\",\"url\":\"https:\/\/vosgesinfo.fr\/gerardmerinfo\/\",\"name\":\"Gerardmer Info\",\"description\":\"Toute l&#039;actualit\u00e9 de G\u00e9rardmer\",\"publisher\":{\"@id\":\"https:\/\/vosgesinfo.fr\/gerardmerinfo\/#organization\"},\"alternateName\":\"Toute l'actualit\u00e9 de G\u00e9rardmer\",\"potentialAction\":[{\"@type\":\"SearchAction\",\"target\":{\"@type\":\"EntryPoint\",\"urlTemplate\":\"https:\/\/vosgesinfo.fr\/gerardmerinfo\/?s={search_term_string}\"},\"query-input\":\"required name=search_term_string\"}],\"inLanguage\":\"fr-FR\"},{\"@type\":\"Organization\",\"@id\":\"https:\/\/vosgesinfo.fr\/gerardmerinfo\/#organization\",\"name\":\"Gerardmer Info\",\"url\":\"https:\/\/vosgesinfo.fr\/gerardmerinfo\/\",\"logo\":{\"@type\":\"ImageObject\",\"inLanguage\":\"fr-FR\",\"@id\":\"https:\/\/vosgesinfo.fr\/gerardmerinfo\/#\/schema\/logo\/image\/\",\"url\":\"https:\/\/vosgesinfo.fr\/app\/uploads\/sites\/6\/2023\/08\/favicon-gerardmerinfo.png\",\"contentUrl\":\"https:\/\/vosgesinfo.fr\/app\/uploads\/sites\/6\/2023\/08\/favicon-gerardmerinfo.png\",\"width\":512,\"height\":512,\"caption\":\"Gerardmer Info\"},\"image\":{\"@id\":\"https:\/\/vosgesinfo.fr\/gerardmerinfo\/#\/schema\/logo\/image\/\"},\"sameAs\":[\"https:\/\/www.facebook.com\/profile.php?id=100049475262660\",\"https:\/\/x.com\/VosgesInfo88\",\"https:\/\/www.youtube.com\/@vosgesinfo\"]},{\"@type\":\"Person\",\"@id\":\"https:\/\/vosgesinfo.fr\/gerardmerinfo\/#\/schema\/person\/db5605779a843dad16b5368f3e7613a5\",\"name\":\"QG\",\"image\":{\"@type\":\"ImageObject\",\"inLanguage\":\"fr-FR\",\"@id\":\"https:\/\/vosgesinfo.fr\/gerardmerinfo\/#\/schema\/person\/image\/\",\"url\":\"https:\/\/secure.gravatar.com\/avatar\/ea80c42c204b534408512832fde52504ecabb9706bcb6151cf6175e5b64e6793?s=96&d=mm&r=g\",\"contentUrl\":\"https:\/\/secure.gravatar.com\/avatar\/ea80c42c204b534408512832fde52504ecabb9706bcb6151cf6175e5b64e6793?s=96&d=mm&r=g\",\"caption\":\"QG\"},\"url\":\"https:\/\/vosgesinfo.fr\/gerardmerinfo\/author\/quentin88\/\"}]}<\/script>\n<!-- \/ Yoast SEO plugin. -->","yoast_head_json":{"title":"Carton absolu pour le concert d\u00e9di\u00e9 \u00e0 Miyazaki et Joe Hisaishi (vid\u00e9o) - Gerardmer Info","robots":{"index":"index","follow":"follow","max-snippet":"max-snippet:-1","max-image-preview":"max-image-preview:large","max-video-preview":"max-video-preview:-1"},"canonical":"https:\/\/vosgesinfo.fr\/gerardmerinfo\/2020\/02\/carton-absolu-concert-dedie-a-miyazaki-joe-hisaishi-video\/","twitter_card":"summary_large_image","twitter_title":"Carton absolu pour le concert d\u00e9di\u00e9 \u00e0 Miyazaki et Joe Hisaishi (vid\u00e9o) - Gerardmer Info","twitter_description":"&nbsp; Ludovic B\u00e9rard pouvait avoir le sourire samedi soir : cela faisait longtemps que l&rsquo;\u00e9glise Saint Barth\u00e9l\u00e9my n&rsquo;avait accueilli autant [&hellip;]","twitter_image":"https:\/\/vosgesinfo.fr\/app\/uploads\/sites\/6\/2024\/07\/202002img-20200201-203818.jpg","twitter_creator":"@VosgesInfo88","twitter_site":"@VosgesInfo88","twitter_misc":{"\u00c9crit par":"QG","Dur\u00e9e de lecture estim\u00e9e":"1 minute"},"schema":{"@context":"https:\/\/schema.org","@graph":[{"@type":"Article","@id":"https:\/\/vosgesinfo.fr\/gerardmerinfo\/2020\/02\/carton-absolu-concert-dedie-a-miyazaki-joe-hisaishi-video\/#article","isPartOf":{"@id":"https:\/\/vosgesinfo.fr\/gerardmerinfo\/2020\/02\/carton-absolu-concert-dedie-a-miyazaki-joe-hisaishi-video\/"},"author":{"name":"QG","@id":"https:\/\/vosgesinfo.fr\/gerardmerinfo\/#\/schema\/person\/db5605779a843dad16b5368f3e7613a5"},"headline":"Carton absolu pour le concert d\u00e9di\u00e9 \u00e0 Miyazaki et Joe Hisaishi (vid\u00e9o)","datePublished":"2020-02-02T10:25:06+00:00","dateModified":"2020-02-02T10:25:06+00:00","mainEntityOfPage":{"@id":"https:\/\/vosgesinfo.fr\/gerardmerinfo\/2020\/02\/carton-absolu-concert-dedie-a-miyazaki-joe-hisaishi-video\/"},"wordCount":282,"commentCount":0,"publisher":{"@id":"https:\/\/vosgesinfo.fr\/gerardmerinfo\/#organization"},"image":{"@id":"https:\/\/vosgesinfo.fr\/gerardmerinfo\/2020\/02\/carton-absolu-concert-dedie-a-miyazaki-joe-hisaishi-video\/#primaryimage"},"thumbnailUrl":"https:\/\/vosgesinfo.fr\/app\/uploads\/sites\/6\/2024\/07\/202002img-20200201-203818.jpg","keywords":["ecole de musique","eglise saint barth\u00e9l\u00e9my","Miyazaki"],"articleSection":["A la une","Culture"],"inLanguage":"fr-FR","potentialAction":[{"@type":"CommentAction","name":"Comment","target":["https:\/\/vosgesinfo.fr\/gerardmerinfo\/2020\/02\/carton-absolu-concert-dedie-a-miyazaki-joe-hisaishi-video\/#respond"]}]},{"@type":"WebPage","@id":"https:\/\/vosgesinfo.fr\/gerardmerinfo\/2020\/02\/carton-absolu-concert-dedie-a-miyazaki-joe-hisaishi-video\/","url":"https:\/\/vosgesinfo.fr\/gerardmerinfo\/2020\/02\/carton-absolu-concert-dedie-a-miyazaki-joe-hisaishi-video\/","name":"Carton absolu pour le concert d\u00e9di\u00e9 \u00e0 Miyazaki et Joe Hisaishi (vid\u00e9o) - Gerardmer Info","isPartOf":{"@id":"https:\/\/vosgesinfo.fr\/gerardmerinfo\/#website"},"primaryImageOfPage":{"@id":"https:\/\/vosgesinfo.fr\/gerardmerinfo\/2020\/02\/carton-absolu-concert-dedie-a-miyazaki-joe-hisaishi-video\/#primaryimage"},"image":{"@id":"https:\/\/vosgesinfo.fr\/gerardmerinfo\/2020\/02\/carton-absolu-concert-dedie-a-miyazaki-joe-hisaishi-video\/#primaryimage"},"thumbnailUrl":"https:\/\/vosgesinfo.fr\/app\/uploads\/sites\/6\/2024\/07\/202002img-20200201-203818.jpg","datePublished":"2020-02-02T10:25:06+00:00","dateModified":"2020-02-02T10:25:06+00:00","breadcrumb":{"@id":"https:\/\/vosgesinfo.fr\/gerardmerinfo\/2020\/02\/carton-absolu-concert-dedie-a-miyazaki-joe-hisaishi-video\/#breadcrumb"},"inLanguage":"fr-FR","potentialAction":[{"@type":"ReadAction","target":["https:\/\/vosgesinfo.fr\/gerardmerinfo\/2020\/02\/carton-absolu-concert-dedie-a-miyazaki-joe-hisaishi-video\/"]}]},{"@type":"ImageObject","inLanguage":"fr-FR","@id":"https:\/\/vosgesinfo.fr\/gerardmerinfo\/2020\/02\/carton-absolu-concert-dedie-a-miyazaki-joe-hisaishi-video\/#primaryimage","url":"https:\/\/vosgesinfo.fr\/app\/uploads\/sites\/6\/2024\/07\/202002img-20200201-203818.jpg","contentUrl":"https:\/\/vosgesinfo.fr\/app\/uploads\/sites\/6\/2024\/07\/202002img-20200201-203818.jpg","width":800,"height":600},{"@type":"BreadcrumbList","@id":"https:\/\/vosgesinfo.fr\/gerardmerinfo\/2020\/02\/carton-absolu-concert-dedie-a-miyazaki-joe-hisaishi-video\/#breadcrumb","itemListElement":[{"@type":"ListItem","position":1,"name":"Home","item":"https:\/\/vosgesinfo.fr\/gerardmerinfo\/"},{"@type":"ListItem","position":2,"name":"Carton absolu pour le concert d\u00e9di\u00e9 \u00e0 Miyazaki et Joe Hisaishi (vid\u00e9o)"}]},{"@type":"WebSite","@id":"https:\/\/vosgesinfo.fr\/gerardmerinfo\/#website","url":"https:\/\/vosgesinfo.fr\/gerardmerinfo\/","name":"Gerardmer Info","description":"Toute l&#039;actualit\u00e9 de G\u00e9rardmer","publisher":{"@id":"https:\/\/vosgesinfo.fr\/gerardmerinfo\/#organization"},"alternateName":"Toute l'actualit\u00e9 de G\u00e9rardmer","potentialAction":[{"@type":"SearchAction","target":{"@type":"EntryPoint","urlTemplate":"https:\/\/vosgesinfo.fr\/gerardmerinfo\/?s={search_term_string}"},"query-input":"required name=search_term_string"}],"inLanguage":"fr-FR"},{"@type":"Organization","@id":"https:\/\/vosgesinfo.fr\/gerardmerinfo\/#organization","name":"Gerardmer Info","url":"https:\/\/vosgesinfo.fr\/gerardmerinfo\/","logo":{"@type":"ImageObject","inLanguage":"fr-FR","@id":"https:\/\/vosgesinfo.fr\/gerardmerinfo\/#\/schema\/logo\/image\/","url":"https:\/\/vosgesinfo.fr\/app\/uploads\/sites\/6\/2023\/08\/favicon-gerardmerinfo.png","contentUrl":"https:\/\/vosgesinfo.fr\/app\/uploads\/sites\/6\/2023\/08\/favicon-gerardmerinfo.png","width":512,"height":512,"caption":"Gerardmer Info"},"image":{"@id":"https:\/\/vosgesinfo.fr\/gerardmerinfo\/#\/schema\/logo\/image\/"},"sameAs":["https:\/\/www.facebook.com\/profile.php?id=100049475262660","https:\/\/x.com\/VosgesInfo88","https:\/\/www.youtube.com\/@vosgesinfo"]},{"@type":"Person","@id":"https:\/\/vosgesinfo.fr\/gerardmerinfo\/#\/schema\/person\/db5605779a843dad16b5368f3e7613a5","name":"QG","image":{"@type":"ImageObject","inLanguage":"fr-FR","@id":"https:\/\/vosgesinfo.fr\/gerardmerinfo\/#\/schema\/person\/image\/","url":"https:\/\/secure.gravatar.com\/avatar\/ea80c42c204b534408512832fde52504ecabb9706bcb6151cf6175e5b64e6793?s=96&d=mm&r=g","contentUrl":"https:\/\/secure.gravatar.com\/avatar\/ea80c42c204b534408512832fde52504ecabb9706bcb6151cf6175e5b64e6793?s=96&d=mm&r=g","caption":"QG"},"url":"https:\/\/vosgesinfo.fr\/gerardmerinfo\/author\/quentin88\/"}]}},"_links":{"self":[{"href":"https:\/\/vosgesinfo.fr\/gerardmerinfo\/wp-json\/wp\/v2\/posts\/46424","targetHints":{"allow":["GET"]}}],"collection":[{"href":"https:\/\/vosgesinfo.fr\/gerardmerinfo\/wp-json\/wp\/v2\/posts"}],"about":[{"href":"https:\/\/vosgesinfo.fr\/gerardmerinfo\/wp-json\/wp\/v2\/types\/post"}],"author":[{"embeddable":true,"href":"https:\/\/vosgesinfo.fr\/gerardmerinfo\/wp-json\/wp\/v2\/users\/42"}],"replies":[{"embeddable":true,"href":"https:\/\/vosgesinfo.fr\/gerardmerinfo\/wp-json\/wp\/v2\/comments?post=46424"}],"version-history":[{"count":0,"href":"https:\/\/vosgesinfo.fr\/gerardmerinfo\/wp-json\/wp\/v2\/posts\/46424\/revisions"}],"wp:featuredmedia":[{"embeddable":true,"href":"https:\/\/vosgesinfo.fr\/gerardmerinfo\/wp-json\/wp\/v2\/media\/46425"}],"wp:attachment":[{"href":"https:\/\/vosgesinfo.fr\/gerardmerinfo\/wp-json\/wp\/v2\/media?parent=46424"}],"wp:term":[{"taxonomy":"category","embeddable":true,"href":"https:\/\/vosgesinfo.fr\/gerardmerinfo\/wp-json\/wp\/v2\/categories?post=46424"},{"taxonomy":"post_tag","embeddable":true,"href":"https:\/\/vosgesinfo.fr\/gerardmerinfo\/wp-json\/wp\/v2\/tags?post=46424"}],"curies":[{"name":"wp","href":"https:\/\/api.w.org\/{rel}","templated":true}]}}