{"id":46460,"date":"2020-02-02T23:03:24","date_gmt":"2020-02-02T22:03:24","guid":{"rendered":"https:\/\/vosgesinfo.fr\/gerardmerinfo\/2020\/02\/volley-de-faux-n3\/"},"modified":"2020-02-02T23:03:24","modified_gmt":"2020-02-02T22:03:24","slug":"volley-de-faux-n3","status":"publish","type":"post","link":"https:\/\/vosgesinfo.fr\/gerardmerinfo\/2020\/02\/volley-de-faux-n3\/","title":{"rendered":"Volley : pas de faux pas pour la N3"},"content":{"rendered":"<p align=\"left\"><span style=\"color: #262626; font-size: 14pt;\"><span style=\"font-family: Times New Roman, serif;\">Victoire de l\u2019ASG 3-0<br \/>\n<\/span><\/span><\/p>\n<p align=\"left\"><span style=\"color: #262626; font-size: 14pt;\"><span style=\"font-family: Times New Roman, serif;\">Le score\u00a0: 25-21\/25-22\/25-23<br \/>\nLe six\u2009de d\u00e9part : Colin, Deiber, Dieudonn\u00e9, Helschger, Jacob, Mengel, lib\u00e9ro\u2009: Jan.<\/span><\/span><\/p>\n<p align=\"left\"><span style=\"color: #262626; font-size: 14pt;\"><span style=\"font-family: Times New Roman, serif;\">Entr\u00e9s en jeu\u2009: Remy, Jan L.<\/span><\/span><\/p>\n<p align=\"left\"><span style=\"color: #262626; font-size: 14pt;\"><span style=\"font-family: Times New Roman, serif;\"><br \/>\nApr\u00e8s la d\u00e9ception de la semaine pass\u00e9e marqu\u00e9 par une premi\u00e8re d\u00e9faite de la saison conc\u00e9d\u00e9e \u00e0 Besan\u00e7on, les seniors de l\u2019AS G\u00e9rardmer \u00e9taient attendus au tournant. Si tout n\u2019a pas \u00e9t\u00e9 parfait ce dimanche \u00e0 Pont-\u00e0-Mousson, la r\u00e9ponse est toutefois arriv\u00e9e de mani\u00e8re claire avec la victoire de l\u2019ASG 3 sets \u00e0 0. L\u2019entame de match \u00e9tait \u00e0 l\u2019avantage des Vosgiens avec un 8-4 qui ne laissait aucun doute sur les intentions g\u00e9r\u00f4moises. Mais les largesses de la bande \u00e0 Deiber donnaient l\u2019occasion aux locaux de recoller au score dans cette manche. En fin de set, G\u00e9rardmer se d\u00e9tachait une nouvelle fois pour l\u2019emporter finalement 25-21. Copier coller dans le deuxi\u00e8me opus avec cette fois une fin de set encore plus serr\u00e9e pour une victoire 25-22 sur un service de Lo\u00efc Jan rentr\u00e9 en jeu. Malgr\u00e9 les deux premi\u00e8res manches gagn\u00e9es, ce n\u2019\u00e9tait cependant pas l\u2019ASG dominatrice du d\u00e9but de saison que l\u2019on voyait sur le parquet et le troisi\u00e8me set allait se r\u00e9v\u00e9ler cors\u00e9 pour Dieudonn\u00e9 et ses co\u00e9quipiers. Les visiteurs \u00e9taient en effet men\u00e9s 21-15, mais les entr\u00e9es cumul\u00e9es de Jan et Remy, ainsi qu\u2019un passage au bloc de Deiber allait permettre un retour en fin de manche. Chaque rotation voyait G\u00e9rardmer grappiller son retard pour l\u2019emporter finalement 25-23 sur le fil\u2009! J\u00e9r\u00f4me Jan pouvait souffler, l\u2019ASG renoue avec la victoire, pour la mani\u00e8re, on verra plus tard\u2009! Le plus important \u00e9tait de se relancer et c&rsquo;est chose faite, la confiance avec laquelle \u00e9voluaient les G\u00e9r\u00f4mois ne demande qu&rsquo;\u00e0 revenir, nul doute que l&rsquo;encha\u00eenement des bons r\u00e9sultats aidera la chose \u00e0 se faire.<br \/>\nUn peu plus t\u00f4t dans le week-end, les deux \u00e9quipes de r\u00e9gionale avaient d\u00fb s&rsquo;incliner. Une d\u00e9faite 3-0 des masculins face \u00e0 Saverne, pr\u00e9tendant \u00e0 la mont\u00e9e dans l&rsquo;\u00e9lite du grand EST. O notera le retour aux affaires de Quentin Remy pour l&rsquo;occasion. Dommage pour cette \u00e9quipe compos\u00e9e exclusivement de jeunes \u00e0 qui il manque encore un peu de hargne pour s&rsquo;en sortir dans les moments chauds. C\u00f4t\u00e9 f\u00e9minin, d\u00e9faite sur le m\u00eame score contre une belle \u00e9quipe de Chaumont. Les progr\u00e8s de cette formation qui \u00e9volue sous la houlette de Matthieu Dieudonn\u00e9 sont palpables et le spectacle de samedi soir a ravi les spectateurs pr\u00e9sents. La semaine prochaine, place aux jeunes!<\/span><\/span><\/p>\n","protected":false},"excerpt":{"rendered":"<p>Victoire de l\u2019ASG 3-0 Le score\u00a0: 25-21\/25-22\/25-23 Le six\u2009de d\u00e9part : Colin, Deiber, Dieudonn\u00e9, Helschger, Jacob, Mengel, lib\u00e9ro\u2009: Jan. Entr\u00e9s [&hellip;]<\/p>\n","protected":false},"author":1,"featured_media":46461,"comment_status":"open","ping_status":"open","sticky":false,"template":"","format":"standard","meta":{"footnotes":""},"categories":[20,25,14],"tags":[119],"class_list":["post-46460","post","type-post","status-publish","format-standard","has-post-thumbnail","hentry","category-a-la-une","category-gerardmer","category-sport","tag-asg-volley"],"acf":[],"yoast_head":"<!-- This site is optimized with the Yoast SEO plugin v22.5 - https:\/\/yoast.com\/wordpress\/plugins\/seo\/ -->\n<title>Volley : pas de faux pas pour la N3 - Gerardmer Info<\/title>\n<meta name=\"robots\" content=\"index, follow, max-snippet:-1, max-image-preview:large, max-video-preview:-1\" \/>\n<link rel=\"canonical\" href=\"https:\/\/vosgesinfo.fr\/gerardmerinfo\/2020\/02\/volley-de-faux-n3\/\" \/>\n<meta name=\"twitter:card\" content=\"summary_large_image\" \/>\n<meta name=\"twitter:title\" content=\"Volley : pas de faux pas pour la N3 - Gerardmer Info\" \/>\n<meta name=\"twitter:description\" content=\"Victoire de l\u2019ASG 3-0 Le score\u00a0: 25-21\/25-22\/25-23 Le six\u2009de d\u00e9part : Colin, Deiber, Dieudonn\u00e9, Helschger, Jacob, Mengel, lib\u00e9ro\u2009: Jan. Entr\u00e9s [&hellip;]\" \/>\n<meta name=\"twitter:image\" content=\"https:\/\/vosgesinfo.fr\/app\/uploads\/sites\/6\/2024\/07\/201909asg-seniors-n3-2019-2020-7.jpg\" \/>\n<meta name=\"twitter:creator\" content=\"@VosgesInfo88\" \/>\n<meta name=\"twitter:site\" content=\"@VosgesInfo88\" \/>\n<meta name=\"twitter:label1\" content=\"\u00c9crit par\" \/>\n\t<meta name=\"twitter:data1\" content=\"qs_admin\" \/>\n\t<meta name=\"twitter:label2\" content=\"Dur\u00e9e de lecture estim\u00e9e\" \/>\n\t<meta name=\"twitter:data2\" content=\"2 minutes\" \/>\n<script type=\"application\/ld+json\" class=\"yoast-schema-graph\">{\"@context\":\"https:\/\/schema.org\",\"@graph\":[{\"@type\":\"Article\",\"@id\":\"https:\/\/vosgesinfo.fr\/gerardmerinfo\/2020\/02\/volley-de-faux-n3\/#article\",\"isPartOf\":{\"@id\":\"https:\/\/vosgesinfo.fr\/gerardmerinfo\/2020\/02\/volley-de-faux-n3\/\"},\"author\":{\"name\":\"qs_admin\",\"@id\":\"https:\/\/vosgesinfo.fr\/gerardmerinfo\/#\/schema\/person\/bc5d02d71e6932e81b6dadb7386667b1\"},\"headline\":\"Volley : pas de faux pas pour la N3\",\"datePublished\":\"2020-02-02T22:03:24+00:00\",\"dateModified\":\"2020-02-02T22:03:24+00:00\",\"mainEntityOfPage\":{\"@id\":\"https:\/\/vosgesinfo.fr\/gerardmerinfo\/2020\/02\/volley-de-faux-n3\/\"},\"wordCount\":475,\"commentCount\":0,\"publisher\":{\"@id\":\"https:\/\/vosgesinfo.fr\/gerardmerinfo\/#organization\"},\"image\":{\"@id\":\"https:\/\/vosgesinfo.fr\/gerardmerinfo\/2020\/02\/volley-de-faux-n3\/#primaryimage\"},\"thumbnailUrl\":\"https:\/\/vosgesinfo.fr\/app\/uploads\/sites\/6\/2024\/07\/201909asg-seniors-n3-2019-2020-7.jpg\",\"keywords\":[\"ASG volley\"],\"articleSection\":[\"A la une\",\"G\u00e9rardmer\",\"Sport\"],\"inLanguage\":\"fr-FR\",\"potentialAction\":[{\"@type\":\"CommentAction\",\"name\":\"Comment\",\"target\":[\"https:\/\/vosgesinfo.fr\/gerardmerinfo\/2020\/02\/volley-de-faux-n3\/#respond\"]}]},{\"@type\":\"WebPage\",\"@id\":\"https:\/\/vosgesinfo.fr\/gerardmerinfo\/2020\/02\/volley-de-faux-n3\/\",\"url\":\"https:\/\/vosgesinfo.fr\/gerardmerinfo\/2020\/02\/volley-de-faux-n3\/\",\"name\":\"Volley : pas de faux pas pour la N3 - Gerardmer Info\",\"isPartOf\":{\"@id\":\"https:\/\/vosgesinfo.fr\/gerardmerinfo\/#website\"},\"primaryImageOfPage\":{\"@id\":\"https:\/\/vosgesinfo.fr\/gerardmerinfo\/2020\/02\/volley-de-faux-n3\/#primaryimage\"},\"image\":{\"@id\":\"https:\/\/vosgesinfo.fr\/gerardmerinfo\/2020\/02\/volley-de-faux-n3\/#primaryimage\"},\"thumbnailUrl\":\"https:\/\/vosgesinfo.fr\/app\/uploads\/sites\/6\/2024\/07\/201909asg-seniors-n3-2019-2020-7.jpg\",\"datePublished\":\"2020-02-02T22:03:24+00:00\",\"dateModified\":\"2020-02-02T22:03:24+00:00\",\"breadcrumb\":{\"@id\":\"https:\/\/vosgesinfo.fr\/gerardmerinfo\/2020\/02\/volley-de-faux-n3\/#breadcrumb\"},\"inLanguage\":\"fr-FR\",\"potentialAction\":[{\"@type\":\"ReadAction\",\"target\":[\"https:\/\/vosgesinfo.fr\/gerardmerinfo\/2020\/02\/volley-de-faux-n3\/\"]}]},{\"@type\":\"ImageObject\",\"inLanguage\":\"fr-FR\",\"@id\":\"https:\/\/vosgesinfo.fr\/gerardmerinfo\/2020\/02\/volley-de-faux-n3\/#primaryimage\",\"url\":\"https:\/\/vosgesinfo.fr\/app\/uploads\/sites\/6\/2024\/07\/201909asg-seniors-n3-2019-2020-7.jpg\",\"contentUrl\":\"https:\/\/vosgesinfo.fr\/app\/uploads\/sites\/6\/2024\/07\/201909asg-seniors-n3-2019-2020-7.jpg\",\"width\":800,\"height\":600},{\"@type\":\"BreadcrumbList\",\"@id\":\"https:\/\/vosgesinfo.fr\/gerardmerinfo\/2020\/02\/volley-de-faux-n3\/#breadcrumb\",\"itemListElement\":[{\"@type\":\"ListItem\",\"position\":1,\"name\":\"Home\",\"item\":\"https:\/\/vosgesinfo.fr\/gerardmerinfo\/\"},{\"@type\":\"ListItem\",\"position\":2,\"name\":\"Volley : pas de faux pas pour la N3\"}]},{\"@type\":\"WebSite\",\"@id\":\"https:\/\/vosgesinfo.fr\/gerardmerinfo\/#website\",\"url\":\"https:\/\/vosgesinfo.fr\/gerardmerinfo\/\",\"name\":\"Gerardmer Info\",\"description\":\"Toute l&#039;actualit\u00e9 de G\u00e9rardmer\",\"publisher\":{\"@id\":\"https:\/\/vosgesinfo.fr\/gerardmerinfo\/#organization\"},\"alternateName\":\"Toute l'actualit\u00e9 de G\u00e9rardmer\",\"potentialAction\":[{\"@type\":\"SearchAction\",\"target\":{\"@type\":\"EntryPoint\",\"urlTemplate\":\"https:\/\/vosgesinfo.fr\/gerardmerinfo\/?s={search_term_string}\"},\"query-input\":\"required name=search_term_string\"}],\"inLanguage\":\"fr-FR\"},{\"@type\":\"Organization\",\"@id\":\"https:\/\/vosgesinfo.fr\/gerardmerinfo\/#organization\",\"name\":\"Gerardmer Info\",\"url\":\"https:\/\/vosgesinfo.fr\/gerardmerinfo\/\",\"logo\":{\"@type\":\"ImageObject\",\"inLanguage\":\"fr-FR\",\"@id\":\"https:\/\/vosgesinfo.fr\/gerardmerinfo\/#\/schema\/logo\/image\/\",\"url\":\"https:\/\/vosgesinfo.fr\/app\/uploads\/sites\/6\/2023\/08\/favicon-gerardmerinfo.png\",\"contentUrl\":\"https:\/\/vosgesinfo.fr\/app\/uploads\/sites\/6\/2023\/08\/favicon-gerardmerinfo.png\",\"width\":512,\"height\":512,\"caption\":\"Gerardmer Info\"},\"image\":{\"@id\":\"https:\/\/vosgesinfo.fr\/gerardmerinfo\/#\/schema\/logo\/image\/\"},\"sameAs\":[\"https:\/\/www.facebook.com\/profile.php?id=100049475262660\",\"https:\/\/x.com\/VosgesInfo88\",\"https:\/\/www.youtube.com\/@vosgesinfo\"]},{\"@type\":\"Person\",\"@id\":\"https:\/\/vosgesinfo.fr\/gerardmerinfo\/#\/schema\/person\/bc5d02d71e6932e81b6dadb7386667b1\",\"name\":\"qs_admin\",\"image\":{\"@type\":\"ImageObject\",\"inLanguage\":\"fr-FR\",\"@id\":\"https:\/\/vosgesinfo.fr\/gerardmerinfo\/#\/schema\/person\/image\/\",\"url\":\"https:\/\/secure.gravatar.com\/avatar\/94b18ee0ed79e4a42ea2f2931277b6841a8999fc6fde214600c78057cf1fe1de?s=96&d=mm&r=g\",\"contentUrl\":\"https:\/\/secure.gravatar.com\/avatar\/94b18ee0ed79e4a42ea2f2931277b6841a8999fc6fde214600c78057cf1fe1de?s=96&d=mm&r=g\",\"caption\":\"qs_admin\"},\"sameAs\":[\"https:\/\/vosgesinfo.fr\/wp\"],\"url\":\"https:\/\/vosgesinfo.fr\/gerardmerinfo\/author\/qs_admin\/\"}]}<\/script>\n<!-- \/ Yoast SEO plugin. -->","yoast_head_json":{"title":"Volley : pas de faux pas pour la N3 - Gerardmer Info","robots":{"index":"index","follow":"follow","max-snippet":"max-snippet:-1","max-image-preview":"max-image-preview:large","max-video-preview":"max-video-preview:-1"},"canonical":"https:\/\/vosgesinfo.fr\/gerardmerinfo\/2020\/02\/volley-de-faux-n3\/","twitter_card":"summary_large_image","twitter_title":"Volley : pas de faux pas pour la N3 - Gerardmer Info","twitter_description":"Victoire de l\u2019ASG 3-0 Le score\u00a0: 25-21\/25-22\/25-23 Le six\u2009de d\u00e9part : Colin, Deiber, Dieudonn\u00e9, Helschger, Jacob, Mengel, lib\u00e9ro\u2009: Jan. Entr\u00e9s [&hellip;]","twitter_image":"https:\/\/vosgesinfo.fr\/app\/uploads\/sites\/6\/2024\/07\/201909asg-seniors-n3-2019-2020-7.jpg","twitter_creator":"@VosgesInfo88","twitter_site":"@VosgesInfo88","twitter_misc":{"\u00c9crit par":"qs_admin","Dur\u00e9e de lecture estim\u00e9e":"2 minutes"},"schema":{"@context":"https:\/\/schema.org","@graph":[{"@type":"Article","@id":"https:\/\/vosgesinfo.fr\/gerardmerinfo\/2020\/02\/volley-de-faux-n3\/#article","isPartOf":{"@id":"https:\/\/vosgesinfo.fr\/gerardmerinfo\/2020\/02\/volley-de-faux-n3\/"},"author":{"name":"qs_admin","@id":"https:\/\/vosgesinfo.fr\/gerardmerinfo\/#\/schema\/person\/bc5d02d71e6932e81b6dadb7386667b1"},"headline":"Volley : pas de faux pas pour la N3","datePublished":"2020-02-02T22:03:24+00:00","dateModified":"2020-02-02T22:03:24+00:00","mainEntityOfPage":{"@id":"https:\/\/vosgesinfo.fr\/gerardmerinfo\/2020\/02\/volley-de-faux-n3\/"},"wordCount":475,"commentCount":0,"publisher":{"@id":"https:\/\/vosgesinfo.fr\/gerardmerinfo\/#organization"},"image":{"@id":"https:\/\/vosgesinfo.fr\/gerardmerinfo\/2020\/02\/volley-de-faux-n3\/#primaryimage"},"thumbnailUrl":"https:\/\/vosgesinfo.fr\/app\/uploads\/sites\/6\/2024\/07\/201909asg-seniors-n3-2019-2020-7.jpg","keywords":["ASG volley"],"articleSection":["A la une","G\u00e9rardmer","Sport"],"inLanguage":"fr-FR","potentialAction":[{"@type":"CommentAction","name":"Comment","target":["https:\/\/vosgesinfo.fr\/gerardmerinfo\/2020\/02\/volley-de-faux-n3\/#respond"]}]},{"@type":"WebPage","@id":"https:\/\/vosgesinfo.fr\/gerardmerinfo\/2020\/02\/volley-de-faux-n3\/","url":"https:\/\/vosgesinfo.fr\/gerardmerinfo\/2020\/02\/volley-de-faux-n3\/","name":"Volley : pas de faux pas pour la N3 - Gerardmer Info","isPartOf":{"@id":"https:\/\/vosgesinfo.fr\/gerardmerinfo\/#website"},"primaryImageOfPage":{"@id":"https:\/\/vosgesinfo.fr\/gerardmerinfo\/2020\/02\/volley-de-faux-n3\/#primaryimage"},"image":{"@id":"https:\/\/vosgesinfo.fr\/gerardmerinfo\/2020\/02\/volley-de-faux-n3\/#primaryimage"},"thumbnailUrl":"https:\/\/vosgesinfo.fr\/app\/uploads\/sites\/6\/2024\/07\/201909asg-seniors-n3-2019-2020-7.jpg","datePublished":"2020-02-02T22:03:24+00:00","dateModified":"2020-02-02T22:03:24+00:00","breadcrumb":{"@id":"https:\/\/vosgesinfo.fr\/gerardmerinfo\/2020\/02\/volley-de-faux-n3\/#breadcrumb"},"inLanguage":"fr-FR","potentialAction":[{"@type":"ReadAction","target":["https:\/\/vosgesinfo.fr\/gerardmerinfo\/2020\/02\/volley-de-faux-n3\/"]}]},{"@type":"ImageObject","inLanguage":"fr-FR","@id":"https:\/\/vosgesinfo.fr\/gerardmerinfo\/2020\/02\/volley-de-faux-n3\/#primaryimage","url":"https:\/\/vosgesinfo.fr\/app\/uploads\/sites\/6\/2024\/07\/201909asg-seniors-n3-2019-2020-7.jpg","contentUrl":"https:\/\/vosgesinfo.fr\/app\/uploads\/sites\/6\/2024\/07\/201909asg-seniors-n3-2019-2020-7.jpg","width":800,"height":600},{"@type":"BreadcrumbList","@id":"https:\/\/vosgesinfo.fr\/gerardmerinfo\/2020\/02\/volley-de-faux-n3\/#breadcrumb","itemListElement":[{"@type":"ListItem","position":1,"name":"Home","item":"https:\/\/vosgesinfo.fr\/gerardmerinfo\/"},{"@type":"ListItem","position":2,"name":"Volley : pas de faux pas pour la N3"}]},{"@type":"WebSite","@id":"https:\/\/vosgesinfo.fr\/gerardmerinfo\/#website","url":"https:\/\/vosgesinfo.fr\/gerardmerinfo\/","name":"Gerardmer Info","description":"Toute l&#039;actualit\u00e9 de G\u00e9rardmer","publisher":{"@id":"https:\/\/vosgesinfo.fr\/gerardmerinfo\/#organization"},"alternateName":"Toute l'actualit\u00e9 de G\u00e9rardmer","potentialAction":[{"@type":"SearchAction","target":{"@type":"EntryPoint","urlTemplate":"https:\/\/vosgesinfo.fr\/gerardmerinfo\/?s={search_term_string}"},"query-input":"required name=search_term_string"}],"inLanguage":"fr-FR"},{"@type":"Organization","@id":"https:\/\/vosgesinfo.fr\/gerardmerinfo\/#organization","name":"Gerardmer Info","url":"https:\/\/vosgesinfo.fr\/gerardmerinfo\/","logo":{"@type":"ImageObject","inLanguage":"fr-FR","@id":"https:\/\/vosgesinfo.fr\/gerardmerinfo\/#\/schema\/logo\/image\/","url":"https:\/\/vosgesinfo.fr\/app\/uploads\/sites\/6\/2023\/08\/favicon-gerardmerinfo.png","contentUrl":"https:\/\/vosgesinfo.fr\/app\/uploads\/sites\/6\/2023\/08\/favicon-gerardmerinfo.png","width":512,"height":512,"caption":"Gerardmer Info"},"image":{"@id":"https:\/\/vosgesinfo.fr\/gerardmerinfo\/#\/schema\/logo\/image\/"},"sameAs":["https:\/\/www.facebook.com\/profile.php?id=100049475262660","https:\/\/x.com\/VosgesInfo88","https:\/\/www.youtube.com\/@vosgesinfo"]},{"@type":"Person","@id":"https:\/\/vosgesinfo.fr\/gerardmerinfo\/#\/schema\/person\/bc5d02d71e6932e81b6dadb7386667b1","name":"qs_admin","image":{"@type":"ImageObject","inLanguage":"fr-FR","@id":"https:\/\/vosgesinfo.fr\/gerardmerinfo\/#\/schema\/person\/image\/","url":"https:\/\/secure.gravatar.com\/avatar\/94b18ee0ed79e4a42ea2f2931277b6841a8999fc6fde214600c78057cf1fe1de?s=96&d=mm&r=g","contentUrl":"https:\/\/secure.gravatar.com\/avatar\/94b18ee0ed79e4a42ea2f2931277b6841a8999fc6fde214600c78057cf1fe1de?s=96&d=mm&r=g","caption":"qs_admin"},"sameAs":["https:\/\/vosgesinfo.fr\/wp"],"url":"https:\/\/vosgesinfo.fr\/gerardmerinfo\/author\/qs_admin\/"}]}},"_links":{"self":[{"href":"https:\/\/vosgesinfo.fr\/gerardmerinfo\/wp-json\/wp\/v2\/posts\/46460","targetHints":{"allow":["GET"]}}],"collection":[{"href":"https:\/\/vosgesinfo.fr\/gerardmerinfo\/wp-json\/wp\/v2\/posts"}],"about":[{"href":"https:\/\/vosgesinfo.fr\/gerardmerinfo\/wp-json\/wp\/v2\/types\/post"}],"author":[{"embeddable":true,"href":"https:\/\/vosgesinfo.fr\/gerardmerinfo\/wp-json\/wp\/v2\/users\/1"}],"replies":[{"embeddable":true,"href":"https:\/\/vosgesinfo.fr\/gerardmerinfo\/wp-json\/wp\/v2\/comments?post=46460"}],"version-history":[{"count":0,"href":"https:\/\/vosgesinfo.fr\/gerardmerinfo\/wp-json\/wp\/v2\/posts\/46460\/revisions"}],"wp:featuredmedia":[{"embeddable":true,"href":"https:\/\/vosgesinfo.fr\/gerardmerinfo\/wp-json\/wp\/v2\/media\/46461"}],"wp:attachment":[{"href":"https:\/\/vosgesinfo.fr\/gerardmerinfo\/wp-json\/wp\/v2\/media?parent=46460"}],"wp:term":[{"taxonomy":"category","embeddable":true,"href":"https:\/\/vosgesinfo.fr\/gerardmerinfo\/wp-json\/wp\/v2\/categories?post=46460"},{"taxonomy":"post_tag","embeddable":true,"href":"https:\/\/vosgesinfo.fr\/gerardmerinfo\/wp-json\/wp\/v2\/tags?post=46460"}],"curies":[{"name":"wp","href":"https:\/\/api.w.org\/{rel}","templated":true}]}}