{"id":46491,"date":"2020-02-05T17:07:42","date_gmt":"2020-02-05T16:07:42","guid":{"rendered":"https:\/\/vosgesinfo.fr\/gerardmerinfo\/2020\/02\/lycee-de-gennes-sillustre-aux-46emes-olympiades-metiers\/"},"modified":"2020-02-05T17:07:42","modified_gmt":"2020-02-05T16:07:42","slug":"lycee-de-gennes-sillustre-aux-46emes-olympiades-metiers","status":"publish","type":"post","link":"https:\/\/vosgesinfo.fr\/gerardmerinfo\/2020\/02\/lycee-de-gennes-sillustre-aux-46emes-olympiades-metiers\/","title":{"rendered":"Le Lyc\u00e9e de Gennes s&rsquo;illustre aux 46\u00e8mes Olympiades des M\u00e9tiers"},"content":{"rendered":"<p align=\"justify\"><a href=\"\/2020\/02\/olympiades-metiers-lyc\u00e9e-de-Gennes-G\u00e9rardmer.jpg\"><img decoding=\"async\" class=\"aligncenter wp-image-159178 size-full\" src=\"\/2020\/02\/olympiades-metiers-lyc\u00e9e-de-Gennes-G\u00e9rardmer.jpg\" alt=\"olympiades metiers lyc\u00e9e de Gennes G\u00e9rardmer\" width=\"800\" height=\"600\" \/><\/a><\/p>\n<p align=\"justify\">Le vendredi 31 janvier et le samedi 1<sup>er<\/sup> f\u00e9vrier 2020 se sont d\u00e9roul\u00e9es les s\u00e9lections r\u00e9gionales Grand Est pour les 46\u00e8mes Olympiades des M\u00e9tiers en Maintenance des V\u00e9hicules Industriels au lyc\u00e9e Gustave Eiffel de Talange en Moselle. Les candidats \u00e9taient au nombre de 4 dans cette sp\u00e9cialit\u00e9. Une centaine de m\u00e9tiers sont en comp\u00e9tition dans l\u2019objectif d\u2019acc\u00e9der aux \u00e9preuves de s\u00e9lections nationales puis mondiales.<\/p>\n<p align=\"justify\">Notre candidat, Axel BERARD, \u00e9l\u00e8ve en Terminale BAC PRO Maintenance des V\u00e9hicules de Transport Routier au lyc\u00e9e Pierre-Gilles de Gennes de G\u00e9rardmer s\u2019est class\u00e9 3\u00e8me, derri\u00e8re 2 \u00e9l\u00e8ves en 2<sup>\u00e8me<\/sup> ann\u00e9e de BTS et \u00e0 tr\u00e8s peu de points pr\u00e8s. Ce r\u00e9sultat, \u00e9tant plus qu\u2019honorable, laisse pr\u00e9sager de son classement dans 2 ans, lorsqu\u2019il se repr\u00e9sentera \u00e0 nouveau aux s\u00e9lections avec l\u2019exp\u00e9rience en plus.<\/p>\n<p align=\"justify\">Encore f\u00e9licitations pour son engagement et sa performance.<\/p>\n<p align=\"justify\"><a name=\"_GoBack\"><\/a> Merci aux \u00e9tablissements Paul Kroely \u2013 Mercedes Benz poids lourds \u2013 qui ont mis \u00e0 disposition deux v\u00e9hicules et le mat\u00e9riel n\u00e9cessaire \u00e0 deux \u00e9preuves. Merci \u00e9galement au technicien de la marque, Julien PIERRAT, originaire de la r\u00e9gion et qui a suivi sa formation au lyc\u00e9e de G\u00e9rardmer il y a une dizaine d\u2019ann\u00e9es.<\/p>\n<p align=\"justify\">Christophe HENRY-DELATRE, Enseignant en Maintenance des V\u00e9hicules de Transport Routier<\/p>\n","protected":false},"excerpt":{"rendered":"<p>Le vendredi 31 janvier et le samedi 1er f\u00e9vrier 2020 se sont d\u00e9roul\u00e9es les s\u00e9lections r\u00e9gionales Grand Est pour les [&hellip;]<\/p>\n","protected":false},"author":1,"featured_media":46492,"comment_status":"open","ping_status":"open","sticky":false,"template":"","format":"standard","meta":{"footnotes":""},"categories":[20,25],"tags":[544],"class_list":["post-46491","post","type-post","status-publish","format-standard","has-post-thumbnail","hentry","category-a-la-une","category-gerardmer","tag-lycee-pierre-gilles-de-gennes"],"acf":[],"yoast_head":"<!-- This site is optimized with the Yoast SEO plugin v22.5 - https:\/\/yoast.com\/wordpress\/plugins\/seo\/ -->\n<title>Le Lyc\u00e9e de Gennes s&#039;illustre aux 46\u00e8mes Olympiades des M\u00e9tiers - Gerardmer Info<\/title>\n<meta name=\"robots\" content=\"index, follow, max-snippet:-1, max-image-preview:large, max-video-preview:-1\" \/>\n<link rel=\"canonical\" href=\"https:\/\/vosgesinfo.fr\/gerardmerinfo\/2020\/02\/lycee-de-gennes-sillustre-aux-46emes-olympiades-metiers\/\" \/>\n<meta name=\"twitter:card\" content=\"summary_large_image\" \/>\n<meta name=\"twitter:title\" content=\"Le Lyc\u00e9e de Gennes s&#039;illustre aux 46\u00e8mes Olympiades des M\u00e9tiers - Gerardmer Info\" \/>\n<meta name=\"twitter:description\" content=\"Le vendredi 31 janvier et le samedi 1er f\u00e9vrier 2020 se sont d\u00e9roul\u00e9es les s\u00e9lections r\u00e9gionales Grand Est pour les [&hellip;]\" \/>\n<meta name=\"twitter:image\" content=\"https:\/\/vosgesinfo.fr\/app\/uploads\/sites\/6\/2024\/07\/202002olympiades-metiers-lycee-de-gennes-gerardmer.jpg\" \/>\n<meta name=\"twitter:creator\" content=\"@VosgesInfo88\" \/>\n<meta name=\"twitter:site\" content=\"@VosgesInfo88\" \/>\n<meta name=\"twitter:label1\" content=\"\u00c9crit par\" \/>\n\t<meta name=\"twitter:data1\" content=\"qs_admin\" \/>\n\t<meta name=\"twitter:label2\" content=\"Dur\u00e9e de lecture estim\u00e9e\" \/>\n\t<meta name=\"twitter:data2\" content=\"1 minute\" \/>\n<script type=\"application\/ld+json\" class=\"yoast-schema-graph\">{\"@context\":\"https:\/\/schema.org\",\"@graph\":[{\"@type\":\"Article\",\"@id\":\"https:\/\/vosgesinfo.fr\/gerardmerinfo\/2020\/02\/lycee-de-gennes-sillustre-aux-46emes-olympiades-metiers\/#article\",\"isPartOf\":{\"@id\":\"https:\/\/vosgesinfo.fr\/gerardmerinfo\/2020\/02\/lycee-de-gennes-sillustre-aux-46emes-olympiades-metiers\/\"},\"author\":{\"name\":\"qs_admin\",\"@id\":\"https:\/\/vosgesinfo.fr\/gerardmerinfo\/#\/schema\/person\/bc5d02d71e6932e81b6dadb7386667b1\"},\"headline\":\"Le Lyc\u00e9e de Gennes s&rsquo;illustre aux 46\u00e8mes Olympiades des M\u00e9tiers\",\"datePublished\":\"2020-02-05T16:07:42+00:00\",\"dateModified\":\"2020-02-05T16:07:42+00:00\",\"mainEntityOfPage\":{\"@id\":\"https:\/\/vosgesinfo.fr\/gerardmerinfo\/2020\/02\/lycee-de-gennes-sillustre-aux-46emes-olympiades-metiers\/\"},\"wordCount\":245,\"commentCount\":0,\"publisher\":{\"@id\":\"https:\/\/vosgesinfo.fr\/gerardmerinfo\/#organization\"},\"image\":{\"@id\":\"https:\/\/vosgesinfo.fr\/gerardmerinfo\/2020\/02\/lycee-de-gennes-sillustre-aux-46emes-olympiades-metiers\/#primaryimage\"},\"thumbnailUrl\":\"https:\/\/vosgesinfo.fr\/app\/uploads\/sites\/6\/2024\/07\/202002olympiades-metiers-lycee-de-gennes-gerardmer.jpg\",\"keywords\":[\"lyc\u00e9e pierre gilles de gennes\"],\"articleSection\":[\"A la une\",\"G\u00e9rardmer\"],\"inLanguage\":\"fr-FR\",\"potentialAction\":[{\"@type\":\"CommentAction\",\"name\":\"Comment\",\"target\":[\"https:\/\/vosgesinfo.fr\/gerardmerinfo\/2020\/02\/lycee-de-gennes-sillustre-aux-46emes-olympiades-metiers\/#respond\"]}]},{\"@type\":\"WebPage\",\"@id\":\"https:\/\/vosgesinfo.fr\/gerardmerinfo\/2020\/02\/lycee-de-gennes-sillustre-aux-46emes-olympiades-metiers\/\",\"url\":\"https:\/\/vosgesinfo.fr\/gerardmerinfo\/2020\/02\/lycee-de-gennes-sillustre-aux-46emes-olympiades-metiers\/\",\"name\":\"Le Lyc\u00e9e de Gennes s'illustre aux 46\u00e8mes Olympiades des M\u00e9tiers - Gerardmer Info\",\"isPartOf\":{\"@id\":\"https:\/\/vosgesinfo.fr\/gerardmerinfo\/#website\"},\"primaryImageOfPage\":{\"@id\":\"https:\/\/vosgesinfo.fr\/gerardmerinfo\/2020\/02\/lycee-de-gennes-sillustre-aux-46emes-olympiades-metiers\/#primaryimage\"},\"image\":{\"@id\":\"https:\/\/vosgesinfo.fr\/gerardmerinfo\/2020\/02\/lycee-de-gennes-sillustre-aux-46emes-olympiades-metiers\/#primaryimage\"},\"thumbnailUrl\":\"https:\/\/vosgesinfo.fr\/app\/uploads\/sites\/6\/2024\/07\/202002olympiades-metiers-lycee-de-gennes-gerardmer.jpg\",\"datePublished\":\"2020-02-05T16:07:42+00:00\",\"dateModified\":\"2020-02-05T16:07:42+00:00\",\"breadcrumb\":{\"@id\":\"https:\/\/vosgesinfo.fr\/gerardmerinfo\/2020\/02\/lycee-de-gennes-sillustre-aux-46emes-olympiades-metiers\/#breadcrumb\"},\"inLanguage\":\"fr-FR\",\"potentialAction\":[{\"@type\":\"ReadAction\",\"target\":[\"https:\/\/vosgesinfo.fr\/gerardmerinfo\/2020\/02\/lycee-de-gennes-sillustre-aux-46emes-olympiades-metiers\/\"]}]},{\"@type\":\"ImageObject\",\"inLanguage\":\"fr-FR\",\"@id\":\"https:\/\/vosgesinfo.fr\/gerardmerinfo\/2020\/02\/lycee-de-gennes-sillustre-aux-46emes-olympiades-metiers\/#primaryimage\",\"url\":\"https:\/\/vosgesinfo.fr\/app\/uploads\/sites\/6\/2024\/07\/202002olympiades-metiers-lycee-de-gennes-gerardmer.jpg\",\"contentUrl\":\"https:\/\/vosgesinfo.fr\/app\/uploads\/sites\/6\/2024\/07\/202002olympiades-metiers-lycee-de-gennes-gerardmer.jpg\",\"width\":800,\"height\":600},{\"@type\":\"BreadcrumbList\",\"@id\":\"https:\/\/vosgesinfo.fr\/gerardmerinfo\/2020\/02\/lycee-de-gennes-sillustre-aux-46emes-olympiades-metiers\/#breadcrumb\",\"itemListElement\":[{\"@type\":\"ListItem\",\"position\":1,\"name\":\"Home\",\"item\":\"https:\/\/vosgesinfo.fr\/gerardmerinfo\/\"},{\"@type\":\"ListItem\",\"position\":2,\"name\":\"Le Lyc\u00e9e de Gennes s&rsquo;illustre aux 46\u00e8mes Olympiades des M\u00e9tiers\"}]},{\"@type\":\"WebSite\",\"@id\":\"https:\/\/vosgesinfo.fr\/gerardmerinfo\/#website\",\"url\":\"https:\/\/vosgesinfo.fr\/gerardmerinfo\/\",\"name\":\"Gerardmer Info\",\"description\":\"Toute l&#039;actualit\u00e9 de G\u00e9rardmer\",\"publisher\":{\"@id\":\"https:\/\/vosgesinfo.fr\/gerardmerinfo\/#organization\"},\"alternateName\":\"Toute l'actualit\u00e9 de G\u00e9rardmer\",\"potentialAction\":[{\"@type\":\"SearchAction\",\"target\":{\"@type\":\"EntryPoint\",\"urlTemplate\":\"https:\/\/vosgesinfo.fr\/gerardmerinfo\/?s={search_term_string}\"},\"query-input\":\"required name=search_term_string\"}],\"inLanguage\":\"fr-FR\"},{\"@type\":\"Organization\",\"@id\":\"https:\/\/vosgesinfo.fr\/gerardmerinfo\/#organization\",\"name\":\"Gerardmer Info\",\"url\":\"https:\/\/vosgesinfo.fr\/gerardmerinfo\/\",\"logo\":{\"@type\":\"ImageObject\",\"inLanguage\":\"fr-FR\",\"@id\":\"https:\/\/vosgesinfo.fr\/gerardmerinfo\/#\/schema\/logo\/image\/\",\"url\":\"https:\/\/vosgesinfo.fr\/app\/uploads\/sites\/6\/2023\/08\/favicon-gerardmerinfo.png\",\"contentUrl\":\"https:\/\/vosgesinfo.fr\/app\/uploads\/sites\/6\/2023\/08\/favicon-gerardmerinfo.png\",\"width\":512,\"height\":512,\"caption\":\"Gerardmer Info\"},\"image\":{\"@id\":\"https:\/\/vosgesinfo.fr\/gerardmerinfo\/#\/schema\/logo\/image\/\"},\"sameAs\":[\"https:\/\/www.facebook.com\/profile.php?id=100049475262660\",\"https:\/\/x.com\/VosgesInfo88\",\"https:\/\/www.youtube.com\/@vosgesinfo\"]},{\"@type\":\"Person\",\"@id\":\"https:\/\/vosgesinfo.fr\/gerardmerinfo\/#\/schema\/person\/bc5d02d71e6932e81b6dadb7386667b1\",\"name\":\"qs_admin\",\"image\":{\"@type\":\"ImageObject\",\"inLanguage\":\"fr-FR\",\"@id\":\"https:\/\/vosgesinfo.fr\/gerardmerinfo\/#\/schema\/person\/image\/\",\"url\":\"https:\/\/secure.gravatar.com\/avatar\/94b18ee0ed79e4a42ea2f2931277b6841a8999fc6fde214600c78057cf1fe1de?s=96&d=mm&r=g\",\"contentUrl\":\"https:\/\/secure.gravatar.com\/avatar\/94b18ee0ed79e4a42ea2f2931277b6841a8999fc6fde214600c78057cf1fe1de?s=96&d=mm&r=g\",\"caption\":\"qs_admin\"},\"sameAs\":[\"https:\/\/vosgesinfo.fr\/wp\"],\"url\":\"https:\/\/vosgesinfo.fr\/gerardmerinfo\/author\/qs_admin\/\"}]}<\/script>\n<!-- \/ Yoast SEO plugin. -->","yoast_head_json":{"title":"Le Lyc\u00e9e de Gennes s'illustre aux 46\u00e8mes Olympiades des M\u00e9tiers - Gerardmer Info","robots":{"index":"index","follow":"follow","max-snippet":"max-snippet:-1","max-image-preview":"max-image-preview:large","max-video-preview":"max-video-preview:-1"},"canonical":"https:\/\/vosgesinfo.fr\/gerardmerinfo\/2020\/02\/lycee-de-gennes-sillustre-aux-46emes-olympiades-metiers\/","twitter_card":"summary_large_image","twitter_title":"Le Lyc\u00e9e de Gennes s'illustre aux 46\u00e8mes Olympiades des M\u00e9tiers - Gerardmer Info","twitter_description":"Le vendredi 31 janvier et le samedi 1er f\u00e9vrier 2020 se sont d\u00e9roul\u00e9es les s\u00e9lections r\u00e9gionales Grand Est pour les [&hellip;]","twitter_image":"https:\/\/vosgesinfo.fr\/app\/uploads\/sites\/6\/2024\/07\/202002olympiades-metiers-lycee-de-gennes-gerardmer.jpg","twitter_creator":"@VosgesInfo88","twitter_site":"@VosgesInfo88","twitter_misc":{"\u00c9crit par":"qs_admin","Dur\u00e9e de lecture estim\u00e9e":"1 minute"},"schema":{"@context":"https:\/\/schema.org","@graph":[{"@type":"Article","@id":"https:\/\/vosgesinfo.fr\/gerardmerinfo\/2020\/02\/lycee-de-gennes-sillustre-aux-46emes-olympiades-metiers\/#article","isPartOf":{"@id":"https:\/\/vosgesinfo.fr\/gerardmerinfo\/2020\/02\/lycee-de-gennes-sillustre-aux-46emes-olympiades-metiers\/"},"author":{"name":"qs_admin","@id":"https:\/\/vosgesinfo.fr\/gerardmerinfo\/#\/schema\/person\/bc5d02d71e6932e81b6dadb7386667b1"},"headline":"Le Lyc\u00e9e de Gennes s&rsquo;illustre aux 46\u00e8mes Olympiades des M\u00e9tiers","datePublished":"2020-02-05T16:07:42+00:00","dateModified":"2020-02-05T16:07:42+00:00","mainEntityOfPage":{"@id":"https:\/\/vosgesinfo.fr\/gerardmerinfo\/2020\/02\/lycee-de-gennes-sillustre-aux-46emes-olympiades-metiers\/"},"wordCount":245,"commentCount":0,"publisher":{"@id":"https:\/\/vosgesinfo.fr\/gerardmerinfo\/#organization"},"image":{"@id":"https:\/\/vosgesinfo.fr\/gerardmerinfo\/2020\/02\/lycee-de-gennes-sillustre-aux-46emes-olympiades-metiers\/#primaryimage"},"thumbnailUrl":"https:\/\/vosgesinfo.fr\/app\/uploads\/sites\/6\/2024\/07\/202002olympiades-metiers-lycee-de-gennes-gerardmer.jpg","keywords":["lyc\u00e9e pierre gilles de gennes"],"articleSection":["A la une","G\u00e9rardmer"],"inLanguage":"fr-FR","potentialAction":[{"@type":"CommentAction","name":"Comment","target":["https:\/\/vosgesinfo.fr\/gerardmerinfo\/2020\/02\/lycee-de-gennes-sillustre-aux-46emes-olympiades-metiers\/#respond"]}]},{"@type":"WebPage","@id":"https:\/\/vosgesinfo.fr\/gerardmerinfo\/2020\/02\/lycee-de-gennes-sillustre-aux-46emes-olympiades-metiers\/","url":"https:\/\/vosgesinfo.fr\/gerardmerinfo\/2020\/02\/lycee-de-gennes-sillustre-aux-46emes-olympiades-metiers\/","name":"Le Lyc\u00e9e de Gennes s'illustre aux 46\u00e8mes Olympiades des M\u00e9tiers - Gerardmer Info","isPartOf":{"@id":"https:\/\/vosgesinfo.fr\/gerardmerinfo\/#website"},"primaryImageOfPage":{"@id":"https:\/\/vosgesinfo.fr\/gerardmerinfo\/2020\/02\/lycee-de-gennes-sillustre-aux-46emes-olympiades-metiers\/#primaryimage"},"image":{"@id":"https:\/\/vosgesinfo.fr\/gerardmerinfo\/2020\/02\/lycee-de-gennes-sillustre-aux-46emes-olympiades-metiers\/#primaryimage"},"thumbnailUrl":"https:\/\/vosgesinfo.fr\/app\/uploads\/sites\/6\/2024\/07\/202002olympiades-metiers-lycee-de-gennes-gerardmer.jpg","datePublished":"2020-02-05T16:07:42+00:00","dateModified":"2020-02-05T16:07:42+00:00","breadcrumb":{"@id":"https:\/\/vosgesinfo.fr\/gerardmerinfo\/2020\/02\/lycee-de-gennes-sillustre-aux-46emes-olympiades-metiers\/#breadcrumb"},"inLanguage":"fr-FR","potentialAction":[{"@type":"ReadAction","target":["https:\/\/vosgesinfo.fr\/gerardmerinfo\/2020\/02\/lycee-de-gennes-sillustre-aux-46emes-olympiades-metiers\/"]}]},{"@type":"ImageObject","inLanguage":"fr-FR","@id":"https:\/\/vosgesinfo.fr\/gerardmerinfo\/2020\/02\/lycee-de-gennes-sillustre-aux-46emes-olympiades-metiers\/#primaryimage","url":"https:\/\/vosgesinfo.fr\/app\/uploads\/sites\/6\/2024\/07\/202002olympiades-metiers-lycee-de-gennes-gerardmer.jpg","contentUrl":"https:\/\/vosgesinfo.fr\/app\/uploads\/sites\/6\/2024\/07\/202002olympiades-metiers-lycee-de-gennes-gerardmer.jpg","width":800,"height":600},{"@type":"BreadcrumbList","@id":"https:\/\/vosgesinfo.fr\/gerardmerinfo\/2020\/02\/lycee-de-gennes-sillustre-aux-46emes-olympiades-metiers\/#breadcrumb","itemListElement":[{"@type":"ListItem","position":1,"name":"Home","item":"https:\/\/vosgesinfo.fr\/gerardmerinfo\/"},{"@type":"ListItem","position":2,"name":"Le Lyc\u00e9e de Gennes s&rsquo;illustre aux 46\u00e8mes Olympiades des M\u00e9tiers"}]},{"@type":"WebSite","@id":"https:\/\/vosgesinfo.fr\/gerardmerinfo\/#website","url":"https:\/\/vosgesinfo.fr\/gerardmerinfo\/","name":"Gerardmer Info","description":"Toute l&#039;actualit\u00e9 de G\u00e9rardmer","publisher":{"@id":"https:\/\/vosgesinfo.fr\/gerardmerinfo\/#organization"},"alternateName":"Toute l'actualit\u00e9 de G\u00e9rardmer","potentialAction":[{"@type":"SearchAction","target":{"@type":"EntryPoint","urlTemplate":"https:\/\/vosgesinfo.fr\/gerardmerinfo\/?s={search_term_string}"},"query-input":"required name=search_term_string"}],"inLanguage":"fr-FR"},{"@type":"Organization","@id":"https:\/\/vosgesinfo.fr\/gerardmerinfo\/#organization","name":"Gerardmer Info","url":"https:\/\/vosgesinfo.fr\/gerardmerinfo\/","logo":{"@type":"ImageObject","inLanguage":"fr-FR","@id":"https:\/\/vosgesinfo.fr\/gerardmerinfo\/#\/schema\/logo\/image\/","url":"https:\/\/vosgesinfo.fr\/app\/uploads\/sites\/6\/2023\/08\/favicon-gerardmerinfo.png","contentUrl":"https:\/\/vosgesinfo.fr\/app\/uploads\/sites\/6\/2023\/08\/favicon-gerardmerinfo.png","width":512,"height":512,"caption":"Gerardmer Info"},"image":{"@id":"https:\/\/vosgesinfo.fr\/gerardmerinfo\/#\/schema\/logo\/image\/"},"sameAs":["https:\/\/www.facebook.com\/profile.php?id=100049475262660","https:\/\/x.com\/VosgesInfo88","https:\/\/www.youtube.com\/@vosgesinfo"]},{"@type":"Person","@id":"https:\/\/vosgesinfo.fr\/gerardmerinfo\/#\/schema\/person\/bc5d02d71e6932e81b6dadb7386667b1","name":"qs_admin","image":{"@type":"ImageObject","inLanguage":"fr-FR","@id":"https:\/\/vosgesinfo.fr\/gerardmerinfo\/#\/schema\/person\/image\/","url":"https:\/\/secure.gravatar.com\/avatar\/94b18ee0ed79e4a42ea2f2931277b6841a8999fc6fde214600c78057cf1fe1de?s=96&d=mm&r=g","contentUrl":"https:\/\/secure.gravatar.com\/avatar\/94b18ee0ed79e4a42ea2f2931277b6841a8999fc6fde214600c78057cf1fe1de?s=96&d=mm&r=g","caption":"qs_admin"},"sameAs":["https:\/\/vosgesinfo.fr\/wp"],"url":"https:\/\/vosgesinfo.fr\/gerardmerinfo\/author\/qs_admin\/"}]}},"_links":{"self":[{"href":"https:\/\/vosgesinfo.fr\/gerardmerinfo\/wp-json\/wp\/v2\/posts\/46491","targetHints":{"allow":["GET"]}}],"collection":[{"href":"https:\/\/vosgesinfo.fr\/gerardmerinfo\/wp-json\/wp\/v2\/posts"}],"about":[{"href":"https:\/\/vosgesinfo.fr\/gerardmerinfo\/wp-json\/wp\/v2\/types\/post"}],"author":[{"embeddable":true,"href":"https:\/\/vosgesinfo.fr\/gerardmerinfo\/wp-json\/wp\/v2\/users\/1"}],"replies":[{"embeddable":true,"href":"https:\/\/vosgesinfo.fr\/gerardmerinfo\/wp-json\/wp\/v2\/comments?post=46491"}],"version-history":[{"count":0,"href":"https:\/\/vosgesinfo.fr\/gerardmerinfo\/wp-json\/wp\/v2\/posts\/46491\/revisions"}],"wp:featuredmedia":[{"embeddable":true,"href":"https:\/\/vosgesinfo.fr\/gerardmerinfo\/wp-json\/wp\/v2\/media\/46492"}],"wp:attachment":[{"href":"https:\/\/vosgesinfo.fr\/gerardmerinfo\/wp-json\/wp\/v2\/media?parent=46491"}],"wp:term":[{"taxonomy":"category","embeddable":true,"href":"https:\/\/vosgesinfo.fr\/gerardmerinfo\/wp-json\/wp\/v2\/categories?post=46491"},{"taxonomy":"post_tag","embeddable":true,"href":"https:\/\/vosgesinfo.fr\/gerardmerinfo\/wp-json\/wp\/v2\/tags?post=46491"}],"curies":[{"name":"wp","href":"https:\/\/api.w.org\/{rel}","templated":true}]}}