{"id":46613,"date":"2020-02-26T17:02:15","date_gmt":"2020-02-26T16:02:15","guid":{"rendered":"https:\/\/vosgesinfo.fr\/gerardmerinfo\/2020\/02\/exposition-peinture-dillustration-olivier-claudon\/"},"modified":"2020-02-26T17:02:15","modified_gmt":"2020-02-26T16:02:15","slug":"exposition-peinture-dillustration-olivier-claudon","status":"publish","type":"post","link":"https:\/\/vosgesinfo.fr\/gerardmerinfo\/2020\/02\/exposition-peinture-dillustration-olivier-claudon\/","title":{"rendered":"Exposition &#8211; peinture &#038; d&rsquo;illustration avec Olivier Claudon"},"content":{"rendered":"<h3><a href=\"\/2020\/02\/Gorille.jpg\"><img decoding=\"async\" class=\"aligncenter size-full wp-image-159482\" src=\"\/2020\/02\/Gorille.jpg\" alt=\"Gorille\" width=\"800\" height=\"501\" \/><\/a><\/h3>\n<h3><\/h3>\n<h3>La Saison 2019&rsquo;20 de la galerie de la MCL continue avec une exposition de\u00a0<b><span style=\"font-size: large;\">peinture &amp; d&rsquo;illustration<\/span> <span style=\"color: #7c2a00;\">d\u2019<\/span><span style=\"color: #ad3e00;\">Olivier Claudon <\/span><span style=\"color: #7c2a00; font-size: large;\">du 28 f\u00e9vrier au 16 mars 2020.<\/span><\/b><\/h3>\n<div><\/div>\n<div><\/div>\n<div><\/div>\n<div>Vous \u00eates les bienvenus au\u00a0<b><span style=\"color: #7c2a00; font-size: large;\">vernissage<\/span><\/b>\u00a0qui aura lieu\u00a0le<b><span style=\"font-size: large;\"> <span style=\"color: #7c2a00;\">vendredi 28 f\u00e9vrier \u00e0 18h30<\/span><\/span><\/b>\u00a0en pr\u00e9sence de l\u2019artiste.<\/div>\n<div>Un moment id\u00e9al pour partager, \u00e9changer, questionner autour d\u2019un verre et d\u2019un buffet convivial (en entr\u00e9e libre, ouvert \u00e0 tous).<\/div>\n<div><\/div>\n<h4>Pr\u00e9sentation de l&rsquo;exposant :<\/h4>\n<div>\n<p><a href=\"\/2020\/02\/chamois.jpg\"><img decoding=\"async\" class=\"alignright size-medium wp-image-159481\" src=\"\/2020\/02\/chamois-253x255.jpg\" alt=\"chamois\" width=\"253\" height=\"255\" \/><\/a>Olivier Claudon est un artiste cam\u00e9l\u00e9on, inclassable. Accroch\u00e9 \u00e0 ses Hautes-Vosges, ses racines et ses valeurs, cet artiste peintre et illustrateur, form\u00e9 aux Arts Appliqu\u00e9s de la Martini\u00e8re de Lyon, il a install\u00e9 son atelier au pied de cette montagne qui l&rsquo;a vu na\u00eetre. Son univers et sa d\u00e9marche artistique se situent entre diversit\u00e9 et polyvalence. Une polyvalence qui lui permet depuis de nombreuses ann\u00e9es de jongler avec les outils, supports, formats, techniques et styles diff\u00e9rents. Toujours soucieux de l&rsquo;effet graphique, de la dimension narrative et \u00e9motionnelle de ses cr\u00e9ations, cet artiste \u00ab\u00a0ind\u00e9pendant\u00a0\u00bb peint dans le plus pur style de l&rsquo;\u00e9cole de Barbizon. Son trait fige le mouvement, sa peinture \u00e0 l&rsquo;acrylique cadre de fa\u00e7on cin\u00e9matographique et \u00e9pur\u00e9e des sujets d&rsquo;aujourd&rsquo;hui, de plus en plus animaliers.<\/p>\n<p>C&rsquo;est \u00e0 travers ses cr\u00e9ations animali\u00e8res que l&rsquo;on retrouve la patte de celui qui porte le titre \u00ab\u00a0d&rsquo;Ambassadeur Artistique de la Vache Vosgienne\u00a0\u00bb, vache dont il a fait sa muse. \u00a0\u00bb Chercher \u00e0 imiter la nature et non \u00e0 la promettre\u00a0\u00bb.<\/p>\n<\/div>\n<div><\/div>\n<div><\/div>\n<div>Pour plus d\u2019information, la page du site MCL concernant cette exposition et le site de l&rsquo;artiste :<\/div>\n<div><a href=\"http:\/\/mclgerardmer.fr\/agenda\/olivier-claudon\/\" target=\"_blank\" data-saferedirecturl=\"https:\/\/www.google.com\/url?q=http:\/\/mclgerardmer.fr\/agenda\/olivier-claudon\/&amp;source=gmail&amp;ust=1581504161715000&amp;usg=AFQjCNGL-o2OOxt91TUQsrhC51Eu85Fo6A\" rel=\"noopener\">http:\/\/mclgerardmer.fr\/agenda\/<wbr \/>olivier-claudon\/<\/a><\/div>\n<div><a href=\"https:\/\/www.olivierclaudon.com\/\" target=\"_blank\" data-saferedirecturl=\"https:\/\/www.google.com\/url?q=https:\/\/www.olivierclaudon.com\/&amp;source=gmail&amp;ust=1581504161715000&amp;usg=AFQjCNF9EcI7JD0ms9fYhA2hAKwHDqJMQA\" rel=\"noopener\">https:\/\/www.olivierclaudon.<wbr \/>com\/<\/a><\/div>\n<div><\/div>\n<div><\/div>\n<div>Vous pouvez retrouver l\u2019int\u00e9gralit\u00e9 de la programmation sur le site de la MCL \u00e0 la rubrique exposition \u00e0 cette adresse :<\/div>\n<div><a href=\"http:\/\/mclgerardmer.fr\/agenda\/categorie\/expos\/\" target=\"_blank\" data-saferedirecturl=\"https:\/\/www.google.com\/url?q=http:\/\/mclgerardmer.fr\/agenda\/categorie\/expos\/&amp;source=gmail&amp;ust=1581504161715000&amp;usg=AFQjCNElbh17FpKJsaYid9gmr58kIBiPLA\" rel=\"noopener\">http:\/\/mclgerardmer.fr\/agenda\/<wbr \/>categorie\/expos\/<\/a><\/div>\n<div>ou sur le programme papier disponible \u00e0 l\u2019accueil de la MCL de G\u00e9rardmer.<\/div>\n","protected":false},"excerpt":{"rendered":"<p>La Saison 2019&rsquo;20 de la galerie de la MCL continue avec une exposition de\u00a0peinture &amp; d&rsquo;illustration d\u2019Olivier Claudon du 28 [&hellip;]<\/p>\n","protected":false},"author":1,"featured_media":46614,"comment_status":"open","ping_status":"open","sticky":false,"template":"","format":"standard","meta":{"footnotes":""},"categories":[20,4,25],"tags":[103,4313],"class_list":["post-46613","post","type-post","status-publish","format-standard","has-post-thumbnail","hentry","category-a-la-une","category-culture","category-gerardmer","tag-mcl-gerardmer","tag-olivier-claudon"],"acf":[],"yoast_head":"<!-- This site is optimized with the Yoast SEO plugin v22.5 - https:\/\/yoast.com\/wordpress\/plugins\/seo\/ -->\n<title>Exposition - peinture &amp; d&#039;illustration avec Olivier Claudon - Gerardmer Info<\/title>\n<meta name=\"robots\" content=\"index, follow, max-snippet:-1, max-image-preview:large, max-video-preview:-1\" \/>\n<link rel=\"canonical\" href=\"https:\/\/vosgesinfo.fr\/gerardmerinfo\/2020\/02\/exposition-peinture-dillustration-olivier-claudon\/\" \/>\n<meta name=\"twitter:card\" content=\"summary_large_image\" \/>\n<meta name=\"twitter:title\" content=\"Exposition - peinture &amp; d&#039;illustration avec Olivier Claudon - Gerardmer Info\" \/>\n<meta name=\"twitter:description\" content=\"La Saison 2019&rsquo;20 de la galerie de la MCL continue avec une exposition de\u00a0peinture &amp; d&rsquo;illustration d\u2019Olivier Claudon du 28 [&hellip;]\" \/>\n<meta name=\"twitter:image\" content=\"https:\/\/vosgesinfo.fr\/app\/uploads\/sites\/6\/2024\/07\/202002gorille.jpg\" \/>\n<meta name=\"twitter:creator\" content=\"@VosgesInfo88\" \/>\n<meta name=\"twitter:site\" content=\"@VosgesInfo88\" \/>\n<meta name=\"twitter:label1\" content=\"\u00c9crit par\" \/>\n\t<meta name=\"twitter:data1\" content=\"qs_admin\" \/>\n\t<meta name=\"twitter:label2\" content=\"Dur\u00e9e de lecture estim\u00e9e\" \/>\n\t<meta name=\"twitter:data2\" content=\"2 minutes\" \/>\n<script type=\"application\/ld+json\" class=\"yoast-schema-graph\">{\"@context\":\"https:\/\/schema.org\",\"@graph\":[{\"@type\":\"Article\",\"@id\":\"https:\/\/vosgesinfo.fr\/gerardmerinfo\/2020\/02\/exposition-peinture-dillustration-olivier-claudon\/#article\",\"isPartOf\":{\"@id\":\"https:\/\/vosgesinfo.fr\/gerardmerinfo\/2020\/02\/exposition-peinture-dillustration-olivier-claudon\/\"},\"author\":{\"name\":\"qs_admin\",\"@id\":\"https:\/\/vosgesinfo.fr\/gerardmerinfo\/#\/schema\/person\/bc5d02d71e6932e81b6dadb7386667b1\"},\"headline\":\"Exposition &#8211; peinture &#038; d&rsquo;illustration avec Olivier Claudon\",\"datePublished\":\"2020-02-26T16:02:15+00:00\",\"dateModified\":\"2020-02-26T16:02:15+00:00\",\"mainEntityOfPage\":{\"@id\":\"https:\/\/vosgesinfo.fr\/gerardmerinfo\/2020\/02\/exposition-peinture-dillustration-olivier-claudon\/\"},\"wordCount\":333,\"commentCount\":0,\"publisher\":{\"@id\":\"https:\/\/vosgesinfo.fr\/gerardmerinfo\/#organization\"},\"image\":{\"@id\":\"https:\/\/vosgesinfo.fr\/gerardmerinfo\/2020\/02\/exposition-peinture-dillustration-olivier-claudon\/#primaryimage\"},\"thumbnailUrl\":\"https:\/\/vosgesinfo.fr\/app\/uploads\/sites\/6\/2024\/07\/202002gorille.jpg\",\"keywords\":[\"MCL G\u00e9rardmer\",\"Olivier Claudon\"],\"articleSection\":[\"A la une\",\"Culture\",\"G\u00e9rardmer\"],\"inLanguage\":\"fr-FR\",\"potentialAction\":[{\"@type\":\"CommentAction\",\"name\":\"Comment\",\"target\":[\"https:\/\/vosgesinfo.fr\/gerardmerinfo\/2020\/02\/exposition-peinture-dillustration-olivier-claudon\/#respond\"]}]},{\"@type\":\"WebPage\",\"@id\":\"https:\/\/vosgesinfo.fr\/gerardmerinfo\/2020\/02\/exposition-peinture-dillustration-olivier-claudon\/\",\"url\":\"https:\/\/vosgesinfo.fr\/gerardmerinfo\/2020\/02\/exposition-peinture-dillustration-olivier-claudon\/\",\"name\":\"Exposition - peinture & d'illustration avec Olivier Claudon - Gerardmer Info\",\"isPartOf\":{\"@id\":\"https:\/\/vosgesinfo.fr\/gerardmerinfo\/#website\"},\"primaryImageOfPage\":{\"@id\":\"https:\/\/vosgesinfo.fr\/gerardmerinfo\/2020\/02\/exposition-peinture-dillustration-olivier-claudon\/#primaryimage\"},\"image\":{\"@id\":\"https:\/\/vosgesinfo.fr\/gerardmerinfo\/2020\/02\/exposition-peinture-dillustration-olivier-claudon\/#primaryimage\"},\"thumbnailUrl\":\"https:\/\/vosgesinfo.fr\/app\/uploads\/sites\/6\/2024\/07\/202002gorille.jpg\",\"datePublished\":\"2020-02-26T16:02:15+00:00\",\"dateModified\":\"2020-02-26T16:02:15+00:00\",\"breadcrumb\":{\"@id\":\"https:\/\/vosgesinfo.fr\/gerardmerinfo\/2020\/02\/exposition-peinture-dillustration-olivier-claudon\/#breadcrumb\"},\"inLanguage\":\"fr-FR\",\"potentialAction\":[{\"@type\":\"ReadAction\",\"target\":[\"https:\/\/vosgesinfo.fr\/gerardmerinfo\/2020\/02\/exposition-peinture-dillustration-olivier-claudon\/\"]}]},{\"@type\":\"ImageObject\",\"inLanguage\":\"fr-FR\",\"@id\":\"https:\/\/vosgesinfo.fr\/gerardmerinfo\/2020\/02\/exposition-peinture-dillustration-olivier-claudon\/#primaryimage\",\"url\":\"https:\/\/vosgesinfo.fr\/app\/uploads\/sites\/6\/2024\/07\/202002gorille.jpg\",\"contentUrl\":\"https:\/\/vosgesinfo.fr\/app\/uploads\/sites\/6\/2024\/07\/202002gorille.jpg\",\"width\":800,\"height\":501},{\"@type\":\"BreadcrumbList\",\"@id\":\"https:\/\/vosgesinfo.fr\/gerardmerinfo\/2020\/02\/exposition-peinture-dillustration-olivier-claudon\/#breadcrumb\",\"itemListElement\":[{\"@type\":\"ListItem\",\"position\":1,\"name\":\"Home\",\"item\":\"https:\/\/vosgesinfo.fr\/gerardmerinfo\/\"},{\"@type\":\"ListItem\",\"position\":2,\"name\":\"Exposition &#8211; peinture &#038; d&rsquo;illustration avec Olivier Claudon\"}]},{\"@type\":\"WebSite\",\"@id\":\"https:\/\/vosgesinfo.fr\/gerardmerinfo\/#website\",\"url\":\"https:\/\/vosgesinfo.fr\/gerardmerinfo\/\",\"name\":\"Gerardmer Info\",\"description\":\"Toute l&#039;actualit\u00e9 de G\u00e9rardmer\",\"publisher\":{\"@id\":\"https:\/\/vosgesinfo.fr\/gerardmerinfo\/#organization\"},\"alternateName\":\"Toute l'actualit\u00e9 de G\u00e9rardmer\",\"potentialAction\":[{\"@type\":\"SearchAction\",\"target\":{\"@type\":\"EntryPoint\",\"urlTemplate\":\"https:\/\/vosgesinfo.fr\/gerardmerinfo\/?s={search_term_string}\"},\"query-input\":\"required name=search_term_string\"}],\"inLanguage\":\"fr-FR\"},{\"@type\":\"Organization\",\"@id\":\"https:\/\/vosgesinfo.fr\/gerardmerinfo\/#organization\",\"name\":\"Gerardmer Info\",\"url\":\"https:\/\/vosgesinfo.fr\/gerardmerinfo\/\",\"logo\":{\"@type\":\"ImageObject\",\"inLanguage\":\"fr-FR\",\"@id\":\"https:\/\/vosgesinfo.fr\/gerardmerinfo\/#\/schema\/logo\/image\/\",\"url\":\"https:\/\/vosgesinfo.fr\/app\/uploads\/sites\/6\/2023\/08\/favicon-gerardmerinfo.png\",\"contentUrl\":\"https:\/\/vosgesinfo.fr\/app\/uploads\/sites\/6\/2023\/08\/favicon-gerardmerinfo.png\",\"width\":512,\"height\":512,\"caption\":\"Gerardmer Info\"},\"image\":{\"@id\":\"https:\/\/vosgesinfo.fr\/gerardmerinfo\/#\/schema\/logo\/image\/\"},\"sameAs\":[\"https:\/\/www.facebook.com\/profile.php?id=100049475262660\",\"https:\/\/x.com\/VosgesInfo88\",\"https:\/\/www.youtube.com\/@vosgesinfo\"]},{\"@type\":\"Person\",\"@id\":\"https:\/\/vosgesinfo.fr\/gerardmerinfo\/#\/schema\/person\/bc5d02d71e6932e81b6dadb7386667b1\",\"name\":\"qs_admin\",\"image\":{\"@type\":\"ImageObject\",\"inLanguage\":\"fr-FR\",\"@id\":\"https:\/\/vosgesinfo.fr\/gerardmerinfo\/#\/schema\/person\/image\/\",\"url\":\"https:\/\/secure.gravatar.com\/avatar\/94b18ee0ed79e4a42ea2f2931277b6841a8999fc6fde214600c78057cf1fe1de?s=96&d=mm&r=g\",\"contentUrl\":\"https:\/\/secure.gravatar.com\/avatar\/94b18ee0ed79e4a42ea2f2931277b6841a8999fc6fde214600c78057cf1fe1de?s=96&d=mm&r=g\",\"caption\":\"qs_admin\"},\"sameAs\":[\"https:\/\/vosgesinfo.fr\/wp\"],\"url\":\"https:\/\/vosgesinfo.fr\/gerardmerinfo\/author\/qs_admin\/\"}]}<\/script>\n<!-- \/ Yoast SEO plugin. -->","yoast_head_json":{"title":"Exposition - peinture & d'illustration avec Olivier Claudon - Gerardmer Info","robots":{"index":"index","follow":"follow","max-snippet":"max-snippet:-1","max-image-preview":"max-image-preview:large","max-video-preview":"max-video-preview:-1"},"canonical":"https:\/\/vosgesinfo.fr\/gerardmerinfo\/2020\/02\/exposition-peinture-dillustration-olivier-claudon\/","twitter_card":"summary_large_image","twitter_title":"Exposition - peinture & d'illustration avec Olivier Claudon - Gerardmer Info","twitter_description":"La Saison 2019&rsquo;20 de la galerie de la MCL continue avec une exposition de\u00a0peinture &amp; d&rsquo;illustration d\u2019Olivier Claudon du 28 [&hellip;]","twitter_image":"https:\/\/vosgesinfo.fr\/app\/uploads\/sites\/6\/2024\/07\/202002gorille.jpg","twitter_creator":"@VosgesInfo88","twitter_site":"@VosgesInfo88","twitter_misc":{"\u00c9crit par":"qs_admin","Dur\u00e9e de lecture estim\u00e9e":"2 minutes"},"schema":{"@context":"https:\/\/schema.org","@graph":[{"@type":"Article","@id":"https:\/\/vosgesinfo.fr\/gerardmerinfo\/2020\/02\/exposition-peinture-dillustration-olivier-claudon\/#article","isPartOf":{"@id":"https:\/\/vosgesinfo.fr\/gerardmerinfo\/2020\/02\/exposition-peinture-dillustration-olivier-claudon\/"},"author":{"name":"qs_admin","@id":"https:\/\/vosgesinfo.fr\/gerardmerinfo\/#\/schema\/person\/bc5d02d71e6932e81b6dadb7386667b1"},"headline":"Exposition &#8211; peinture &#038; d&rsquo;illustration avec Olivier Claudon","datePublished":"2020-02-26T16:02:15+00:00","dateModified":"2020-02-26T16:02:15+00:00","mainEntityOfPage":{"@id":"https:\/\/vosgesinfo.fr\/gerardmerinfo\/2020\/02\/exposition-peinture-dillustration-olivier-claudon\/"},"wordCount":333,"commentCount":0,"publisher":{"@id":"https:\/\/vosgesinfo.fr\/gerardmerinfo\/#organization"},"image":{"@id":"https:\/\/vosgesinfo.fr\/gerardmerinfo\/2020\/02\/exposition-peinture-dillustration-olivier-claudon\/#primaryimage"},"thumbnailUrl":"https:\/\/vosgesinfo.fr\/app\/uploads\/sites\/6\/2024\/07\/202002gorille.jpg","keywords":["MCL G\u00e9rardmer","Olivier Claudon"],"articleSection":["A la une","Culture","G\u00e9rardmer"],"inLanguage":"fr-FR","potentialAction":[{"@type":"CommentAction","name":"Comment","target":["https:\/\/vosgesinfo.fr\/gerardmerinfo\/2020\/02\/exposition-peinture-dillustration-olivier-claudon\/#respond"]}]},{"@type":"WebPage","@id":"https:\/\/vosgesinfo.fr\/gerardmerinfo\/2020\/02\/exposition-peinture-dillustration-olivier-claudon\/","url":"https:\/\/vosgesinfo.fr\/gerardmerinfo\/2020\/02\/exposition-peinture-dillustration-olivier-claudon\/","name":"Exposition - peinture & d'illustration avec Olivier Claudon - Gerardmer Info","isPartOf":{"@id":"https:\/\/vosgesinfo.fr\/gerardmerinfo\/#website"},"primaryImageOfPage":{"@id":"https:\/\/vosgesinfo.fr\/gerardmerinfo\/2020\/02\/exposition-peinture-dillustration-olivier-claudon\/#primaryimage"},"image":{"@id":"https:\/\/vosgesinfo.fr\/gerardmerinfo\/2020\/02\/exposition-peinture-dillustration-olivier-claudon\/#primaryimage"},"thumbnailUrl":"https:\/\/vosgesinfo.fr\/app\/uploads\/sites\/6\/2024\/07\/202002gorille.jpg","datePublished":"2020-02-26T16:02:15+00:00","dateModified":"2020-02-26T16:02:15+00:00","breadcrumb":{"@id":"https:\/\/vosgesinfo.fr\/gerardmerinfo\/2020\/02\/exposition-peinture-dillustration-olivier-claudon\/#breadcrumb"},"inLanguage":"fr-FR","potentialAction":[{"@type":"ReadAction","target":["https:\/\/vosgesinfo.fr\/gerardmerinfo\/2020\/02\/exposition-peinture-dillustration-olivier-claudon\/"]}]},{"@type":"ImageObject","inLanguage":"fr-FR","@id":"https:\/\/vosgesinfo.fr\/gerardmerinfo\/2020\/02\/exposition-peinture-dillustration-olivier-claudon\/#primaryimage","url":"https:\/\/vosgesinfo.fr\/app\/uploads\/sites\/6\/2024\/07\/202002gorille.jpg","contentUrl":"https:\/\/vosgesinfo.fr\/app\/uploads\/sites\/6\/2024\/07\/202002gorille.jpg","width":800,"height":501},{"@type":"BreadcrumbList","@id":"https:\/\/vosgesinfo.fr\/gerardmerinfo\/2020\/02\/exposition-peinture-dillustration-olivier-claudon\/#breadcrumb","itemListElement":[{"@type":"ListItem","position":1,"name":"Home","item":"https:\/\/vosgesinfo.fr\/gerardmerinfo\/"},{"@type":"ListItem","position":2,"name":"Exposition &#8211; peinture &#038; d&rsquo;illustration avec Olivier Claudon"}]},{"@type":"WebSite","@id":"https:\/\/vosgesinfo.fr\/gerardmerinfo\/#website","url":"https:\/\/vosgesinfo.fr\/gerardmerinfo\/","name":"Gerardmer Info","description":"Toute l&#039;actualit\u00e9 de G\u00e9rardmer","publisher":{"@id":"https:\/\/vosgesinfo.fr\/gerardmerinfo\/#organization"},"alternateName":"Toute l'actualit\u00e9 de G\u00e9rardmer","potentialAction":[{"@type":"SearchAction","target":{"@type":"EntryPoint","urlTemplate":"https:\/\/vosgesinfo.fr\/gerardmerinfo\/?s={search_term_string}"},"query-input":"required name=search_term_string"}],"inLanguage":"fr-FR"},{"@type":"Organization","@id":"https:\/\/vosgesinfo.fr\/gerardmerinfo\/#organization","name":"Gerardmer Info","url":"https:\/\/vosgesinfo.fr\/gerardmerinfo\/","logo":{"@type":"ImageObject","inLanguage":"fr-FR","@id":"https:\/\/vosgesinfo.fr\/gerardmerinfo\/#\/schema\/logo\/image\/","url":"https:\/\/vosgesinfo.fr\/app\/uploads\/sites\/6\/2023\/08\/favicon-gerardmerinfo.png","contentUrl":"https:\/\/vosgesinfo.fr\/app\/uploads\/sites\/6\/2023\/08\/favicon-gerardmerinfo.png","width":512,"height":512,"caption":"Gerardmer Info"},"image":{"@id":"https:\/\/vosgesinfo.fr\/gerardmerinfo\/#\/schema\/logo\/image\/"},"sameAs":["https:\/\/www.facebook.com\/profile.php?id=100049475262660","https:\/\/x.com\/VosgesInfo88","https:\/\/www.youtube.com\/@vosgesinfo"]},{"@type":"Person","@id":"https:\/\/vosgesinfo.fr\/gerardmerinfo\/#\/schema\/person\/bc5d02d71e6932e81b6dadb7386667b1","name":"qs_admin","image":{"@type":"ImageObject","inLanguage":"fr-FR","@id":"https:\/\/vosgesinfo.fr\/gerardmerinfo\/#\/schema\/person\/image\/","url":"https:\/\/secure.gravatar.com\/avatar\/94b18ee0ed79e4a42ea2f2931277b6841a8999fc6fde214600c78057cf1fe1de?s=96&d=mm&r=g","contentUrl":"https:\/\/secure.gravatar.com\/avatar\/94b18ee0ed79e4a42ea2f2931277b6841a8999fc6fde214600c78057cf1fe1de?s=96&d=mm&r=g","caption":"qs_admin"},"sameAs":["https:\/\/vosgesinfo.fr\/wp"],"url":"https:\/\/vosgesinfo.fr\/gerardmerinfo\/author\/qs_admin\/"}]}},"_links":{"self":[{"href":"https:\/\/vosgesinfo.fr\/gerardmerinfo\/wp-json\/wp\/v2\/posts\/46613","targetHints":{"allow":["GET"]}}],"collection":[{"href":"https:\/\/vosgesinfo.fr\/gerardmerinfo\/wp-json\/wp\/v2\/posts"}],"about":[{"href":"https:\/\/vosgesinfo.fr\/gerardmerinfo\/wp-json\/wp\/v2\/types\/post"}],"author":[{"embeddable":true,"href":"https:\/\/vosgesinfo.fr\/gerardmerinfo\/wp-json\/wp\/v2\/users\/1"}],"replies":[{"embeddable":true,"href":"https:\/\/vosgesinfo.fr\/gerardmerinfo\/wp-json\/wp\/v2\/comments?post=46613"}],"version-history":[{"count":0,"href":"https:\/\/vosgesinfo.fr\/gerardmerinfo\/wp-json\/wp\/v2\/posts\/46613\/revisions"}],"wp:featuredmedia":[{"embeddable":true,"href":"https:\/\/vosgesinfo.fr\/gerardmerinfo\/wp-json\/wp\/v2\/media\/46614"}],"wp:attachment":[{"href":"https:\/\/vosgesinfo.fr\/gerardmerinfo\/wp-json\/wp\/v2\/media?parent=46613"}],"wp:term":[{"taxonomy":"category","embeddable":true,"href":"https:\/\/vosgesinfo.fr\/gerardmerinfo\/wp-json\/wp\/v2\/categories?post=46613"},{"taxonomy":"post_tag","embeddable":true,"href":"https:\/\/vosgesinfo.fr\/gerardmerinfo\/wp-json\/wp\/v2\/tags?post=46613"}],"curies":[{"name":"wp","href":"https:\/\/api.w.org\/{rel}","templated":true}]}}