{"id":46658,"date":"2020-02-14T16:15:50","date_gmt":"2020-02-14T15:15:50","guid":{"rendered":"https:\/\/vosgesinfo.fr\/gerardmerinfo\/2020\/02\/marleau-bien-capitaine-dayan\/"},"modified":"2020-02-14T16:15:50","modified_gmt":"2020-02-14T15:15:50","slug":"marleau-bien-capitaine-dayan","status":"publish","type":"post","link":"https:\/\/vosgesinfo.fr\/gerardmerinfo\/2020\/02\/marleau-bien-capitaine-dayan\/","title":{"rendered":"Marleau &#8211; Bien mon capitaine Dayan"},"content":{"rendered":"\n<p>La magie de la communication permet parfois le don d\u2019ubiquit\u00e9. Ce fut le cas avec la r\u00e9alisatrice de la s\u00e9rie Capitaine Marleau, Jos\u00e9e Dayan,\u00a0 ce vendredi midi dans l&rsquo;\u00e9mission enregistr\u00e9e de St\u00e9phane Bern sur RTL alors qu&rsquo;elle r\u00e9pondait \u00e9galement aux m\u00e9dias d\u00e9partementaux. L\u2019\u00e9quipe est en plein tournage, \u00e0 G\u00e9rardmer et ses environs, mais surtout \u00e0 la Base Nautique transform\u00e9e pour la circonstance en gendarmerie nationale. \u00a0\u00bb V<em>os papiers s&rsquo;il vous plait<\/em>\u00ab\u00a0. L&rsquo;endroit est parfaitement gard\u00e9, difficile d&rsquo;approche, le plateau de filmage et les acteurs, Corinne Masiero en t\u00eate fuient tout ce qui est photos, presse et proximit\u00e9 avec des inconnus. Mais qu&rsquo;importe\u00a0 le flacon pourvu qu&rsquo;on ai l&rsquo;ivresse d&rsquo;un \u00e9v\u00e9nement, avec la pr\u00e9sence de Christophe Lambert, Sylvie Testud et surtout de Jos\u00e9e Dayan qui se laisse volontiers interviewer. Alors forc\u00e9ment, l\u2019h\u00e9ro\u00efne pr\u00e9f\u00e9r\u00e9e des fran\u00e7ais, c&rsquo;est \u00e0 dire Corinne Masiero revient inexorablement dans la conversation. \u00a0\u00bb E<em>n ayant cr\u00e9\u00e9 le personnage de Marleau, je suis devenue une formatrice. Certes, je dirige Corinne, mais attention \u00e0 l&rsquo;instar de Frankenstein, elle peut me tuer d&rsquo;un seul coup<\/em>\u00ab\u00a0. Comprendra qui voudra, les dr\u00f4les de dames ne sont visiblement pas toujours d&rsquo;accord sur la mani\u00e8re. Ainsi rien d&rsquo;\u00e9tonnant de retrouver le r\u00f4le principal de la s\u00e9rie aujourd\u2019hui accompagn\u00e9 dans chaque \u00e9pisode d&rsquo;une guest star. \u00a0\u00bb L<em>&lsquo;arriv\u00e9e d&rsquo;acteurs comme Christophe Lambert est un plus pour Corinne,\u00a0 pour le public, mais aussi pour tous les com\u00e9diens qui se produiront sur le plateau<\/em>\u00a0\u00bb poursuit Jos\u00e9e Dayan \u00ab\u00a0<em>j&rsquo;ai \u00e9t\u00e9 la premi\u00e8re \u00e0 mettre en sc\u00e8ne des acteurs \u00e0 la t\u00e9l\u00e9vision. Aujourd&rsquo;hui beaucoup l&rsquo;ont admis pourtant sur fond de complexe par rapport au cin\u00e9ma. C&rsquo;est typiquement fran\u00e7ais\u00a0\u00bb.<br \/>\n<\/em><\/p>\n<p>A la question avez vous \u00e9t\u00e9 g\u00ean\u00e9e par les conditions m\u00e9t\u00e9o depuis le d\u00e9but du tournage. \u00a0\u00bb <em>non pas du tout, on a eu la neige que l&rsquo;on souhaitait d\u00e8s les premiers jours\u00a0\u00bb<\/em><\/p>\n<p>Quant \u00e0 G\u00e9rardmer, c&rsquo;est elle qui a choisi le lieu sachant qu&rsquo;un \u00e9pisode devait \u00eatre tourn\u00e9 dans les Vosges. Elle aime l&rsquo;endroit, la lumi\u00e8re, le lac m\u00eame si elle pr\u00e9f\u00e9re de loin les villes telles que New York, Naples ou encore Paris. La capitale que l\u2019\u00e9quipe rejoindra dans une semaine pour la fin du tournage en patinoire. Rien d&rsquo;\u00e9tonnant L\u2019opus vosgien, projet\u00e9 dans les mois \u00e0 venir\u00a0 s\u2019intitule \u00ab\u00a0La reine des glaces\u00a0\u00bb. Alors !<\/p>\n","protected":false},"excerpt":{"rendered":"<p>La magie de la communication permet parfois le don d\u2019ubiquit\u00e9. Ce fut le cas avec la r\u00e9alisatrice de la s\u00e9rie [&hellip;]<\/p>\n","protected":false},"author":1,"featured_media":46659,"comment_status":"open","ping_status":"open","sticky":false,"template":"","format":"standard","meta":{"footnotes":""},"categories":[20,39,18],"tags":[],"class_list":["post-46658","post","type-post","status-publish","format-standard","has-post-thumbnail","hentry","category-a-la-une","category-cinema","category-vosges"],"acf":[],"yoast_head":"<!-- This site is optimized with the Yoast SEO plugin v22.5 - https:\/\/yoast.com\/wordpress\/plugins\/seo\/ -->\n<title>Marleau - Bien mon capitaine Dayan - Gerardmer Info<\/title>\n<meta name=\"robots\" content=\"index, follow, max-snippet:-1, max-image-preview:large, max-video-preview:-1\" \/>\n<link rel=\"canonical\" href=\"https:\/\/vosgesinfo.fr\/gerardmerinfo\/2020\/02\/marleau-bien-capitaine-dayan\/\" \/>\n<meta name=\"twitter:card\" content=\"summary_large_image\" \/>\n<meta name=\"twitter:title\" content=\"Marleau - Bien mon capitaine Dayan - Gerardmer Info\" \/>\n<meta name=\"twitter:description\" content=\"La magie de la communication permet parfois le don d\u2019ubiquit\u00e9. Ce fut le cas avec la r\u00e9alisatrice de la s\u00e9rie [&hellip;]\" \/>\n<meta name=\"twitter:image\" content=\"https:\/\/vosgesinfo.fr\/app\/uploads\/sites\/6\/2024\/07\/202002p1140080.jpg\" \/>\n<meta name=\"twitter:creator\" content=\"@VosgesInfo88\" \/>\n<meta name=\"twitter:site\" content=\"@VosgesInfo88\" \/>\n<meta name=\"twitter:label1\" content=\"\u00c9crit par\" \/>\n\t<meta name=\"twitter:data1\" content=\"qs_admin\" \/>\n\t<meta name=\"twitter:label2\" content=\"Dur\u00e9e de lecture estim\u00e9e\" \/>\n\t<meta name=\"twitter:data2\" content=\"2 minutes\" \/>\n<script type=\"application\/ld+json\" class=\"yoast-schema-graph\">{\"@context\":\"https:\/\/schema.org\",\"@graph\":[{\"@type\":\"Article\",\"@id\":\"https:\/\/vosgesinfo.fr\/gerardmerinfo\/2020\/02\/marleau-bien-capitaine-dayan\/#article\",\"isPartOf\":{\"@id\":\"https:\/\/vosgesinfo.fr\/gerardmerinfo\/2020\/02\/marleau-bien-capitaine-dayan\/\"},\"author\":{\"name\":\"qs_admin\",\"@id\":\"https:\/\/vosgesinfo.fr\/gerardmerinfo\/#\/schema\/person\/bc5d02d71e6932e81b6dadb7386667b1\"},\"headline\":\"Marleau &#8211; Bien mon capitaine Dayan\",\"datePublished\":\"2020-02-14T15:15:50+00:00\",\"dateModified\":\"2020-02-14T15:15:50+00:00\",\"mainEntityOfPage\":{\"@id\":\"https:\/\/vosgesinfo.fr\/gerardmerinfo\/2020\/02\/marleau-bien-capitaine-dayan\/\"},\"wordCount\":455,\"commentCount\":0,\"publisher\":{\"@id\":\"https:\/\/vosgesinfo.fr\/gerardmerinfo\/#organization\"},\"image\":{\"@id\":\"https:\/\/vosgesinfo.fr\/gerardmerinfo\/2020\/02\/marleau-bien-capitaine-dayan\/#primaryimage\"},\"thumbnailUrl\":\"https:\/\/vosgesinfo.fr\/app\/uploads\/sites\/6\/2024\/07\/202002p1140080.jpg\",\"articleSection\":[\"A la une\",\"cin\u00e9ma\",\"Vosges\"],\"inLanguage\":\"fr-FR\",\"potentialAction\":[{\"@type\":\"CommentAction\",\"name\":\"Comment\",\"target\":[\"https:\/\/vosgesinfo.fr\/gerardmerinfo\/2020\/02\/marleau-bien-capitaine-dayan\/#respond\"]}]},{\"@type\":\"WebPage\",\"@id\":\"https:\/\/vosgesinfo.fr\/gerardmerinfo\/2020\/02\/marleau-bien-capitaine-dayan\/\",\"url\":\"https:\/\/vosgesinfo.fr\/gerardmerinfo\/2020\/02\/marleau-bien-capitaine-dayan\/\",\"name\":\"Marleau - Bien mon capitaine Dayan - Gerardmer Info\",\"isPartOf\":{\"@id\":\"https:\/\/vosgesinfo.fr\/gerardmerinfo\/#website\"},\"primaryImageOfPage\":{\"@id\":\"https:\/\/vosgesinfo.fr\/gerardmerinfo\/2020\/02\/marleau-bien-capitaine-dayan\/#primaryimage\"},\"image\":{\"@id\":\"https:\/\/vosgesinfo.fr\/gerardmerinfo\/2020\/02\/marleau-bien-capitaine-dayan\/#primaryimage\"},\"thumbnailUrl\":\"https:\/\/vosgesinfo.fr\/app\/uploads\/sites\/6\/2024\/07\/202002p1140080.jpg\",\"datePublished\":\"2020-02-14T15:15:50+00:00\",\"dateModified\":\"2020-02-14T15:15:50+00:00\",\"breadcrumb\":{\"@id\":\"https:\/\/vosgesinfo.fr\/gerardmerinfo\/2020\/02\/marleau-bien-capitaine-dayan\/#breadcrumb\"},\"inLanguage\":\"fr-FR\",\"potentialAction\":[{\"@type\":\"ReadAction\",\"target\":[\"https:\/\/vosgesinfo.fr\/gerardmerinfo\/2020\/02\/marleau-bien-capitaine-dayan\/\"]}]},{\"@type\":\"ImageObject\",\"inLanguage\":\"fr-FR\",\"@id\":\"https:\/\/vosgesinfo.fr\/gerardmerinfo\/2020\/02\/marleau-bien-capitaine-dayan\/#primaryimage\",\"url\":\"https:\/\/vosgesinfo.fr\/app\/uploads\/sites\/6\/2024\/07\/202002p1140080.jpg\",\"contentUrl\":\"https:\/\/vosgesinfo.fr\/app\/uploads\/sites\/6\/2024\/07\/202002p1140080.jpg\",\"width\":800,\"height\":600},{\"@type\":\"BreadcrumbList\",\"@id\":\"https:\/\/vosgesinfo.fr\/gerardmerinfo\/2020\/02\/marleau-bien-capitaine-dayan\/#breadcrumb\",\"itemListElement\":[{\"@type\":\"ListItem\",\"position\":1,\"name\":\"Home\",\"item\":\"https:\/\/vosgesinfo.fr\/gerardmerinfo\/\"},{\"@type\":\"ListItem\",\"position\":2,\"name\":\"Marleau &#8211; Bien mon capitaine Dayan\"}]},{\"@type\":\"WebSite\",\"@id\":\"https:\/\/vosgesinfo.fr\/gerardmerinfo\/#website\",\"url\":\"https:\/\/vosgesinfo.fr\/gerardmerinfo\/\",\"name\":\"Gerardmer Info\",\"description\":\"Toute l&#039;actualit\u00e9 de G\u00e9rardmer\",\"publisher\":{\"@id\":\"https:\/\/vosgesinfo.fr\/gerardmerinfo\/#organization\"},\"alternateName\":\"Toute l'actualit\u00e9 de G\u00e9rardmer\",\"potentialAction\":[{\"@type\":\"SearchAction\",\"target\":{\"@type\":\"EntryPoint\",\"urlTemplate\":\"https:\/\/vosgesinfo.fr\/gerardmerinfo\/?s={search_term_string}\"},\"query-input\":\"required name=search_term_string\"}],\"inLanguage\":\"fr-FR\"},{\"@type\":\"Organization\",\"@id\":\"https:\/\/vosgesinfo.fr\/gerardmerinfo\/#organization\",\"name\":\"Gerardmer Info\",\"url\":\"https:\/\/vosgesinfo.fr\/gerardmerinfo\/\",\"logo\":{\"@type\":\"ImageObject\",\"inLanguage\":\"fr-FR\",\"@id\":\"https:\/\/vosgesinfo.fr\/gerardmerinfo\/#\/schema\/logo\/image\/\",\"url\":\"https:\/\/vosgesinfo.fr\/app\/uploads\/sites\/6\/2023\/08\/favicon-gerardmerinfo.png\",\"contentUrl\":\"https:\/\/vosgesinfo.fr\/app\/uploads\/sites\/6\/2023\/08\/favicon-gerardmerinfo.png\",\"width\":512,\"height\":512,\"caption\":\"Gerardmer Info\"},\"image\":{\"@id\":\"https:\/\/vosgesinfo.fr\/gerardmerinfo\/#\/schema\/logo\/image\/\"},\"sameAs\":[\"https:\/\/www.facebook.com\/profile.php?id=100049475262660\",\"https:\/\/x.com\/VosgesInfo88\",\"https:\/\/www.youtube.com\/@vosgesinfo\"]},{\"@type\":\"Person\",\"@id\":\"https:\/\/vosgesinfo.fr\/gerardmerinfo\/#\/schema\/person\/bc5d02d71e6932e81b6dadb7386667b1\",\"name\":\"qs_admin\",\"image\":{\"@type\":\"ImageObject\",\"inLanguage\":\"fr-FR\",\"@id\":\"https:\/\/vosgesinfo.fr\/gerardmerinfo\/#\/schema\/person\/image\/\",\"url\":\"https:\/\/secure.gravatar.com\/avatar\/94b18ee0ed79e4a42ea2f2931277b6841a8999fc6fde214600c78057cf1fe1de?s=96&d=mm&r=g\",\"contentUrl\":\"https:\/\/secure.gravatar.com\/avatar\/94b18ee0ed79e4a42ea2f2931277b6841a8999fc6fde214600c78057cf1fe1de?s=96&d=mm&r=g\",\"caption\":\"qs_admin\"},\"sameAs\":[\"https:\/\/vosgesinfo.fr\/wp\"],\"url\":\"https:\/\/vosgesinfo.fr\/gerardmerinfo\/author\/qs_admin\/\"}]}<\/script>\n<!-- \/ Yoast SEO plugin. -->","yoast_head_json":{"title":"Marleau - Bien mon capitaine Dayan - Gerardmer Info","robots":{"index":"index","follow":"follow","max-snippet":"max-snippet:-1","max-image-preview":"max-image-preview:large","max-video-preview":"max-video-preview:-1"},"canonical":"https:\/\/vosgesinfo.fr\/gerardmerinfo\/2020\/02\/marleau-bien-capitaine-dayan\/","twitter_card":"summary_large_image","twitter_title":"Marleau - Bien mon capitaine Dayan - Gerardmer Info","twitter_description":"La magie de la communication permet parfois le don d\u2019ubiquit\u00e9. Ce fut le cas avec la r\u00e9alisatrice de la s\u00e9rie [&hellip;]","twitter_image":"https:\/\/vosgesinfo.fr\/app\/uploads\/sites\/6\/2024\/07\/202002p1140080.jpg","twitter_creator":"@VosgesInfo88","twitter_site":"@VosgesInfo88","twitter_misc":{"\u00c9crit par":"qs_admin","Dur\u00e9e de lecture estim\u00e9e":"2 minutes"},"schema":{"@context":"https:\/\/schema.org","@graph":[{"@type":"Article","@id":"https:\/\/vosgesinfo.fr\/gerardmerinfo\/2020\/02\/marleau-bien-capitaine-dayan\/#article","isPartOf":{"@id":"https:\/\/vosgesinfo.fr\/gerardmerinfo\/2020\/02\/marleau-bien-capitaine-dayan\/"},"author":{"name":"qs_admin","@id":"https:\/\/vosgesinfo.fr\/gerardmerinfo\/#\/schema\/person\/bc5d02d71e6932e81b6dadb7386667b1"},"headline":"Marleau &#8211; Bien mon capitaine Dayan","datePublished":"2020-02-14T15:15:50+00:00","dateModified":"2020-02-14T15:15:50+00:00","mainEntityOfPage":{"@id":"https:\/\/vosgesinfo.fr\/gerardmerinfo\/2020\/02\/marleau-bien-capitaine-dayan\/"},"wordCount":455,"commentCount":0,"publisher":{"@id":"https:\/\/vosgesinfo.fr\/gerardmerinfo\/#organization"},"image":{"@id":"https:\/\/vosgesinfo.fr\/gerardmerinfo\/2020\/02\/marleau-bien-capitaine-dayan\/#primaryimage"},"thumbnailUrl":"https:\/\/vosgesinfo.fr\/app\/uploads\/sites\/6\/2024\/07\/202002p1140080.jpg","articleSection":["A la une","cin\u00e9ma","Vosges"],"inLanguage":"fr-FR","potentialAction":[{"@type":"CommentAction","name":"Comment","target":["https:\/\/vosgesinfo.fr\/gerardmerinfo\/2020\/02\/marleau-bien-capitaine-dayan\/#respond"]}]},{"@type":"WebPage","@id":"https:\/\/vosgesinfo.fr\/gerardmerinfo\/2020\/02\/marleau-bien-capitaine-dayan\/","url":"https:\/\/vosgesinfo.fr\/gerardmerinfo\/2020\/02\/marleau-bien-capitaine-dayan\/","name":"Marleau - Bien mon capitaine Dayan - Gerardmer Info","isPartOf":{"@id":"https:\/\/vosgesinfo.fr\/gerardmerinfo\/#website"},"primaryImageOfPage":{"@id":"https:\/\/vosgesinfo.fr\/gerardmerinfo\/2020\/02\/marleau-bien-capitaine-dayan\/#primaryimage"},"image":{"@id":"https:\/\/vosgesinfo.fr\/gerardmerinfo\/2020\/02\/marleau-bien-capitaine-dayan\/#primaryimage"},"thumbnailUrl":"https:\/\/vosgesinfo.fr\/app\/uploads\/sites\/6\/2024\/07\/202002p1140080.jpg","datePublished":"2020-02-14T15:15:50+00:00","dateModified":"2020-02-14T15:15:50+00:00","breadcrumb":{"@id":"https:\/\/vosgesinfo.fr\/gerardmerinfo\/2020\/02\/marleau-bien-capitaine-dayan\/#breadcrumb"},"inLanguage":"fr-FR","potentialAction":[{"@type":"ReadAction","target":["https:\/\/vosgesinfo.fr\/gerardmerinfo\/2020\/02\/marleau-bien-capitaine-dayan\/"]}]},{"@type":"ImageObject","inLanguage":"fr-FR","@id":"https:\/\/vosgesinfo.fr\/gerardmerinfo\/2020\/02\/marleau-bien-capitaine-dayan\/#primaryimage","url":"https:\/\/vosgesinfo.fr\/app\/uploads\/sites\/6\/2024\/07\/202002p1140080.jpg","contentUrl":"https:\/\/vosgesinfo.fr\/app\/uploads\/sites\/6\/2024\/07\/202002p1140080.jpg","width":800,"height":600},{"@type":"BreadcrumbList","@id":"https:\/\/vosgesinfo.fr\/gerardmerinfo\/2020\/02\/marleau-bien-capitaine-dayan\/#breadcrumb","itemListElement":[{"@type":"ListItem","position":1,"name":"Home","item":"https:\/\/vosgesinfo.fr\/gerardmerinfo\/"},{"@type":"ListItem","position":2,"name":"Marleau &#8211; Bien mon capitaine Dayan"}]},{"@type":"WebSite","@id":"https:\/\/vosgesinfo.fr\/gerardmerinfo\/#website","url":"https:\/\/vosgesinfo.fr\/gerardmerinfo\/","name":"Gerardmer Info","description":"Toute l&#039;actualit\u00e9 de G\u00e9rardmer","publisher":{"@id":"https:\/\/vosgesinfo.fr\/gerardmerinfo\/#organization"},"alternateName":"Toute l'actualit\u00e9 de G\u00e9rardmer","potentialAction":[{"@type":"SearchAction","target":{"@type":"EntryPoint","urlTemplate":"https:\/\/vosgesinfo.fr\/gerardmerinfo\/?s={search_term_string}"},"query-input":"required name=search_term_string"}],"inLanguage":"fr-FR"},{"@type":"Organization","@id":"https:\/\/vosgesinfo.fr\/gerardmerinfo\/#organization","name":"Gerardmer Info","url":"https:\/\/vosgesinfo.fr\/gerardmerinfo\/","logo":{"@type":"ImageObject","inLanguage":"fr-FR","@id":"https:\/\/vosgesinfo.fr\/gerardmerinfo\/#\/schema\/logo\/image\/","url":"https:\/\/vosgesinfo.fr\/app\/uploads\/sites\/6\/2023\/08\/favicon-gerardmerinfo.png","contentUrl":"https:\/\/vosgesinfo.fr\/app\/uploads\/sites\/6\/2023\/08\/favicon-gerardmerinfo.png","width":512,"height":512,"caption":"Gerardmer Info"},"image":{"@id":"https:\/\/vosgesinfo.fr\/gerardmerinfo\/#\/schema\/logo\/image\/"},"sameAs":["https:\/\/www.facebook.com\/profile.php?id=100049475262660","https:\/\/x.com\/VosgesInfo88","https:\/\/www.youtube.com\/@vosgesinfo"]},{"@type":"Person","@id":"https:\/\/vosgesinfo.fr\/gerardmerinfo\/#\/schema\/person\/bc5d02d71e6932e81b6dadb7386667b1","name":"qs_admin","image":{"@type":"ImageObject","inLanguage":"fr-FR","@id":"https:\/\/vosgesinfo.fr\/gerardmerinfo\/#\/schema\/person\/image\/","url":"https:\/\/secure.gravatar.com\/avatar\/94b18ee0ed79e4a42ea2f2931277b6841a8999fc6fde214600c78057cf1fe1de?s=96&d=mm&r=g","contentUrl":"https:\/\/secure.gravatar.com\/avatar\/94b18ee0ed79e4a42ea2f2931277b6841a8999fc6fde214600c78057cf1fe1de?s=96&d=mm&r=g","caption":"qs_admin"},"sameAs":["https:\/\/vosgesinfo.fr\/wp"],"url":"https:\/\/vosgesinfo.fr\/gerardmerinfo\/author\/qs_admin\/"}]}},"_links":{"self":[{"href":"https:\/\/vosgesinfo.fr\/gerardmerinfo\/wp-json\/wp\/v2\/posts\/46658","targetHints":{"allow":["GET"]}}],"collection":[{"href":"https:\/\/vosgesinfo.fr\/gerardmerinfo\/wp-json\/wp\/v2\/posts"}],"about":[{"href":"https:\/\/vosgesinfo.fr\/gerardmerinfo\/wp-json\/wp\/v2\/types\/post"}],"author":[{"embeddable":true,"href":"https:\/\/vosgesinfo.fr\/gerardmerinfo\/wp-json\/wp\/v2\/users\/1"}],"replies":[{"embeddable":true,"href":"https:\/\/vosgesinfo.fr\/gerardmerinfo\/wp-json\/wp\/v2\/comments?post=46658"}],"version-history":[{"count":0,"href":"https:\/\/vosgesinfo.fr\/gerardmerinfo\/wp-json\/wp\/v2\/posts\/46658\/revisions"}],"wp:featuredmedia":[{"embeddable":true,"href":"https:\/\/vosgesinfo.fr\/gerardmerinfo\/wp-json\/wp\/v2\/media\/46659"}],"wp:attachment":[{"href":"https:\/\/vosgesinfo.fr\/gerardmerinfo\/wp-json\/wp\/v2\/media?parent=46658"}],"wp:term":[{"taxonomy":"category","embeddable":true,"href":"https:\/\/vosgesinfo.fr\/gerardmerinfo\/wp-json\/wp\/v2\/categories?post=46658"},{"taxonomy":"post_tag","embeddable":true,"href":"https:\/\/vosgesinfo.fr\/gerardmerinfo\/wp-json\/wp\/v2\/tags?post=46658"}],"curies":[{"name":"wp","href":"https:\/\/api.w.org\/{rel}","templated":true}]}}