{"id":46694,"date":"2020-02-16T09:28:10","date_gmt":"2020-02-16T08:28:10","guid":{"rendered":"https:\/\/vosgesinfo.fr\/gerardmerinfo\/2020\/02\/risques-davalanche-selon-lassociation-nivo-s-e\/"},"modified":"2020-02-16T09:28:10","modified_gmt":"2020-02-16T08:28:10","slug":"risques-davalanche-selon-lassociation-nivo-s-e","status":"publish","type":"post","link":"https:\/\/vosgesinfo.fr\/gerardmerinfo\/2020\/02\/risques-davalanche-selon-lassociation-nivo-s-e\/","title":{"rendered":"Les risques d&rsquo;avalanches selon l&rsquo;association NIV&rsquo;o.s.e"},"content":{"rendered":"<p><a href=\"https:\/\/gerardmerinfo.fr\/2020\/02\/risques-davalanche-selon-lassociation-nivo-s-e\/gli\/\" rel=\"attachment wp-att-159677\"><img decoding=\"async\" class=\"aligncenter size-full wp-image-159677\" src=\"\/2020\/02\/gli.png\" alt=\"gli\" width=\"800\" height=\"493\" \/><\/a>L\u2019association NIv&rsquo;o.s.e veille sur le massif des Vosges par le biais d&rsquo;observations r\u00e9alis\u00e9es par ses b\u00e9n\u00e9voles dont Pierre-Marie David est le fondateur et chef de projet du r\u00e9seau qui existe depuis des ann\u00e9es, mais non reconnu en tant que tel. Il nous fait parvenir son sentiment, son ressenti sur la situation actuelle et surtout sur la base de ses observations. PMD a la dent dure, mais le s\u00e9rieux de l&rsquo;homme et sa connaissance de la montagne doivent nous inviter \u00e0 la prudence&#8230;et sans doute \u00e0 la r\u00e9flexion pour l\u2019avenir.<\/p>\n<p>&#8212;&#8212;&#8212;&#8212;&#8212;&#8212;&#8212;&#8212;&#8212;&#8212;&#8212;&#8212;&#8212;&#8212;&#8212;&#8212;&#8212;&#8212;&#8212;-<\/p>\n<p><em>On apprend qu&rsquo;un accident est survenu samedi dans le couloir du Falimont : une cord\u00e9e de trois personnes, une est bless\u00e9e. Contrairement aux belles paroles officielles, il n&rsquo;y a toujours pas de bulletin neige\/risque d&rsquo;avalanche officiel dans le massif vosgien.<br \/>\n<\/em><\/p>\n<p><em>Il y a ceux qui sont les mains dans le cambouis&#8230; et ceux, celles qui, dans des bureaux de certains instituts de recherche&#8230;.analysent des ph\u00e9nom\u00e8nes de neige \u00e0 distance. Ces sp\u00e9cialistes de la nivologie de clavier d&rsquo;ordinateur, on ne les voit jamais sur le terrain.<\/em><\/p>\n<p><strong>PMD<\/strong><\/p>\n<p>&#8212;&#8212;&#8212;&#8212;&#8212;&#8212;&#8212;&#8212;&#8212;&#8212;&#8212;&#8212;&#8212;&#8212;&#8212;&#8212;&#8212;&#8212;&#8212;&#8212;&#8212;&#8212;&#8212;&#8212;&#8212;&#8212;<\/p>\n<p><strong>Voil\u00e0 le mail envoy\u00e9 aux adh\u00e9rents de NIV&rsquo;o.s.e vendredi dernier soit une journ\u00e9e avant l&rsquo;accident :<\/strong><\/p>\n<p><em>Il est retomb\u00e9 10 \u00e0 15 cm de neige lourde et humide cette nuit, renfor\u00e7ant un manteau neigeux d&rsquo;environ 30 \u00e0 35 cm.<\/em><\/p>\n<p><em>Il ne faut pas croire qu&rsquo;une faible \u00e9paisseur de neige ne pr\u00e9sente aucun risque.<\/em><\/p>\n<p><em>Dimanche dernier, la temp\u00eate Ciara a balay\u00e9 les cr\u00eates avec des rafales \u00e0 180 km\/h. Puis un deuxi\u00e8me coup de vent de secteur ouest, associ\u00e9 \u00e0 des chutes de neige, est pass\u00e9 hier, avec des rafales \u00e0 70km\/h.<\/em><\/p>\n<p><em>Sur une vaste \u00e9tendue d\u00e9nud\u00e9e comme les Hautes Chaumes, 10 cm de neige transport\u00e9s par le vent peuvent former des accumulations de plusieurs m\u00e8tres d&rsquo;\u00e9paisseur au revers de la cr\u00eate.<\/em><\/p>\n<p><em>Il y a donc suralimentation sur les versants EST et formation de corniches et surtout de <strong>plaques<\/strong>.<\/em><\/p>\n<p><em>Des coul\u00e9es peuvent se produire. Sur des pentes herbeuses, des\u00a0 \u00ab\u00a0glissements sur talus\u00a0\u00bb peuvent \u00eatre observ\u00e9s \u00e0 la partie sup\u00e9rieure de certains couloirs d&rsquo;avalanches.<\/em><\/p>\n<p><em>Dans des conditions semblables, une cord\u00e9e d&rsquo;alpinistes avait d\u00e9clench\u00e9 une avalanche dans le couloir du Grand Dagobert le 26 janvier\u00a0 2014 entra\u00eenant deux bless\u00e9s graves.<\/em><\/p>\n<p><strong>PMD<\/strong><\/p>\n","protected":false},"excerpt":{"rendered":"<p>L\u2019association NIv&rsquo;o.s.e veille sur le massif des Vosges par le biais d&rsquo;observations r\u00e9alis\u00e9es par ses b\u00e9n\u00e9voles dont Pierre-Marie David est [&hellip;]<\/p>\n","protected":false},"author":1,"featured_media":46695,"comment_status":"open","ping_status":"open","sticky":false,"template":"","format":"standard","meta":{"footnotes":""},"categories":[20],"tags":[],"class_list":["post-46694","post","type-post","status-publish","format-standard","has-post-thumbnail","hentry","category-a-la-une"],"acf":[],"yoast_head":"<!-- This site is optimized with the Yoast SEO plugin v22.5 - https:\/\/yoast.com\/wordpress\/plugins\/seo\/ -->\n<title>Les risques d&#039;avalanches selon l&#039;association NIV&#039;o.s.e - Gerardmer Info<\/title>\n<meta name=\"robots\" content=\"index, follow, max-snippet:-1, max-image-preview:large, max-video-preview:-1\" \/>\n<link rel=\"canonical\" href=\"https:\/\/vosgesinfo.fr\/gerardmerinfo\/2020\/02\/risques-davalanche-selon-lassociation-nivo-s-e\/\" \/>\n<meta name=\"twitter:card\" content=\"summary_large_image\" \/>\n<meta name=\"twitter:title\" content=\"Les risques d&#039;avalanches selon l&#039;association NIV&#039;o.s.e - Gerardmer Info\" \/>\n<meta name=\"twitter:description\" content=\"L\u2019association NIv&rsquo;o.s.e veille sur le massif des Vosges par le biais d&rsquo;observations r\u00e9alis\u00e9es par ses b\u00e9n\u00e9voles dont Pierre-Marie David est [&hellip;]\" \/>\n<meta name=\"twitter:image\" content=\"https:\/\/vosgesinfo.fr\/app\/uploads\/sites\/6\/2024\/07\/202002gli.png\" \/>\n<meta name=\"twitter:creator\" content=\"@VosgesInfo88\" \/>\n<meta name=\"twitter:site\" content=\"@VosgesInfo88\" \/>\n<meta name=\"twitter:label1\" content=\"\u00c9crit par\" \/>\n\t<meta name=\"twitter:data1\" content=\"qs_admin\" \/>\n\t<meta name=\"twitter:label2\" content=\"Dur\u00e9e de lecture estim\u00e9e\" \/>\n\t<meta name=\"twitter:data2\" content=\"2 minutes\" \/>\n<script type=\"application\/ld+json\" class=\"yoast-schema-graph\">{\"@context\":\"https:\/\/schema.org\",\"@graph\":[{\"@type\":\"Article\",\"@id\":\"https:\/\/vosgesinfo.fr\/gerardmerinfo\/2020\/02\/risques-davalanche-selon-lassociation-nivo-s-e\/#article\",\"isPartOf\":{\"@id\":\"https:\/\/vosgesinfo.fr\/gerardmerinfo\/2020\/02\/risques-davalanche-selon-lassociation-nivo-s-e\/\"},\"author\":{\"name\":\"qs_admin\",\"@id\":\"https:\/\/vosgesinfo.fr\/gerardmerinfo\/#\/schema\/person\/bc5d02d71e6932e81b6dadb7386667b1\"},\"headline\":\"Les risques d&rsquo;avalanches selon l&rsquo;association NIV&rsquo;o.s.e\",\"datePublished\":\"2020-02-16T08:28:10+00:00\",\"dateModified\":\"2020-02-16T08:28:10+00:00\",\"mainEntityOfPage\":{\"@id\":\"https:\/\/vosgesinfo.fr\/gerardmerinfo\/2020\/02\/risques-davalanche-selon-lassociation-nivo-s-e\/\"},\"wordCount\":414,\"commentCount\":0,\"publisher\":{\"@id\":\"https:\/\/vosgesinfo.fr\/gerardmerinfo\/#organization\"},\"image\":{\"@id\":\"https:\/\/vosgesinfo.fr\/gerardmerinfo\/2020\/02\/risques-davalanche-selon-lassociation-nivo-s-e\/#primaryimage\"},\"thumbnailUrl\":\"https:\/\/vosgesinfo.fr\/app\/uploads\/sites\/6\/2024\/07\/202002gli.png\",\"articleSection\":[\"A la une\"],\"inLanguage\":\"fr-FR\",\"potentialAction\":[{\"@type\":\"CommentAction\",\"name\":\"Comment\",\"target\":[\"https:\/\/vosgesinfo.fr\/gerardmerinfo\/2020\/02\/risques-davalanche-selon-lassociation-nivo-s-e\/#respond\"]}]},{\"@type\":\"WebPage\",\"@id\":\"https:\/\/vosgesinfo.fr\/gerardmerinfo\/2020\/02\/risques-davalanche-selon-lassociation-nivo-s-e\/\",\"url\":\"https:\/\/vosgesinfo.fr\/gerardmerinfo\/2020\/02\/risques-davalanche-selon-lassociation-nivo-s-e\/\",\"name\":\"Les risques d'avalanches selon l'association NIV'o.s.e - Gerardmer Info\",\"isPartOf\":{\"@id\":\"https:\/\/vosgesinfo.fr\/gerardmerinfo\/#website\"},\"primaryImageOfPage\":{\"@id\":\"https:\/\/vosgesinfo.fr\/gerardmerinfo\/2020\/02\/risques-davalanche-selon-lassociation-nivo-s-e\/#primaryimage\"},\"image\":{\"@id\":\"https:\/\/vosgesinfo.fr\/gerardmerinfo\/2020\/02\/risques-davalanche-selon-lassociation-nivo-s-e\/#primaryimage\"},\"thumbnailUrl\":\"https:\/\/vosgesinfo.fr\/app\/uploads\/sites\/6\/2024\/07\/202002gli.png\",\"datePublished\":\"2020-02-16T08:28:10+00:00\",\"dateModified\":\"2020-02-16T08:28:10+00:00\",\"breadcrumb\":{\"@id\":\"https:\/\/vosgesinfo.fr\/gerardmerinfo\/2020\/02\/risques-davalanche-selon-lassociation-nivo-s-e\/#breadcrumb\"},\"inLanguage\":\"fr-FR\",\"potentialAction\":[{\"@type\":\"ReadAction\",\"target\":[\"https:\/\/vosgesinfo.fr\/gerardmerinfo\/2020\/02\/risques-davalanche-selon-lassociation-nivo-s-e\/\"]}]},{\"@type\":\"ImageObject\",\"inLanguage\":\"fr-FR\",\"@id\":\"https:\/\/vosgesinfo.fr\/gerardmerinfo\/2020\/02\/risques-davalanche-selon-lassociation-nivo-s-e\/#primaryimage\",\"url\":\"https:\/\/vosgesinfo.fr\/app\/uploads\/sites\/6\/2024\/07\/202002gli.png\",\"contentUrl\":\"https:\/\/vosgesinfo.fr\/app\/uploads\/sites\/6\/2024\/07\/202002gli.png\",\"width\":800,\"height\":493},{\"@type\":\"BreadcrumbList\",\"@id\":\"https:\/\/vosgesinfo.fr\/gerardmerinfo\/2020\/02\/risques-davalanche-selon-lassociation-nivo-s-e\/#breadcrumb\",\"itemListElement\":[{\"@type\":\"ListItem\",\"position\":1,\"name\":\"Home\",\"item\":\"https:\/\/vosgesinfo.fr\/gerardmerinfo\/\"},{\"@type\":\"ListItem\",\"position\":2,\"name\":\"Les risques d&rsquo;avalanches selon l&rsquo;association NIV&rsquo;o.s.e\"}]},{\"@type\":\"WebSite\",\"@id\":\"https:\/\/vosgesinfo.fr\/gerardmerinfo\/#website\",\"url\":\"https:\/\/vosgesinfo.fr\/gerardmerinfo\/\",\"name\":\"Gerardmer Info\",\"description\":\"Toute l&#039;actualit\u00e9 de G\u00e9rardmer\",\"publisher\":{\"@id\":\"https:\/\/vosgesinfo.fr\/gerardmerinfo\/#organization\"},\"alternateName\":\"Toute l'actualit\u00e9 de G\u00e9rardmer\",\"potentialAction\":[{\"@type\":\"SearchAction\",\"target\":{\"@type\":\"EntryPoint\",\"urlTemplate\":\"https:\/\/vosgesinfo.fr\/gerardmerinfo\/?s={search_term_string}\"},\"query-input\":\"required name=search_term_string\"}],\"inLanguage\":\"fr-FR\"},{\"@type\":\"Organization\",\"@id\":\"https:\/\/vosgesinfo.fr\/gerardmerinfo\/#organization\",\"name\":\"Gerardmer Info\",\"url\":\"https:\/\/vosgesinfo.fr\/gerardmerinfo\/\",\"logo\":{\"@type\":\"ImageObject\",\"inLanguage\":\"fr-FR\",\"@id\":\"https:\/\/vosgesinfo.fr\/gerardmerinfo\/#\/schema\/logo\/image\/\",\"url\":\"https:\/\/vosgesinfo.fr\/app\/uploads\/sites\/6\/2023\/08\/favicon-gerardmerinfo.png\",\"contentUrl\":\"https:\/\/vosgesinfo.fr\/app\/uploads\/sites\/6\/2023\/08\/favicon-gerardmerinfo.png\",\"width\":512,\"height\":512,\"caption\":\"Gerardmer Info\"},\"image\":{\"@id\":\"https:\/\/vosgesinfo.fr\/gerardmerinfo\/#\/schema\/logo\/image\/\"},\"sameAs\":[\"https:\/\/www.facebook.com\/profile.php?id=100049475262660\",\"https:\/\/x.com\/VosgesInfo88\",\"https:\/\/www.youtube.com\/@vosgesinfo\"]},{\"@type\":\"Person\",\"@id\":\"https:\/\/vosgesinfo.fr\/gerardmerinfo\/#\/schema\/person\/bc5d02d71e6932e81b6dadb7386667b1\",\"name\":\"qs_admin\",\"image\":{\"@type\":\"ImageObject\",\"inLanguage\":\"fr-FR\",\"@id\":\"https:\/\/vosgesinfo.fr\/gerardmerinfo\/#\/schema\/person\/image\/\",\"url\":\"https:\/\/secure.gravatar.com\/avatar\/94b18ee0ed79e4a42ea2f2931277b6841a8999fc6fde214600c78057cf1fe1de?s=96&d=mm&r=g\",\"contentUrl\":\"https:\/\/secure.gravatar.com\/avatar\/94b18ee0ed79e4a42ea2f2931277b6841a8999fc6fde214600c78057cf1fe1de?s=96&d=mm&r=g\",\"caption\":\"qs_admin\"},\"sameAs\":[\"https:\/\/vosgesinfo.fr\/wp\"],\"url\":\"https:\/\/vosgesinfo.fr\/gerardmerinfo\/author\/qs_admin\/\"}]}<\/script>\n<!-- \/ Yoast SEO plugin. -->","yoast_head_json":{"title":"Les risques d'avalanches selon l'association NIV'o.s.e - Gerardmer Info","robots":{"index":"index","follow":"follow","max-snippet":"max-snippet:-1","max-image-preview":"max-image-preview:large","max-video-preview":"max-video-preview:-1"},"canonical":"https:\/\/vosgesinfo.fr\/gerardmerinfo\/2020\/02\/risques-davalanche-selon-lassociation-nivo-s-e\/","twitter_card":"summary_large_image","twitter_title":"Les risques d'avalanches selon l'association NIV'o.s.e - Gerardmer Info","twitter_description":"L\u2019association NIv&rsquo;o.s.e veille sur le massif des Vosges par le biais d&rsquo;observations r\u00e9alis\u00e9es par ses b\u00e9n\u00e9voles dont Pierre-Marie David est [&hellip;]","twitter_image":"https:\/\/vosgesinfo.fr\/app\/uploads\/sites\/6\/2024\/07\/202002gli.png","twitter_creator":"@VosgesInfo88","twitter_site":"@VosgesInfo88","twitter_misc":{"\u00c9crit par":"qs_admin","Dur\u00e9e de lecture estim\u00e9e":"2 minutes"},"schema":{"@context":"https:\/\/schema.org","@graph":[{"@type":"Article","@id":"https:\/\/vosgesinfo.fr\/gerardmerinfo\/2020\/02\/risques-davalanche-selon-lassociation-nivo-s-e\/#article","isPartOf":{"@id":"https:\/\/vosgesinfo.fr\/gerardmerinfo\/2020\/02\/risques-davalanche-selon-lassociation-nivo-s-e\/"},"author":{"name":"qs_admin","@id":"https:\/\/vosgesinfo.fr\/gerardmerinfo\/#\/schema\/person\/bc5d02d71e6932e81b6dadb7386667b1"},"headline":"Les risques d&rsquo;avalanches selon l&rsquo;association NIV&rsquo;o.s.e","datePublished":"2020-02-16T08:28:10+00:00","dateModified":"2020-02-16T08:28:10+00:00","mainEntityOfPage":{"@id":"https:\/\/vosgesinfo.fr\/gerardmerinfo\/2020\/02\/risques-davalanche-selon-lassociation-nivo-s-e\/"},"wordCount":414,"commentCount":0,"publisher":{"@id":"https:\/\/vosgesinfo.fr\/gerardmerinfo\/#organization"},"image":{"@id":"https:\/\/vosgesinfo.fr\/gerardmerinfo\/2020\/02\/risques-davalanche-selon-lassociation-nivo-s-e\/#primaryimage"},"thumbnailUrl":"https:\/\/vosgesinfo.fr\/app\/uploads\/sites\/6\/2024\/07\/202002gli.png","articleSection":["A la une"],"inLanguage":"fr-FR","potentialAction":[{"@type":"CommentAction","name":"Comment","target":["https:\/\/vosgesinfo.fr\/gerardmerinfo\/2020\/02\/risques-davalanche-selon-lassociation-nivo-s-e\/#respond"]}]},{"@type":"WebPage","@id":"https:\/\/vosgesinfo.fr\/gerardmerinfo\/2020\/02\/risques-davalanche-selon-lassociation-nivo-s-e\/","url":"https:\/\/vosgesinfo.fr\/gerardmerinfo\/2020\/02\/risques-davalanche-selon-lassociation-nivo-s-e\/","name":"Les risques d'avalanches selon l'association NIV'o.s.e - Gerardmer Info","isPartOf":{"@id":"https:\/\/vosgesinfo.fr\/gerardmerinfo\/#website"},"primaryImageOfPage":{"@id":"https:\/\/vosgesinfo.fr\/gerardmerinfo\/2020\/02\/risques-davalanche-selon-lassociation-nivo-s-e\/#primaryimage"},"image":{"@id":"https:\/\/vosgesinfo.fr\/gerardmerinfo\/2020\/02\/risques-davalanche-selon-lassociation-nivo-s-e\/#primaryimage"},"thumbnailUrl":"https:\/\/vosgesinfo.fr\/app\/uploads\/sites\/6\/2024\/07\/202002gli.png","datePublished":"2020-02-16T08:28:10+00:00","dateModified":"2020-02-16T08:28:10+00:00","breadcrumb":{"@id":"https:\/\/vosgesinfo.fr\/gerardmerinfo\/2020\/02\/risques-davalanche-selon-lassociation-nivo-s-e\/#breadcrumb"},"inLanguage":"fr-FR","potentialAction":[{"@type":"ReadAction","target":["https:\/\/vosgesinfo.fr\/gerardmerinfo\/2020\/02\/risques-davalanche-selon-lassociation-nivo-s-e\/"]}]},{"@type":"ImageObject","inLanguage":"fr-FR","@id":"https:\/\/vosgesinfo.fr\/gerardmerinfo\/2020\/02\/risques-davalanche-selon-lassociation-nivo-s-e\/#primaryimage","url":"https:\/\/vosgesinfo.fr\/app\/uploads\/sites\/6\/2024\/07\/202002gli.png","contentUrl":"https:\/\/vosgesinfo.fr\/app\/uploads\/sites\/6\/2024\/07\/202002gli.png","width":800,"height":493},{"@type":"BreadcrumbList","@id":"https:\/\/vosgesinfo.fr\/gerardmerinfo\/2020\/02\/risques-davalanche-selon-lassociation-nivo-s-e\/#breadcrumb","itemListElement":[{"@type":"ListItem","position":1,"name":"Home","item":"https:\/\/vosgesinfo.fr\/gerardmerinfo\/"},{"@type":"ListItem","position":2,"name":"Les risques d&rsquo;avalanches selon l&rsquo;association NIV&rsquo;o.s.e"}]},{"@type":"WebSite","@id":"https:\/\/vosgesinfo.fr\/gerardmerinfo\/#website","url":"https:\/\/vosgesinfo.fr\/gerardmerinfo\/","name":"Gerardmer Info","description":"Toute l&#039;actualit\u00e9 de G\u00e9rardmer","publisher":{"@id":"https:\/\/vosgesinfo.fr\/gerardmerinfo\/#organization"},"alternateName":"Toute l'actualit\u00e9 de G\u00e9rardmer","potentialAction":[{"@type":"SearchAction","target":{"@type":"EntryPoint","urlTemplate":"https:\/\/vosgesinfo.fr\/gerardmerinfo\/?s={search_term_string}"},"query-input":"required name=search_term_string"}],"inLanguage":"fr-FR"},{"@type":"Organization","@id":"https:\/\/vosgesinfo.fr\/gerardmerinfo\/#organization","name":"Gerardmer Info","url":"https:\/\/vosgesinfo.fr\/gerardmerinfo\/","logo":{"@type":"ImageObject","inLanguage":"fr-FR","@id":"https:\/\/vosgesinfo.fr\/gerardmerinfo\/#\/schema\/logo\/image\/","url":"https:\/\/vosgesinfo.fr\/app\/uploads\/sites\/6\/2023\/08\/favicon-gerardmerinfo.png","contentUrl":"https:\/\/vosgesinfo.fr\/app\/uploads\/sites\/6\/2023\/08\/favicon-gerardmerinfo.png","width":512,"height":512,"caption":"Gerardmer Info"},"image":{"@id":"https:\/\/vosgesinfo.fr\/gerardmerinfo\/#\/schema\/logo\/image\/"},"sameAs":["https:\/\/www.facebook.com\/profile.php?id=100049475262660","https:\/\/x.com\/VosgesInfo88","https:\/\/www.youtube.com\/@vosgesinfo"]},{"@type":"Person","@id":"https:\/\/vosgesinfo.fr\/gerardmerinfo\/#\/schema\/person\/bc5d02d71e6932e81b6dadb7386667b1","name":"qs_admin","image":{"@type":"ImageObject","inLanguage":"fr-FR","@id":"https:\/\/vosgesinfo.fr\/gerardmerinfo\/#\/schema\/person\/image\/","url":"https:\/\/secure.gravatar.com\/avatar\/94b18ee0ed79e4a42ea2f2931277b6841a8999fc6fde214600c78057cf1fe1de?s=96&d=mm&r=g","contentUrl":"https:\/\/secure.gravatar.com\/avatar\/94b18ee0ed79e4a42ea2f2931277b6841a8999fc6fde214600c78057cf1fe1de?s=96&d=mm&r=g","caption":"qs_admin"},"sameAs":["https:\/\/vosgesinfo.fr\/wp"],"url":"https:\/\/vosgesinfo.fr\/gerardmerinfo\/author\/qs_admin\/"}]}},"_links":{"self":[{"href":"https:\/\/vosgesinfo.fr\/gerardmerinfo\/wp-json\/wp\/v2\/posts\/46694","targetHints":{"allow":["GET"]}}],"collection":[{"href":"https:\/\/vosgesinfo.fr\/gerardmerinfo\/wp-json\/wp\/v2\/posts"}],"about":[{"href":"https:\/\/vosgesinfo.fr\/gerardmerinfo\/wp-json\/wp\/v2\/types\/post"}],"author":[{"embeddable":true,"href":"https:\/\/vosgesinfo.fr\/gerardmerinfo\/wp-json\/wp\/v2\/users\/1"}],"replies":[{"embeddable":true,"href":"https:\/\/vosgesinfo.fr\/gerardmerinfo\/wp-json\/wp\/v2\/comments?post=46694"}],"version-history":[{"count":0,"href":"https:\/\/vosgesinfo.fr\/gerardmerinfo\/wp-json\/wp\/v2\/posts\/46694\/revisions"}],"wp:featuredmedia":[{"embeddable":true,"href":"https:\/\/vosgesinfo.fr\/gerardmerinfo\/wp-json\/wp\/v2\/media\/46695"}],"wp:attachment":[{"href":"https:\/\/vosgesinfo.fr\/gerardmerinfo\/wp-json\/wp\/v2\/media?parent=46694"}],"wp:term":[{"taxonomy":"category","embeddable":true,"href":"https:\/\/vosgesinfo.fr\/gerardmerinfo\/wp-json\/wp\/v2\/categories?post=46694"},{"taxonomy":"post_tag","embeddable":true,"href":"https:\/\/vosgesinfo.fr\/gerardmerinfo\/wp-json\/wp\/v2\/tags?post=46694"}],"curies":[{"name":"wp","href":"https:\/\/api.w.org\/{rel}","templated":true}]}}