{"id":46740,"date":"2020-02-23T16:40:51","date_gmt":"2020-02-23T15:40:51","guid":{"rendered":"https:\/\/vosgesinfo.fr\/gerardmerinfo\/2020\/02\/prochaine-collecte-de-sang-mardi-25-fevrier\/"},"modified":"2020-02-23T16:40:51","modified_gmt":"2020-02-23T15:40:51","slug":"prochaine-collecte-de-sang-mardi-25-fevrier","status":"publish","type":"post","link":"https:\/\/vosgesinfo.fr\/gerardmerinfo\/2020\/02\/prochaine-collecte-de-sang-mardi-25-fevrier\/","title":{"rendered":"Prochaine collecte de Sang  le mardi 25 f\u00e9vrier"},"content":{"rendered":"<p>L&rsquo;amicale des donneurs de sang b\u00e9n\u00e9voles du Tholy compte sur vous pour sauver des vies humaines. Venez nombreux, en famille, entre amis, entre coll\u00e8ges, etc. Nous serons tr\u00e8s heureux de vous accueillir<\/p>\n<p>A bient\u00f4t !<\/p>\n<p><a href=\"\/2020\/02\/038-rouge.jpg\"><img decoding=\"async\" class=\"aligncenter size-full wp-image-159788\" src=\"\/2020\/02\/038-rouge.jpg\" alt=\"038 rouge\" width=\"581\" height=\"800\" \/><\/a><\/p>\n","protected":false},"excerpt":{"rendered":"<p>L&rsquo;amicale des donneurs de sang b\u00e9n\u00e9voles du Tholy compte sur vous pour sauver des vies humaines. Venez nombreux, en famille, [&hellip;]<\/p>\n","protected":false},"author":140,"featured_media":246,"comment_status":"open","ping_status":"open","sticky":false,"template":"","format":"standard","meta":{"footnotes":""},"categories":[12,26,17],"tags":[54],"class_list":["post-46740","post","type-post","status-publish","format-standard","has-post-thumbnail","hentry","category-sante","category-solidarite","category-vie-associative","tag-don-du-sang"],"acf":[],"yoast_head":"<!-- This site is optimized with the Yoast SEO plugin v22.5 - https:\/\/yoast.com\/wordpress\/plugins\/seo\/ -->\n<title>Prochaine collecte de Sang le mardi 25 f\u00e9vrier - Gerardmer Info<\/title>\n<meta name=\"robots\" content=\"index, follow, max-snippet:-1, max-image-preview:large, max-video-preview:-1\" \/>\n<link rel=\"canonical\" href=\"https:\/\/vosgesinfo.fr\/gerardmerinfo\/2020\/02\/prochaine-collecte-de-sang-mardi-25-fevrier\/\" \/>\n<meta name=\"twitter:card\" content=\"summary_large_image\" \/>\n<meta name=\"twitter:title\" content=\"Prochaine collecte de Sang le mardi 25 f\u00e9vrier - Gerardmer Info\" \/>\n<meta name=\"twitter:description\" content=\"L&rsquo;amicale des donneurs de sang b\u00e9n\u00e9voles du Tholy compte sur vous pour sauver des vies humaines. Venez nombreux, en famille, [&hellip;]\" \/>\n<meta name=\"twitter:image\" content=\"https:\/\/vosgesinfo.fr\/app\/uploads\/sites\/6\/2016\/05\/don-du-sang-5012.jpg\" \/>\n<meta name=\"twitter:creator\" content=\"@VosgesInfo88\" \/>\n<meta name=\"twitter:site\" content=\"@VosgesInfo88\" \/>\n<meta name=\"twitter:label1\" content=\"\u00c9crit par\" \/>\n\t<meta name=\"twitter:data1\" content=\"Amicale des donneurs de sang benevoles du Tholy et des environs\" \/>\n<script type=\"application\/ld+json\" class=\"yoast-schema-graph\">{\"@context\":\"https:\/\/schema.org\",\"@graph\":[{\"@type\":\"Article\",\"@id\":\"https:\/\/vosgesinfo.fr\/gerardmerinfo\/2020\/02\/prochaine-collecte-de-sang-mardi-25-fevrier\/#article\",\"isPartOf\":{\"@id\":\"https:\/\/vosgesinfo.fr\/gerardmerinfo\/2020\/02\/prochaine-collecte-de-sang-mardi-25-fevrier\/\"},\"author\":{\"name\":\"Amicale des donneurs de sang benevoles du Tholy et des environs\",\"@id\":\"https:\/\/vosgesinfo.fr\/gerardmerinfo\/#\/schema\/person\/9c7db3d3c38d401899d2cf00ae2fa446\"},\"headline\":\"Prochaine collecte de Sang le mardi 25 f\u00e9vrier\",\"datePublished\":\"2020-02-23T15:40:51+00:00\",\"dateModified\":\"2020-02-23T15:40:51+00:00\",\"mainEntityOfPage\":{\"@id\":\"https:\/\/vosgesinfo.fr\/gerardmerinfo\/2020\/02\/prochaine-collecte-de-sang-mardi-25-fevrier\/\"},\"wordCount\":48,\"commentCount\":0,\"publisher\":{\"@id\":\"https:\/\/vosgesinfo.fr\/gerardmerinfo\/#organization\"},\"image\":{\"@id\":\"https:\/\/vosgesinfo.fr\/gerardmerinfo\/2020\/02\/prochaine-collecte-de-sang-mardi-25-fevrier\/#primaryimage\"},\"thumbnailUrl\":\"https:\/\/vosgesinfo.fr\/app\/uploads\/sites\/6\/2016\/05\/don-du-sang-5012.jpg\",\"keywords\":[\"don du sang\"],\"articleSection\":[\"Sant\u00e9\",\"solidarit\u00e9\",\"Vie Associative\"],\"inLanguage\":\"fr-FR\",\"potentialAction\":[{\"@type\":\"CommentAction\",\"name\":\"Comment\",\"target\":[\"https:\/\/vosgesinfo.fr\/gerardmerinfo\/2020\/02\/prochaine-collecte-de-sang-mardi-25-fevrier\/#respond\"]}]},{\"@type\":\"WebPage\",\"@id\":\"https:\/\/vosgesinfo.fr\/gerardmerinfo\/2020\/02\/prochaine-collecte-de-sang-mardi-25-fevrier\/\",\"url\":\"https:\/\/vosgesinfo.fr\/gerardmerinfo\/2020\/02\/prochaine-collecte-de-sang-mardi-25-fevrier\/\",\"name\":\"Prochaine collecte de Sang le mardi 25 f\u00e9vrier - Gerardmer Info\",\"isPartOf\":{\"@id\":\"https:\/\/vosgesinfo.fr\/gerardmerinfo\/#website\"},\"primaryImageOfPage\":{\"@id\":\"https:\/\/vosgesinfo.fr\/gerardmerinfo\/2020\/02\/prochaine-collecte-de-sang-mardi-25-fevrier\/#primaryimage\"},\"image\":{\"@id\":\"https:\/\/vosgesinfo.fr\/gerardmerinfo\/2020\/02\/prochaine-collecte-de-sang-mardi-25-fevrier\/#primaryimage\"},\"thumbnailUrl\":\"https:\/\/vosgesinfo.fr\/app\/uploads\/sites\/6\/2016\/05\/don-du-sang-5012.jpg\",\"datePublished\":\"2020-02-23T15:40:51+00:00\",\"dateModified\":\"2020-02-23T15:40:51+00:00\",\"breadcrumb\":{\"@id\":\"https:\/\/vosgesinfo.fr\/gerardmerinfo\/2020\/02\/prochaine-collecte-de-sang-mardi-25-fevrier\/#breadcrumb\"},\"inLanguage\":\"fr-FR\",\"potentialAction\":[{\"@type\":\"ReadAction\",\"target\":[\"https:\/\/vosgesinfo.fr\/gerardmerinfo\/2020\/02\/prochaine-collecte-de-sang-mardi-25-fevrier\/\"]}]},{\"@type\":\"ImageObject\",\"inLanguage\":\"fr-FR\",\"@id\":\"https:\/\/vosgesinfo.fr\/gerardmerinfo\/2020\/02\/prochaine-collecte-de-sang-mardi-25-fevrier\/#primaryimage\",\"url\":\"https:\/\/vosgesinfo.fr\/app\/uploads\/sites\/6\/2016\/05\/don-du-sang-5012.jpg\",\"contentUrl\":\"https:\/\/vosgesinfo.fr\/app\/uploads\/sites\/6\/2016\/05\/don-du-sang-5012.jpg\",\"width\":1024,\"height\":616},{\"@type\":\"BreadcrumbList\",\"@id\":\"https:\/\/vosgesinfo.fr\/gerardmerinfo\/2020\/02\/prochaine-collecte-de-sang-mardi-25-fevrier\/#breadcrumb\",\"itemListElement\":[{\"@type\":\"ListItem\",\"position\":1,\"name\":\"Home\",\"item\":\"https:\/\/vosgesinfo.fr\/gerardmerinfo\/\"},{\"@type\":\"ListItem\",\"position\":2,\"name\":\"Prochaine collecte de Sang le mardi 25 f\u00e9vrier\"}]},{\"@type\":\"WebSite\",\"@id\":\"https:\/\/vosgesinfo.fr\/gerardmerinfo\/#website\",\"url\":\"https:\/\/vosgesinfo.fr\/gerardmerinfo\/\",\"name\":\"Gerardmer Info\",\"description\":\"Toute l&#039;actualit\u00e9 de G\u00e9rardmer\",\"publisher\":{\"@id\":\"https:\/\/vosgesinfo.fr\/gerardmerinfo\/#organization\"},\"alternateName\":\"Toute l'actualit\u00e9 de G\u00e9rardmer\",\"potentialAction\":[{\"@type\":\"SearchAction\",\"target\":{\"@type\":\"EntryPoint\",\"urlTemplate\":\"https:\/\/vosgesinfo.fr\/gerardmerinfo\/?s={search_term_string}\"},\"query-input\":\"required name=search_term_string\"}],\"inLanguage\":\"fr-FR\"},{\"@type\":\"Organization\",\"@id\":\"https:\/\/vosgesinfo.fr\/gerardmerinfo\/#organization\",\"name\":\"Gerardmer Info\",\"url\":\"https:\/\/vosgesinfo.fr\/gerardmerinfo\/\",\"logo\":{\"@type\":\"ImageObject\",\"inLanguage\":\"fr-FR\",\"@id\":\"https:\/\/vosgesinfo.fr\/gerardmerinfo\/#\/schema\/logo\/image\/\",\"url\":\"https:\/\/vosgesinfo.fr\/app\/uploads\/sites\/6\/2023\/08\/favicon-gerardmerinfo.png\",\"contentUrl\":\"https:\/\/vosgesinfo.fr\/app\/uploads\/sites\/6\/2023\/08\/favicon-gerardmerinfo.png\",\"width\":512,\"height\":512,\"caption\":\"Gerardmer Info\"},\"image\":{\"@id\":\"https:\/\/vosgesinfo.fr\/gerardmerinfo\/#\/schema\/logo\/image\/\"},\"sameAs\":[\"https:\/\/www.facebook.com\/profile.php?id=100049475262660\",\"https:\/\/x.com\/VosgesInfo88\",\"https:\/\/www.youtube.com\/@vosgesinfo\"]},{\"@type\":\"Person\",\"@id\":\"https:\/\/vosgesinfo.fr\/gerardmerinfo\/#\/schema\/person\/9c7db3d3c38d401899d2cf00ae2fa446\",\"name\":\"Amicale des donneurs de sang benevoles du Tholy et des environs\",\"image\":{\"@type\":\"ImageObject\",\"inLanguage\":\"fr-FR\",\"@id\":\"https:\/\/vosgesinfo.fr\/gerardmerinfo\/#\/schema\/person\/image\/\",\"url\":\"https:\/\/secure.gravatar.com\/avatar\/a5450dd5571df47dc9897da400ae7deb1e898351ef30cc2299b3a99c5906c9ea?s=96&d=mm&r=g\",\"contentUrl\":\"https:\/\/secure.gravatar.com\/avatar\/a5450dd5571df47dc9897da400ae7deb1e898351ef30cc2299b3a99c5906c9ea?s=96&d=mm&r=g\",\"caption\":\"Amicale des donneurs de sang benevoles du Tholy et des environs\"},\"description\":\"Notre amicale a pour but de r\u00e9unir tous les Donneurs de Sang B\u00e9n\u00e9voles du Tholy et des environs pour regrouper les bonnes volont\u00e9s pour la Promotion du don du sang et l'organisation des collectes.\",\"url\":\"https:\/\/vosgesinfo.fr\/gerardmerinfo\/author\/amicale-des-donneurs-de-sang-benevoles-du-tholy-et\/\"}]}<\/script>\n<!-- \/ Yoast SEO plugin. -->","yoast_head_json":{"title":"Prochaine collecte de Sang le mardi 25 f\u00e9vrier - Gerardmer Info","robots":{"index":"index","follow":"follow","max-snippet":"max-snippet:-1","max-image-preview":"max-image-preview:large","max-video-preview":"max-video-preview:-1"},"canonical":"https:\/\/vosgesinfo.fr\/gerardmerinfo\/2020\/02\/prochaine-collecte-de-sang-mardi-25-fevrier\/","twitter_card":"summary_large_image","twitter_title":"Prochaine collecte de Sang le mardi 25 f\u00e9vrier - Gerardmer Info","twitter_description":"L&rsquo;amicale des donneurs de sang b\u00e9n\u00e9voles du Tholy compte sur vous pour sauver des vies humaines. Venez nombreux, en famille, [&hellip;]","twitter_image":"https:\/\/vosgesinfo.fr\/app\/uploads\/sites\/6\/2016\/05\/don-du-sang-5012.jpg","twitter_creator":"@VosgesInfo88","twitter_site":"@VosgesInfo88","twitter_misc":{"\u00c9crit par":"Amicale des donneurs de sang benevoles du Tholy et des environs"},"schema":{"@context":"https:\/\/schema.org","@graph":[{"@type":"Article","@id":"https:\/\/vosgesinfo.fr\/gerardmerinfo\/2020\/02\/prochaine-collecte-de-sang-mardi-25-fevrier\/#article","isPartOf":{"@id":"https:\/\/vosgesinfo.fr\/gerardmerinfo\/2020\/02\/prochaine-collecte-de-sang-mardi-25-fevrier\/"},"author":{"name":"Amicale des donneurs de sang benevoles du Tholy et des environs","@id":"https:\/\/vosgesinfo.fr\/gerardmerinfo\/#\/schema\/person\/9c7db3d3c38d401899d2cf00ae2fa446"},"headline":"Prochaine collecte de Sang le mardi 25 f\u00e9vrier","datePublished":"2020-02-23T15:40:51+00:00","dateModified":"2020-02-23T15:40:51+00:00","mainEntityOfPage":{"@id":"https:\/\/vosgesinfo.fr\/gerardmerinfo\/2020\/02\/prochaine-collecte-de-sang-mardi-25-fevrier\/"},"wordCount":48,"commentCount":0,"publisher":{"@id":"https:\/\/vosgesinfo.fr\/gerardmerinfo\/#organization"},"image":{"@id":"https:\/\/vosgesinfo.fr\/gerardmerinfo\/2020\/02\/prochaine-collecte-de-sang-mardi-25-fevrier\/#primaryimage"},"thumbnailUrl":"https:\/\/vosgesinfo.fr\/app\/uploads\/sites\/6\/2016\/05\/don-du-sang-5012.jpg","keywords":["don du sang"],"articleSection":["Sant\u00e9","solidarit\u00e9","Vie Associative"],"inLanguage":"fr-FR","potentialAction":[{"@type":"CommentAction","name":"Comment","target":["https:\/\/vosgesinfo.fr\/gerardmerinfo\/2020\/02\/prochaine-collecte-de-sang-mardi-25-fevrier\/#respond"]}]},{"@type":"WebPage","@id":"https:\/\/vosgesinfo.fr\/gerardmerinfo\/2020\/02\/prochaine-collecte-de-sang-mardi-25-fevrier\/","url":"https:\/\/vosgesinfo.fr\/gerardmerinfo\/2020\/02\/prochaine-collecte-de-sang-mardi-25-fevrier\/","name":"Prochaine collecte de Sang le mardi 25 f\u00e9vrier - Gerardmer Info","isPartOf":{"@id":"https:\/\/vosgesinfo.fr\/gerardmerinfo\/#website"},"primaryImageOfPage":{"@id":"https:\/\/vosgesinfo.fr\/gerardmerinfo\/2020\/02\/prochaine-collecte-de-sang-mardi-25-fevrier\/#primaryimage"},"image":{"@id":"https:\/\/vosgesinfo.fr\/gerardmerinfo\/2020\/02\/prochaine-collecte-de-sang-mardi-25-fevrier\/#primaryimage"},"thumbnailUrl":"https:\/\/vosgesinfo.fr\/app\/uploads\/sites\/6\/2016\/05\/don-du-sang-5012.jpg","datePublished":"2020-02-23T15:40:51+00:00","dateModified":"2020-02-23T15:40:51+00:00","breadcrumb":{"@id":"https:\/\/vosgesinfo.fr\/gerardmerinfo\/2020\/02\/prochaine-collecte-de-sang-mardi-25-fevrier\/#breadcrumb"},"inLanguage":"fr-FR","potentialAction":[{"@type":"ReadAction","target":["https:\/\/vosgesinfo.fr\/gerardmerinfo\/2020\/02\/prochaine-collecte-de-sang-mardi-25-fevrier\/"]}]},{"@type":"ImageObject","inLanguage":"fr-FR","@id":"https:\/\/vosgesinfo.fr\/gerardmerinfo\/2020\/02\/prochaine-collecte-de-sang-mardi-25-fevrier\/#primaryimage","url":"https:\/\/vosgesinfo.fr\/app\/uploads\/sites\/6\/2016\/05\/don-du-sang-5012.jpg","contentUrl":"https:\/\/vosgesinfo.fr\/app\/uploads\/sites\/6\/2016\/05\/don-du-sang-5012.jpg","width":1024,"height":616},{"@type":"BreadcrumbList","@id":"https:\/\/vosgesinfo.fr\/gerardmerinfo\/2020\/02\/prochaine-collecte-de-sang-mardi-25-fevrier\/#breadcrumb","itemListElement":[{"@type":"ListItem","position":1,"name":"Home","item":"https:\/\/vosgesinfo.fr\/gerardmerinfo\/"},{"@type":"ListItem","position":2,"name":"Prochaine collecte de Sang le mardi 25 f\u00e9vrier"}]},{"@type":"WebSite","@id":"https:\/\/vosgesinfo.fr\/gerardmerinfo\/#website","url":"https:\/\/vosgesinfo.fr\/gerardmerinfo\/","name":"Gerardmer Info","description":"Toute l&#039;actualit\u00e9 de G\u00e9rardmer","publisher":{"@id":"https:\/\/vosgesinfo.fr\/gerardmerinfo\/#organization"},"alternateName":"Toute l'actualit\u00e9 de G\u00e9rardmer","potentialAction":[{"@type":"SearchAction","target":{"@type":"EntryPoint","urlTemplate":"https:\/\/vosgesinfo.fr\/gerardmerinfo\/?s={search_term_string}"},"query-input":"required name=search_term_string"}],"inLanguage":"fr-FR"},{"@type":"Organization","@id":"https:\/\/vosgesinfo.fr\/gerardmerinfo\/#organization","name":"Gerardmer Info","url":"https:\/\/vosgesinfo.fr\/gerardmerinfo\/","logo":{"@type":"ImageObject","inLanguage":"fr-FR","@id":"https:\/\/vosgesinfo.fr\/gerardmerinfo\/#\/schema\/logo\/image\/","url":"https:\/\/vosgesinfo.fr\/app\/uploads\/sites\/6\/2023\/08\/favicon-gerardmerinfo.png","contentUrl":"https:\/\/vosgesinfo.fr\/app\/uploads\/sites\/6\/2023\/08\/favicon-gerardmerinfo.png","width":512,"height":512,"caption":"Gerardmer Info"},"image":{"@id":"https:\/\/vosgesinfo.fr\/gerardmerinfo\/#\/schema\/logo\/image\/"},"sameAs":["https:\/\/www.facebook.com\/profile.php?id=100049475262660","https:\/\/x.com\/VosgesInfo88","https:\/\/www.youtube.com\/@vosgesinfo"]},{"@type":"Person","@id":"https:\/\/vosgesinfo.fr\/gerardmerinfo\/#\/schema\/person\/9c7db3d3c38d401899d2cf00ae2fa446","name":"Amicale des donneurs de sang benevoles du Tholy et des environs","image":{"@type":"ImageObject","inLanguage":"fr-FR","@id":"https:\/\/vosgesinfo.fr\/gerardmerinfo\/#\/schema\/person\/image\/","url":"https:\/\/secure.gravatar.com\/avatar\/a5450dd5571df47dc9897da400ae7deb1e898351ef30cc2299b3a99c5906c9ea?s=96&d=mm&r=g","contentUrl":"https:\/\/secure.gravatar.com\/avatar\/a5450dd5571df47dc9897da400ae7deb1e898351ef30cc2299b3a99c5906c9ea?s=96&d=mm&r=g","caption":"Amicale des donneurs de sang benevoles du Tholy et des environs"},"description":"Notre amicale a pour but de r\u00e9unir tous les Donneurs de Sang B\u00e9n\u00e9voles du Tholy et des environs pour regrouper les bonnes volont\u00e9s pour la Promotion du don du sang et l'organisation des collectes.","url":"https:\/\/vosgesinfo.fr\/gerardmerinfo\/author\/amicale-des-donneurs-de-sang-benevoles-du-tholy-et\/"}]}},"_links":{"self":[{"href":"https:\/\/vosgesinfo.fr\/gerardmerinfo\/wp-json\/wp\/v2\/posts\/46740","targetHints":{"allow":["GET"]}}],"collection":[{"href":"https:\/\/vosgesinfo.fr\/gerardmerinfo\/wp-json\/wp\/v2\/posts"}],"about":[{"href":"https:\/\/vosgesinfo.fr\/gerardmerinfo\/wp-json\/wp\/v2\/types\/post"}],"author":[{"embeddable":true,"href":"https:\/\/vosgesinfo.fr\/gerardmerinfo\/wp-json\/wp\/v2\/users\/140"}],"replies":[{"embeddable":true,"href":"https:\/\/vosgesinfo.fr\/gerardmerinfo\/wp-json\/wp\/v2\/comments?post=46740"}],"version-history":[{"count":0,"href":"https:\/\/vosgesinfo.fr\/gerardmerinfo\/wp-json\/wp\/v2\/posts\/46740\/revisions"}],"wp:featuredmedia":[{"embeddable":true,"href":"https:\/\/vosgesinfo.fr\/gerardmerinfo\/wp-json\/wp\/v2\/media\/246"}],"wp:attachment":[{"href":"https:\/\/vosgesinfo.fr\/gerardmerinfo\/wp-json\/wp\/v2\/media?parent=46740"}],"wp:term":[{"taxonomy":"category","embeddable":true,"href":"https:\/\/vosgesinfo.fr\/gerardmerinfo\/wp-json\/wp\/v2\/categories?post=46740"},{"taxonomy":"post_tag","embeddable":true,"href":"https:\/\/vosgesinfo.fr\/gerardmerinfo\/wp-json\/wp\/v2\/tags?post=46740"}],"curies":[{"name":"wp","href":"https:\/\/api.w.org\/{rel}","templated":true}]}}