{"id":46785,"date":"2020-02-22T07:36:31","date_gmt":"2020-02-22T06:36:31","guid":{"rendered":"https:\/\/vosgesinfo.fr\/gerardmerinfo\/2020\/02\/conseil-municipal-lettre-de-caroline-a-pere-michel-durand\/"},"modified":"2020-02-22T07:36:31","modified_gmt":"2020-02-22T06:36:31","slug":"conseil-municipal-lettre-de-caroline-a-pere-michel-durand","status":"publish","type":"post","link":"https:\/\/vosgesinfo.fr\/gerardmerinfo\/2020\/02\/conseil-municipal-lettre-de-caroline-a-pere-michel-durand\/","title":{"rendered":"Conseil municipal &#8211; la lettre de Caroline \u00e0 son p\u00e8re Michel Durand"},"content":{"rendered":"<p><a href=\"https:\/\/gerardmerinfo.fr\/2020\/02\/lhommage-de-caroline-a-pere-michel-durand\/p1140077\/\" rel=\"attachment wp-att-159534\"><img decoding=\"async\" class=\"alignright wp-image-159534 size-medium\" src=\"\/2020\/02\/P1140077-340x255.jpg\" alt=\"P1140077\" width=\"340\" height=\"255\" \/><\/a>Comme nous l&rsquo;avions publi\u00e9 dans un article pr\u00e9c\u00e9dent, Caroline Cominotti-Durand a succ\u00e9d\u00e9 \u00e0 son p\u00e8re Michel Durand au sein m\u00eame du dernier conseil municipal de la mandature (\u00a0<a href=\"https:\/\/gerardmerinfo.fr\/2020\/02\/lhommage-de-caroline-a-pere-michel-durand\/\">https:\/\/gerardmerinfo.fr\/2020\/02\/lhommage-de-caroline-a-pere-michel-durand\/<\/a> ). Absente,\u00a0 c&rsquo;est par la voix du maire Stessy Speissmann qu&rsquo;elle s&rsquo;est exprim\u00e9e. L&rsquo;\u00e9motion \u00e9tait au rendez-vous.<\/p>\n<p><em>Mesdames, Messieurs,<\/em><\/p>\n<p><em>Il me tenait vraiment \u00e0 c\u0153ur de remplacer mon papa au Conseil Municipal, pour honorer sa m\u00e9moire.<\/em><\/p>\n<p><em>Je remercie grandement Monsieur le Maire pour son soutien tout au long de ma d\u00e9marche et particuli\u00e8rement mes colistiers qui m\u2019ont laiss\u00e9 place. Sans eux, je ne serais pas parvenue \u00e0 porter ce message\u00a0:<\/em><\/p>\n<p><em>\u00ab\u00a0Papa,<\/em><\/p>\n<p><em>Aujourd\u2019hui, tu n\u2019es plus l\u00e0, ta chaise est vide.<\/em><\/p>\n<p><em>Ta chaise est vide car je suis partie dans le Grand Nord Canadien, ce magnifique cadeau auquel tu avais particip\u00e9 avec la famille et mes amis pour mes 40 ans. Tu te r\u00e9jouissais tellement pour moi&#8230;<\/em><\/p>\n<p><em>Ta chaise est vide et c\u2019est moi qui te remplace, Papa. Tu es parti bien trop t\u00f4t, mais tu as accompli tellement de choses dans ta vie. Tu \u00e9tais tr\u00e8s investi dans ta t\u00e2che de conseiller municipal, tu avais \u00e0 c\u0153ur de travailler pour le bien-\u00eatre des g\u00e9r\u00f4mois et le d\u00e9veloppement de la Ville\u2026 Je suis l\u00e0 pour poursuivre symboliquement ton engagement jusqu\u2019au bout, pour dire combien tu \u00e9tais une belle personne au service de tous et transmettre ton optimisme, ta bienveillance.<\/em><\/p>\n<p><em>Merci Papa pour tout ce que tu as apport\u00e9\u00a0!\u00a0\u00bb<\/em><\/p>\n<p>Caroline<\/p>\n","protected":false},"excerpt":{"rendered":"<p>Comme nous l&rsquo;avions publi\u00e9 dans un article pr\u00e9c\u00e9dent, Caroline Cominotti-Durand a succ\u00e9d\u00e9 \u00e0 son p\u00e8re Michel Durand au sein m\u00eame [&hellip;]<\/p>\n","protected":false},"author":1,"featured_media":46786,"comment_status":"open","ping_status":"open","sticky":false,"template":"","format":"standard","meta":{"footnotes":""},"categories":[20],"tags":[],"class_list":["post-46785","post","type-post","status-publish","format-standard","has-post-thumbnail","hentry","category-a-la-une"],"acf":[],"yoast_head":"<!-- This site is optimized with the Yoast SEO plugin v22.5 - https:\/\/yoast.com\/wordpress\/plugins\/seo\/ -->\n<title>Conseil municipal - la lettre de Caroline \u00e0 son p\u00e8re Michel Durand - Gerardmer Info<\/title>\n<meta name=\"robots\" content=\"index, follow, max-snippet:-1, max-image-preview:large, max-video-preview:-1\" \/>\n<link rel=\"canonical\" href=\"https:\/\/vosgesinfo.fr\/gerardmerinfo\/2020\/02\/conseil-municipal-lettre-de-caroline-a-pere-michel-durand\/\" \/>\n<meta name=\"twitter:card\" content=\"summary_large_image\" \/>\n<meta name=\"twitter:title\" content=\"Conseil municipal - la lettre de Caroline \u00e0 son p\u00e8re Michel Durand - Gerardmer Info\" \/>\n<meta name=\"twitter:description\" content=\"Comme nous l&rsquo;avions publi\u00e9 dans un article pr\u00e9c\u00e9dent, Caroline Cominotti-Durand a succ\u00e9d\u00e9 \u00e0 son p\u00e8re Michel Durand au sein m\u00eame [&hellip;]\" \/>\n<meta name=\"twitter:image\" content=\"https:\/\/vosgesinfo.fr\/app\/uploads\/sites\/6\/2024\/07\/202002p1140077-1.jpg\" \/>\n<meta name=\"twitter:creator\" content=\"@VosgesInfo88\" \/>\n<meta name=\"twitter:site\" content=\"@VosgesInfo88\" \/>\n<meta name=\"twitter:label1\" content=\"\u00c9crit par\" \/>\n\t<meta name=\"twitter:data1\" content=\"qs_admin\" \/>\n\t<meta name=\"twitter:label2\" content=\"Dur\u00e9e de lecture estim\u00e9e\" \/>\n\t<meta name=\"twitter:data2\" content=\"1 minute\" \/>\n<script type=\"application\/ld+json\" class=\"yoast-schema-graph\">{\"@context\":\"https:\/\/schema.org\",\"@graph\":[{\"@type\":\"Article\",\"@id\":\"https:\/\/vosgesinfo.fr\/gerardmerinfo\/2020\/02\/conseil-municipal-lettre-de-caroline-a-pere-michel-durand\/#article\",\"isPartOf\":{\"@id\":\"https:\/\/vosgesinfo.fr\/gerardmerinfo\/2020\/02\/conseil-municipal-lettre-de-caroline-a-pere-michel-durand\/\"},\"author\":{\"name\":\"qs_admin\",\"@id\":\"https:\/\/vosgesinfo.fr\/gerardmerinfo\/#\/schema\/person\/bc5d02d71e6932e81b6dadb7386667b1\"},\"headline\":\"Conseil municipal &#8211; la lettre de Caroline \u00e0 son p\u00e8re Michel Durand\",\"datePublished\":\"2020-02-22T06:36:31+00:00\",\"dateModified\":\"2020-02-22T06:36:31+00:00\",\"mainEntityOfPage\":{\"@id\":\"https:\/\/vosgesinfo.fr\/gerardmerinfo\/2020\/02\/conseil-municipal-lettre-de-caroline-a-pere-michel-durand\/\"},\"wordCount\":274,\"commentCount\":0,\"publisher\":{\"@id\":\"https:\/\/vosgesinfo.fr\/gerardmerinfo\/#organization\"},\"image\":{\"@id\":\"https:\/\/vosgesinfo.fr\/gerardmerinfo\/2020\/02\/conseil-municipal-lettre-de-caroline-a-pere-michel-durand\/#primaryimage\"},\"thumbnailUrl\":\"https:\/\/vosgesinfo.fr\/app\/uploads\/sites\/6\/2024\/07\/202002p1140077-1.jpg\",\"articleSection\":[\"A la une\"],\"inLanguage\":\"fr-FR\",\"potentialAction\":[{\"@type\":\"CommentAction\",\"name\":\"Comment\",\"target\":[\"https:\/\/vosgesinfo.fr\/gerardmerinfo\/2020\/02\/conseil-municipal-lettre-de-caroline-a-pere-michel-durand\/#respond\"]}]},{\"@type\":\"WebPage\",\"@id\":\"https:\/\/vosgesinfo.fr\/gerardmerinfo\/2020\/02\/conseil-municipal-lettre-de-caroline-a-pere-michel-durand\/\",\"url\":\"https:\/\/vosgesinfo.fr\/gerardmerinfo\/2020\/02\/conseil-municipal-lettre-de-caroline-a-pere-michel-durand\/\",\"name\":\"Conseil municipal - la lettre de Caroline \u00e0 son p\u00e8re Michel Durand - Gerardmer Info\",\"isPartOf\":{\"@id\":\"https:\/\/vosgesinfo.fr\/gerardmerinfo\/#website\"},\"primaryImageOfPage\":{\"@id\":\"https:\/\/vosgesinfo.fr\/gerardmerinfo\/2020\/02\/conseil-municipal-lettre-de-caroline-a-pere-michel-durand\/#primaryimage\"},\"image\":{\"@id\":\"https:\/\/vosgesinfo.fr\/gerardmerinfo\/2020\/02\/conseil-municipal-lettre-de-caroline-a-pere-michel-durand\/#primaryimage\"},\"thumbnailUrl\":\"https:\/\/vosgesinfo.fr\/app\/uploads\/sites\/6\/2024\/07\/202002p1140077-1.jpg\",\"datePublished\":\"2020-02-22T06:36:31+00:00\",\"dateModified\":\"2020-02-22T06:36:31+00:00\",\"breadcrumb\":{\"@id\":\"https:\/\/vosgesinfo.fr\/gerardmerinfo\/2020\/02\/conseil-municipal-lettre-de-caroline-a-pere-michel-durand\/#breadcrumb\"},\"inLanguage\":\"fr-FR\",\"potentialAction\":[{\"@type\":\"ReadAction\",\"target\":[\"https:\/\/vosgesinfo.fr\/gerardmerinfo\/2020\/02\/conseil-municipal-lettre-de-caroline-a-pere-michel-durand\/\"]}]},{\"@type\":\"ImageObject\",\"inLanguage\":\"fr-FR\",\"@id\":\"https:\/\/vosgesinfo.fr\/gerardmerinfo\/2020\/02\/conseil-municipal-lettre-de-caroline-a-pere-michel-durand\/#primaryimage\",\"url\":\"https:\/\/vosgesinfo.fr\/app\/uploads\/sites\/6\/2024\/07\/202002p1140077-1.jpg\",\"contentUrl\":\"https:\/\/vosgesinfo.fr\/app\/uploads\/sites\/6\/2024\/07\/202002p1140077-1.jpg\",\"width\":800,\"height\":600},{\"@type\":\"BreadcrumbList\",\"@id\":\"https:\/\/vosgesinfo.fr\/gerardmerinfo\/2020\/02\/conseil-municipal-lettre-de-caroline-a-pere-michel-durand\/#breadcrumb\",\"itemListElement\":[{\"@type\":\"ListItem\",\"position\":1,\"name\":\"Home\",\"item\":\"https:\/\/vosgesinfo.fr\/gerardmerinfo\/\"},{\"@type\":\"ListItem\",\"position\":2,\"name\":\"Conseil municipal &#8211; la lettre de Caroline \u00e0 son p\u00e8re Michel Durand\"}]},{\"@type\":\"WebSite\",\"@id\":\"https:\/\/vosgesinfo.fr\/gerardmerinfo\/#website\",\"url\":\"https:\/\/vosgesinfo.fr\/gerardmerinfo\/\",\"name\":\"Gerardmer Info\",\"description\":\"Toute l&#039;actualit\u00e9 de G\u00e9rardmer\",\"publisher\":{\"@id\":\"https:\/\/vosgesinfo.fr\/gerardmerinfo\/#organization\"},\"alternateName\":\"Toute l'actualit\u00e9 de G\u00e9rardmer\",\"potentialAction\":[{\"@type\":\"SearchAction\",\"target\":{\"@type\":\"EntryPoint\",\"urlTemplate\":\"https:\/\/vosgesinfo.fr\/gerardmerinfo\/?s={search_term_string}\"},\"query-input\":\"required name=search_term_string\"}],\"inLanguage\":\"fr-FR\"},{\"@type\":\"Organization\",\"@id\":\"https:\/\/vosgesinfo.fr\/gerardmerinfo\/#organization\",\"name\":\"Gerardmer Info\",\"url\":\"https:\/\/vosgesinfo.fr\/gerardmerinfo\/\",\"logo\":{\"@type\":\"ImageObject\",\"inLanguage\":\"fr-FR\",\"@id\":\"https:\/\/vosgesinfo.fr\/gerardmerinfo\/#\/schema\/logo\/image\/\",\"url\":\"https:\/\/vosgesinfo.fr\/app\/uploads\/sites\/6\/2023\/08\/favicon-gerardmerinfo.png\",\"contentUrl\":\"https:\/\/vosgesinfo.fr\/app\/uploads\/sites\/6\/2023\/08\/favicon-gerardmerinfo.png\",\"width\":512,\"height\":512,\"caption\":\"Gerardmer Info\"},\"image\":{\"@id\":\"https:\/\/vosgesinfo.fr\/gerardmerinfo\/#\/schema\/logo\/image\/\"},\"sameAs\":[\"https:\/\/www.facebook.com\/profile.php?id=100049475262660\",\"https:\/\/x.com\/VosgesInfo88\",\"https:\/\/www.youtube.com\/@vosgesinfo\"]},{\"@type\":\"Person\",\"@id\":\"https:\/\/vosgesinfo.fr\/gerardmerinfo\/#\/schema\/person\/bc5d02d71e6932e81b6dadb7386667b1\",\"name\":\"qs_admin\",\"image\":{\"@type\":\"ImageObject\",\"inLanguage\":\"fr-FR\",\"@id\":\"https:\/\/vosgesinfo.fr\/gerardmerinfo\/#\/schema\/person\/image\/\",\"url\":\"https:\/\/secure.gravatar.com\/avatar\/94b18ee0ed79e4a42ea2f2931277b6841a8999fc6fde214600c78057cf1fe1de?s=96&d=mm&r=g\",\"contentUrl\":\"https:\/\/secure.gravatar.com\/avatar\/94b18ee0ed79e4a42ea2f2931277b6841a8999fc6fde214600c78057cf1fe1de?s=96&d=mm&r=g\",\"caption\":\"qs_admin\"},\"sameAs\":[\"https:\/\/vosgesinfo.fr\/wp\"],\"url\":\"https:\/\/vosgesinfo.fr\/gerardmerinfo\/author\/qs_admin\/\"}]}<\/script>\n<!-- \/ Yoast SEO plugin. -->","yoast_head_json":{"title":"Conseil municipal - la lettre de Caroline \u00e0 son p\u00e8re Michel Durand - Gerardmer Info","robots":{"index":"index","follow":"follow","max-snippet":"max-snippet:-1","max-image-preview":"max-image-preview:large","max-video-preview":"max-video-preview:-1"},"canonical":"https:\/\/vosgesinfo.fr\/gerardmerinfo\/2020\/02\/conseil-municipal-lettre-de-caroline-a-pere-michel-durand\/","twitter_card":"summary_large_image","twitter_title":"Conseil municipal - la lettre de Caroline \u00e0 son p\u00e8re Michel Durand - Gerardmer Info","twitter_description":"Comme nous l&rsquo;avions publi\u00e9 dans un article pr\u00e9c\u00e9dent, Caroline Cominotti-Durand a succ\u00e9d\u00e9 \u00e0 son p\u00e8re Michel Durand au sein m\u00eame [&hellip;]","twitter_image":"https:\/\/vosgesinfo.fr\/app\/uploads\/sites\/6\/2024\/07\/202002p1140077-1.jpg","twitter_creator":"@VosgesInfo88","twitter_site":"@VosgesInfo88","twitter_misc":{"\u00c9crit par":"qs_admin","Dur\u00e9e de lecture estim\u00e9e":"1 minute"},"schema":{"@context":"https:\/\/schema.org","@graph":[{"@type":"Article","@id":"https:\/\/vosgesinfo.fr\/gerardmerinfo\/2020\/02\/conseil-municipal-lettre-de-caroline-a-pere-michel-durand\/#article","isPartOf":{"@id":"https:\/\/vosgesinfo.fr\/gerardmerinfo\/2020\/02\/conseil-municipal-lettre-de-caroline-a-pere-michel-durand\/"},"author":{"name":"qs_admin","@id":"https:\/\/vosgesinfo.fr\/gerardmerinfo\/#\/schema\/person\/bc5d02d71e6932e81b6dadb7386667b1"},"headline":"Conseil municipal &#8211; la lettre de Caroline \u00e0 son p\u00e8re Michel Durand","datePublished":"2020-02-22T06:36:31+00:00","dateModified":"2020-02-22T06:36:31+00:00","mainEntityOfPage":{"@id":"https:\/\/vosgesinfo.fr\/gerardmerinfo\/2020\/02\/conseil-municipal-lettre-de-caroline-a-pere-michel-durand\/"},"wordCount":274,"commentCount":0,"publisher":{"@id":"https:\/\/vosgesinfo.fr\/gerardmerinfo\/#organization"},"image":{"@id":"https:\/\/vosgesinfo.fr\/gerardmerinfo\/2020\/02\/conseil-municipal-lettre-de-caroline-a-pere-michel-durand\/#primaryimage"},"thumbnailUrl":"https:\/\/vosgesinfo.fr\/app\/uploads\/sites\/6\/2024\/07\/202002p1140077-1.jpg","articleSection":["A la une"],"inLanguage":"fr-FR","potentialAction":[{"@type":"CommentAction","name":"Comment","target":["https:\/\/vosgesinfo.fr\/gerardmerinfo\/2020\/02\/conseil-municipal-lettre-de-caroline-a-pere-michel-durand\/#respond"]}]},{"@type":"WebPage","@id":"https:\/\/vosgesinfo.fr\/gerardmerinfo\/2020\/02\/conseil-municipal-lettre-de-caroline-a-pere-michel-durand\/","url":"https:\/\/vosgesinfo.fr\/gerardmerinfo\/2020\/02\/conseil-municipal-lettre-de-caroline-a-pere-michel-durand\/","name":"Conseil municipal - la lettre de Caroline \u00e0 son p\u00e8re Michel Durand - Gerardmer Info","isPartOf":{"@id":"https:\/\/vosgesinfo.fr\/gerardmerinfo\/#website"},"primaryImageOfPage":{"@id":"https:\/\/vosgesinfo.fr\/gerardmerinfo\/2020\/02\/conseil-municipal-lettre-de-caroline-a-pere-michel-durand\/#primaryimage"},"image":{"@id":"https:\/\/vosgesinfo.fr\/gerardmerinfo\/2020\/02\/conseil-municipal-lettre-de-caroline-a-pere-michel-durand\/#primaryimage"},"thumbnailUrl":"https:\/\/vosgesinfo.fr\/app\/uploads\/sites\/6\/2024\/07\/202002p1140077-1.jpg","datePublished":"2020-02-22T06:36:31+00:00","dateModified":"2020-02-22T06:36:31+00:00","breadcrumb":{"@id":"https:\/\/vosgesinfo.fr\/gerardmerinfo\/2020\/02\/conseil-municipal-lettre-de-caroline-a-pere-michel-durand\/#breadcrumb"},"inLanguage":"fr-FR","potentialAction":[{"@type":"ReadAction","target":["https:\/\/vosgesinfo.fr\/gerardmerinfo\/2020\/02\/conseil-municipal-lettre-de-caroline-a-pere-michel-durand\/"]}]},{"@type":"ImageObject","inLanguage":"fr-FR","@id":"https:\/\/vosgesinfo.fr\/gerardmerinfo\/2020\/02\/conseil-municipal-lettre-de-caroline-a-pere-michel-durand\/#primaryimage","url":"https:\/\/vosgesinfo.fr\/app\/uploads\/sites\/6\/2024\/07\/202002p1140077-1.jpg","contentUrl":"https:\/\/vosgesinfo.fr\/app\/uploads\/sites\/6\/2024\/07\/202002p1140077-1.jpg","width":800,"height":600},{"@type":"BreadcrumbList","@id":"https:\/\/vosgesinfo.fr\/gerardmerinfo\/2020\/02\/conseil-municipal-lettre-de-caroline-a-pere-michel-durand\/#breadcrumb","itemListElement":[{"@type":"ListItem","position":1,"name":"Home","item":"https:\/\/vosgesinfo.fr\/gerardmerinfo\/"},{"@type":"ListItem","position":2,"name":"Conseil municipal &#8211; la lettre de Caroline \u00e0 son p\u00e8re Michel Durand"}]},{"@type":"WebSite","@id":"https:\/\/vosgesinfo.fr\/gerardmerinfo\/#website","url":"https:\/\/vosgesinfo.fr\/gerardmerinfo\/","name":"Gerardmer Info","description":"Toute l&#039;actualit\u00e9 de G\u00e9rardmer","publisher":{"@id":"https:\/\/vosgesinfo.fr\/gerardmerinfo\/#organization"},"alternateName":"Toute l'actualit\u00e9 de G\u00e9rardmer","potentialAction":[{"@type":"SearchAction","target":{"@type":"EntryPoint","urlTemplate":"https:\/\/vosgesinfo.fr\/gerardmerinfo\/?s={search_term_string}"},"query-input":"required name=search_term_string"}],"inLanguage":"fr-FR"},{"@type":"Organization","@id":"https:\/\/vosgesinfo.fr\/gerardmerinfo\/#organization","name":"Gerardmer Info","url":"https:\/\/vosgesinfo.fr\/gerardmerinfo\/","logo":{"@type":"ImageObject","inLanguage":"fr-FR","@id":"https:\/\/vosgesinfo.fr\/gerardmerinfo\/#\/schema\/logo\/image\/","url":"https:\/\/vosgesinfo.fr\/app\/uploads\/sites\/6\/2023\/08\/favicon-gerardmerinfo.png","contentUrl":"https:\/\/vosgesinfo.fr\/app\/uploads\/sites\/6\/2023\/08\/favicon-gerardmerinfo.png","width":512,"height":512,"caption":"Gerardmer Info"},"image":{"@id":"https:\/\/vosgesinfo.fr\/gerardmerinfo\/#\/schema\/logo\/image\/"},"sameAs":["https:\/\/www.facebook.com\/profile.php?id=100049475262660","https:\/\/x.com\/VosgesInfo88","https:\/\/www.youtube.com\/@vosgesinfo"]},{"@type":"Person","@id":"https:\/\/vosgesinfo.fr\/gerardmerinfo\/#\/schema\/person\/bc5d02d71e6932e81b6dadb7386667b1","name":"qs_admin","image":{"@type":"ImageObject","inLanguage":"fr-FR","@id":"https:\/\/vosgesinfo.fr\/gerardmerinfo\/#\/schema\/person\/image\/","url":"https:\/\/secure.gravatar.com\/avatar\/94b18ee0ed79e4a42ea2f2931277b6841a8999fc6fde214600c78057cf1fe1de?s=96&d=mm&r=g","contentUrl":"https:\/\/secure.gravatar.com\/avatar\/94b18ee0ed79e4a42ea2f2931277b6841a8999fc6fde214600c78057cf1fe1de?s=96&d=mm&r=g","caption":"qs_admin"},"sameAs":["https:\/\/vosgesinfo.fr\/wp"],"url":"https:\/\/vosgesinfo.fr\/gerardmerinfo\/author\/qs_admin\/"}]}},"_links":{"self":[{"href":"https:\/\/vosgesinfo.fr\/gerardmerinfo\/wp-json\/wp\/v2\/posts\/46785","targetHints":{"allow":["GET"]}}],"collection":[{"href":"https:\/\/vosgesinfo.fr\/gerardmerinfo\/wp-json\/wp\/v2\/posts"}],"about":[{"href":"https:\/\/vosgesinfo.fr\/gerardmerinfo\/wp-json\/wp\/v2\/types\/post"}],"author":[{"embeddable":true,"href":"https:\/\/vosgesinfo.fr\/gerardmerinfo\/wp-json\/wp\/v2\/users\/1"}],"replies":[{"embeddable":true,"href":"https:\/\/vosgesinfo.fr\/gerardmerinfo\/wp-json\/wp\/v2\/comments?post=46785"}],"version-history":[{"count":0,"href":"https:\/\/vosgesinfo.fr\/gerardmerinfo\/wp-json\/wp\/v2\/posts\/46785\/revisions"}],"wp:featuredmedia":[{"embeddable":true,"href":"https:\/\/vosgesinfo.fr\/gerardmerinfo\/wp-json\/wp\/v2\/media\/46786"}],"wp:attachment":[{"href":"https:\/\/vosgesinfo.fr\/gerardmerinfo\/wp-json\/wp\/v2\/media?parent=46785"}],"wp:term":[{"taxonomy":"category","embeddable":true,"href":"https:\/\/vosgesinfo.fr\/gerardmerinfo\/wp-json\/wp\/v2\/categories?post=46785"},{"taxonomy":"post_tag","embeddable":true,"href":"https:\/\/vosgesinfo.fr\/gerardmerinfo\/wp-json\/wp\/v2\/tags?post=46785"}],"curies":[{"name":"wp","href":"https:\/\/api.w.org\/{rel}","templated":true}]}}