{"id":46800,"date":"2020-02-22T07:49:14","date_gmt":"2020-02-22T06:49:14","guid":{"rendered":"https:\/\/vosgesinfo.fr\/gerardmerinfo\/2020\/02\/conseil-municipal-a-propos-camions-de-neige\/"},"modified":"2020-02-22T07:49:14","modified_gmt":"2020-02-22T06:49:14","slug":"conseil-municipal-a-propos-camions-de-neige","status":"publish","type":"post","link":"https:\/\/vosgesinfo.fr\/gerardmerinfo\/2020\/02\/conseil-municipal-a-propos-camions-de-neige\/","title":{"rendered":"Conseil municipal &#8211; \u00e0 propos des camions de neige"},"content":{"rendered":"<p><a href=\"https:\/\/gerardmerinfo.fr\/2020\/02\/conseil-municipal-a-propos-camions-de-neige\/concar\/\" rel=\"attachment wp-att-159939\"><img decoding=\"async\" class=\"aligncenter size-full wp-image-159939\" src=\"\/2020\/02\/concar.jpg\" alt=\"concar\" width=\"800\" height=\"600\" \/><\/a>Alimenter le bas des pistes de ski de la Mauselaine avec de la neige collect\u00e9e sur les hauteurs a cr\u00e9\u00e9 une grosse pol\u00e9mique notamment aupr\u00e8s des associations \u00e9cologiques de d\u00e9fense du massif.<\/p>\n<p>Eric Defranould pour le groupe G\u00e9rardmer Solidaire s&rsquo;en est \u00e9mu et a interrog\u00e9 le maire Stessy Speissmann sur le pourquoi du comment<\/p>\n<p>\u00ab\u00a0<em>Nous aimerions connaitre le co\u00fbt de l&rsquo;acheminent de la neige par camion sur le site de la station de ski et qui paye ?\u00a0\u00bb.<\/em><\/p>\n<p>R\u00e9ponse du maire :<\/p>\n<p><em>\u00ab\u00a0La question du changement climatique et de l\u2019avenir des stations de montagne (face au manque de neige) est r\u00e9guli\u00e8rement au centre de l\u2019attention m\u00e9diatique.<\/em><\/p>\n<p><em>Au-del\u00e0, le secteur du tourisme dans son ensemble et ses impacts environnementaux tend \u00e0 devenir l\u2019objet de critiques croissantes.<\/em><\/p>\n<p><em>En montagne, le tourisme demeure un \u00e9l\u00e9ment essentiel pour les territoires (am\u00e9nagement, emplois\u2026) et les stations \u00e9voluent depuis plusieurs ann\u00e9es pour r\u00e9pondre aux attentes des vacanciers.<\/em><\/p>\n<p><em>Si le ski demeure une activit\u00e9 structurante des stations de montagne et toujours centrale aujourd\u2019hui au niveau de la demande, nous mettons en place de nouvelles strat\u00e9gies permettant de r\u00e9pondre \u00e0 la fois aux demandes de nature des vacanciers tout en pr\u00e9parant une adaptation aux \u00e9volutions du climat.<\/em><\/p>\n<p><em>Le transport de la neige par camions n\u2019a pas vocation \u00e0 \u00eatre ni \u00e9tendu ni g\u00e9n\u00e9ralis\u00e9. Dans l\u2019id\u00e9al et \u00e0 l\u2019avenir, les stations doivent r\u00e9ussir \u00e0 s\u2019en passer.<\/em><\/p>\n<p><em>Dans notre cas, il a \u00e9t\u00e9 utilis\u00e9 pour r\u00e9pondre dans l\u2019urgence \u00e0 une situation exceptionnelle sur un p\u00e9rim\u00e8tre extr\u00eamement r\u00e9duit (sauvegarde de l\u2019activit\u00e9 \u00e9conomique et des emplois\u00a0: 100 emplois directs \u00e0 la Station sans compter les moniteurs et les emplois indirects en ville, initiation des enfants au ski\u2026). Cette utilisation peut engendrer des r\u00e9actions, que nous comprenons.<\/em><\/p>\n<p><em>Nous menons de nombreuses actions pour s\u2019adapter aux changements climatiques et pour faire \u00e9voluer notre mod\u00e8le. C\u2019est un travail de fond qui implique notamment une diversification des activit\u00e9s.<\/em><\/p>\n<p><em>Durant cette saison, comme lors de certaines saisons pr\u00e9c\u00e9dentes difficiles, il y a eu quelques camions de neige r\u00e9alis\u00e9s pour s\u00e9curiser le front de neige et le jardin d\u2019enfants en particulier pour pouvoir laisser ouvert notre domaine.<\/em><\/p>\n<p><em>Le montant, pour r\u00e9pondre \u00e0 la question initiale, est \u00e0 ce jour de 5\u00a0427 euros pour la saison. Ce montant est int\u00e9gralement pay\u00e9 par la Station et une partie est n\u00e9goci\u00e9e avec l\u2019E.S.F.\u00a0\u00bb<\/em><\/p>\n<p>Les \u00e9lus se sont donn\u00e9s rendez-vous en avril prochain, pour certains en tout cas. Le mandat est presque termin\u00e9 et les \u00e9lections de mars prochains passeront par l\u00e0.<\/p>\n<p>Au menu \u00e9galement de cette derni\u00e8re s\u00e9ance, l&rsquo;approbation des comptes de l\u2019exercice 2019,\u00a0 une foultitude d&rsquo;affaires courantes et avec une flop\u00e9es de demandes de subventions ou encore d&rsquo;achats et de ventes de terrains.<\/p>\n<p>La s\u00e9ance \u00e9tait lev\u00e9e.<\/p>\n<p>&nbsp;<\/p>\n","protected":false},"excerpt":{"rendered":"<p>Alimenter le bas des pistes de ski de la Mauselaine avec de la neige collect\u00e9e sur les hauteurs a cr\u00e9\u00e9 [&hellip;]<\/p>\n","protected":false},"author":1,"featured_media":46801,"comment_status":"open","ping_status":"open","sticky":false,"template":"","format":"standard","meta":{"footnotes":""},"categories":[20,10],"tags":[],"class_list":["post-46800","post","type-post","status-publish","format-standard","has-post-thumbnail","hentry","category-a-la-une","category-politique"],"acf":[],"yoast_head":"<!-- This site is optimized with the Yoast SEO plugin v22.5 - https:\/\/yoast.com\/wordpress\/plugins\/seo\/ -->\n<title>Conseil municipal - \u00e0 propos des camions de neige - Gerardmer Info<\/title>\n<meta name=\"robots\" content=\"index, follow, max-snippet:-1, max-image-preview:large, max-video-preview:-1\" \/>\n<link rel=\"canonical\" href=\"https:\/\/vosgesinfo.fr\/gerardmerinfo\/2020\/02\/conseil-municipal-a-propos-camions-de-neige\/\" \/>\n<meta name=\"twitter:card\" content=\"summary_large_image\" \/>\n<meta name=\"twitter:title\" content=\"Conseil municipal - \u00e0 propos des camions de neige - Gerardmer Info\" \/>\n<meta name=\"twitter:description\" content=\"Alimenter le bas des pistes de ski de la Mauselaine avec de la neige collect\u00e9e sur les hauteurs a cr\u00e9\u00e9 [&hellip;]\" \/>\n<meta name=\"twitter:image\" content=\"https:\/\/vosgesinfo.fr\/app\/uploads\/sites\/6\/2024\/07\/202002concar.jpg\" \/>\n<meta name=\"twitter:creator\" content=\"@VosgesInfo88\" \/>\n<meta name=\"twitter:site\" content=\"@VosgesInfo88\" \/>\n<meta name=\"twitter:label1\" content=\"\u00c9crit par\" \/>\n\t<meta name=\"twitter:data1\" content=\"qs_admin\" \/>\n\t<meta name=\"twitter:label2\" content=\"Dur\u00e9e de lecture estim\u00e9e\" \/>\n\t<meta name=\"twitter:data2\" content=\"2 minutes\" \/>\n<script type=\"application\/ld+json\" class=\"yoast-schema-graph\">{\"@context\":\"https:\/\/schema.org\",\"@graph\":[{\"@type\":\"Article\",\"@id\":\"https:\/\/vosgesinfo.fr\/gerardmerinfo\/2020\/02\/conseil-municipal-a-propos-camions-de-neige\/#article\",\"isPartOf\":{\"@id\":\"https:\/\/vosgesinfo.fr\/gerardmerinfo\/2020\/02\/conseil-municipal-a-propos-camions-de-neige\/\"},\"author\":{\"name\":\"qs_admin\",\"@id\":\"https:\/\/vosgesinfo.fr\/gerardmerinfo\/#\/schema\/person\/bc5d02d71e6932e81b6dadb7386667b1\"},\"headline\":\"Conseil municipal &#8211; \u00e0 propos des camions de neige\",\"datePublished\":\"2020-02-22T06:49:14+00:00\",\"dateModified\":\"2020-02-22T06:49:14+00:00\",\"mainEntityOfPage\":{\"@id\":\"https:\/\/vosgesinfo.fr\/gerardmerinfo\/2020\/02\/conseil-municipal-a-propos-camions-de-neige\/\"},\"wordCount\":508,\"commentCount\":0,\"publisher\":{\"@id\":\"https:\/\/vosgesinfo.fr\/gerardmerinfo\/#organization\"},\"image\":{\"@id\":\"https:\/\/vosgesinfo.fr\/gerardmerinfo\/2020\/02\/conseil-municipal-a-propos-camions-de-neige\/#primaryimage\"},\"thumbnailUrl\":\"https:\/\/vosgesinfo.fr\/app\/uploads\/sites\/6\/2024\/07\/202002concar.jpg\",\"articleSection\":[\"A la une\",\"Politique\"],\"inLanguage\":\"fr-FR\",\"potentialAction\":[{\"@type\":\"CommentAction\",\"name\":\"Comment\",\"target\":[\"https:\/\/vosgesinfo.fr\/gerardmerinfo\/2020\/02\/conseil-municipal-a-propos-camions-de-neige\/#respond\"]}]},{\"@type\":\"WebPage\",\"@id\":\"https:\/\/vosgesinfo.fr\/gerardmerinfo\/2020\/02\/conseil-municipal-a-propos-camions-de-neige\/\",\"url\":\"https:\/\/vosgesinfo.fr\/gerardmerinfo\/2020\/02\/conseil-municipal-a-propos-camions-de-neige\/\",\"name\":\"Conseil municipal - \u00e0 propos des camions de neige - Gerardmer Info\",\"isPartOf\":{\"@id\":\"https:\/\/vosgesinfo.fr\/gerardmerinfo\/#website\"},\"primaryImageOfPage\":{\"@id\":\"https:\/\/vosgesinfo.fr\/gerardmerinfo\/2020\/02\/conseil-municipal-a-propos-camions-de-neige\/#primaryimage\"},\"image\":{\"@id\":\"https:\/\/vosgesinfo.fr\/gerardmerinfo\/2020\/02\/conseil-municipal-a-propos-camions-de-neige\/#primaryimage\"},\"thumbnailUrl\":\"https:\/\/vosgesinfo.fr\/app\/uploads\/sites\/6\/2024\/07\/202002concar.jpg\",\"datePublished\":\"2020-02-22T06:49:14+00:00\",\"dateModified\":\"2020-02-22T06:49:14+00:00\",\"breadcrumb\":{\"@id\":\"https:\/\/vosgesinfo.fr\/gerardmerinfo\/2020\/02\/conseil-municipal-a-propos-camions-de-neige\/#breadcrumb\"},\"inLanguage\":\"fr-FR\",\"potentialAction\":[{\"@type\":\"ReadAction\",\"target\":[\"https:\/\/vosgesinfo.fr\/gerardmerinfo\/2020\/02\/conseil-municipal-a-propos-camions-de-neige\/\"]}]},{\"@type\":\"ImageObject\",\"inLanguage\":\"fr-FR\",\"@id\":\"https:\/\/vosgesinfo.fr\/gerardmerinfo\/2020\/02\/conseil-municipal-a-propos-camions-de-neige\/#primaryimage\",\"url\":\"https:\/\/vosgesinfo.fr\/app\/uploads\/sites\/6\/2024\/07\/202002concar.jpg\",\"contentUrl\":\"https:\/\/vosgesinfo.fr\/app\/uploads\/sites\/6\/2024\/07\/202002concar.jpg\",\"width\":800,\"height\":600},{\"@type\":\"BreadcrumbList\",\"@id\":\"https:\/\/vosgesinfo.fr\/gerardmerinfo\/2020\/02\/conseil-municipal-a-propos-camions-de-neige\/#breadcrumb\",\"itemListElement\":[{\"@type\":\"ListItem\",\"position\":1,\"name\":\"Home\",\"item\":\"https:\/\/vosgesinfo.fr\/gerardmerinfo\/\"},{\"@type\":\"ListItem\",\"position\":2,\"name\":\"Conseil municipal &#8211; \u00e0 propos des camions de neige\"}]},{\"@type\":\"WebSite\",\"@id\":\"https:\/\/vosgesinfo.fr\/gerardmerinfo\/#website\",\"url\":\"https:\/\/vosgesinfo.fr\/gerardmerinfo\/\",\"name\":\"Gerardmer Info\",\"description\":\"Toute l&#039;actualit\u00e9 de G\u00e9rardmer\",\"publisher\":{\"@id\":\"https:\/\/vosgesinfo.fr\/gerardmerinfo\/#organization\"},\"alternateName\":\"Toute l'actualit\u00e9 de G\u00e9rardmer\",\"potentialAction\":[{\"@type\":\"SearchAction\",\"target\":{\"@type\":\"EntryPoint\",\"urlTemplate\":\"https:\/\/vosgesinfo.fr\/gerardmerinfo\/?s={search_term_string}\"},\"query-input\":\"required name=search_term_string\"}],\"inLanguage\":\"fr-FR\"},{\"@type\":\"Organization\",\"@id\":\"https:\/\/vosgesinfo.fr\/gerardmerinfo\/#organization\",\"name\":\"Gerardmer Info\",\"url\":\"https:\/\/vosgesinfo.fr\/gerardmerinfo\/\",\"logo\":{\"@type\":\"ImageObject\",\"inLanguage\":\"fr-FR\",\"@id\":\"https:\/\/vosgesinfo.fr\/gerardmerinfo\/#\/schema\/logo\/image\/\",\"url\":\"https:\/\/vosgesinfo.fr\/app\/uploads\/sites\/6\/2023\/08\/favicon-gerardmerinfo.png\",\"contentUrl\":\"https:\/\/vosgesinfo.fr\/app\/uploads\/sites\/6\/2023\/08\/favicon-gerardmerinfo.png\",\"width\":512,\"height\":512,\"caption\":\"Gerardmer Info\"},\"image\":{\"@id\":\"https:\/\/vosgesinfo.fr\/gerardmerinfo\/#\/schema\/logo\/image\/\"},\"sameAs\":[\"https:\/\/www.facebook.com\/profile.php?id=100049475262660\",\"https:\/\/x.com\/VosgesInfo88\",\"https:\/\/www.youtube.com\/@vosgesinfo\"]},{\"@type\":\"Person\",\"@id\":\"https:\/\/vosgesinfo.fr\/gerardmerinfo\/#\/schema\/person\/bc5d02d71e6932e81b6dadb7386667b1\",\"name\":\"qs_admin\",\"image\":{\"@type\":\"ImageObject\",\"inLanguage\":\"fr-FR\",\"@id\":\"https:\/\/vosgesinfo.fr\/gerardmerinfo\/#\/schema\/person\/image\/\",\"url\":\"https:\/\/secure.gravatar.com\/avatar\/94b18ee0ed79e4a42ea2f2931277b6841a8999fc6fde214600c78057cf1fe1de?s=96&d=mm&r=g\",\"contentUrl\":\"https:\/\/secure.gravatar.com\/avatar\/94b18ee0ed79e4a42ea2f2931277b6841a8999fc6fde214600c78057cf1fe1de?s=96&d=mm&r=g\",\"caption\":\"qs_admin\"},\"sameAs\":[\"https:\/\/vosgesinfo.fr\/wp\"],\"url\":\"https:\/\/vosgesinfo.fr\/gerardmerinfo\/author\/qs_admin\/\"}]}<\/script>\n<!-- \/ Yoast SEO plugin. -->","yoast_head_json":{"title":"Conseil municipal - \u00e0 propos des camions de neige - Gerardmer Info","robots":{"index":"index","follow":"follow","max-snippet":"max-snippet:-1","max-image-preview":"max-image-preview:large","max-video-preview":"max-video-preview:-1"},"canonical":"https:\/\/vosgesinfo.fr\/gerardmerinfo\/2020\/02\/conseil-municipal-a-propos-camions-de-neige\/","twitter_card":"summary_large_image","twitter_title":"Conseil municipal - \u00e0 propos des camions de neige - Gerardmer Info","twitter_description":"Alimenter le bas des pistes de ski de la Mauselaine avec de la neige collect\u00e9e sur les hauteurs a cr\u00e9\u00e9 [&hellip;]","twitter_image":"https:\/\/vosgesinfo.fr\/app\/uploads\/sites\/6\/2024\/07\/202002concar.jpg","twitter_creator":"@VosgesInfo88","twitter_site":"@VosgesInfo88","twitter_misc":{"\u00c9crit par":"qs_admin","Dur\u00e9e de lecture estim\u00e9e":"2 minutes"},"schema":{"@context":"https:\/\/schema.org","@graph":[{"@type":"Article","@id":"https:\/\/vosgesinfo.fr\/gerardmerinfo\/2020\/02\/conseil-municipal-a-propos-camions-de-neige\/#article","isPartOf":{"@id":"https:\/\/vosgesinfo.fr\/gerardmerinfo\/2020\/02\/conseil-municipal-a-propos-camions-de-neige\/"},"author":{"name":"qs_admin","@id":"https:\/\/vosgesinfo.fr\/gerardmerinfo\/#\/schema\/person\/bc5d02d71e6932e81b6dadb7386667b1"},"headline":"Conseil municipal &#8211; \u00e0 propos des camions de neige","datePublished":"2020-02-22T06:49:14+00:00","dateModified":"2020-02-22T06:49:14+00:00","mainEntityOfPage":{"@id":"https:\/\/vosgesinfo.fr\/gerardmerinfo\/2020\/02\/conseil-municipal-a-propos-camions-de-neige\/"},"wordCount":508,"commentCount":0,"publisher":{"@id":"https:\/\/vosgesinfo.fr\/gerardmerinfo\/#organization"},"image":{"@id":"https:\/\/vosgesinfo.fr\/gerardmerinfo\/2020\/02\/conseil-municipal-a-propos-camions-de-neige\/#primaryimage"},"thumbnailUrl":"https:\/\/vosgesinfo.fr\/app\/uploads\/sites\/6\/2024\/07\/202002concar.jpg","articleSection":["A la une","Politique"],"inLanguage":"fr-FR","potentialAction":[{"@type":"CommentAction","name":"Comment","target":["https:\/\/vosgesinfo.fr\/gerardmerinfo\/2020\/02\/conseil-municipal-a-propos-camions-de-neige\/#respond"]}]},{"@type":"WebPage","@id":"https:\/\/vosgesinfo.fr\/gerardmerinfo\/2020\/02\/conseil-municipal-a-propos-camions-de-neige\/","url":"https:\/\/vosgesinfo.fr\/gerardmerinfo\/2020\/02\/conseil-municipal-a-propos-camions-de-neige\/","name":"Conseil municipal - \u00e0 propos des camions de neige - Gerardmer Info","isPartOf":{"@id":"https:\/\/vosgesinfo.fr\/gerardmerinfo\/#website"},"primaryImageOfPage":{"@id":"https:\/\/vosgesinfo.fr\/gerardmerinfo\/2020\/02\/conseil-municipal-a-propos-camions-de-neige\/#primaryimage"},"image":{"@id":"https:\/\/vosgesinfo.fr\/gerardmerinfo\/2020\/02\/conseil-municipal-a-propos-camions-de-neige\/#primaryimage"},"thumbnailUrl":"https:\/\/vosgesinfo.fr\/app\/uploads\/sites\/6\/2024\/07\/202002concar.jpg","datePublished":"2020-02-22T06:49:14+00:00","dateModified":"2020-02-22T06:49:14+00:00","breadcrumb":{"@id":"https:\/\/vosgesinfo.fr\/gerardmerinfo\/2020\/02\/conseil-municipal-a-propos-camions-de-neige\/#breadcrumb"},"inLanguage":"fr-FR","potentialAction":[{"@type":"ReadAction","target":["https:\/\/vosgesinfo.fr\/gerardmerinfo\/2020\/02\/conseil-municipal-a-propos-camions-de-neige\/"]}]},{"@type":"ImageObject","inLanguage":"fr-FR","@id":"https:\/\/vosgesinfo.fr\/gerardmerinfo\/2020\/02\/conseil-municipal-a-propos-camions-de-neige\/#primaryimage","url":"https:\/\/vosgesinfo.fr\/app\/uploads\/sites\/6\/2024\/07\/202002concar.jpg","contentUrl":"https:\/\/vosgesinfo.fr\/app\/uploads\/sites\/6\/2024\/07\/202002concar.jpg","width":800,"height":600},{"@type":"BreadcrumbList","@id":"https:\/\/vosgesinfo.fr\/gerardmerinfo\/2020\/02\/conseil-municipal-a-propos-camions-de-neige\/#breadcrumb","itemListElement":[{"@type":"ListItem","position":1,"name":"Home","item":"https:\/\/vosgesinfo.fr\/gerardmerinfo\/"},{"@type":"ListItem","position":2,"name":"Conseil municipal &#8211; \u00e0 propos des camions de neige"}]},{"@type":"WebSite","@id":"https:\/\/vosgesinfo.fr\/gerardmerinfo\/#website","url":"https:\/\/vosgesinfo.fr\/gerardmerinfo\/","name":"Gerardmer Info","description":"Toute l&#039;actualit\u00e9 de G\u00e9rardmer","publisher":{"@id":"https:\/\/vosgesinfo.fr\/gerardmerinfo\/#organization"},"alternateName":"Toute l'actualit\u00e9 de G\u00e9rardmer","potentialAction":[{"@type":"SearchAction","target":{"@type":"EntryPoint","urlTemplate":"https:\/\/vosgesinfo.fr\/gerardmerinfo\/?s={search_term_string}"},"query-input":"required name=search_term_string"}],"inLanguage":"fr-FR"},{"@type":"Organization","@id":"https:\/\/vosgesinfo.fr\/gerardmerinfo\/#organization","name":"Gerardmer Info","url":"https:\/\/vosgesinfo.fr\/gerardmerinfo\/","logo":{"@type":"ImageObject","inLanguage":"fr-FR","@id":"https:\/\/vosgesinfo.fr\/gerardmerinfo\/#\/schema\/logo\/image\/","url":"https:\/\/vosgesinfo.fr\/app\/uploads\/sites\/6\/2023\/08\/favicon-gerardmerinfo.png","contentUrl":"https:\/\/vosgesinfo.fr\/app\/uploads\/sites\/6\/2023\/08\/favicon-gerardmerinfo.png","width":512,"height":512,"caption":"Gerardmer Info"},"image":{"@id":"https:\/\/vosgesinfo.fr\/gerardmerinfo\/#\/schema\/logo\/image\/"},"sameAs":["https:\/\/www.facebook.com\/profile.php?id=100049475262660","https:\/\/x.com\/VosgesInfo88","https:\/\/www.youtube.com\/@vosgesinfo"]},{"@type":"Person","@id":"https:\/\/vosgesinfo.fr\/gerardmerinfo\/#\/schema\/person\/bc5d02d71e6932e81b6dadb7386667b1","name":"qs_admin","image":{"@type":"ImageObject","inLanguage":"fr-FR","@id":"https:\/\/vosgesinfo.fr\/gerardmerinfo\/#\/schema\/person\/image\/","url":"https:\/\/secure.gravatar.com\/avatar\/94b18ee0ed79e4a42ea2f2931277b6841a8999fc6fde214600c78057cf1fe1de?s=96&d=mm&r=g","contentUrl":"https:\/\/secure.gravatar.com\/avatar\/94b18ee0ed79e4a42ea2f2931277b6841a8999fc6fde214600c78057cf1fe1de?s=96&d=mm&r=g","caption":"qs_admin"},"sameAs":["https:\/\/vosgesinfo.fr\/wp"],"url":"https:\/\/vosgesinfo.fr\/gerardmerinfo\/author\/qs_admin\/"}]}},"_links":{"self":[{"href":"https:\/\/vosgesinfo.fr\/gerardmerinfo\/wp-json\/wp\/v2\/posts\/46800","targetHints":{"allow":["GET"]}}],"collection":[{"href":"https:\/\/vosgesinfo.fr\/gerardmerinfo\/wp-json\/wp\/v2\/posts"}],"about":[{"href":"https:\/\/vosgesinfo.fr\/gerardmerinfo\/wp-json\/wp\/v2\/types\/post"}],"author":[{"embeddable":true,"href":"https:\/\/vosgesinfo.fr\/gerardmerinfo\/wp-json\/wp\/v2\/users\/1"}],"replies":[{"embeddable":true,"href":"https:\/\/vosgesinfo.fr\/gerardmerinfo\/wp-json\/wp\/v2\/comments?post=46800"}],"version-history":[{"count":0,"href":"https:\/\/vosgesinfo.fr\/gerardmerinfo\/wp-json\/wp\/v2\/posts\/46800\/revisions"}],"wp:featuredmedia":[{"embeddable":true,"href":"https:\/\/vosgesinfo.fr\/gerardmerinfo\/wp-json\/wp\/v2\/media\/46801"}],"wp:attachment":[{"href":"https:\/\/vosgesinfo.fr\/gerardmerinfo\/wp-json\/wp\/v2\/media?parent=46800"}],"wp:term":[{"taxonomy":"category","embeddable":true,"href":"https:\/\/vosgesinfo.fr\/gerardmerinfo\/wp-json\/wp\/v2\/categories?post=46800"},{"taxonomy":"post_tag","embeddable":true,"href":"https:\/\/vosgesinfo.fr\/gerardmerinfo\/wp-json\/wp\/v2\/tags?post=46800"}],"curies":[{"name":"wp","href":"https:\/\/api.w.org\/{rel}","templated":true}]}}