{"id":46802,"date":"2020-02-22T08:22:41","date_gmt":"2020-02-22T07:22:41","guid":{"rendered":"https:\/\/vosgesinfo.fr\/gerardmerinfo\/2020\/02\/grandes-lignes-programme-de-gerardmer-solidaire\/"},"modified":"2020-02-22T08:22:41","modified_gmt":"2020-02-22T07:22:41","slug":"grandes-lignes-programme-de-gerardmer-solidaire","status":"publish","type":"post","link":"https:\/\/vosgesinfo.fr\/gerardmerinfo\/2020\/02\/grandes-lignes-programme-de-gerardmer-solidaire\/","title":{"rendered":"Les grandes lignes du programme de G\u00e9rardmer Solidaire"},"content":{"rendered":"<p class=\"gmail-western\" style=\"margin-bottom: .0001pt;\"><em><span style=\"font-size: 10.0pt; color: black;\"><a href=\"https:\/\/gerardmerinfo.fr\/2020\/02\/grandes-lignes-programme-de-gerardmer-solidaire\/gs-4\/\" rel=\"attachment wp-att-159951\"><img decoding=\"async\" class=\"aligncenter wp-image-159951 size-full\" src=\"\/2020\/02\/gs.jpg\" alt=\"gs\" width=\"800\" height=\"466\" \/><\/a><\/span><\/em><\/p>\n<p>LES GRANDES LIGNES DU PROGRAMME GERARDMER SOLIDAIRE<\/p>\n<p>Nous nous pr\u00e9sentons dans un contexte social agit\u00e9\u00a0: demande de plus de justice et d\u2019\u00e9quit\u00e9 tout au long de l\u2019ann\u00e9e derni\u00e8re, scandales financiers en cha\u00eene, projet de r\u00e9forme des retraites que le gouvernement veut faire passer en force malgr\u00e9 les protestations dans la rue, mouvement des jeunes pour le climat et des coquelicots pour arr\u00eater l\u2019utilisation des pesticides.<\/p>\n<p>C\u2019est pourquoi GERARDMER SOLIDAIRE articulera son action municipale autour des deux grands axes que nous consid\u00e9rons prioritaires\u00a0:<strong> <u>l\u2019environnement et le\u00a0 social <\/u><\/strong>que d&rsquo;ailleurs nous n&rsquo;avons pas d\u00e9couverts \u00e0 la veille des \u00e9lections.<\/p>\n<p>&#8211;<strong>Nous concr\u00e9tiserons la voie cyclable<\/strong> reliant le Tholy \u00e0 Xonrupt.(trac\u00e9 selon l&rsquo;\u00e9tude comcom)<\/p>\n<p>&#8211; <strong>Nous ouvrirons une cantine scolaire municipale pour tou-te-s les \u00e9colier-e-s de la maternelle au CM2, aliment\u00e9e en produits locaux et issus de l&rsquo;agriculture bio.<\/strong><\/p>\n<p>&#8211; <strong>D\u00e8s notre \u00e9lection, nous engagerons la r\u00e9vision du Plan Local d&rsquo;Urbanisme <\/strong>et nous mettrons en place un contr\u00f4le des travaux apr\u00e8s construction.<\/p>\n<p>&#8211; <strong>Nous doterons les b\u00e2timents communaux de capteurs solaires<\/strong> pour fabriquer de l&rsquo;eau chaude.<\/p>\n<p>&#8211; Nous \u00e9tudierons l&rsquo;installation d&rsquo;hydroliennes de lac sur la Jamagne ainsi qu&rsquo;un plan g\u00e9n\u00e9ral de production d&rsquo;\u00e9nergie renouvelable.<\/p>\n<p>&#8211; Nous instaurerons <strong>deux journ\u00e9es sans chasse et l&rsquo;interdiction de celle-ci pour tous les oiseaux.<\/strong><\/p>\n<p>&#8211; L&rsquo;attractivit\u00e9 naturelle de notre ville est un atout et doit le rester aussi <strong>nous privil\u00e9gierons le tourisme vert en r\u00e9utilisant les \u00a0pass\u00e9es communales <\/strong>sous forme de parcours ludiques, artistiques (les sentiers de la photo du Haut du T\u00f4t en sont un tr\u00e8s bel exemple).<\/p>\n<p>&#8211; Concernant la gestion du domaine skiable, deux raisons nous obligeront \u00e0 <strong>stopper les investissements hivernaux<\/strong> : le r\u00e9chauffement climatique et\u00a0 l&rsquo;endettement actuel qui s&rsquo;\u00e9l\u00e8ve \u00e0 plus de 20 millions d&rsquo;euros.<\/p>\n<p>&#8211; <strong>Nous assurerons son fonctionnement sur quatre saisons<\/strong> en reliant les domaines alpin et nordique, en utilisant par exemple la route des 17 km comme piste cyclable.<\/p>\n<p>Par contre l&rsquo;acc\u00e8s en sera\u00a0 gratuit pour les G\u00e9r\u00f4mois de moins de 16 ans.<\/p>\n<p>&#8211; Dans le domaine social, la commune \u00e9tant le premier service public, nous porterons un regard tout particulier \u00e0 son bon fonctionnement en \u00e9troite collaboration avec tout le personnel.<strong> Nous continuerons \u00e0 d\u00e9fendre les services publics et le maintien de l&rsquo;h\u00f4pital<\/strong>, primordial pour notre ville.<\/p>\n<p><strong>Nous tenons \u00e0 ce que les habitants de G\u00e9rardmer se r\u00e9approprient la politique locale.<\/strong><\/p>\n<p>Les trois listes en pr\u00e9sence ont \u00e9t\u00e9 invit\u00e9es \u00e0 pr\u00e9senter et d\u00e9battre de leur projet.<\/p>\n<p>Pour nous GERARDMER SOLIDAIRE, confronter notre programme \u00e0 celui des autres,\u00a0 c\u2019est la vie d\u00e9mocratique ;<\/p>\n<p>Pour nous, GERARDMER SOLIDAIRE, montrer que la commune ne peut plus continuer \u00e0 fonctionner avec une municipalit\u00e9 au vernis \u00e9cologique qui a lourdement endett\u00e9 la ville,\u00a0 c\u2019est utile ;<\/p>\n<p>Pour nous, GERARDMER SOLIDAIRE,\u00a0 vous faire d\u00e9couvrir qui se cache derri\u00e8re la liste apolitique et ses propos s\u00e9curitaires alarmistes, c\u2019est important.<\/p>\n<p>Ce d\u00e9bat n\u2019aura pas lieu car la liste G\u00e9rardmer Notre Perle a refus\u00e9 d\u2019y participer.<\/p>\n<p>Vous pouvez consulter les informations de notre liste sur le site : <a href=\"http:\/\/gerardmersolidaire.fr\/\"><strong>gerardmersolidaire.fr<\/strong><\/a><\/p>\n<p><em>\u00a0<\/em><\/p>\n<p><em>\u00a0<\/em><\/p>\n","protected":false},"excerpt":{"rendered":"<p>LES GRANDES LIGNES DU PROGRAMME GERARDMER SOLIDAIRE Nous nous pr\u00e9sentons dans un contexte social agit\u00e9\u00a0: demande de plus de justice [&hellip;]<\/p>\n","protected":false},"author":1,"featured_media":46803,"comment_status":"open","ping_status":"open","sticky":false,"template":"","format":"standard","meta":{"footnotes":""},"categories":[20,10],"tags":[],"class_list":["post-46802","post","type-post","status-publish","format-standard","has-post-thumbnail","hentry","category-a-la-une","category-politique"],"acf":[],"yoast_head":"<!-- This site is optimized with the Yoast SEO plugin v22.5 - https:\/\/yoast.com\/wordpress\/plugins\/seo\/ -->\n<title>Les grandes lignes du programme de G\u00e9rardmer Solidaire - Gerardmer Info<\/title>\n<meta name=\"robots\" content=\"index, follow, max-snippet:-1, max-image-preview:large, max-video-preview:-1\" \/>\n<link rel=\"canonical\" href=\"https:\/\/vosgesinfo.fr\/gerardmerinfo\/2020\/02\/grandes-lignes-programme-de-gerardmer-solidaire\/\" \/>\n<meta name=\"twitter:card\" content=\"summary_large_image\" \/>\n<meta name=\"twitter:title\" content=\"Les grandes lignes du programme de G\u00e9rardmer Solidaire - Gerardmer Info\" \/>\n<meta name=\"twitter:description\" content=\"LES GRANDES LIGNES DU PROGRAMME GERARDMER SOLIDAIRE Nous nous pr\u00e9sentons dans un contexte social agit\u00e9\u00a0: demande de plus de justice [&hellip;]\" \/>\n<meta name=\"twitter:image\" content=\"https:\/\/vosgesinfo.fr\/app\/uploads\/sites\/6\/2024\/07\/202002gs.jpg\" \/>\n<meta name=\"twitter:creator\" content=\"@VosgesInfo88\" \/>\n<meta name=\"twitter:site\" content=\"@VosgesInfo88\" \/>\n<meta name=\"twitter:label1\" content=\"\u00c9crit par\" \/>\n\t<meta name=\"twitter:data1\" content=\"qs_admin\" \/>\n\t<meta name=\"twitter:label2\" content=\"Dur\u00e9e de lecture estim\u00e9e\" \/>\n\t<meta name=\"twitter:data2\" content=\"3 minutes\" \/>\n<script type=\"application\/ld+json\" class=\"yoast-schema-graph\">{\"@context\":\"https:\/\/schema.org\",\"@graph\":[{\"@type\":\"Article\",\"@id\":\"https:\/\/vosgesinfo.fr\/gerardmerinfo\/2020\/02\/grandes-lignes-programme-de-gerardmer-solidaire\/#article\",\"isPartOf\":{\"@id\":\"https:\/\/vosgesinfo.fr\/gerardmerinfo\/2020\/02\/grandes-lignes-programme-de-gerardmer-solidaire\/\"},\"author\":{\"name\":\"qs_admin\",\"@id\":\"https:\/\/vosgesinfo.fr\/gerardmerinfo\/#\/schema\/person\/bc5d02d71e6932e81b6dadb7386667b1\"},\"headline\":\"Les grandes lignes du programme de G\u00e9rardmer Solidaire\",\"datePublished\":\"2020-02-22T07:22:41+00:00\",\"dateModified\":\"2020-02-22T07:22:41+00:00\",\"mainEntityOfPage\":{\"@id\":\"https:\/\/vosgesinfo.fr\/gerardmerinfo\/2020\/02\/grandes-lignes-programme-de-gerardmer-solidaire\/\"},\"wordCount\":553,\"commentCount\":0,\"publisher\":{\"@id\":\"https:\/\/vosgesinfo.fr\/gerardmerinfo\/#organization\"},\"image\":{\"@id\":\"https:\/\/vosgesinfo.fr\/gerardmerinfo\/2020\/02\/grandes-lignes-programme-de-gerardmer-solidaire\/#primaryimage\"},\"thumbnailUrl\":\"https:\/\/vosgesinfo.fr\/app\/uploads\/sites\/6\/2024\/07\/202002gs.jpg\",\"articleSection\":[\"A la une\",\"Politique\"],\"inLanguage\":\"fr-FR\",\"potentialAction\":[{\"@type\":\"CommentAction\",\"name\":\"Comment\",\"target\":[\"https:\/\/vosgesinfo.fr\/gerardmerinfo\/2020\/02\/grandes-lignes-programme-de-gerardmer-solidaire\/#respond\"]}]},{\"@type\":\"WebPage\",\"@id\":\"https:\/\/vosgesinfo.fr\/gerardmerinfo\/2020\/02\/grandes-lignes-programme-de-gerardmer-solidaire\/\",\"url\":\"https:\/\/vosgesinfo.fr\/gerardmerinfo\/2020\/02\/grandes-lignes-programme-de-gerardmer-solidaire\/\",\"name\":\"Les grandes lignes du programme de G\u00e9rardmer Solidaire - Gerardmer Info\",\"isPartOf\":{\"@id\":\"https:\/\/vosgesinfo.fr\/gerardmerinfo\/#website\"},\"primaryImageOfPage\":{\"@id\":\"https:\/\/vosgesinfo.fr\/gerardmerinfo\/2020\/02\/grandes-lignes-programme-de-gerardmer-solidaire\/#primaryimage\"},\"image\":{\"@id\":\"https:\/\/vosgesinfo.fr\/gerardmerinfo\/2020\/02\/grandes-lignes-programme-de-gerardmer-solidaire\/#primaryimage\"},\"thumbnailUrl\":\"https:\/\/vosgesinfo.fr\/app\/uploads\/sites\/6\/2024\/07\/202002gs.jpg\",\"datePublished\":\"2020-02-22T07:22:41+00:00\",\"dateModified\":\"2020-02-22T07:22:41+00:00\",\"breadcrumb\":{\"@id\":\"https:\/\/vosgesinfo.fr\/gerardmerinfo\/2020\/02\/grandes-lignes-programme-de-gerardmer-solidaire\/#breadcrumb\"},\"inLanguage\":\"fr-FR\",\"potentialAction\":[{\"@type\":\"ReadAction\",\"target\":[\"https:\/\/vosgesinfo.fr\/gerardmerinfo\/2020\/02\/grandes-lignes-programme-de-gerardmer-solidaire\/\"]}]},{\"@type\":\"ImageObject\",\"inLanguage\":\"fr-FR\",\"@id\":\"https:\/\/vosgesinfo.fr\/gerardmerinfo\/2020\/02\/grandes-lignes-programme-de-gerardmer-solidaire\/#primaryimage\",\"url\":\"https:\/\/vosgesinfo.fr\/app\/uploads\/sites\/6\/2024\/07\/202002gs.jpg\",\"contentUrl\":\"https:\/\/vosgesinfo.fr\/app\/uploads\/sites\/6\/2024\/07\/202002gs.jpg\",\"width\":800,\"height\":466},{\"@type\":\"BreadcrumbList\",\"@id\":\"https:\/\/vosgesinfo.fr\/gerardmerinfo\/2020\/02\/grandes-lignes-programme-de-gerardmer-solidaire\/#breadcrumb\",\"itemListElement\":[{\"@type\":\"ListItem\",\"position\":1,\"name\":\"Home\",\"item\":\"https:\/\/vosgesinfo.fr\/gerardmerinfo\/\"},{\"@type\":\"ListItem\",\"position\":2,\"name\":\"Les grandes lignes du programme de G\u00e9rardmer Solidaire\"}]},{\"@type\":\"WebSite\",\"@id\":\"https:\/\/vosgesinfo.fr\/gerardmerinfo\/#website\",\"url\":\"https:\/\/vosgesinfo.fr\/gerardmerinfo\/\",\"name\":\"Gerardmer Info\",\"description\":\"Toute l&#039;actualit\u00e9 de G\u00e9rardmer\",\"publisher\":{\"@id\":\"https:\/\/vosgesinfo.fr\/gerardmerinfo\/#organization\"},\"alternateName\":\"Toute l'actualit\u00e9 de G\u00e9rardmer\",\"potentialAction\":[{\"@type\":\"SearchAction\",\"target\":{\"@type\":\"EntryPoint\",\"urlTemplate\":\"https:\/\/vosgesinfo.fr\/gerardmerinfo\/?s={search_term_string}\"},\"query-input\":\"required name=search_term_string\"}],\"inLanguage\":\"fr-FR\"},{\"@type\":\"Organization\",\"@id\":\"https:\/\/vosgesinfo.fr\/gerardmerinfo\/#organization\",\"name\":\"Gerardmer Info\",\"url\":\"https:\/\/vosgesinfo.fr\/gerardmerinfo\/\",\"logo\":{\"@type\":\"ImageObject\",\"inLanguage\":\"fr-FR\",\"@id\":\"https:\/\/vosgesinfo.fr\/gerardmerinfo\/#\/schema\/logo\/image\/\",\"url\":\"https:\/\/vosgesinfo.fr\/app\/uploads\/sites\/6\/2023\/08\/favicon-gerardmerinfo.png\",\"contentUrl\":\"https:\/\/vosgesinfo.fr\/app\/uploads\/sites\/6\/2023\/08\/favicon-gerardmerinfo.png\",\"width\":512,\"height\":512,\"caption\":\"Gerardmer Info\"},\"image\":{\"@id\":\"https:\/\/vosgesinfo.fr\/gerardmerinfo\/#\/schema\/logo\/image\/\"},\"sameAs\":[\"https:\/\/www.facebook.com\/profile.php?id=100049475262660\",\"https:\/\/x.com\/VosgesInfo88\",\"https:\/\/www.youtube.com\/@vosgesinfo\"]},{\"@type\":\"Person\",\"@id\":\"https:\/\/vosgesinfo.fr\/gerardmerinfo\/#\/schema\/person\/bc5d02d71e6932e81b6dadb7386667b1\",\"name\":\"qs_admin\",\"image\":{\"@type\":\"ImageObject\",\"inLanguage\":\"fr-FR\",\"@id\":\"https:\/\/vosgesinfo.fr\/gerardmerinfo\/#\/schema\/person\/image\/\",\"url\":\"https:\/\/secure.gravatar.com\/avatar\/94b18ee0ed79e4a42ea2f2931277b6841a8999fc6fde214600c78057cf1fe1de?s=96&d=mm&r=g\",\"contentUrl\":\"https:\/\/secure.gravatar.com\/avatar\/94b18ee0ed79e4a42ea2f2931277b6841a8999fc6fde214600c78057cf1fe1de?s=96&d=mm&r=g\",\"caption\":\"qs_admin\"},\"sameAs\":[\"https:\/\/vosgesinfo.fr\/wp\"],\"url\":\"https:\/\/vosgesinfo.fr\/gerardmerinfo\/author\/qs_admin\/\"}]}<\/script>\n<!-- \/ Yoast SEO plugin. -->","yoast_head_json":{"title":"Les grandes lignes du programme de G\u00e9rardmer Solidaire - Gerardmer Info","robots":{"index":"index","follow":"follow","max-snippet":"max-snippet:-1","max-image-preview":"max-image-preview:large","max-video-preview":"max-video-preview:-1"},"canonical":"https:\/\/vosgesinfo.fr\/gerardmerinfo\/2020\/02\/grandes-lignes-programme-de-gerardmer-solidaire\/","twitter_card":"summary_large_image","twitter_title":"Les grandes lignes du programme de G\u00e9rardmer Solidaire - Gerardmer Info","twitter_description":"LES GRANDES LIGNES DU PROGRAMME GERARDMER SOLIDAIRE Nous nous pr\u00e9sentons dans un contexte social agit\u00e9\u00a0: demande de plus de justice [&hellip;]","twitter_image":"https:\/\/vosgesinfo.fr\/app\/uploads\/sites\/6\/2024\/07\/202002gs.jpg","twitter_creator":"@VosgesInfo88","twitter_site":"@VosgesInfo88","twitter_misc":{"\u00c9crit par":"qs_admin","Dur\u00e9e de lecture estim\u00e9e":"3 minutes"},"schema":{"@context":"https:\/\/schema.org","@graph":[{"@type":"Article","@id":"https:\/\/vosgesinfo.fr\/gerardmerinfo\/2020\/02\/grandes-lignes-programme-de-gerardmer-solidaire\/#article","isPartOf":{"@id":"https:\/\/vosgesinfo.fr\/gerardmerinfo\/2020\/02\/grandes-lignes-programme-de-gerardmer-solidaire\/"},"author":{"name":"qs_admin","@id":"https:\/\/vosgesinfo.fr\/gerardmerinfo\/#\/schema\/person\/bc5d02d71e6932e81b6dadb7386667b1"},"headline":"Les grandes lignes du programme de G\u00e9rardmer Solidaire","datePublished":"2020-02-22T07:22:41+00:00","dateModified":"2020-02-22T07:22:41+00:00","mainEntityOfPage":{"@id":"https:\/\/vosgesinfo.fr\/gerardmerinfo\/2020\/02\/grandes-lignes-programme-de-gerardmer-solidaire\/"},"wordCount":553,"commentCount":0,"publisher":{"@id":"https:\/\/vosgesinfo.fr\/gerardmerinfo\/#organization"},"image":{"@id":"https:\/\/vosgesinfo.fr\/gerardmerinfo\/2020\/02\/grandes-lignes-programme-de-gerardmer-solidaire\/#primaryimage"},"thumbnailUrl":"https:\/\/vosgesinfo.fr\/app\/uploads\/sites\/6\/2024\/07\/202002gs.jpg","articleSection":["A la une","Politique"],"inLanguage":"fr-FR","potentialAction":[{"@type":"CommentAction","name":"Comment","target":["https:\/\/vosgesinfo.fr\/gerardmerinfo\/2020\/02\/grandes-lignes-programme-de-gerardmer-solidaire\/#respond"]}]},{"@type":"WebPage","@id":"https:\/\/vosgesinfo.fr\/gerardmerinfo\/2020\/02\/grandes-lignes-programme-de-gerardmer-solidaire\/","url":"https:\/\/vosgesinfo.fr\/gerardmerinfo\/2020\/02\/grandes-lignes-programme-de-gerardmer-solidaire\/","name":"Les grandes lignes du programme de G\u00e9rardmer Solidaire - Gerardmer Info","isPartOf":{"@id":"https:\/\/vosgesinfo.fr\/gerardmerinfo\/#website"},"primaryImageOfPage":{"@id":"https:\/\/vosgesinfo.fr\/gerardmerinfo\/2020\/02\/grandes-lignes-programme-de-gerardmer-solidaire\/#primaryimage"},"image":{"@id":"https:\/\/vosgesinfo.fr\/gerardmerinfo\/2020\/02\/grandes-lignes-programme-de-gerardmer-solidaire\/#primaryimage"},"thumbnailUrl":"https:\/\/vosgesinfo.fr\/app\/uploads\/sites\/6\/2024\/07\/202002gs.jpg","datePublished":"2020-02-22T07:22:41+00:00","dateModified":"2020-02-22T07:22:41+00:00","breadcrumb":{"@id":"https:\/\/vosgesinfo.fr\/gerardmerinfo\/2020\/02\/grandes-lignes-programme-de-gerardmer-solidaire\/#breadcrumb"},"inLanguage":"fr-FR","potentialAction":[{"@type":"ReadAction","target":["https:\/\/vosgesinfo.fr\/gerardmerinfo\/2020\/02\/grandes-lignes-programme-de-gerardmer-solidaire\/"]}]},{"@type":"ImageObject","inLanguage":"fr-FR","@id":"https:\/\/vosgesinfo.fr\/gerardmerinfo\/2020\/02\/grandes-lignes-programme-de-gerardmer-solidaire\/#primaryimage","url":"https:\/\/vosgesinfo.fr\/app\/uploads\/sites\/6\/2024\/07\/202002gs.jpg","contentUrl":"https:\/\/vosgesinfo.fr\/app\/uploads\/sites\/6\/2024\/07\/202002gs.jpg","width":800,"height":466},{"@type":"BreadcrumbList","@id":"https:\/\/vosgesinfo.fr\/gerardmerinfo\/2020\/02\/grandes-lignes-programme-de-gerardmer-solidaire\/#breadcrumb","itemListElement":[{"@type":"ListItem","position":1,"name":"Home","item":"https:\/\/vosgesinfo.fr\/gerardmerinfo\/"},{"@type":"ListItem","position":2,"name":"Les grandes lignes du programme de G\u00e9rardmer Solidaire"}]},{"@type":"WebSite","@id":"https:\/\/vosgesinfo.fr\/gerardmerinfo\/#website","url":"https:\/\/vosgesinfo.fr\/gerardmerinfo\/","name":"Gerardmer Info","description":"Toute l&#039;actualit\u00e9 de G\u00e9rardmer","publisher":{"@id":"https:\/\/vosgesinfo.fr\/gerardmerinfo\/#organization"},"alternateName":"Toute l'actualit\u00e9 de G\u00e9rardmer","potentialAction":[{"@type":"SearchAction","target":{"@type":"EntryPoint","urlTemplate":"https:\/\/vosgesinfo.fr\/gerardmerinfo\/?s={search_term_string}"},"query-input":"required name=search_term_string"}],"inLanguage":"fr-FR"},{"@type":"Organization","@id":"https:\/\/vosgesinfo.fr\/gerardmerinfo\/#organization","name":"Gerardmer Info","url":"https:\/\/vosgesinfo.fr\/gerardmerinfo\/","logo":{"@type":"ImageObject","inLanguage":"fr-FR","@id":"https:\/\/vosgesinfo.fr\/gerardmerinfo\/#\/schema\/logo\/image\/","url":"https:\/\/vosgesinfo.fr\/app\/uploads\/sites\/6\/2023\/08\/favicon-gerardmerinfo.png","contentUrl":"https:\/\/vosgesinfo.fr\/app\/uploads\/sites\/6\/2023\/08\/favicon-gerardmerinfo.png","width":512,"height":512,"caption":"Gerardmer Info"},"image":{"@id":"https:\/\/vosgesinfo.fr\/gerardmerinfo\/#\/schema\/logo\/image\/"},"sameAs":["https:\/\/www.facebook.com\/profile.php?id=100049475262660","https:\/\/x.com\/VosgesInfo88","https:\/\/www.youtube.com\/@vosgesinfo"]},{"@type":"Person","@id":"https:\/\/vosgesinfo.fr\/gerardmerinfo\/#\/schema\/person\/bc5d02d71e6932e81b6dadb7386667b1","name":"qs_admin","image":{"@type":"ImageObject","inLanguage":"fr-FR","@id":"https:\/\/vosgesinfo.fr\/gerardmerinfo\/#\/schema\/person\/image\/","url":"https:\/\/secure.gravatar.com\/avatar\/94b18ee0ed79e4a42ea2f2931277b6841a8999fc6fde214600c78057cf1fe1de?s=96&d=mm&r=g","contentUrl":"https:\/\/secure.gravatar.com\/avatar\/94b18ee0ed79e4a42ea2f2931277b6841a8999fc6fde214600c78057cf1fe1de?s=96&d=mm&r=g","caption":"qs_admin"},"sameAs":["https:\/\/vosgesinfo.fr\/wp"],"url":"https:\/\/vosgesinfo.fr\/gerardmerinfo\/author\/qs_admin\/"}]}},"_links":{"self":[{"href":"https:\/\/vosgesinfo.fr\/gerardmerinfo\/wp-json\/wp\/v2\/posts\/46802","targetHints":{"allow":["GET"]}}],"collection":[{"href":"https:\/\/vosgesinfo.fr\/gerardmerinfo\/wp-json\/wp\/v2\/posts"}],"about":[{"href":"https:\/\/vosgesinfo.fr\/gerardmerinfo\/wp-json\/wp\/v2\/types\/post"}],"author":[{"embeddable":true,"href":"https:\/\/vosgesinfo.fr\/gerardmerinfo\/wp-json\/wp\/v2\/users\/1"}],"replies":[{"embeddable":true,"href":"https:\/\/vosgesinfo.fr\/gerardmerinfo\/wp-json\/wp\/v2\/comments?post=46802"}],"version-history":[{"count":0,"href":"https:\/\/vosgesinfo.fr\/gerardmerinfo\/wp-json\/wp\/v2\/posts\/46802\/revisions"}],"wp:featuredmedia":[{"embeddable":true,"href":"https:\/\/vosgesinfo.fr\/gerardmerinfo\/wp-json\/wp\/v2\/media\/46803"}],"wp:attachment":[{"href":"https:\/\/vosgesinfo.fr\/gerardmerinfo\/wp-json\/wp\/v2\/media?parent=46802"}],"wp:term":[{"taxonomy":"category","embeddable":true,"href":"https:\/\/vosgesinfo.fr\/gerardmerinfo\/wp-json\/wp\/v2\/categories?post=46802"},{"taxonomy":"post_tag","embeddable":true,"href":"https:\/\/vosgesinfo.fr\/gerardmerinfo\/wp-json\/wp\/v2\/tags?post=46802"}],"curies":[{"name":"wp","href":"https:\/\/api.w.org\/{rel}","templated":true}]}}