{"id":46860,"date":"2020-02-26T15:29:35","date_gmt":"2020-02-26T14:29:35","guid":{"rendered":"https:\/\/vosgesinfo.fr\/gerardmerinfo\/2020\/02\/sortir-sentiers-battus-lexposition-couple-nine-mozas-lecuyer-jean-pierre-lecuyer\/"},"modified":"2020-02-26T15:29:35","modified_gmt":"2020-02-26T14:29:35","slug":"sortir-sentiers-battus-lexposition-couple-nine-mozas-lecuyer-jean-pierre-lecuyer","status":"publish","type":"post","link":"https:\/\/vosgesinfo.fr\/gerardmerinfo\/2020\/02\/sortir-sentiers-battus-lexposition-couple-nine-mozas-lecuyer-jean-pierre-lecuyer\/","title":{"rendered":"SORTIR DES SENTIERS BATTUS avec l\u2019exposition du couple Nine MOZAS LECUYER et Jean Pierre LECUYER"},"content":{"rendered":"\n<h3>SORTIR DES SENTIERS BATTUS avec l\u2019exposition du couple Nine MOZAS LECUYER et Jean-Pierre LECUYER, une plong\u00e9e dans l&rsquo;intimit\u00e9 cr\u00e9atrice d&rsquo;un duo embl\u00e9matique de l\u2019art contemporain.<\/h3>\n<p>Quand la photographie s\u2019exprime aussi autrement, NineMozasNine photographe plasticienne,<br \/>\nd\u00e9veloppe son travail sur de grands formats toile o\u00f9 l\u2019amalgame des coloris, des saturations,<br \/>\ndes techniques r\u00e9v\u00e8lent alors ses images.<br \/>\n\u00ab Quand je visualise mes clich\u00e9s et que l\u2019infiniment petit me d\u00e9voile ses secrets, quelle<br \/>\n\u00e9motion ! Le regard des insectes me trouble intens\u00e9ment. \u00bb<br \/>\nSur les sentiers de tous les possibles ses PHOTOTOILES d\u00e9voilent un r\u00e8gne animal imposant,<br \/>\nenvelopp\u00e9 d\u2019une d\u00e9licate v\u00e9g\u00e9tation.<br \/>\n\u00ab Mes sentiers pr\u00e9f\u00e9r\u00e9s sont ces chemins de traverse qui m\u2019ont permis de rencontrer mes<br \/>\nAmi(e)s \u00bb<br \/>\nOn d\u00e9couvre aussi dans son premier livre \u00e0 tirage limit\u00e9 : \u00ab\u00a0Massif Vosgien Sortir des sentiers<br \/>\nbattus\u00a0\u00bb textes courts et ha\u00efkus qui cohabitent avec po\u00e9sie aux cot\u00e9s de magnifiques<br \/>\nphotographies. Pour vagabonder sur des chemins chim\u00e9riques, quel beau voyage \u00e0 travers la<br \/>\nbeaut\u00e9 de son imaginaire.<br \/>\nUn livre num\u00e9rot\u00e9 et sign\u00e9 que Nine offrira par tirage au sort \u00e0 un visiteur chanceux.<br \/>\nLe graphisme vigoureux de Jean Pierre L\u00e9cuyer, r\u00e9sulte du bois, son mat\u00e9riau de pr\u00e9dilection,<br \/>\nmais aussi de l\u2019utilisation de tous les reliefs susceptibles de devenir matrice d\u2019impression et en<br \/>\nparticulier ceux de la r\u00e9cup\u00e9ration qui allient spontan\u00e9it\u00e9, fantaisie et d\u00e9rision\u2026.<br \/>\nL\u2019artiste montre un art vivant qui se renouvelle sans cesse.<br \/>\n\u00ab Je pratique depuis toujours la montagne, la for\u00eat et je suis tr\u00e8s attach\u00e9 \u00e0 l\u2019id\u00e9e du sentier. \u00bb<br \/>\nDans le cadre de l\u2019exposition le graveur pr\u00e9sente de superbes kak\u00e9monos, estampes qui se<br \/>\nsuspendent verticalement, o\u00f9 le th\u00e8me des sentiers est pr\u00e9sent dans l\u2019\u00e9criture des po\u00e8tes<br \/>\nMartine Huot Marchand, Alain Jean Andr\u00e9, B\u00e9atrice Marchal et Richard Rognet. Po\u00e8tes<br \/>\npr\u00e9sents le 21 mars \u00e0 15h lors d\u2019une rencontre artistes-auteur(e)s.<br \/>\n\u00ab Ce n\u2019est pas un hasard si avec Nine nous avons construit notre maison dans les Hautes<br \/>\nVosges \u00bb<br \/>\n\u00c0 d\u00e9couvrir du 25 f\u00e9vrier au 29 mars 2020 \u00e0 la BMI d\u2019\u00c9pinal.<br \/>\nTous les jours sauf le lundi.<\/p>\n<p><strong>Entr\u00e9e gratuite. Horaires de la BMI.<\/strong><\/p>\n<p>Renseignements, contact :<br \/>\ncontact@bmi.agglo-epinal.fr<\/p>\n<p>03 29 39 98 20<\/p>\n","protected":false},"excerpt":{"rendered":"<p>SORTIR DES SENTIERS BATTUS avec l\u2019exposition du couple Nine MOZAS LECUYER et Jean-Pierre LECUYER, une plong\u00e9e dans l&rsquo;intimit\u00e9 cr\u00e9atrice d&rsquo;un [&hellip;]<\/p>\n","protected":false},"author":1,"featured_media":46861,"comment_status":"open","ping_status":"open","sticky":false,"template":"","format":"standard","meta":{"footnotes":""},"categories":[20,4,18],"tags":[3582],"class_list":["post-46860","post","type-post","status-publish","format-standard","has-post-thumbnail","hentry","category-a-la-une","category-culture","category-vosges","tag-nine-lecuyer"],"acf":[],"yoast_head":"<!-- This site is optimized with the Yoast SEO plugin v22.5 - https:\/\/yoast.com\/wordpress\/plugins\/seo\/ -->\n<title>SORTIR DES SENTIERS BATTUS avec l\u2019exposition du couple Nine MOZAS LECUYER et Jean Pierre LECUYER - Gerardmer Info<\/title>\n<meta name=\"robots\" content=\"index, follow, max-snippet:-1, max-image-preview:large, max-video-preview:-1\" \/>\n<link rel=\"canonical\" href=\"https:\/\/vosgesinfo.fr\/gerardmerinfo\/2020\/02\/sortir-sentiers-battus-lexposition-couple-nine-mozas-lecuyer-jean-pierre-lecuyer\/\" \/>\n<meta name=\"twitter:card\" content=\"summary_large_image\" \/>\n<meta name=\"twitter:title\" content=\"SORTIR DES SENTIERS BATTUS avec l\u2019exposition du couple Nine MOZAS LECUYER et Jean Pierre LECUYER - Gerardmer Info\" \/>\n<meta name=\"twitter:description\" content=\"SORTIR DES SENTIERS BATTUS avec l\u2019exposition du couple Nine MOZAS LECUYER et Jean-Pierre LECUYER, une plong\u00e9e dans l&rsquo;intimit\u00e9 cr\u00e9atrice d&rsquo;un [&hellip;]\" \/>\n<meta name=\"twitter:image\" content=\"https:\/\/vosgesinfo.fr\/app\/uploads\/sites\/6\/2024\/07\/202002phototoile-9-ninemozaslecuyer.jpg\" \/>\n<meta name=\"twitter:creator\" content=\"@VosgesInfo88\" \/>\n<meta name=\"twitter:site\" content=\"@VosgesInfo88\" \/>\n<meta name=\"twitter:label1\" content=\"\u00c9crit par\" \/>\n\t<meta name=\"twitter:data1\" content=\"qs_admin\" \/>\n\t<meta name=\"twitter:label2\" content=\"Dur\u00e9e de lecture estim\u00e9e\" \/>\n\t<meta name=\"twitter:data2\" content=\"2 minutes\" \/>\n<script type=\"application\/ld+json\" class=\"yoast-schema-graph\">{\"@context\":\"https:\/\/schema.org\",\"@graph\":[{\"@type\":\"Article\",\"@id\":\"https:\/\/vosgesinfo.fr\/gerardmerinfo\/2020\/02\/sortir-sentiers-battus-lexposition-couple-nine-mozas-lecuyer-jean-pierre-lecuyer\/#article\",\"isPartOf\":{\"@id\":\"https:\/\/vosgesinfo.fr\/gerardmerinfo\/2020\/02\/sortir-sentiers-battus-lexposition-couple-nine-mozas-lecuyer-jean-pierre-lecuyer\/\"},\"author\":{\"name\":\"qs_admin\",\"@id\":\"https:\/\/vosgesinfo.fr\/gerardmerinfo\/#\/schema\/person\/bc5d02d71e6932e81b6dadb7386667b1\"},\"headline\":\"SORTIR DES SENTIERS BATTUS avec l\u2019exposition du couple Nine MOZAS LECUYER et Jean Pierre LECUYER\",\"datePublished\":\"2020-02-26T14:29:35+00:00\",\"dateModified\":\"2020-02-26T14:29:35+00:00\",\"mainEntityOfPage\":{\"@id\":\"https:\/\/vosgesinfo.fr\/gerardmerinfo\/2020\/02\/sortir-sentiers-battus-lexposition-couple-nine-mozas-lecuyer-jean-pierre-lecuyer\/\"},\"wordCount\":416,\"commentCount\":0,\"publisher\":{\"@id\":\"https:\/\/vosgesinfo.fr\/gerardmerinfo\/#organization\"},\"image\":{\"@id\":\"https:\/\/vosgesinfo.fr\/gerardmerinfo\/2020\/02\/sortir-sentiers-battus-lexposition-couple-nine-mozas-lecuyer-jean-pierre-lecuyer\/#primaryimage\"},\"thumbnailUrl\":\"https:\/\/vosgesinfo.fr\/app\/uploads\/sites\/6\/2024\/07\/202002phototoile-9-ninemozaslecuyer.jpg\",\"keywords\":[\"nine lecuyer\"],\"articleSection\":[\"A la une\",\"Culture\",\"Vosges\"],\"inLanguage\":\"fr-FR\",\"potentialAction\":[{\"@type\":\"CommentAction\",\"name\":\"Comment\",\"target\":[\"https:\/\/vosgesinfo.fr\/gerardmerinfo\/2020\/02\/sortir-sentiers-battus-lexposition-couple-nine-mozas-lecuyer-jean-pierre-lecuyer\/#respond\"]}]},{\"@type\":\"WebPage\",\"@id\":\"https:\/\/vosgesinfo.fr\/gerardmerinfo\/2020\/02\/sortir-sentiers-battus-lexposition-couple-nine-mozas-lecuyer-jean-pierre-lecuyer\/\",\"url\":\"https:\/\/vosgesinfo.fr\/gerardmerinfo\/2020\/02\/sortir-sentiers-battus-lexposition-couple-nine-mozas-lecuyer-jean-pierre-lecuyer\/\",\"name\":\"SORTIR DES SENTIERS BATTUS avec l\u2019exposition du couple Nine MOZAS LECUYER et Jean Pierre LECUYER - Gerardmer Info\",\"isPartOf\":{\"@id\":\"https:\/\/vosgesinfo.fr\/gerardmerinfo\/#website\"},\"primaryImageOfPage\":{\"@id\":\"https:\/\/vosgesinfo.fr\/gerardmerinfo\/2020\/02\/sortir-sentiers-battus-lexposition-couple-nine-mozas-lecuyer-jean-pierre-lecuyer\/#primaryimage\"},\"image\":{\"@id\":\"https:\/\/vosgesinfo.fr\/gerardmerinfo\/2020\/02\/sortir-sentiers-battus-lexposition-couple-nine-mozas-lecuyer-jean-pierre-lecuyer\/#primaryimage\"},\"thumbnailUrl\":\"https:\/\/vosgesinfo.fr\/app\/uploads\/sites\/6\/2024\/07\/202002phototoile-9-ninemozaslecuyer.jpg\",\"datePublished\":\"2020-02-26T14:29:35+00:00\",\"dateModified\":\"2020-02-26T14:29:35+00:00\",\"breadcrumb\":{\"@id\":\"https:\/\/vosgesinfo.fr\/gerardmerinfo\/2020\/02\/sortir-sentiers-battus-lexposition-couple-nine-mozas-lecuyer-jean-pierre-lecuyer\/#breadcrumb\"},\"inLanguage\":\"fr-FR\",\"potentialAction\":[{\"@type\":\"ReadAction\",\"target\":[\"https:\/\/vosgesinfo.fr\/gerardmerinfo\/2020\/02\/sortir-sentiers-battus-lexposition-couple-nine-mozas-lecuyer-jean-pierre-lecuyer\/\"]}]},{\"@type\":\"ImageObject\",\"inLanguage\":\"fr-FR\",\"@id\":\"https:\/\/vosgesinfo.fr\/gerardmerinfo\/2020\/02\/sortir-sentiers-battus-lexposition-couple-nine-mozas-lecuyer-jean-pierre-lecuyer\/#primaryimage\",\"url\":\"https:\/\/vosgesinfo.fr\/app\/uploads\/sites\/6\/2024\/07\/202002phototoile-9-ninemozaslecuyer.jpg\",\"contentUrl\":\"https:\/\/vosgesinfo.fr\/app\/uploads\/sites\/6\/2024\/07\/202002phototoile-9-ninemozaslecuyer.jpg\",\"width\":533,\"height\":800},{\"@type\":\"BreadcrumbList\",\"@id\":\"https:\/\/vosgesinfo.fr\/gerardmerinfo\/2020\/02\/sortir-sentiers-battus-lexposition-couple-nine-mozas-lecuyer-jean-pierre-lecuyer\/#breadcrumb\",\"itemListElement\":[{\"@type\":\"ListItem\",\"position\":1,\"name\":\"Home\",\"item\":\"https:\/\/vosgesinfo.fr\/gerardmerinfo\/\"},{\"@type\":\"ListItem\",\"position\":2,\"name\":\"SORTIR DES SENTIERS BATTUS avec l\u2019exposition du couple Nine MOZAS LECUYER et Jean Pierre LECUYER\"}]},{\"@type\":\"WebSite\",\"@id\":\"https:\/\/vosgesinfo.fr\/gerardmerinfo\/#website\",\"url\":\"https:\/\/vosgesinfo.fr\/gerardmerinfo\/\",\"name\":\"Gerardmer Info\",\"description\":\"Toute l&#039;actualit\u00e9 de G\u00e9rardmer\",\"publisher\":{\"@id\":\"https:\/\/vosgesinfo.fr\/gerardmerinfo\/#organization\"},\"alternateName\":\"Toute l'actualit\u00e9 de G\u00e9rardmer\",\"potentialAction\":[{\"@type\":\"SearchAction\",\"target\":{\"@type\":\"EntryPoint\",\"urlTemplate\":\"https:\/\/vosgesinfo.fr\/gerardmerinfo\/?s={search_term_string}\"},\"query-input\":\"required name=search_term_string\"}],\"inLanguage\":\"fr-FR\"},{\"@type\":\"Organization\",\"@id\":\"https:\/\/vosgesinfo.fr\/gerardmerinfo\/#organization\",\"name\":\"Gerardmer Info\",\"url\":\"https:\/\/vosgesinfo.fr\/gerardmerinfo\/\",\"logo\":{\"@type\":\"ImageObject\",\"inLanguage\":\"fr-FR\",\"@id\":\"https:\/\/vosgesinfo.fr\/gerardmerinfo\/#\/schema\/logo\/image\/\",\"url\":\"https:\/\/vosgesinfo.fr\/app\/uploads\/sites\/6\/2023\/08\/favicon-gerardmerinfo.png\",\"contentUrl\":\"https:\/\/vosgesinfo.fr\/app\/uploads\/sites\/6\/2023\/08\/favicon-gerardmerinfo.png\",\"width\":512,\"height\":512,\"caption\":\"Gerardmer Info\"},\"image\":{\"@id\":\"https:\/\/vosgesinfo.fr\/gerardmerinfo\/#\/schema\/logo\/image\/\"},\"sameAs\":[\"https:\/\/www.facebook.com\/profile.php?id=100049475262660\",\"https:\/\/x.com\/VosgesInfo88\",\"https:\/\/www.youtube.com\/@vosgesinfo\"]},{\"@type\":\"Person\",\"@id\":\"https:\/\/vosgesinfo.fr\/gerardmerinfo\/#\/schema\/person\/bc5d02d71e6932e81b6dadb7386667b1\",\"name\":\"qs_admin\",\"image\":{\"@type\":\"ImageObject\",\"inLanguage\":\"fr-FR\",\"@id\":\"https:\/\/vosgesinfo.fr\/gerardmerinfo\/#\/schema\/person\/image\/\",\"url\":\"https:\/\/secure.gravatar.com\/avatar\/94b18ee0ed79e4a42ea2f2931277b6841a8999fc6fde214600c78057cf1fe1de?s=96&d=mm&r=g\",\"contentUrl\":\"https:\/\/secure.gravatar.com\/avatar\/94b18ee0ed79e4a42ea2f2931277b6841a8999fc6fde214600c78057cf1fe1de?s=96&d=mm&r=g\",\"caption\":\"qs_admin\"},\"sameAs\":[\"https:\/\/vosgesinfo.fr\/wp\"],\"url\":\"https:\/\/vosgesinfo.fr\/gerardmerinfo\/author\/qs_admin\/\"}]}<\/script>\n<!-- \/ Yoast SEO plugin. -->","yoast_head_json":{"title":"SORTIR DES SENTIERS BATTUS avec l\u2019exposition du couple Nine MOZAS LECUYER et Jean Pierre LECUYER - Gerardmer Info","robots":{"index":"index","follow":"follow","max-snippet":"max-snippet:-1","max-image-preview":"max-image-preview:large","max-video-preview":"max-video-preview:-1"},"canonical":"https:\/\/vosgesinfo.fr\/gerardmerinfo\/2020\/02\/sortir-sentiers-battus-lexposition-couple-nine-mozas-lecuyer-jean-pierre-lecuyer\/","twitter_card":"summary_large_image","twitter_title":"SORTIR DES SENTIERS BATTUS avec l\u2019exposition du couple Nine MOZAS LECUYER et Jean Pierre LECUYER - Gerardmer Info","twitter_description":"SORTIR DES SENTIERS BATTUS avec l\u2019exposition du couple Nine MOZAS LECUYER et Jean-Pierre LECUYER, une plong\u00e9e dans l&rsquo;intimit\u00e9 cr\u00e9atrice d&rsquo;un [&hellip;]","twitter_image":"https:\/\/vosgesinfo.fr\/app\/uploads\/sites\/6\/2024\/07\/202002phototoile-9-ninemozaslecuyer.jpg","twitter_creator":"@VosgesInfo88","twitter_site":"@VosgesInfo88","twitter_misc":{"\u00c9crit par":"qs_admin","Dur\u00e9e de lecture estim\u00e9e":"2 minutes"},"schema":{"@context":"https:\/\/schema.org","@graph":[{"@type":"Article","@id":"https:\/\/vosgesinfo.fr\/gerardmerinfo\/2020\/02\/sortir-sentiers-battus-lexposition-couple-nine-mozas-lecuyer-jean-pierre-lecuyer\/#article","isPartOf":{"@id":"https:\/\/vosgesinfo.fr\/gerardmerinfo\/2020\/02\/sortir-sentiers-battus-lexposition-couple-nine-mozas-lecuyer-jean-pierre-lecuyer\/"},"author":{"name":"qs_admin","@id":"https:\/\/vosgesinfo.fr\/gerardmerinfo\/#\/schema\/person\/bc5d02d71e6932e81b6dadb7386667b1"},"headline":"SORTIR DES SENTIERS BATTUS avec l\u2019exposition du couple Nine MOZAS LECUYER et Jean Pierre LECUYER","datePublished":"2020-02-26T14:29:35+00:00","dateModified":"2020-02-26T14:29:35+00:00","mainEntityOfPage":{"@id":"https:\/\/vosgesinfo.fr\/gerardmerinfo\/2020\/02\/sortir-sentiers-battus-lexposition-couple-nine-mozas-lecuyer-jean-pierre-lecuyer\/"},"wordCount":416,"commentCount":0,"publisher":{"@id":"https:\/\/vosgesinfo.fr\/gerardmerinfo\/#organization"},"image":{"@id":"https:\/\/vosgesinfo.fr\/gerardmerinfo\/2020\/02\/sortir-sentiers-battus-lexposition-couple-nine-mozas-lecuyer-jean-pierre-lecuyer\/#primaryimage"},"thumbnailUrl":"https:\/\/vosgesinfo.fr\/app\/uploads\/sites\/6\/2024\/07\/202002phototoile-9-ninemozaslecuyer.jpg","keywords":["nine lecuyer"],"articleSection":["A la une","Culture","Vosges"],"inLanguage":"fr-FR","potentialAction":[{"@type":"CommentAction","name":"Comment","target":["https:\/\/vosgesinfo.fr\/gerardmerinfo\/2020\/02\/sortir-sentiers-battus-lexposition-couple-nine-mozas-lecuyer-jean-pierre-lecuyer\/#respond"]}]},{"@type":"WebPage","@id":"https:\/\/vosgesinfo.fr\/gerardmerinfo\/2020\/02\/sortir-sentiers-battus-lexposition-couple-nine-mozas-lecuyer-jean-pierre-lecuyer\/","url":"https:\/\/vosgesinfo.fr\/gerardmerinfo\/2020\/02\/sortir-sentiers-battus-lexposition-couple-nine-mozas-lecuyer-jean-pierre-lecuyer\/","name":"SORTIR DES SENTIERS BATTUS avec l\u2019exposition du couple Nine MOZAS LECUYER et Jean Pierre LECUYER - Gerardmer Info","isPartOf":{"@id":"https:\/\/vosgesinfo.fr\/gerardmerinfo\/#website"},"primaryImageOfPage":{"@id":"https:\/\/vosgesinfo.fr\/gerardmerinfo\/2020\/02\/sortir-sentiers-battus-lexposition-couple-nine-mozas-lecuyer-jean-pierre-lecuyer\/#primaryimage"},"image":{"@id":"https:\/\/vosgesinfo.fr\/gerardmerinfo\/2020\/02\/sortir-sentiers-battus-lexposition-couple-nine-mozas-lecuyer-jean-pierre-lecuyer\/#primaryimage"},"thumbnailUrl":"https:\/\/vosgesinfo.fr\/app\/uploads\/sites\/6\/2024\/07\/202002phototoile-9-ninemozaslecuyer.jpg","datePublished":"2020-02-26T14:29:35+00:00","dateModified":"2020-02-26T14:29:35+00:00","breadcrumb":{"@id":"https:\/\/vosgesinfo.fr\/gerardmerinfo\/2020\/02\/sortir-sentiers-battus-lexposition-couple-nine-mozas-lecuyer-jean-pierre-lecuyer\/#breadcrumb"},"inLanguage":"fr-FR","potentialAction":[{"@type":"ReadAction","target":["https:\/\/vosgesinfo.fr\/gerardmerinfo\/2020\/02\/sortir-sentiers-battus-lexposition-couple-nine-mozas-lecuyer-jean-pierre-lecuyer\/"]}]},{"@type":"ImageObject","inLanguage":"fr-FR","@id":"https:\/\/vosgesinfo.fr\/gerardmerinfo\/2020\/02\/sortir-sentiers-battus-lexposition-couple-nine-mozas-lecuyer-jean-pierre-lecuyer\/#primaryimage","url":"https:\/\/vosgesinfo.fr\/app\/uploads\/sites\/6\/2024\/07\/202002phototoile-9-ninemozaslecuyer.jpg","contentUrl":"https:\/\/vosgesinfo.fr\/app\/uploads\/sites\/6\/2024\/07\/202002phototoile-9-ninemozaslecuyer.jpg","width":533,"height":800},{"@type":"BreadcrumbList","@id":"https:\/\/vosgesinfo.fr\/gerardmerinfo\/2020\/02\/sortir-sentiers-battus-lexposition-couple-nine-mozas-lecuyer-jean-pierre-lecuyer\/#breadcrumb","itemListElement":[{"@type":"ListItem","position":1,"name":"Home","item":"https:\/\/vosgesinfo.fr\/gerardmerinfo\/"},{"@type":"ListItem","position":2,"name":"SORTIR DES SENTIERS BATTUS avec l\u2019exposition du couple Nine MOZAS LECUYER et Jean Pierre LECUYER"}]},{"@type":"WebSite","@id":"https:\/\/vosgesinfo.fr\/gerardmerinfo\/#website","url":"https:\/\/vosgesinfo.fr\/gerardmerinfo\/","name":"Gerardmer Info","description":"Toute l&#039;actualit\u00e9 de G\u00e9rardmer","publisher":{"@id":"https:\/\/vosgesinfo.fr\/gerardmerinfo\/#organization"},"alternateName":"Toute l'actualit\u00e9 de G\u00e9rardmer","potentialAction":[{"@type":"SearchAction","target":{"@type":"EntryPoint","urlTemplate":"https:\/\/vosgesinfo.fr\/gerardmerinfo\/?s={search_term_string}"},"query-input":"required name=search_term_string"}],"inLanguage":"fr-FR"},{"@type":"Organization","@id":"https:\/\/vosgesinfo.fr\/gerardmerinfo\/#organization","name":"Gerardmer Info","url":"https:\/\/vosgesinfo.fr\/gerardmerinfo\/","logo":{"@type":"ImageObject","inLanguage":"fr-FR","@id":"https:\/\/vosgesinfo.fr\/gerardmerinfo\/#\/schema\/logo\/image\/","url":"https:\/\/vosgesinfo.fr\/app\/uploads\/sites\/6\/2023\/08\/favicon-gerardmerinfo.png","contentUrl":"https:\/\/vosgesinfo.fr\/app\/uploads\/sites\/6\/2023\/08\/favicon-gerardmerinfo.png","width":512,"height":512,"caption":"Gerardmer Info"},"image":{"@id":"https:\/\/vosgesinfo.fr\/gerardmerinfo\/#\/schema\/logo\/image\/"},"sameAs":["https:\/\/www.facebook.com\/profile.php?id=100049475262660","https:\/\/x.com\/VosgesInfo88","https:\/\/www.youtube.com\/@vosgesinfo"]},{"@type":"Person","@id":"https:\/\/vosgesinfo.fr\/gerardmerinfo\/#\/schema\/person\/bc5d02d71e6932e81b6dadb7386667b1","name":"qs_admin","image":{"@type":"ImageObject","inLanguage":"fr-FR","@id":"https:\/\/vosgesinfo.fr\/gerardmerinfo\/#\/schema\/person\/image\/","url":"https:\/\/secure.gravatar.com\/avatar\/94b18ee0ed79e4a42ea2f2931277b6841a8999fc6fde214600c78057cf1fe1de?s=96&d=mm&r=g","contentUrl":"https:\/\/secure.gravatar.com\/avatar\/94b18ee0ed79e4a42ea2f2931277b6841a8999fc6fde214600c78057cf1fe1de?s=96&d=mm&r=g","caption":"qs_admin"},"sameAs":["https:\/\/vosgesinfo.fr\/wp"],"url":"https:\/\/vosgesinfo.fr\/gerardmerinfo\/author\/qs_admin\/"}]}},"_links":{"self":[{"href":"https:\/\/vosgesinfo.fr\/gerardmerinfo\/wp-json\/wp\/v2\/posts\/46860","targetHints":{"allow":["GET"]}}],"collection":[{"href":"https:\/\/vosgesinfo.fr\/gerardmerinfo\/wp-json\/wp\/v2\/posts"}],"about":[{"href":"https:\/\/vosgesinfo.fr\/gerardmerinfo\/wp-json\/wp\/v2\/types\/post"}],"author":[{"embeddable":true,"href":"https:\/\/vosgesinfo.fr\/gerardmerinfo\/wp-json\/wp\/v2\/users\/1"}],"replies":[{"embeddable":true,"href":"https:\/\/vosgesinfo.fr\/gerardmerinfo\/wp-json\/wp\/v2\/comments?post=46860"}],"version-history":[{"count":0,"href":"https:\/\/vosgesinfo.fr\/gerardmerinfo\/wp-json\/wp\/v2\/posts\/46860\/revisions"}],"wp:featuredmedia":[{"embeddable":true,"href":"https:\/\/vosgesinfo.fr\/gerardmerinfo\/wp-json\/wp\/v2\/media\/46861"}],"wp:attachment":[{"href":"https:\/\/vosgesinfo.fr\/gerardmerinfo\/wp-json\/wp\/v2\/media?parent=46860"}],"wp:term":[{"taxonomy":"category","embeddable":true,"href":"https:\/\/vosgesinfo.fr\/gerardmerinfo\/wp-json\/wp\/v2\/categories?post=46860"},{"taxonomy":"post_tag","embeddable":true,"href":"https:\/\/vosgesinfo.fr\/gerardmerinfo\/wp-json\/wp\/v2\/tags?post=46860"}],"curies":[{"name":"wp","href":"https:\/\/api.w.org\/{rel}","templated":true}]}}