{"id":46875,"date":"2020-02-27T14:24:10","date_gmt":"2020-02-27T13:24:10","guid":{"rendered":"https:\/\/vosgesinfo.fr\/gerardmerinfo\/2020\/02\/premier-cas-de-coronavirus-detecte-grand\/"},"modified":"2020-02-27T14:24:10","modified_gmt":"2020-02-27T13:24:10","slug":"premier-cas-de-coronavirus-detecte-grand","status":"publish","type":"post","link":"https:\/\/vosgesinfo.fr\/gerardmerinfo\/2020\/02\/premier-cas-de-coronavirus-detecte-grand\/","title":{"rendered":"Un premier cas de coronavirus d\u00e9tect\u00e9 dans le Grand Est !"},"content":{"rendered":"<h2><span style=\"font-size: 14pt;\"><a href=\"https:\/\/gerardmerinfo.fr\/2020\/02\/premier-cas-de-coronavirus-detecte-grand\/virus-4030721_1920-800x270\/\" rel=\"attachment wp-att-160142\"><img decoding=\"async\" class=\"aligncenter size-full wp-image-160142\" src=\"\/2020\/02\/virus-4030721_1920-800x270.jpg\" alt=\"virus-4030721_1920-800x270\" width=\"800\" height=\"270\" \/><\/a>L\u2019Agence R\u00e9gionale de Sant\u00e9 (ARS) Grand Est a confirm\u00e9 dans un communiqu\u00e9 qu\u2019un premier cas de coronavirus avait \u00e9t\u00e9 d\u00e9tect\u00e9 dans le Grand Est \u00e0 Strasbourg. Le patient a \u00e9t\u00e9 hospitalis\u00e9\u00a0au service d\u2019infectiologie de Strasbourg.\u00a0<\/span><\/h2>\n<p>Le coronavirus est arriv\u00e9 dans le Grand Est ! Un homme de 36 ans a \u00e9t\u00e9 hospitalis\u00e9 mardi \u00e0 Strasbourg. En effet, l\u2019Agence R\u00e9gionale de Sant\u00e9 (ARS) Grand Est a confirm\u00e9 que le premier cas de coronavirus avait \u00e9t\u00e9 d\u00e9tect\u00e9 dans le Grand Est, en Alsace.\u00a0Le patient, revenait d\u2019un s\u00e9jour \u00e0 Milan en Italie. Il a \u00e9t\u00e9 mis en isolement.<\/p>\n<p>Son \u00e9tat de sant\u00e9 n\u2019inspire aucune inqui\u00e9tude.<\/p>\n<p>Au 26 f\u00e9vrier,\u00a0\u00e0 13h, la situation \u00e9pid\u00e9miologique nationale fait \u00e9tat de 17\u00a0cas confirm\u00e9s. Ces cas confirm\u00e9s sont rapport\u00e9s dans 5 r\u00e9gions en m\u00e9tropole\u00a0: Auvergne-Rh\u00f4ne-Alpes (7), Grand-Est (1), Hauts de France (2), Ile-de-France (6) et Nouvelle-Aquitaine (1).<\/p>\n<p>Deux d\u00e9c\u00e8s ont \u00e9t\u00e9 rapport\u00e9s en France depuis le 14 f\u00e9vrier 2020 chez un cas confirm\u00e9 diagnostiqu\u00e9 fin janvier 2020, un homme de 81\u00a0ans qui \u00e9tait hospitalis\u00e9 \u00e0 Paris, et un homme de 60 ans diagnostiqu\u00e9 fin f\u00e9vrier 2020 et hospitalis\u00e9 \u00e0 Paris.<\/p>\n<div>\n<p>En cas de signes d\u2019infection respiratoire (fi\u00e8vre ou sensation de fi\u00e8vre, toux, difficult\u00e9s respiratoires) dans les 14 jours suivant le retour d\u2019une zone o\u00f9 circule le virus contactez le Samu Centre 15 en faisant \u00e9tat des sympt\u00f4mes et du s\u00e9jour r\u00e9cent, \u00e9vitez tout contact avec votre entourage et conservez votre masque et ne vous rendez pas chez votre m\u00e9decin traitant ou aux urgences, pour \u00e9viter toute potentielle contamination.<\/p>\n<\/div>\n<p>C.K.N.<\/p>\n","protected":false},"excerpt":{"rendered":"<p>L\u2019Agence R\u00e9gionale de Sant\u00e9 (ARS) Grand Est a confirm\u00e9 dans un communiqu\u00e9 qu\u2019un premier cas de coronavirus avait \u00e9t\u00e9 d\u00e9tect\u00e9 [&hellip;]<\/p>\n","protected":false},"author":1,"featured_media":46876,"comment_status":"open","ping_status":"open","sticky":false,"template":"","format":"standard","meta":{"footnotes":""},"categories":[20,12,18],"tags":[],"class_list":["post-46875","post","type-post","status-publish","format-standard","has-post-thumbnail","hentry","category-a-la-une","category-sante","category-vosges"],"acf":[],"yoast_head":"<!-- This site is optimized with the Yoast SEO plugin v22.5 - https:\/\/yoast.com\/wordpress\/plugins\/seo\/ -->\n<title>Un premier cas de coronavirus d\u00e9tect\u00e9 dans le Grand Est ! - Gerardmer Info<\/title>\n<meta name=\"robots\" content=\"index, follow, max-snippet:-1, max-image-preview:large, max-video-preview:-1\" \/>\n<link rel=\"canonical\" href=\"https:\/\/vosgesinfo.fr\/gerardmerinfo\/2020\/02\/premier-cas-de-coronavirus-detecte-grand\/\" \/>\n<meta name=\"twitter:card\" content=\"summary_large_image\" \/>\n<meta name=\"twitter:title\" content=\"Un premier cas de coronavirus d\u00e9tect\u00e9 dans le Grand Est ! - Gerardmer Info\" \/>\n<meta name=\"twitter:description\" content=\"L\u2019Agence R\u00e9gionale de Sant\u00e9 (ARS) Grand Est a confirm\u00e9 dans un communiqu\u00e9 qu\u2019un premier cas de coronavirus avait \u00e9t\u00e9 d\u00e9tect\u00e9 [&hellip;]\" \/>\n<meta name=\"twitter:image\" content=\"https:\/\/vosgesinfo.fr\/app\/uploads\/sites\/6\/2024\/07\/202002virus-4030721-1920-800x270-1.jpg\" \/>\n<meta name=\"twitter:creator\" content=\"@VosgesInfo88\" \/>\n<meta name=\"twitter:site\" content=\"@VosgesInfo88\" \/>\n<meta name=\"twitter:label1\" content=\"\u00c9crit par\" \/>\n\t<meta name=\"twitter:data1\" content=\"qs_admin\" \/>\n\t<meta name=\"twitter:label2\" content=\"Dur\u00e9e de lecture estim\u00e9e\" \/>\n\t<meta name=\"twitter:data2\" content=\"1 minute\" \/>\n<script type=\"application\/ld+json\" class=\"yoast-schema-graph\">{\"@context\":\"https:\/\/schema.org\",\"@graph\":[{\"@type\":\"Article\",\"@id\":\"https:\/\/vosgesinfo.fr\/gerardmerinfo\/2020\/02\/premier-cas-de-coronavirus-detecte-grand\/#article\",\"isPartOf\":{\"@id\":\"https:\/\/vosgesinfo.fr\/gerardmerinfo\/2020\/02\/premier-cas-de-coronavirus-detecte-grand\/\"},\"author\":{\"name\":\"qs_admin\",\"@id\":\"https:\/\/vosgesinfo.fr\/gerardmerinfo\/#\/schema\/person\/bc5d02d71e6932e81b6dadb7386667b1\"},\"headline\":\"Un premier cas de coronavirus d\u00e9tect\u00e9 dans le Grand Est !\",\"datePublished\":\"2020-02-27T13:24:10+00:00\",\"dateModified\":\"2020-02-27T13:24:10+00:00\",\"mainEntityOfPage\":{\"@id\":\"https:\/\/vosgesinfo.fr\/gerardmerinfo\/2020\/02\/premier-cas-de-coronavirus-detecte-grand\/\"},\"wordCount\":278,\"commentCount\":0,\"publisher\":{\"@id\":\"https:\/\/vosgesinfo.fr\/gerardmerinfo\/#organization\"},\"image\":{\"@id\":\"https:\/\/vosgesinfo.fr\/gerardmerinfo\/2020\/02\/premier-cas-de-coronavirus-detecte-grand\/#primaryimage\"},\"thumbnailUrl\":\"https:\/\/vosgesinfo.fr\/app\/uploads\/sites\/6\/2024\/07\/202002virus-4030721-1920-800x270-1.jpg\",\"articleSection\":[\"A la une\",\"Sant\u00e9\",\"Vosges\"],\"inLanguage\":\"fr-FR\",\"potentialAction\":[{\"@type\":\"CommentAction\",\"name\":\"Comment\",\"target\":[\"https:\/\/vosgesinfo.fr\/gerardmerinfo\/2020\/02\/premier-cas-de-coronavirus-detecte-grand\/#respond\"]}]},{\"@type\":\"WebPage\",\"@id\":\"https:\/\/vosgesinfo.fr\/gerardmerinfo\/2020\/02\/premier-cas-de-coronavirus-detecte-grand\/\",\"url\":\"https:\/\/vosgesinfo.fr\/gerardmerinfo\/2020\/02\/premier-cas-de-coronavirus-detecte-grand\/\",\"name\":\"Un premier cas de coronavirus d\u00e9tect\u00e9 dans le Grand Est ! - Gerardmer Info\",\"isPartOf\":{\"@id\":\"https:\/\/vosgesinfo.fr\/gerardmerinfo\/#website\"},\"primaryImageOfPage\":{\"@id\":\"https:\/\/vosgesinfo.fr\/gerardmerinfo\/2020\/02\/premier-cas-de-coronavirus-detecte-grand\/#primaryimage\"},\"image\":{\"@id\":\"https:\/\/vosgesinfo.fr\/gerardmerinfo\/2020\/02\/premier-cas-de-coronavirus-detecte-grand\/#primaryimage\"},\"thumbnailUrl\":\"https:\/\/vosgesinfo.fr\/app\/uploads\/sites\/6\/2024\/07\/202002virus-4030721-1920-800x270-1.jpg\",\"datePublished\":\"2020-02-27T13:24:10+00:00\",\"dateModified\":\"2020-02-27T13:24:10+00:00\",\"breadcrumb\":{\"@id\":\"https:\/\/vosgesinfo.fr\/gerardmerinfo\/2020\/02\/premier-cas-de-coronavirus-detecte-grand\/#breadcrumb\"},\"inLanguage\":\"fr-FR\",\"potentialAction\":[{\"@type\":\"ReadAction\",\"target\":[\"https:\/\/vosgesinfo.fr\/gerardmerinfo\/2020\/02\/premier-cas-de-coronavirus-detecte-grand\/\"]}]},{\"@type\":\"ImageObject\",\"inLanguage\":\"fr-FR\",\"@id\":\"https:\/\/vosgesinfo.fr\/gerardmerinfo\/2020\/02\/premier-cas-de-coronavirus-detecte-grand\/#primaryimage\",\"url\":\"https:\/\/vosgesinfo.fr\/app\/uploads\/sites\/6\/2024\/07\/202002virus-4030721-1920-800x270-1.jpg\",\"contentUrl\":\"https:\/\/vosgesinfo.fr\/app\/uploads\/sites\/6\/2024\/07\/202002virus-4030721-1920-800x270-1.jpg\",\"width\":800,\"height\":270},{\"@type\":\"BreadcrumbList\",\"@id\":\"https:\/\/vosgesinfo.fr\/gerardmerinfo\/2020\/02\/premier-cas-de-coronavirus-detecte-grand\/#breadcrumb\",\"itemListElement\":[{\"@type\":\"ListItem\",\"position\":1,\"name\":\"Home\",\"item\":\"https:\/\/vosgesinfo.fr\/gerardmerinfo\/\"},{\"@type\":\"ListItem\",\"position\":2,\"name\":\"Un premier cas de coronavirus d\u00e9tect\u00e9 dans le Grand Est !\"}]},{\"@type\":\"WebSite\",\"@id\":\"https:\/\/vosgesinfo.fr\/gerardmerinfo\/#website\",\"url\":\"https:\/\/vosgesinfo.fr\/gerardmerinfo\/\",\"name\":\"Gerardmer Info\",\"description\":\"Toute l&#039;actualit\u00e9 de G\u00e9rardmer\",\"publisher\":{\"@id\":\"https:\/\/vosgesinfo.fr\/gerardmerinfo\/#organization\"},\"alternateName\":\"Toute l'actualit\u00e9 de G\u00e9rardmer\",\"potentialAction\":[{\"@type\":\"SearchAction\",\"target\":{\"@type\":\"EntryPoint\",\"urlTemplate\":\"https:\/\/vosgesinfo.fr\/gerardmerinfo\/?s={search_term_string}\"},\"query-input\":\"required name=search_term_string\"}],\"inLanguage\":\"fr-FR\"},{\"@type\":\"Organization\",\"@id\":\"https:\/\/vosgesinfo.fr\/gerardmerinfo\/#organization\",\"name\":\"Gerardmer Info\",\"url\":\"https:\/\/vosgesinfo.fr\/gerardmerinfo\/\",\"logo\":{\"@type\":\"ImageObject\",\"inLanguage\":\"fr-FR\",\"@id\":\"https:\/\/vosgesinfo.fr\/gerardmerinfo\/#\/schema\/logo\/image\/\",\"url\":\"https:\/\/vosgesinfo.fr\/app\/uploads\/sites\/6\/2023\/08\/favicon-gerardmerinfo.png\",\"contentUrl\":\"https:\/\/vosgesinfo.fr\/app\/uploads\/sites\/6\/2023\/08\/favicon-gerardmerinfo.png\",\"width\":512,\"height\":512,\"caption\":\"Gerardmer Info\"},\"image\":{\"@id\":\"https:\/\/vosgesinfo.fr\/gerardmerinfo\/#\/schema\/logo\/image\/\"},\"sameAs\":[\"https:\/\/www.facebook.com\/profile.php?id=100049475262660\",\"https:\/\/x.com\/VosgesInfo88\",\"https:\/\/www.youtube.com\/@vosgesinfo\"]},{\"@type\":\"Person\",\"@id\":\"https:\/\/vosgesinfo.fr\/gerardmerinfo\/#\/schema\/person\/bc5d02d71e6932e81b6dadb7386667b1\",\"name\":\"qs_admin\",\"image\":{\"@type\":\"ImageObject\",\"inLanguage\":\"fr-FR\",\"@id\":\"https:\/\/vosgesinfo.fr\/gerardmerinfo\/#\/schema\/person\/image\/\",\"url\":\"https:\/\/secure.gravatar.com\/avatar\/94b18ee0ed79e4a42ea2f2931277b6841a8999fc6fde214600c78057cf1fe1de?s=96&d=mm&r=g\",\"contentUrl\":\"https:\/\/secure.gravatar.com\/avatar\/94b18ee0ed79e4a42ea2f2931277b6841a8999fc6fde214600c78057cf1fe1de?s=96&d=mm&r=g\",\"caption\":\"qs_admin\"},\"sameAs\":[\"https:\/\/vosgesinfo.fr\/wp\"],\"url\":\"https:\/\/vosgesinfo.fr\/gerardmerinfo\/author\/qs_admin\/\"}]}<\/script>\n<!-- \/ Yoast SEO plugin. -->","yoast_head_json":{"title":"Un premier cas de coronavirus d\u00e9tect\u00e9 dans le Grand Est ! - Gerardmer Info","robots":{"index":"index","follow":"follow","max-snippet":"max-snippet:-1","max-image-preview":"max-image-preview:large","max-video-preview":"max-video-preview:-1"},"canonical":"https:\/\/vosgesinfo.fr\/gerardmerinfo\/2020\/02\/premier-cas-de-coronavirus-detecte-grand\/","twitter_card":"summary_large_image","twitter_title":"Un premier cas de coronavirus d\u00e9tect\u00e9 dans le Grand Est ! - Gerardmer Info","twitter_description":"L\u2019Agence R\u00e9gionale de Sant\u00e9 (ARS) Grand Est a confirm\u00e9 dans un communiqu\u00e9 qu\u2019un premier cas de coronavirus avait \u00e9t\u00e9 d\u00e9tect\u00e9 [&hellip;]","twitter_image":"https:\/\/vosgesinfo.fr\/app\/uploads\/sites\/6\/2024\/07\/202002virus-4030721-1920-800x270-1.jpg","twitter_creator":"@VosgesInfo88","twitter_site":"@VosgesInfo88","twitter_misc":{"\u00c9crit par":"qs_admin","Dur\u00e9e de lecture estim\u00e9e":"1 minute"},"schema":{"@context":"https:\/\/schema.org","@graph":[{"@type":"Article","@id":"https:\/\/vosgesinfo.fr\/gerardmerinfo\/2020\/02\/premier-cas-de-coronavirus-detecte-grand\/#article","isPartOf":{"@id":"https:\/\/vosgesinfo.fr\/gerardmerinfo\/2020\/02\/premier-cas-de-coronavirus-detecte-grand\/"},"author":{"name":"qs_admin","@id":"https:\/\/vosgesinfo.fr\/gerardmerinfo\/#\/schema\/person\/bc5d02d71e6932e81b6dadb7386667b1"},"headline":"Un premier cas de coronavirus d\u00e9tect\u00e9 dans le Grand Est !","datePublished":"2020-02-27T13:24:10+00:00","dateModified":"2020-02-27T13:24:10+00:00","mainEntityOfPage":{"@id":"https:\/\/vosgesinfo.fr\/gerardmerinfo\/2020\/02\/premier-cas-de-coronavirus-detecte-grand\/"},"wordCount":278,"commentCount":0,"publisher":{"@id":"https:\/\/vosgesinfo.fr\/gerardmerinfo\/#organization"},"image":{"@id":"https:\/\/vosgesinfo.fr\/gerardmerinfo\/2020\/02\/premier-cas-de-coronavirus-detecte-grand\/#primaryimage"},"thumbnailUrl":"https:\/\/vosgesinfo.fr\/app\/uploads\/sites\/6\/2024\/07\/202002virus-4030721-1920-800x270-1.jpg","articleSection":["A la une","Sant\u00e9","Vosges"],"inLanguage":"fr-FR","potentialAction":[{"@type":"CommentAction","name":"Comment","target":["https:\/\/vosgesinfo.fr\/gerardmerinfo\/2020\/02\/premier-cas-de-coronavirus-detecte-grand\/#respond"]}]},{"@type":"WebPage","@id":"https:\/\/vosgesinfo.fr\/gerardmerinfo\/2020\/02\/premier-cas-de-coronavirus-detecte-grand\/","url":"https:\/\/vosgesinfo.fr\/gerardmerinfo\/2020\/02\/premier-cas-de-coronavirus-detecte-grand\/","name":"Un premier cas de coronavirus d\u00e9tect\u00e9 dans le Grand Est ! - Gerardmer Info","isPartOf":{"@id":"https:\/\/vosgesinfo.fr\/gerardmerinfo\/#website"},"primaryImageOfPage":{"@id":"https:\/\/vosgesinfo.fr\/gerardmerinfo\/2020\/02\/premier-cas-de-coronavirus-detecte-grand\/#primaryimage"},"image":{"@id":"https:\/\/vosgesinfo.fr\/gerardmerinfo\/2020\/02\/premier-cas-de-coronavirus-detecte-grand\/#primaryimage"},"thumbnailUrl":"https:\/\/vosgesinfo.fr\/app\/uploads\/sites\/6\/2024\/07\/202002virus-4030721-1920-800x270-1.jpg","datePublished":"2020-02-27T13:24:10+00:00","dateModified":"2020-02-27T13:24:10+00:00","breadcrumb":{"@id":"https:\/\/vosgesinfo.fr\/gerardmerinfo\/2020\/02\/premier-cas-de-coronavirus-detecte-grand\/#breadcrumb"},"inLanguage":"fr-FR","potentialAction":[{"@type":"ReadAction","target":["https:\/\/vosgesinfo.fr\/gerardmerinfo\/2020\/02\/premier-cas-de-coronavirus-detecte-grand\/"]}]},{"@type":"ImageObject","inLanguage":"fr-FR","@id":"https:\/\/vosgesinfo.fr\/gerardmerinfo\/2020\/02\/premier-cas-de-coronavirus-detecte-grand\/#primaryimage","url":"https:\/\/vosgesinfo.fr\/app\/uploads\/sites\/6\/2024\/07\/202002virus-4030721-1920-800x270-1.jpg","contentUrl":"https:\/\/vosgesinfo.fr\/app\/uploads\/sites\/6\/2024\/07\/202002virus-4030721-1920-800x270-1.jpg","width":800,"height":270},{"@type":"BreadcrumbList","@id":"https:\/\/vosgesinfo.fr\/gerardmerinfo\/2020\/02\/premier-cas-de-coronavirus-detecte-grand\/#breadcrumb","itemListElement":[{"@type":"ListItem","position":1,"name":"Home","item":"https:\/\/vosgesinfo.fr\/gerardmerinfo\/"},{"@type":"ListItem","position":2,"name":"Un premier cas de coronavirus d\u00e9tect\u00e9 dans le Grand Est !"}]},{"@type":"WebSite","@id":"https:\/\/vosgesinfo.fr\/gerardmerinfo\/#website","url":"https:\/\/vosgesinfo.fr\/gerardmerinfo\/","name":"Gerardmer Info","description":"Toute l&#039;actualit\u00e9 de G\u00e9rardmer","publisher":{"@id":"https:\/\/vosgesinfo.fr\/gerardmerinfo\/#organization"},"alternateName":"Toute l'actualit\u00e9 de G\u00e9rardmer","potentialAction":[{"@type":"SearchAction","target":{"@type":"EntryPoint","urlTemplate":"https:\/\/vosgesinfo.fr\/gerardmerinfo\/?s={search_term_string}"},"query-input":"required name=search_term_string"}],"inLanguage":"fr-FR"},{"@type":"Organization","@id":"https:\/\/vosgesinfo.fr\/gerardmerinfo\/#organization","name":"Gerardmer Info","url":"https:\/\/vosgesinfo.fr\/gerardmerinfo\/","logo":{"@type":"ImageObject","inLanguage":"fr-FR","@id":"https:\/\/vosgesinfo.fr\/gerardmerinfo\/#\/schema\/logo\/image\/","url":"https:\/\/vosgesinfo.fr\/app\/uploads\/sites\/6\/2023\/08\/favicon-gerardmerinfo.png","contentUrl":"https:\/\/vosgesinfo.fr\/app\/uploads\/sites\/6\/2023\/08\/favicon-gerardmerinfo.png","width":512,"height":512,"caption":"Gerardmer Info"},"image":{"@id":"https:\/\/vosgesinfo.fr\/gerardmerinfo\/#\/schema\/logo\/image\/"},"sameAs":["https:\/\/www.facebook.com\/profile.php?id=100049475262660","https:\/\/x.com\/VosgesInfo88","https:\/\/www.youtube.com\/@vosgesinfo"]},{"@type":"Person","@id":"https:\/\/vosgesinfo.fr\/gerardmerinfo\/#\/schema\/person\/bc5d02d71e6932e81b6dadb7386667b1","name":"qs_admin","image":{"@type":"ImageObject","inLanguage":"fr-FR","@id":"https:\/\/vosgesinfo.fr\/gerardmerinfo\/#\/schema\/person\/image\/","url":"https:\/\/secure.gravatar.com\/avatar\/94b18ee0ed79e4a42ea2f2931277b6841a8999fc6fde214600c78057cf1fe1de?s=96&d=mm&r=g","contentUrl":"https:\/\/secure.gravatar.com\/avatar\/94b18ee0ed79e4a42ea2f2931277b6841a8999fc6fde214600c78057cf1fe1de?s=96&d=mm&r=g","caption":"qs_admin"},"sameAs":["https:\/\/vosgesinfo.fr\/wp"],"url":"https:\/\/vosgesinfo.fr\/gerardmerinfo\/author\/qs_admin\/"}]}},"_links":{"self":[{"href":"https:\/\/vosgesinfo.fr\/gerardmerinfo\/wp-json\/wp\/v2\/posts\/46875","targetHints":{"allow":["GET"]}}],"collection":[{"href":"https:\/\/vosgesinfo.fr\/gerardmerinfo\/wp-json\/wp\/v2\/posts"}],"about":[{"href":"https:\/\/vosgesinfo.fr\/gerardmerinfo\/wp-json\/wp\/v2\/types\/post"}],"author":[{"embeddable":true,"href":"https:\/\/vosgesinfo.fr\/gerardmerinfo\/wp-json\/wp\/v2\/users\/1"}],"replies":[{"embeddable":true,"href":"https:\/\/vosgesinfo.fr\/gerardmerinfo\/wp-json\/wp\/v2\/comments?post=46875"}],"version-history":[{"count":0,"href":"https:\/\/vosgesinfo.fr\/gerardmerinfo\/wp-json\/wp\/v2\/posts\/46875\/revisions"}],"wp:featuredmedia":[{"embeddable":true,"href":"https:\/\/vosgesinfo.fr\/gerardmerinfo\/wp-json\/wp\/v2\/media\/46876"}],"wp:attachment":[{"href":"https:\/\/vosgesinfo.fr\/gerardmerinfo\/wp-json\/wp\/v2\/media?parent=46875"}],"wp:term":[{"taxonomy":"category","embeddable":true,"href":"https:\/\/vosgesinfo.fr\/gerardmerinfo\/wp-json\/wp\/v2\/categories?post=46875"},{"taxonomy":"post_tag","embeddable":true,"href":"https:\/\/vosgesinfo.fr\/gerardmerinfo\/wp-json\/wp\/v2\/tags?post=46875"}],"curies":[{"name":"wp","href":"https:\/\/api.w.org\/{rel}","templated":true}]}}