{"id":46929,"date":"2020-03-01T16:42:40","date_gmt":"2020-03-01T15:42:40","guid":{"rendered":"https:\/\/vosgesinfo.fr\/gerardmerinfo\/2020\/03\/elections-municipales-stessy-speissmann-repond-a-questionnaire\/"},"modified":"2020-03-01T16:42:40","modified_gmt":"2020-03-01T15:42:40","slug":"elections-municipales-stessy-speissmann-repond-a-questionnaire","status":"publish","type":"post","link":"https:\/\/vosgesinfo.fr\/gerardmerinfo\/2020\/03\/elections-municipales-stessy-speissmann-repond-a-questionnaire\/","title":{"rendered":"\u00c9lections municipales &#8211; Stessy Speissmann r\u00e9pond \u00e0 notre questionnaire"},"content":{"rendered":"<p><strong><a href=\"https:\/\/gerardmerinfo.fr\/2020\/03\/elections-municipales-stessy-speissmann-repond-a-questionnaire\/stessy-odcvl-2\/\" rel=\"attachment wp-att-160265\"><img decoding=\"async\" class=\"aligncenter size-full wp-image-160265\" src=\"\/2020\/03\/stessy-odcvl.jpg\" alt=\"stessy odcvl\" width=\"662\" height=\"599\" \/><\/a>Question 1 :<\/strong> <strong>G\u00e9rardmer cristallise toutes les attentions avec un afflux important de visiteurs, que pensez-vous r\u00e9aliser pour canaliser la circulation, le stationnement en ville et sur les bords du lac ?<\/strong><\/p>\n<p>Nous sommes confront\u00e9s depuis la mise en place du nouveau calendrier scolaire regroupant les zones concernant les D\u00e9partements du Nord et du Grand Est \u00e0 une concentration de population sur peu de temps. La rentr\u00e9e 2021 est en cours de r\u00e9flexion au Minist\u00e8re et j\u2019agis d\u00e8s \u00e0 pr\u00e9sent avec les Associations repr\u00e9sentatives d\u2019Elus li\u00e9s \u00e0 la montagne pour faire changer cela.<\/p>\n<p>Au niveau du bord du lac, notre Centre Aquatique et de Bien Etre est en cours de r\u00e9habilitation et d\u2019extension. Nous r\u00e9aliserons un parking suppl\u00e9mentaire c\u00f4t\u00e9 lac en utilisant le d\u00e9nivel\u00e9 naturel du terrain afin de l\u2019int\u00e9grer pleinement \u00e0 l\u2019environnement. Une r\u00e9flexion devra avoir lieu sur la voie de circulation passant devant notre piscine \u00e0 ce moment-l\u00e0.<\/p>\n<p>Au c\u0153ur de ville, la place du march\u00e9 sera embellie et le parking repens\u00e9 \u00e9galement.<\/p>\n<p>Nous exp\u00e9rimenterons, dans un premier temps lors des manifestations d\u2019ampleur, un stationnement ext\u00e9rieur au centre-ville et une mise en place de d\u00e9placement alternatif depuis ces lieux pour d\u00e9sengorger le centre.<\/p>\n<p>Les bords du lac, et son tour, seront revus pour privil\u00e9gier une voie douce.<\/p>\n<p>Nous conserverons le stationnement gratuit sur l\u2019ensemble de notre ville.<\/p>\n<p><strong>Question 2\u00a0:<\/strong> <strong>Le dernier recensement fait appara\u00eetre une nouvelle baisse de la population locale et une chute importante des effectifs scolaires. Pour vous quelles en sont les causes et quels rem\u00e8des pourriez-vous apporter ?<\/strong><\/p>\n<p>Au dernier recensement, notre population a l\u00e9g\u00e8rement baiss\u00e9, beaucoup moins que la moyenne de la R\u00e9gion. De ce fait, la baisse de l\u2019effectif scolaire est une r\u00e9alit\u00e9 avec une quinzaine d\u2019enfants en moins lors des derni\u00e8res rentr\u00e9es.<\/p>\n<p>Nous sommes touch\u00e9s, comme tout l\u2019Est de la France, par le vieillissement de notre population.<\/p>\n<p>Pour r\u00e9ussir \u00e0 inverser cette tendance, il nous faut agir sans cesse sur l\u2019attractivit\u00e9 de notre territoire car c\u2019est bien l\u2019emploi et l\u2019activit\u00e9 de notre commune qui permet de nuancer cette tendance.<\/p>\n<p>Deux piliers important perdurent \u00e0 G\u00e9rardmer, l\u2019industrie et le tourisme.<\/p>\n<p>Pour nos entreprises, nous soutiendrons leur maintien et leur d\u00e9veloppement pour les existantes et nous favoriserons la cr\u00e9ation de nouvelles activit\u00e9s avec notre h\u00f4tel d\u2019entreprises ou avec des cessions de terrains.<\/p>\n<p>Nous finaliserons le d\u00e9ploiement de la fibre d\u00e9but\u00e9 en 2019 sur l\u2019ensemble de la commune, \u00e9l\u00e9ment essentiel aujourd\u2019hui pour le d\u00e9veloppement \u00e9conomique.<\/p>\n<p>Pour l\u2019\u00e9conomie touristique, je r\u00e9ponds \u00e0 cela dans votre derni\u00e8re question. C\u2019est un pilier essentiel pour G\u00e9rardmer, c\u2019est le seul secteur aujourd\u2019hui qui cr\u00e9e de l\u2019emploi suppl\u00e9mentaire.<\/p>\n<p>Au niveau de la commune, nous devons, en plus, agir sur le cadre de vie et l\u2019environnement pour rester attractif.<\/p>\n<p><strong>Question 3\u00a0:<\/strong> <strong>On parle de plus en plus d\u2019incivilit\u00e9s, de s\u00e9curit\u00e9, avez-vous un programme sp\u00e9cifique sur le sujet ?<\/strong><\/p>\n<p>J\u2019ai chaque ann\u00e9e les chiffres pr\u00e9cis des actes qui peuvent se produire sur notre commune.<\/p>\n<p>Je peux affirmer ici qu\u2019ils sont relativement \u00ab\u00a0bons\u00a0\u00bb pour une commune comme la n\u00f4tre o\u00f9 la fr\u00e9quentation est \u00e9lev\u00e9e. C\u2019est toujours trop, \u00e9videmment, quand on y est confront\u00e9.<\/p>\n<p>Il y a eu un \u00e9pisode malheureux d\u00e9but f\u00e9vrier qui a \u00e9t\u00e9 sous le feu m\u00e9diatique au vu des \u00e9ch\u00e9ances\u00a0 \u00e9lectorales (une dizaine de tentatives et\/ou de cambriolages sur quinze jours).<\/p>\n<p>Certains y voient l\u2019occasion d\u2019essayer de nous d\u00e9montrer la n\u00e9cessit\u00e9 de moyen technologique pour arr\u00eater cela. Une r\u00e9ponse par l\u2019exemple\u00a0: la semaine suivante vingt-quatre faits identiques \u00a0en 6 jours sur une ville vosgienne enti\u00e8rement couverte de \u2026.cam\u00e9ras\u00a0!<\/p>\n<p>Il n\u2019y a pas de solution miracle mais \u00e0 cette volont\u00e9 de technologie, j\u2019oppose la pr\u00e9sence humaine.<\/p>\n<p>Nos gendarmes locaux font un travail remarquable mais sont confront\u00e9s \u00e0 une augmentation de leur secteur d\u2019actions sans effectif suppl\u00e9mentaire donc forc\u00e9ment leur pr\u00e9sence sur G\u00e9rardmer est moindre. Je vois le Colonel justement sur diff\u00e9rents sujets dans 15 jours et je ne manquerai pas de mettre en exergue cette probl\u00e9matique.<\/p>\n<p>Nous adapterons encore plus la pr\u00e9sence de notre police municipale sur le domaine public en fonction de la fr\u00e9quentation en partenariat avec la gendarmerie.<\/p>\n<p>Nous renforcerons la lutte contre les nuisances et orienterons encore mieux nos missions de police au service des populations (pr\u00e9vention, m\u00e9diation et sanction des incivilit\u00e9s).<\/p>\n<p>Nous \u00e9tudierons l\u2019instauration d\u2019une brigade verte pour sensibiliser les utilisateurs des espaces publics et naturels au respect de l\u2019environnement et du cadre de vie des g\u00e9r\u00f4mois et lutter contre l\u2019incivisme.<\/p>\n<p><strong>Question 4\u00a0:<\/strong> <strong>L\u2019urbanisation de la commune est au coeur de l\u2019actualit\u00e9. Pensez-vous que le Plan Local d\u2019Urbanisme est \u00e0 revoir et que pr\u00e9conisez-vous ?<\/strong><\/p>\n<p>Comme tous les documents d\u2019urbanisme, le plan local d\u2019urbanisme doit \u00eatre r\u00e9guli\u00e8rement revu dans le temps pour s\u2019adapter aux nouveaux textes nationaux impos\u00e9s et au contexte local. \u00a0Celui de G\u00e9rardmer sera donc revu \u00e0 moyen terme mais cette d\u00e9marche est longue administrativement.<\/p>\n<p>Nous pouvons donc d\u00e9j\u00e0 agir en amont. Nous sommes confront\u00e9s ce jour \u00e0 la densification voulue par le l\u00e9gislateur. J\u2019insiste sur ce point car ce n\u2019est pas le Maire de G\u00e9rardmer qui a d\u00e9cid\u00e9 de supprimer les coefficients d\u2019occupation des sols qui permettaient d\u2019imposer 2\u00a0000 m\u00b2 pour construire sur nos coteaux. C\u2019est bien la loi vot\u00e9e au niveau national qui me l\u2019impose.<\/p>\n<p>Je rappelle ici que le plan local d\u2019urbanisme actuel a \u00e9t\u00e9 vot\u00e9 en 2012 puis revalid\u00e9 en 2015 par l\u2019ensemble des \u00e9lus si\u00e9geant \u00e0 ce moment-l\u00e0 d\u2019ailleurs et que plus de 200 ha de terrains class\u00e9s en zone urbaine ou \u00e0 urbaniser ont \u00e9t\u00e9 class\u00e9 non constructibles.<\/p>\n<p>Nous engagerons plusieurs actions imm\u00e9diates.<\/p>\n<p>Tout d\u2019abord, nous ferons annexer au P.L.U. les zones class\u00e9es humides de la commune. Elles sont r\u00e9f\u00e9renc\u00e9es et quantifi\u00e9es \u00e0 ce jour. Ce sont 760,33 ha de terrain qui doivent \u00eatre prot\u00e9g\u00e9s pour leurs actions sur les eaux de pluie contre le ruissellement et pour leur int\u00e9r\u00eat au niveau faunistique.<\/p>\n<p>Ensuite, un travail avec les communes limitrophes doit \u00eatre men\u00e9 car \u00e0 terme la comp\u00e9tence urbanisme sera intercommunale. C\u2019est \u00e0 niveau-l\u00e0 que nous pourrons agir pour \u00e9quilibrer nos zones constructibles et nos zones naturelles.<\/p>\n<p>Enfin, j\u2019agirai encore au niveau national pour faire \u00e9voluer cette l\u00e9gislation non adapt\u00e9e \u00e0 nos zones de Montagne avec les associations d\u2019\u00e9lus dans lesquelles j\u2019ai des responsabilit\u00e9s.<\/p>\n<p>Nous ajusterons aussi \u00a0le taux communal de la taxe d\u2019habitation sur les r\u00e9sidences secondaires suite \u00e0 la r\u00e9forme de la taxe d\u2019habitation. Effectivement, jusqu\u2019\u00e0 pr\u00e9sent,\u00a0 la taxe d\u2019habitation sur les r\u00e9sidences principales \u00e9tait li\u00e9e \u00e0 la taxe d\u2019habitation sur les r\u00e9sidences secondaires.\u00a0 Nous ne pouvions pas agir sur l\u2019une sans agir de la m\u00eame fa\u00e7on sur l\u2019autre. Demain, ce ne sera plus le cas, nous agirons donc sur celle li\u00e9e \u00e0 la r\u00e9sidence secondaire pour inciter \u00e0 la r\u00e9sidence principale.<\/p>\n<p><strong>Question 5\u00a0:<\/strong> <strong>Le maintien des services publics de proximit\u00e9 est-il une priorit\u00e9 en cas d\u2019\u00e9lection ?<\/strong><\/p>\n<p>\u00c9videmment ! Nous d\u00e9fendons l\u2019ensemble des services publics de notre commune depuis toujours et nous poursuivrons demain. C\u2019est essentiel pour notre population et pour l\u2019attractivit\u00e9 de notre territoire.<\/p>\n<p>J\u2019ai agis derni\u00e8rement sur la d\u00e9cision qui supprimait un financement \u00e0 notre H\u00f4pital et qui mettait en danger notre Service de Soins Non Programm\u00e9s.<\/p>\n<p>J\u2019agis actuellement sur la restructuration des services des finances publics qui peut engendrer \u00e0 terme la suppression de ce service sur notre commune.<\/p>\n<p>C\u2019est un travail de relation, de d\u00e9bat, d\u2019actions r\u00e9guli\u00e8res qu\u2019il faut mener avec nos responsables politiques et l\u2019administration. Je l\u2019ai r\u00e9alis\u00e9 durant ces six derni\u00e8res ann\u00e9es et j\u2019ai toujours cette \u00e9nergie et des responsabilit\u00e9s n\u00e9cessaires au niveau national pour le faire encore demain.<\/p>\n<p>Au niveau communal, nous maintiendrons l\u2019ensemble des services en r\u00e9gie municipale pour mieux servir nos habitants.<\/p>\n<p><strong>Question 6\u00a0:<\/strong> <strong>Le poids du tourisme dans l\u2019\u00e9conomie locale est important. Comment imaginez-vous l\u2019avenir \u00e9t\u00e9 comme hiver\u2026 sur la base de quelles \u00e9ventuelles nouvelles structures manquantes ou identifi\u00e9es ?<\/strong><\/p>\n<p>L\u2019\u00e9conomie touristique est un pilier essentiel pour notre ville.<\/p>\n<p>Plusieurs actions sont \u00e0 porter d\u00e8s demain.<\/p>\n<p>Nous mettrons en place, au sein de la station de ski alpin, des nouvelles activit\u00e9s 4 saisons pour anticiper davantage l\u2019absence du produit neige.<\/p>\n<p>Nous \u00e9tudierons les pistes d\u2019am\u00e9lioration du domaine de ski nordique et de diversifications sur les 4 saisons en le valorisant.<\/p>\n<p>Nous proposerons des actions pour s\u2019orienter vers un tourisme responsable.<\/p>\n<p>Nous construirons des voies de circulation douces en ville mais aussi vers l\u2019ext\u00e9rieur (ex. tour du lac) en r\u00e9alisant un plan v\u00e9lo et d\u00e9placement doux, avec des liaisons vers les communes limitrophes, une travers\u00e9e de la ville Nord Sud, Est Ouest, des liens centre-ville \u2013 coteaux.<\/p>\n<p>Nous serons attentifs \u00e0 tous les projets de mise en valeur du patrimoine g\u00e9r\u00f4mois et de l\u2019art populaire.<\/p>\n<p>&nbsp;<\/p>\n<p>&nbsp;<\/p>\n<p>&nbsp;<\/p>\n<p>&nbsp;<\/p>\n<p>&nbsp;<\/p>\n<p>&nbsp;<\/p>\n<p>&nbsp;<\/p>\n<p>&nbsp;<\/p>\n<p>&nbsp;<\/p>\n<p>&nbsp;<\/p>\n","protected":false},"excerpt":{"rendered":"<p>Question 1 : G\u00e9rardmer cristallise toutes les attentions avec un afflux important de visiteurs, que pensez-vous r\u00e9aliser pour canaliser la [&hellip;]<\/p>\n","protected":false},"author":1,"featured_media":46930,"comment_status":"open","ping_status":"open","sticky":false,"template":"","format":"standard","meta":{"footnotes":""},"categories":[20,10],"tags":[],"class_list":["post-46929","post","type-post","status-publish","format-standard","has-post-thumbnail","hentry","category-a-la-une","category-politique"],"acf":[],"yoast_head":"<!-- This site is optimized with the Yoast SEO plugin v22.5 - https:\/\/yoast.com\/wordpress\/plugins\/seo\/ -->\n<title>\u00c9lections municipales - Stessy Speissmann r\u00e9pond \u00e0 notre questionnaire - Gerardmer Info<\/title>\n<meta name=\"robots\" content=\"index, follow, max-snippet:-1, max-image-preview:large, max-video-preview:-1\" \/>\n<link rel=\"canonical\" href=\"https:\/\/vosgesinfo.fr\/gerardmerinfo\/2020\/03\/elections-municipales-stessy-speissmann-repond-a-questionnaire\/\" \/>\n<meta name=\"twitter:card\" content=\"summary_large_image\" \/>\n<meta name=\"twitter:title\" content=\"\u00c9lections municipales - Stessy Speissmann r\u00e9pond \u00e0 notre questionnaire - Gerardmer Info\" \/>\n<meta name=\"twitter:description\" content=\"Question 1 : G\u00e9rardmer cristallise toutes les attentions avec un afflux important de visiteurs, que pensez-vous r\u00e9aliser pour canaliser la [&hellip;]\" \/>\n<meta name=\"twitter:image\" content=\"https:\/\/vosgesinfo.fr\/app\/uploads\/sites\/6\/2024\/07\/202003stessy-odcvl.jpg\" \/>\n<meta name=\"twitter:creator\" content=\"@VosgesInfo88\" \/>\n<meta name=\"twitter:site\" content=\"@VosgesInfo88\" \/>\n<meta name=\"twitter:label1\" content=\"\u00c9crit par\" \/>\n\t<meta name=\"twitter:data1\" content=\"qs_admin\" \/>\n\t<meta name=\"twitter:label2\" content=\"Dur\u00e9e de lecture estim\u00e9e\" \/>\n\t<meta name=\"twitter:data2\" content=\"8 minutes\" \/>\n<script type=\"application\/ld+json\" class=\"yoast-schema-graph\">{\"@context\":\"https:\/\/schema.org\",\"@graph\":[{\"@type\":\"Article\",\"@id\":\"https:\/\/vosgesinfo.fr\/gerardmerinfo\/2020\/03\/elections-municipales-stessy-speissmann-repond-a-questionnaire\/#article\",\"isPartOf\":{\"@id\":\"https:\/\/vosgesinfo.fr\/gerardmerinfo\/2020\/03\/elections-municipales-stessy-speissmann-repond-a-questionnaire\/\"},\"author\":{\"name\":\"qs_admin\",\"@id\":\"https:\/\/vosgesinfo.fr\/gerardmerinfo\/#\/schema\/person\/bc5d02d71e6932e81b6dadb7386667b1\"},\"headline\":\"\u00c9lections municipales &#8211; Stessy Speissmann r\u00e9pond \u00e0 notre questionnaire\",\"datePublished\":\"2020-03-01T15:42:40+00:00\",\"dateModified\":\"2020-03-01T15:42:40+00:00\",\"mainEntityOfPage\":{\"@id\":\"https:\/\/vosgesinfo.fr\/gerardmerinfo\/2020\/03\/elections-municipales-stessy-speissmann-repond-a-questionnaire\/\"},\"wordCount\":1606,\"commentCount\":0,\"publisher\":{\"@id\":\"https:\/\/vosgesinfo.fr\/gerardmerinfo\/#organization\"},\"image\":{\"@id\":\"https:\/\/vosgesinfo.fr\/gerardmerinfo\/2020\/03\/elections-municipales-stessy-speissmann-repond-a-questionnaire\/#primaryimage\"},\"thumbnailUrl\":\"https:\/\/vosgesinfo.fr\/app\/uploads\/sites\/6\/2024\/07\/202003stessy-odcvl.jpg\",\"articleSection\":[\"A la une\",\"Politique\"],\"inLanguage\":\"fr-FR\",\"potentialAction\":[{\"@type\":\"CommentAction\",\"name\":\"Comment\",\"target\":[\"https:\/\/vosgesinfo.fr\/gerardmerinfo\/2020\/03\/elections-municipales-stessy-speissmann-repond-a-questionnaire\/#respond\"]}]},{\"@type\":\"WebPage\",\"@id\":\"https:\/\/vosgesinfo.fr\/gerardmerinfo\/2020\/03\/elections-municipales-stessy-speissmann-repond-a-questionnaire\/\",\"url\":\"https:\/\/vosgesinfo.fr\/gerardmerinfo\/2020\/03\/elections-municipales-stessy-speissmann-repond-a-questionnaire\/\",\"name\":\"\u00c9lections municipales - Stessy Speissmann r\u00e9pond \u00e0 notre questionnaire - Gerardmer Info\",\"isPartOf\":{\"@id\":\"https:\/\/vosgesinfo.fr\/gerardmerinfo\/#website\"},\"primaryImageOfPage\":{\"@id\":\"https:\/\/vosgesinfo.fr\/gerardmerinfo\/2020\/03\/elections-municipales-stessy-speissmann-repond-a-questionnaire\/#primaryimage\"},\"image\":{\"@id\":\"https:\/\/vosgesinfo.fr\/gerardmerinfo\/2020\/03\/elections-municipales-stessy-speissmann-repond-a-questionnaire\/#primaryimage\"},\"thumbnailUrl\":\"https:\/\/vosgesinfo.fr\/app\/uploads\/sites\/6\/2024\/07\/202003stessy-odcvl.jpg\",\"datePublished\":\"2020-03-01T15:42:40+00:00\",\"dateModified\":\"2020-03-01T15:42:40+00:00\",\"breadcrumb\":{\"@id\":\"https:\/\/vosgesinfo.fr\/gerardmerinfo\/2020\/03\/elections-municipales-stessy-speissmann-repond-a-questionnaire\/#breadcrumb\"},\"inLanguage\":\"fr-FR\",\"potentialAction\":[{\"@type\":\"ReadAction\",\"target\":[\"https:\/\/vosgesinfo.fr\/gerardmerinfo\/2020\/03\/elections-municipales-stessy-speissmann-repond-a-questionnaire\/\"]}]},{\"@type\":\"ImageObject\",\"inLanguage\":\"fr-FR\",\"@id\":\"https:\/\/vosgesinfo.fr\/gerardmerinfo\/2020\/03\/elections-municipales-stessy-speissmann-repond-a-questionnaire\/#primaryimage\",\"url\":\"https:\/\/vosgesinfo.fr\/app\/uploads\/sites\/6\/2024\/07\/202003stessy-odcvl.jpg\",\"contentUrl\":\"https:\/\/vosgesinfo.fr\/app\/uploads\/sites\/6\/2024\/07\/202003stessy-odcvl.jpg\",\"width\":662,\"height\":599},{\"@type\":\"BreadcrumbList\",\"@id\":\"https:\/\/vosgesinfo.fr\/gerardmerinfo\/2020\/03\/elections-municipales-stessy-speissmann-repond-a-questionnaire\/#breadcrumb\",\"itemListElement\":[{\"@type\":\"ListItem\",\"position\":1,\"name\":\"Home\",\"item\":\"https:\/\/vosgesinfo.fr\/gerardmerinfo\/\"},{\"@type\":\"ListItem\",\"position\":2,\"name\":\"\u00c9lections municipales &#8211; Stessy Speissmann r\u00e9pond \u00e0 notre questionnaire\"}]},{\"@type\":\"WebSite\",\"@id\":\"https:\/\/vosgesinfo.fr\/gerardmerinfo\/#website\",\"url\":\"https:\/\/vosgesinfo.fr\/gerardmerinfo\/\",\"name\":\"Gerardmer Info\",\"description\":\"Toute l&#039;actualit\u00e9 de G\u00e9rardmer\",\"publisher\":{\"@id\":\"https:\/\/vosgesinfo.fr\/gerardmerinfo\/#organization\"},\"alternateName\":\"Toute l'actualit\u00e9 de G\u00e9rardmer\",\"potentialAction\":[{\"@type\":\"SearchAction\",\"target\":{\"@type\":\"EntryPoint\",\"urlTemplate\":\"https:\/\/vosgesinfo.fr\/gerardmerinfo\/?s={search_term_string}\"},\"query-input\":\"required name=search_term_string\"}],\"inLanguage\":\"fr-FR\"},{\"@type\":\"Organization\",\"@id\":\"https:\/\/vosgesinfo.fr\/gerardmerinfo\/#organization\",\"name\":\"Gerardmer Info\",\"url\":\"https:\/\/vosgesinfo.fr\/gerardmerinfo\/\",\"logo\":{\"@type\":\"ImageObject\",\"inLanguage\":\"fr-FR\",\"@id\":\"https:\/\/vosgesinfo.fr\/gerardmerinfo\/#\/schema\/logo\/image\/\",\"url\":\"https:\/\/vosgesinfo.fr\/app\/uploads\/sites\/6\/2023\/08\/favicon-gerardmerinfo.png\",\"contentUrl\":\"https:\/\/vosgesinfo.fr\/app\/uploads\/sites\/6\/2023\/08\/favicon-gerardmerinfo.png\",\"width\":512,\"height\":512,\"caption\":\"Gerardmer Info\"},\"image\":{\"@id\":\"https:\/\/vosgesinfo.fr\/gerardmerinfo\/#\/schema\/logo\/image\/\"},\"sameAs\":[\"https:\/\/www.facebook.com\/profile.php?id=100049475262660\",\"https:\/\/x.com\/VosgesInfo88\",\"https:\/\/www.youtube.com\/@vosgesinfo\"]},{\"@type\":\"Person\",\"@id\":\"https:\/\/vosgesinfo.fr\/gerardmerinfo\/#\/schema\/person\/bc5d02d71e6932e81b6dadb7386667b1\",\"name\":\"qs_admin\",\"image\":{\"@type\":\"ImageObject\",\"inLanguage\":\"fr-FR\",\"@id\":\"https:\/\/vosgesinfo.fr\/gerardmerinfo\/#\/schema\/person\/image\/\",\"url\":\"https:\/\/secure.gravatar.com\/avatar\/94b18ee0ed79e4a42ea2f2931277b6841a8999fc6fde214600c78057cf1fe1de?s=96&d=mm&r=g\",\"contentUrl\":\"https:\/\/secure.gravatar.com\/avatar\/94b18ee0ed79e4a42ea2f2931277b6841a8999fc6fde214600c78057cf1fe1de?s=96&d=mm&r=g\",\"caption\":\"qs_admin\"},\"sameAs\":[\"https:\/\/vosgesinfo.fr\/wp\"],\"url\":\"https:\/\/vosgesinfo.fr\/gerardmerinfo\/author\/qs_admin\/\"}]}<\/script>\n<!-- \/ Yoast SEO plugin. -->","yoast_head_json":{"title":"\u00c9lections municipales - Stessy Speissmann r\u00e9pond \u00e0 notre questionnaire - Gerardmer Info","robots":{"index":"index","follow":"follow","max-snippet":"max-snippet:-1","max-image-preview":"max-image-preview:large","max-video-preview":"max-video-preview:-1"},"canonical":"https:\/\/vosgesinfo.fr\/gerardmerinfo\/2020\/03\/elections-municipales-stessy-speissmann-repond-a-questionnaire\/","twitter_card":"summary_large_image","twitter_title":"\u00c9lections municipales - Stessy Speissmann r\u00e9pond \u00e0 notre questionnaire - Gerardmer Info","twitter_description":"Question 1 : G\u00e9rardmer cristallise toutes les attentions avec un afflux important de visiteurs, que pensez-vous r\u00e9aliser pour canaliser la [&hellip;]","twitter_image":"https:\/\/vosgesinfo.fr\/app\/uploads\/sites\/6\/2024\/07\/202003stessy-odcvl.jpg","twitter_creator":"@VosgesInfo88","twitter_site":"@VosgesInfo88","twitter_misc":{"\u00c9crit par":"qs_admin","Dur\u00e9e de lecture estim\u00e9e":"8 minutes"},"schema":{"@context":"https:\/\/schema.org","@graph":[{"@type":"Article","@id":"https:\/\/vosgesinfo.fr\/gerardmerinfo\/2020\/03\/elections-municipales-stessy-speissmann-repond-a-questionnaire\/#article","isPartOf":{"@id":"https:\/\/vosgesinfo.fr\/gerardmerinfo\/2020\/03\/elections-municipales-stessy-speissmann-repond-a-questionnaire\/"},"author":{"name":"qs_admin","@id":"https:\/\/vosgesinfo.fr\/gerardmerinfo\/#\/schema\/person\/bc5d02d71e6932e81b6dadb7386667b1"},"headline":"\u00c9lections municipales &#8211; Stessy Speissmann r\u00e9pond \u00e0 notre questionnaire","datePublished":"2020-03-01T15:42:40+00:00","dateModified":"2020-03-01T15:42:40+00:00","mainEntityOfPage":{"@id":"https:\/\/vosgesinfo.fr\/gerardmerinfo\/2020\/03\/elections-municipales-stessy-speissmann-repond-a-questionnaire\/"},"wordCount":1606,"commentCount":0,"publisher":{"@id":"https:\/\/vosgesinfo.fr\/gerardmerinfo\/#organization"},"image":{"@id":"https:\/\/vosgesinfo.fr\/gerardmerinfo\/2020\/03\/elections-municipales-stessy-speissmann-repond-a-questionnaire\/#primaryimage"},"thumbnailUrl":"https:\/\/vosgesinfo.fr\/app\/uploads\/sites\/6\/2024\/07\/202003stessy-odcvl.jpg","articleSection":["A la une","Politique"],"inLanguage":"fr-FR","potentialAction":[{"@type":"CommentAction","name":"Comment","target":["https:\/\/vosgesinfo.fr\/gerardmerinfo\/2020\/03\/elections-municipales-stessy-speissmann-repond-a-questionnaire\/#respond"]}]},{"@type":"WebPage","@id":"https:\/\/vosgesinfo.fr\/gerardmerinfo\/2020\/03\/elections-municipales-stessy-speissmann-repond-a-questionnaire\/","url":"https:\/\/vosgesinfo.fr\/gerardmerinfo\/2020\/03\/elections-municipales-stessy-speissmann-repond-a-questionnaire\/","name":"\u00c9lections municipales - Stessy Speissmann r\u00e9pond \u00e0 notre questionnaire - Gerardmer Info","isPartOf":{"@id":"https:\/\/vosgesinfo.fr\/gerardmerinfo\/#website"},"primaryImageOfPage":{"@id":"https:\/\/vosgesinfo.fr\/gerardmerinfo\/2020\/03\/elections-municipales-stessy-speissmann-repond-a-questionnaire\/#primaryimage"},"image":{"@id":"https:\/\/vosgesinfo.fr\/gerardmerinfo\/2020\/03\/elections-municipales-stessy-speissmann-repond-a-questionnaire\/#primaryimage"},"thumbnailUrl":"https:\/\/vosgesinfo.fr\/app\/uploads\/sites\/6\/2024\/07\/202003stessy-odcvl.jpg","datePublished":"2020-03-01T15:42:40+00:00","dateModified":"2020-03-01T15:42:40+00:00","breadcrumb":{"@id":"https:\/\/vosgesinfo.fr\/gerardmerinfo\/2020\/03\/elections-municipales-stessy-speissmann-repond-a-questionnaire\/#breadcrumb"},"inLanguage":"fr-FR","potentialAction":[{"@type":"ReadAction","target":["https:\/\/vosgesinfo.fr\/gerardmerinfo\/2020\/03\/elections-municipales-stessy-speissmann-repond-a-questionnaire\/"]}]},{"@type":"ImageObject","inLanguage":"fr-FR","@id":"https:\/\/vosgesinfo.fr\/gerardmerinfo\/2020\/03\/elections-municipales-stessy-speissmann-repond-a-questionnaire\/#primaryimage","url":"https:\/\/vosgesinfo.fr\/app\/uploads\/sites\/6\/2024\/07\/202003stessy-odcvl.jpg","contentUrl":"https:\/\/vosgesinfo.fr\/app\/uploads\/sites\/6\/2024\/07\/202003stessy-odcvl.jpg","width":662,"height":599},{"@type":"BreadcrumbList","@id":"https:\/\/vosgesinfo.fr\/gerardmerinfo\/2020\/03\/elections-municipales-stessy-speissmann-repond-a-questionnaire\/#breadcrumb","itemListElement":[{"@type":"ListItem","position":1,"name":"Home","item":"https:\/\/vosgesinfo.fr\/gerardmerinfo\/"},{"@type":"ListItem","position":2,"name":"\u00c9lections municipales &#8211; Stessy Speissmann r\u00e9pond \u00e0 notre questionnaire"}]},{"@type":"WebSite","@id":"https:\/\/vosgesinfo.fr\/gerardmerinfo\/#website","url":"https:\/\/vosgesinfo.fr\/gerardmerinfo\/","name":"Gerardmer Info","description":"Toute l&#039;actualit\u00e9 de G\u00e9rardmer","publisher":{"@id":"https:\/\/vosgesinfo.fr\/gerardmerinfo\/#organization"},"alternateName":"Toute l'actualit\u00e9 de G\u00e9rardmer","potentialAction":[{"@type":"SearchAction","target":{"@type":"EntryPoint","urlTemplate":"https:\/\/vosgesinfo.fr\/gerardmerinfo\/?s={search_term_string}"},"query-input":"required name=search_term_string"}],"inLanguage":"fr-FR"},{"@type":"Organization","@id":"https:\/\/vosgesinfo.fr\/gerardmerinfo\/#organization","name":"Gerardmer Info","url":"https:\/\/vosgesinfo.fr\/gerardmerinfo\/","logo":{"@type":"ImageObject","inLanguage":"fr-FR","@id":"https:\/\/vosgesinfo.fr\/gerardmerinfo\/#\/schema\/logo\/image\/","url":"https:\/\/vosgesinfo.fr\/app\/uploads\/sites\/6\/2023\/08\/favicon-gerardmerinfo.png","contentUrl":"https:\/\/vosgesinfo.fr\/app\/uploads\/sites\/6\/2023\/08\/favicon-gerardmerinfo.png","width":512,"height":512,"caption":"Gerardmer Info"},"image":{"@id":"https:\/\/vosgesinfo.fr\/gerardmerinfo\/#\/schema\/logo\/image\/"},"sameAs":["https:\/\/www.facebook.com\/profile.php?id=100049475262660","https:\/\/x.com\/VosgesInfo88","https:\/\/www.youtube.com\/@vosgesinfo"]},{"@type":"Person","@id":"https:\/\/vosgesinfo.fr\/gerardmerinfo\/#\/schema\/person\/bc5d02d71e6932e81b6dadb7386667b1","name":"qs_admin","image":{"@type":"ImageObject","inLanguage":"fr-FR","@id":"https:\/\/vosgesinfo.fr\/gerardmerinfo\/#\/schema\/person\/image\/","url":"https:\/\/secure.gravatar.com\/avatar\/94b18ee0ed79e4a42ea2f2931277b6841a8999fc6fde214600c78057cf1fe1de?s=96&d=mm&r=g","contentUrl":"https:\/\/secure.gravatar.com\/avatar\/94b18ee0ed79e4a42ea2f2931277b6841a8999fc6fde214600c78057cf1fe1de?s=96&d=mm&r=g","caption":"qs_admin"},"sameAs":["https:\/\/vosgesinfo.fr\/wp"],"url":"https:\/\/vosgesinfo.fr\/gerardmerinfo\/author\/qs_admin\/"}]}},"_links":{"self":[{"href":"https:\/\/vosgesinfo.fr\/gerardmerinfo\/wp-json\/wp\/v2\/posts\/46929","targetHints":{"allow":["GET"]}}],"collection":[{"href":"https:\/\/vosgesinfo.fr\/gerardmerinfo\/wp-json\/wp\/v2\/posts"}],"about":[{"href":"https:\/\/vosgesinfo.fr\/gerardmerinfo\/wp-json\/wp\/v2\/types\/post"}],"author":[{"embeddable":true,"href":"https:\/\/vosgesinfo.fr\/gerardmerinfo\/wp-json\/wp\/v2\/users\/1"}],"replies":[{"embeddable":true,"href":"https:\/\/vosgesinfo.fr\/gerardmerinfo\/wp-json\/wp\/v2\/comments?post=46929"}],"version-history":[{"count":0,"href":"https:\/\/vosgesinfo.fr\/gerardmerinfo\/wp-json\/wp\/v2\/posts\/46929\/revisions"}],"wp:featuredmedia":[{"embeddable":true,"href":"https:\/\/vosgesinfo.fr\/gerardmerinfo\/wp-json\/wp\/v2\/media\/46930"}],"wp:attachment":[{"href":"https:\/\/vosgesinfo.fr\/gerardmerinfo\/wp-json\/wp\/v2\/media?parent=46929"}],"wp:term":[{"taxonomy":"category","embeddable":true,"href":"https:\/\/vosgesinfo.fr\/gerardmerinfo\/wp-json\/wp\/v2\/categories?post=46929"},{"taxonomy":"post_tag","embeddable":true,"href":"https:\/\/vosgesinfo.fr\/gerardmerinfo\/wp-json\/wp\/v2\/tags?post=46929"}],"curies":[{"name":"wp","href":"https:\/\/api.w.org\/{rel}","templated":true}]}}