{"id":46949,"date":"2020-03-02T07:48:20","date_gmt":"2020-03-02T06:48:20","guid":{"rendered":"https:\/\/vosgesinfo.fr\/gerardmerinfo\/2020\/03\/coronavirus-recommandations-etablissements-scolaires\/"},"modified":"2020-03-02T07:48:20","modified_gmt":"2020-03-02T06:48:20","slug":"coronavirus-recommandations-etablissements-scolaires","status":"publish","type":"post","link":"https:\/\/vosgesinfo.fr\/gerardmerinfo\/2020\/03\/coronavirus-recommandations-etablissements-scolaires\/","title":{"rendered":"Coronavirus : recommandations pour les \u00e9tablissements scolaires"},"content":{"rendered":"<h2><span style=\"font-size: 14pt;\"><a href=\"https:\/\/gerardmerinfo.fr\/2020\/03\/coronavirus-recommandations-etablissements-scolaires\/virus-4030721_1920-800x270-2\/\" rel=\"attachment wp-att-160315\"><img decoding=\"async\" class=\"aligncenter size-full wp-image-160315\" src=\"\/2020\/03\/virus-4030721_1920-800x270.jpg\" alt=\"virus-4030721_1920-800x270\" width=\"800\" height=\"270\" \/><\/a>Alors que le coronavirus se r\u00e9pand en Europe, le minist\u00e8re de l\u2019\u00c9ducation nationale a \u00e9mis des recommandations pour les \u00e9l\u00e8ves.\u00a0<\/span><\/h2>\n<p class=\"x_MsoNormal\"><b><u>Pour les personnes ayant s\u00e9journ\u00e9 dans des zones \u00e0 risque,<\/u><\/b><b>\u00a0<\/b>le minist\u00e8re de l\u2019\u00c9ducation nationale et de la Jeunesse relaie aupr\u00e8s de ses administrations et \u00e9tablissements scolaires, les recommandations \u00e9mises par le minist\u00e8re des Solidarit\u00e9s et de la Sant\u00e9, dans les 14 jours suivant leur retour\u00a0:<\/p>\n<ul type=\"disc\">\n<li class=\"x_MsoNormalCxSpMiddle\"><i>Surveiller sa temp\u00e9rature 2 fois par jour\u00a0;<\/i><\/li>\n<li class=\"x_MsoNormalCxSpMiddle\"><i>Surveiller l\u2019apparition de sympt\u00f4mes d\u2019infection respiratoire (toux, difficult\u00e9s \u00e0 respirer\u2026)\u00a0;<\/i><\/li>\n<li class=\"x_MsoNormalCxSpMiddle\"><i>Porter un masque chirurgical en face d\u2019une autre personne et lors de sorties\u00a0;<\/i><\/li>\n<li class=\"x_MsoNormalCxSpMiddle\"><i>Se laver les mains r\u00e9guli\u00e8rement ou utiliser une solution hydro-alcoolique\u00a0;<\/i><\/li>\n<li class=\"x_MsoNormalCxSpMiddle\"><i>\u00c9viter tout contact avec les personnes fragiles (femmes enceintes, malades chroniques, personnes \u00e2g\u00e9es\u2026)\u00a0;<\/i><\/li>\n<li class=\"x_MsoNormalCxSpMiddle\"><i>\u00c9viter de fr\u00e9quenter des lieux o\u00f9 se trouvent des personnes fragiles (h\u00f4pitaux, maternit\u00e9s, structures d\u2019h\u00e9bergement pour personnes \u00e2g\u00e9es\u2026)\u00a0;<\/i><\/li>\n<li class=\"x_MsoNormalCxSpMiddle\"><i>\u00c9viter toute sortie non indispensable (grands rassemblements, restaurants, cin\u00e9ma\u2026).<\/i><\/li>\n<li class=\"x_MsoNormalCxSpMiddle\"><i>Travailleurs\/\u00e9tudiants : dans la mesure du possible, privil\u00e9gier le t\u00e9l\u00e9travail et \u00e9viter les contacts proches (r\u00e9unions, ascenseurs, cantine\u2026).<\/i><\/li>\n<\/ul>\n<p class=\"x_MsoNormal\"><b>En cas de fi\u00e8vre ou sensation de fi\u00e8vre, toux, difficult\u00e9s \u00e0 respirer les personnes sont invit\u00e9es \u00e0 :<\/b><\/p>\n<ul type=\"disc\">\n<li class=\"x_MsoNormalCxSpMiddle\"><i>Contacter rapidement le SAMU centre 15 en signalant le voyage ;<\/i><\/li>\n<li class=\"x_MsoNormalCxSpMiddle\"><i>Eviter tout contact avec l\u2019entourage et conserver son masque ;<\/i><\/li>\n<li class=\"x_MsoNormalCxSpMiddle\"><i>Ne pas se rendre directement chez le m\u00e9decin, ni aux urgences de l\u2019h\u00f4pital.<\/i><\/li>\n<\/ul>\n<p class=\"x_MsoNormal\"><b>En cons\u00e9quence, les \u00e9l\u00e8ves et les personnels qui reviendraient de ces destinations, ne doivent pas se rendre \u00e0 l\u2019\u00e9cole, au coll\u00e8ge ou au lyc\u00e9e pendant les 14 jours qui suivent leurs retours. Ils sont soumis aux m\u00eames pr\u00e9conisations que celles rappel\u00e9es ci-dessus.<br \/>\n<\/b><\/p>\n<p class=\"x_MsoNormal\">Les personnels doivent se d\u00e9clarer aupr\u00e8s de leur autorit\u00e9 hi\u00e9rarchique, avant la reprise des cours pour les acad\u00e9mies encore en\u00a0 p\u00e9riode de cong\u00e9s scolaires, en apportant un justificatif du s\u00e9jour dans la zone consid\u00e9r\u00e9e (billet d\u2019avion ou de train, facture d\u2019h\u00f4tel, de location de voitures, \u2026) ou \u00e0 d\u00e9faut, par une d\u00e9claration sur l\u2019honneur. Sont concern\u00e9s par cette obligation de d\u00e9claration tous les personnels intervenant au sein des \u00e9tablissements\u00a0: enseignants, non enseignants, titulaires, contractuels, agents des collectivit\u00e9s territoriales, agents de droit priv\u00e9, intervenants ext\u00e9rieurs. Quel que soit leur statut, aucune journ\u00e9e de carence ne sera appliqu\u00e9e.<\/p>\n<p class=\"x_MsoNormal\">Selon les cas, les agents du minist\u00e8re de l\u2019\u00e9ducation nationale\u00a0 se verront proposer\u00a0 prioritairement d\u2019exercer leurs fonctions par t\u00e9l\u00e9travail et, si cela\u00a0 n\u2019est pas possible, ils pourront b\u00e9n\u00e9ficier d\u2019une autorisation sp\u00e9ciale d\u2019absence (ASA).<\/p>\n<p class=\"x_MsoNormal\">Pour les parents devant garder leur enfant \u00e0 leur domicile, le gouvernement a pris toutes les dispositions n\u00e9cessaires pour qu\u2019ils puissent le faire soit en t\u00e9l\u00e9travaillant lorsque c\u2019est possible soit, \u00e0 d\u00e9faut, en b\u00e9n\u00e9ficiant d\u2019un cong\u00e9 maladie d\u00e9livr\u00e9 par le m\u00e9decin de l\u2019ARS (salari\u00e9s du priv\u00e9) ou d\u2019une autorisation d\u2019absence (agents publics) couvrant la dur\u00e9e de la p\u00e9riode d\u2019isolement de l\u2019enfant.<\/p>\n<p class=\"x_MsoNormal\"><b><u>Pour les \u00e9tablissements ayant pr\u00e9vu des voyages scolaires<\/u><\/b>,\u00a0<b>le minist\u00e8re de l\u2019\u00c9ducation nationale et de la Jeunesse leur demande actuellement de reporter tout voyage scolaire dans les zones o\u00f9 circule activement le virus (liste des zones \u00e0 risque \u00e0 jour sur le site du gouvernement).<\/b><b><\/b><\/p>\n<p class=\"x_MsoNormal\">Des informations d\u00e9taill\u00e9es, et mises \u00e0 jour r\u00e9guli\u00e8rement sont \u00e0 retrouver sur\u00a0:<b>\u00a0<\/b><span lang=\"EN-GB\"><a href=\"https:\/\/www.gouvernement.fr\/info-coronavirus\" target=\"_blank\" rel=\"noopener noreferrer\" data-auth=\"NotApplicable\"><b><span lang=\"FR\">https:\/\/www.gouvernement.fr\/info-coronavirus<\/span><\/b><\/a><\/span><b><\/b><\/p>\n<p class=\"x_MsoNormal\">Enfin, \u00e0 destination du grand public, un num\u00e9ro vert\u00a0<b>(0 800 130 000)<\/b>\u00a0a \u00e9t\u00e9 mis en place pour les questions non m\u00e9dicales,\u00a0<b>ouvert 24h\/24 et sept jours sur sept.<\/b><\/p>\n<p class=\"x_MsoNormal\"><b>2\u00b0\/ Continuit\u00e9 des apprentissages en cas d\u2019\u00e9loignement temporaire ou de fermeture d\u2019\u00e9coles ou d\u2019\u00e9tablissements<\/b><\/p>\n<p class=\"x_MsoNormal\">Le minist\u00e8re de l\u2019\u00c9ducation nationale et de la Jeunesse, qui accueille chaque jour plus de 12 millions d\u2019\u00e9l\u00e8ves dans pr\u00e8s de 60\u00a0000 \u00e9coles ou \u00e9tablissements scolaires, est organis\u00e9 pour faire face \u00e0 une \u00e9ventuelle \u00e9pid\u00e9mie sur tout ou partie du territoire national.<\/p>\n<p class=\"x_MsoNormal\"><b>La continuit\u00e9 p\u00e9dagogique vise, en cas d\u2019\u00e9loignement temporaire d\u2019\u00e9l\u00e8ves ou de fermeture d\u2019\u00e9coles, coll\u00e8ges et lyc\u00e9es, \u00e0 maintenir un lien p\u00e9dagogique entre les professeurs et les \u00e9l\u00e8ves, \u00e0 entretenir les connaissances d\u00e9j\u00e0 acquises par les \u00e9l\u00e8ves tout en permettant l\u2019acquisition de nouveaux savoirs.<\/b><\/p>\n<p class=\"x_MsoListParagraph\">\u00b7\u00a0\u00a0\u00a0\u00a0\u00a0\u00a0\u00a0\u00a0<u>Dans le cas o\u00f9 quelques \u00e9l\u00e8ves, de retour de zones consid\u00e9r\u00e9es comme \u00e0 risque, doivent \u00eatre \u00e9loign\u00e9s temporairement de leur \u00e9tablissement\u00a0:<\/u><\/p>\n<p class=\"x_MsoNormal\">La continuit\u00e9 p\u00e9dagogique doit permettre de maintenir un contact r\u00e9gulier de l\u2019\u00e9l\u00e8ve avec ses professeurs et camarades. A cette fin, le directeur d\u2019\u00e9cole ou le chef d\u2019\u00e9tablissement s\u2019assure, notamment en prenant appui sur les r\u00e9seaux existants (en particulier les espaces num\u00e9riques de travail et la messagerie \u00e9lectronique), que\u00a0<b>l\u2019\u00e9l\u00e8ve a acc\u00e8s aux supports de cours et qu\u2019il est en mesure de r\u00e9aliser les devoirs ou exercices requis pour ses apprentissages.<\/b><\/p>\n<p class=\"x_MsoListParagraph\">\u00b7\u00a0\u00a0\u00a0\u00a0\u00a0\u00a0\u00a0\u00a0<u>Dans le cas o\u00f9 des \u00e9coles ou \u00e9tablissements devraient \u00eatre ferm\u00e9s en raison du confinement de secteurs g\u00e9ographiques :<\/u><\/p>\n<p class=\"x_MsoNormal\">Selon l\u2019\u00e9volution du contexte sanitaire, l\u2019autorit\u00e9 pr\u00e9fectorale comp\u00e9tente pourra d\u00e9cider de l\u2019\u00e9ventuelle fermeture d\u2019\u00e9coles ou d\u2019\u00e9tablissements scolaires pendant une dur\u00e9e d\u00e9finie en fonction de la situation.\u00a0Le directeur d\u2019\u00e9cole ou le chef d\u2019\u00e9tablissement concern\u00e9 veillera \u00e0 informer, aussit\u00f4t que possible, les familles des modalit\u00e9s de continuit\u00e9 p\u00e9dagogique.<\/p>\n<p class=\"x_MsoNormal\">Afin de permettre la mise \u00e0 disposition imm\u00e9diate de s\u00e9ances p\u00e9dagogiques en ligne, les acad\u00e9mies peuvent s\u2019appuyer sur la plateforme d\u00e9di\u00e9e du Centre National d\u2019Enseignement \u00e0 Distance (CNED),\u00a0<b><i>Ma classe \u00e0 la maison<\/i>.\u00a0<\/b>La plateforme propose des parcours p\u00e9dagogiques permettant de couvrir une p\u00e9riode de quatre semaines, de la grande section de maternelle \u00e0 l\u2019ann\u00e9e de terminale. Il conviendra toutefois de veiller \u00e0 limiter le temps d\u2019exposition aux \u00e9crans, notamment pour les jeunes enfants.<\/p>\n<p class=\"x_MsoCommentText\">Cet outil, d\u2019ores et d\u00e9j\u00e0 accessible aux \u00e9l\u00e8ves de l\u2019AEFE pr\u00e9sents en Chine et confin\u00e9s, sera mis \u00e0 disposition des \u00e9l\u00e8ves et de leurs familles, sans frais. L\u2019inscription est libre et individuelle. Le directeur d\u2019\u00e9cole ou le chef d\u2019\u00e9tablissement communiquera aux \u00e9l\u00e8ves l\u2019adresse pour se connecter \u00e0 la plateforme\u00a0<b><i>Ma classe \u00e0 la maison<\/i><\/b>, ainsi que les modalit\u00e9s d\u2019inscription. Chaque \u00e9l\u00e8ve pourra alors cr\u00e9er son compte et acc\u00e9der \u00e0 l\u2019ensemble des contenus.<\/p>\n<p class=\"x_MsoNormal\">En outre, en fonction des besoins des \u00e9l\u00e8ves et des choix des professeurs, les \u00e9coles et \u00e9tablissements concern\u00e9s pourront b\u00e9n\u00e9ficier du dispositif des classes virtuelles du CNED, qui permet \u00e0 chaque professeur qui le souhaite de faciliter l\u2019organisation de l\u2019enseignement \u00e0 distance (\u00e9changes de documents avec les \u00e9l\u00e8ves, s\u00e9ances avec les \u00e9l\u00e8ves en direct, interaction avec les \u00e9l\u00e8ves,\u2026).<\/p>\n<p class=\"x_MsoNormal\">Ind\u00e9pendamment de la mise \u00e0 disposition de cette plateforme ou de mani\u00e8re compl\u00e9mentaire, les \u00e9quipes p\u00e9dagogiques prendront les initiatives et mesures n\u00e9cessaires pour pr\u00e9server un lien p\u00e9dagogique \u00e0 distance, et pour continuer \u00e0 dispenser un enseignement, en exploitant notamment les possibilit\u00e9s d\u2019\u00e9changes par messagerie \u00e9lectronique et les espaces num\u00e9riques de travail.<\/p>\n<p class=\"x_MsoNormal\">Ils pourront aussi s\u2019appuyer sur des ressources num\u00e9riques \u00e9ducatives disponibles au niveau national sur le site Eduscol pour enseigner et apprendre \u00e0 distance, \u00e0 l\u2019\u00e9cole, au coll\u00e8ge et au lyc\u00e9e.\u00a0S\u2019agissant du second degr\u00e9, en particulier pour le lyc\u00e9e, les professeurs pourront conseiller aux familles \u00e9quip\u00e9es d\u2019internet de se connecter sur ce site pour acc\u00e9der \u00e0 des sujets z\u00e9ro, aux programmes des enseignements et aux espaces disciplinaires cr\u00e9\u00e9s sur les sites acad\u00e9miques.<\/p>\n<p class=\"x_MsoNormal\">Les professeurs pourront accompagner leurs \u00e9l\u00e8ves dans l\u2019utilisation de ces ressources, en leur adressant des supports de cours et des exercices, via les espaces num\u00e9riques de travail ou la messagerie \u00e9lectronique pour les \u00e9l\u00e8ves disposant d\u2019un acc\u00e8s \u00e0 internet. Ils leur adresseront les travaux \u00e0 faire \u00e0 la maison.<\/p>\n<p class=\"x_MsoNormal\">Pour les \u00e9l\u00e8ves les plus jeunes, et pour tous ceux qui n\u00e9cessitent une prise en charge sp\u00e9cifique impliquant la pr\u00e9sence d\u2019un adulte, la mise en place d\u2019activit\u00e9s \u00e9ducatives et p\u00e9dagogiques devra reposer sur leur famille. Dans toute la mesure du possible, les directeurs d\u2019\u00e9cole veilleront \u00e0 ce que leur soient propos\u00e9es, \u00e0 distance via les outils num\u00e9riques, des activit\u00e9s adapt\u00e9es, r\u00e9alisables en contexte familial. Pour les \u00e9l\u00e8ves ne disposant pas d\u2019un acc\u00e8s \u00e0 internet, sera propos\u00e9 un ensemble de documents \u00e0 \u00e9tudier et de travaux \u00e0 r\u00e9aliser, adapt\u00e9s \u00e0 la situation d\u2019un accompagnement en famille.<\/p>\n<p class=\"x_MsoNormal\"><b>Pour tous les \u00e9l\u00e8ves, de l\u2019enseignement primaire comme de l\u2019enseignement secondaire, il restera primordial d\u2019installer et d\u2019entretenir un lien d\u2019attention rassurant et personnalis\u00e9 avec chacun, si des mesures de fermetures d\u2019\u00e9coles et d\u2019\u00e9tablissement devaient \u00eatre prise<\/b><\/p>\n","protected":false},"excerpt":{"rendered":"<p>Alors que le coronavirus se r\u00e9pand en Europe, le minist\u00e8re de l\u2019\u00c9ducation nationale a \u00e9mis des recommandations pour les \u00e9l\u00e8ves.\u00a0 [&hellip;]<\/p>\n","protected":false},"author":1,"featured_media":46950,"comment_status":"open","ping_status":"open","sticky":false,"template":"","format":"standard","meta":{"footnotes":""},"categories":[20,18],"tags":[],"class_list":["post-46949","post","type-post","status-publish","format-standard","has-post-thumbnail","hentry","category-a-la-une","category-vosges"],"acf":[],"yoast_head":"<!-- This site is optimized with the Yoast SEO plugin v22.5 - https:\/\/yoast.com\/wordpress\/plugins\/seo\/ -->\n<title>Coronavirus : recommandations pour les \u00e9tablissements scolaires - Gerardmer Info<\/title>\n<meta name=\"robots\" content=\"index, follow, max-snippet:-1, max-image-preview:large, max-video-preview:-1\" \/>\n<link rel=\"canonical\" href=\"https:\/\/vosgesinfo.fr\/gerardmerinfo\/2020\/03\/coronavirus-recommandations-etablissements-scolaires\/\" \/>\n<meta name=\"twitter:card\" content=\"summary_large_image\" \/>\n<meta name=\"twitter:title\" content=\"Coronavirus : recommandations pour les \u00e9tablissements scolaires - Gerardmer Info\" \/>\n<meta name=\"twitter:description\" content=\"Alors que le coronavirus se r\u00e9pand en Europe, le minist\u00e8re de l\u2019\u00c9ducation nationale a \u00e9mis des recommandations pour les \u00e9l\u00e8ves.\u00a0 [&hellip;]\" \/>\n<meta name=\"twitter:image\" content=\"https:\/\/vosgesinfo.fr\/app\/uploads\/sites\/6\/2024\/07\/202003virus-4030721-1920-800x270-1.jpg\" \/>\n<meta name=\"twitter:creator\" content=\"@VosgesInfo88\" \/>\n<meta name=\"twitter:site\" content=\"@VosgesInfo88\" \/>\n<meta name=\"twitter:label1\" content=\"\u00c9crit par\" \/>\n\t<meta name=\"twitter:data1\" content=\"qs_admin\" \/>\n\t<meta name=\"twitter:label2\" content=\"Dur\u00e9e de lecture estim\u00e9e\" \/>\n\t<meta name=\"twitter:data2\" content=\"8 minutes\" \/>\n<script type=\"application\/ld+json\" class=\"yoast-schema-graph\">{\"@context\":\"https:\/\/schema.org\",\"@graph\":[{\"@type\":\"Article\",\"@id\":\"https:\/\/vosgesinfo.fr\/gerardmerinfo\/2020\/03\/coronavirus-recommandations-etablissements-scolaires\/#article\",\"isPartOf\":{\"@id\":\"https:\/\/vosgesinfo.fr\/gerardmerinfo\/2020\/03\/coronavirus-recommandations-etablissements-scolaires\/\"},\"author\":{\"name\":\"qs_admin\",\"@id\":\"https:\/\/vosgesinfo.fr\/gerardmerinfo\/#\/schema\/person\/bc5d02d71e6932e81b6dadb7386667b1\"},\"headline\":\"Coronavirus : recommandations pour les \u00e9tablissements scolaires\",\"datePublished\":\"2020-03-02T06:48:20+00:00\",\"dateModified\":\"2020-03-02T06:48:20+00:00\",\"mainEntityOfPage\":{\"@id\":\"https:\/\/vosgesinfo.fr\/gerardmerinfo\/2020\/03\/coronavirus-recommandations-etablissements-scolaires\/\"},\"wordCount\":1509,\"commentCount\":0,\"publisher\":{\"@id\":\"https:\/\/vosgesinfo.fr\/gerardmerinfo\/#organization\"},\"image\":{\"@id\":\"https:\/\/vosgesinfo.fr\/gerardmerinfo\/2020\/03\/coronavirus-recommandations-etablissements-scolaires\/#primaryimage\"},\"thumbnailUrl\":\"https:\/\/vosgesinfo.fr\/app\/uploads\/sites\/6\/2024\/07\/202003virus-4030721-1920-800x270-1.jpg\",\"articleSection\":[\"A la une\",\"Vosges\"],\"inLanguage\":\"fr-FR\",\"potentialAction\":[{\"@type\":\"CommentAction\",\"name\":\"Comment\",\"target\":[\"https:\/\/vosgesinfo.fr\/gerardmerinfo\/2020\/03\/coronavirus-recommandations-etablissements-scolaires\/#respond\"]}]},{\"@type\":\"WebPage\",\"@id\":\"https:\/\/vosgesinfo.fr\/gerardmerinfo\/2020\/03\/coronavirus-recommandations-etablissements-scolaires\/\",\"url\":\"https:\/\/vosgesinfo.fr\/gerardmerinfo\/2020\/03\/coronavirus-recommandations-etablissements-scolaires\/\",\"name\":\"Coronavirus : recommandations pour les \u00e9tablissements scolaires - Gerardmer Info\",\"isPartOf\":{\"@id\":\"https:\/\/vosgesinfo.fr\/gerardmerinfo\/#website\"},\"primaryImageOfPage\":{\"@id\":\"https:\/\/vosgesinfo.fr\/gerardmerinfo\/2020\/03\/coronavirus-recommandations-etablissements-scolaires\/#primaryimage\"},\"image\":{\"@id\":\"https:\/\/vosgesinfo.fr\/gerardmerinfo\/2020\/03\/coronavirus-recommandations-etablissements-scolaires\/#primaryimage\"},\"thumbnailUrl\":\"https:\/\/vosgesinfo.fr\/app\/uploads\/sites\/6\/2024\/07\/202003virus-4030721-1920-800x270-1.jpg\",\"datePublished\":\"2020-03-02T06:48:20+00:00\",\"dateModified\":\"2020-03-02T06:48:20+00:00\",\"breadcrumb\":{\"@id\":\"https:\/\/vosgesinfo.fr\/gerardmerinfo\/2020\/03\/coronavirus-recommandations-etablissements-scolaires\/#breadcrumb\"},\"inLanguage\":\"fr-FR\",\"potentialAction\":[{\"@type\":\"ReadAction\",\"target\":[\"https:\/\/vosgesinfo.fr\/gerardmerinfo\/2020\/03\/coronavirus-recommandations-etablissements-scolaires\/\"]}]},{\"@type\":\"ImageObject\",\"inLanguage\":\"fr-FR\",\"@id\":\"https:\/\/vosgesinfo.fr\/gerardmerinfo\/2020\/03\/coronavirus-recommandations-etablissements-scolaires\/#primaryimage\",\"url\":\"https:\/\/vosgesinfo.fr\/app\/uploads\/sites\/6\/2024\/07\/202003virus-4030721-1920-800x270-1.jpg\",\"contentUrl\":\"https:\/\/vosgesinfo.fr\/app\/uploads\/sites\/6\/2024\/07\/202003virus-4030721-1920-800x270-1.jpg\",\"width\":800,\"height\":270},{\"@type\":\"BreadcrumbList\",\"@id\":\"https:\/\/vosgesinfo.fr\/gerardmerinfo\/2020\/03\/coronavirus-recommandations-etablissements-scolaires\/#breadcrumb\",\"itemListElement\":[{\"@type\":\"ListItem\",\"position\":1,\"name\":\"Home\",\"item\":\"https:\/\/vosgesinfo.fr\/gerardmerinfo\/\"},{\"@type\":\"ListItem\",\"position\":2,\"name\":\"Coronavirus : recommandations pour les \u00e9tablissements scolaires\"}]},{\"@type\":\"WebSite\",\"@id\":\"https:\/\/vosgesinfo.fr\/gerardmerinfo\/#website\",\"url\":\"https:\/\/vosgesinfo.fr\/gerardmerinfo\/\",\"name\":\"Gerardmer Info\",\"description\":\"Toute l&#039;actualit\u00e9 de G\u00e9rardmer\",\"publisher\":{\"@id\":\"https:\/\/vosgesinfo.fr\/gerardmerinfo\/#organization\"},\"alternateName\":\"Toute l'actualit\u00e9 de G\u00e9rardmer\",\"potentialAction\":[{\"@type\":\"SearchAction\",\"target\":{\"@type\":\"EntryPoint\",\"urlTemplate\":\"https:\/\/vosgesinfo.fr\/gerardmerinfo\/?s={search_term_string}\"},\"query-input\":\"required name=search_term_string\"}],\"inLanguage\":\"fr-FR\"},{\"@type\":\"Organization\",\"@id\":\"https:\/\/vosgesinfo.fr\/gerardmerinfo\/#organization\",\"name\":\"Gerardmer Info\",\"url\":\"https:\/\/vosgesinfo.fr\/gerardmerinfo\/\",\"logo\":{\"@type\":\"ImageObject\",\"inLanguage\":\"fr-FR\",\"@id\":\"https:\/\/vosgesinfo.fr\/gerardmerinfo\/#\/schema\/logo\/image\/\",\"url\":\"https:\/\/vosgesinfo.fr\/app\/uploads\/sites\/6\/2023\/08\/favicon-gerardmerinfo.png\",\"contentUrl\":\"https:\/\/vosgesinfo.fr\/app\/uploads\/sites\/6\/2023\/08\/favicon-gerardmerinfo.png\",\"width\":512,\"height\":512,\"caption\":\"Gerardmer Info\"},\"image\":{\"@id\":\"https:\/\/vosgesinfo.fr\/gerardmerinfo\/#\/schema\/logo\/image\/\"},\"sameAs\":[\"https:\/\/www.facebook.com\/profile.php?id=100049475262660\",\"https:\/\/x.com\/VosgesInfo88\",\"https:\/\/www.youtube.com\/@vosgesinfo\"]},{\"@type\":\"Person\",\"@id\":\"https:\/\/vosgesinfo.fr\/gerardmerinfo\/#\/schema\/person\/bc5d02d71e6932e81b6dadb7386667b1\",\"name\":\"qs_admin\",\"image\":{\"@type\":\"ImageObject\",\"inLanguage\":\"fr-FR\",\"@id\":\"https:\/\/vosgesinfo.fr\/gerardmerinfo\/#\/schema\/person\/image\/\",\"url\":\"https:\/\/secure.gravatar.com\/avatar\/94b18ee0ed79e4a42ea2f2931277b6841a8999fc6fde214600c78057cf1fe1de?s=96&d=mm&r=g\",\"contentUrl\":\"https:\/\/secure.gravatar.com\/avatar\/94b18ee0ed79e4a42ea2f2931277b6841a8999fc6fde214600c78057cf1fe1de?s=96&d=mm&r=g\",\"caption\":\"qs_admin\"},\"sameAs\":[\"https:\/\/vosgesinfo.fr\/wp\"],\"url\":\"https:\/\/vosgesinfo.fr\/gerardmerinfo\/author\/qs_admin\/\"}]}<\/script>\n<!-- \/ Yoast SEO plugin. -->","yoast_head_json":{"title":"Coronavirus : recommandations pour les \u00e9tablissements scolaires - Gerardmer Info","robots":{"index":"index","follow":"follow","max-snippet":"max-snippet:-1","max-image-preview":"max-image-preview:large","max-video-preview":"max-video-preview:-1"},"canonical":"https:\/\/vosgesinfo.fr\/gerardmerinfo\/2020\/03\/coronavirus-recommandations-etablissements-scolaires\/","twitter_card":"summary_large_image","twitter_title":"Coronavirus : recommandations pour les \u00e9tablissements scolaires - Gerardmer Info","twitter_description":"Alors que le coronavirus se r\u00e9pand en Europe, le minist\u00e8re de l\u2019\u00c9ducation nationale a \u00e9mis des recommandations pour les \u00e9l\u00e8ves.\u00a0 [&hellip;]","twitter_image":"https:\/\/vosgesinfo.fr\/app\/uploads\/sites\/6\/2024\/07\/202003virus-4030721-1920-800x270-1.jpg","twitter_creator":"@VosgesInfo88","twitter_site":"@VosgesInfo88","twitter_misc":{"\u00c9crit par":"qs_admin","Dur\u00e9e de lecture estim\u00e9e":"8 minutes"},"schema":{"@context":"https:\/\/schema.org","@graph":[{"@type":"Article","@id":"https:\/\/vosgesinfo.fr\/gerardmerinfo\/2020\/03\/coronavirus-recommandations-etablissements-scolaires\/#article","isPartOf":{"@id":"https:\/\/vosgesinfo.fr\/gerardmerinfo\/2020\/03\/coronavirus-recommandations-etablissements-scolaires\/"},"author":{"name":"qs_admin","@id":"https:\/\/vosgesinfo.fr\/gerardmerinfo\/#\/schema\/person\/bc5d02d71e6932e81b6dadb7386667b1"},"headline":"Coronavirus : recommandations pour les \u00e9tablissements scolaires","datePublished":"2020-03-02T06:48:20+00:00","dateModified":"2020-03-02T06:48:20+00:00","mainEntityOfPage":{"@id":"https:\/\/vosgesinfo.fr\/gerardmerinfo\/2020\/03\/coronavirus-recommandations-etablissements-scolaires\/"},"wordCount":1509,"commentCount":0,"publisher":{"@id":"https:\/\/vosgesinfo.fr\/gerardmerinfo\/#organization"},"image":{"@id":"https:\/\/vosgesinfo.fr\/gerardmerinfo\/2020\/03\/coronavirus-recommandations-etablissements-scolaires\/#primaryimage"},"thumbnailUrl":"https:\/\/vosgesinfo.fr\/app\/uploads\/sites\/6\/2024\/07\/202003virus-4030721-1920-800x270-1.jpg","articleSection":["A la une","Vosges"],"inLanguage":"fr-FR","potentialAction":[{"@type":"CommentAction","name":"Comment","target":["https:\/\/vosgesinfo.fr\/gerardmerinfo\/2020\/03\/coronavirus-recommandations-etablissements-scolaires\/#respond"]}]},{"@type":"WebPage","@id":"https:\/\/vosgesinfo.fr\/gerardmerinfo\/2020\/03\/coronavirus-recommandations-etablissements-scolaires\/","url":"https:\/\/vosgesinfo.fr\/gerardmerinfo\/2020\/03\/coronavirus-recommandations-etablissements-scolaires\/","name":"Coronavirus : recommandations pour les \u00e9tablissements scolaires - Gerardmer Info","isPartOf":{"@id":"https:\/\/vosgesinfo.fr\/gerardmerinfo\/#website"},"primaryImageOfPage":{"@id":"https:\/\/vosgesinfo.fr\/gerardmerinfo\/2020\/03\/coronavirus-recommandations-etablissements-scolaires\/#primaryimage"},"image":{"@id":"https:\/\/vosgesinfo.fr\/gerardmerinfo\/2020\/03\/coronavirus-recommandations-etablissements-scolaires\/#primaryimage"},"thumbnailUrl":"https:\/\/vosgesinfo.fr\/app\/uploads\/sites\/6\/2024\/07\/202003virus-4030721-1920-800x270-1.jpg","datePublished":"2020-03-02T06:48:20+00:00","dateModified":"2020-03-02T06:48:20+00:00","breadcrumb":{"@id":"https:\/\/vosgesinfo.fr\/gerardmerinfo\/2020\/03\/coronavirus-recommandations-etablissements-scolaires\/#breadcrumb"},"inLanguage":"fr-FR","potentialAction":[{"@type":"ReadAction","target":["https:\/\/vosgesinfo.fr\/gerardmerinfo\/2020\/03\/coronavirus-recommandations-etablissements-scolaires\/"]}]},{"@type":"ImageObject","inLanguage":"fr-FR","@id":"https:\/\/vosgesinfo.fr\/gerardmerinfo\/2020\/03\/coronavirus-recommandations-etablissements-scolaires\/#primaryimage","url":"https:\/\/vosgesinfo.fr\/app\/uploads\/sites\/6\/2024\/07\/202003virus-4030721-1920-800x270-1.jpg","contentUrl":"https:\/\/vosgesinfo.fr\/app\/uploads\/sites\/6\/2024\/07\/202003virus-4030721-1920-800x270-1.jpg","width":800,"height":270},{"@type":"BreadcrumbList","@id":"https:\/\/vosgesinfo.fr\/gerardmerinfo\/2020\/03\/coronavirus-recommandations-etablissements-scolaires\/#breadcrumb","itemListElement":[{"@type":"ListItem","position":1,"name":"Home","item":"https:\/\/vosgesinfo.fr\/gerardmerinfo\/"},{"@type":"ListItem","position":2,"name":"Coronavirus : recommandations pour les \u00e9tablissements scolaires"}]},{"@type":"WebSite","@id":"https:\/\/vosgesinfo.fr\/gerardmerinfo\/#website","url":"https:\/\/vosgesinfo.fr\/gerardmerinfo\/","name":"Gerardmer Info","description":"Toute l&#039;actualit\u00e9 de G\u00e9rardmer","publisher":{"@id":"https:\/\/vosgesinfo.fr\/gerardmerinfo\/#organization"},"alternateName":"Toute l'actualit\u00e9 de G\u00e9rardmer","potentialAction":[{"@type":"SearchAction","target":{"@type":"EntryPoint","urlTemplate":"https:\/\/vosgesinfo.fr\/gerardmerinfo\/?s={search_term_string}"},"query-input":"required name=search_term_string"}],"inLanguage":"fr-FR"},{"@type":"Organization","@id":"https:\/\/vosgesinfo.fr\/gerardmerinfo\/#organization","name":"Gerardmer Info","url":"https:\/\/vosgesinfo.fr\/gerardmerinfo\/","logo":{"@type":"ImageObject","inLanguage":"fr-FR","@id":"https:\/\/vosgesinfo.fr\/gerardmerinfo\/#\/schema\/logo\/image\/","url":"https:\/\/vosgesinfo.fr\/app\/uploads\/sites\/6\/2023\/08\/favicon-gerardmerinfo.png","contentUrl":"https:\/\/vosgesinfo.fr\/app\/uploads\/sites\/6\/2023\/08\/favicon-gerardmerinfo.png","width":512,"height":512,"caption":"Gerardmer Info"},"image":{"@id":"https:\/\/vosgesinfo.fr\/gerardmerinfo\/#\/schema\/logo\/image\/"},"sameAs":["https:\/\/www.facebook.com\/profile.php?id=100049475262660","https:\/\/x.com\/VosgesInfo88","https:\/\/www.youtube.com\/@vosgesinfo"]},{"@type":"Person","@id":"https:\/\/vosgesinfo.fr\/gerardmerinfo\/#\/schema\/person\/bc5d02d71e6932e81b6dadb7386667b1","name":"qs_admin","image":{"@type":"ImageObject","inLanguage":"fr-FR","@id":"https:\/\/vosgesinfo.fr\/gerardmerinfo\/#\/schema\/person\/image\/","url":"https:\/\/secure.gravatar.com\/avatar\/94b18ee0ed79e4a42ea2f2931277b6841a8999fc6fde214600c78057cf1fe1de?s=96&d=mm&r=g","contentUrl":"https:\/\/secure.gravatar.com\/avatar\/94b18ee0ed79e4a42ea2f2931277b6841a8999fc6fde214600c78057cf1fe1de?s=96&d=mm&r=g","caption":"qs_admin"},"sameAs":["https:\/\/vosgesinfo.fr\/wp"],"url":"https:\/\/vosgesinfo.fr\/gerardmerinfo\/author\/qs_admin\/"}]}},"_links":{"self":[{"href":"https:\/\/vosgesinfo.fr\/gerardmerinfo\/wp-json\/wp\/v2\/posts\/46949","targetHints":{"allow":["GET"]}}],"collection":[{"href":"https:\/\/vosgesinfo.fr\/gerardmerinfo\/wp-json\/wp\/v2\/posts"}],"about":[{"href":"https:\/\/vosgesinfo.fr\/gerardmerinfo\/wp-json\/wp\/v2\/types\/post"}],"author":[{"embeddable":true,"href":"https:\/\/vosgesinfo.fr\/gerardmerinfo\/wp-json\/wp\/v2\/users\/1"}],"replies":[{"embeddable":true,"href":"https:\/\/vosgesinfo.fr\/gerardmerinfo\/wp-json\/wp\/v2\/comments?post=46949"}],"version-history":[{"count":0,"href":"https:\/\/vosgesinfo.fr\/gerardmerinfo\/wp-json\/wp\/v2\/posts\/46949\/revisions"}],"wp:featuredmedia":[{"embeddable":true,"href":"https:\/\/vosgesinfo.fr\/gerardmerinfo\/wp-json\/wp\/v2\/media\/46950"}],"wp:attachment":[{"href":"https:\/\/vosgesinfo.fr\/gerardmerinfo\/wp-json\/wp\/v2\/media?parent=46949"}],"wp:term":[{"taxonomy":"category","embeddable":true,"href":"https:\/\/vosgesinfo.fr\/gerardmerinfo\/wp-json\/wp\/v2\/categories?post=46949"},{"taxonomy":"post_tag","embeddable":true,"href":"https:\/\/vosgesinfo.fr\/gerardmerinfo\/wp-json\/wp\/v2\/tags?post=46949"}],"curies":[{"name":"wp","href":"https:\/\/api.w.org\/{rel}","templated":true}]}}