{"id":46965,"date":"2020-03-03T17:05:18","date_gmt":"2020-03-03T16:05:18","guid":{"rendered":"https:\/\/vosgesinfo.fr\/gerardmerinfo\/2020\/03\/journee-decouverte-handisports-lunion-force\/"},"modified":"2020-03-03T17:05:18","modified_gmt":"2020-03-03T16:05:18","slug":"journee-decouverte-handisports-lunion-force","status":"publish","type":"post","link":"https:\/\/vosgesinfo.fr\/gerardmerinfo\/2020\/03\/journee-decouverte-handisports-lunion-force\/","title":{"rendered":"Journ\u00e9e d\u00e9couverte handisports : l&rsquo;union fait la force !"},"content":{"rendered":"\n<p>&nbsp;<\/p>\n<h3>Athl\u00e9 Vosges\u00a0 Vall\u00e9e des Lacs &amp; de la Cleurie et l&rsquo;ASG handball avaient d\u00e9cid\u00e9 pour la premi\u00e8re fois de faire cause commune en ce qui concerne le handisport. Les deux clubs et leur partenaires ont ainsi propos\u00e9 une journ\u00e9e d\u00e9couverte handisports ouverte \u00e0 tous samedi apr\u00e8s-midi.<\/h3>\n<p>Ils ont rapidement \u00e9t\u00e9 rejoints dans leur initiative par le Sotr\u00e9, toujours pr\u00e9sent dans ce type de manifestation, mais aussi le Kiwanis et bien s\u00fbr la Municipalit\u00e9 locale ou encore le Comit\u00e9 D\u00e9partemental de handisports repr\u00e9sent\u00e9 par son pr\u00e9sident et entraineur Eric Brulet. Et pour une premi\u00e8re, ce fut une r\u00e9ussite, le public a r\u00e9pondu pr\u00e9sent au rendez-vous. Il y avait donc des sourires sur les visages lors du pot de l&rsquo;amiti\u00e9 qui a conclu cet \u00e9v\u00e9nement, et notamment du c\u00f4t\u00e9 des deux pr\u00e9sidents de club Rachel Masson pour le handball et Michel Lavest pour l&rsquo;athl\u00e9tisme.<\/p>\n<p>Le duo qui a rappel\u00e9 aux jeunes et moins jeunes qui avaient particip\u00e9 aux activit\u00e9s mises en place \u00e0 la Halle des Sports qu&rsquo;ils \u00e9taient les acteurs de cette manifestation vou\u00e9e \u00e0 prendre de l&rsquo;ampleur. En effet, pour 2021, les organisateurs souhaiteraient \u00e9tendre ce rendez-vous \u00e0 deux jours, le tout en impliquant les scolaires du secteur de G\u00e9rardmer. On suivra \u00e7a de pr\u00e8s, mais comme l&rsquo;a rappel\u00e9 Rachel Masson, l&rsquo;union fait la force et ce d&rsquo;autant plus que la Ville sera toujours derri\u00e8re ce type d&rsquo;initiative : \u00ab\u00a0c&rsquo;est aussi comme \u00e7a que l&rsquo;on apprend \u00e0 se conna\u00eetre et \u00e0 se respecter, c&rsquo;est comme \u00e7a que l&rsquo;on grandit, avec le partage d&rsquo;une passion commune : le sport\u00a0\u00bb pr\u00e9cisera l&rsquo;adjointe aux sports Nadine Bassi\u00e8re. Quant au d\u00e9put\u00e9 Christophe Naegelen, il a lui aussi exprim\u00e9 son soutien \u00e0 cet initiative et au d\u00e9veloppement du handisport : \u00ab\u00a0C&rsquo;est quelque chose que l&rsquo;on porte au sein de l&rsquo;Assembl\u00e9e Nationale et je pense que nous avons besoin d&rsquo;\u00eatre encore plus ambitieux en mati\u00e8re de handicap et nous avons besoin de ce type de manifestation pour le faire savoir !\u00a0\u00bb A bon entendeur !<\/p>\n","protected":false},"excerpt":{"rendered":"<p>&nbsp; Athl\u00e9 Vosges\u00a0 Vall\u00e9e des Lacs &amp; de la Cleurie et l&rsquo;ASG handball avaient d\u00e9cid\u00e9 pour la premi\u00e8re fois de [&hellip;]<\/p>\n","protected":false},"author":42,"featured_media":46966,"comment_status":"open","ping_status":"open","sticky":false,"template":"","format":"standard","meta":{"footnotes":""},"categories":[20,25,12,14],"tags":[359,198],"class_list":["post-46965","post","type-post","status-publish","format-standard","has-post-thumbnail","hentry","category-a-la-une","category-gerardmer","category-sante","category-sport","tag-asg-handball","tag-athle-vosges-vallee-des-lacs"],"acf":[],"yoast_head":"<!-- This site is optimized with the Yoast SEO plugin v22.5 - https:\/\/yoast.com\/wordpress\/plugins\/seo\/ -->\n<title>Journ\u00e9e d\u00e9couverte handisports : l&#039;union fait la force ! - Gerardmer Info<\/title>\n<meta name=\"robots\" content=\"index, follow, max-snippet:-1, max-image-preview:large, max-video-preview:-1\" \/>\n<link rel=\"canonical\" href=\"https:\/\/vosgesinfo.fr\/gerardmerinfo\/2020\/03\/journee-decouverte-handisports-lunion-force\/\" \/>\n<meta name=\"twitter:card\" content=\"summary_large_image\" \/>\n<meta name=\"twitter:title\" content=\"Journ\u00e9e d\u00e9couverte handisports : l&#039;union fait la force ! - Gerardmer Info\" \/>\n<meta name=\"twitter:description\" content=\"&nbsp; Athl\u00e9 Vosges\u00a0 Vall\u00e9e des Lacs &amp; de la Cleurie et l&rsquo;ASG handball avaient d\u00e9cid\u00e9 pour la premi\u00e8re fois de [&hellip;]\" \/>\n<meta name=\"twitter:image\" content=\"https:\/\/vosgesinfo.fr\/app\/uploads\/sites\/6\/2024\/07\/202003journee-handisport-decouverte-4.jpg\" \/>\n<meta name=\"twitter:creator\" content=\"@VosgesInfo88\" \/>\n<meta name=\"twitter:site\" content=\"@VosgesInfo88\" \/>\n<meta name=\"twitter:label1\" content=\"\u00c9crit par\" \/>\n\t<meta name=\"twitter:data1\" content=\"QG\" \/>\n\t<meta name=\"twitter:label2\" content=\"Dur\u00e9e de lecture estim\u00e9e\" \/>\n\t<meta name=\"twitter:data2\" content=\"2 minutes\" \/>\n<script type=\"application\/ld+json\" class=\"yoast-schema-graph\">{\"@context\":\"https:\/\/schema.org\",\"@graph\":[{\"@type\":\"Article\",\"@id\":\"https:\/\/vosgesinfo.fr\/gerardmerinfo\/2020\/03\/journee-decouverte-handisports-lunion-force\/#article\",\"isPartOf\":{\"@id\":\"https:\/\/vosgesinfo.fr\/gerardmerinfo\/2020\/03\/journee-decouverte-handisports-lunion-force\/\"},\"author\":{\"name\":\"QG\",\"@id\":\"https:\/\/vosgesinfo.fr\/gerardmerinfo\/#\/schema\/person\/db5605779a843dad16b5368f3e7613a5\"},\"headline\":\"Journ\u00e9e d\u00e9couverte handisports : l&rsquo;union fait la force !\",\"datePublished\":\"2020-03-03T16:05:18+00:00\",\"dateModified\":\"2020-03-03T16:05:18+00:00\",\"mainEntityOfPage\":{\"@id\":\"https:\/\/vosgesinfo.fr\/gerardmerinfo\/2020\/03\/journee-decouverte-handisports-lunion-force\/\"},\"wordCount\":387,\"commentCount\":0,\"publisher\":{\"@id\":\"https:\/\/vosgesinfo.fr\/gerardmerinfo\/#organization\"},\"image\":{\"@id\":\"https:\/\/vosgesinfo.fr\/gerardmerinfo\/2020\/03\/journee-decouverte-handisports-lunion-force\/#primaryimage\"},\"thumbnailUrl\":\"https:\/\/vosgesinfo.fr\/app\/uploads\/sites\/6\/2024\/07\/202003journee-handisport-decouverte-4.jpg\",\"keywords\":[\"asg handball\",\"athl\u00e9 vosges vall\u00e9e des lacs\"],\"articleSection\":[\"A la une\",\"G\u00e9rardmer\",\"Sant\u00e9\",\"Sport\"],\"inLanguage\":\"fr-FR\",\"potentialAction\":[{\"@type\":\"CommentAction\",\"name\":\"Comment\",\"target\":[\"https:\/\/vosgesinfo.fr\/gerardmerinfo\/2020\/03\/journee-decouverte-handisports-lunion-force\/#respond\"]}]},{\"@type\":\"WebPage\",\"@id\":\"https:\/\/vosgesinfo.fr\/gerardmerinfo\/2020\/03\/journee-decouverte-handisports-lunion-force\/\",\"url\":\"https:\/\/vosgesinfo.fr\/gerardmerinfo\/2020\/03\/journee-decouverte-handisports-lunion-force\/\",\"name\":\"Journ\u00e9e d\u00e9couverte handisports : l'union fait la force ! - Gerardmer Info\",\"isPartOf\":{\"@id\":\"https:\/\/vosgesinfo.fr\/gerardmerinfo\/#website\"},\"primaryImageOfPage\":{\"@id\":\"https:\/\/vosgesinfo.fr\/gerardmerinfo\/2020\/03\/journee-decouverte-handisports-lunion-force\/#primaryimage\"},\"image\":{\"@id\":\"https:\/\/vosgesinfo.fr\/gerardmerinfo\/2020\/03\/journee-decouverte-handisports-lunion-force\/#primaryimage\"},\"thumbnailUrl\":\"https:\/\/vosgesinfo.fr\/app\/uploads\/sites\/6\/2024\/07\/202003journee-handisport-decouverte-4.jpg\",\"datePublished\":\"2020-03-03T16:05:18+00:00\",\"dateModified\":\"2020-03-03T16:05:18+00:00\",\"breadcrumb\":{\"@id\":\"https:\/\/vosgesinfo.fr\/gerardmerinfo\/2020\/03\/journee-decouverte-handisports-lunion-force\/#breadcrumb\"},\"inLanguage\":\"fr-FR\",\"potentialAction\":[{\"@type\":\"ReadAction\",\"target\":[\"https:\/\/vosgesinfo.fr\/gerardmerinfo\/2020\/03\/journee-decouverte-handisports-lunion-force\/\"]}]},{\"@type\":\"ImageObject\",\"inLanguage\":\"fr-FR\",\"@id\":\"https:\/\/vosgesinfo.fr\/gerardmerinfo\/2020\/03\/journee-decouverte-handisports-lunion-force\/#primaryimage\",\"url\":\"https:\/\/vosgesinfo.fr\/app\/uploads\/sites\/6\/2024\/07\/202003journee-handisport-decouverte-4.jpg\",\"contentUrl\":\"https:\/\/vosgesinfo.fr\/app\/uploads\/sites\/6\/2024\/07\/202003journee-handisport-decouverte-4.jpg\",\"width\":800,\"height\":600},{\"@type\":\"BreadcrumbList\",\"@id\":\"https:\/\/vosgesinfo.fr\/gerardmerinfo\/2020\/03\/journee-decouverte-handisports-lunion-force\/#breadcrumb\",\"itemListElement\":[{\"@type\":\"ListItem\",\"position\":1,\"name\":\"Home\",\"item\":\"https:\/\/vosgesinfo.fr\/gerardmerinfo\/\"},{\"@type\":\"ListItem\",\"position\":2,\"name\":\"Journ\u00e9e d\u00e9couverte handisports : l&rsquo;union fait la force !\"}]},{\"@type\":\"WebSite\",\"@id\":\"https:\/\/vosgesinfo.fr\/gerardmerinfo\/#website\",\"url\":\"https:\/\/vosgesinfo.fr\/gerardmerinfo\/\",\"name\":\"Gerardmer Info\",\"description\":\"Toute l&#039;actualit\u00e9 de G\u00e9rardmer\",\"publisher\":{\"@id\":\"https:\/\/vosgesinfo.fr\/gerardmerinfo\/#organization\"},\"alternateName\":\"Toute l'actualit\u00e9 de G\u00e9rardmer\",\"potentialAction\":[{\"@type\":\"SearchAction\",\"target\":{\"@type\":\"EntryPoint\",\"urlTemplate\":\"https:\/\/vosgesinfo.fr\/gerardmerinfo\/?s={search_term_string}\"},\"query-input\":\"required name=search_term_string\"}],\"inLanguage\":\"fr-FR\"},{\"@type\":\"Organization\",\"@id\":\"https:\/\/vosgesinfo.fr\/gerardmerinfo\/#organization\",\"name\":\"Gerardmer Info\",\"url\":\"https:\/\/vosgesinfo.fr\/gerardmerinfo\/\",\"logo\":{\"@type\":\"ImageObject\",\"inLanguage\":\"fr-FR\",\"@id\":\"https:\/\/vosgesinfo.fr\/gerardmerinfo\/#\/schema\/logo\/image\/\",\"url\":\"https:\/\/vosgesinfo.fr\/app\/uploads\/sites\/6\/2023\/08\/favicon-gerardmerinfo.png\",\"contentUrl\":\"https:\/\/vosgesinfo.fr\/app\/uploads\/sites\/6\/2023\/08\/favicon-gerardmerinfo.png\",\"width\":512,\"height\":512,\"caption\":\"Gerardmer Info\"},\"image\":{\"@id\":\"https:\/\/vosgesinfo.fr\/gerardmerinfo\/#\/schema\/logo\/image\/\"},\"sameAs\":[\"https:\/\/www.facebook.com\/profile.php?id=100049475262660\",\"https:\/\/x.com\/VosgesInfo88\",\"https:\/\/www.youtube.com\/@vosgesinfo\"]},{\"@type\":\"Person\",\"@id\":\"https:\/\/vosgesinfo.fr\/gerardmerinfo\/#\/schema\/person\/db5605779a843dad16b5368f3e7613a5\",\"name\":\"QG\",\"image\":{\"@type\":\"ImageObject\",\"inLanguage\":\"fr-FR\",\"@id\":\"https:\/\/vosgesinfo.fr\/gerardmerinfo\/#\/schema\/person\/image\/\",\"url\":\"https:\/\/secure.gravatar.com\/avatar\/ea80c42c204b534408512832fde52504ecabb9706bcb6151cf6175e5b64e6793?s=96&d=mm&r=g\",\"contentUrl\":\"https:\/\/secure.gravatar.com\/avatar\/ea80c42c204b534408512832fde52504ecabb9706bcb6151cf6175e5b64e6793?s=96&d=mm&r=g\",\"caption\":\"QG\"},\"url\":\"https:\/\/vosgesinfo.fr\/gerardmerinfo\/author\/quentin88\/\"}]}<\/script>\n<!-- \/ Yoast SEO plugin. -->","yoast_head_json":{"title":"Journ\u00e9e d\u00e9couverte handisports : l'union fait la force ! - Gerardmer Info","robots":{"index":"index","follow":"follow","max-snippet":"max-snippet:-1","max-image-preview":"max-image-preview:large","max-video-preview":"max-video-preview:-1"},"canonical":"https:\/\/vosgesinfo.fr\/gerardmerinfo\/2020\/03\/journee-decouverte-handisports-lunion-force\/","twitter_card":"summary_large_image","twitter_title":"Journ\u00e9e d\u00e9couverte handisports : l'union fait la force ! - Gerardmer Info","twitter_description":"&nbsp; Athl\u00e9 Vosges\u00a0 Vall\u00e9e des Lacs &amp; de la Cleurie et l&rsquo;ASG handball avaient d\u00e9cid\u00e9 pour la premi\u00e8re fois de [&hellip;]","twitter_image":"https:\/\/vosgesinfo.fr\/app\/uploads\/sites\/6\/2024\/07\/202003journee-handisport-decouverte-4.jpg","twitter_creator":"@VosgesInfo88","twitter_site":"@VosgesInfo88","twitter_misc":{"\u00c9crit par":"QG","Dur\u00e9e de lecture estim\u00e9e":"2 minutes"},"schema":{"@context":"https:\/\/schema.org","@graph":[{"@type":"Article","@id":"https:\/\/vosgesinfo.fr\/gerardmerinfo\/2020\/03\/journee-decouverte-handisports-lunion-force\/#article","isPartOf":{"@id":"https:\/\/vosgesinfo.fr\/gerardmerinfo\/2020\/03\/journee-decouverte-handisports-lunion-force\/"},"author":{"name":"QG","@id":"https:\/\/vosgesinfo.fr\/gerardmerinfo\/#\/schema\/person\/db5605779a843dad16b5368f3e7613a5"},"headline":"Journ\u00e9e d\u00e9couverte handisports : l&rsquo;union fait la force !","datePublished":"2020-03-03T16:05:18+00:00","dateModified":"2020-03-03T16:05:18+00:00","mainEntityOfPage":{"@id":"https:\/\/vosgesinfo.fr\/gerardmerinfo\/2020\/03\/journee-decouverte-handisports-lunion-force\/"},"wordCount":387,"commentCount":0,"publisher":{"@id":"https:\/\/vosgesinfo.fr\/gerardmerinfo\/#organization"},"image":{"@id":"https:\/\/vosgesinfo.fr\/gerardmerinfo\/2020\/03\/journee-decouverte-handisports-lunion-force\/#primaryimage"},"thumbnailUrl":"https:\/\/vosgesinfo.fr\/app\/uploads\/sites\/6\/2024\/07\/202003journee-handisport-decouverte-4.jpg","keywords":["asg handball","athl\u00e9 vosges vall\u00e9e des lacs"],"articleSection":["A la une","G\u00e9rardmer","Sant\u00e9","Sport"],"inLanguage":"fr-FR","potentialAction":[{"@type":"CommentAction","name":"Comment","target":["https:\/\/vosgesinfo.fr\/gerardmerinfo\/2020\/03\/journee-decouverte-handisports-lunion-force\/#respond"]}]},{"@type":"WebPage","@id":"https:\/\/vosgesinfo.fr\/gerardmerinfo\/2020\/03\/journee-decouverte-handisports-lunion-force\/","url":"https:\/\/vosgesinfo.fr\/gerardmerinfo\/2020\/03\/journee-decouverte-handisports-lunion-force\/","name":"Journ\u00e9e d\u00e9couverte handisports : l'union fait la force ! - Gerardmer Info","isPartOf":{"@id":"https:\/\/vosgesinfo.fr\/gerardmerinfo\/#website"},"primaryImageOfPage":{"@id":"https:\/\/vosgesinfo.fr\/gerardmerinfo\/2020\/03\/journee-decouverte-handisports-lunion-force\/#primaryimage"},"image":{"@id":"https:\/\/vosgesinfo.fr\/gerardmerinfo\/2020\/03\/journee-decouverte-handisports-lunion-force\/#primaryimage"},"thumbnailUrl":"https:\/\/vosgesinfo.fr\/app\/uploads\/sites\/6\/2024\/07\/202003journee-handisport-decouverte-4.jpg","datePublished":"2020-03-03T16:05:18+00:00","dateModified":"2020-03-03T16:05:18+00:00","breadcrumb":{"@id":"https:\/\/vosgesinfo.fr\/gerardmerinfo\/2020\/03\/journee-decouverte-handisports-lunion-force\/#breadcrumb"},"inLanguage":"fr-FR","potentialAction":[{"@type":"ReadAction","target":["https:\/\/vosgesinfo.fr\/gerardmerinfo\/2020\/03\/journee-decouverte-handisports-lunion-force\/"]}]},{"@type":"ImageObject","inLanguage":"fr-FR","@id":"https:\/\/vosgesinfo.fr\/gerardmerinfo\/2020\/03\/journee-decouverte-handisports-lunion-force\/#primaryimage","url":"https:\/\/vosgesinfo.fr\/app\/uploads\/sites\/6\/2024\/07\/202003journee-handisport-decouverte-4.jpg","contentUrl":"https:\/\/vosgesinfo.fr\/app\/uploads\/sites\/6\/2024\/07\/202003journee-handisport-decouverte-4.jpg","width":800,"height":600},{"@type":"BreadcrumbList","@id":"https:\/\/vosgesinfo.fr\/gerardmerinfo\/2020\/03\/journee-decouverte-handisports-lunion-force\/#breadcrumb","itemListElement":[{"@type":"ListItem","position":1,"name":"Home","item":"https:\/\/vosgesinfo.fr\/gerardmerinfo\/"},{"@type":"ListItem","position":2,"name":"Journ\u00e9e d\u00e9couverte handisports : l&rsquo;union fait la force !"}]},{"@type":"WebSite","@id":"https:\/\/vosgesinfo.fr\/gerardmerinfo\/#website","url":"https:\/\/vosgesinfo.fr\/gerardmerinfo\/","name":"Gerardmer Info","description":"Toute l&#039;actualit\u00e9 de G\u00e9rardmer","publisher":{"@id":"https:\/\/vosgesinfo.fr\/gerardmerinfo\/#organization"},"alternateName":"Toute l'actualit\u00e9 de G\u00e9rardmer","potentialAction":[{"@type":"SearchAction","target":{"@type":"EntryPoint","urlTemplate":"https:\/\/vosgesinfo.fr\/gerardmerinfo\/?s={search_term_string}"},"query-input":"required name=search_term_string"}],"inLanguage":"fr-FR"},{"@type":"Organization","@id":"https:\/\/vosgesinfo.fr\/gerardmerinfo\/#organization","name":"Gerardmer Info","url":"https:\/\/vosgesinfo.fr\/gerardmerinfo\/","logo":{"@type":"ImageObject","inLanguage":"fr-FR","@id":"https:\/\/vosgesinfo.fr\/gerardmerinfo\/#\/schema\/logo\/image\/","url":"https:\/\/vosgesinfo.fr\/app\/uploads\/sites\/6\/2023\/08\/favicon-gerardmerinfo.png","contentUrl":"https:\/\/vosgesinfo.fr\/app\/uploads\/sites\/6\/2023\/08\/favicon-gerardmerinfo.png","width":512,"height":512,"caption":"Gerardmer Info"},"image":{"@id":"https:\/\/vosgesinfo.fr\/gerardmerinfo\/#\/schema\/logo\/image\/"},"sameAs":["https:\/\/www.facebook.com\/profile.php?id=100049475262660","https:\/\/x.com\/VosgesInfo88","https:\/\/www.youtube.com\/@vosgesinfo"]},{"@type":"Person","@id":"https:\/\/vosgesinfo.fr\/gerardmerinfo\/#\/schema\/person\/db5605779a843dad16b5368f3e7613a5","name":"QG","image":{"@type":"ImageObject","inLanguage":"fr-FR","@id":"https:\/\/vosgesinfo.fr\/gerardmerinfo\/#\/schema\/person\/image\/","url":"https:\/\/secure.gravatar.com\/avatar\/ea80c42c204b534408512832fde52504ecabb9706bcb6151cf6175e5b64e6793?s=96&d=mm&r=g","contentUrl":"https:\/\/secure.gravatar.com\/avatar\/ea80c42c204b534408512832fde52504ecabb9706bcb6151cf6175e5b64e6793?s=96&d=mm&r=g","caption":"QG"},"url":"https:\/\/vosgesinfo.fr\/gerardmerinfo\/author\/quentin88\/"}]}},"_links":{"self":[{"href":"https:\/\/vosgesinfo.fr\/gerardmerinfo\/wp-json\/wp\/v2\/posts\/46965","targetHints":{"allow":["GET"]}}],"collection":[{"href":"https:\/\/vosgesinfo.fr\/gerardmerinfo\/wp-json\/wp\/v2\/posts"}],"about":[{"href":"https:\/\/vosgesinfo.fr\/gerardmerinfo\/wp-json\/wp\/v2\/types\/post"}],"author":[{"embeddable":true,"href":"https:\/\/vosgesinfo.fr\/gerardmerinfo\/wp-json\/wp\/v2\/users\/42"}],"replies":[{"embeddable":true,"href":"https:\/\/vosgesinfo.fr\/gerardmerinfo\/wp-json\/wp\/v2\/comments?post=46965"}],"version-history":[{"count":0,"href":"https:\/\/vosgesinfo.fr\/gerardmerinfo\/wp-json\/wp\/v2\/posts\/46965\/revisions"}],"wp:featuredmedia":[{"embeddable":true,"href":"https:\/\/vosgesinfo.fr\/gerardmerinfo\/wp-json\/wp\/v2\/media\/46966"}],"wp:attachment":[{"href":"https:\/\/vosgesinfo.fr\/gerardmerinfo\/wp-json\/wp\/v2\/media?parent=46965"}],"wp:term":[{"taxonomy":"category","embeddable":true,"href":"https:\/\/vosgesinfo.fr\/gerardmerinfo\/wp-json\/wp\/v2\/categories?post=46965"},{"taxonomy":"post_tag","embeddable":true,"href":"https:\/\/vosgesinfo.fr\/gerardmerinfo\/wp-json\/wp\/v2\/tags?post=46965"}],"curies":[{"name":"wp","href":"https:\/\/api.w.org\/{rel}","templated":true}]}}