{"id":46968,"date":"2020-03-02T18:27:46","date_gmt":"2020-03-02T17:27:46","guid":{"rendered":"https:\/\/vosgesinfo.fr\/gerardmerinfo\/2020\/03\/coronavirus-grand-7-cas-confirmes\/"},"modified":"2020-03-02T18:27:46","modified_gmt":"2020-03-02T17:27:46","slug":"coronavirus-grand-7-cas-confirmes","status":"publish","type":"post","link":"https:\/\/vosgesinfo.fr\/gerardmerinfo\/2020\/03\/coronavirus-grand-7-cas-confirmes\/","title":{"rendered":"Coronavirus dans le Grand Est : 7 cas confirm\u00e9s"},"content":{"rendered":"<h2><span style=\"font-size: 14pt;\"><a href=\"https:\/\/gerardmerinfo.fr\/2020\/03\/coronavirus-grand-7-cas-confirmes\/virus-4030721_1920-800x270-3\/\" rel=\"attachment wp-att-160368\"><img decoding=\"async\" class=\"aligncenter size-full wp-image-160368\" src=\"\/2020\/03\/virus-4030721_1920-800x2701.jpg\" alt=\"virus-4030721_1920-800x270\" width=\"800\" height=\"270\" \/><\/a>L\u2019Agence R\u00e9gionale de Sant\u00e9 (ARS) Grand Est confirme, en ce jour, 6 nouveaux cas confirm\u00e9s de Coronavirus. Cela porte le nombre \u00e0 7 cas confirm\u00e9s en Grand Est depuis le d\u00e9but de l\u2019\u00e9pid\u00e9mie.<br \/>\n<\/span><\/h2>\n<p>Le 1er et le 2e cas concernent un homme et sa compagne du Bas-Rhin Le premier cas confirm\u00e9 concerne un habitant du Bas-Rhin, \u00e2g\u00e9 de 36 ans, de retour d\u2019un s\u00e9jour en Lombardie (Italie), r\u00e9gion o\u00f9 circule activement le virus actuellement.<\/p>\n<p>Il avait \u00e9t\u00e9 signal\u00e9 positif le mercredi 26 f\u00e9vrier et est depuis hospitalis\u00e9 au CHU de Strasbourg. La compagne du patient, \u00e2g\u00e9e de 32 ans, a \u00e9galement \u00e9t\u00e9 prise en charge au CHU de Strasbourg, samedi 29 f\u00e9vrier dans l\u2019apr\u00e8s-midi, apr\u00e8s confirmation biologique de la pr\u00e9sence du virus Covid 19. L\u2019\u00e9tat de sant\u00e9 de la patiente, comme celui de son compagnon, n\u2019inspire aucune inqui\u00e9tude.<\/p>\n<p>\u00c9tant la compagne du 1er cas confirm\u00e9, sur les conseils des m\u00e9decins de l\u2019ARS et de Sant\u00e9 publique France, la patiente \u00e9tait d\u00e9j\u00e0 confin\u00e9e \u00e0 son domicile depuis plusieurs jours, ce qui a permis de r\u00e9duire les risques de propagation du virus. Les autres personnes ayant \u00e9t\u00e9 en contact avec le premier cas font l\u2019objet d\u2019un suivi quotidien et sont en bonne sant\u00e9.<\/p>\n<h3>Les cas 3, 4 et 5 concernent une famille du Haut-Rhin<\/h3>\n<p>Il s\u2019agit d\u2019une femme, \u00e2g\u00e9e de 27 ans et de ses deux enfants (1 et 5 ans), originaires du Haut-Rhin. Ils sont actuellement hospitalis\u00e9s au CHU de Strasbourg. Leur \u00e9tat de sant\u00e9 n\u2019inspire \u00e9galement pas d\u2019inqui\u00e9tude. Les personnes ayant \u00e9t\u00e9 en contact avec ces cas ont \u00e9t\u00e9 identifi\u00e9s par l\u2019ARS et Sant\u00e9 publique France et font l\u2019objet d\u2019un suivi quotidien.<\/p>\n<h3>Les cas 6 et 7 concernent une famille originaire de l\u2019Aisne (Hauts-de-France)<\/h3>\n<p>Il s\u2019agit d\u2019un p\u00e8re, \u00e2g\u00e9 de 50 ans et de son fils (23 ans), originaires de l\u2019Aisne. Ils sont actuellement hospitalis\u00e9s au CHRU de Nancy. L\u2019\u00e9tat de sant\u00e9 du p\u00e8re est pr\u00e9occupant mais stable, contrairement \u00e0 celui du fils qui n\u2019inspire aucune inqui\u00e9tude. Pendant les prochains jours, ces patients demeureront hospitalis\u00e9s en isolement dans les 2 \u00e9tablissements de r\u00e9f\u00e9rence, que sont le CHU de Strasbourg et le CHU de Nancy, pour b\u00e9n\u00e9ficier, d\u2019une surveillance et d\u2019un traitement m\u00e9dical.<\/p>\n<h3>La recherche des sujets contacts proches avec les patients<\/h3>\n<p>De la m\u00eame mani\u00e8re que pour le 1er cas confirm\u00e9, l\u2019ARS, en lien avec Sant\u00e9 publique France, \u00e9tablit la liste des personnes avec qui les patients ont eu des contacts \u00e9troits depuis l\u2019apparition de leurs sympt\u00f4mes. En fonction de la dur\u00e9e et du degr\u00e9 de proximit\u00e9 avec la personne infect\u00e9e, les \u00ab cas contacts \u00bb sont cat\u00e9goris\u00e9s et suivent un protocole d\u00e9fini par Sant\u00e9 Publique France.<\/p>\n<p>Si le risque est \u00ab mod\u00e9r\u00e9\/\u00e9lev\u00e9 \u00bb, les personnes seront mises \u00e0 l\u2019isolement \u00e0 leur domicile durant une p\u00e9riode de 14 jours et contact\u00e9e deux fois par jour par l\u2019ARS pour recueil de leur temp\u00e9rature. Les autorit\u00e9s sanitaires sont pr\u00e9par\u00e9es et pleinement mobilis\u00e9es pour assurer la d\u00e9tection et la prise en charge des cas de coronavirus et de leurs contacts afin d\u2019\u00e9viter sa propagation.<\/p>\n","protected":false},"excerpt":{"rendered":"<p>L\u2019Agence R\u00e9gionale de Sant\u00e9 (ARS) Grand Est confirme, en ce jour, 6 nouveaux cas confirm\u00e9s de Coronavirus. Cela porte le [&hellip;]<\/p>\n","protected":false},"author":1,"featured_media":46969,"comment_status":"open","ping_status":"open","sticky":false,"template":"","format":"standard","meta":{"footnotes":""},"categories":[20,12,18],"tags":[],"class_list":["post-46968","post","type-post","status-publish","format-standard","has-post-thumbnail","hentry","category-a-la-une","category-sante","category-vosges"],"acf":[],"yoast_head":"<!-- This site is optimized with the Yoast SEO plugin v22.5 - https:\/\/yoast.com\/wordpress\/plugins\/seo\/ -->\n<title>Coronavirus dans le Grand Est : 7 cas confirm\u00e9s - Gerardmer Info<\/title>\n<meta name=\"robots\" content=\"index, follow, max-snippet:-1, max-image-preview:large, max-video-preview:-1\" \/>\n<link rel=\"canonical\" href=\"https:\/\/vosgesinfo.fr\/gerardmerinfo\/2020\/03\/coronavirus-grand-7-cas-confirmes\/\" \/>\n<meta name=\"twitter:card\" content=\"summary_large_image\" \/>\n<meta name=\"twitter:title\" content=\"Coronavirus dans le Grand Est : 7 cas confirm\u00e9s - Gerardmer Info\" \/>\n<meta name=\"twitter:description\" content=\"L\u2019Agence R\u00e9gionale de Sant\u00e9 (ARS) Grand Est confirme, en ce jour, 6 nouveaux cas confirm\u00e9s de Coronavirus. Cela porte le [&hellip;]\" \/>\n<meta name=\"twitter:image\" content=\"https:\/\/vosgesinfo.fr\/app\/uploads\/sites\/6\/2024\/07\/202003virus-4030721-1920-800x2701-1.jpg\" \/>\n<meta name=\"twitter:creator\" content=\"@VosgesInfo88\" \/>\n<meta name=\"twitter:site\" content=\"@VosgesInfo88\" \/>\n<meta name=\"twitter:label1\" content=\"\u00c9crit par\" \/>\n\t<meta name=\"twitter:data1\" content=\"qs_admin\" \/>\n\t<meta name=\"twitter:label2\" content=\"Dur\u00e9e de lecture estim\u00e9e\" \/>\n\t<meta name=\"twitter:data2\" content=\"3 minutes\" \/>\n<script type=\"application\/ld+json\" class=\"yoast-schema-graph\">{\"@context\":\"https:\/\/schema.org\",\"@graph\":[{\"@type\":\"Article\",\"@id\":\"https:\/\/vosgesinfo.fr\/gerardmerinfo\/2020\/03\/coronavirus-grand-7-cas-confirmes\/#article\",\"isPartOf\":{\"@id\":\"https:\/\/vosgesinfo.fr\/gerardmerinfo\/2020\/03\/coronavirus-grand-7-cas-confirmes\/\"},\"author\":{\"name\":\"qs_admin\",\"@id\":\"https:\/\/vosgesinfo.fr\/gerardmerinfo\/#\/schema\/person\/bc5d02d71e6932e81b6dadb7386667b1\"},\"headline\":\"Coronavirus dans le Grand Est : 7 cas confirm\u00e9s\",\"datePublished\":\"2020-03-02T17:27:46+00:00\",\"dateModified\":\"2020-03-02T17:27:46+00:00\",\"mainEntityOfPage\":{\"@id\":\"https:\/\/vosgesinfo.fr\/gerardmerinfo\/2020\/03\/coronavirus-grand-7-cas-confirmes\/\"},\"wordCount\":561,\"commentCount\":0,\"publisher\":{\"@id\":\"https:\/\/vosgesinfo.fr\/gerardmerinfo\/#organization\"},\"image\":{\"@id\":\"https:\/\/vosgesinfo.fr\/gerardmerinfo\/2020\/03\/coronavirus-grand-7-cas-confirmes\/#primaryimage\"},\"thumbnailUrl\":\"https:\/\/vosgesinfo.fr\/app\/uploads\/sites\/6\/2024\/07\/202003virus-4030721-1920-800x2701-1.jpg\",\"articleSection\":[\"A la une\",\"Sant\u00e9\",\"Vosges\"],\"inLanguage\":\"fr-FR\",\"potentialAction\":[{\"@type\":\"CommentAction\",\"name\":\"Comment\",\"target\":[\"https:\/\/vosgesinfo.fr\/gerardmerinfo\/2020\/03\/coronavirus-grand-7-cas-confirmes\/#respond\"]}]},{\"@type\":\"WebPage\",\"@id\":\"https:\/\/vosgesinfo.fr\/gerardmerinfo\/2020\/03\/coronavirus-grand-7-cas-confirmes\/\",\"url\":\"https:\/\/vosgesinfo.fr\/gerardmerinfo\/2020\/03\/coronavirus-grand-7-cas-confirmes\/\",\"name\":\"Coronavirus dans le Grand Est : 7 cas confirm\u00e9s - Gerardmer Info\",\"isPartOf\":{\"@id\":\"https:\/\/vosgesinfo.fr\/gerardmerinfo\/#website\"},\"primaryImageOfPage\":{\"@id\":\"https:\/\/vosgesinfo.fr\/gerardmerinfo\/2020\/03\/coronavirus-grand-7-cas-confirmes\/#primaryimage\"},\"image\":{\"@id\":\"https:\/\/vosgesinfo.fr\/gerardmerinfo\/2020\/03\/coronavirus-grand-7-cas-confirmes\/#primaryimage\"},\"thumbnailUrl\":\"https:\/\/vosgesinfo.fr\/app\/uploads\/sites\/6\/2024\/07\/202003virus-4030721-1920-800x2701-1.jpg\",\"datePublished\":\"2020-03-02T17:27:46+00:00\",\"dateModified\":\"2020-03-02T17:27:46+00:00\",\"breadcrumb\":{\"@id\":\"https:\/\/vosgesinfo.fr\/gerardmerinfo\/2020\/03\/coronavirus-grand-7-cas-confirmes\/#breadcrumb\"},\"inLanguage\":\"fr-FR\",\"potentialAction\":[{\"@type\":\"ReadAction\",\"target\":[\"https:\/\/vosgesinfo.fr\/gerardmerinfo\/2020\/03\/coronavirus-grand-7-cas-confirmes\/\"]}]},{\"@type\":\"ImageObject\",\"inLanguage\":\"fr-FR\",\"@id\":\"https:\/\/vosgesinfo.fr\/gerardmerinfo\/2020\/03\/coronavirus-grand-7-cas-confirmes\/#primaryimage\",\"url\":\"https:\/\/vosgesinfo.fr\/app\/uploads\/sites\/6\/2024\/07\/202003virus-4030721-1920-800x2701-1.jpg\",\"contentUrl\":\"https:\/\/vosgesinfo.fr\/app\/uploads\/sites\/6\/2024\/07\/202003virus-4030721-1920-800x2701-1.jpg\",\"width\":800,\"height\":270},{\"@type\":\"BreadcrumbList\",\"@id\":\"https:\/\/vosgesinfo.fr\/gerardmerinfo\/2020\/03\/coronavirus-grand-7-cas-confirmes\/#breadcrumb\",\"itemListElement\":[{\"@type\":\"ListItem\",\"position\":1,\"name\":\"Home\",\"item\":\"https:\/\/vosgesinfo.fr\/gerardmerinfo\/\"},{\"@type\":\"ListItem\",\"position\":2,\"name\":\"Coronavirus dans le Grand Est : 7 cas confirm\u00e9s\"}]},{\"@type\":\"WebSite\",\"@id\":\"https:\/\/vosgesinfo.fr\/gerardmerinfo\/#website\",\"url\":\"https:\/\/vosgesinfo.fr\/gerardmerinfo\/\",\"name\":\"Gerardmer Info\",\"description\":\"Toute l&#039;actualit\u00e9 de G\u00e9rardmer\",\"publisher\":{\"@id\":\"https:\/\/vosgesinfo.fr\/gerardmerinfo\/#organization\"},\"alternateName\":\"Toute l'actualit\u00e9 de G\u00e9rardmer\",\"potentialAction\":[{\"@type\":\"SearchAction\",\"target\":{\"@type\":\"EntryPoint\",\"urlTemplate\":\"https:\/\/vosgesinfo.fr\/gerardmerinfo\/?s={search_term_string}\"},\"query-input\":\"required name=search_term_string\"}],\"inLanguage\":\"fr-FR\"},{\"@type\":\"Organization\",\"@id\":\"https:\/\/vosgesinfo.fr\/gerardmerinfo\/#organization\",\"name\":\"Gerardmer Info\",\"url\":\"https:\/\/vosgesinfo.fr\/gerardmerinfo\/\",\"logo\":{\"@type\":\"ImageObject\",\"inLanguage\":\"fr-FR\",\"@id\":\"https:\/\/vosgesinfo.fr\/gerardmerinfo\/#\/schema\/logo\/image\/\",\"url\":\"https:\/\/vosgesinfo.fr\/app\/uploads\/sites\/6\/2023\/08\/favicon-gerardmerinfo.png\",\"contentUrl\":\"https:\/\/vosgesinfo.fr\/app\/uploads\/sites\/6\/2023\/08\/favicon-gerardmerinfo.png\",\"width\":512,\"height\":512,\"caption\":\"Gerardmer Info\"},\"image\":{\"@id\":\"https:\/\/vosgesinfo.fr\/gerardmerinfo\/#\/schema\/logo\/image\/\"},\"sameAs\":[\"https:\/\/www.facebook.com\/profile.php?id=100049475262660\",\"https:\/\/x.com\/VosgesInfo88\",\"https:\/\/www.youtube.com\/@vosgesinfo\"]},{\"@type\":\"Person\",\"@id\":\"https:\/\/vosgesinfo.fr\/gerardmerinfo\/#\/schema\/person\/bc5d02d71e6932e81b6dadb7386667b1\",\"name\":\"qs_admin\",\"image\":{\"@type\":\"ImageObject\",\"inLanguage\":\"fr-FR\",\"@id\":\"https:\/\/vosgesinfo.fr\/gerardmerinfo\/#\/schema\/person\/image\/\",\"url\":\"https:\/\/secure.gravatar.com\/avatar\/94b18ee0ed79e4a42ea2f2931277b6841a8999fc6fde214600c78057cf1fe1de?s=96&d=mm&r=g\",\"contentUrl\":\"https:\/\/secure.gravatar.com\/avatar\/94b18ee0ed79e4a42ea2f2931277b6841a8999fc6fde214600c78057cf1fe1de?s=96&d=mm&r=g\",\"caption\":\"qs_admin\"},\"sameAs\":[\"https:\/\/vosgesinfo.fr\/wp\"],\"url\":\"https:\/\/vosgesinfo.fr\/gerardmerinfo\/author\/qs_admin\/\"}]}<\/script>\n<!-- \/ Yoast SEO plugin. -->","yoast_head_json":{"title":"Coronavirus dans le Grand Est : 7 cas confirm\u00e9s - Gerardmer Info","robots":{"index":"index","follow":"follow","max-snippet":"max-snippet:-1","max-image-preview":"max-image-preview:large","max-video-preview":"max-video-preview:-1"},"canonical":"https:\/\/vosgesinfo.fr\/gerardmerinfo\/2020\/03\/coronavirus-grand-7-cas-confirmes\/","twitter_card":"summary_large_image","twitter_title":"Coronavirus dans le Grand Est : 7 cas confirm\u00e9s - Gerardmer Info","twitter_description":"L\u2019Agence R\u00e9gionale de Sant\u00e9 (ARS) Grand Est confirme, en ce jour, 6 nouveaux cas confirm\u00e9s de Coronavirus. Cela porte le [&hellip;]","twitter_image":"https:\/\/vosgesinfo.fr\/app\/uploads\/sites\/6\/2024\/07\/202003virus-4030721-1920-800x2701-1.jpg","twitter_creator":"@VosgesInfo88","twitter_site":"@VosgesInfo88","twitter_misc":{"\u00c9crit par":"qs_admin","Dur\u00e9e de lecture estim\u00e9e":"3 minutes"},"schema":{"@context":"https:\/\/schema.org","@graph":[{"@type":"Article","@id":"https:\/\/vosgesinfo.fr\/gerardmerinfo\/2020\/03\/coronavirus-grand-7-cas-confirmes\/#article","isPartOf":{"@id":"https:\/\/vosgesinfo.fr\/gerardmerinfo\/2020\/03\/coronavirus-grand-7-cas-confirmes\/"},"author":{"name":"qs_admin","@id":"https:\/\/vosgesinfo.fr\/gerardmerinfo\/#\/schema\/person\/bc5d02d71e6932e81b6dadb7386667b1"},"headline":"Coronavirus dans le Grand Est : 7 cas confirm\u00e9s","datePublished":"2020-03-02T17:27:46+00:00","dateModified":"2020-03-02T17:27:46+00:00","mainEntityOfPage":{"@id":"https:\/\/vosgesinfo.fr\/gerardmerinfo\/2020\/03\/coronavirus-grand-7-cas-confirmes\/"},"wordCount":561,"commentCount":0,"publisher":{"@id":"https:\/\/vosgesinfo.fr\/gerardmerinfo\/#organization"},"image":{"@id":"https:\/\/vosgesinfo.fr\/gerardmerinfo\/2020\/03\/coronavirus-grand-7-cas-confirmes\/#primaryimage"},"thumbnailUrl":"https:\/\/vosgesinfo.fr\/app\/uploads\/sites\/6\/2024\/07\/202003virus-4030721-1920-800x2701-1.jpg","articleSection":["A la une","Sant\u00e9","Vosges"],"inLanguage":"fr-FR","potentialAction":[{"@type":"CommentAction","name":"Comment","target":["https:\/\/vosgesinfo.fr\/gerardmerinfo\/2020\/03\/coronavirus-grand-7-cas-confirmes\/#respond"]}]},{"@type":"WebPage","@id":"https:\/\/vosgesinfo.fr\/gerardmerinfo\/2020\/03\/coronavirus-grand-7-cas-confirmes\/","url":"https:\/\/vosgesinfo.fr\/gerardmerinfo\/2020\/03\/coronavirus-grand-7-cas-confirmes\/","name":"Coronavirus dans le Grand Est : 7 cas confirm\u00e9s - Gerardmer Info","isPartOf":{"@id":"https:\/\/vosgesinfo.fr\/gerardmerinfo\/#website"},"primaryImageOfPage":{"@id":"https:\/\/vosgesinfo.fr\/gerardmerinfo\/2020\/03\/coronavirus-grand-7-cas-confirmes\/#primaryimage"},"image":{"@id":"https:\/\/vosgesinfo.fr\/gerardmerinfo\/2020\/03\/coronavirus-grand-7-cas-confirmes\/#primaryimage"},"thumbnailUrl":"https:\/\/vosgesinfo.fr\/app\/uploads\/sites\/6\/2024\/07\/202003virus-4030721-1920-800x2701-1.jpg","datePublished":"2020-03-02T17:27:46+00:00","dateModified":"2020-03-02T17:27:46+00:00","breadcrumb":{"@id":"https:\/\/vosgesinfo.fr\/gerardmerinfo\/2020\/03\/coronavirus-grand-7-cas-confirmes\/#breadcrumb"},"inLanguage":"fr-FR","potentialAction":[{"@type":"ReadAction","target":["https:\/\/vosgesinfo.fr\/gerardmerinfo\/2020\/03\/coronavirus-grand-7-cas-confirmes\/"]}]},{"@type":"ImageObject","inLanguage":"fr-FR","@id":"https:\/\/vosgesinfo.fr\/gerardmerinfo\/2020\/03\/coronavirus-grand-7-cas-confirmes\/#primaryimage","url":"https:\/\/vosgesinfo.fr\/app\/uploads\/sites\/6\/2024\/07\/202003virus-4030721-1920-800x2701-1.jpg","contentUrl":"https:\/\/vosgesinfo.fr\/app\/uploads\/sites\/6\/2024\/07\/202003virus-4030721-1920-800x2701-1.jpg","width":800,"height":270},{"@type":"BreadcrumbList","@id":"https:\/\/vosgesinfo.fr\/gerardmerinfo\/2020\/03\/coronavirus-grand-7-cas-confirmes\/#breadcrumb","itemListElement":[{"@type":"ListItem","position":1,"name":"Home","item":"https:\/\/vosgesinfo.fr\/gerardmerinfo\/"},{"@type":"ListItem","position":2,"name":"Coronavirus dans le Grand Est : 7 cas confirm\u00e9s"}]},{"@type":"WebSite","@id":"https:\/\/vosgesinfo.fr\/gerardmerinfo\/#website","url":"https:\/\/vosgesinfo.fr\/gerardmerinfo\/","name":"Gerardmer Info","description":"Toute l&#039;actualit\u00e9 de G\u00e9rardmer","publisher":{"@id":"https:\/\/vosgesinfo.fr\/gerardmerinfo\/#organization"},"alternateName":"Toute l'actualit\u00e9 de G\u00e9rardmer","potentialAction":[{"@type":"SearchAction","target":{"@type":"EntryPoint","urlTemplate":"https:\/\/vosgesinfo.fr\/gerardmerinfo\/?s={search_term_string}"},"query-input":"required name=search_term_string"}],"inLanguage":"fr-FR"},{"@type":"Organization","@id":"https:\/\/vosgesinfo.fr\/gerardmerinfo\/#organization","name":"Gerardmer Info","url":"https:\/\/vosgesinfo.fr\/gerardmerinfo\/","logo":{"@type":"ImageObject","inLanguage":"fr-FR","@id":"https:\/\/vosgesinfo.fr\/gerardmerinfo\/#\/schema\/logo\/image\/","url":"https:\/\/vosgesinfo.fr\/app\/uploads\/sites\/6\/2023\/08\/favicon-gerardmerinfo.png","contentUrl":"https:\/\/vosgesinfo.fr\/app\/uploads\/sites\/6\/2023\/08\/favicon-gerardmerinfo.png","width":512,"height":512,"caption":"Gerardmer Info"},"image":{"@id":"https:\/\/vosgesinfo.fr\/gerardmerinfo\/#\/schema\/logo\/image\/"},"sameAs":["https:\/\/www.facebook.com\/profile.php?id=100049475262660","https:\/\/x.com\/VosgesInfo88","https:\/\/www.youtube.com\/@vosgesinfo"]},{"@type":"Person","@id":"https:\/\/vosgesinfo.fr\/gerardmerinfo\/#\/schema\/person\/bc5d02d71e6932e81b6dadb7386667b1","name":"qs_admin","image":{"@type":"ImageObject","inLanguage":"fr-FR","@id":"https:\/\/vosgesinfo.fr\/gerardmerinfo\/#\/schema\/person\/image\/","url":"https:\/\/secure.gravatar.com\/avatar\/94b18ee0ed79e4a42ea2f2931277b6841a8999fc6fde214600c78057cf1fe1de?s=96&d=mm&r=g","contentUrl":"https:\/\/secure.gravatar.com\/avatar\/94b18ee0ed79e4a42ea2f2931277b6841a8999fc6fde214600c78057cf1fe1de?s=96&d=mm&r=g","caption":"qs_admin"},"sameAs":["https:\/\/vosgesinfo.fr\/wp"],"url":"https:\/\/vosgesinfo.fr\/gerardmerinfo\/author\/qs_admin\/"}]}},"_links":{"self":[{"href":"https:\/\/vosgesinfo.fr\/gerardmerinfo\/wp-json\/wp\/v2\/posts\/46968","targetHints":{"allow":["GET"]}}],"collection":[{"href":"https:\/\/vosgesinfo.fr\/gerardmerinfo\/wp-json\/wp\/v2\/posts"}],"about":[{"href":"https:\/\/vosgesinfo.fr\/gerardmerinfo\/wp-json\/wp\/v2\/types\/post"}],"author":[{"embeddable":true,"href":"https:\/\/vosgesinfo.fr\/gerardmerinfo\/wp-json\/wp\/v2\/users\/1"}],"replies":[{"embeddable":true,"href":"https:\/\/vosgesinfo.fr\/gerardmerinfo\/wp-json\/wp\/v2\/comments?post=46968"}],"version-history":[{"count":0,"href":"https:\/\/vosgesinfo.fr\/gerardmerinfo\/wp-json\/wp\/v2\/posts\/46968\/revisions"}],"wp:featuredmedia":[{"embeddable":true,"href":"https:\/\/vosgesinfo.fr\/gerardmerinfo\/wp-json\/wp\/v2\/media\/46969"}],"wp:attachment":[{"href":"https:\/\/vosgesinfo.fr\/gerardmerinfo\/wp-json\/wp\/v2\/media?parent=46968"}],"wp:term":[{"taxonomy":"category","embeddable":true,"href":"https:\/\/vosgesinfo.fr\/gerardmerinfo\/wp-json\/wp\/v2\/categories?post=46968"},{"taxonomy":"post_tag","embeddable":true,"href":"https:\/\/vosgesinfo.fr\/gerardmerinfo\/wp-json\/wp\/v2\/tags?post=46968"}],"curies":[{"name":"wp","href":"https:\/\/api.w.org\/{rel}","templated":true}]}}