{"id":46970,"date":"2020-03-03T08:14:56","date_gmt":"2020-03-03T07:14:56","guid":{"rendered":"https:\/\/vosgesinfo.fr\/gerardmerinfo\/2020\/03\/elections-municipales-engagements-programme-de-liste-gerardmer-ville\/"},"modified":"2020-03-03T08:14:56","modified_gmt":"2020-03-03T07:14:56","slug":"elections-municipales-engagements-programme-de-liste-gerardmer-ville","status":"publish","type":"post","link":"https:\/\/vosgesinfo.fr\/gerardmerinfo\/2020\/03\/elections-municipales-engagements-programme-de-liste-gerardmer-ville\/","title":{"rendered":"\u00c9lections municipales &#8211; les engagements, le programme de la liste \u00ab\u00a0G\u00e9rardmer Une Ville Pour Tous\u00a0\u00bb"},"content":{"rendered":"<p><strong><a href=\"https:\/\/gerardmerinfo.fr\/2020\/02\/liste-gerardmer-ville-se-devoile\/liste-stessy\/\" rel=\"attachment wp-att-159347\"><img decoding=\"async\" class=\"aligncenter size-full wp-image-159347\" src=\"\/2020\/02\/Liste-stessy.jpg\" alt=\"Liste stessy\" width=\"800\" height=\"458\" \/><\/a>Le maire sortant Stessy Speissmann\u00a0 est le dernier \u00e0 nous fournir les engagements, le programme de la liste G\u00e9rardmer une ville pour Tous. D\u00e9couverte.<\/strong><\/p>\n<p><em>Des engagements pour \u00ab\u00a0une ville \u00e9conomiquement dynamique\u00a0\u00bb<\/em><\/p>\n<p><strong><em>\u00c9tudier et mettre en place, au sein de la station de ski alpin, des nouvelles activit\u00e9s 4 saisons et anticiper l\u2019absence du produit neige.<\/em><\/strong><\/p>\n<p><em>\u00c9tudier les pistes d\u2019am\u00e9lioration du domaine de ski nordique et le diversifier sur les 4 saisons.<\/em><\/p>\n<p><em>Mettre en place des actions pour orienter notre \u00e9conomie touristique vers un tourisme responsable.<\/em><\/p>\n<p><em>Finaliser le d\u00e9ploiement de la fibre d\u00e9but\u00e9 en 2019 sur l\u2019ensemble de la commune.<\/em><\/p>\n<p><em>Maintenir le montant de la part communale du prix du m<sup>3<\/sup> d\u2019eau et d\u2019assainissement.<\/em><\/p>\n<p><em><strong>Ajuster le taux communal de la \u00ab\u00a0taxe d\u2019habitation sur les r\u00e9sidences secondaires et autres locaux meubl\u00e9s non affect\u00e9s \u00e0 l\u2019habitation principale\u00a0\u00bb<\/strong> (THRS) suite \u00e0 la r\u00e9forme de la taxe d\u2019habitation.<\/em><\/p>\n<p><em>Conserver les services communaux en r\u00e9gie municipale.<\/em><\/p>\n<p><em>D\u00e9fendre le maintien de tous les services publics de notre commune (les \u00e9coles, les lyc\u00e9es, l\u2019h\u00f4pital et l\u2019ensemble de ses services, le centre des Imp\u00f4ts, la Tr\u00e9sorerie, la Poste,\u2026).<\/em><\/p>\n<p><em>Renforcer la lutte contre les nuisances et orienter encore mieux nos missions de police au service des populations (pr\u00e9vention, m\u00e9diation et sanction des incivilit\u00e9s).<\/em><\/p>\n<p><em>Des engagements pour \u00ab\u00a0une ville culturellement et sportivement attractive\u00a0\u00bb<\/em><\/p>\n<p><strong><em>R\u00e9habiliter la piste d\u2019athl\u00e9tisme du Levant.<\/em><\/strong><\/p>\n<p><em>Implanter un nouveau skate parc.<\/em><\/p>\n<p><em>\u00c9tudier la cr\u00e9ation d\u2019un p\u00f4le culturel central en regroupant la m\u00e9diath\u00e8que et la ludoth\u00e8que. <\/em><\/p>\n<p><em>D\u00e9velopper la pr\u00e9sence d\u2019artistes sur notre territoire et porter la culture dans nos quartiers.<\/em><\/p>\n<p><em>Favoriser l\u2019acc\u00e8s \u00e0 la culture pour tous.<\/em><\/p>\n<p><em>Mettre en valeur le patrimoine g\u00e9r\u00f4mois et l\u2019art populaire.<\/em><\/p>\n<p><strong><em>Poursuivre le soutien \u00e0 nos associations sportives et culturelles.<\/em><\/strong><\/p>\n<p><em>Des engagements pour \u00ab\u00a0une ville \u00e9cologiquement exemplaire\u00a0\u00bb<\/em><\/p>\n<p><strong><em>R\u00e9habiliter et r\u00e9aliser une extension du fun\u00e9rarium.<\/em><\/strong><\/p>\n<p><em>\u00c9tudier la r\u00e9habilitation de la Maison de la Culture et des Loisirs.<\/em><\/p>\n<p><em>R\u00e9aliser un nouvel am\u00e9nagement du sentier du tour du lac suite \u00e0 l\u2019acquisition de deux nouveaux terrains.<\/em><\/p>\n<p><em>Maintenir la gratuit\u00e9 du stationnement sur toute la ville.<\/em><\/p>\n<p><strong><em>Mettre en place la d\u00e9mocratie locale et un budget participatif pour faire \u00e9merger des actions en mati\u00e8re de maintien de la biodiversit\u00e9 et du cadre de vie des g\u00e9r\u00f4mois.<\/em><\/strong><\/p>\n<p><em>\u00c9tudier le remplacement du bus urbain par un bus \u00e0 \u00e9nergie propre.<\/em><\/p>\n<p><strong><em>Mettre en place des voies de circulation douces en ville.<\/em><\/strong><\/p>\n<p><em>\u00c9tudier et am\u00e9liorer l\u2019organisation du stationnement et des d\u00e9placements lors des grandes manifestations\u00a0en utilisant des espaces ext\u00e9rieurs au centre-ville.<\/em><\/p>\n<p><em>D\u00e9velopper et valoriser des nouveaux modes de transport (co-voiturage, \u00ab\u00a0rezo pouce\u00a0\u00bb, \u2026)<\/em><\/p>\n<p><em>Mettre en \u0153uvre des actions pour r\u00e9pondre au d\u00e9r\u00e8glement climatique (cr\u00e9ation d\u2019\u00eelots de fra\u00eecheur, en particulier dans les cours d\u2019\u00e9coles, maintenir et renforcer les corridors \u00e9cologiques en ville, verdir la ville,\u2026).<\/em><\/p>\n<p><strong><em>Pr\u00e9server les zones humides, les espaces agricoles et forestiers pour limiter les impacts du ruissellement.<\/em><\/strong><\/p>\n<p><em>\u00c9tablir en lien avec les loueurs de meubl\u00e9s et les propri\u00e9taires de locations une charte \u00e9co citoyenne afin de pr\u00e9server l\u2019environnement et la qui\u00e9tude du voisinage.<\/em><\/p>\n<p><em>Instaurer une brigade verte pour sensibiliser les utilisateurs des espaces publics et naturels au respect de l\u2019environnement et du cadre de vie des g\u00e9r\u00f4mois et lutter contre l\u2019incivisme.<\/em><\/p>\n<p><strong><em>Construire un plan d\u2019actions de pr\u00e9servation du lac et poursuivre la protection de ses rives pour am\u00e9liorer l\u2019\u00e9cosyst\u00e8me.<\/em><\/strong><\/p>\n<p><em>Mettre en place des actions pour am\u00e9liorer la qualit\u00e9 de l\u2019eau du lac et de ses affluents, et des ruisseaux.<\/em><\/p>\n<p><em>Poursuivre les actions engag\u00e9es pour supprimer l\u2019utilisation des produits phytosanitaires sur le territoire communal.<\/em><\/p>\n<p><em>Initier le recours \u00e0 des produits bio et locaux dans les services de restauration collective, favoriser les circuits courts et promouvoir les produits de saison.<\/em><\/p>\n<p><em>Faciliter l\u2019implantation d\u2019agriculteurs sur le territoire communal et la production locale.<\/em><\/p>\n<p><em>Etudier le d\u00e9veloppement de jardins \u00ab\u00a0partag\u00e9s\u00a0\u00bb \u00e0 destination des habitants et la cr\u00e9ation d\u2019un potager et d\u2019un verger communal.<\/em><\/p>\n<p><em>Encourager les particuliers \u00e0 mener des travaux de r\u00e9novation \u00e9nerg\u00e9tique en communiquant sur les aides disponibles et poursuivre la participation de la ville au programme \u00ab\u00a0habiter mieux\u00a0\u00bb.<\/em><\/p>\n<p><em>D\u00e9velopper la production d\u2019\u00e9nergie renouvelable sur les b\u00e2timents et terrains communaux.<\/em><\/p>\n<p><em>Des engagements pour \u00ab\u00a0une ville solidaire pour tous et socialement s\u00fbre\u00a0\u00bb<\/em><\/p>\n<p><strong><em>\u00c9tudier l\u2019am\u00e9lioration de l\u2019offre de logements pour les saisonniers, les apprentis et les \u00e9tudiants.<\/em><\/strong><\/p>\n<p><em>Travailler avec les bailleurs sociaux (Vosgelis, Toit vosgien, CDC Habitat,\u2026) pour am\u00e9liorer l\u2019offre et la quantit\u00e9 de logements adapt\u00e9s et accessibles sur la commune.<\/em><\/p>\n<p><em><strong>\u00c9tudier l\u2019extension des circuits de transport urbain.<\/strong> <\/em><\/p>\n<p><em>\u00c9tendre les comit\u00e9s de quartier au sein de la ville et rendre les habitants acteurs en instituant une d\u00e9mocratie participative.<\/em><\/p>\n<p><em>Poursuivre nos actions pour les s\u00e9niors (repas des retrouvailles, cadeaux de fin d\u2019ann\u00e9e avec des produits locaux, aides au d\u00e9neigement, accessibilit\u00e9, voyage\u2026.) et d\u00e9velopper l\u2019accompagnement aux enjeux du num\u00e9rique (d\u00e9marches administratives en ligne, \u2026)<\/em><\/p>\n<p><strong><em>Poursuivre l\u2019aide financi\u00e8re communale pour les primo acc\u00e9dant \u00e0 la propri\u00e9t\u00e9.<\/em><\/strong><\/p>\n<p><em>\u00c9tudier la mise en place d\u2019une cantine scolaire au c\u0153ur de ville.<\/em><\/p>\n<p><em>\u00c9tudier le rapprochement des structures communales li\u00e9es \u00e0 la petite enfance pour un service encore plus proche de la demande et un environnement toujours plus qualitatif.<\/em><\/p>\n<p><em>Valoriser l\u2019engagement b\u00e9n\u00e9vole, pilier essentiel pour l\u2019animation, le d\u00e9veloppement de la vie culturelle et sportive et l\u2019\u00e9mancipation de notre jeunesse.<\/em><\/p>\n<p><em>Des engagements pour \u00ab\u00a0une communaut\u00e9 de communes au service des citoyens\u00a0\u00bb<\/em><\/p>\n<p><em>Mettre en place une Maison de Service au Public pour accompagner les habitants dans toutes leurs d\u00e9marches administratives.<\/em><\/p>\n<p><strong><em>Am\u00e9liorer le service li\u00e9 aux d\u00e9chets et au tri et adapter la fr\u00e9quence de ramassage \u00e0 la fr\u00e9quentation r\u00e9elle de notre territoire.<\/em><\/strong><\/p>\n<p><em>\u00c9tudier la mise en place d\u2019un Plan Local d\u2019Urbanisme Intercommunal permettant de mieux \u00e9quilibrer les zones constructibles et naturelles.<\/em><\/p>\n<p><em>Maintenir le portage de repas aux domiciles des personnes \u00e2g\u00e9es et\/ou d\u00e9pendantes.<\/em><\/p>\n<p><em>\u00c9tudier la mise en place de transport collectif sur le territoire intercommunal.<\/em><\/p>\n<p><em>Mettre en \u0153uvre un sch\u00e9ma de liaison douce entre les diff\u00e9rentes communes.<\/em><\/p>\n<p>&#8212;&#8212;&#8212;&#8212;&#8212;&#8212;&#8212;&#8212;&#8212;&#8212;&#8212;&#8212;&#8212;&#8212;&#8212;&#8212;&#8212;&#8212;&#8212;&#8212;&#8212;&#8212;&#8212;&#8212;&#8212;&#8212;&#8212;&#8212;&#8211;<\/p>\n<p>Retrouvez le bilan et l\u2019int\u00e9gralit\u00e9 de nos engagements dans notre journal de campagne disponible sur demande aupr\u00e8s des candidats, par mail <span style=\"color: #0000ff;\"><a style=\"color: #0000ff;\" href=\"mailto:gerardmerunevillepourtous@orange.fr\">gerardmerunevillepourtous@orange.fr<\/a><\/span> ou sur notre site :\u00a0<span style=\"color: #0000ff;\"><a style=\"color: #0000ff;\" href=\"http:\/\/www.gerardmerunevillepourtous.org\">www.gerardmerunevillepourtous.org<\/a><\/span><\/p>\n","protected":false},"excerpt":{"rendered":"<p>Le maire sortant Stessy Speissmann\u00a0 est le dernier \u00e0 nous fournir les engagements, le programme de la liste G\u00e9rardmer une [&hellip;]<\/p>\n","protected":false},"author":1,"featured_media":46971,"comment_status":"open","ping_status":"open","sticky":false,"template":"","format":"standard","meta":{"footnotes":""},"categories":[20,10],"tags":[],"class_list":["post-46970","post","type-post","status-publish","format-standard","has-post-thumbnail","hentry","category-a-la-une","category-politique"],"acf":[],"yoast_head":"<!-- This site is optimized with the Yoast SEO plugin v22.5 - https:\/\/yoast.com\/wordpress\/plugins\/seo\/ -->\n<title>\u00c9lections municipales - les engagements, le programme de la liste &quot;G\u00e9rardmer Une Ville Pour Tous&quot; - Gerardmer Info<\/title>\n<meta name=\"robots\" content=\"index, follow, max-snippet:-1, max-image-preview:large, max-video-preview:-1\" \/>\n<link rel=\"canonical\" href=\"https:\/\/vosgesinfo.fr\/gerardmerinfo\/2020\/03\/elections-municipales-engagements-programme-de-liste-gerardmer-ville\/\" \/>\n<meta name=\"twitter:card\" content=\"summary_large_image\" \/>\n<meta name=\"twitter:title\" content=\"\u00c9lections municipales - les engagements, le programme de la liste &quot;G\u00e9rardmer Une Ville Pour Tous&quot; - Gerardmer Info\" \/>\n<meta name=\"twitter:description\" content=\"Le maire sortant Stessy Speissmann\u00a0 est le dernier \u00e0 nous fournir les engagements, le programme de la liste G\u00e9rardmer une [&hellip;]\" \/>\n<meta name=\"twitter:image\" content=\"https:\/\/vosgesinfo.fr\/app\/uploads\/sites\/6\/2024\/07\/202002liste-stessy-2.jpg\" \/>\n<meta name=\"twitter:creator\" content=\"@VosgesInfo88\" \/>\n<meta name=\"twitter:site\" content=\"@VosgesInfo88\" \/>\n<meta name=\"twitter:label1\" content=\"\u00c9crit par\" \/>\n\t<meta name=\"twitter:data1\" content=\"qs_admin\" \/>\n\t<meta name=\"twitter:label2\" content=\"Dur\u00e9e de lecture estim\u00e9e\" \/>\n\t<meta name=\"twitter:data2\" content=\"6 minutes\" \/>\n<script type=\"application\/ld+json\" class=\"yoast-schema-graph\">{\"@context\":\"https:\/\/schema.org\",\"@graph\":[{\"@type\":\"Article\",\"@id\":\"https:\/\/vosgesinfo.fr\/gerardmerinfo\/2020\/03\/elections-municipales-engagements-programme-de-liste-gerardmer-ville\/#article\",\"isPartOf\":{\"@id\":\"https:\/\/vosgesinfo.fr\/gerardmerinfo\/2020\/03\/elections-municipales-engagements-programme-de-liste-gerardmer-ville\/\"},\"author\":{\"name\":\"qs_admin\",\"@id\":\"https:\/\/vosgesinfo.fr\/gerardmerinfo\/#\/schema\/person\/bc5d02d71e6932e81b6dadb7386667b1\"},\"headline\":\"\u00c9lections municipales &#8211; les engagements, le programme de la liste \u00ab\u00a0G\u00e9rardmer Une Ville Pour Tous\u00a0\u00bb\",\"datePublished\":\"2020-03-03T07:14:56+00:00\",\"dateModified\":\"2020-03-03T07:14:56+00:00\",\"mainEntityOfPage\":{\"@id\":\"https:\/\/vosgesinfo.fr\/gerardmerinfo\/2020\/03\/elections-municipales-engagements-programme-de-liste-gerardmer-ville\/\"},\"wordCount\":1118,\"commentCount\":0,\"publisher\":{\"@id\":\"https:\/\/vosgesinfo.fr\/gerardmerinfo\/#organization\"},\"image\":{\"@id\":\"https:\/\/vosgesinfo.fr\/gerardmerinfo\/2020\/03\/elections-municipales-engagements-programme-de-liste-gerardmer-ville\/#primaryimage\"},\"thumbnailUrl\":\"https:\/\/vosgesinfo.fr\/app\/uploads\/sites\/6\/2024\/07\/202002liste-stessy-2.jpg\",\"articleSection\":[\"A la une\",\"Politique\"],\"inLanguage\":\"fr-FR\",\"potentialAction\":[{\"@type\":\"CommentAction\",\"name\":\"Comment\",\"target\":[\"https:\/\/vosgesinfo.fr\/gerardmerinfo\/2020\/03\/elections-municipales-engagements-programme-de-liste-gerardmer-ville\/#respond\"]}]},{\"@type\":\"WebPage\",\"@id\":\"https:\/\/vosgesinfo.fr\/gerardmerinfo\/2020\/03\/elections-municipales-engagements-programme-de-liste-gerardmer-ville\/\",\"url\":\"https:\/\/vosgesinfo.fr\/gerardmerinfo\/2020\/03\/elections-municipales-engagements-programme-de-liste-gerardmer-ville\/\",\"name\":\"\u00c9lections municipales - les engagements, le programme de la liste \\\"G\u00e9rardmer Une Ville Pour Tous\\\" - Gerardmer Info\",\"isPartOf\":{\"@id\":\"https:\/\/vosgesinfo.fr\/gerardmerinfo\/#website\"},\"primaryImageOfPage\":{\"@id\":\"https:\/\/vosgesinfo.fr\/gerardmerinfo\/2020\/03\/elections-municipales-engagements-programme-de-liste-gerardmer-ville\/#primaryimage\"},\"image\":{\"@id\":\"https:\/\/vosgesinfo.fr\/gerardmerinfo\/2020\/03\/elections-municipales-engagements-programme-de-liste-gerardmer-ville\/#primaryimage\"},\"thumbnailUrl\":\"https:\/\/vosgesinfo.fr\/app\/uploads\/sites\/6\/2024\/07\/202002liste-stessy-2.jpg\",\"datePublished\":\"2020-03-03T07:14:56+00:00\",\"dateModified\":\"2020-03-03T07:14:56+00:00\",\"breadcrumb\":{\"@id\":\"https:\/\/vosgesinfo.fr\/gerardmerinfo\/2020\/03\/elections-municipales-engagements-programme-de-liste-gerardmer-ville\/#breadcrumb\"},\"inLanguage\":\"fr-FR\",\"potentialAction\":[{\"@type\":\"ReadAction\",\"target\":[\"https:\/\/vosgesinfo.fr\/gerardmerinfo\/2020\/03\/elections-municipales-engagements-programme-de-liste-gerardmer-ville\/\"]}]},{\"@type\":\"ImageObject\",\"inLanguage\":\"fr-FR\",\"@id\":\"https:\/\/vosgesinfo.fr\/gerardmerinfo\/2020\/03\/elections-municipales-engagements-programme-de-liste-gerardmer-ville\/#primaryimage\",\"url\":\"https:\/\/vosgesinfo.fr\/app\/uploads\/sites\/6\/2024\/07\/202002liste-stessy-2.jpg\",\"contentUrl\":\"https:\/\/vosgesinfo.fr\/app\/uploads\/sites\/6\/2024\/07\/202002liste-stessy-2.jpg\",\"width\":800,\"height\":458},{\"@type\":\"BreadcrumbList\",\"@id\":\"https:\/\/vosgesinfo.fr\/gerardmerinfo\/2020\/03\/elections-municipales-engagements-programme-de-liste-gerardmer-ville\/#breadcrumb\",\"itemListElement\":[{\"@type\":\"ListItem\",\"position\":1,\"name\":\"Home\",\"item\":\"https:\/\/vosgesinfo.fr\/gerardmerinfo\/\"},{\"@type\":\"ListItem\",\"position\":2,\"name\":\"\u00c9lections municipales &#8211; les engagements, le programme de la liste \u00ab\u00a0G\u00e9rardmer Une Ville Pour Tous\u00a0\u00bb\"}]},{\"@type\":\"WebSite\",\"@id\":\"https:\/\/vosgesinfo.fr\/gerardmerinfo\/#website\",\"url\":\"https:\/\/vosgesinfo.fr\/gerardmerinfo\/\",\"name\":\"Gerardmer Info\",\"description\":\"Toute l&#039;actualit\u00e9 de G\u00e9rardmer\",\"publisher\":{\"@id\":\"https:\/\/vosgesinfo.fr\/gerardmerinfo\/#organization\"},\"alternateName\":\"Toute l'actualit\u00e9 de G\u00e9rardmer\",\"potentialAction\":[{\"@type\":\"SearchAction\",\"target\":{\"@type\":\"EntryPoint\",\"urlTemplate\":\"https:\/\/vosgesinfo.fr\/gerardmerinfo\/?s={search_term_string}\"},\"query-input\":\"required name=search_term_string\"}],\"inLanguage\":\"fr-FR\"},{\"@type\":\"Organization\",\"@id\":\"https:\/\/vosgesinfo.fr\/gerardmerinfo\/#organization\",\"name\":\"Gerardmer Info\",\"url\":\"https:\/\/vosgesinfo.fr\/gerardmerinfo\/\",\"logo\":{\"@type\":\"ImageObject\",\"inLanguage\":\"fr-FR\",\"@id\":\"https:\/\/vosgesinfo.fr\/gerardmerinfo\/#\/schema\/logo\/image\/\",\"url\":\"https:\/\/vosgesinfo.fr\/app\/uploads\/sites\/6\/2023\/08\/favicon-gerardmerinfo.png\",\"contentUrl\":\"https:\/\/vosgesinfo.fr\/app\/uploads\/sites\/6\/2023\/08\/favicon-gerardmerinfo.png\",\"width\":512,\"height\":512,\"caption\":\"Gerardmer Info\"},\"image\":{\"@id\":\"https:\/\/vosgesinfo.fr\/gerardmerinfo\/#\/schema\/logo\/image\/\"},\"sameAs\":[\"https:\/\/www.facebook.com\/profile.php?id=100049475262660\",\"https:\/\/x.com\/VosgesInfo88\",\"https:\/\/www.youtube.com\/@vosgesinfo\"]},{\"@type\":\"Person\",\"@id\":\"https:\/\/vosgesinfo.fr\/gerardmerinfo\/#\/schema\/person\/bc5d02d71e6932e81b6dadb7386667b1\",\"name\":\"qs_admin\",\"image\":{\"@type\":\"ImageObject\",\"inLanguage\":\"fr-FR\",\"@id\":\"https:\/\/vosgesinfo.fr\/gerardmerinfo\/#\/schema\/person\/image\/\",\"url\":\"https:\/\/secure.gravatar.com\/avatar\/94b18ee0ed79e4a42ea2f2931277b6841a8999fc6fde214600c78057cf1fe1de?s=96&d=mm&r=g\",\"contentUrl\":\"https:\/\/secure.gravatar.com\/avatar\/94b18ee0ed79e4a42ea2f2931277b6841a8999fc6fde214600c78057cf1fe1de?s=96&d=mm&r=g\",\"caption\":\"qs_admin\"},\"sameAs\":[\"https:\/\/vosgesinfo.fr\/wp\"],\"url\":\"https:\/\/vosgesinfo.fr\/gerardmerinfo\/author\/qs_admin\/\"}]}<\/script>\n<!-- \/ Yoast SEO plugin. -->","yoast_head_json":{"title":"\u00c9lections municipales - les engagements, le programme de la liste \"G\u00e9rardmer Une Ville Pour Tous\" - Gerardmer Info","robots":{"index":"index","follow":"follow","max-snippet":"max-snippet:-1","max-image-preview":"max-image-preview:large","max-video-preview":"max-video-preview:-1"},"canonical":"https:\/\/vosgesinfo.fr\/gerardmerinfo\/2020\/03\/elections-municipales-engagements-programme-de-liste-gerardmer-ville\/","twitter_card":"summary_large_image","twitter_title":"\u00c9lections municipales - les engagements, le programme de la liste \"G\u00e9rardmer Une Ville Pour Tous\" - Gerardmer Info","twitter_description":"Le maire sortant Stessy Speissmann\u00a0 est le dernier \u00e0 nous fournir les engagements, le programme de la liste G\u00e9rardmer une [&hellip;]","twitter_image":"https:\/\/vosgesinfo.fr\/app\/uploads\/sites\/6\/2024\/07\/202002liste-stessy-2.jpg","twitter_creator":"@VosgesInfo88","twitter_site":"@VosgesInfo88","twitter_misc":{"\u00c9crit par":"qs_admin","Dur\u00e9e de lecture estim\u00e9e":"6 minutes"},"schema":{"@context":"https:\/\/schema.org","@graph":[{"@type":"Article","@id":"https:\/\/vosgesinfo.fr\/gerardmerinfo\/2020\/03\/elections-municipales-engagements-programme-de-liste-gerardmer-ville\/#article","isPartOf":{"@id":"https:\/\/vosgesinfo.fr\/gerardmerinfo\/2020\/03\/elections-municipales-engagements-programme-de-liste-gerardmer-ville\/"},"author":{"name":"qs_admin","@id":"https:\/\/vosgesinfo.fr\/gerardmerinfo\/#\/schema\/person\/bc5d02d71e6932e81b6dadb7386667b1"},"headline":"\u00c9lections municipales &#8211; les engagements, le programme de la liste \u00ab\u00a0G\u00e9rardmer Une Ville Pour Tous\u00a0\u00bb","datePublished":"2020-03-03T07:14:56+00:00","dateModified":"2020-03-03T07:14:56+00:00","mainEntityOfPage":{"@id":"https:\/\/vosgesinfo.fr\/gerardmerinfo\/2020\/03\/elections-municipales-engagements-programme-de-liste-gerardmer-ville\/"},"wordCount":1118,"commentCount":0,"publisher":{"@id":"https:\/\/vosgesinfo.fr\/gerardmerinfo\/#organization"},"image":{"@id":"https:\/\/vosgesinfo.fr\/gerardmerinfo\/2020\/03\/elections-municipales-engagements-programme-de-liste-gerardmer-ville\/#primaryimage"},"thumbnailUrl":"https:\/\/vosgesinfo.fr\/app\/uploads\/sites\/6\/2024\/07\/202002liste-stessy-2.jpg","articleSection":["A la une","Politique"],"inLanguage":"fr-FR","potentialAction":[{"@type":"CommentAction","name":"Comment","target":["https:\/\/vosgesinfo.fr\/gerardmerinfo\/2020\/03\/elections-municipales-engagements-programme-de-liste-gerardmer-ville\/#respond"]}]},{"@type":"WebPage","@id":"https:\/\/vosgesinfo.fr\/gerardmerinfo\/2020\/03\/elections-municipales-engagements-programme-de-liste-gerardmer-ville\/","url":"https:\/\/vosgesinfo.fr\/gerardmerinfo\/2020\/03\/elections-municipales-engagements-programme-de-liste-gerardmer-ville\/","name":"\u00c9lections municipales - les engagements, le programme de la liste \"G\u00e9rardmer Une Ville Pour Tous\" - Gerardmer Info","isPartOf":{"@id":"https:\/\/vosgesinfo.fr\/gerardmerinfo\/#website"},"primaryImageOfPage":{"@id":"https:\/\/vosgesinfo.fr\/gerardmerinfo\/2020\/03\/elections-municipales-engagements-programme-de-liste-gerardmer-ville\/#primaryimage"},"image":{"@id":"https:\/\/vosgesinfo.fr\/gerardmerinfo\/2020\/03\/elections-municipales-engagements-programme-de-liste-gerardmer-ville\/#primaryimage"},"thumbnailUrl":"https:\/\/vosgesinfo.fr\/app\/uploads\/sites\/6\/2024\/07\/202002liste-stessy-2.jpg","datePublished":"2020-03-03T07:14:56+00:00","dateModified":"2020-03-03T07:14:56+00:00","breadcrumb":{"@id":"https:\/\/vosgesinfo.fr\/gerardmerinfo\/2020\/03\/elections-municipales-engagements-programme-de-liste-gerardmer-ville\/#breadcrumb"},"inLanguage":"fr-FR","potentialAction":[{"@type":"ReadAction","target":["https:\/\/vosgesinfo.fr\/gerardmerinfo\/2020\/03\/elections-municipales-engagements-programme-de-liste-gerardmer-ville\/"]}]},{"@type":"ImageObject","inLanguage":"fr-FR","@id":"https:\/\/vosgesinfo.fr\/gerardmerinfo\/2020\/03\/elections-municipales-engagements-programme-de-liste-gerardmer-ville\/#primaryimage","url":"https:\/\/vosgesinfo.fr\/app\/uploads\/sites\/6\/2024\/07\/202002liste-stessy-2.jpg","contentUrl":"https:\/\/vosgesinfo.fr\/app\/uploads\/sites\/6\/2024\/07\/202002liste-stessy-2.jpg","width":800,"height":458},{"@type":"BreadcrumbList","@id":"https:\/\/vosgesinfo.fr\/gerardmerinfo\/2020\/03\/elections-municipales-engagements-programme-de-liste-gerardmer-ville\/#breadcrumb","itemListElement":[{"@type":"ListItem","position":1,"name":"Home","item":"https:\/\/vosgesinfo.fr\/gerardmerinfo\/"},{"@type":"ListItem","position":2,"name":"\u00c9lections municipales &#8211; les engagements, le programme de la liste \u00ab\u00a0G\u00e9rardmer Une Ville Pour Tous\u00a0\u00bb"}]},{"@type":"WebSite","@id":"https:\/\/vosgesinfo.fr\/gerardmerinfo\/#website","url":"https:\/\/vosgesinfo.fr\/gerardmerinfo\/","name":"Gerardmer Info","description":"Toute l&#039;actualit\u00e9 de G\u00e9rardmer","publisher":{"@id":"https:\/\/vosgesinfo.fr\/gerardmerinfo\/#organization"},"alternateName":"Toute l'actualit\u00e9 de G\u00e9rardmer","potentialAction":[{"@type":"SearchAction","target":{"@type":"EntryPoint","urlTemplate":"https:\/\/vosgesinfo.fr\/gerardmerinfo\/?s={search_term_string}"},"query-input":"required name=search_term_string"}],"inLanguage":"fr-FR"},{"@type":"Organization","@id":"https:\/\/vosgesinfo.fr\/gerardmerinfo\/#organization","name":"Gerardmer Info","url":"https:\/\/vosgesinfo.fr\/gerardmerinfo\/","logo":{"@type":"ImageObject","inLanguage":"fr-FR","@id":"https:\/\/vosgesinfo.fr\/gerardmerinfo\/#\/schema\/logo\/image\/","url":"https:\/\/vosgesinfo.fr\/app\/uploads\/sites\/6\/2023\/08\/favicon-gerardmerinfo.png","contentUrl":"https:\/\/vosgesinfo.fr\/app\/uploads\/sites\/6\/2023\/08\/favicon-gerardmerinfo.png","width":512,"height":512,"caption":"Gerardmer Info"},"image":{"@id":"https:\/\/vosgesinfo.fr\/gerardmerinfo\/#\/schema\/logo\/image\/"},"sameAs":["https:\/\/www.facebook.com\/profile.php?id=100049475262660","https:\/\/x.com\/VosgesInfo88","https:\/\/www.youtube.com\/@vosgesinfo"]},{"@type":"Person","@id":"https:\/\/vosgesinfo.fr\/gerardmerinfo\/#\/schema\/person\/bc5d02d71e6932e81b6dadb7386667b1","name":"qs_admin","image":{"@type":"ImageObject","inLanguage":"fr-FR","@id":"https:\/\/vosgesinfo.fr\/gerardmerinfo\/#\/schema\/person\/image\/","url":"https:\/\/secure.gravatar.com\/avatar\/94b18ee0ed79e4a42ea2f2931277b6841a8999fc6fde214600c78057cf1fe1de?s=96&d=mm&r=g","contentUrl":"https:\/\/secure.gravatar.com\/avatar\/94b18ee0ed79e4a42ea2f2931277b6841a8999fc6fde214600c78057cf1fe1de?s=96&d=mm&r=g","caption":"qs_admin"},"sameAs":["https:\/\/vosgesinfo.fr\/wp"],"url":"https:\/\/vosgesinfo.fr\/gerardmerinfo\/author\/qs_admin\/"}]}},"_links":{"self":[{"href":"https:\/\/vosgesinfo.fr\/gerardmerinfo\/wp-json\/wp\/v2\/posts\/46970","targetHints":{"allow":["GET"]}}],"collection":[{"href":"https:\/\/vosgesinfo.fr\/gerardmerinfo\/wp-json\/wp\/v2\/posts"}],"about":[{"href":"https:\/\/vosgesinfo.fr\/gerardmerinfo\/wp-json\/wp\/v2\/types\/post"}],"author":[{"embeddable":true,"href":"https:\/\/vosgesinfo.fr\/gerardmerinfo\/wp-json\/wp\/v2\/users\/1"}],"replies":[{"embeddable":true,"href":"https:\/\/vosgesinfo.fr\/gerardmerinfo\/wp-json\/wp\/v2\/comments?post=46970"}],"version-history":[{"count":0,"href":"https:\/\/vosgesinfo.fr\/gerardmerinfo\/wp-json\/wp\/v2\/posts\/46970\/revisions"}],"wp:featuredmedia":[{"embeddable":true,"href":"https:\/\/vosgesinfo.fr\/gerardmerinfo\/wp-json\/wp\/v2\/media\/46971"}],"wp:attachment":[{"href":"https:\/\/vosgesinfo.fr\/gerardmerinfo\/wp-json\/wp\/v2\/media?parent=46970"}],"wp:term":[{"taxonomy":"category","embeddable":true,"href":"https:\/\/vosgesinfo.fr\/gerardmerinfo\/wp-json\/wp\/v2\/categories?post=46970"},{"taxonomy":"post_tag","embeddable":true,"href":"https:\/\/vosgesinfo.fr\/gerardmerinfo\/wp-json\/wp\/v2\/tags?post=46970"}],"curies":[{"name":"wp","href":"https:\/\/api.w.org\/{rel}","templated":true}]}}