{"id":46988,"date":"2020-03-04T06:56:24","date_gmt":"2020-03-04T05:56:24","guid":{"rendered":"https:\/\/vosgesinfo.fr\/gerardmerinfo\/2020\/03\/coquelicots-de-gerardmer-invitent-a-prochain-rassemblement\/"},"modified":"2020-03-04T06:56:24","modified_gmt":"2020-03-04T05:56:24","slug":"coquelicots-de-gerardmer-invitent-a-prochain-rassemblement","status":"publish","type":"post","link":"https:\/\/vosgesinfo.fr\/gerardmerinfo\/2020\/03\/coquelicots-de-gerardmer-invitent-a-prochain-rassemblement\/","title":{"rendered":"Les Coquelicots de G\u00e9rardmer vous invitent \u00e0 leur prochain rassemblement"},"content":{"rendered":"<p style=\"text-align: center;\"><a href=\"\/2018\/12\/coquelicots.jpg\"><img decoding=\"async\" class=\"aligncenter wp-image-138675 size-medium\" src=\"\/2018\/12\/coquelicots-241x255.jpg\" alt=\"coquelicots\" width=\"241\" height=\"255\" \/><\/a><\/p>\n<p style=\"text-align: center;\"><strong>Les Coquelicots de G\u00e9rardmer vous invitent \u00e0 leur prochain rassemblement<\/strong><\/p>\n<p style=\"text-align: center;\"><strong>Vendredi 6 mars \u00e0 18h30 devant la mairie \u00e0 Granges-Aumontzey.<\/strong><\/p>\n<p>A 19h15, au caf\u00e9 Le Corsaire, Flora Hebrige pr\u00e9sentera un spectacle, gratuit et ouvert \u00e0 tous \u00ab Ecolo show rigolo \u00bb ou \u00ab Comment je suis devenue \u00e9colo et pourquoi ? \u00bb<\/p>\n<p>Echanges autour d\u2019une auberge espagnole apr\u00e8s le spectacle. Les boissons seront \u00e0 prendre au caf\u00e9.<\/p>\n<p>Le collectif remercie les maires et les conseils municipaux des villes et villages vosgiens suivants qui ont adopt\u00e9 une motion de soutien au mouvement de Nous voulons des Coquelicots : Cornimont, Dommartin-Les-Remiremont, Etival-Clairfontaine, Fraize, G\u00e9rardmer, Le Girmont-Val d&rsquo;Ajol, Nompatelize, Remiremont, Rochesson, Sapois, Saulxures sur Moselotte, Le Syndicat, Tendon, Thi\u00e9fosse, Le Tholy, Vagney, Ventron, Xonrupt-Longemer.<\/p>\n<p>&#8212;&#8212;&#8212;&#8212;&#8212;&#8212;&#8212;&#8212;&#8212;&#8212;<\/p>\n<p>L&rsquo;actualit\u00e9 a port\u00e9 sur la grave probl\u00e9matique des pesticides SDHI (inhibiteurs de la succinate d\u00e9shydrog\u00e9nase): le 23 janvier, se tenait une conf\u00e9rence de presse peu ordinaire et captivante: c\u00f4te \u00e0 c\u00f4te des scientifiques, des avocats et des \u00e9cologistes, soutenus par des repr\u00e9sentants de la Nation, ont somm\u00e9 l\u2019Anses, notre agence nationale sanitaire, de suspendre les autorisations de trois pesticides SDHI. Ne pas manquer en particulier l&rsquo;intervention du scientifique Pierre Rustin sur la vid\u00e9o en lien ci-apr\u00e8s. https:\/\/youtu.be\/3TQpf8BtDK4 . Comme si les sinistres affaires de l&rsquo;amiante, des n\u00e9onicotino\u00efdes et du m\u00e9diator n&rsquo;avaient pas suffi !<\/p>\n<p>Le 21 janvier, 450 scientifiques de grande renomm\u00e9e ont appel\u00e9 dans une tribune du journal Le Monde \u00ab \u00e0 appliquer le principe de pr\u00e9caution au plus vite, \u00e0 l\u2019arr\u00eat de l\u2019utilisation en milieu ouvert de ces mol\u00e9cules qui bloquent la respiration cellulaire dans l\u2019ensemble du vivant et d\u00e9plorent un d\u00e9ni des donn\u00e9es scientifiques.\u00bb<\/p>\n<p>Le collectif de G\u00e9rardmer a contact\u00e9 les personnels de sant\u00e9 afin qu\u2019ils accompagnent notre mouvement. Chacun peut aborder la probl\u00e9matique des pesticides avec son m\u00e9decin, son kin\u00e9, son dentiste\u2026<\/p>\n<p>Se taire, c&rsquo;est a minima accepter de subir les cons\u00e9quences sanitaires des pesticides qui tuent notre environnement. Le vivant est la base de toute la vie.<\/p>\n<p>Rejoignez-nous nombreux dans notre action pour une transition de l\u2019agriculture sans pesticides de synth\u00e8se, o\u00f9 les paysans seront correctement accompagn\u00e9s et pourront produire dignement en gardant la terre en vie. Nous avons tous droit \u00e0 une nourriture saine.<\/p>\n<p>Le collectif des coquelicots de G\u00e9rardmer vous remercie pour l\u2019int\u00e9r\u00eat que vous portez \u00e0 ses actions. Signez l\u2019appel si vous ne l\u2019avez pas encore fait !<\/p>\n<p>Toutes les informations sur nousvoulonsdescoquelicots.org https:\/\/www.facebook.com\/Incroyables-Potagers-237102487044572\/ Contact : coquelicots-gerardmer@gmx.fr<\/p>\n","protected":false},"excerpt":{"rendered":"<p>Les Coquelicots de G\u00e9rardmer vous invitent \u00e0 leur prochain rassemblement Vendredi 6 mars \u00e0 18h30 devant la mairie \u00e0 Granges-Aumontzey. [&hellip;]<\/p>\n","protected":false},"author":1,"featured_media":46989,"comment_status":"open","ping_status":"open","sticky":false,"template":"","format":"standard","meta":{"footnotes":""},"categories":[20,17,18],"tags":[3991],"class_list":["post-46988","post","type-post","status-publish","format-standard","has-post-thumbnail","hentry","category-a-la-une","category-vie-associative","category-vosges","tag-nous-voulons-des-coquelicots"],"acf":[],"yoast_head":"<!-- This site is optimized with the Yoast SEO plugin v22.5 - https:\/\/yoast.com\/wordpress\/plugins\/seo\/ -->\n<title>Les Coquelicots de G\u00e9rardmer vous invitent \u00e0 leur prochain rassemblement - Gerardmer Info<\/title>\n<meta name=\"robots\" content=\"index, follow, max-snippet:-1, max-image-preview:large, max-video-preview:-1\" \/>\n<link rel=\"canonical\" href=\"https:\/\/vosgesinfo.fr\/gerardmerinfo\/2020\/03\/coquelicots-de-gerardmer-invitent-a-prochain-rassemblement\/\" \/>\n<meta name=\"twitter:card\" content=\"summary_large_image\" \/>\n<meta name=\"twitter:title\" content=\"Les Coquelicots de G\u00e9rardmer vous invitent \u00e0 leur prochain rassemblement - Gerardmer Info\" \/>\n<meta name=\"twitter:description\" content=\"Les Coquelicots de G\u00e9rardmer vous invitent \u00e0 leur prochain rassemblement Vendredi 6 mars \u00e0 18h30 devant la mairie \u00e0 Granges-Aumontzey. [&hellip;]\" \/>\n<meta name=\"twitter:image\" content=\"https:\/\/vosgesinfo.fr\/app\/uploads\/sites\/6\/2024\/07\/201812coquelicots-11.jpg\" \/>\n<meta name=\"twitter:creator\" content=\"@VosgesInfo88\" \/>\n<meta name=\"twitter:site\" content=\"@VosgesInfo88\" \/>\n<meta name=\"twitter:label1\" content=\"\u00c9crit par\" \/>\n\t<meta name=\"twitter:data1\" content=\"qs_admin\" \/>\n\t<meta name=\"twitter:label2\" content=\"Dur\u00e9e de lecture estim\u00e9e\" \/>\n\t<meta name=\"twitter:data2\" content=\"2 minutes\" \/>\n<script type=\"application\/ld+json\" class=\"yoast-schema-graph\">{\"@context\":\"https:\/\/schema.org\",\"@graph\":[{\"@type\":\"Article\",\"@id\":\"https:\/\/vosgesinfo.fr\/gerardmerinfo\/2020\/03\/coquelicots-de-gerardmer-invitent-a-prochain-rassemblement\/#article\",\"isPartOf\":{\"@id\":\"https:\/\/vosgesinfo.fr\/gerardmerinfo\/2020\/03\/coquelicots-de-gerardmer-invitent-a-prochain-rassemblement\/\"},\"author\":{\"name\":\"qs_admin\",\"@id\":\"https:\/\/vosgesinfo.fr\/gerardmerinfo\/#\/schema\/person\/bc5d02d71e6932e81b6dadb7386667b1\"},\"headline\":\"Les Coquelicots de G\u00e9rardmer vous invitent \u00e0 leur prochain rassemblement\",\"datePublished\":\"2020-03-04T05:56:24+00:00\",\"dateModified\":\"2020-03-04T05:56:24+00:00\",\"mainEntityOfPage\":{\"@id\":\"https:\/\/vosgesinfo.fr\/gerardmerinfo\/2020\/03\/coquelicots-de-gerardmer-invitent-a-prochain-rassemblement\/\"},\"wordCount\":442,\"commentCount\":0,\"publisher\":{\"@id\":\"https:\/\/vosgesinfo.fr\/gerardmerinfo\/#organization\"},\"image\":{\"@id\":\"https:\/\/vosgesinfo.fr\/gerardmerinfo\/2020\/03\/coquelicots-de-gerardmer-invitent-a-prochain-rassemblement\/#primaryimage\"},\"thumbnailUrl\":\"https:\/\/vosgesinfo.fr\/app\/uploads\/sites\/6\/2024\/07\/201812coquelicots-11.jpg\",\"keywords\":[\"nous voulons des coquelicots\"],\"articleSection\":[\"A la une\",\"Vie Associative\",\"Vosges\"],\"inLanguage\":\"fr-FR\",\"potentialAction\":[{\"@type\":\"CommentAction\",\"name\":\"Comment\",\"target\":[\"https:\/\/vosgesinfo.fr\/gerardmerinfo\/2020\/03\/coquelicots-de-gerardmer-invitent-a-prochain-rassemblement\/#respond\"]}]},{\"@type\":\"WebPage\",\"@id\":\"https:\/\/vosgesinfo.fr\/gerardmerinfo\/2020\/03\/coquelicots-de-gerardmer-invitent-a-prochain-rassemblement\/\",\"url\":\"https:\/\/vosgesinfo.fr\/gerardmerinfo\/2020\/03\/coquelicots-de-gerardmer-invitent-a-prochain-rassemblement\/\",\"name\":\"Les Coquelicots de G\u00e9rardmer vous invitent \u00e0 leur prochain rassemblement - Gerardmer Info\",\"isPartOf\":{\"@id\":\"https:\/\/vosgesinfo.fr\/gerardmerinfo\/#website\"},\"primaryImageOfPage\":{\"@id\":\"https:\/\/vosgesinfo.fr\/gerardmerinfo\/2020\/03\/coquelicots-de-gerardmer-invitent-a-prochain-rassemblement\/#primaryimage\"},\"image\":{\"@id\":\"https:\/\/vosgesinfo.fr\/gerardmerinfo\/2020\/03\/coquelicots-de-gerardmer-invitent-a-prochain-rassemblement\/#primaryimage\"},\"thumbnailUrl\":\"https:\/\/vosgesinfo.fr\/app\/uploads\/sites\/6\/2024\/07\/201812coquelicots-11.jpg\",\"datePublished\":\"2020-03-04T05:56:24+00:00\",\"dateModified\":\"2020-03-04T05:56:24+00:00\",\"breadcrumb\":{\"@id\":\"https:\/\/vosgesinfo.fr\/gerardmerinfo\/2020\/03\/coquelicots-de-gerardmer-invitent-a-prochain-rassemblement\/#breadcrumb\"},\"inLanguage\":\"fr-FR\",\"potentialAction\":[{\"@type\":\"ReadAction\",\"target\":[\"https:\/\/vosgesinfo.fr\/gerardmerinfo\/2020\/03\/coquelicots-de-gerardmer-invitent-a-prochain-rassemblement\/\"]}]},{\"@type\":\"ImageObject\",\"inLanguage\":\"fr-FR\",\"@id\":\"https:\/\/vosgesinfo.fr\/gerardmerinfo\/2020\/03\/coquelicots-de-gerardmer-invitent-a-prochain-rassemblement\/#primaryimage\",\"url\":\"https:\/\/vosgesinfo.fr\/app\/uploads\/sites\/6\/2024\/07\/201812coquelicots-11.jpg\",\"contentUrl\":\"https:\/\/vosgesinfo.fr\/app\/uploads\/sites\/6\/2024\/07\/201812coquelicots-11.jpg\",\"width\":757,\"height\":800},{\"@type\":\"BreadcrumbList\",\"@id\":\"https:\/\/vosgesinfo.fr\/gerardmerinfo\/2020\/03\/coquelicots-de-gerardmer-invitent-a-prochain-rassemblement\/#breadcrumb\",\"itemListElement\":[{\"@type\":\"ListItem\",\"position\":1,\"name\":\"Home\",\"item\":\"https:\/\/vosgesinfo.fr\/gerardmerinfo\/\"},{\"@type\":\"ListItem\",\"position\":2,\"name\":\"Les Coquelicots de G\u00e9rardmer vous invitent \u00e0 leur prochain rassemblement\"}]},{\"@type\":\"WebSite\",\"@id\":\"https:\/\/vosgesinfo.fr\/gerardmerinfo\/#website\",\"url\":\"https:\/\/vosgesinfo.fr\/gerardmerinfo\/\",\"name\":\"Gerardmer Info\",\"description\":\"Toute l&#039;actualit\u00e9 de G\u00e9rardmer\",\"publisher\":{\"@id\":\"https:\/\/vosgesinfo.fr\/gerardmerinfo\/#organization\"},\"alternateName\":\"Toute l'actualit\u00e9 de G\u00e9rardmer\",\"potentialAction\":[{\"@type\":\"SearchAction\",\"target\":{\"@type\":\"EntryPoint\",\"urlTemplate\":\"https:\/\/vosgesinfo.fr\/gerardmerinfo\/?s={search_term_string}\"},\"query-input\":\"required name=search_term_string\"}],\"inLanguage\":\"fr-FR\"},{\"@type\":\"Organization\",\"@id\":\"https:\/\/vosgesinfo.fr\/gerardmerinfo\/#organization\",\"name\":\"Gerardmer Info\",\"url\":\"https:\/\/vosgesinfo.fr\/gerardmerinfo\/\",\"logo\":{\"@type\":\"ImageObject\",\"inLanguage\":\"fr-FR\",\"@id\":\"https:\/\/vosgesinfo.fr\/gerardmerinfo\/#\/schema\/logo\/image\/\",\"url\":\"https:\/\/vosgesinfo.fr\/app\/uploads\/sites\/6\/2023\/08\/favicon-gerardmerinfo.png\",\"contentUrl\":\"https:\/\/vosgesinfo.fr\/app\/uploads\/sites\/6\/2023\/08\/favicon-gerardmerinfo.png\",\"width\":512,\"height\":512,\"caption\":\"Gerardmer Info\"},\"image\":{\"@id\":\"https:\/\/vosgesinfo.fr\/gerardmerinfo\/#\/schema\/logo\/image\/\"},\"sameAs\":[\"https:\/\/www.facebook.com\/profile.php?id=100049475262660\",\"https:\/\/x.com\/VosgesInfo88\",\"https:\/\/www.youtube.com\/@vosgesinfo\"]},{\"@type\":\"Person\",\"@id\":\"https:\/\/vosgesinfo.fr\/gerardmerinfo\/#\/schema\/person\/bc5d02d71e6932e81b6dadb7386667b1\",\"name\":\"qs_admin\",\"image\":{\"@type\":\"ImageObject\",\"inLanguage\":\"fr-FR\",\"@id\":\"https:\/\/vosgesinfo.fr\/gerardmerinfo\/#\/schema\/person\/image\/\",\"url\":\"https:\/\/secure.gravatar.com\/avatar\/94b18ee0ed79e4a42ea2f2931277b6841a8999fc6fde214600c78057cf1fe1de?s=96&d=mm&r=g\",\"contentUrl\":\"https:\/\/secure.gravatar.com\/avatar\/94b18ee0ed79e4a42ea2f2931277b6841a8999fc6fde214600c78057cf1fe1de?s=96&d=mm&r=g\",\"caption\":\"qs_admin\"},\"sameAs\":[\"https:\/\/vosgesinfo.fr\/wp\"],\"url\":\"https:\/\/vosgesinfo.fr\/gerardmerinfo\/author\/qs_admin\/\"}]}<\/script>\n<!-- \/ Yoast SEO plugin. -->","yoast_head_json":{"title":"Les Coquelicots de G\u00e9rardmer vous invitent \u00e0 leur prochain rassemblement - Gerardmer Info","robots":{"index":"index","follow":"follow","max-snippet":"max-snippet:-1","max-image-preview":"max-image-preview:large","max-video-preview":"max-video-preview:-1"},"canonical":"https:\/\/vosgesinfo.fr\/gerardmerinfo\/2020\/03\/coquelicots-de-gerardmer-invitent-a-prochain-rassemblement\/","twitter_card":"summary_large_image","twitter_title":"Les Coquelicots de G\u00e9rardmer vous invitent \u00e0 leur prochain rassemblement - Gerardmer Info","twitter_description":"Les Coquelicots de G\u00e9rardmer vous invitent \u00e0 leur prochain rassemblement Vendredi 6 mars \u00e0 18h30 devant la mairie \u00e0 Granges-Aumontzey. [&hellip;]","twitter_image":"https:\/\/vosgesinfo.fr\/app\/uploads\/sites\/6\/2024\/07\/201812coquelicots-11.jpg","twitter_creator":"@VosgesInfo88","twitter_site":"@VosgesInfo88","twitter_misc":{"\u00c9crit par":"qs_admin","Dur\u00e9e de lecture estim\u00e9e":"2 minutes"},"schema":{"@context":"https:\/\/schema.org","@graph":[{"@type":"Article","@id":"https:\/\/vosgesinfo.fr\/gerardmerinfo\/2020\/03\/coquelicots-de-gerardmer-invitent-a-prochain-rassemblement\/#article","isPartOf":{"@id":"https:\/\/vosgesinfo.fr\/gerardmerinfo\/2020\/03\/coquelicots-de-gerardmer-invitent-a-prochain-rassemblement\/"},"author":{"name":"qs_admin","@id":"https:\/\/vosgesinfo.fr\/gerardmerinfo\/#\/schema\/person\/bc5d02d71e6932e81b6dadb7386667b1"},"headline":"Les Coquelicots de G\u00e9rardmer vous invitent \u00e0 leur prochain rassemblement","datePublished":"2020-03-04T05:56:24+00:00","dateModified":"2020-03-04T05:56:24+00:00","mainEntityOfPage":{"@id":"https:\/\/vosgesinfo.fr\/gerardmerinfo\/2020\/03\/coquelicots-de-gerardmer-invitent-a-prochain-rassemblement\/"},"wordCount":442,"commentCount":0,"publisher":{"@id":"https:\/\/vosgesinfo.fr\/gerardmerinfo\/#organization"},"image":{"@id":"https:\/\/vosgesinfo.fr\/gerardmerinfo\/2020\/03\/coquelicots-de-gerardmer-invitent-a-prochain-rassemblement\/#primaryimage"},"thumbnailUrl":"https:\/\/vosgesinfo.fr\/app\/uploads\/sites\/6\/2024\/07\/201812coquelicots-11.jpg","keywords":["nous voulons des coquelicots"],"articleSection":["A la une","Vie Associative","Vosges"],"inLanguage":"fr-FR","potentialAction":[{"@type":"CommentAction","name":"Comment","target":["https:\/\/vosgesinfo.fr\/gerardmerinfo\/2020\/03\/coquelicots-de-gerardmer-invitent-a-prochain-rassemblement\/#respond"]}]},{"@type":"WebPage","@id":"https:\/\/vosgesinfo.fr\/gerardmerinfo\/2020\/03\/coquelicots-de-gerardmer-invitent-a-prochain-rassemblement\/","url":"https:\/\/vosgesinfo.fr\/gerardmerinfo\/2020\/03\/coquelicots-de-gerardmer-invitent-a-prochain-rassemblement\/","name":"Les Coquelicots de G\u00e9rardmer vous invitent \u00e0 leur prochain rassemblement - Gerardmer Info","isPartOf":{"@id":"https:\/\/vosgesinfo.fr\/gerardmerinfo\/#website"},"primaryImageOfPage":{"@id":"https:\/\/vosgesinfo.fr\/gerardmerinfo\/2020\/03\/coquelicots-de-gerardmer-invitent-a-prochain-rassemblement\/#primaryimage"},"image":{"@id":"https:\/\/vosgesinfo.fr\/gerardmerinfo\/2020\/03\/coquelicots-de-gerardmer-invitent-a-prochain-rassemblement\/#primaryimage"},"thumbnailUrl":"https:\/\/vosgesinfo.fr\/app\/uploads\/sites\/6\/2024\/07\/201812coquelicots-11.jpg","datePublished":"2020-03-04T05:56:24+00:00","dateModified":"2020-03-04T05:56:24+00:00","breadcrumb":{"@id":"https:\/\/vosgesinfo.fr\/gerardmerinfo\/2020\/03\/coquelicots-de-gerardmer-invitent-a-prochain-rassemblement\/#breadcrumb"},"inLanguage":"fr-FR","potentialAction":[{"@type":"ReadAction","target":["https:\/\/vosgesinfo.fr\/gerardmerinfo\/2020\/03\/coquelicots-de-gerardmer-invitent-a-prochain-rassemblement\/"]}]},{"@type":"ImageObject","inLanguage":"fr-FR","@id":"https:\/\/vosgesinfo.fr\/gerardmerinfo\/2020\/03\/coquelicots-de-gerardmer-invitent-a-prochain-rassemblement\/#primaryimage","url":"https:\/\/vosgesinfo.fr\/app\/uploads\/sites\/6\/2024\/07\/201812coquelicots-11.jpg","contentUrl":"https:\/\/vosgesinfo.fr\/app\/uploads\/sites\/6\/2024\/07\/201812coquelicots-11.jpg","width":757,"height":800},{"@type":"BreadcrumbList","@id":"https:\/\/vosgesinfo.fr\/gerardmerinfo\/2020\/03\/coquelicots-de-gerardmer-invitent-a-prochain-rassemblement\/#breadcrumb","itemListElement":[{"@type":"ListItem","position":1,"name":"Home","item":"https:\/\/vosgesinfo.fr\/gerardmerinfo\/"},{"@type":"ListItem","position":2,"name":"Les Coquelicots de G\u00e9rardmer vous invitent \u00e0 leur prochain rassemblement"}]},{"@type":"WebSite","@id":"https:\/\/vosgesinfo.fr\/gerardmerinfo\/#website","url":"https:\/\/vosgesinfo.fr\/gerardmerinfo\/","name":"Gerardmer Info","description":"Toute l&#039;actualit\u00e9 de G\u00e9rardmer","publisher":{"@id":"https:\/\/vosgesinfo.fr\/gerardmerinfo\/#organization"},"alternateName":"Toute l'actualit\u00e9 de G\u00e9rardmer","potentialAction":[{"@type":"SearchAction","target":{"@type":"EntryPoint","urlTemplate":"https:\/\/vosgesinfo.fr\/gerardmerinfo\/?s={search_term_string}"},"query-input":"required name=search_term_string"}],"inLanguage":"fr-FR"},{"@type":"Organization","@id":"https:\/\/vosgesinfo.fr\/gerardmerinfo\/#organization","name":"Gerardmer Info","url":"https:\/\/vosgesinfo.fr\/gerardmerinfo\/","logo":{"@type":"ImageObject","inLanguage":"fr-FR","@id":"https:\/\/vosgesinfo.fr\/gerardmerinfo\/#\/schema\/logo\/image\/","url":"https:\/\/vosgesinfo.fr\/app\/uploads\/sites\/6\/2023\/08\/favicon-gerardmerinfo.png","contentUrl":"https:\/\/vosgesinfo.fr\/app\/uploads\/sites\/6\/2023\/08\/favicon-gerardmerinfo.png","width":512,"height":512,"caption":"Gerardmer Info"},"image":{"@id":"https:\/\/vosgesinfo.fr\/gerardmerinfo\/#\/schema\/logo\/image\/"},"sameAs":["https:\/\/www.facebook.com\/profile.php?id=100049475262660","https:\/\/x.com\/VosgesInfo88","https:\/\/www.youtube.com\/@vosgesinfo"]},{"@type":"Person","@id":"https:\/\/vosgesinfo.fr\/gerardmerinfo\/#\/schema\/person\/bc5d02d71e6932e81b6dadb7386667b1","name":"qs_admin","image":{"@type":"ImageObject","inLanguage":"fr-FR","@id":"https:\/\/vosgesinfo.fr\/gerardmerinfo\/#\/schema\/person\/image\/","url":"https:\/\/secure.gravatar.com\/avatar\/94b18ee0ed79e4a42ea2f2931277b6841a8999fc6fde214600c78057cf1fe1de?s=96&d=mm&r=g","contentUrl":"https:\/\/secure.gravatar.com\/avatar\/94b18ee0ed79e4a42ea2f2931277b6841a8999fc6fde214600c78057cf1fe1de?s=96&d=mm&r=g","caption":"qs_admin"},"sameAs":["https:\/\/vosgesinfo.fr\/wp"],"url":"https:\/\/vosgesinfo.fr\/gerardmerinfo\/author\/qs_admin\/"}]}},"_links":{"self":[{"href":"https:\/\/vosgesinfo.fr\/gerardmerinfo\/wp-json\/wp\/v2\/posts\/46988","targetHints":{"allow":["GET"]}}],"collection":[{"href":"https:\/\/vosgesinfo.fr\/gerardmerinfo\/wp-json\/wp\/v2\/posts"}],"about":[{"href":"https:\/\/vosgesinfo.fr\/gerardmerinfo\/wp-json\/wp\/v2\/types\/post"}],"author":[{"embeddable":true,"href":"https:\/\/vosgesinfo.fr\/gerardmerinfo\/wp-json\/wp\/v2\/users\/1"}],"replies":[{"embeddable":true,"href":"https:\/\/vosgesinfo.fr\/gerardmerinfo\/wp-json\/wp\/v2\/comments?post=46988"}],"version-history":[{"count":0,"href":"https:\/\/vosgesinfo.fr\/gerardmerinfo\/wp-json\/wp\/v2\/posts\/46988\/revisions"}],"wp:featuredmedia":[{"embeddable":true,"href":"https:\/\/vosgesinfo.fr\/gerardmerinfo\/wp-json\/wp\/v2\/media\/46989"}],"wp:attachment":[{"href":"https:\/\/vosgesinfo.fr\/gerardmerinfo\/wp-json\/wp\/v2\/media?parent=46988"}],"wp:term":[{"taxonomy":"category","embeddable":true,"href":"https:\/\/vosgesinfo.fr\/gerardmerinfo\/wp-json\/wp\/v2\/categories?post=46988"},{"taxonomy":"post_tag","embeddable":true,"href":"https:\/\/vosgesinfo.fr\/gerardmerinfo\/wp-json\/wp\/v2\/tags?post=46988"}],"curies":[{"name":"wp","href":"https:\/\/api.w.org\/{rel}","templated":true}]}}