{"id":46992,"date":"2020-03-04T14:50:03","date_gmt":"2020-03-04T13:50:03","guid":{"rendered":"https:\/\/vosgesinfo.fr\/gerardmerinfo\/2020\/03\/med-cup-musclee-lasg-voile\/"},"modified":"2020-03-04T14:50:03","modified_gmt":"2020-03-04T13:50:03","slug":"med-cup-musclee-lasg-voile","status":"publish","type":"post","link":"https:\/\/vosgesinfo.fr\/gerardmerinfo\/2020\/03\/med-cup-musclee-lasg-voile\/","title":{"rendered":"Med Cup muscl\u00e9e pour l\u2019ASG Voile."},"content":{"rendered":"\n<h3>Traditionnelle reprise pour l\u2019\u00e9quipe Windsurf de l\u2019ASG, la MedCup, premi\u00e8re r\u00e9gate de la saison, class\u00e9e Grade 4 Nationale, \u00e0 Marseille devient de plus en plus internationale.<\/h3>\n<p>Avec 216 athl\u00e8tes venant d\u2019Alg\u00e9rie, Angleterre, Espagne, France, Italie, Pays Bas, Norv\u00e8ge, et la R\u00e9publique Tch\u00e8que de nombreuses nations profitent de cette r\u00e9gate pour pr\u00e9parer leurs \u00e9quipes sur le futur site des Jeux Olympiques de 2024 \u00e0 Marseille \u2026<\/p>\n<p>Pas facile pour les Vosgiens, qui n&rsquo;ont pas encore repris l&rsquo;entra\u00eenement sur l&rsquo;eau, contrairement aux concurrents des r\u00e9gions maritimes plus temp\u00e9r\u00e9es.<\/p>\n<p>Cueillis par un fort Mistral d\u00e8s le premier jour de la comp\u00e9tition, les 12 licenci\u00e9s de l&rsquo;ASG Voile et leurs coachs, Th\u00e9o Halluitte et Thierry Germain ont connu quelques difficult\u00e9s, avec m\u00eame un peu de casse, physique et mat\u00e9rielle, mais aussi la satisfaction de voir du bleu sur deux podiums\u2026<\/p>\n<p><strong>LES R\u00c9SULTATS: <\/strong><\/p>\n<p>&#8211; En Raceboard\u00a0:<strong> Viviane Ventrin<\/strong>, deuxi\u00e8me en raceboard, et premi\u00e8re f\u00e9minine confirme qu\u2019elle aime maintenant se faire peur\u2026. <strong>Titouan Halluitte<\/strong>, longtemps second au g\u00e9n\u00e9ral, laisse \u00e9chapper le podium le dernier jour (5<sup>i\u00e8me<\/sup>). <strong>Tom Marchal<\/strong>, assure tranquillement une 6<sup>i\u00e8me<\/sup> place, tandis que <strong>Estelle Germain<\/strong> (re)d\u00e9couvre le haut-niveau\u2026.<\/p>\n<p>&#8211; En Techno Plus (16-21)\u00a0: Superbe performance aussi pour <strong>Gautier Valentin<\/strong>, r\u00e9gulier dans toutes les manches qui acc\u00e8de finalement \u00e0 la troisi\u00e8me marche du podium. <strong>Pauline WeckeL<\/strong> termine \u00e0 la 15i\u00e8me place (6<sup>i\u00e8me<\/sup> f\u00e9minine) d&rsquo;une comp\u00e9tition dans laquelle elle a eu du mal \u00e0 rentrer, tout comme <strong>Sarah Gaillard<\/strong> (9<sup>i\u00e8me<\/sup> f\u00e9minine).<\/p>\n<p>&#8211; En Espoirs gar\u00e7ons, c&rsquo;est l&rsquo;h\u00e9catombe pour les G\u00e9r\u00f4mois, <strong>Cl\u00e9ment Valentin<\/strong>, bless\u00e9 \u00e0 la main lors de la premi\u00e8re manche, mais courageux doit abandonner le dernier jour (53<sup>i\u00e8me<\/sup>), <strong>Bryan No\u00ebl<\/strong>, avec une voile \u00e9clat\u00e9e lui aussi le premier jour termine 51i\u00e8me tandis que<strong> Maxime de Carvalho <\/strong>doit d\u00e9clarer forfait, avec une forte entorse \u00e0 la cheville.<\/p>\n<p>En Espoirs f\u00e9minines, <strong>L\u00e9opoldine Gauer<\/strong> (57<sup>i\u00e8me<\/sup>) continue sa progression, tout comme <strong>C\u00e9lestine Gauer<\/strong>, en minimes, pas encore tout \u00e0 fait pr\u00eate pour ce niveau mais qui r\u00e9ussit \u00e0 rentrer dans les temps.<\/p>\n","protected":false},"excerpt":{"rendered":"<p>Traditionnelle reprise pour l\u2019\u00e9quipe Windsurf de l\u2019ASG, la MedCup, premi\u00e8re r\u00e9gate de la saison, class\u00e9e Grade 4 Nationale, \u00e0 Marseille [&hellip;]<\/p>\n","protected":false},"author":1,"featured_media":46993,"comment_status":"open","ping_status":"open","sticky":false,"template":"","format":"standard","meta":{"footnotes":""},"categories":[20,14],"tags":[65,3252],"class_list":["post-46992","post","type-post","status-publish","format-standard","has-post-thumbnail","hentry","category-a-la-une","category-sport","tag-asg-voile","tag-viviane-ventrin"],"acf":[],"yoast_head":"<!-- This site is optimized with the Yoast SEO plugin v22.5 - https:\/\/yoast.com\/wordpress\/plugins\/seo\/ -->\n<title>Med Cup muscl\u00e9e pour l\u2019ASG Voile. - Gerardmer Info<\/title>\n<meta name=\"robots\" content=\"index, follow, max-snippet:-1, max-image-preview:large, max-video-preview:-1\" \/>\n<link rel=\"canonical\" href=\"https:\/\/vosgesinfo.fr\/gerardmerinfo\/2020\/03\/med-cup-musclee-lasg-voile\/\" \/>\n<meta name=\"twitter:card\" content=\"summary_large_image\" \/>\n<meta name=\"twitter:title\" content=\"Med Cup muscl\u00e9e pour l\u2019ASG Voile. - Gerardmer Info\" \/>\n<meta name=\"twitter:description\" content=\"Traditionnelle reprise pour l\u2019\u00e9quipe Windsurf de l\u2019ASG, la MedCup, premi\u00e8re r\u00e9gate de la saison, class\u00e9e Grade 4 Nationale, \u00e0 Marseille [&hellip;]\" \/>\n<meta name=\"twitter:image\" content=\"https:\/\/vosgesinfo.fr\/app\/uploads\/sites\/6\/2024\/07\/202003medcup-2020.jpg\" \/>\n<meta name=\"twitter:creator\" content=\"@VosgesInfo88\" \/>\n<meta name=\"twitter:site\" content=\"@VosgesInfo88\" \/>\n<meta name=\"twitter:label1\" content=\"\u00c9crit par\" \/>\n\t<meta name=\"twitter:data1\" content=\"qs_admin\" \/>\n\t<meta name=\"twitter:label2\" content=\"Dur\u00e9e de lecture estim\u00e9e\" \/>\n\t<meta name=\"twitter:data2\" content=\"2 minutes\" \/>\n<script type=\"application\/ld+json\" class=\"yoast-schema-graph\">{\"@context\":\"https:\/\/schema.org\",\"@graph\":[{\"@type\":\"Article\",\"@id\":\"https:\/\/vosgesinfo.fr\/gerardmerinfo\/2020\/03\/med-cup-musclee-lasg-voile\/#article\",\"isPartOf\":{\"@id\":\"https:\/\/vosgesinfo.fr\/gerardmerinfo\/2020\/03\/med-cup-musclee-lasg-voile\/\"},\"author\":{\"name\":\"qs_admin\",\"@id\":\"https:\/\/vosgesinfo.fr\/gerardmerinfo\/#\/schema\/person\/bc5d02d71e6932e81b6dadb7386667b1\"},\"headline\":\"Med Cup muscl\u00e9e pour l\u2019ASG Voile.\",\"datePublished\":\"2020-03-04T13:50:03+00:00\",\"dateModified\":\"2020-03-04T13:50:03+00:00\",\"mainEntityOfPage\":{\"@id\":\"https:\/\/vosgesinfo.fr\/gerardmerinfo\/2020\/03\/med-cup-musclee-lasg-voile\/\"},\"wordCount\":395,\"commentCount\":0,\"publisher\":{\"@id\":\"https:\/\/vosgesinfo.fr\/gerardmerinfo\/#organization\"},\"image\":{\"@id\":\"https:\/\/vosgesinfo.fr\/gerardmerinfo\/2020\/03\/med-cup-musclee-lasg-voile\/#primaryimage\"},\"thumbnailUrl\":\"https:\/\/vosgesinfo.fr\/app\/uploads\/sites\/6\/2024\/07\/202003medcup-2020.jpg\",\"keywords\":[\"asg voile\",\"Viviane ventrin\"],\"articleSection\":[\"A la une\",\"Sport\"],\"inLanguage\":\"fr-FR\",\"potentialAction\":[{\"@type\":\"CommentAction\",\"name\":\"Comment\",\"target\":[\"https:\/\/vosgesinfo.fr\/gerardmerinfo\/2020\/03\/med-cup-musclee-lasg-voile\/#respond\"]}]},{\"@type\":\"WebPage\",\"@id\":\"https:\/\/vosgesinfo.fr\/gerardmerinfo\/2020\/03\/med-cup-musclee-lasg-voile\/\",\"url\":\"https:\/\/vosgesinfo.fr\/gerardmerinfo\/2020\/03\/med-cup-musclee-lasg-voile\/\",\"name\":\"Med Cup muscl\u00e9e pour l\u2019ASG Voile. - Gerardmer Info\",\"isPartOf\":{\"@id\":\"https:\/\/vosgesinfo.fr\/gerardmerinfo\/#website\"},\"primaryImageOfPage\":{\"@id\":\"https:\/\/vosgesinfo.fr\/gerardmerinfo\/2020\/03\/med-cup-musclee-lasg-voile\/#primaryimage\"},\"image\":{\"@id\":\"https:\/\/vosgesinfo.fr\/gerardmerinfo\/2020\/03\/med-cup-musclee-lasg-voile\/#primaryimage\"},\"thumbnailUrl\":\"https:\/\/vosgesinfo.fr\/app\/uploads\/sites\/6\/2024\/07\/202003medcup-2020.jpg\",\"datePublished\":\"2020-03-04T13:50:03+00:00\",\"dateModified\":\"2020-03-04T13:50:03+00:00\",\"breadcrumb\":{\"@id\":\"https:\/\/vosgesinfo.fr\/gerardmerinfo\/2020\/03\/med-cup-musclee-lasg-voile\/#breadcrumb\"},\"inLanguage\":\"fr-FR\",\"potentialAction\":[{\"@type\":\"ReadAction\",\"target\":[\"https:\/\/vosgesinfo.fr\/gerardmerinfo\/2020\/03\/med-cup-musclee-lasg-voile\/\"]}]},{\"@type\":\"ImageObject\",\"inLanguage\":\"fr-FR\",\"@id\":\"https:\/\/vosgesinfo.fr\/gerardmerinfo\/2020\/03\/med-cup-musclee-lasg-voile\/#primaryimage\",\"url\":\"https:\/\/vosgesinfo.fr\/app\/uploads\/sites\/6\/2024\/07\/202003medcup-2020.jpg\",\"contentUrl\":\"https:\/\/vosgesinfo.fr\/app\/uploads\/sites\/6\/2024\/07\/202003medcup-2020.jpg\",\"width\":800,\"height\":531},{\"@type\":\"BreadcrumbList\",\"@id\":\"https:\/\/vosgesinfo.fr\/gerardmerinfo\/2020\/03\/med-cup-musclee-lasg-voile\/#breadcrumb\",\"itemListElement\":[{\"@type\":\"ListItem\",\"position\":1,\"name\":\"Home\",\"item\":\"https:\/\/vosgesinfo.fr\/gerardmerinfo\/\"},{\"@type\":\"ListItem\",\"position\":2,\"name\":\"Med Cup muscl\u00e9e pour l\u2019ASG Voile.\"}]},{\"@type\":\"WebSite\",\"@id\":\"https:\/\/vosgesinfo.fr\/gerardmerinfo\/#website\",\"url\":\"https:\/\/vosgesinfo.fr\/gerardmerinfo\/\",\"name\":\"Gerardmer Info\",\"description\":\"Toute l&#039;actualit\u00e9 de G\u00e9rardmer\",\"publisher\":{\"@id\":\"https:\/\/vosgesinfo.fr\/gerardmerinfo\/#organization\"},\"alternateName\":\"Toute l'actualit\u00e9 de G\u00e9rardmer\",\"potentialAction\":[{\"@type\":\"SearchAction\",\"target\":{\"@type\":\"EntryPoint\",\"urlTemplate\":\"https:\/\/vosgesinfo.fr\/gerardmerinfo\/?s={search_term_string}\"},\"query-input\":\"required name=search_term_string\"}],\"inLanguage\":\"fr-FR\"},{\"@type\":\"Organization\",\"@id\":\"https:\/\/vosgesinfo.fr\/gerardmerinfo\/#organization\",\"name\":\"Gerardmer Info\",\"url\":\"https:\/\/vosgesinfo.fr\/gerardmerinfo\/\",\"logo\":{\"@type\":\"ImageObject\",\"inLanguage\":\"fr-FR\",\"@id\":\"https:\/\/vosgesinfo.fr\/gerardmerinfo\/#\/schema\/logo\/image\/\",\"url\":\"https:\/\/vosgesinfo.fr\/app\/uploads\/sites\/6\/2023\/08\/favicon-gerardmerinfo.png\",\"contentUrl\":\"https:\/\/vosgesinfo.fr\/app\/uploads\/sites\/6\/2023\/08\/favicon-gerardmerinfo.png\",\"width\":512,\"height\":512,\"caption\":\"Gerardmer Info\"},\"image\":{\"@id\":\"https:\/\/vosgesinfo.fr\/gerardmerinfo\/#\/schema\/logo\/image\/\"},\"sameAs\":[\"https:\/\/www.facebook.com\/profile.php?id=100049475262660\",\"https:\/\/x.com\/VosgesInfo88\",\"https:\/\/www.youtube.com\/@vosgesinfo\"]},{\"@type\":\"Person\",\"@id\":\"https:\/\/vosgesinfo.fr\/gerardmerinfo\/#\/schema\/person\/bc5d02d71e6932e81b6dadb7386667b1\",\"name\":\"qs_admin\",\"image\":{\"@type\":\"ImageObject\",\"inLanguage\":\"fr-FR\",\"@id\":\"https:\/\/vosgesinfo.fr\/gerardmerinfo\/#\/schema\/person\/image\/\",\"url\":\"https:\/\/secure.gravatar.com\/avatar\/94b18ee0ed79e4a42ea2f2931277b6841a8999fc6fde214600c78057cf1fe1de?s=96&d=mm&r=g\",\"contentUrl\":\"https:\/\/secure.gravatar.com\/avatar\/94b18ee0ed79e4a42ea2f2931277b6841a8999fc6fde214600c78057cf1fe1de?s=96&d=mm&r=g\",\"caption\":\"qs_admin\"},\"sameAs\":[\"https:\/\/vosgesinfo.fr\/wp\"],\"url\":\"https:\/\/vosgesinfo.fr\/gerardmerinfo\/author\/qs_admin\/\"}]}<\/script>\n<!-- \/ Yoast SEO plugin. -->","yoast_head_json":{"title":"Med Cup muscl\u00e9e pour l\u2019ASG Voile. - Gerardmer Info","robots":{"index":"index","follow":"follow","max-snippet":"max-snippet:-1","max-image-preview":"max-image-preview:large","max-video-preview":"max-video-preview:-1"},"canonical":"https:\/\/vosgesinfo.fr\/gerardmerinfo\/2020\/03\/med-cup-musclee-lasg-voile\/","twitter_card":"summary_large_image","twitter_title":"Med Cup muscl\u00e9e pour l\u2019ASG Voile. - Gerardmer Info","twitter_description":"Traditionnelle reprise pour l\u2019\u00e9quipe Windsurf de l\u2019ASG, la MedCup, premi\u00e8re r\u00e9gate de la saison, class\u00e9e Grade 4 Nationale, \u00e0 Marseille [&hellip;]","twitter_image":"https:\/\/vosgesinfo.fr\/app\/uploads\/sites\/6\/2024\/07\/202003medcup-2020.jpg","twitter_creator":"@VosgesInfo88","twitter_site":"@VosgesInfo88","twitter_misc":{"\u00c9crit par":"qs_admin","Dur\u00e9e de lecture estim\u00e9e":"2 minutes"},"schema":{"@context":"https:\/\/schema.org","@graph":[{"@type":"Article","@id":"https:\/\/vosgesinfo.fr\/gerardmerinfo\/2020\/03\/med-cup-musclee-lasg-voile\/#article","isPartOf":{"@id":"https:\/\/vosgesinfo.fr\/gerardmerinfo\/2020\/03\/med-cup-musclee-lasg-voile\/"},"author":{"name":"qs_admin","@id":"https:\/\/vosgesinfo.fr\/gerardmerinfo\/#\/schema\/person\/bc5d02d71e6932e81b6dadb7386667b1"},"headline":"Med Cup muscl\u00e9e pour l\u2019ASG Voile.","datePublished":"2020-03-04T13:50:03+00:00","dateModified":"2020-03-04T13:50:03+00:00","mainEntityOfPage":{"@id":"https:\/\/vosgesinfo.fr\/gerardmerinfo\/2020\/03\/med-cup-musclee-lasg-voile\/"},"wordCount":395,"commentCount":0,"publisher":{"@id":"https:\/\/vosgesinfo.fr\/gerardmerinfo\/#organization"},"image":{"@id":"https:\/\/vosgesinfo.fr\/gerardmerinfo\/2020\/03\/med-cup-musclee-lasg-voile\/#primaryimage"},"thumbnailUrl":"https:\/\/vosgesinfo.fr\/app\/uploads\/sites\/6\/2024\/07\/202003medcup-2020.jpg","keywords":["asg voile","Viviane ventrin"],"articleSection":["A la une","Sport"],"inLanguage":"fr-FR","potentialAction":[{"@type":"CommentAction","name":"Comment","target":["https:\/\/vosgesinfo.fr\/gerardmerinfo\/2020\/03\/med-cup-musclee-lasg-voile\/#respond"]}]},{"@type":"WebPage","@id":"https:\/\/vosgesinfo.fr\/gerardmerinfo\/2020\/03\/med-cup-musclee-lasg-voile\/","url":"https:\/\/vosgesinfo.fr\/gerardmerinfo\/2020\/03\/med-cup-musclee-lasg-voile\/","name":"Med Cup muscl\u00e9e pour l\u2019ASG Voile. - Gerardmer Info","isPartOf":{"@id":"https:\/\/vosgesinfo.fr\/gerardmerinfo\/#website"},"primaryImageOfPage":{"@id":"https:\/\/vosgesinfo.fr\/gerardmerinfo\/2020\/03\/med-cup-musclee-lasg-voile\/#primaryimage"},"image":{"@id":"https:\/\/vosgesinfo.fr\/gerardmerinfo\/2020\/03\/med-cup-musclee-lasg-voile\/#primaryimage"},"thumbnailUrl":"https:\/\/vosgesinfo.fr\/app\/uploads\/sites\/6\/2024\/07\/202003medcup-2020.jpg","datePublished":"2020-03-04T13:50:03+00:00","dateModified":"2020-03-04T13:50:03+00:00","breadcrumb":{"@id":"https:\/\/vosgesinfo.fr\/gerardmerinfo\/2020\/03\/med-cup-musclee-lasg-voile\/#breadcrumb"},"inLanguage":"fr-FR","potentialAction":[{"@type":"ReadAction","target":["https:\/\/vosgesinfo.fr\/gerardmerinfo\/2020\/03\/med-cup-musclee-lasg-voile\/"]}]},{"@type":"ImageObject","inLanguage":"fr-FR","@id":"https:\/\/vosgesinfo.fr\/gerardmerinfo\/2020\/03\/med-cup-musclee-lasg-voile\/#primaryimage","url":"https:\/\/vosgesinfo.fr\/app\/uploads\/sites\/6\/2024\/07\/202003medcup-2020.jpg","contentUrl":"https:\/\/vosgesinfo.fr\/app\/uploads\/sites\/6\/2024\/07\/202003medcup-2020.jpg","width":800,"height":531},{"@type":"BreadcrumbList","@id":"https:\/\/vosgesinfo.fr\/gerardmerinfo\/2020\/03\/med-cup-musclee-lasg-voile\/#breadcrumb","itemListElement":[{"@type":"ListItem","position":1,"name":"Home","item":"https:\/\/vosgesinfo.fr\/gerardmerinfo\/"},{"@type":"ListItem","position":2,"name":"Med Cup muscl\u00e9e pour l\u2019ASG Voile."}]},{"@type":"WebSite","@id":"https:\/\/vosgesinfo.fr\/gerardmerinfo\/#website","url":"https:\/\/vosgesinfo.fr\/gerardmerinfo\/","name":"Gerardmer Info","description":"Toute l&#039;actualit\u00e9 de G\u00e9rardmer","publisher":{"@id":"https:\/\/vosgesinfo.fr\/gerardmerinfo\/#organization"},"alternateName":"Toute l'actualit\u00e9 de G\u00e9rardmer","potentialAction":[{"@type":"SearchAction","target":{"@type":"EntryPoint","urlTemplate":"https:\/\/vosgesinfo.fr\/gerardmerinfo\/?s={search_term_string}"},"query-input":"required name=search_term_string"}],"inLanguage":"fr-FR"},{"@type":"Organization","@id":"https:\/\/vosgesinfo.fr\/gerardmerinfo\/#organization","name":"Gerardmer Info","url":"https:\/\/vosgesinfo.fr\/gerardmerinfo\/","logo":{"@type":"ImageObject","inLanguage":"fr-FR","@id":"https:\/\/vosgesinfo.fr\/gerardmerinfo\/#\/schema\/logo\/image\/","url":"https:\/\/vosgesinfo.fr\/app\/uploads\/sites\/6\/2023\/08\/favicon-gerardmerinfo.png","contentUrl":"https:\/\/vosgesinfo.fr\/app\/uploads\/sites\/6\/2023\/08\/favicon-gerardmerinfo.png","width":512,"height":512,"caption":"Gerardmer Info"},"image":{"@id":"https:\/\/vosgesinfo.fr\/gerardmerinfo\/#\/schema\/logo\/image\/"},"sameAs":["https:\/\/www.facebook.com\/profile.php?id=100049475262660","https:\/\/x.com\/VosgesInfo88","https:\/\/www.youtube.com\/@vosgesinfo"]},{"@type":"Person","@id":"https:\/\/vosgesinfo.fr\/gerardmerinfo\/#\/schema\/person\/bc5d02d71e6932e81b6dadb7386667b1","name":"qs_admin","image":{"@type":"ImageObject","inLanguage":"fr-FR","@id":"https:\/\/vosgesinfo.fr\/gerardmerinfo\/#\/schema\/person\/image\/","url":"https:\/\/secure.gravatar.com\/avatar\/94b18ee0ed79e4a42ea2f2931277b6841a8999fc6fde214600c78057cf1fe1de?s=96&d=mm&r=g","contentUrl":"https:\/\/secure.gravatar.com\/avatar\/94b18ee0ed79e4a42ea2f2931277b6841a8999fc6fde214600c78057cf1fe1de?s=96&d=mm&r=g","caption":"qs_admin"},"sameAs":["https:\/\/vosgesinfo.fr\/wp"],"url":"https:\/\/vosgesinfo.fr\/gerardmerinfo\/author\/qs_admin\/"}]}},"_links":{"self":[{"href":"https:\/\/vosgesinfo.fr\/gerardmerinfo\/wp-json\/wp\/v2\/posts\/46992","targetHints":{"allow":["GET"]}}],"collection":[{"href":"https:\/\/vosgesinfo.fr\/gerardmerinfo\/wp-json\/wp\/v2\/posts"}],"about":[{"href":"https:\/\/vosgesinfo.fr\/gerardmerinfo\/wp-json\/wp\/v2\/types\/post"}],"author":[{"embeddable":true,"href":"https:\/\/vosgesinfo.fr\/gerardmerinfo\/wp-json\/wp\/v2\/users\/1"}],"replies":[{"embeddable":true,"href":"https:\/\/vosgesinfo.fr\/gerardmerinfo\/wp-json\/wp\/v2\/comments?post=46992"}],"version-history":[{"count":0,"href":"https:\/\/vosgesinfo.fr\/gerardmerinfo\/wp-json\/wp\/v2\/posts\/46992\/revisions"}],"wp:featuredmedia":[{"embeddable":true,"href":"https:\/\/vosgesinfo.fr\/gerardmerinfo\/wp-json\/wp\/v2\/media\/46993"}],"wp:attachment":[{"href":"https:\/\/vosgesinfo.fr\/gerardmerinfo\/wp-json\/wp\/v2\/media?parent=46992"}],"wp:term":[{"taxonomy":"category","embeddable":true,"href":"https:\/\/vosgesinfo.fr\/gerardmerinfo\/wp-json\/wp\/v2\/categories?post=46992"},{"taxonomy":"post_tag","embeddable":true,"href":"https:\/\/vosgesinfo.fr\/gerardmerinfo\/wp-json\/wp\/v2\/tags?post=46992"}],"curies":[{"name":"wp","href":"https:\/\/api.w.org\/{rel}","templated":true}]}}