{"id":47248,"date":"2020-03-24T09:21:45","date_gmt":"2020-03-24T08:21:45","guid":{"rendered":"https:\/\/vosgesinfo.fr\/gerardmerinfo\/2020\/03\/don-de-sang-coronavirus-covid-19\/"},"modified":"2020-03-24T09:21:45","modified_gmt":"2020-03-24T08:21:45","slug":"don-de-sang-coronavirus-covid-19","status":"publish","type":"post","link":"https:\/\/vosgesinfo.fr\/gerardmerinfo\/2020\/03\/don-de-sang-coronavirus-covid-19\/","title":{"rendered":"Don de sang et coronavirus COVID-19"},"content":{"rendered":"<p><a href=\"\/2015\/12\/Dsb.jpg\"><img decoding=\"async\" class=\"aligncenter size-medium wp-image-69525\" src=\"\/2015\/12\/Dsb-251x255.jpg\" alt=\"Logo don du sang Dsb\" width=\"251\" height=\"255\" \/><\/a><\/p>\n<p>\u00ab\u00a0Les Fran\u00e7ais doivent continuer \u00e0 donner leur sang pour r\u00e9pondre aux besoins des malades.<\/p>\n<p>Les lieux de collecte de sang sont consid\u00e9r\u00e9s par les autorit\u00e9s de l\u2019Etat comme des lieux publics autoris\u00e9s car vitaux et indispensables.<\/p>\n<p>La collecte doit se poursuivre mais il n\u2019y a pas d\u2019appel \u00e0 donner massivement. Le niveau de r\u00e9serve n\u2019est pas alarmant \u00e0 ce stade.<\/p>\n<p>Poursuite de la collecte<\/p>\n<p>\u00d8 Nous invitions les Fran\u00e7ais \u00e0 continuer \u00e0 donner leur sang sauf s\u2019ils pr\u00e9sentent des sympt\u00f4mes grippaux.<\/p>\n<p>\u00d8 Les lieux de collecte de sang sont consid\u00e9r\u00e9s par les autorit\u00e9s de l\u2019Etat comme des lieux publics autoris\u00e9s car vitaux et indispensables. Les collectes de sang ne sont pas des lieux de rassemblement mais des lieux de passage.<\/p>\n<p>\u00d8 Les dons de sang doivent se poursuivre car les malades ont toujours besoin de transfusion. L\u2019EFS doit collecter tous les jours car les produits sanguins ont une dur\u00e9e de vie limit\u00e9e : 7 jours pour les plaquettes et 42 jours pour les globules rouges.<\/p>\n<p>Impact de l\u2019\u00e9pid\u00e9mie<\/p>\n<p>S\u2019il existe des impacts sur nos r\u00e9serves des annulations de collectes, ils sont \u00e0 ce stade maitris\u00e9s. La situation est maitris\u00e9e en lien avec les autorit\u00e9s sanitaires. Nous anticipons et la priorit\u00e9 est de maintenir la collecte car c\u2019est un sujet vital. L\u2019EFS est vigilant et son objectif est de continuer sa mission de sant\u00e9 publique. Les donneurs doivent continuer \u00e0 donner leur sang, ils peuvent le faire en toute s\u00e9curit\u00e9.<\/p>\n<p>\u00d8 A ce jour nos r\u00e9serves sont bonnes mais nous restons tr\u00e8s vigilants au risque de ne plus avoir suffisamment de dons du fait des actions de pr\u00e9vention de la transmission qui conduit \u00e0 limiter les contacts et les d\u00e9placements.<\/p>\n<p>\u00d8 L\u2019EFS est impact\u00e9 par la fermeture des \u00e9tablissements scolaires car un grand nombre de collectes sont pr\u00e9vues dans des lyc\u00e9es et universit\u00e9s au mois de mars. L\u2019EFS demande aux lyc\u00e9ens et \u00e9tudiants de tout de m\u00eame venir donner leur sang, en se d\u00e9pla\u00e7ant sur nos sites fixes ou sur d\u2019autres collectes mobiles.<\/p>\n<p>\u00d8 Certaines collectes sont annul\u00e9es par des entreprises collectivit\u00e9s ou autorit\u00e9s locales. L\u2019EFS essaie de limiter ces annulations, mais est d\u00e9pendant \u00e9galement des lieux qui l\u2019accueillent et des consignes des autorit\u00e9s locales.<\/p>\n<p>\u00d8 La semaine derni\u00e8re l\u2019EFS a constat\u00e9 une baisse de la fr\u00e9quentation des collectes de l\u2019ordre de 10%.<\/p>\n<p>Mesures<\/p>\n<p>\u00d8 L\u2019EFS demande \u00e0 son personnel et \u00e0 tous les donneurs de bien respecter les gestes barri\u00e8res, en particulier le lavage des mains, qui sont tr\u00e8s efficaces pour limiter les risques de transmission du virus.<\/p>\n<p>\u00d8 Des mesures de distanciation, similaires \u00e0 celles prises dans les bureaux de vote, sont mises en place sur les collectes.<\/p>\n<p>\u00d8 Les personnels de collecte seront \u00e9quip\u00e9s de masques.<\/p>\n<p>\u00d8 Jusqu\u2019\u00e0 la semaine derni\u00e8re, les donneurs \u00e9taient ajourn\u00e9s 28 jours s\u2019ils \u00e9taient de retour d\u2019une zone d\u00e9finie \u00e0 risque, essentiellement pour \u00e9viter tout risque de contamination en collecte. A ce stade des connaissances scientifiques, il n\u2019existe pas de risque transfusionnel car le virus n\u2019est pr\u00e9sent dans le sang qu\u2019en cas de sympt\u00f4mes s\u00e9v\u00e8res de la maladie et aucun don n\u2019est autoris\u00e9 en cas de sympt\u00f4mes. Depuis plusieurs jours, le virus circule sur tout le territoire et les organismes de r\u00e9f\u00e9rences n\u2019actualisent plus la liste des zones \u00e0 risque. L\u2019EFS a donc d\u00e9cid\u00e9 de lever cette contre-indication apr\u00e8s s\u00e9jour dans une zone \u00e0 risque.<\/p>\n<p>S\u00e9curit\u00e9 transfusionnelle<\/p>\n<p>A ce stade des connaissances scientifiques, il n\u2019existe pas de risque transfusionnel car le virus n\u2019est pr\u00e9sent dans le sang qu\u2019en cas de sympt\u00f4mes s\u00e9v\u00e8res de la maladie et aucun don n\u2019est autoris\u00e9 en cas de sympt\u00f4mes. Le virus n\u2019est pas pr\u00e9sent dans le sang pendant la p\u00e9riode d\u2019incubation ou en cas de sympt\u00f4mes b\u00e9nins. Les mesures prises concernant les donneurs de sang le sont donc en faveur du principe de pr\u00e9caution.<\/p>\n<p>Collectes : lieux autoris\u00e9s<\/p>\n<p>Les lieux de collecte de sang sont consid\u00e9r\u00e9s par les autorit\u00e9s de l\u2019Etat comme des lieux publics autoris\u00e9s car vitaux et indispensables.<\/p>\n<p>Les citoyens sont autoris\u00e9s \u00e0 se d\u00e9placer pour aller donner leur sang sur les sites de collecte de l\u2019EFS, sous r\u00e9serve de remplir l\u2019attestation officielle ou une d\u00e9claration sur l\u2019honneur indiquant aller donner leur sang, au motif de l\u2019assistance aux personnes vuln\u00e9rables. Un grand merci pour votre mobilisation.\u00a0\u00bb<\/p>\n","protected":false},"excerpt":{"rendered":"<p>\u00ab\u00a0Les Fran\u00e7ais doivent continuer \u00e0 donner leur sang pour r\u00e9pondre aux besoins des malades. Les lieux de collecte de sang [&hellip;]<\/p>\n","protected":false},"author":1,"featured_media":47249,"comment_status":"open","ping_status":"open","sticky":false,"template":"","format":"standard","meta":{"footnotes":""},"categories":[20,12,18],"tags":[],"class_list":["post-47248","post","type-post","status-publish","format-standard","has-post-thumbnail","hentry","category-a-la-une","category-sante","category-vosges"],"acf":[],"yoast_head":"<!-- This site is optimized with the Yoast SEO plugin v22.5 - https:\/\/yoast.com\/wordpress\/plugins\/seo\/ -->\n<title>Don de sang et coronavirus COVID-19 - Gerardmer Info<\/title>\n<meta name=\"robots\" content=\"index, follow, max-snippet:-1, max-image-preview:large, max-video-preview:-1\" \/>\n<link rel=\"canonical\" href=\"https:\/\/vosgesinfo.fr\/gerardmerinfo\/2020\/03\/don-de-sang-coronavirus-covid-19\/\" \/>\n<meta name=\"twitter:card\" content=\"summary_large_image\" \/>\n<meta name=\"twitter:title\" content=\"Don de sang et coronavirus COVID-19 - Gerardmer Info\" \/>\n<meta name=\"twitter:description\" content=\"\u00ab\u00a0Les Fran\u00e7ais doivent continuer \u00e0 donner leur sang pour r\u00e9pondre aux besoins des malades. Les lieux de collecte de sang [&hellip;]\" \/>\n<meta name=\"twitter:image\" content=\"https:\/\/vosgesinfo.fr\/app\/uploads\/sites\/6\/2024\/07\/201512dsb-14.jpg\" \/>\n<meta name=\"twitter:creator\" content=\"@VosgesInfo88\" \/>\n<meta name=\"twitter:site\" content=\"@VosgesInfo88\" \/>\n<meta name=\"twitter:label1\" content=\"\u00c9crit par\" \/>\n\t<meta name=\"twitter:data1\" content=\"qs_admin\" \/>\n\t<meta name=\"twitter:label2\" content=\"Dur\u00e9e de lecture estim\u00e9e\" \/>\n\t<meta name=\"twitter:data2\" content=\"4 minutes\" \/>\n<script type=\"application\/ld+json\" class=\"yoast-schema-graph\">{\"@context\":\"https:\/\/schema.org\",\"@graph\":[{\"@type\":\"Article\",\"@id\":\"https:\/\/vosgesinfo.fr\/gerardmerinfo\/2020\/03\/don-de-sang-coronavirus-covid-19\/#article\",\"isPartOf\":{\"@id\":\"https:\/\/vosgesinfo.fr\/gerardmerinfo\/2020\/03\/don-de-sang-coronavirus-covid-19\/\"},\"author\":{\"name\":\"qs_admin\",\"@id\":\"https:\/\/vosgesinfo.fr\/gerardmerinfo\/#\/schema\/person\/bc5d02d71e6932e81b6dadb7386667b1\"},\"headline\":\"Don de sang et coronavirus COVID-19\",\"datePublished\":\"2020-03-24T08:21:45+00:00\",\"dateModified\":\"2020-03-24T08:21:45+00:00\",\"mainEntityOfPage\":{\"@id\":\"https:\/\/vosgesinfo.fr\/gerardmerinfo\/2020\/03\/don-de-sang-coronavirus-covid-19\/\"},\"wordCount\":789,\"commentCount\":0,\"publisher\":{\"@id\":\"https:\/\/vosgesinfo.fr\/gerardmerinfo\/#organization\"},\"image\":{\"@id\":\"https:\/\/vosgesinfo.fr\/gerardmerinfo\/2020\/03\/don-de-sang-coronavirus-covid-19\/#primaryimage\"},\"thumbnailUrl\":\"https:\/\/vosgesinfo.fr\/app\/uploads\/sites\/6\/2024\/07\/201512dsb-14.jpg\",\"articleSection\":[\"A la une\",\"Sant\u00e9\",\"Vosges\"],\"inLanguage\":\"fr-FR\",\"potentialAction\":[{\"@type\":\"CommentAction\",\"name\":\"Comment\",\"target\":[\"https:\/\/vosgesinfo.fr\/gerardmerinfo\/2020\/03\/don-de-sang-coronavirus-covid-19\/#respond\"]}]},{\"@type\":\"WebPage\",\"@id\":\"https:\/\/vosgesinfo.fr\/gerardmerinfo\/2020\/03\/don-de-sang-coronavirus-covid-19\/\",\"url\":\"https:\/\/vosgesinfo.fr\/gerardmerinfo\/2020\/03\/don-de-sang-coronavirus-covid-19\/\",\"name\":\"Don de sang et coronavirus COVID-19 - Gerardmer Info\",\"isPartOf\":{\"@id\":\"https:\/\/vosgesinfo.fr\/gerardmerinfo\/#website\"},\"primaryImageOfPage\":{\"@id\":\"https:\/\/vosgesinfo.fr\/gerardmerinfo\/2020\/03\/don-de-sang-coronavirus-covid-19\/#primaryimage\"},\"image\":{\"@id\":\"https:\/\/vosgesinfo.fr\/gerardmerinfo\/2020\/03\/don-de-sang-coronavirus-covid-19\/#primaryimage\"},\"thumbnailUrl\":\"https:\/\/vosgesinfo.fr\/app\/uploads\/sites\/6\/2024\/07\/201512dsb-14.jpg\",\"datePublished\":\"2020-03-24T08:21:45+00:00\",\"dateModified\":\"2020-03-24T08:21:45+00:00\",\"breadcrumb\":{\"@id\":\"https:\/\/vosgesinfo.fr\/gerardmerinfo\/2020\/03\/don-de-sang-coronavirus-covid-19\/#breadcrumb\"},\"inLanguage\":\"fr-FR\",\"potentialAction\":[{\"@type\":\"ReadAction\",\"target\":[\"https:\/\/vosgesinfo.fr\/gerardmerinfo\/2020\/03\/don-de-sang-coronavirus-covid-19\/\"]}]},{\"@type\":\"ImageObject\",\"inLanguage\":\"fr-FR\",\"@id\":\"https:\/\/vosgesinfo.fr\/gerardmerinfo\/2020\/03\/don-de-sang-coronavirus-covid-19\/#primaryimage\",\"url\":\"https:\/\/vosgesinfo.fr\/app\/uploads\/sites\/6\/2024\/07\/201512dsb-14.jpg\",\"contentUrl\":\"https:\/\/vosgesinfo.fr\/app\/uploads\/sites\/6\/2024\/07\/201512dsb-14.jpg\",\"width\":1009,\"height\":1024},{\"@type\":\"BreadcrumbList\",\"@id\":\"https:\/\/vosgesinfo.fr\/gerardmerinfo\/2020\/03\/don-de-sang-coronavirus-covid-19\/#breadcrumb\",\"itemListElement\":[{\"@type\":\"ListItem\",\"position\":1,\"name\":\"Home\",\"item\":\"https:\/\/vosgesinfo.fr\/gerardmerinfo\/\"},{\"@type\":\"ListItem\",\"position\":2,\"name\":\"Don de sang et coronavirus COVID-19\"}]},{\"@type\":\"WebSite\",\"@id\":\"https:\/\/vosgesinfo.fr\/gerardmerinfo\/#website\",\"url\":\"https:\/\/vosgesinfo.fr\/gerardmerinfo\/\",\"name\":\"Gerardmer Info\",\"description\":\"Toute l&#039;actualit\u00e9 de G\u00e9rardmer\",\"publisher\":{\"@id\":\"https:\/\/vosgesinfo.fr\/gerardmerinfo\/#organization\"},\"alternateName\":\"Toute l'actualit\u00e9 de G\u00e9rardmer\",\"potentialAction\":[{\"@type\":\"SearchAction\",\"target\":{\"@type\":\"EntryPoint\",\"urlTemplate\":\"https:\/\/vosgesinfo.fr\/gerardmerinfo\/?s={search_term_string}\"},\"query-input\":\"required name=search_term_string\"}],\"inLanguage\":\"fr-FR\"},{\"@type\":\"Organization\",\"@id\":\"https:\/\/vosgesinfo.fr\/gerardmerinfo\/#organization\",\"name\":\"Gerardmer Info\",\"url\":\"https:\/\/vosgesinfo.fr\/gerardmerinfo\/\",\"logo\":{\"@type\":\"ImageObject\",\"inLanguage\":\"fr-FR\",\"@id\":\"https:\/\/vosgesinfo.fr\/gerardmerinfo\/#\/schema\/logo\/image\/\",\"url\":\"https:\/\/vosgesinfo.fr\/app\/uploads\/sites\/6\/2023\/08\/favicon-gerardmerinfo.png\",\"contentUrl\":\"https:\/\/vosgesinfo.fr\/app\/uploads\/sites\/6\/2023\/08\/favicon-gerardmerinfo.png\",\"width\":512,\"height\":512,\"caption\":\"Gerardmer Info\"},\"image\":{\"@id\":\"https:\/\/vosgesinfo.fr\/gerardmerinfo\/#\/schema\/logo\/image\/\"},\"sameAs\":[\"https:\/\/www.facebook.com\/profile.php?id=100049475262660\",\"https:\/\/x.com\/VosgesInfo88\",\"https:\/\/www.youtube.com\/@vosgesinfo\"]},{\"@type\":\"Person\",\"@id\":\"https:\/\/vosgesinfo.fr\/gerardmerinfo\/#\/schema\/person\/bc5d02d71e6932e81b6dadb7386667b1\",\"name\":\"qs_admin\",\"image\":{\"@type\":\"ImageObject\",\"inLanguage\":\"fr-FR\",\"@id\":\"https:\/\/vosgesinfo.fr\/gerardmerinfo\/#\/schema\/person\/image\/\",\"url\":\"https:\/\/secure.gravatar.com\/avatar\/94b18ee0ed79e4a42ea2f2931277b6841a8999fc6fde214600c78057cf1fe1de?s=96&d=mm&r=g\",\"contentUrl\":\"https:\/\/secure.gravatar.com\/avatar\/94b18ee0ed79e4a42ea2f2931277b6841a8999fc6fde214600c78057cf1fe1de?s=96&d=mm&r=g\",\"caption\":\"qs_admin\"},\"sameAs\":[\"https:\/\/vosgesinfo.fr\/wp\"],\"url\":\"https:\/\/vosgesinfo.fr\/gerardmerinfo\/author\/qs_admin\/\"}]}<\/script>\n<!-- \/ Yoast SEO plugin. -->","yoast_head_json":{"title":"Don de sang et coronavirus COVID-19 - Gerardmer Info","robots":{"index":"index","follow":"follow","max-snippet":"max-snippet:-1","max-image-preview":"max-image-preview:large","max-video-preview":"max-video-preview:-1"},"canonical":"https:\/\/vosgesinfo.fr\/gerardmerinfo\/2020\/03\/don-de-sang-coronavirus-covid-19\/","twitter_card":"summary_large_image","twitter_title":"Don de sang et coronavirus COVID-19 - Gerardmer Info","twitter_description":"\u00ab\u00a0Les Fran\u00e7ais doivent continuer \u00e0 donner leur sang pour r\u00e9pondre aux besoins des malades. Les lieux de collecte de sang [&hellip;]","twitter_image":"https:\/\/vosgesinfo.fr\/app\/uploads\/sites\/6\/2024\/07\/201512dsb-14.jpg","twitter_creator":"@VosgesInfo88","twitter_site":"@VosgesInfo88","twitter_misc":{"\u00c9crit par":"qs_admin","Dur\u00e9e de lecture estim\u00e9e":"4 minutes"},"schema":{"@context":"https:\/\/schema.org","@graph":[{"@type":"Article","@id":"https:\/\/vosgesinfo.fr\/gerardmerinfo\/2020\/03\/don-de-sang-coronavirus-covid-19\/#article","isPartOf":{"@id":"https:\/\/vosgesinfo.fr\/gerardmerinfo\/2020\/03\/don-de-sang-coronavirus-covid-19\/"},"author":{"name":"qs_admin","@id":"https:\/\/vosgesinfo.fr\/gerardmerinfo\/#\/schema\/person\/bc5d02d71e6932e81b6dadb7386667b1"},"headline":"Don de sang et coronavirus COVID-19","datePublished":"2020-03-24T08:21:45+00:00","dateModified":"2020-03-24T08:21:45+00:00","mainEntityOfPage":{"@id":"https:\/\/vosgesinfo.fr\/gerardmerinfo\/2020\/03\/don-de-sang-coronavirus-covid-19\/"},"wordCount":789,"commentCount":0,"publisher":{"@id":"https:\/\/vosgesinfo.fr\/gerardmerinfo\/#organization"},"image":{"@id":"https:\/\/vosgesinfo.fr\/gerardmerinfo\/2020\/03\/don-de-sang-coronavirus-covid-19\/#primaryimage"},"thumbnailUrl":"https:\/\/vosgesinfo.fr\/app\/uploads\/sites\/6\/2024\/07\/201512dsb-14.jpg","articleSection":["A la une","Sant\u00e9","Vosges"],"inLanguage":"fr-FR","potentialAction":[{"@type":"CommentAction","name":"Comment","target":["https:\/\/vosgesinfo.fr\/gerardmerinfo\/2020\/03\/don-de-sang-coronavirus-covid-19\/#respond"]}]},{"@type":"WebPage","@id":"https:\/\/vosgesinfo.fr\/gerardmerinfo\/2020\/03\/don-de-sang-coronavirus-covid-19\/","url":"https:\/\/vosgesinfo.fr\/gerardmerinfo\/2020\/03\/don-de-sang-coronavirus-covid-19\/","name":"Don de sang et coronavirus COVID-19 - Gerardmer Info","isPartOf":{"@id":"https:\/\/vosgesinfo.fr\/gerardmerinfo\/#website"},"primaryImageOfPage":{"@id":"https:\/\/vosgesinfo.fr\/gerardmerinfo\/2020\/03\/don-de-sang-coronavirus-covid-19\/#primaryimage"},"image":{"@id":"https:\/\/vosgesinfo.fr\/gerardmerinfo\/2020\/03\/don-de-sang-coronavirus-covid-19\/#primaryimage"},"thumbnailUrl":"https:\/\/vosgesinfo.fr\/app\/uploads\/sites\/6\/2024\/07\/201512dsb-14.jpg","datePublished":"2020-03-24T08:21:45+00:00","dateModified":"2020-03-24T08:21:45+00:00","breadcrumb":{"@id":"https:\/\/vosgesinfo.fr\/gerardmerinfo\/2020\/03\/don-de-sang-coronavirus-covid-19\/#breadcrumb"},"inLanguage":"fr-FR","potentialAction":[{"@type":"ReadAction","target":["https:\/\/vosgesinfo.fr\/gerardmerinfo\/2020\/03\/don-de-sang-coronavirus-covid-19\/"]}]},{"@type":"ImageObject","inLanguage":"fr-FR","@id":"https:\/\/vosgesinfo.fr\/gerardmerinfo\/2020\/03\/don-de-sang-coronavirus-covid-19\/#primaryimage","url":"https:\/\/vosgesinfo.fr\/app\/uploads\/sites\/6\/2024\/07\/201512dsb-14.jpg","contentUrl":"https:\/\/vosgesinfo.fr\/app\/uploads\/sites\/6\/2024\/07\/201512dsb-14.jpg","width":1009,"height":1024},{"@type":"BreadcrumbList","@id":"https:\/\/vosgesinfo.fr\/gerardmerinfo\/2020\/03\/don-de-sang-coronavirus-covid-19\/#breadcrumb","itemListElement":[{"@type":"ListItem","position":1,"name":"Home","item":"https:\/\/vosgesinfo.fr\/gerardmerinfo\/"},{"@type":"ListItem","position":2,"name":"Don de sang et coronavirus COVID-19"}]},{"@type":"WebSite","@id":"https:\/\/vosgesinfo.fr\/gerardmerinfo\/#website","url":"https:\/\/vosgesinfo.fr\/gerardmerinfo\/","name":"Gerardmer Info","description":"Toute l&#039;actualit\u00e9 de G\u00e9rardmer","publisher":{"@id":"https:\/\/vosgesinfo.fr\/gerardmerinfo\/#organization"},"alternateName":"Toute l'actualit\u00e9 de G\u00e9rardmer","potentialAction":[{"@type":"SearchAction","target":{"@type":"EntryPoint","urlTemplate":"https:\/\/vosgesinfo.fr\/gerardmerinfo\/?s={search_term_string}"},"query-input":"required name=search_term_string"}],"inLanguage":"fr-FR"},{"@type":"Organization","@id":"https:\/\/vosgesinfo.fr\/gerardmerinfo\/#organization","name":"Gerardmer Info","url":"https:\/\/vosgesinfo.fr\/gerardmerinfo\/","logo":{"@type":"ImageObject","inLanguage":"fr-FR","@id":"https:\/\/vosgesinfo.fr\/gerardmerinfo\/#\/schema\/logo\/image\/","url":"https:\/\/vosgesinfo.fr\/app\/uploads\/sites\/6\/2023\/08\/favicon-gerardmerinfo.png","contentUrl":"https:\/\/vosgesinfo.fr\/app\/uploads\/sites\/6\/2023\/08\/favicon-gerardmerinfo.png","width":512,"height":512,"caption":"Gerardmer Info"},"image":{"@id":"https:\/\/vosgesinfo.fr\/gerardmerinfo\/#\/schema\/logo\/image\/"},"sameAs":["https:\/\/www.facebook.com\/profile.php?id=100049475262660","https:\/\/x.com\/VosgesInfo88","https:\/\/www.youtube.com\/@vosgesinfo"]},{"@type":"Person","@id":"https:\/\/vosgesinfo.fr\/gerardmerinfo\/#\/schema\/person\/bc5d02d71e6932e81b6dadb7386667b1","name":"qs_admin","image":{"@type":"ImageObject","inLanguage":"fr-FR","@id":"https:\/\/vosgesinfo.fr\/gerardmerinfo\/#\/schema\/person\/image\/","url":"https:\/\/secure.gravatar.com\/avatar\/94b18ee0ed79e4a42ea2f2931277b6841a8999fc6fde214600c78057cf1fe1de?s=96&d=mm&r=g","contentUrl":"https:\/\/secure.gravatar.com\/avatar\/94b18ee0ed79e4a42ea2f2931277b6841a8999fc6fde214600c78057cf1fe1de?s=96&d=mm&r=g","caption":"qs_admin"},"sameAs":["https:\/\/vosgesinfo.fr\/wp"],"url":"https:\/\/vosgesinfo.fr\/gerardmerinfo\/author\/qs_admin\/"}]}},"_links":{"self":[{"href":"https:\/\/vosgesinfo.fr\/gerardmerinfo\/wp-json\/wp\/v2\/posts\/47248","targetHints":{"allow":["GET"]}}],"collection":[{"href":"https:\/\/vosgesinfo.fr\/gerardmerinfo\/wp-json\/wp\/v2\/posts"}],"about":[{"href":"https:\/\/vosgesinfo.fr\/gerardmerinfo\/wp-json\/wp\/v2\/types\/post"}],"author":[{"embeddable":true,"href":"https:\/\/vosgesinfo.fr\/gerardmerinfo\/wp-json\/wp\/v2\/users\/1"}],"replies":[{"embeddable":true,"href":"https:\/\/vosgesinfo.fr\/gerardmerinfo\/wp-json\/wp\/v2\/comments?post=47248"}],"version-history":[{"count":0,"href":"https:\/\/vosgesinfo.fr\/gerardmerinfo\/wp-json\/wp\/v2\/posts\/47248\/revisions"}],"wp:featuredmedia":[{"embeddable":true,"href":"https:\/\/vosgesinfo.fr\/gerardmerinfo\/wp-json\/wp\/v2\/media\/47249"}],"wp:attachment":[{"href":"https:\/\/vosgesinfo.fr\/gerardmerinfo\/wp-json\/wp\/v2\/media?parent=47248"}],"wp:term":[{"taxonomy":"category","embeddable":true,"href":"https:\/\/vosgesinfo.fr\/gerardmerinfo\/wp-json\/wp\/v2\/categories?post=47248"},{"taxonomy":"post_tag","embeddable":true,"href":"https:\/\/vosgesinfo.fr\/gerardmerinfo\/wp-json\/wp\/v2\/tags?post=47248"}],"curies":[{"name":"wp","href":"https:\/\/api.w.org\/{rel}","templated":true}]}}