{"id":47322,"date":"2020-03-24T09:17:44","date_gmt":"2020-03-24T08:17:44","guid":{"rendered":"https:\/\/vosgesinfo.fr\/gerardmerinfo\/2020\/03\/sicovad-collectes-dordures-menageres-residuelles-de-tri-maintenues\/"},"modified":"2020-03-24T09:17:44","modified_gmt":"2020-03-24T08:17:44","slug":"sicovad-collectes-dordures-menageres-residuelles-de-tri-maintenues","status":"publish","type":"post","link":"https:\/\/vosgesinfo.fr\/gerardmerinfo\/2020\/03\/sicovad-collectes-dordures-menageres-residuelles-de-tri-maintenues\/","title":{"rendered":"Sicovad \u2013 les collectes d\u2019ordures m\u00e9nag\u00e8res r\u00e9siduelles et de tri sont maintenues"},"content":{"rendered":"<p>En raison des diff\u00e9rentes mesures prises pour lutter contre le CORONAVIRUS, le SICOVAD vous informe que :<br \/>\nles collectes d\u2019ordures m\u00e9nag\u00e8res r\u00e9siduelles et de tri sont pour l\u2019instant toujours maintenues. Le service en porte \u00e0 porte, y compris donc pour le tri, se poursuit bien \u00e0 ce jour gr\u00e2ce aux mesures prises par le SICOVAD (consolidation de l\u2019organisation op\u00e9rationnelle, mesures de pr\u00e9vention renforc\u00e9es et anticip\u00e9es notamment avec la fourniture de masques\u2026) et par l\u2019implication forte de ses agents que le SICOVAD souhaite vraiment souligner. Attention quand les d\u00e9chets sont collect\u00e9s le matin, il faut bien sortir les bacs \/ sacs la veille au soir !<br \/>\n&gt; la collecte du verre en apport volontaire est maintenue.<br \/>\n&gt; la collecte des encombrants est suspendue.<br \/>\n&gt; toutes les d\u00e9ch\u00e8teries sont ferm\u00e9es.<br \/>\n&gt; la plateforme de compostage est ferm\u00e9e.<br \/>\n&gt; l\u2019accueil physique du SICOVAD est ferm\u00e9 au public et les services administratifs fonctionnent en mode r\u00e9duit. Pour contacter le SICOVAD, en cas d\u2019urgence uniquement, utiliser prioritairement le formulaire de contact pr\u00e9sent sur le site sicovad.fr.<br \/>\n&gt; les services annexes sont stopp\u00e9s : vente de composteurs, livraison de bacs, pr\u00eat de gobelets\u2026<\/p>\n","protected":false},"excerpt":{"rendered":"<p>En raison des diff\u00e9rentes mesures prises pour lutter contre le CORONAVIRUS, le SICOVAD vous informe que : les collectes d\u2019ordures [&hellip;]<\/p>\n","protected":false},"author":1,"featured_media":47323,"comment_status":"open","ping_status":"open","sticky":false,"template":"","format":"standard","meta":{"footnotes":""},"categories":[20,18],"tags":[4339],"class_list":["post-47322","post","type-post","status-publish","format-standard","has-post-thumbnail","hentry","category-a-la-une","category-vosges","tag-sicovad"],"acf":[],"yoast_head":"<!-- This site is optimized with the Yoast SEO plugin v22.5 - https:\/\/yoast.com\/wordpress\/plugins\/seo\/ -->\n<title>Sicovad \u2013 les collectes d\u2019ordures m\u00e9nag\u00e8res r\u00e9siduelles et de tri sont maintenues - Gerardmer Info<\/title>\n<meta name=\"robots\" content=\"index, follow, max-snippet:-1, max-image-preview:large, max-video-preview:-1\" \/>\n<link rel=\"canonical\" href=\"https:\/\/vosgesinfo.fr\/gerardmerinfo\/2020\/03\/sicovad-collectes-dordures-menageres-residuelles-de-tri-maintenues\/\" \/>\n<meta name=\"twitter:card\" content=\"summary_large_image\" \/>\n<meta name=\"twitter:title\" content=\"Sicovad \u2013 les collectes d\u2019ordures m\u00e9nag\u00e8res r\u00e9siduelles et de tri sont maintenues - Gerardmer Info\" \/>\n<meta name=\"twitter:description\" content=\"En raison des diff\u00e9rentes mesures prises pour lutter contre le CORONAVIRUS, le SICOVAD vous informe que : les collectes d\u2019ordures [&hellip;]\" \/>\n<meta name=\"twitter:image\" content=\"https:\/\/vosgesinfo.fr\/app\/uploads\/sites\/6\/2024\/07\/202003ci3.jpg\" \/>\n<meta name=\"twitter:creator\" content=\"@VosgesInfo88\" \/>\n<meta name=\"twitter:site\" content=\"@VosgesInfo88\" \/>\n<meta name=\"twitter:label1\" content=\"\u00c9crit par\" \/>\n\t<meta name=\"twitter:data1\" content=\"qs_admin\" \/>\n\t<meta name=\"twitter:label2\" content=\"Dur\u00e9e de lecture estim\u00e9e\" \/>\n\t<meta name=\"twitter:data2\" content=\"1 minute\" \/>\n<script type=\"application\/ld+json\" class=\"yoast-schema-graph\">{\"@context\":\"https:\/\/schema.org\",\"@graph\":[{\"@type\":\"Article\",\"@id\":\"https:\/\/vosgesinfo.fr\/gerardmerinfo\/2020\/03\/sicovad-collectes-dordures-menageres-residuelles-de-tri-maintenues\/#article\",\"isPartOf\":{\"@id\":\"https:\/\/vosgesinfo.fr\/gerardmerinfo\/2020\/03\/sicovad-collectes-dordures-menageres-residuelles-de-tri-maintenues\/\"},\"author\":{\"name\":\"qs_admin\",\"@id\":\"https:\/\/vosgesinfo.fr\/gerardmerinfo\/#\/schema\/person\/bc5d02d71e6932e81b6dadb7386667b1\"},\"headline\":\"Sicovad \u2013 les collectes d\u2019ordures m\u00e9nag\u00e8res r\u00e9siduelles et de tri sont maintenues\",\"datePublished\":\"2020-03-24T08:17:44+00:00\",\"dateModified\":\"2020-03-24T08:17:44+00:00\",\"mainEntityOfPage\":{\"@id\":\"https:\/\/vosgesinfo.fr\/gerardmerinfo\/2020\/03\/sicovad-collectes-dordures-menageres-residuelles-de-tri-maintenues\/\"},\"wordCount\":222,\"commentCount\":0,\"publisher\":{\"@id\":\"https:\/\/vosgesinfo.fr\/gerardmerinfo\/#organization\"},\"image\":{\"@id\":\"https:\/\/vosgesinfo.fr\/gerardmerinfo\/2020\/03\/sicovad-collectes-dordures-menageres-residuelles-de-tri-maintenues\/#primaryimage\"},\"thumbnailUrl\":\"https:\/\/vosgesinfo.fr\/app\/uploads\/sites\/6\/2024\/07\/202003ci3.jpg\",\"keywords\":[\"SICOVAD\"],\"articleSection\":[\"A la une\",\"Vosges\"],\"inLanguage\":\"fr-FR\",\"potentialAction\":[{\"@type\":\"CommentAction\",\"name\":\"Comment\",\"target\":[\"https:\/\/vosgesinfo.fr\/gerardmerinfo\/2020\/03\/sicovad-collectes-dordures-menageres-residuelles-de-tri-maintenues\/#respond\"]}]},{\"@type\":\"WebPage\",\"@id\":\"https:\/\/vosgesinfo.fr\/gerardmerinfo\/2020\/03\/sicovad-collectes-dordures-menageres-residuelles-de-tri-maintenues\/\",\"url\":\"https:\/\/vosgesinfo.fr\/gerardmerinfo\/2020\/03\/sicovad-collectes-dordures-menageres-residuelles-de-tri-maintenues\/\",\"name\":\"Sicovad \u2013 les collectes d\u2019ordures m\u00e9nag\u00e8res r\u00e9siduelles et de tri sont maintenues - Gerardmer Info\",\"isPartOf\":{\"@id\":\"https:\/\/vosgesinfo.fr\/gerardmerinfo\/#website\"},\"primaryImageOfPage\":{\"@id\":\"https:\/\/vosgesinfo.fr\/gerardmerinfo\/2020\/03\/sicovad-collectes-dordures-menageres-residuelles-de-tri-maintenues\/#primaryimage\"},\"image\":{\"@id\":\"https:\/\/vosgesinfo.fr\/gerardmerinfo\/2020\/03\/sicovad-collectes-dordures-menageres-residuelles-de-tri-maintenues\/#primaryimage\"},\"thumbnailUrl\":\"https:\/\/vosgesinfo.fr\/app\/uploads\/sites\/6\/2024\/07\/202003ci3.jpg\",\"datePublished\":\"2020-03-24T08:17:44+00:00\",\"dateModified\":\"2020-03-24T08:17:44+00:00\",\"breadcrumb\":{\"@id\":\"https:\/\/vosgesinfo.fr\/gerardmerinfo\/2020\/03\/sicovad-collectes-dordures-menageres-residuelles-de-tri-maintenues\/#breadcrumb\"},\"inLanguage\":\"fr-FR\",\"potentialAction\":[{\"@type\":\"ReadAction\",\"target\":[\"https:\/\/vosgesinfo.fr\/gerardmerinfo\/2020\/03\/sicovad-collectes-dordures-menageres-residuelles-de-tri-maintenues\/\"]}]},{\"@type\":\"ImageObject\",\"inLanguage\":\"fr-FR\",\"@id\":\"https:\/\/vosgesinfo.fr\/gerardmerinfo\/2020\/03\/sicovad-collectes-dordures-menageres-residuelles-de-tri-maintenues\/#primaryimage\",\"url\":\"https:\/\/vosgesinfo.fr\/app\/uploads\/sites\/6\/2024\/07\/202003ci3.jpg\",\"contentUrl\":\"https:\/\/vosgesinfo.fr\/app\/uploads\/sites\/6\/2024\/07\/202003ci3.jpg\",\"width\":480,\"height\":233},{\"@type\":\"BreadcrumbList\",\"@id\":\"https:\/\/vosgesinfo.fr\/gerardmerinfo\/2020\/03\/sicovad-collectes-dordures-menageres-residuelles-de-tri-maintenues\/#breadcrumb\",\"itemListElement\":[{\"@type\":\"ListItem\",\"position\":1,\"name\":\"Home\",\"item\":\"https:\/\/vosgesinfo.fr\/gerardmerinfo\/\"},{\"@type\":\"ListItem\",\"position\":2,\"name\":\"Sicovad \u2013 les collectes d\u2019ordures m\u00e9nag\u00e8res r\u00e9siduelles et de tri sont maintenues\"}]},{\"@type\":\"WebSite\",\"@id\":\"https:\/\/vosgesinfo.fr\/gerardmerinfo\/#website\",\"url\":\"https:\/\/vosgesinfo.fr\/gerardmerinfo\/\",\"name\":\"Gerardmer Info\",\"description\":\"Toute l&#039;actualit\u00e9 de G\u00e9rardmer\",\"publisher\":{\"@id\":\"https:\/\/vosgesinfo.fr\/gerardmerinfo\/#organization\"},\"alternateName\":\"Toute l'actualit\u00e9 de G\u00e9rardmer\",\"potentialAction\":[{\"@type\":\"SearchAction\",\"target\":{\"@type\":\"EntryPoint\",\"urlTemplate\":\"https:\/\/vosgesinfo.fr\/gerardmerinfo\/?s={search_term_string}\"},\"query-input\":\"required name=search_term_string\"}],\"inLanguage\":\"fr-FR\"},{\"@type\":\"Organization\",\"@id\":\"https:\/\/vosgesinfo.fr\/gerardmerinfo\/#organization\",\"name\":\"Gerardmer Info\",\"url\":\"https:\/\/vosgesinfo.fr\/gerardmerinfo\/\",\"logo\":{\"@type\":\"ImageObject\",\"inLanguage\":\"fr-FR\",\"@id\":\"https:\/\/vosgesinfo.fr\/gerardmerinfo\/#\/schema\/logo\/image\/\",\"url\":\"https:\/\/vosgesinfo.fr\/app\/uploads\/sites\/6\/2023\/08\/favicon-gerardmerinfo.png\",\"contentUrl\":\"https:\/\/vosgesinfo.fr\/app\/uploads\/sites\/6\/2023\/08\/favicon-gerardmerinfo.png\",\"width\":512,\"height\":512,\"caption\":\"Gerardmer Info\"},\"image\":{\"@id\":\"https:\/\/vosgesinfo.fr\/gerardmerinfo\/#\/schema\/logo\/image\/\"},\"sameAs\":[\"https:\/\/www.facebook.com\/profile.php?id=100049475262660\",\"https:\/\/x.com\/VosgesInfo88\",\"https:\/\/www.youtube.com\/@vosgesinfo\"]},{\"@type\":\"Person\",\"@id\":\"https:\/\/vosgesinfo.fr\/gerardmerinfo\/#\/schema\/person\/bc5d02d71e6932e81b6dadb7386667b1\",\"name\":\"qs_admin\",\"image\":{\"@type\":\"ImageObject\",\"inLanguage\":\"fr-FR\",\"@id\":\"https:\/\/vosgesinfo.fr\/gerardmerinfo\/#\/schema\/person\/image\/\",\"url\":\"https:\/\/secure.gravatar.com\/avatar\/94b18ee0ed79e4a42ea2f2931277b6841a8999fc6fde214600c78057cf1fe1de?s=96&d=mm&r=g\",\"contentUrl\":\"https:\/\/secure.gravatar.com\/avatar\/94b18ee0ed79e4a42ea2f2931277b6841a8999fc6fde214600c78057cf1fe1de?s=96&d=mm&r=g\",\"caption\":\"qs_admin\"},\"sameAs\":[\"https:\/\/vosgesinfo.fr\/wp\"],\"url\":\"https:\/\/vosgesinfo.fr\/gerardmerinfo\/author\/qs_admin\/\"}]}<\/script>\n<!-- \/ Yoast SEO plugin. -->","yoast_head_json":{"title":"Sicovad \u2013 les collectes d\u2019ordures m\u00e9nag\u00e8res r\u00e9siduelles et de tri sont maintenues - Gerardmer Info","robots":{"index":"index","follow":"follow","max-snippet":"max-snippet:-1","max-image-preview":"max-image-preview:large","max-video-preview":"max-video-preview:-1"},"canonical":"https:\/\/vosgesinfo.fr\/gerardmerinfo\/2020\/03\/sicovad-collectes-dordures-menageres-residuelles-de-tri-maintenues\/","twitter_card":"summary_large_image","twitter_title":"Sicovad \u2013 les collectes d\u2019ordures m\u00e9nag\u00e8res r\u00e9siduelles et de tri sont maintenues - Gerardmer Info","twitter_description":"En raison des diff\u00e9rentes mesures prises pour lutter contre le CORONAVIRUS, le SICOVAD vous informe que : les collectes d\u2019ordures [&hellip;]","twitter_image":"https:\/\/vosgesinfo.fr\/app\/uploads\/sites\/6\/2024\/07\/202003ci3.jpg","twitter_creator":"@VosgesInfo88","twitter_site":"@VosgesInfo88","twitter_misc":{"\u00c9crit par":"qs_admin","Dur\u00e9e de lecture estim\u00e9e":"1 minute"},"schema":{"@context":"https:\/\/schema.org","@graph":[{"@type":"Article","@id":"https:\/\/vosgesinfo.fr\/gerardmerinfo\/2020\/03\/sicovad-collectes-dordures-menageres-residuelles-de-tri-maintenues\/#article","isPartOf":{"@id":"https:\/\/vosgesinfo.fr\/gerardmerinfo\/2020\/03\/sicovad-collectes-dordures-menageres-residuelles-de-tri-maintenues\/"},"author":{"name":"qs_admin","@id":"https:\/\/vosgesinfo.fr\/gerardmerinfo\/#\/schema\/person\/bc5d02d71e6932e81b6dadb7386667b1"},"headline":"Sicovad \u2013 les collectes d\u2019ordures m\u00e9nag\u00e8res r\u00e9siduelles et de tri sont maintenues","datePublished":"2020-03-24T08:17:44+00:00","dateModified":"2020-03-24T08:17:44+00:00","mainEntityOfPage":{"@id":"https:\/\/vosgesinfo.fr\/gerardmerinfo\/2020\/03\/sicovad-collectes-dordures-menageres-residuelles-de-tri-maintenues\/"},"wordCount":222,"commentCount":0,"publisher":{"@id":"https:\/\/vosgesinfo.fr\/gerardmerinfo\/#organization"},"image":{"@id":"https:\/\/vosgesinfo.fr\/gerardmerinfo\/2020\/03\/sicovad-collectes-dordures-menageres-residuelles-de-tri-maintenues\/#primaryimage"},"thumbnailUrl":"https:\/\/vosgesinfo.fr\/app\/uploads\/sites\/6\/2024\/07\/202003ci3.jpg","keywords":["SICOVAD"],"articleSection":["A la une","Vosges"],"inLanguage":"fr-FR","potentialAction":[{"@type":"CommentAction","name":"Comment","target":["https:\/\/vosgesinfo.fr\/gerardmerinfo\/2020\/03\/sicovad-collectes-dordures-menageres-residuelles-de-tri-maintenues\/#respond"]}]},{"@type":"WebPage","@id":"https:\/\/vosgesinfo.fr\/gerardmerinfo\/2020\/03\/sicovad-collectes-dordures-menageres-residuelles-de-tri-maintenues\/","url":"https:\/\/vosgesinfo.fr\/gerardmerinfo\/2020\/03\/sicovad-collectes-dordures-menageres-residuelles-de-tri-maintenues\/","name":"Sicovad \u2013 les collectes d\u2019ordures m\u00e9nag\u00e8res r\u00e9siduelles et de tri sont maintenues - Gerardmer Info","isPartOf":{"@id":"https:\/\/vosgesinfo.fr\/gerardmerinfo\/#website"},"primaryImageOfPage":{"@id":"https:\/\/vosgesinfo.fr\/gerardmerinfo\/2020\/03\/sicovad-collectes-dordures-menageres-residuelles-de-tri-maintenues\/#primaryimage"},"image":{"@id":"https:\/\/vosgesinfo.fr\/gerardmerinfo\/2020\/03\/sicovad-collectes-dordures-menageres-residuelles-de-tri-maintenues\/#primaryimage"},"thumbnailUrl":"https:\/\/vosgesinfo.fr\/app\/uploads\/sites\/6\/2024\/07\/202003ci3.jpg","datePublished":"2020-03-24T08:17:44+00:00","dateModified":"2020-03-24T08:17:44+00:00","breadcrumb":{"@id":"https:\/\/vosgesinfo.fr\/gerardmerinfo\/2020\/03\/sicovad-collectes-dordures-menageres-residuelles-de-tri-maintenues\/#breadcrumb"},"inLanguage":"fr-FR","potentialAction":[{"@type":"ReadAction","target":["https:\/\/vosgesinfo.fr\/gerardmerinfo\/2020\/03\/sicovad-collectes-dordures-menageres-residuelles-de-tri-maintenues\/"]}]},{"@type":"ImageObject","inLanguage":"fr-FR","@id":"https:\/\/vosgesinfo.fr\/gerardmerinfo\/2020\/03\/sicovad-collectes-dordures-menageres-residuelles-de-tri-maintenues\/#primaryimage","url":"https:\/\/vosgesinfo.fr\/app\/uploads\/sites\/6\/2024\/07\/202003ci3.jpg","contentUrl":"https:\/\/vosgesinfo.fr\/app\/uploads\/sites\/6\/2024\/07\/202003ci3.jpg","width":480,"height":233},{"@type":"BreadcrumbList","@id":"https:\/\/vosgesinfo.fr\/gerardmerinfo\/2020\/03\/sicovad-collectes-dordures-menageres-residuelles-de-tri-maintenues\/#breadcrumb","itemListElement":[{"@type":"ListItem","position":1,"name":"Home","item":"https:\/\/vosgesinfo.fr\/gerardmerinfo\/"},{"@type":"ListItem","position":2,"name":"Sicovad \u2013 les collectes d\u2019ordures m\u00e9nag\u00e8res r\u00e9siduelles et de tri sont maintenues"}]},{"@type":"WebSite","@id":"https:\/\/vosgesinfo.fr\/gerardmerinfo\/#website","url":"https:\/\/vosgesinfo.fr\/gerardmerinfo\/","name":"Gerardmer Info","description":"Toute l&#039;actualit\u00e9 de G\u00e9rardmer","publisher":{"@id":"https:\/\/vosgesinfo.fr\/gerardmerinfo\/#organization"},"alternateName":"Toute l'actualit\u00e9 de G\u00e9rardmer","potentialAction":[{"@type":"SearchAction","target":{"@type":"EntryPoint","urlTemplate":"https:\/\/vosgesinfo.fr\/gerardmerinfo\/?s={search_term_string}"},"query-input":"required name=search_term_string"}],"inLanguage":"fr-FR"},{"@type":"Organization","@id":"https:\/\/vosgesinfo.fr\/gerardmerinfo\/#organization","name":"Gerardmer Info","url":"https:\/\/vosgesinfo.fr\/gerardmerinfo\/","logo":{"@type":"ImageObject","inLanguage":"fr-FR","@id":"https:\/\/vosgesinfo.fr\/gerardmerinfo\/#\/schema\/logo\/image\/","url":"https:\/\/vosgesinfo.fr\/app\/uploads\/sites\/6\/2023\/08\/favicon-gerardmerinfo.png","contentUrl":"https:\/\/vosgesinfo.fr\/app\/uploads\/sites\/6\/2023\/08\/favicon-gerardmerinfo.png","width":512,"height":512,"caption":"Gerardmer Info"},"image":{"@id":"https:\/\/vosgesinfo.fr\/gerardmerinfo\/#\/schema\/logo\/image\/"},"sameAs":["https:\/\/www.facebook.com\/profile.php?id=100049475262660","https:\/\/x.com\/VosgesInfo88","https:\/\/www.youtube.com\/@vosgesinfo"]},{"@type":"Person","@id":"https:\/\/vosgesinfo.fr\/gerardmerinfo\/#\/schema\/person\/bc5d02d71e6932e81b6dadb7386667b1","name":"qs_admin","image":{"@type":"ImageObject","inLanguage":"fr-FR","@id":"https:\/\/vosgesinfo.fr\/gerardmerinfo\/#\/schema\/person\/image\/","url":"https:\/\/secure.gravatar.com\/avatar\/94b18ee0ed79e4a42ea2f2931277b6841a8999fc6fde214600c78057cf1fe1de?s=96&d=mm&r=g","contentUrl":"https:\/\/secure.gravatar.com\/avatar\/94b18ee0ed79e4a42ea2f2931277b6841a8999fc6fde214600c78057cf1fe1de?s=96&d=mm&r=g","caption":"qs_admin"},"sameAs":["https:\/\/vosgesinfo.fr\/wp"],"url":"https:\/\/vosgesinfo.fr\/gerardmerinfo\/author\/qs_admin\/"}]}},"_links":{"self":[{"href":"https:\/\/vosgesinfo.fr\/gerardmerinfo\/wp-json\/wp\/v2\/posts\/47322","targetHints":{"allow":["GET"]}}],"collection":[{"href":"https:\/\/vosgesinfo.fr\/gerardmerinfo\/wp-json\/wp\/v2\/posts"}],"about":[{"href":"https:\/\/vosgesinfo.fr\/gerardmerinfo\/wp-json\/wp\/v2\/types\/post"}],"author":[{"embeddable":true,"href":"https:\/\/vosgesinfo.fr\/gerardmerinfo\/wp-json\/wp\/v2\/users\/1"}],"replies":[{"embeddable":true,"href":"https:\/\/vosgesinfo.fr\/gerardmerinfo\/wp-json\/wp\/v2\/comments?post=47322"}],"version-history":[{"count":0,"href":"https:\/\/vosgesinfo.fr\/gerardmerinfo\/wp-json\/wp\/v2\/posts\/47322\/revisions"}],"wp:featuredmedia":[{"embeddable":true,"href":"https:\/\/vosgesinfo.fr\/gerardmerinfo\/wp-json\/wp\/v2\/media\/47323"}],"wp:attachment":[{"href":"https:\/\/vosgesinfo.fr\/gerardmerinfo\/wp-json\/wp\/v2\/media?parent=47322"}],"wp:term":[{"taxonomy":"category","embeddable":true,"href":"https:\/\/vosgesinfo.fr\/gerardmerinfo\/wp-json\/wp\/v2\/categories?post=47322"},{"taxonomy":"post_tag","embeddable":true,"href":"https:\/\/vosgesinfo.fr\/gerardmerinfo\/wp-json\/wp\/v2\/tags?post=47322"}],"curies":[{"name":"wp","href":"https:\/\/api.w.org\/{rel}","templated":true}]}}