{"id":47324,"date":"2020-03-24T09:38:55","date_gmt":"2020-03-24T08:38:55","guid":{"rendered":"https:\/\/vosgesinfo.fr\/gerardmerinfo\/2020\/03\/covid-19-lehpad-accueil-de-vologne\/"},"modified":"2020-03-24T09:38:55","modified_gmt":"2020-03-24T08:38:55","slug":"covid-19-lehpad-accueil-de-vologne","status":"publish","type":"post","link":"https:\/\/vosgesinfo.fr\/gerardmerinfo\/2020\/03\/covid-19-lehpad-accueil-de-vologne\/","title":{"rendered":"Le Covid-19 et l&rsquo;EHPAD accueil de la Vologne"},"content":{"rendered":"<h3 style=\"text-align: center;\"><span style=\"font-size: 14pt;\">L\u2019Accueil de la Vologne, un \u00e9tablissement au top de l\u2019entretien des liens familiaux !<\/span><\/h3>\n<p style=\"text-align: left;\"><span style=\"font-size: 14pt;\"><\/p>\n<p>Cette p\u00e9riode de confinement est particuli\u00e8rement d\u00e9licate dans les EHPAD. Ces quelques lignes pour exprimer ma reconnaissance \u00e0 l\u2019ensemble du personnel de l\u2019Accueil de la Vologne \u00e0 Granges sur Vologne. Il faut saisir les opportunit\u00e9s quand elles se pr\u00e9sentent.<\/p>\n<p>Notre p\u00e8re, M. A. r\u00e9side \u00e0 l\u2019Accueil de la Vologne depuis plusieurs ann\u00e9es mais nous n\u2019avons jamais fait part de notre satisfaction quant aux services rendus. Voil\u00e0 que le confinement vient mettre \u00e0 jour ce que nous avions sous les yeux\u2026<\/p>\n<p>Toute l\u2019\u00e9quipe s\u2019adapte \u00e0 la suite des prescriptions gouvernementales. Nous pourrions comprendre l\u2019abattement et la fatigue qui pourraient s\u2019abattre sur elle, bien au contraire ! Ce sont l\u2019\u00e9nergie et l\u2019imagination qu\u2019elle d\u00e9veloppe au jour au jour aupr\u00e8s de nos proches, dans la grande salle au d\u00e9part puis au fil des restrictions dans les \u00e9tages et dans les chambres des r\u00e9sidents, y compris \u00e0 l\u2019Unit\u00e9 de Vie Prot\u00e9g\u00e9e et avec les familles dont je fais partie.<\/p>\n<p>Nous recevons r\u00e9guli\u00e8rement des nouvelles de nos proches avec de nombreuses photos et que les \u00e9changes par vid\u00e9o sont tr\u00e8s \u00e9mouvants. Je ne r\u00e9siste pas \u00e0 livrer quelques uns de ces messages (parfois r\u00e9duits et d\u00e9personnalis\u00e9s) :<\/p>\n<p>\u00ab 11 mars. Tout va tr\u00e8s bien \u00e0 l&rsquo;Accueil de la Vologne, nous mettons tout en \u0153uvre pour que ce virus comme les autres d&rsquo;ailleurs ne rentre pas dans notre maison. Mais la vie continue et m\u00eame si vos visites nous manquent beaucoup, soyez rassur\u00e9s, vos parents semblent bien comprendre que c&rsquo;est mieux pour tout le monde, alors nous prenons notre mal en patience et nous nous occupons. Aujourd&rsquo;hui quelques r\u00e9sidents ont fait leur devoir de citoyens en pr\u00e9parant une procuration. Ce n&rsquo;est quand m\u00eame pas ce satan\u00e9 virus qui va nous emp\u00eacher de nous exprimer ! \u00bb<\/p>\n<p>\u00ab12 mars. La matin\u00e9e a \u00e9t\u00e9 largement consacr\u00e9e\u00a0 \u00e0 la rencontre des r\u00e9sidents en chambre. Certains d\u2019entre eux s&rsquo;inqui\u00e9taient mais quelques minutes au t\u00e9l\u00e9phone avec la famille et \u00e7a va tout de suite beaucoup mieux! Cet apr\u00e8s midi nous nous sommes r\u00e9unis dans le hall pour un apr\u00e8s midi lecture cont\u00e9e, .il y eu de bons \u00e9clats de rires . Apr\u00e8s le gouter nos danseuses ont \u00e9gay\u00e9 la fin de la s\u00e9ance d&rsquo;animation qui s&rsquo;est termin\u00e9e aux alentours de 17h45. Nous n&rsquo;avons pas vu le temps passer et c&rsquo;est tant mieux ! \u00bb<\/p>\n<p>\u00ab 13 mars. Aujourd&rsquo;hui confection de tartes flamb\u00e9es aux Bleuets, d\u00e9gust\u00e9es au d\u00eener et atelier autour de la chanson dans le hall avec un th\u00e8me en lien avec les \u00e9lections municipales : le devoir de m\u00e9moire et la patrie (la carmagnole, ah \u00e7a ira, le chant des partisans, Fleur de Paris, c&rsquo;est nous les Africains\u2026). Les r\u00e9sidents venus tr\u00e8s nombreux chantaient avec enthousiasme ces chants patriotiques qu&rsquo;ils connaissent pour certains par c\u0153ur. \u00bb<\/p>\n<p>\u00ab 16 mars. Nous renfor\u00e7ons les visites dans les chambres et trouvons le moral de nos r\u00e9sidents plut\u00f4t bon. Ce lundi, nous avons fait jeux dans la hall et un atelier-m\u00e9moire \u00e0 l&rsquo;UVP. La participation fut bonne ainsi que l&rsquo;ambiance. On pense \u00e0 vous, \u00e0 tr\u00e8s vite. Faites tr\u00e8s attention \u00e0 vous, bon courage et \u00e0 demain. \u00bb<\/p>\n<p>\u00ab 17 mars. Nous devons nous priver d&rsquo;animation en groupe et de repas en salle \u00e0 manger. Mais la vie continue et les r\u00e9sidents peuvent sortir de leur chambre. Marcher discuter avec son voisin et nous veillons au grain pour maintenir les distances. (\u2026)Vraiment n&rsquo;h\u00e9sitez pas, aujourd&rsquo;hui nous avons fait des \u00e9changes vid\u00e9o avec plusieurs familles. Ce fut dr\u00f4le et parfois \u00e9mouvant et surtout c&rsquo;est tr\u00e8s important pour nos r\u00e9sidents. Nous esp\u00e9rons que chez vous tous va bien. Les \u00e9quipes (soins, logistique, direction) font un travail formidable: de la pr\u00e9vention, des d\u00e9sinfections etc&#8230; \u00bb<\/p>\n<p>\u00ab 18 mars. Ce matin beaucoup ont profit\u00e9 de discuter et voir les familles, encore une fois ce fut tendre et dr\u00f4le \u00e0 la fois. Mme L. a eu droit \u00e0 un petit concert de piano de sa petite fille, comme \u00e7a lui a fait du bien ! A l&rsquo;UVP\u00a0 les chaises et fauteuils ont \u00e9t\u00e9 \u00e9loign\u00e9s les uns des autres, cependant il est parfois compliqu\u00e9 pour les r\u00e9sidents de comprendre, ils ont tellement habitu\u00e9s aux contacts entre eux.\u00a0 Les angoisses ont \u00e9t\u00e9 dissip\u00e9es par un atelier chant.<br \/>\nLe personnel est formidable, la bonne humeur r\u00e8gne dans la maison, tous vos messages d&rsquo;encouragements, de bienveillances leur sont transmis et \u00e7a les booste. Merci de vos messages, ils sont notre carburant. \u00bb<\/p>\n<p>\u00ab 19 mars 2020.\u00a0 Hier apr\u00e8s-midi des sorties ont \u00e9t\u00e9 organis\u00e9es dans le parc avec Christine et Marion les animatrices, et des soignants. Des sorties qui ont \u00e9t\u00e9 renouvel\u00e9es aujourd&rsquo;hui vers 18h, il faisait encore bon. Ce matin encore de chouettes conversations via les r\u00e9seaux sociaux.\u00a0 Il est bon les observer \u00e9merveiller de pouvoir vous voir et discuter avec vous par t\u00e9l\u00e9phone. Une famille m&rsquo;a envoy\u00e9 par mail une tr\u00e8s belle lettre illustr\u00e9e de photos et d&rsquo;anecdotes que j&rsquo;ai imprim\u00e9, c&rsquo;est chouette parce que c&rsquo;est un moment de partage puis la lettre reste dans la chambre et le r\u00e9sident peut la lire et la regarder \u00e0 sa guise.<br \/>\nAujourd&rsquo;hui, 96 petits coeurs confectionn\u00e9s par les jeunes enfants des soignants accueillis \u00e0 la micro-cr\u00e8che de Granges ont \u00e9t\u00e9 distribu\u00e9s. A chaque petit c\u0153ur, un sourire. Cet apr\u00e8s midi les \u00e9tages ont \u00e9t\u00e9 anim\u00e9s un par un, cr\u00e9ant dans les petits salons un petit lieu d&rsquo;animation ou chaque r\u00e9sident pr\u00e9sent\u00a0 \u00e9tait espac\u00e9 d&rsquo;1 m\u00e8tre, d&rsquo;autres r\u00e9sidents \u00e9coutaient en ayant laiss\u00e9 leur porte ouverte de toute fa\u00e7on on ne pouvait que nous entendre !<br \/>\nAux\u00a0 Bleuets (UVP),\u00a0 c\u2019\u00e9tait atelier cuisine, avec g\u00e2teau marbr\u00e9, ils ont tous particip\u00e9 de la confection \u00e0 la d\u00e9gustation. Je pense que c&rsquo;\u00e9tait super bon car je n&rsquo;ai pas vu la couleur du g\u00e2teau ! \u00bb<\/p>\n<p>Au nom des proches d\u2019un r\u00e9sident, M. A., je salue le d\u00e9vouement de tout le personnel de l\u2019Accueil de la Vologne, leur exprime ma sinc\u00e8re et profonde reconnaissance.<\/span><\/p>\n<p><strong>Agn\u00e8s ARNOULD<\/strong><\/p>\n","protected":false},"excerpt":{"rendered":"<p>L\u2019Accueil de la Vologne, un \u00e9tablissement au top de l\u2019entretien des liens familiaux ! Cette p\u00e9riode de confinement est particuli\u00e8rement [&hellip;]<\/p>\n","protected":false},"author":1,"featured_media":47325,"comment_status":"open","ping_status":"open","sticky":false,"template":"","format":"standard","meta":{"footnotes":""},"categories":[20,12,18],"tags":[4340],"class_list":["post-47324","post","type-post","status-publish","format-standard","has-post-thumbnail","hentry","category-a-la-une","category-sante","category-vosges","tag-accueil-de-la-vologne"],"acf":[],"yoast_head":"<!-- This site is optimized with the Yoast SEO plugin v22.5 - https:\/\/yoast.com\/wordpress\/plugins\/seo\/ -->\n<title>Le Covid-19 et l&#039;EHPAD accueil de la Vologne - Gerardmer Info<\/title>\n<meta name=\"robots\" content=\"index, follow, max-snippet:-1, max-image-preview:large, max-video-preview:-1\" \/>\n<link rel=\"canonical\" href=\"https:\/\/vosgesinfo.fr\/gerardmerinfo\/2020\/03\/covid-19-lehpad-accueil-de-vologne\/\" \/>\n<meta name=\"twitter:card\" content=\"summary_large_image\" \/>\n<meta name=\"twitter:title\" content=\"Le Covid-19 et l&#039;EHPAD accueil de la Vologne - Gerardmer Info\" \/>\n<meta name=\"twitter:description\" content=\"L\u2019Accueil de la Vologne, un \u00e9tablissement au top de l\u2019entretien des liens familiaux ! Cette p\u00e9riode de confinement est particuli\u00e8rement [&hellip;]\" \/>\n<meta name=\"twitter:image\" content=\"https:\/\/vosgesinfo.fr\/app\/uploads\/sites\/6\/2024\/07\/2020039888.jpg\" \/>\n<meta name=\"twitter:creator\" content=\"@VosgesInfo88\" \/>\n<meta name=\"twitter:site\" content=\"@VosgesInfo88\" \/>\n<meta name=\"twitter:label1\" content=\"\u00c9crit par\" \/>\n\t<meta name=\"twitter:data1\" content=\"qs_admin\" \/>\n\t<meta name=\"twitter:label2\" content=\"Dur\u00e9e de lecture estim\u00e9e\" \/>\n\t<meta name=\"twitter:data2\" content=\"5 minutes\" \/>\n<script type=\"application\/ld+json\" class=\"yoast-schema-graph\">{\"@context\":\"https:\/\/schema.org\",\"@graph\":[{\"@type\":\"Article\",\"@id\":\"https:\/\/vosgesinfo.fr\/gerardmerinfo\/2020\/03\/covid-19-lehpad-accueil-de-vologne\/#article\",\"isPartOf\":{\"@id\":\"https:\/\/vosgesinfo.fr\/gerardmerinfo\/2020\/03\/covid-19-lehpad-accueil-de-vologne\/\"},\"author\":{\"name\":\"qs_admin\",\"@id\":\"https:\/\/vosgesinfo.fr\/gerardmerinfo\/#\/schema\/person\/bc5d02d71e6932e81b6dadb7386667b1\"},\"headline\":\"Le Covid-19 et l&rsquo;EHPAD accueil de la Vologne\",\"datePublished\":\"2020-03-24T08:38:55+00:00\",\"dateModified\":\"2020-03-24T08:38:55+00:00\",\"mainEntityOfPage\":{\"@id\":\"https:\/\/vosgesinfo.fr\/gerardmerinfo\/2020\/03\/covid-19-lehpad-accueil-de-vologne\/\"},\"wordCount\":1097,\"commentCount\":0,\"publisher\":{\"@id\":\"https:\/\/vosgesinfo.fr\/gerardmerinfo\/#organization\"},\"image\":{\"@id\":\"https:\/\/vosgesinfo.fr\/gerardmerinfo\/2020\/03\/covid-19-lehpad-accueil-de-vologne\/#primaryimage\"},\"thumbnailUrl\":\"https:\/\/vosgesinfo.fr\/app\/uploads\/sites\/6\/2024\/07\/2020039888.jpg\",\"keywords\":[\"Accueil de la Vologne\"],\"articleSection\":[\"A la une\",\"Sant\u00e9\",\"Vosges\"],\"inLanguage\":\"fr-FR\",\"potentialAction\":[{\"@type\":\"CommentAction\",\"name\":\"Comment\",\"target\":[\"https:\/\/vosgesinfo.fr\/gerardmerinfo\/2020\/03\/covid-19-lehpad-accueil-de-vologne\/#respond\"]}]},{\"@type\":\"WebPage\",\"@id\":\"https:\/\/vosgesinfo.fr\/gerardmerinfo\/2020\/03\/covid-19-lehpad-accueil-de-vologne\/\",\"url\":\"https:\/\/vosgesinfo.fr\/gerardmerinfo\/2020\/03\/covid-19-lehpad-accueil-de-vologne\/\",\"name\":\"Le Covid-19 et l'EHPAD accueil de la Vologne - Gerardmer Info\",\"isPartOf\":{\"@id\":\"https:\/\/vosgesinfo.fr\/gerardmerinfo\/#website\"},\"primaryImageOfPage\":{\"@id\":\"https:\/\/vosgesinfo.fr\/gerardmerinfo\/2020\/03\/covid-19-lehpad-accueil-de-vologne\/#primaryimage\"},\"image\":{\"@id\":\"https:\/\/vosgesinfo.fr\/gerardmerinfo\/2020\/03\/covid-19-lehpad-accueil-de-vologne\/#primaryimage\"},\"thumbnailUrl\":\"https:\/\/vosgesinfo.fr\/app\/uploads\/sites\/6\/2024\/07\/2020039888.jpg\",\"datePublished\":\"2020-03-24T08:38:55+00:00\",\"dateModified\":\"2020-03-24T08:38:55+00:00\",\"breadcrumb\":{\"@id\":\"https:\/\/vosgesinfo.fr\/gerardmerinfo\/2020\/03\/covid-19-lehpad-accueil-de-vologne\/#breadcrumb\"},\"inLanguage\":\"fr-FR\",\"potentialAction\":[{\"@type\":\"ReadAction\",\"target\":[\"https:\/\/vosgesinfo.fr\/gerardmerinfo\/2020\/03\/covid-19-lehpad-accueil-de-vologne\/\"]}]},{\"@type\":\"ImageObject\",\"inLanguage\":\"fr-FR\",\"@id\":\"https:\/\/vosgesinfo.fr\/gerardmerinfo\/2020\/03\/covid-19-lehpad-accueil-de-vologne\/#primaryimage\",\"url\":\"https:\/\/vosgesinfo.fr\/app\/uploads\/sites\/6\/2024\/07\/2020039888.jpg\",\"contentUrl\":\"https:\/\/vosgesinfo.fr\/app\/uploads\/sites\/6\/2024\/07\/2020039888.jpg\",\"width\":290,\"height\":203},{\"@type\":\"BreadcrumbList\",\"@id\":\"https:\/\/vosgesinfo.fr\/gerardmerinfo\/2020\/03\/covid-19-lehpad-accueil-de-vologne\/#breadcrumb\",\"itemListElement\":[{\"@type\":\"ListItem\",\"position\":1,\"name\":\"Home\",\"item\":\"https:\/\/vosgesinfo.fr\/gerardmerinfo\/\"},{\"@type\":\"ListItem\",\"position\":2,\"name\":\"Le Covid-19 et l&rsquo;EHPAD accueil de la Vologne\"}]},{\"@type\":\"WebSite\",\"@id\":\"https:\/\/vosgesinfo.fr\/gerardmerinfo\/#website\",\"url\":\"https:\/\/vosgesinfo.fr\/gerardmerinfo\/\",\"name\":\"Gerardmer Info\",\"description\":\"Toute l&#039;actualit\u00e9 de G\u00e9rardmer\",\"publisher\":{\"@id\":\"https:\/\/vosgesinfo.fr\/gerardmerinfo\/#organization\"},\"alternateName\":\"Toute l'actualit\u00e9 de G\u00e9rardmer\",\"potentialAction\":[{\"@type\":\"SearchAction\",\"target\":{\"@type\":\"EntryPoint\",\"urlTemplate\":\"https:\/\/vosgesinfo.fr\/gerardmerinfo\/?s={search_term_string}\"},\"query-input\":\"required name=search_term_string\"}],\"inLanguage\":\"fr-FR\"},{\"@type\":\"Organization\",\"@id\":\"https:\/\/vosgesinfo.fr\/gerardmerinfo\/#organization\",\"name\":\"Gerardmer Info\",\"url\":\"https:\/\/vosgesinfo.fr\/gerardmerinfo\/\",\"logo\":{\"@type\":\"ImageObject\",\"inLanguage\":\"fr-FR\",\"@id\":\"https:\/\/vosgesinfo.fr\/gerardmerinfo\/#\/schema\/logo\/image\/\",\"url\":\"https:\/\/vosgesinfo.fr\/app\/uploads\/sites\/6\/2023\/08\/favicon-gerardmerinfo.png\",\"contentUrl\":\"https:\/\/vosgesinfo.fr\/app\/uploads\/sites\/6\/2023\/08\/favicon-gerardmerinfo.png\",\"width\":512,\"height\":512,\"caption\":\"Gerardmer Info\"},\"image\":{\"@id\":\"https:\/\/vosgesinfo.fr\/gerardmerinfo\/#\/schema\/logo\/image\/\"},\"sameAs\":[\"https:\/\/www.facebook.com\/profile.php?id=100049475262660\",\"https:\/\/x.com\/VosgesInfo88\",\"https:\/\/www.youtube.com\/@vosgesinfo\"]},{\"@type\":\"Person\",\"@id\":\"https:\/\/vosgesinfo.fr\/gerardmerinfo\/#\/schema\/person\/bc5d02d71e6932e81b6dadb7386667b1\",\"name\":\"qs_admin\",\"image\":{\"@type\":\"ImageObject\",\"inLanguage\":\"fr-FR\",\"@id\":\"https:\/\/vosgesinfo.fr\/gerardmerinfo\/#\/schema\/person\/image\/\",\"url\":\"https:\/\/secure.gravatar.com\/avatar\/94b18ee0ed79e4a42ea2f2931277b6841a8999fc6fde214600c78057cf1fe1de?s=96&d=mm&r=g\",\"contentUrl\":\"https:\/\/secure.gravatar.com\/avatar\/94b18ee0ed79e4a42ea2f2931277b6841a8999fc6fde214600c78057cf1fe1de?s=96&d=mm&r=g\",\"caption\":\"qs_admin\"},\"sameAs\":[\"https:\/\/vosgesinfo.fr\/wp\"],\"url\":\"https:\/\/vosgesinfo.fr\/gerardmerinfo\/author\/qs_admin\/\"}]}<\/script>\n<!-- \/ Yoast SEO plugin. -->","yoast_head_json":{"title":"Le Covid-19 et l'EHPAD accueil de la Vologne - Gerardmer Info","robots":{"index":"index","follow":"follow","max-snippet":"max-snippet:-1","max-image-preview":"max-image-preview:large","max-video-preview":"max-video-preview:-1"},"canonical":"https:\/\/vosgesinfo.fr\/gerardmerinfo\/2020\/03\/covid-19-lehpad-accueil-de-vologne\/","twitter_card":"summary_large_image","twitter_title":"Le Covid-19 et l'EHPAD accueil de la Vologne - Gerardmer Info","twitter_description":"L\u2019Accueil de la Vologne, un \u00e9tablissement au top de l\u2019entretien des liens familiaux ! Cette p\u00e9riode de confinement est particuli\u00e8rement [&hellip;]","twitter_image":"https:\/\/vosgesinfo.fr\/app\/uploads\/sites\/6\/2024\/07\/2020039888.jpg","twitter_creator":"@VosgesInfo88","twitter_site":"@VosgesInfo88","twitter_misc":{"\u00c9crit par":"qs_admin","Dur\u00e9e de lecture estim\u00e9e":"5 minutes"},"schema":{"@context":"https:\/\/schema.org","@graph":[{"@type":"Article","@id":"https:\/\/vosgesinfo.fr\/gerardmerinfo\/2020\/03\/covid-19-lehpad-accueil-de-vologne\/#article","isPartOf":{"@id":"https:\/\/vosgesinfo.fr\/gerardmerinfo\/2020\/03\/covid-19-lehpad-accueil-de-vologne\/"},"author":{"name":"qs_admin","@id":"https:\/\/vosgesinfo.fr\/gerardmerinfo\/#\/schema\/person\/bc5d02d71e6932e81b6dadb7386667b1"},"headline":"Le Covid-19 et l&rsquo;EHPAD accueil de la Vologne","datePublished":"2020-03-24T08:38:55+00:00","dateModified":"2020-03-24T08:38:55+00:00","mainEntityOfPage":{"@id":"https:\/\/vosgesinfo.fr\/gerardmerinfo\/2020\/03\/covid-19-lehpad-accueil-de-vologne\/"},"wordCount":1097,"commentCount":0,"publisher":{"@id":"https:\/\/vosgesinfo.fr\/gerardmerinfo\/#organization"},"image":{"@id":"https:\/\/vosgesinfo.fr\/gerardmerinfo\/2020\/03\/covid-19-lehpad-accueil-de-vologne\/#primaryimage"},"thumbnailUrl":"https:\/\/vosgesinfo.fr\/app\/uploads\/sites\/6\/2024\/07\/2020039888.jpg","keywords":["Accueil de la Vologne"],"articleSection":["A la une","Sant\u00e9","Vosges"],"inLanguage":"fr-FR","potentialAction":[{"@type":"CommentAction","name":"Comment","target":["https:\/\/vosgesinfo.fr\/gerardmerinfo\/2020\/03\/covid-19-lehpad-accueil-de-vologne\/#respond"]}]},{"@type":"WebPage","@id":"https:\/\/vosgesinfo.fr\/gerardmerinfo\/2020\/03\/covid-19-lehpad-accueil-de-vologne\/","url":"https:\/\/vosgesinfo.fr\/gerardmerinfo\/2020\/03\/covid-19-lehpad-accueil-de-vologne\/","name":"Le Covid-19 et l'EHPAD accueil de la Vologne - Gerardmer Info","isPartOf":{"@id":"https:\/\/vosgesinfo.fr\/gerardmerinfo\/#website"},"primaryImageOfPage":{"@id":"https:\/\/vosgesinfo.fr\/gerardmerinfo\/2020\/03\/covid-19-lehpad-accueil-de-vologne\/#primaryimage"},"image":{"@id":"https:\/\/vosgesinfo.fr\/gerardmerinfo\/2020\/03\/covid-19-lehpad-accueil-de-vologne\/#primaryimage"},"thumbnailUrl":"https:\/\/vosgesinfo.fr\/app\/uploads\/sites\/6\/2024\/07\/2020039888.jpg","datePublished":"2020-03-24T08:38:55+00:00","dateModified":"2020-03-24T08:38:55+00:00","breadcrumb":{"@id":"https:\/\/vosgesinfo.fr\/gerardmerinfo\/2020\/03\/covid-19-lehpad-accueil-de-vologne\/#breadcrumb"},"inLanguage":"fr-FR","potentialAction":[{"@type":"ReadAction","target":["https:\/\/vosgesinfo.fr\/gerardmerinfo\/2020\/03\/covid-19-lehpad-accueil-de-vologne\/"]}]},{"@type":"ImageObject","inLanguage":"fr-FR","@id":"https:\/\/vosgesinfo.fr\/gerardmerinfo\/2020\/03\/covid-19-lehpad-accueil-de-vologne\/#primaryimage","url":"https:\/\/vosgesinfo.fr\/app\/uploads\/sites\/6\/2024\/07\/2020039888.jpg","contentUrl":"https:\/\/vosgesinfo.fr\/app\/uploads\/sites\/6\/2024\/07\/2020039888.jpg","width":290,"height":203},{"@type":"BreadcrumbList","@id":"https:\/\/vosgesinfo.fr\/gerardmerinfo\/2020\/03\/covid-19-lehpad-accueil-de-vologne\/#breadcrumb","itemListElement":[{"@type":"ListItem","position":1,"name":"Home","item":"https:\/\/vosgesinfo.fr\/gerardmerinfo\/"},{"@type":"ListItem","position":2,"name":"Le Covid-19 et l&rsquo;EHPAD accueil de la Vologne"}]},{"@type":"WebSite","@id":"https:\/\/vosgesinfo.fr\/gerardmerinfo\/#website","url":"https:\/\/vosgesinfo.fr\/gerardmerinfo\/","name":"Gerardmer Info","description":"Toute l&#039;actualit\u00e9 de G\u00e9rardmer","publisher":{"@id":"https:\/\/vosgesinfo.fr\/gerardmerinfo\/#organization"},"alternateName":"Toute l'actualit\u00e9 de G\u00e9rardmer","potentialAction":[{"@type":"SearchAction","target":{"@type":"EntryPoint","urlTemplate":"https:\/\/vosgesinfo.fr\/gerardmerinfo\/?s={search_term_string}"},"query-input":"required name=search_term_string"}],"inLanguage":"fr-FR"},{"@type":"Organization","@id":"https:\/\/vosgesinfo.fr\/gerardmerinfo\/#organization","name":"Gerardmer Info","url":"https:\/\/vosgesinfo.fr\/gerardmerinfo\/","logo":{"@type":"ImageObject","inLanguage":"fr-FR","@id":"https:\/\/vosgesinfo.fr\/gerardmerinfo\/#\/schema\/logo\/image\/","url":"https:\/\/vosgesinfo.fr\/app\/uploads\/sites\/6\/2023\/08\/favicon-gerardmerinfo.png","contentUrl":"https:\/\/vosgesinfo.fr\/app\/uploads\/sites\/6\/2023\/08\/favicon-gerardmerinfo.png","width":512,"height":512,"caption":"Gerardmer Info"},"image":{"@id":"https:\/\/vosgesinfo.fr\/gerardmerinfo\/#\/schema\/logo\/image\/"},"sameAs":["https:\/\/www.facebook.com\/profile.php?id=100049475262660","https:\/\/x.com\/VosgesInfo88","https:\/\/www.youtube.com\/@vosgesinfo"]},{"@type":"Person","@id":"https:\/\/vosgesinfo.fr\/gerardmerinfo\/#\/schema\/person\/bc5d02d71e6932e81b6dadb7386667b1","name":"qs_admin","image":{"@type":"ImageObject","inLanguage":"fr-FR","@id":"https:\/\/vosgesinfo.fr\/gerardmerinfo\/#\/schema\/person\/image\/","url":"https:\/\/secure.gravatar.com\/avatar\/94b18ee0ed79e4a42ea2f2931277b6841a8999fc6fde214600c78057cf1fe1de?s=96&d=mm&r=g","contentUrl":"https:\/\/secure.gravatar.com\/avatar\/94b18ee0ed79e4a42ea2f2931277b6841a8999fc6fde214600c78057cf1fe1de?s=96&d=mm&r=g","caption":"qs_admin"},"sameAs":["https:\/\/vosgesinfo.fr\/wp"],"url":"https:\/\/vosgesinfo.fr\/gerardmerinfo\/author\/qs_admin\/"}]}},"_links":{"self":[{"href":"https:\/\/vosgesinfo.fr\/gerardmerinfo\/wp-json\/wp\/v2\/posts\/47324","targetHints":{"allow":["GET"]}}],"collection":[{"href":"https:\/\/vosgesinfo.fr\/gerardmerinfo\/wp-json\/wp\/v2\/posts"}],"about":[{"href":"https:\/\/vosgesinfo.fr\/gerardmerinfo\/wp-json\/wp\/v2\/types\/post"}],"author":[{"embeddable":true,"href":"https:\/\/vosgesinfo.fr\/gerardmerinfo\/wp-json\/wp\/v2\/users\/1"}],"replies":[{"embeddable":true,"href":"https:\/\/vosgesinfo.fr\/gerardmerinfo\/wp-json\/wp\/v2\/comments?post=47324"}],"version-history":[{"count":0,"href":"https:\/\/vosgesinfo.fr\/gerardmerinfo\/wp-json\/wp\/v2\/posts\/47324\/revisions"}],"wp:featuredmedia":[{"embeddable":true,"href":"https:\/\/vosgesinfo.fr\/gerardmerinfo\/wp-json\/wp\/v2\/media\/47325"}],"wp:attachment":[{"href":"https:\/\/vosgesinfo.fr\/gerardmerinfo\/wp-json\/wp\/v2\/media?parent=47324"}],"wp:term":[{"taxonomy":"category","embeddable":true,"href":"https:\/\/vosgesinfo.fr\/gerardmerinfo\/wp-json\/wp\/v2\/categories?post=47324"},{"taxonomy":"post_tag","embeddable":true,"href":"https:\/\/vosgesinfo.fr\/gerardmerinfo\/wp-json\/wp\/v2\/tags?post=47324"}],"curies":[{"name":"wp","href":"https:\/\/api.w.org\/{rel}","templated":true}]}}