{"id":47398,"date":"2020-03-30T07:40:51","date_gmt":"2020-03-30T05:40:51","guid":{"rendered":"https:\/\/vosgesinfo.fr\/gerardmerinfo\/2020\/03\/nouvelle-situation-coronavirus-grand\/"},"modified":"2020-03-30T07:40:51","modified_gmt":"2020-03-30T05:40:51","slug":"nouvelle-situation-coronavirus-grand","status":"publish","type":"post","link":"https:\/\/vosgesinfo.fr\/gerardmerinfo\/2020\/03\/nouvelle-situation-coronavirus-grand\/","title":{"rendered":"Nouvelle situation du Coronavirus dans le Grand Est"},"content":{"rendered":"<p><a href=\"https:\/\/gerardmerinfo.fr\/2020\/03\/nouvelle-situation-coronavirus-grand\/coro100\/\" rel=\"attachment wp-att-161444\"><img decoding=\"async\" class=\"alignright size-medium wp-image-161444\" src=\"\/2020\/03\/coro100-400x225.jpg\" alt=\"coro100\" width=\"400\" height=\"225\" \/><\/a>Au 29 mars \u00e0 14h, 3940 personnes sont hospitalis\u00e9es dans le Grand Est, dont 774 en r\u00e9animation soit 12 de moins qu\u2019hier.<br \/>\nLe nombre de patients pris en charge en r\u00e9animation ce jour est en l\u00e9g\u00e8re baisse, en raison de plus de 40 transferts \u00e0 destination de l\u2019\u00e9tranger et d\u2019autres r\u00e9gions fran\u00e7aises.<br \/>\n1357 personnes sont d\u2019ores et d\u00e9j\u00e0 sorties d\u2019hospitalisation, leur \u00e9tat de sant\u00e9 ayant \u00e9t\u00e9 consid\u00e9r\u00e9 comme rassurant.<br \/>\nDepuis le d\u00e9but de l\u2019\u00e9pid\u00e9mie, le nombre total de d\u00e9c\u00e8s de patients d\u00e9clar\u00e9s par les \u00e9tablissements<br \/>\nsanitaires du Grand Est s\u2019\u00e9l\u00e8ve \u00e0 816 en prenant en compte les personnes confirm\u00e9es virologiquement<br \/>\npositives au Coronavirus Covid-19 ainsi que les personnes non test\u00e9es mais dont le d\u00e9c\u00e8s est rapport\u00e9 \u00e0 une infection par Coronavirus.<br \/>\nCette \u00e9volution confirme que la situation continue de s\u2019aggraver. Il est absolument imp\u00e9ratif de rester en confinement chez soi, de limiter au strict minimum ses d\u00e9placements ext\u00e9rieurs et de respecter <strong>strictement les mesures barri\u00e8res.<\/strong><br \/>\n<strong> Trains m\u00e9dicalis\u00e9s<\/strong><br \/>\nLes trains sanitaires, transportant 36 patients au total, sont arriv\u00e9s \u00e0 destination ce jour. Tous les patients ont \u00e9t\u00e9 pris en charge dans les \u00e9tablissements d\u2019accueil de Nouvelle Aquitaine. L\u2019ARS Grand Est tient \u00e0 saluer et remercier toutes les \u00e9quipes mobilis\u00e9es pour cette op\u00e9ration.<br \/>\n<strong>De nouveaux transferts transfrontaliers<\/strong><br \/>\nDans le cadre des accords-cadres sanitaires et en compl\u00e9ment des conventions de coop\u00e9ration d\u00e9j\u00e0<br \/>\nexistantes avec l\u2019Allemagne, la Suisse et le Luxembourg, et avec l\u2019appui des autorit\u00e9s des pays concern\u00e9s ce sont pr\u00e8s de 100 patients du Grand Est qui sont accueillis par nos voisins. De nouveaux transferts ont pu \u00eatre de nouveau r\u00e9alis\u00e9s aujourd\u2019hui vers la Suisse et l\u2019Allemagne.<br \/>\nCette aide internationale est indispensable pour faire face \u00e0 l\u2019afflux croissant de patients dans les<br \/>\n\u00e9tablissements du Grand Est et vient compl\u00e9ter la solidarit\u00e9 mise en oeuvre depuis d\u00e9j\u00e0 plusieurs jours \u00e0 l\u2019\u00e9chelle intra-r\u00e9gionale et nationale.<br \/>\nL\u2019ARS Grand Est tient \u00e0 saluer les autorit\u00e9s sanitaires du Luxembourg, de la Suisse et de l\u2019Allemagne et remercier vivement les professionnels qui se mobilisent pour notre r\u00e9gion dans le cadre de ces transferts.<br \/>\n<strong>Rappel des consignes \u00e0 respecter<\/strong><br \/>\nLe minist\u00e8re des Solidarit\u00e9s et de la Sant\u00e9 actualise ses recommandations r\u00e9guli\u00e8rement pour prot\u00e9ger votre sant\u00e9 et vous recommande les bons gestes \u00e0 adopter face au Coronavirus COVID-19. Face aux<br \/>\ninfections, il existe des gestes simples pour pr\u00e9server votre sant\u00e9 et celle de votre entourage :<br \/>\n\uf0b7 Rester chez soi,<br \/>\n\uf0b7 Se laver tr\u00e8s r\u00e9guli\u00e8rement les mains avec du savon ou utiliser une solution hydro alcoolique,<br \/>\n\uf0b7 Tousser ou \u00e9ternuer dans son coude ou dans un mouchoir,<br \/>\n\uf0b7 Utiliser un mouchoir \u00e0 usage unique et le jeter,<br \/>\n\uf0b7 Saluer sans se serrer la main et \u00e9viter les embrassades,<br \/>\n\uf0b7 DEMEURER A AU MOINS UN METRE D\u2019AUTRUI, EVITER LES RASSEMBLEMENTS,<br \/>\nEVITER LES DEPLACEMENTS ET LES CONTACTS : RESPECTER LE CONFINEMENT<br \/>\nVous avez des sympt\u00f4mes (toux, fi\u00e8vre) qui vous font penser au Covid-19 : restez \u00e0 domicile, \u00e9vitez<br \/>\nles contacts, appelez un m\u00e9decin et ne vous rendez pas \u00e0 son cabinet. Vous pouvez \u00e9galement<br \/>\nb\u00e9n\u00e9ficier d\u2019une t\u00e9l\u00e9consultation.<br \/>\nSi les sympt\u00f4mes s\u2019aggravent avec des difficult\u00e9s respiratoires et signes d\u2019\u00e9touffement, appelez le<br \/>\nSAMU-Centre 15.<br \/>\nPour toute autre situation et information g\u00e9n\u00e9rale : appelez le num\u00e9ro vert national au<br \/>\n0 800 130 000 qui vous indiquera la conduite \u00e0 tenir.<br \/>\nVous retrouverez plus d\u2019informations sur les sites internet du Gouvernement du Minist\u00e8re des Solidarit\u00e9s et de la Sant\u00e9 et de Sant\u00e9 publique France.<\/p>\n","protected":false},"excerpt":{"rendered":"<p>Au 29 mars \u00e0 14h, 3940 personnes sont hospitalis\u00e9es dans le Grand Est, dont 774 en r\u00e9animation soit 12 de [&hellip;]<\/p>\n","protected":false},"author":1,"featured_media":47399,"comment_status":"open","ping_status":"open","sticky":false,"template":"","format":"standard","meta":{"footnotes":""},"categories":[20,18],"tags":[],"class_list":["post-47398","post","type-post","status-publish","format-standard","has-post-thumbnail","hentry","category-a-la-une","category-vosges"],"acf":[],"yoast_head":"<!-- This site is optimized with the Yoast SEO plugin v22.5 - https:\/\/yoast.com\/wordpress\/plugins\/seo\/ -->\n<title>Nouvelle situation du Coronavirus dans le Grand Est - Gerardmer Info<\/title>\n<meta name=\"robots\" content=\"index, follow, max-snippet:-1, max-image-preview:large, max-video-preview:-1\" \/>\n<link rel=\"canonical\" href=\"https:\/\/vosgesinfo.fr\/gerardmerinfo\/2020\/03\/nouvelle-situation-coronavirus-grand\/\" \/>\n<meta name=\"twitter:card\" content=\"summary_large_image\" \/>\n<meta name=\"twitter:title\" content=\"Nouvelle situation du Coronavirus dans le Grand Est - Gerardmer Info\" \/>\n<meta name=\"twitter:description\" content=\"Au 29 mars \u00e0 14h, 3940 personnes sont hospitalis\u00e9es dans le Grand Est, dont 774 en r\u00e9animation soit 12 de [&hellip;]\" \/>\n<meta name=\"twitter:image\" content=\"https:\/\/vosgesinfo.fr\/app\/uploads\/sites\/6\/2024\/07\/202003coro100.jpg\" \/>\n<meta name=\"twitter:creator\" content=\"@VosgesInfo88\" \/>\n<meta name=\"twitter:site\" content=\"@VosgesInfo88\" \/>\n<meta name=\"twitter:label1\" content=\"\u00c9crit par\" \/>\n\t<meta name=\"twitter:data1\" content=\"qs_admin\" \/>\n\t<meta name=\"twitter:label2\" content=\"Dur\u00e9e de lecture estim\u00e9e\" \/>\n\t<meta name=\"twitter:data2\" content=\"3 minutes\" \/>\n<script type=\"application\/ld+json\" class=\"yoast-schema-graph\">{\"@context\":\"https:\/\/schema.org\",\"@graph\":[{\"@type\":\"Article\",\"@id\":\"https:\/\/vosgesinfo.fr\/gerardmerinfo\/2020\/03\/nouvelle-situation-coronavirus-grand\/#article\",\"isPartOf\":{\"@id\":\"https:\/\/vosgesinfo.fr\/gerardmerinfo\/2020\/03\/nouvelle-situation-coronavirus-grand\/\"},\"author\":{\"name\":\"qs_admin\",\"@id\":\"https:\/\/vosgesinfo.fr\/gerardmerinfo\/#\/schema\/person\/bc5d02d71e6932e81b6dadb7386667b1\"},\"headline\":\"Nouvelle situation du Coronavirus dans le Grand Est\",\"datePublished\":\"2020-03-30T05:40:51+00:00\",\"dateModified\":\"2020-03-30T05:40:51+00:00\",\"mainEntityOfPage\":{\"@id\":\"https:\/\/vosgesinfo.fr\/gerardmerinfo\/2020\/03\/nouvelle-situation-coronavirus-grand\/\"},\"wordCount\":615,\"commentCount\":0,\"publisher\":{\"@id\":\"https:\/\/vosgesinfo.fr\/gerardmerinfo\/#organization\"},\"image\":{\"@id\":\"https:\/\/vosgesinfo.fr\/gerardmerinfo\/2020\/03\/nouvelle-situation-coronavirus-grand\/#primaryimage\"},\"thumbnailUrl\":\"https:\/\/vosgesinfo.fr\/app\/uploads\/sites\/6\/2024\/07\/202003coro100.jpg\",\"articleSection\":[\"A la une\",\"Vosges\"],\"inLanguage\":\"fr-FR\",\"potentialAction\":[{\"@type\":\"CommentAction\",\"name\":\"Comment\",\"target\":[\"https:\/\/vosgesinfo.fr\/gerardmerinfo\/2020\/03\/nouvelle-situation-coronavirus-grand\/#respond\"]}]},{\"@type\":\"WebPage\",\"@id\":\"https:\/\/vosgesinfo.fr\/gerardmerinfo\/2020\/03\/nouvelle-situation-coronavirus-grand\/\",\"url\":\"https:\/\/vosgesinfo.fr\/gerardmerinfo\/2020\/03\/nouvelle-situation-coronavirus-grand\/\",\"name\":\"Nouvelle situation du Coronavirus dans le Grand Est - Gerardmer Info\",\"isPartOf\":{\"@id\":\"https:\/\/vosgesinfo.fr\/gerardmerinfo\/#website\"},\"primaryImageOfPage\":{\"@id\":\"https:\/\/vosgesinfo.fr\/gerardmerinfo\/2020\/03\/nouvelle-situation-coronavirus-grand\/#primaryimage\"},\"image\":{\"@id\":\"https:\/\/vosgesinfo.fr\/gerardmerinfo\/2020\/03\/nouvelle-situation-coronavirus-grand\/#primaryimage\"},\"thumbnailUrl\":\"https:\/\/vosgesinfo.fr\/app\/uploads\/sites\/6\/2024\/07\/202003coro100.jpg\",\"datePublished\":\"2020-03-30T05:40:51+00:00\",\"dateModified\":\"2020-03-30T05:40:51+00:00\",\"breadcrumb\":{\"@id\":\"https:\/\/vosgesinfo.fr\/gerardmerinfo\/2020\/03\/nouvelle-situation-coronavirus-grand\/#breadcrumb\"},\"inLanguage\":\"fr-FR\",\"potentialAction\":[{\"@type\":\"ReadAction\",\"target\":[\"https:\/\/vosgesinfo.fr\/gerardmerinfo\/2020\/03\/nouvelle-situation-coronavirus-grand\/\"]}]},{\"@type\":\"ImageObject\",\"inLanguage\":\"fr-FR\",\"@id\":\"https:\/\/vosgesinfo.fr\/gerardmerinfo\/2020\/03\/nouvelle-situation-coronavirus-grand\/#primaryimage\",\"url\":\"https:\/\/vosgesinfo.fr\/app\/uploads\/sites\/6\/2024\/07\/202003coro100.jpg\",\"contentUrl\":\"https:\/\/vosgesinfo.fr\/app\/uploads\/sites\/6\/2024\/07\/202003coro100.jpg\",\"width\":800,\"height\":449},{\"@type\":\"BreadcrumbList\",\"@id\":\"https:\/\/vosgesinfo.fr\/gerardmerinfo\/2020\/03\/nouvelle-situation-coronavirus-grand\/#breadcrumb\",\"itemListElement\":[{\"@type\":\"ListItem\",\"position\":1,\"name\":\"Home\",\"item\":\"https:\/\/vosgesinfo.fr\/gerardmerinfo\/\"},{\"@type\":\"ListItem\",\"position\":2,\"name\":\"Nouvelle situation du Coronavirus dans le Grand Est\"}]},{\"@type\":\"WebSite\",\"@id\":\"https:\/\/vosgesinfo.fr\/gerardmerinfo\/#website\",\"url\":\"https:\/\/vosgesinfo.fr\/gerardmerinfo\/\",\"name\":\"Gerardmer Info\",\"description\":\"Toute l&#039;actualit\u00e9 de G\u00e9rardmer\",\"publisher\":{\"@id\":\"https:\/\/vosgesinfo.fr\/gerardmerinfo\/#organization\"},\"alternateName\":\"Toute l'actualit\u00e9 de G\u00e9rardmer\",\"potentialAction\":[{\"@type\":\"SearchAction\",\"target\":{\"@type\":\"EntryPoint\",\"urlTemplate\":\"https:\/\/vosgesinfo.fr\/gerardmerinfo\/?s={search_term_string}\"},\"query-input\":\"required name=search_term_string\"}],\"inLanguage\":\"fr-FR\"},{\"@type\":\"Organization\",\"@id\":\"https:\/\/vosgesinfo.fr\/gerardmerinfo\/#organization\",\"name\":\"Gerardmer Info\",\"url\":\"https:\/\/vosgesinfo.fr\/gerardmerinfo\/\",\"logo\":{\"@type\":\"ImageObject\",\"inLanguage\":\"fr-FR\",\"@id\":\"https:\/\/vosgesinfo.fr\/gerardmerinfo\/#\/schema\/logo\/image\/\",\"url\":\"https:\/\/vosgesinfo.fr\/app\/uploads\/sites\/6\/2023\/08\/favicon-gerardmerinfo.png\",\"contentUrl\":\"https:\/\/vosgesinfo.fr\/app\/uploads\/sites\/6\/2023\/08\/favicon-gerardmerinfo.png\",\"width\":512,\"height\":512,\"caption\":\"Gerardmer Info\"},\"image\":{\"@id\":\"https:\/\/vosgesinfo.fr\/gerardmerinfo\/#\/schema\/logo\/image\/\"},\"sameAs\":[\"https:\/\/www.facebook.com\/profile.php?id=100049475262660\",\"https:\/\/x.com\/VosgesInfo88\",\"https:\/\/www.youtube.com\/@vosgesinfo\"]},{\"@type\":\"Person\",\"@id\":\"https:\/\/vosgesinfo.fr\/gerardmerinfo\/#\/schema\/person\/bc5d02d71e6932e81b6dadb7386667b1\",\"name\":\"qs_admin\",\"image\":{\"@type\":\"ImageObject\",\"inLanguage\":\"fr-FR\",\"@id\":\"https:\/\/vosgesinfo.fr\/gerardmerinfo\/#\/schema\/person\/image\/\",\"url\":\"https:\/\/secure.gravatar.com\/avatar\/94b18ee0ed79e4a42ea2f2931277b6841a8999fc6fde214600c78057cf1fe1de?s=96&d=mm&r=g\",\"contentUrl\":\"https:\/\/secure.gravatar.com\/avatar\/94b18ee0ed79e4a42ea2f2931277b6841a8999fc6fde214600c78057cf1fe1de?s=96&d=mm&r=g\",\"caption\":\"qs_admin\"},\"sameAs\":[\"https:\/\/vosgesinfo.fr\/wp\"],\"url\":\"https:\/\/vosgesinfo.fr\/gerardmerinfo\/author\/qs_admin\/\"}]}<\/script>\n<!-- \/ Yoast SEO plugin. -->","yoast_head_json":{"title":"Nouvelle situation du Coronavirus dans le Grand Est - Gerardmer Info","robots":{"index":"index","follow":"follow","max-snippet":"max-snippet:-1","max-image-preview":"max-image-preview:large","max-video-preview":"max-video-preview:-1"},"canonical":"https:\/\/vosgesinfo.fr\/gerardmerinfo\/2020\/03\/nouvelle-situation-coronavirus-grand\/","twitter_card":"summary_large_image","twitter_title":"Nouvelle situation du Coronavirus dans le Grand Est - Gerardmer Info","twitter_description":"Au 29 mars \u00e0 14h, 3940 personnes sont hospitalis\u00e9es dans le Grand Est, dont 774 en r\u00e9animation soit 12 de [&hellip;]","twitter_image":"https:\/\/vosgesinfo.fr\/app\/uploads\/sites\/6\/2024\/07\/202003coro100.jpg","twitter_creator":"@VosgesInfo88","twitter_site":"@VosgesInfo88","twitter_misc":{"\u00c9crit par":"qs_admin","Dur\u00e9e de lecture estim\u00e9e":"3 minutes"},"schema":{"@context":"https:\/\/schema.org","@graph":[{"@type":"Article","@id":"https:\/\/vosgesinfo.fr\/gerardmerinfo\/2020\/03\/nouvelle-situation-coronavirus-grand\/#article","isPartOf":{"@id":"https:\/\/vosgesinfo.fr\/gerardmerinfo\/2020\/03\/nouvelle-situation-coronavirus-grand\/"},"author":{"name":"qs_admin","@id":"https:\/\/vosgesinfo.fr\/gerardmerinfo\/#\/schema\/person\/bc5d02d71e6932e81b6dadb7386667b1"},"headline":"Nouvelle situation du Coronavirus dans le Grand Est","datePublished":"2020-03-30T05:40:51+00:00","dateModified":"2020-03-30T05:40:51+00:00","mainEntityOfPage":{"@id":"https:\/\/vosgesinfo.fr\/gerardmerinfo\/2020\/03\/nouvelle-situation-coronavirus-grand\/"},"wordCount":615,"commentCount":0,"publisher":{"@id":"https:\/\/vosgesinfo.fr\/gerardmerinfo\/#organization"},"image":{"@id":"https:\/\/vosgesinfo.fr\/gerardmerinfo\/2020\/03\/nouvelle-situation-coronavirus-grand\/#primaryimage"},"thumbnailUrl":"https:\/\/vosgesinfo.fr\/app\/uploads\/sites\/6\/2024\/07\/202003coro100.jpg","articleSection":["A la une","Vosges"],"inLanguage":"fr-FR","potentialAction":[{"@type":"CommentAction","name":"Comment","target":["https:\/\/vosgesinfo.fr\/gerardmerinfo\/2020\/03\/nouvelle-situation-coronavirus-grand\/#respond"]}]},{"@type":"WebPage","@id":"https:\/\/vosgesinfo.fr\/gerardmerinfo\/2020\/03\/nouvelle-situation-coronavirus-grand\/","url":"https:\/\/vosgesinfo.fr\/gerardmerinfo\/2020\/03\/nouvelle-situation-coronavirus-grand\/","name":"Nouvelle situation du Coronavirus dans le Grand Est - Gerardmer Info","isPartOf":{"@id":"https:\/\/vosgesinfo.fr\/gerardmerinfo\/#website"},"primaryImageOfPage":{"@id":"https:\/\/vosgesinfo.fr\/gerardmerinfo\/2020\/03\/nouvelle-situation-coronavirus-grand\/#primaryimage"},"image":{"@id":"https:\/\/vosgesinfo.fr\/gerardmerinfo\/2020\/03\/nouvelle-situation-coronavirus-grand\/#primaryimage"},"thumbnailUrl":"https:\/\/vosgesinfo.fr\/app\/uploads\/sites\/6\/2024\/07\/202003coro100.jpg","datePublished":"2020-03-30T05:40:51+00:00","dateModified":"2020-03-30T05:40:51+00:00","breadcrumb":{"@id":"https:\/\/vosgesinfo.fr\/gerardmerinfo\/2020\/03\/nouvelle-situation-coronavirus-grand\/#breadcrumb"},"inLanguage":"fr-FR","potentialAction":[{"@type":"ReadAction","target":["https:\/\/vosgesinfo.fr\/gerardmerinfo\/2020\/03\/nouvelle-situation-coronavirus-grand\/"]}]},{"@type":"ImageObject","inLanguage":"fr-FR","@id":"https:\/\/vosgesinfo.fr\/gerardmerinfo\/2020\/03\/nouvelle-situation-coronavirus-grand\/#primaryimage","url":"https:\/\/vosgesinfo.fr\/app\/uploads\/sites\/6\/2024\/07\/202003coro100.jpg","contentUrl":"https:\/\/vosgesinfo.fr\/app\/uploads\/sites\/6\/2024\/07\/202003coro100.jpg","width":800,"height":449},{"@type":"BreadcrumbList","@id":"https:\/\/vosgesinfo.fr\/gerardmerinfo\/2020\/03\/nouvelle-situation-coronavirus-grand\/#breadcrumb","itemListElement":[{"@type":"ListItem","position":1,"name":"Home","item":"https:\/\/vosgesinfo.fr\/gerardmerinfo\/"},{"@type":"ListItem","position":2,"name":"Nouvelle situation du Coronavirus dans le Grand Est"}]},{"@type":"WebSite","@id":"https:\/\/vosgesinfo.fr\/gerardmerinfo\/#website","url":"https:\/\/vosgesinfo.fr\/gerardmerinfo\/","name":"Gerardmer Info","description":"Toute l&#039;actualit\u00e9 de G\u00e9rardmer","publisher":{"@id":"https:\/\/vosgesinfo.fr\/gerardmerinfo\/#organization"},"alternateName":"Toute l'actualit\u00e9 de G\u00e9rardmer","potentialAction":[{"@type":"SearchAction","target":{"@type":"EntryPoint","urlTemplate":"https:\/\/vosgesinfo.fr\/gerardmerinfo\/?s={search_term_string}"},"query-input":"required name=search_term_string"}],"inLanguage":"fr-FR"},{"@type":"Organization","@id":"https:\/\/vosgesinfo.fr\/gerardmerinfo\/#organization","name":"Gerardmer Info","url":"https:\/\/vosgesinfo.fr\/gerardmerinfo\/","logo":{"@type":"ImageObject","inLanguage":"fr-FR","@id":"https:\/\/vosgesinfo.fr\/gerardmerinfo\/#\/schema\/logo\/image\/","url":"https:\/\/vosgesinfo.fr\/app\/uploads\/sites\/6\/2023\/08\/favicon-gerardmerinfo.png","contentUrl":"https:\/\/vosgesinfo.fr\/app\/uploads\/sites\/6\/2023\/08\/favicon-gerardmerinfo.png","width":512,"height":512,"caption":"Gerardmer Info"},"image":{"@id":"https:\/\/vosgesinfo.fr\/gerardmerinfo\/#\/schema\/logo\/image\/"},"sameAs":["https:\/\/www.facebook.com\/profile.php?id=100049475262660","https:\/\/x.com\/VosgesInfo88","https:\/\/www.youtube.com\/@vosgesinfo"]},{"@type":"Person","@id":"https:\/\/vosgesinfo.fr\/gerardmerinfo\/#\/schema\/person\/bc5d02d71e6932e81b6dadb7386667b1","name":"qs_admin","image":{"@type":"ImageObject","inLanguage":"fr-FR","@id":"https:\/\/vosgesinfo.fr\/gerardmerinfo\/#\/schema\/person\/image\/","url":"https:\/\/secure.gravatar.com\/avatar\/94b18ee0ed79e4a42ea2f2931277b6841a8999fc6fde214600c78057cf1fe1de?s=96&d=mm&r=g","contentUrl":"https:\/\/secure.gravatar.com\/avatar\/94b18ee0ed79e4a42ea2f2931277b6841a8999fc6fde214600c78057cf1fe1de?s=96&d=mm&r=g","caption":"qs_admin"},"sameAs":["https:\/\/vosgesinfo.fr\/wp"],"url":"https:\/\/vosgesinfo.fr\/gerardmerinfo\/author\/qs_admin\/"}]}},"_links":{"self":[{"href":"https:\/\/vosgesinfo.fr\/gerardmerinfo\/wp-json\/wp\/v2\/posts\/47398","targetHints":{"allow":["GET"]}}],"collection":[{"href":"https:\/\/vosgesinfo.fr\/gerardmerinfo\/wp-json\/wp\/v2\/posts"}],"about":[{"href":"https:\/\/vosgesinfo.fr\/gerardmerinfo\/wp-json\/wp\/v2\/types\/post"}],"author":[{"embeddable":true,"href":"https:\/\/vosgesinfo.fr\/gerardmerinfo\/wp-json\/wp\/v2\/users\/1"}],"replies":[{"embeddable":true,"href":"https:\/\/vosgesinfo.fr\/gerardmerinfo\/wp-json\/wp\/v2\/comments?post=47398"}],"version-history":[{"count":0,"href":"https:\/\/vosgesinfo.fr\/gerardmerinfo\/wp-json\/wp\/v2\/posts\/47398\/revisions"}],"wp:featuredmedia":[{"embeddable":true,"href":"https:\/\/vosgesinfo.fr\/gerardmerinfo\/wp-json\/wp\/v2\/media\/47399"}],"wp:attachment":[{"href":"https:\/\/vosgesinfo.fr\/gerardmerinfo\/wp-json\/wp\/v2\/media?parent=47398"}],"wp:term":[{"taxonomy":"category","embeddable":true,"href":"https:\/\/vosgesinfo.fr\/gerardmerinfo\/wp-json\/wp\/v2\/categories?post=47398"},{"taxonomy":"post_tag","embeddable":true,"href":"https:\/\/vosgesinfo.fr\/gerardmerinfo\/wp-json\/wp\/v2\/tags?post=47398"}],"curies":[{"name":"wp","href":"https:\/\/api.w.org\/{rel}","templated":true}]}}