{"id":4746,"date":"2023-11-03T17:15:18","date_gmt":"2023-11-03T16:15:18","guid":{"rendered":"https:\/\/vosgesinfo.fr\/gerardmerinfo\/2023\/11\/clap-de-fin-16e-edition-de-graines-toiles\/"},"modified":"2023-11-03T17:15:18","modified_gmt":"2023-11-03T16:15:18","slug":"clap-de-fin-16e-edition-de-graines-toiles","status":"publish","type":"post","link":"https:\/\/vosgesinfo.fr\/gerardmerinfo\/2023\/11\/clap-de-fin-16e-edition-de-graines-toiles\/","title":{"rendered":"Clap de fin pour la 16e \u00e9dition de Graines des Toiles"},"content":{"rendered":"<p style=\"text-align: justify;\"><strong><a href=\"https:\/\/gerardmerinfo.fr\/wp-content\/uploads\/2023\/11\/Cloture-Graines-des-Toiles-2023-1.jpg\"><img decoding=\"async\" class=\"size-large wp-image-211642\" src=\"https:\/\/vosgesinfo.fr\/app\/uploads\/sites\/6\/2023\/11\/cloture-graines-des-toiles-2023-1-1024x768-1.jpg\" alt=\"Cloture Graines des Toiles 2023 1\" width=\"960\" height=\"720\" \/><\/a><\/strong><\/p>\n<p>&nbsp;<\/p>\n<p><strong>C\u2019est jeudi soir 2 novembre qu\u2019avait lieu la c\u00e9r\u00e9monie de cl\u00f4ture de Graines des Toiles \u00e0 la MCL. Lo\u00efc et L\u00e9a accueillaient le public en salle de cin\u00e9ma pour l\u2019annonce du palmar\u00e8s et une derni\u00e8re projection.<\/strong><\/p>\n<p><a href=\"https:\/\/gerardmerinfo.fr\/wp-content\/uploads\/2023\/11\/Cloture-Graines-des-Toiles-2023-3.jpg\"><img decoding=\"async\" class=\"alignright size-medium wp-image-211648\" src=\"https:\/\/vosgesinfo.fr\/app\/uploads\/sites\/6\/2023\/11\/cloture-graines-des-toiles-2023-3-340x255-1.jpg\" alt=\"Cloture Graines des Toiles 2023 3\" width=\"340\" height=\"255\" \/><\/a>4586 spectateurs ont assist\u00e9 au festival cette ann\u00e9e \u00ab\u00a0ce n\u2019est pas un record mais presque\u00a0\u00bb confiait son coordinateur Lo\u00efc Moresi avant de passer \u00e0 la remise des prix. Le Prix du jury court m\u00e9trage a \u00e9t\u00e9 d\u00e9cern\u00e9 au film Hors Piste de L\u00e9o Brunel, Loris Cavalier, Camille Jalabert et Oscar Malet par 122 \u00e9l\u00e8ves de CM1-CM2. Ce sont 15 enfants qui ont ensuite vot\u00e9 pour le Prix accueil de Loisirs qui revient \u00e0 Sirocco et le royaume des courants d\u2019air de Beno\u00eet Chieux. Un film soutenu par la R\u00e9gion Grand Est et qui sortira en France le 13 d\u00e9cembre prochain. Le Prix du jury jeune a \u00e9t\u00e9 remis \u00e0 Nina et le secret du h\u00e9risson de Alain Gagnol et Jean-Loup Felicioli par la classe de M. Curien, de l\u2019\u00e9cole des Bas-Rupts apr\u00e8s avoir visionn\u00e9 5 films. Et le Prix du Public revient \u00e9galement \u00e0 Nina et le secret du h\u00e9risson qui fait un doubl\u00e9 avec 1123 votants et 12 films en comp\u00e9tition.<\/p>\n<p>Lo\u00efc Moresi a remerci\u00e9 ensuite son bin\u00f4me L\u00e9a et toute l\u2019\u00e9quipe de b\u00e9n\u00e9voles ainsi que ses coll\u00e8gues \u00e0 la projection et \u00e0 l\u2019accueil. \u00ab\u00a0Cette manifestation a repr\u00e9sent\u00e9 beaucoup de travail depuis 6 mois\u00a0\u00bb soulignait-il. Il salua \u00e9galement les d\u00e9corateurs pour cette ambiance compl\u00e8tement givr\u00e9e et n\u2019oublia pas les partenaires, fid\u00e8les chaque ann\u00e9e dans leur soutien. Il d\u00e9voila enfin les dates du prochain festival\u00a0: <strong>la 17<sup>e<\/sup> \u00e9dition aura lieu du lundi 14 octobre au<\/strong> <strong>vendredi 1<sup>er<\/sup> novembre 2024<\/strong> et gagnera un jour suppl\u00e9mentaire. Le th\u00e8me n\u2019est pas encore trouv\u00e9, il sera r\u00e9v\u00e9l\u00e9 d\u2019ici quelques semaines sur les r\u00e9seaux sociaux. Et pour terminer en beaut\u00e9, le public a pu assister \u00e0 l\u2019avant-premi\u00e8re du film Les ins\u00e9parables qui sera \u00e9galement diffus\u00e9 aux vacances de No\u00ebl.<\/p>\n<p>Le bilan est tr\u00e8s positif pour les organisateurs, les films et animations ont tous \u00e9t\u00e9 bien fr\u00e9quent\u00e9s. Rendez-vous l\u2019an prochain\u00a0!<\/p>\n<p><a href=\"https:\/\/gerardmerinfo.fr\/wp-content\/uploads\/2023\/11\/Cloture-Graines-des-Toiles-2023.png\"><img decoding=\"async\" class=\"aligncenter size-large wp-image-211649\" src=\"https:\/\/vosgesinfo.fr\/app\/uploads\/sites\/6\/2023\/11\/cloture-graines-des-toiles-2023-1024x379-1.png\" alt=\"Cloture Graines des Toiles 2023\" width=\"960\" height=\"355\" \/><\/a><\/p>\n<p>&nbsp;<\/p>\n<p>&nbsp;<\/p>\n","protected":false},"excerpt":{"rendered":"<p>&nbsp; C\u2019est jeudi soir 2 novembre qu\u2019avait lieu la c\u00e9r\u00e9monie de cl\u00f4ture de Graines des Toiles \u00e0 la MCL. Lo\u00efc [&hellip;]<\/p>\n","protected":false},"author":258,"featured_media":4747,"comment_status":"open","ping_status":"open","sticky":false,"template":"","format":"standard","meta":{"footnotes":""},"categories":[20,39,4,25],"tags":[537,236],"class_list":["post-4746","post","type-post","status-publish","format-standard","has-post-thumbnail","hentry","category-a-la-une","category-cinema","category-culture","category-gerardmer","tag-festival-graines-des-toiles","tag-mcl"],"acf":[],"yoast_head":"<!-- This site is optimized with the Yoast SEO plugin v22.5 - https:\/\/yoast.com\/wordpress\/plugins\/seo\/ -->\n<title>Clap de fin pour la 16e \u00e9dition de Graines des Toiles - Gerardmer Info<\/title>\n<meta name=\"robots\" content=\"index, follow, max-snippet:-1, max-image-preview:large, max-video-preview:-1\" \/>\n<link rel=\"canonical\" href=\"https:\/\/vosgesinfo.fr\/gerardmerinfo\/2023\/11\/clap-de-fin-16e-edition-de-graines-toiles\/\" \/>\n<meta name=\"twitter:card\" content=\"summary_large_image\" \/>\n<meta name=\"twitter:title\" content=\"Clap de fin pour la 16e \u00e9dition de Graines des Toiles - Gerardmer Info\" \/>\n<meta name=\"twitter:description\" content=\"&nbsp; C\u2019est jeudi soir 2 novembre qu\u2019avait lieu la c\u00e9r\u00e9monie de cl\u00f4ture de Graines des Toiles \u00e0 la MCL. Lo\u00efc [&hellip;]\" \/>\n<meta name=\"twitter:image\" content=\"https:\/\/vosgesinfo.fr\/app\/uploads\/sites\/6\/2023\/11\/cloture-graines-des-toiles-2023-2.jpg\" \/>\n<meta name=\"twitter:creator\" content=\"@VosgesInfo88\" \/>\n<meta name=\"twitter:site\" content=\"@VosgesInfo88\" \/>\n<meta name=\"twitter:label1\" content=\"\u00c9crit par\" \/>\n\t<meta name=\"twitter:data1\" content=\"I.N\" \/>\n\t<meta name=\"twitter:label2\" content=\"Dur\u00e9e de lecture estim\u00e9e\" \/>\n\t<meta name=\"twitter:data2\" content=\"2 minutes\" \/>\n<script type=\"application\/ld+json\" class=\"yoast-schema-graph\">{\"@context\":\"https:\/\/schema.org\",\"@graph\":[{\"@type\":\"Article\",\"@id\":\"https:\/\/vosgesinfo.fr\/gerardmerinfo\/2023\/11\/clap-de-fin-16e-edition-de-graines-toiles\/#article\",\"isPartOf\":{\"@id\":\"https:\/\/vosgesinfo.fr\/gerardmerinfo\/2023\/11\/clap-de-fin-16e-edition-de-graines-toiles\/\"},\"author\":{\"name\":\"I.N\",\"@id\":\"https:\/\/vosgesinfo.fr\/gerardmerinfo\/#\/schema\/person\/bb210d3430e59ff5cd247deaccb63615\"},\"headline\":\"Clap de fin pour la 16e \u00e9dition de Graines des Toiles\",\"datePublished\":\"2023-11-03T16:15:18+00:00\",\"dateModified\":\"2023-11-03T16:15:18+00:00\",\"mainEntityOfPage\":{\"@id\":\"https:\/\/vosgesinfo.fr\/gerardmerinfo\/2023\/11\/clap-de-fin-16e-edition-de-graines-toiles\/\"},\"wordCount\":394,\"commentCount\":0,\"publisher\":{\"@id\":\"https:\/\/vosgesinfo.fr\/gerardmerinfo\/#organization\"},\"image\":{\"@id\":\"https:\/\/vosgesinfo.fr\/gerardmerinfo\/2023\/11\/clap-de-fin-16e-edition-de-graines-toiles\/#primaryimage\"},\"thumbnailUrl\":\"https:\/\/vosgesinfo.fr\/app\/uploads\/sites\/6\/2023\/11\/cloture-graines-des-toiles-2023-2.jpg\",\"keywords\":[\"festival graines des toiles\",\"MCL\"],\"articleSection\":[\"A la une\",\"cin\u00e9ma\",\"Culture\",\"G\u00e9rardmer\"],\"inLanguage\":\"fr-FR\",\"potentialAction\":[{\"@type\":\"CommentAction\",\"name\":\"Comment\",\"target\":[\"https:\/\/vosgesinfo.fr\/gerardmerinfo\/2023\/11\/clap-de-fin-16e-edition-de-graines-toiles\/#respond\"]}]},{\"@type\":\"WebPage\",\"@id\":\"https:\/\/vosgesinfo.fr\/gerardmerinfo\/2023\/11\/clap-de-fin-16e-edition-de-graines-toiles\/\",\"url\":\"https:\/\/vosgesinfo.fr\/gerardmerinfo\/2023\/11\/clap-de-fin-16e-edition-de-graines-toiles\/\",\"name\":\"Clap de fin pour la 16e \u00e9dition de Graines des Toiles - Gerardmer Info\",\"isPartOf\":{\"@id\":\"https:\/\/vosgesinfo.fr\/gerardmerinfo\/#website\"},\"primaryImageOfPage\":{\"@id\":\"https:\/\/vosgesinfo.fr\/gerardmerinfo\/2023\/11\/clap-de-fin-16e-edition-de-graines-toiles\/#primaryimage\"},\"image\":{\"@id\":\"https:\/\/vosgesinfo.fr\/gerardmerinfo\/2023\/11\/clap-de-fin-16e-edition-de-graines-toiles\/#primaryimage\"},\"thumbnailUrl\":\"https:\/\/vosgesinfo.fr\/app\/uploads\/sites\/6\/2023\/11\/cloture-graines-des-toiles-2023-2.jpg\",\"datePublished\":\"2023-11-03T16:15:18+00:00\",\"dateModified\":\"2023-11-03T16:15:18+00:00\",\"breadcrumb\":{\"@id\":\"https:\/\/vosgesinfo.fr\/gerardmerinfo\/2023\/11\/clap-de-fin-16e-edition-de-graines-toiles\/#breadcrumb\"},\"inLanguage\":\"fr-FR\",\"potentialAction\":[{\"@type\":\"ReadAction\",\"target\":[\"https:\/\/vosgesinfo.fr\/gerardmerinfo\/2023\/11\/clap-de-fin-16e-edition-de-graines-toiles\/\"]}]},{\"@type\":\"ImageObject\",\"inLanguage\":\"fr-FR\",\"@id\":\"https:\/\/vosgesinfo.fr\/gerardmerinfo\/2023\/11\/clap-de-fin-16e-edition-de-graines-toiles\/#primaryimage\",\"url\":\"https:\/\/vosgesinfo.fr\/app\/uploads\/sites\/6\/2023\/11\/cloture-graines-des-toiles-2023-2.jpg\",\"contentUrl\":\"https:\/\/vosgesinfo.fr\/app\/uploads\/sites\/6\/2023\/11\/cloture-graines-des-toiles-2023-2.jpg\"},{\"@type\":\"BreadcrumbList\",\"@id\":\"https:\/\/vosgesinfo.fr\/gerardmerinfo\/2023\/11\/clap-de-fin-16e-edition-de-graines-toiles\/#breadcrumb\",\"itemListElement\":[{\"@type\":\"ListItem\",\"position\":1,\"name\":\"Home\",\"item\":\"https:\/\/vosgesinfo.fr\/gerardmerinfo\/\"},{\"@type\":\"ListItem\",\"position\":2,\"name\":\"Clap de fin pour la 16e \u00e9dition de Graines des Toiles\"}]},{\"@type\":\"WebSite\",\"@id\":\"https:\/\/vosgesinfo.fr\/gerardmerinfo\/#website\",\"url\":\"https:\/\/vosgesinfo.fr\/gerardmerinfo\/\",\"name\":\"Gerardmer Info\",\"description\":\"Toute l&#039;actualit\u00e9 de G\u00e9rardmer\",\"publisher\":{\"@id\":\"https:\/\/vosgesinfo.fr\/gerardmerinfo\/#organization\"},\"alternateName\":\"Toute l'actualit\u00e9 de G\u00e9rardmer\",\"potentialAction\":[{\"@type\":\"SearchAction\",\"target\":{\"@type\":\"EntryPoint\",\"urlTemplate\":\"https:\/\/vosgesinfo.fr\/gerardmerinfo\/?s={search_term_string}\"},\"query-input\":\"required name=search_term_string\"}],\"inLanguage\":\"fr-FR\"},{\"@type\":\"Organization\",\"@id\":\"https:\/\/vosgesinfo.fr\/gerardmerinfo\/#organization\",\"name\":\"Gerardmer Info\",\"url\":\"https:\/\/vosgesinfo.fr\/gerardmerinfo\/\",\"logo\":{\"@type\":\"ImageObject\",\"inLanguage\":\"fr-FR\",\"@id\":\"https:\/\/vosgesinfo.fr\/gerardmerinfo\/#\/schema\/logo\/image\/\",\"url\":\"https:\/\/vosgesinfo.fr\/app\/uploads\/sites\/6\/2023\/08\/favicon-gerardmerinfo.png\",\"contentUrl\":\"https:\/\/vosgesinfo.fr\/app\/uploads\/sites\/6\/2023\/08\/favicon-gerardmerinfo.png\",\"width\":512,\"height\":512,\"caption\":\"Gerardmer Info\"},\"image\":{\"@id\":\"https:\/\/vosgesinfo.fr\/gerardmerinfo\/#\/schema\/logo\/image\/\"},\"sameAs\":[\"https:\/\/www.facebook.com\/profile.php?id=100049475262660\",\"https:\/\/x.com\/VosgesInfo88\",\"https:\/\/www.youtube.com\/@vosgesinfo\"]},{\"@type\":\"Person\",\"@id\":\"https:\/\/vosgesinfo.fr\/gerardmerinfo\/#\/schema\/person\/bb210d3430e59ff5cd247deaccb63615\",\"name\":\"I.N\",\"image\":{\"@type\":\"ImageObject\",\"inLanguage\":\"fr-FR\",\"@id\":\"https:\/\/vosgesinfo.fr\/gerardmerinfo\/#\/schema\/person\/image\/\",\"url\":\"https:\/\/secure.gravatar.com\/avatar\/612d5c20a39b1c8bc5675cc8e3d99e120730e7d080423fdafec485619845af71?s=96&d=mm&r=g\",\"contentUrl\":\"https:\/\/secure.gravatar.com\/avatar\/612d5c20a39b1c8bc5675cc8e3d99e120730e7d080423fdafec485619845af71?s=96&d=mm&r=g\",\"caption\":\"I.N\"},\"url\":\"https:\/\/vosgesinfo.fr\/gerardmerinfo\/author\/i-ngerardmer\/\"}]}<\/script>\n<!-- \/ Yoast SEO plugin. -->","yoast_head_json":{"title":"Clap de fin pour la 16e \u00e9dition de Graines des Toiles - Gerardmer Info","robots":{"index":"index","follow":"follow","max-snippet":"max-snippet:-1","max-image-preview":"max-image-preview:large","max-video-preview":"max-video-preview:-1"},"canonical":"https:\/\/vosgesinfo.fr\/gerardmerinfo\/2023\/11\/clap-de-fin-16e-edition-de-graines-toiles\/","twitter_card":"summary_large_image","twitter_title":"Clap de fin pour la 16e \u00e9dition de Graines des Toiles - Gerardmer Info","twitter_description":"&nbsp; C\u2019est jeudi soir 2 novembre qu\u2019avait lieu la c\u00e9r\u00e9monie de cl\u00f4ture de Graines des Toiles \u00e0 la MCL. Lo\u00efc [&hellip;]","twitter_image":"https:\/\/vosgesinfo.fr\/app\/uploads\/sites\/6\/2023\/11\/cloture-graines-des-toiles-2023-2.jpg","twitter_creator":"@VosgesInfo88","twitter_site":"@VosgesInfo88","twitter_misc":{"\u00c9crit par":"I.N","Dur\u00e9e de lecture estim\u00e9e":"2 minutes"},"schema":{"@context":"https:\/\/schema.org","@graph":[{"@type":"Article","@id":"https:\/\/vosgesinfo.fr\/gerardmerinfo\/2023\/11\/clap-de-fin-16e-edition-de-graines-toiles\/#article","isPartOf":{"@id":"https:\/\/vosgesinfo.fr\/gerardmerinfo\/2023\/11\/clap-de-fin-16e-edition-de-graines-toiles\/"},"author":{"name":"I.N","@id":"https:\/\/vosgesinfo.fr\/gerardmerinfo\/#\/schema\/person\/bb210d3430e59ff5cd247deaccb63615"},"headline":"Clap de fin pour la 16e \u00e9dition de Graines des Toiles","datePublished":"2023-11-03T16:15:18+00:00","dateModified":"2023-11-03T16:15:18+00:00","mainEntityOfPage":{"@id":"https:\/\/vosgesinfo.fr\/gerardmerinfo\/2023\/11\/clap-de-fin-16e-edition-de-graines-toiles\/"},"wordCount":394,"commentCount":0,"publisher":{"@id":"https:\/\/vosgesinfo.fr\/gerardmerinfo\/#organization"},"image":{"@id":"https:\/\/vosgesinfo.fr\/gerardmerinfo\/2023\/11\/clap-de-fin-16e-edition-de-graines-toiles\/#primaryimage"},"thumbnailUrl":"https:\/\/vosgesinfo.fr\/app\/uploads\/sites\/6\/2023\/11\/cloture-graines-des-toiles-2023-2.jpg","keywords":["festival graines des toiles","MCL"],"articleSection":["A la une","cin\u00e9ma","Culture","G\u00e9rardmer"],"inLanguage":"fr-FR","potentialAction":[{"@type":"CommentAction","name":"Comment","target":["https:\/\/vosgesinfo.fr\/gerardmerinfo\/2023\/11\/clap-de-fin-16e-edition-de-graines-toiles\/#respond"]}]},{"@type":"WebPage","@id":"https:\/\/vosgesinfo.fr\/gerardmerinfo\/2023\/11\/clap-de-fin-16e-edition-de-graines-toiles\/","url":"https:\/\/vosgesinfo.fr\/gerardmerinfo\/2023\/11\/clap-de-fin-16e-edition-de-graines-toiles\/","name":"Clap de fin pour la 16e \u00e9dition de Graines des Toiles - Gerardmer Info","isPartOf":{"@id":"https:\/\/vosgesinfo.fr\/gerardmerinfo\/#website"},"primaryImageOfPage":{"@id":"https:\/\/vosgesinfo.fr\/gerardmerinfo\/2023\/11\/clap-de-fin-16e-edition-de-graines-toiles\/#primaryimage"},"image":{"@id":"https:\/\/vosgesinfo.fr\/gerardmerinfo\/2023\/11\/clap-de-fin-16e-edition-de-graines-toiles\/#primaryimage"},"thumbnailUrl":"https:\/\/vosgesinfo.fr\/app\/uploads\/sites\/6\/2023\/11\/cloture-graines-des-toiles-2023-2.jpg","datePublished":"2023-11-03T16:15:18+00:00","dateModified":"2023-11-03T16:15:18+00:00","breadcrumb":{"@id":"https:\/\/vosgesinfo.fr\/gerardmerinfo\/2023\/11\/clap-de-fin-16e-edition-de-graines-toiles\/#breadcrumb"},"inLanguage":"fr-FR","potentialAction":[{"@type":"ReadAction","target":["https:\/\/vosgesinfo.fr\/gerardmerinfo\/2023\/11\/clap-de-fin-16e-edition-de-graines-toiles\/"]}]},{"@type":"ImageObject","inLanguage":"fr-FR","@id":"https:\/\/vosgesinfo.fr\/gerardmerinfo\/2023\/11\/clap-de-fin-16e-edition-de-graines-toiles\/#primaryimage","url":"https:\/\/vosgesinfo.fr\/app\/uploads\/sites\/6\/2023\/11\/cloture-graines-des-toiles-2023-2.jpg","contentUrl":"https:\/\/vosgesinfo.fr\/app\/uploads\/sites\/6\/2023\/11\/cloture-graines-des-toiles-2023-2.jpg"},{"@type":"BreadcrumbList","@id":"https:\/\/vosgesinfo.fr\/gerardmerinfo\/2023\/11\/clap-de-fin-16e-edition-de-graines-toiles\/#breadcrumb","itemListElement":[{"@type":"ListItem","position":1,"name":"Home","item":"https:\/\/vosgesinfo.fr\/gerardmerinfo\/"},{"@type":"ListItem","position":2,"name":"Clap de fin pour la 16e \u00e9dition de Graines des Toiles"}]},{"@type":"WebSite","@id":"https:\/\/vosgesinfo.fr\/gerardmerinfo\/#website","url":"https:\/\/vosgesinfo.fr\/gerardmerinfo\/","name":"Gerardmer Info","description":"Toute l&#039;actualit\u00e9 de G\u00e9rardmer","publisher":{"@id":"https:\/\/vosgesinfo.fr\/gerardmerinfo\/#organization"},"alternateName":"Toute l'actualit\u00e9 de G\u00e9rardmer","potentialAction":[{"@type":"SearchAction","target":{"@type":"EntryPoint","urlTemplate":"https:\/\/vosgesinfo.fr\/gerardmerinfo\/?s={search_term_string}"},"query-input":"required name=search_term_string"}],"inLanguage":"fr-FR"},{"@type":"Organization","@id":"https:\/\/vosgesinfo.fr\/gerardmerinfo\/#organization","name":"Gerardmer Info","url":"https:\/\/vosgesinfo.fr\/gerardmerinfo\/","logo":{"@type":"ImageObject","inLanguage":"fr-FR","@id":"https:\/\/vosgesinfo.fr\/gerardmerinfo\/#\/schema\/logo\/image\/","url":"https:\/\/vosgesinfo.fr\/app\/uploads\/sites\/6\/2023\/08\/favicon-gerardmerinfo.png","contentUrl":"https:\/\/vosgesinfo.fr\/app\/uploads\/sites\/6\/2023\/08\/favicon-gerardmerinfo.png","width":512,"height":512,"caption":"Gerardmer Info"},"image":{"@id":"https:\/\/vosgesinfo.fr\/gerardmerinfo\/#\/schema\/logo\/image\/"},"sameAs":["https:\/\/www.facebook.com\/profile.php?id=100049475262660","https:\/\/x.com\/VosgesInfo88","https:\/\/www.youtube.com\/@vosgesinfo"]},{"@type":"Person","@id":"https:\/\/vosgesinfo.fr\/gerardmerinfo\/#\/schema\/person\/bb210d3430e59ff5cd247deaccb63615","name":"I.N","image":{"@type":"ImageObject","inLanguage":"fr-FR","@id":"https:\/\/vosgesinfo.fr\/gerardmerinfo\/#\/schema\/person\/image\/","url":"https:\/\/secure.gravatar.com\/avatar\/612d5c20a39b1c8bc5675cc8e3d99e120730e7d080423fdafec485619845af71?s=96&d=mm&r=g","contentUrl":"https:\/\/secure.gravatar.com\/avatar\/612d5c20a39b1c8bc5675cc8e3d99e120730e7d080423fdafec485619845af71?s=96&d=mm&r=g","caption":"I.N"},"url":"https:\/\/vosgesinfo.fr\/gerardmerinfo\/author\/i-ngerardmer\/"}]}},"_links":{"self":[{"href":"https:\/\/vosgesinfo.fr\/gerardmerinfo\/wp-json\/wp\/v2\/posts\/4746","targetHints":{"allow":["GET"]}}],"collection":[{"href":"https:\/\/vosgesinfo.fr\/gerardmerinfo\/wp-json\/wp\/v2\/posts"}],"about":[{"href":"https:\/\/vosgesinfo.fr\/gerardmerinfo\/wp-json\/wp\/v2\/types\/post"}],"author":[{"embeddable":true,"href":"https:\/\/vosgesinfo.fr\/gerardmerinfo\/wp-json\/wp\/v2\/users\/258"}],"replies":[{"embeddable":true,"href":"https:\/\/vosgesinfo.fr\/gerardmerinfo\/wp-json\/wp\/v2\/comments?post=4746"}],"version-history":[{"count":0,"href":"https:\/\/vosgesinfo.fr\/gerardmerinfo\/wp-json\/wp\/v2\/posts\/4746\/revisions"}],"wp:featuredmedia":[{"embeddable":true,"href":"https:\/\/vosgesinfo.fr\/gerardmerinfo\/wp-json\/wp\/v2\/media\/4747"}],"wp:attachment":[{"href":"https:\/\/vosgesinfo.fr\/gerardmerinfo\/wp-json\/wp\/v2\/media?parent=4746"}],"wp:term":[{"taxonomy":"category","embeddable":true,"href":"https:\/\/vosgesinfo.fr\/gerardmerinfo\/wp-json\/wp\/v2\/categories?post=4746"},{"taxonomy":"post_tag","embeddable":true,"href":"https:\/\/vosgesinfo.fr\/gerardmerinfo\/wp-json\/wp\/v2\/tags?post=4746"}],"curies":[{"name":"wp","href":"https:\/\/api.w.org\/{rel}","templated":true}]}}