{"id":48256,"date":"2020-06-07T08:17:02","date_gmt":"2020-06-07T06:17:02","guid":{"rendered":"https:\/\/vosgesinfo.fr\/gerardmerinfo\/2020\/06\/frequence-grenouille-fete-mares\/"},"modified":"2020-06-07T08:17:02","modified_gmt":"2020-06-07T06:17:02","slug":"frequence-grenouille-fete-mares","status":"publish","type":"post","link":"https:\/\/vosgesinfo.fr\/gerardmerinfo\/2020\/06\/frequence-grenouille-fete-mares\/","title":{"rendered":"Fr\u00e9quence Grenouille &#038; la F\u00eate des mares"},"content":{"rendered":"\n<p>&nbsp;<\/p>\n<p>Fr\u00e9quence Grenouille est un \u00e9v\u00e8nement maintenant bien install\u00e9 dans le paysage fran\u00e7ais. Depuis 26 ans. Il permet tout au long du printemps de sensibiliser \u00e0 la pr\u00e9servation des zones humides, habitats majeurs des Amphibiens. Tous les Conservatoires d\u2019espaces naturels de France m\u00e9tropolitaine et d&rsquo;outre-mer sont invit\u00e9s \u00e0 y participer, avec de nombreuses autres structures partenaires, dont la Soci\u00e9t\u00e9 nationale de protection de la nature, partenaire privil\u00e9gi\u00e9 depuis deux ans.<br \/>\n<a href=\"\/2020\/06\/img30.jpg\"><img decoding=\"async\" class=\"alignright wp-image-163683\" src=\"\/2020\/06\/img30.jpg\" alt=\"fetes des mares affiche 2020\" width=\"266\" height=\"376\" \/><\/a>En effet la SNPN a une expertise reconnue dans le domaine des zones humides et organise depuis 5 ans dans toute la France la F\u00eate des mares, dans un but de sensibilisation \u00e0 la pr\u00e9servation des mares, zones humides singuli\u00e8res et particuli\u00e8rement menac\u00e9es. A l\u2019heure o\u00f9 la SNPN publie avec 13 partenaires associatifs un Livre blanc pour la biodiversit\u00e9, il est salutaire de se rappeler que les mares poss\u00e8dent une tr\u00e8s importante valeur intrins\u00e8que, mais sont aussi une formidable solution fond\u00e9e sur la nature pour diminuer les vuln\u00e9rabilit\u00e9s de nos soci\u00e9t\u00e9s et augmenter leur r\u00e9sistance et leur r\u00e9silience.<br \/>\nC&rsquo;est donc bien naturellement que la F\u00e9d\u00e9ration des Conservatoires d&rsquo;espaces naturels et la SNPN se soient associ\u00e9es pour la mise en synergie et la valorisation de ses deux \u00e9v\u00e8nements.<br \/>\nMot de Christophe L\u00e9pine pr\u00e9sident de la F\u00e9d\u00e9ration des Conservatoires d&rsquo;espaces naturels<br \/>\n\u00ab La crise sanitaire que nous traversons, a donn\u00e9 \u00e0 nos activit\u00e9s personnelles et professionnelles une autre tonalit\u00e9 ! Nos animations et manifestations dont l\u2019op\u00e9ration Fr\u00e9quence Grenouille 2020 ont d\u00fb s\u2019\u00e9clipser pour la sant\u00e9 de tous. Suspendue au bout de quelques jours, cette \u00e9dition 2020 \u00e9tait pourtant prometteuse avec une belle programmation d\u2019animations, des organisateurs et animateurs bien impliqu\u00e9s et dynamiques, pr\u00eats \u00e0 transmettre leur message de la n\u00e9cessit\u00e9 de pr\u00e9server les zones humides. Il en fut autrement, les hommes sont rest\u00e9s chez eux, la nature s\u2019est \u00e9panouie sans nous. Nous n&rsquo;avons pu la contempler et la faire partager ! Mais ce n&rsquo;est que partie remise&#8230;<br \/>\nNous aurions d\u00fb terminer cette manifestation dans quelques jours. C\u2019est pourquoi nous tenons \u00e0 vous remercier d\u2019avoir r\u00e9pondu pr\u00e9sent pour organiser des animations Fr\u00e9quence Grenouille. Nous vous donnons rendez-vous l\u2019an prochain pour la 27e \u00e9dition. Elle se d\u00e9roulera du lundi 1er mars au lundi 31 mai 2021. \u00bb<br \/>\nMot de R\u00e9mi Luglia pr\u00e9sident de la SNPN<br \/>\n\u00ab Cette ann\u00e9e, la COVID-19 a \u00e9t\u00e9 une invit\u00e9e surprise et a caus\u00e9 bien des difficult\u00e9s \u00e0 tous nos partenaires pour organiser et labelliser des \u00e9v\u00e8nements pour la F\u00eate des mares. Si les manifestations seront sans doute moins nombreuses, je ne doute pas un instant qu&rsquo;elles seront de grande qualit\u00e9 et que le public, avide de contacts retrouv\u00e9s avec la nature, sera au rendez-vous. La SNPN fera vivre cette \u00e9dition de la F\u00eate des mares sur son site internet et ses r\u00e9seaux sociaux.<br \/>\nNous remercions chaleureusement toutes les structures partenaires qui organisent des \u00e9v\u00e8nements sur tout le territoire, celles qui nous aident \u00e0 les mobiliser et relaient nos appels ainsi que le minist\u00e8re de la Transition \u00e9cologique et solidaire qui nous soutient dans ce travail de coordination nationale. \u00bb<br \/>\nAfin que chacun red\u00e9couvre les mares, rejoignez-nous sur les r\u00e9seaux sociaux de la SNPN ainsi que sur le portail FDM pour venir assister \u00e0 cette f\u00eate virtuelle<br \/>\ndu 30 mai au 7 juin 2020 !<\/p>\n","protected":false},"excerpt":{"rendered":"<p>&nbsp; Fr\u00e9quence Grenouille est un \u00e9v\u00e8nement maintenant bien install\u00e9 dans le paysage fran\u00e7ais. Depuis 26 ans. Il permet tout au [&hellip;]<\/p>\n","protected":false},"author":1,"featured_media":48257,"comment_status":"open","ping_status":"open","sticky":false,"template":"","format":"standard","meta":{"footnotes":""},"categories":[20,18],"tags":[],"class_list":["post-48256","post","type-post","status-publish","format-standard","has-post-thumbnail","hentry","category-a-la-une","category-vosges"],"acf":[],"yoast_head":"<!-- This site is optimized with the Yoast SEO plugin v22.5 - https:\/\/yoast.com\/wordpress\/plugins\/seo\/ -->\n<title>Fr\u00e9quence Grenouille &amp; la F\u00eate des mares - Gerardmer Info<\/title>\n<meta name=\"robots\" content=\"index, follow, max-snippet:-1, max-image-preview:large, max-video-preview:-1\" \/>\n<link rel=\"canonical\" href=\"https:\/\/vosgesinfo.fr\/gerardmerinfo\/2020\/06\/frequence-grenouille-fete-mares\/\" \/>\n<meta name=\"twitter:card\" content=\"summary_large_image\" \/>\n<meta name=\"twitter:title\" content=\"Fr\u00e9quence Grenouille &amp; la F\u00eate des mares - Gerardmer Info\" \/>\n<meta name=\"twitter:description\" content=\"&nbsp; Fr\u00e9quence Grenouille est un \u00e9v\u00e8nement maintenant bien install\u00e9 dans le paysage fran\u00e7ais. Depuis 26 ans. Il permet tout au [&hellip;]\" \/>\n<meta name=\"twitter:image\" content=\"https:\/\/vosgesinfo.fr\/app\/uploads\/sites\/6\/2024\/07\/202006img30.jpg\" \/>\n<meta name=\"twitter:creator\" content=\"@VosgesInfo88\" \/>\n<meta name=\"twitter:site\" content=\"@VosgesInfo88\" \/>\n<meta name=\"twitter:label1\" content=\"\u00c9crit par\" \/>\n\t<meta name=\"twitter:data1\" content=\"qs_admin\" \/>\n\t<meta name=\"twitter:label2\" content=\"Dur\u00e9e de lecture estim\u00e9e\" \/>\n\t<meta name=\"twitter:data2\" content=\"3 minutes\" \/>\n<script type=\"application\/ld+json\" class=\"yoast-schema-graph\">{\"@context\":\"https:\/\/schema.org\",\"@graph\":[{\"@type\":\"Article\",\"@id\":\"https:\/\/vosgesinfo.fr\/gerardmerinfo\/2020\/06\/frequence-grenouille-fete-mares\/#article\",\"isPartOf\":{\"@id\":\"https:\/\/vosgesinfo.fr\/gerardmerinfo\/2020\/06\/frequence-grenouille-fete-mares\/\"},\"author\":{\"name\":\"qs_admin\",\"@id\":\"https:\/\/vosgesinfo.fr\/gerardmerinfo\/#\/schema\/person\/bc5d02d71e6932e81b6dadb7386667b1\"},\"headline\":\"Fr\u00e9quence Grenouille &#038; la F\u00eate des mares\",\"datePublished\":\"2020-06-07T06:17:02+00:00\",\"dateModified\":\"2020-06-07T06:17:02+00:00\",\"mainEntityOfPage\":{\"@id\":\"https:\/\/vosgesinfo.fr\/gerardmerinfo\/2020\/06\/frequence-grenouille-fete-mares\/\"},\"wordCount\":600,\"commentCount\":0,\"publisher\":{\"@id\":\"https:\/\/vosgesinfo.fr\/gerardmerinfo\/#organization\"},\"image\":{\"@id\":\"https:\/\/vosgesinfo.fr\/gerardmerinfo\/2020\/06\/frequence-grenouille-fete-mares\/#primaryimage\"},\"thumbnailUrl\":\"https:\/\/vosgesinfo.fr\/app\/uploads\/sites\/6\/2024\/07\/202006img30.jpg\",\"articleSection\":[\"A la une\",\"Vosges\"],\"inLanguage\":\"fr-FR\",\"potentialAction\":[{\"@type\":\"CommentAction\",\"name\":\"Comment\",\"target\":[\"https:\/\/vosgesinfo.fr\/gerardmerinfo\/2020\/06\/frequence-grenouille-fete-mares\/#respond\"]}]},{\"@type\":\"WebPage\",\"@id\":\"https:\/\/vosgesinfo.fr\/gerardmerinfo\/2020\/06\/frequence-grenouille-fete-mares\/\",\"url\":\"https:\/\/vosgesinfo.fr\/gerardmerinfo\/2020\/06\/frequence-grenouille-fete-mares\/\",\"name\":\"Fr\u00e9quence Grenouille & la F\u00eate des mares - Gerardmer Info\",\"isPartOf\":{\"@id\":\"https:\/\/vosgesinfo.fr\/gerardmerinfo\/#website\"},\"primaryImageOfPage\":{\"@id\":\"https:\/\/vosgesinfo.fr\/gerardmerinfo\/2020\/06\/frequence-grenouille-fete-mares\/#primaryimage\"},\"image\":{\"@id\":\"https:\/\/vosgesinfo.fr\/gerardmerinfo\/2020\/06\/frequence-grenouille-fete-mares\/#primaryimage\"},\"thumbnailUrl\":\"https:\/\/vosgesinfo.fr\/app\/uploads\/sites\/6\/2024\/07\/202006img30.jpg\",\"datePublished\":\"2020-06-07T06:17:02+00:00\",\"dateModified\":\"2020-06-07T06:17:02+00:00\",\"breadcrumb\":{\"@id\":\"https:\/\/vosgesinfo.fr\/gerardmerinfo\/2020\/06\/frequence-grenouille-fete-mares\/#breadcrumb\"},\"inLanguage\":\"fr-FR\",\"potentialAction\":[{\"@type\":\"ReadAction\",\"target\":[\"https:\/\/vosgesinfo.fr\/gerardmerinfo\/2020\/06\/frequence-grenouille-fete-mares\/\"]}]},{\"@type\":\"ImageObject\",\"inLanguage\":\"fr-FR\",\"@id\":\"https:\/\/vosgesinfo.fr\/gerardmerinfo\/2020\/06\/frequence-grenouille-fete-mares\/#primaryimage\",\"url\":\"https:\/\/vosgesinfo.fr\/app\/uploads\/sites\/6\/2024\/07\/202006img30.jpg\",\"contentUrl\":\"https:\/\/vosgesinfo.fr\/app\/uploads\/sites\/6\/2024\/07\/202006img30.jpg\",\"width\":566,\"height\":800},{\"@type\":\"BreadcrumbList\",\"@id\":\"https:\/\/vosgesinfo.fr\/gerardmerinfo\/2020\/06\/frequence-grenouille-fete-mares\/#breadcrumb\",\"itemListElement\":[{\"@type\":\"ListItem\",\"position\":1,\"name\":\"Home\",\"item\":\"https:\/\/vosgesinfo.fr\/gerardmerinfo\/\"},{\"@type\":\"ListItem\",\"position\":2,\"name\":\"Fr\u00e9quence Grenouille &#038; la F\u00eate des mares\"}]},{\"@type\":\"WebSite\",\"@id\":\"https:\/\/vosgesinfo.fr\/gerardmerinfo\/#website\",\"url\":\"https:\/\/vosgesinfo.fr\/gerardmerinfo\/\",\"name\":\"Gerardmer Info\",\"description\":\"Toute l&#039;actualit\u00e9 de G\u00e9rardmer\",\"publisher\":{\"@id\":\"https:\/\/vosgesinfo.fr\/gerardmerinfo\/#organization\"},\"alternateName\":\"Toute l'actualit\u00e9 de G\u00e9rardmer\",\"potentialAction\":[{\"@type\":\"SearchAction\",\"target\":{\"@type\":\"EntryPoint\",\"urlTemplate\":\"https:\/\/vosgesinfo.fr\/gerardmerinfo\/?s={search_term_string}\"},\"query-input\":\"required name=search_term_string\"}],\"inLanguage\":\"fr-FR\"},{\"@type\":\"Organization\",\"@id\":\"https:\/\/vosgesinfo.fr\/gerardmerinfo\/#organization\",\"name\":\"Gerardmer Info\",\"url\":\"https:\/\/vosgesinfo.fr\/gerardmerinfo\/\",\"logo\":{\"@type\":\"ImageObject\",\"inLanguage\":\"fr-FR\",\"@id\":\"https:\/\/vosgesinfo.fr\/gerardmerinfo\/#\/schema\/logo\/image\/\",\"url\":\"https:\/\/vosgesinfo.fr\/app\/uploads\/sites\/6\/2023\/08\/favicon-gerardmerinfo.png\",\"contentUrl\":\"https:\/\/vosgesinfo.fr\/app\/uploads\/sites\/6\/2023\/08\/favicon-gerardmerinfo.png\",\"width\":512,\"height\":512,\"caption\":\"Gerardmer Info\"},\"image\":{\"@id\":\"https:\/\/vosgesinfo.fr\/gerardmerinfo\/#\/schema\/logo\/image\/\"},\"sameAs\":[\"https:\/\/www.facebook.com\/profile.php?id=100049475262660\",\"https:\/\/x.com\/VosgesInfo88\",\"https:\/\/www.youtube.com\/@vosgesinfo\"]},{\"@type\":\"Person\",\"@id\":\"https:\/\/vosgesinfo.fr\/gerardmerinfo\/#\/schema\/person\/bc5d02d71e6932e81b6dadb7386667b1\",\"name\":\"qs_admin\",\"image\":{\"@type\":\"ImageObject\",\"inLanguage\":\"fr-FR\",\"@id\":\"https:\/\/vosgesinfo.fr\/gerardmerinfo\/#\/schema\/person\/image\/\",\"url\":\"https:\/\/secure.gravatar.com\/avatar\/94b18ee0ed79e4a42ea2f2931277b6841a8999fc6fde214600c78057cf1fe1de?s=96&d=mm&r=g\",\"contentUrl\":\"https:\/\/secure.gravatar.com\/avatar\/94b18ee0ed79e4a42ea2f2931277b6841a8999fc6fde214600c78057cf1fe1de?s=96&d=mm&r=g\",\"caption\":\"qs_admin\"},\"sameAs\":[\"https:\/\/vosgesinfo.fr\/wp\"],\"url\":\"https:\/\/vosgesinfo.fr\/gerardmerinfo\/author\/qs_admin\/\"}]}<\/script>\n<!-- \/ Yoast SEO plugin. -->","yoast_head_json":{"title":"Fr\u00e9quence Grenouille & la F\u00eate des mares - Gerardmer Info","robots":{"index":"index","follow":"follow","max-snippet":"max-snippet:-1","max-image-preview":"max-image-preview:large","max-video-preview":"max-video-preview:-1"},"canonical":"https:\/\/vosgesinfo.fr\/gerardmerinfo\/2020\/06\/frequence-grenouille-fete-mares\/","twitter_card":"summary_large_image","twitter_title":"Fr\u00e9quence Grenouille & la F\u00eate des mares - Gerardmer Info","twitter_description":"&nbsp; Fr\u00e9quence Grenouille est un \u00e9v\u00e8nement maintenant bien install\u00e9 dans le paysage fran\u00e7ais. Depuis 26 ans. Il permet tout au [&hellip;]","twitter_image":"https:\/\/vosgesinfo.fr\/app\/uploads\/sites\/6\/2024\/07\/202006img30.jpg","twitter_creator":"@VosgesInfo88","twitter_site":"@VosgesInfo88","twitter_misc":{"\u00c9crit par":"qs_admin","Dur\u00e9e de lecture estim\u00e9e":"3 minutes"},"schema":{"@context":"https:\/\/schema.org","@graph":[{"@type":"Article","@id":"https:\/\/vosgesinfo.fr\/gerardmerinfo\/2020\/06\/frequence-grenouille-fete-mares\/#article","isPartOf":{"@id":"https:\/\/vosgesinfo.fr\/gerardmerinfo\/2020\/06\/frequence-grenouille-fete-mares\/"},"author":{"name":"qs_admin","@id":"https:\/\/vosgesinfo.fr\/gerardmerinfo\/#\/schema\/person\/bc5d02d71e6932e81b6dadb7386667b1"},"headline":"Fr\u00e9quence Grenouille &#038; la F\u00eate des mares","datePublished":"2020-06-07T06:17:02+00:00","dateModified":"2020-06-07T06:17:02+00:00","mainEntityOfPage":{"@id":"https:\/\/vosgesinfo.fr\/gerardmerinfo\/2020\/06\/frequence-grenouille-fete-mares\/"},"wordCount":600,"commentCount":0,"publisher":{"@id":"https:\/\/vosgesinfo.fr\/gerardmerinfo\/#organization"},"image":{"@id":"https:\/\/vosgesinfo.fr\/gerardmerinfo\/2020\/06\/frequence-grenouille-fete-mares\/#primaryimage"},"thumbnailUrl":"https:\/\/vosgesinfo.fr\/app\/uploads\/sites\/6\/2024\/07\/202006img30.jpg","articleSection":["A la une","Vosges"],"inLanguage":"fr-FR","potentialAction":[{"@type":"CommentAction","name":"Comment","target":["https:\/\/vosgesinfo.fr\/gerardmerinfo\/2020\/06\/frequence-grenouille-fete-mares\/#respond"]}]},{"@type":"WebPage","@id":"https:\/\/vosgesinfo.fr\/gerardmerinfo\/2020\/06\/frequence-grenouille-fete-mares\/","url":"https:\/\/vosgesinfo.fr\/gerardmerinfo\/2020\/06\/frequence-grenouille-fete-mares\/","name":"Fr\u00e9quence Grenouille & la F\u00eate des mares - Gerardmer Info","isPartOf":{"@id":"https:\/\/vosgesinfo.fr\/gerardmerinfo\/#website"},"primaryImageOfPage":{"@id":"https:\/\/vosgesinfo.fr\/gerardmerinfo\/2020\/06\/frequence-grenouille-fete-mares\/#primaryimage"},"image":{"@id":"https:\/\/vosgesinfo.fr\/gerardmerinfo\/2020\/06\/frequence-grenouille-fete-mares\/#primaryimage"},"thumbnailUrl":"https:\/\/vosgesinfo.fr\/app\/uploads\/sites\/6\/2024\/07\/202006img30.jpg","datePublished":"2020-06-07T06:17:02+00:00","dateModified":"2020-06-07T06:17:02+00:00","breadcrumb":{"@id":"https:\/\/vosgesinfo.fr\/gerardmerinfo\/2020\/06\/frequence-grenouille-fete-mares\/#breadcrumb"},"inLanguage":"fr-FR","potentialAction":[{"@type":"ReadAction","target":["https:\/\/vosgesinfo.fr\/gerardmerinfo\/2020\/06\/frequence-grenouille-fete-mares\/"]}]},{"@type":"ImageObject","inLanguage":"fr-FR","@id":"https:\/\/vosgesinfo.fr\/gerardmerinfo\/2020\/06\/frequence-grenouille-fete-mares\/#primaryimage","url":"https:\/\/vosgesinfo.fr\/app\/uploads\/sites\/6\/2024\/07\/202006img30.jpg","contentUrl":"https:\/\/vosgesinfo.fr\/app\/uploads\/sites\/6\/2024\/07\/202006img30.jpg","width":566,"height":800},{"@type":"BreadcrumbList","@id":"https:\/\/vosgesinfo.fr\/gerardmerinfo\/2020\/06\/frequence-grenouille-fete-mares\/#breadcrumb","itemListElement":[{"@type":"ListItem","position":1,"name":"Home","item":"https:\/\/vosgesinfo.fr\/gerardmerinfo\/"},{"@type":"ListItem","position":2,"name":"Fr\u00e9quence Grenouille &#038; la F\u00eate des mares"}]},{"@type":"WebSite","@id":"https:\/\/vosgesinfo.fr\/gerardmerinfo\/#website","url":"https:\/\/vosgesinfo.fr\/gerardmerinfo\/","name":"Gerardmer Info","description":"Toute l&#039;actualit\u00e9 de G\u00e9rardmer","publisher":{"@id":"https:\/\/vosgesinfo.fr\/gerardmerinfo\/#organization"},"alternateName":"Toute l'actualit\u00e9 de G\u00e9rardmer","potentialAction":[{"@type":"SearchAction","target":{"@type":"EntryPoint","urlTemplate":"https:\/\/vosgesinfo.fr\/gerardmerinfo\/?s={search_term_string}"},"query-input":"required name=search_term_string"}],"inLanguage":"fr-FR"},{"@type":"Organization","@id":"https:\/\/vosgesinfo.fr\/gerardmerinfo\/#organization","name":"Gerardmer Info","url":"https:\/\/vosgesinfo.fr\/gerardmerinfo\/","logo":{"@type":"ImageObject","inLanguage":"fr-FR","@id":"https:\/\/vosgesinfo.fr\/gerardmerinfo\/#\/schema\/logo\/image\/","url":"https:\/\/vosgesinfo.fr\/app\/uploads\/sites\/6\/2023\/08\/favicon-gerardmerinfo.png","contentUrl":"https:\/\/vosgesinfo.fr\/app\/uploads\/sites\/6\/2023\/08\/favicon-gerardmerinfo.png","width":512,"height":512,"caption":"Gerardmer Info"},"image":{"@id":"https:\/\/vosgesinfo.fr\/gerardmerinfo\/#\/schema\/logo\/image\/"},"sameAs":["https:\/\/www.facebook.com\/profile.php?id=100049475262660","https:\/\/x.com\/VosgesInfo88","https:\/\/www.youtube.com\/@vosgesinfo"]},{"@type":"Person","@id":"https:\/\/vosgesinfo.fr\/gerardmerinfo\/#\/schema\/person\/bc5d02d71e6932e81b6dadb7386667b1","name":"qs_admin","image":{"@type":"ImageObject","inLanguage":"fr-FR","@id":"https:\/\/vosgesinfo.fr\/gerardmerinfo\/#\/schema\/person\/image\/","url":"https:\/\/secure.gravatar.com\/avatar\/94b18ee0ed79e4a42ea2f2931277b6841a8999fc6fde214600c78057cf1fe1de?s=96&d=mm&r=g","contentUrl":"https:\/\/secure.gravatar.com\/avatar\/94b18ee0ed79e4a42ea2f2931277b6841a8999fc6fde214600c78057cf1fe1de?s=96&d=mm&r=g","caption":"qs_admin"},"sameAs":["https:\/\/vosgesinfo.fr\/wp"],"url":"https:\/\/vosgesinfo.fr\/gerardmerinfo\/author\/qs_admin\/"}]}},"_links":{"self":[{"href":"https:\/\/vosgesinfo.fr\/gerardmerinfo\/wp-json\/wp\/v2\/posts\/48256","targetHints":{"allow":["GET"]}}],"collection":[{"href":"https:\/\/vosgesinfo.fr\/gerardmerinfo\/wp-json\/wp\/v2\/posts"}],"about":[{"href":"https:\/\/vosgesinfo.fr\/gerardmerinfo\/wp-json\/wp\/v2\/types\/post"}],"author":[{"embeddable":true,"href":"https:\/\/vosgesinfo.fr\/gerardmerinfo\/wp-json\/wp\/v2\/users\/1"}],"replies":[{"embeddable":true,"href":"https:\/\/vosgesinfo.fr\/gerardmerinfo\/wp-json\/wp\/v2\/comments?post=48256"}],"version-history":[{"count":0,"href":"https:\/\/vosgesinfo.fr\/gerardmerinfo\/wp-json\/wp\/v2\/posts\/48256\/revisions"}],"wp:featuredmedia":[{"embeddable":true,"href":"https:\/\/vosgesinfo.fr\/gerardmerinfo\/wp-json\/wp\/v2\/media\/48257"}],"wp:attachment":[{"href":"https:\/\/vosgesinfo.fr\/gerardmerinfo\/wp-json\/wp\/v2\/media?parent=48256"}],"wp:term":[{"taxonomy":"category","embeddable":true,"href":"https:\/\/vosgesinfo.fr\/gerardmerinfo\/wp-json\/wp\/v2\/categories?post=48256"},{"taxonomy":"post_tag","embeddable":true,"href":"https:\/\/vosgesinfo.fr\/gerardmerinfo\/wp-json\/wp\/v2\/tags?post=48256"}],"curies":[{"name":"wp","href":"https:\/\/api.w.org\/{rel}","templated":true}]}}