{"id":48279,"date":"2020-06-07T08:18:04","date_gmt":"2020-06-07T06:18:04","guid":{"rendered":"https:\/\/vosgesinfo.fr\/gerardmerinfo\/2020\/06\/apothicaires-pharmaciens-perlimpinpin-nouveau-livre-de-gilles-durand-club-cartophile\/"},"modified":"2020-06-07T08:18:04","modified_gmt":"2020-06-07T06:18:04","slug":"apothicaires-pharmaciens-perlimpinpin-nouveau-livre-de-gilles-durand-club-cartophile","status":"publish","type":"post","link":"https:\/\/vosgesinfo.fr\/gerardmerinfo\/2020\/06\/apothicaires-pharmaciens-perlimpinpin-nouveau-livre-de-gilles-durand-club-cartophile\/","title":{"rendered":"Apothicaires, pharmaciens et perlimpinpin : le nouveau livre de Gilles Durand et du Club Cartophile"},"content":{"rendered":"<h3><\/h3>\n<h3>On ne perd pas les bonnes habitudes du c\u00f4t\u00e9 de chez Gilles Durand, habitu\u00e9 \u00e0 se plonger dans l&rsquo;histoire de G\u00e9rardmer et des figures embl\u00e9matiques qui ont marqu\u00e9 leur temps, le tout \u00e0 travers des th\u00e8mes divers et vari\u00e9s. Concernant le champ m\u00e9dical, il n&rsquo;en est pas \u00e0 son coup d&rsquo;essai puisqu&rsquo;\u00e0 titre d&rsquo;exemple, on signalera qu&rsquo;avec ses amis du club local, il avait d\u00e9j\u00e0 \u00e9voqu\u00e9 le cas du service de sant\u00e9 pendant la guerre 1914\/18&#8230;<\/h3>\n<p><a href=\"\/2020\/06\/FB_IMG_1591248130327.jpg\"><img decoding=\"async\" class=\"alignright size-medium wp-image-163740\" src=\"\/2020\/06\/FB_IMG_1591248130327-180x255.jpg\" alt=\"FB_IMG_1591248130327\" width=\"180\" height=\"255\" \/><\/a>Cette fois, c&rsquo;est par le prisme des \u00ab\u00a0Rem\u00e8des &amp; Pharmaciens d&rsquo;autrefois\u00a0\u00bb qu&rsquo;il a choisi de d\u00e9voiler une nouvelle facette de la Perle des Vosges. \u00ab\u00a0<em>C&rsquo;est un peu par amiti\u00e9 pour Claude Kondolff (lui-m\u00eame pharmacien &#8211; NDLR) que j&rsquo;ai choisi ce th\u00e8me. Et puis, il faut dire qu&rsquo;il y a tellement de choses extraordinaires \u00e0 G\u00e9rardmer dont on pourrait parler..<\/em>.\u00a0\u00bb pr\u00e9cise Gilles Durand. On peut donc r\u00e9solument s&rsquo;attendre \u00e0 ce que ce nouvel ouvrage ne soit pas le dernier ! Mais ne nous dispersons pas, dans ce nouvel opus, vous retrouverez des informations sur les officines g\u00e9r\u00f4moises et leurs pharmaciens dont certains ont d&rsquo;ailleurs laiss\u00e9 une trace ind\u00e9l\u00e9bile en donnant leur nom \u00e0 une rue&#8230; On vous laisse faire vos petites recherches.<\/p>\n<p><a href=\"\/2020\/06\/IMG_20200604_143744.jpg\"><img decoding=\"async\" class=\"alignright size-medium wp-image-163760\" src=\"\/2020\/06\/IMG_20200604_143744-340x255.jpg\" alt=\"IMG_20200604_143744\" width=\"340\" height=\"255\" \/><\/a>Parmi ces pharmaciens et sans \u00eatre exhaustif, \u00e9voquons Choulette qui est le 1er pharmacien \u00e0 s&rsquo;installer \u00e0 G\u00e9rardmer (1833-36) et qui s&rsquo;est beaucoup int\u00e9ress\u00e9 au commerce de la poix et de la t\u00e9r\u00e9benthine tir\u00e9e du sapin. On apprend au passage que la poix appel\u00e9e \u00e0 Paris \u00ab\u00a0Poix de Bourgogne\u00a0\u00bb provient en grande partie de la r\u00e9gion de G\u00e9rardmer. En 1794, la ville avait d\u00fb fournir huit quintaux de poix destin\u00e9s \u00e0 l&rsquo;usage des h\u00f4pitaux militaires. Les Pouchards ou Pouhas restent d&rsquo;ailleurs toujours dans notre m\u00e9moire collective. En ce qui concerne Louis Kelsch, pharmacien de 1842 \u00e0 1886 et Mosellan originaire de Bitche,\u00a0 outre un boulevard, on signalera qu&rsquo;il nous a \u00e9galement laiss\u00e9s une maison et des \u00e9tudes singuli\u00e8res. On notera notamment la similitude entre la situation actuelle et celle des ann\u00e9es 1850-70 : \u00e0\u00a0 l&rsquo;\u00e9poque, doutes et h\u00e9sitations sur les causes du cr\u00e9tinisme et du goitre end\u00e9miques sont l\u00e9gions. On d\u00e9nombre plus de 40 th\u00e9ories. Le lien avec une carence iod\u00e9e \u00e9tait loin de faire l&rsquo;unanimit\u00e9. Louis Kelsch \u00e9tait de ceux qui pr\u00e9conisaient l&rsquo;usage de l&rsquo;iode. Quant au cr\u00e9tinisme, comment dire&#8230; \u00ab\u00a0Deux choses sont infinies : l&rsquo;univers et la b\u00eatise humaine. Mais en ce qui concerne l&rsquo;Univers, je n&rsquo;en ai pas encore acquis la certitude\u00a0\u00bb disait Einstein&#8230;<\/p>\n<p>Pour continuer \u00e0 vous donner envie de lire ce nouvel opus, \u00e9voquons Charles Dufour (1889-1945), dont la pharmacie est d&rsquo;ailleurs toujours ferm\u00e9e rue Charles de Gaulle. Elle est\u00a0 en attente de r\u00e9novation par le nouveau propri\u00e9taire des murs, Claude Kondolff s&rsquo;\u00e9tant install\u00e9 rue Carnot. Dufour \u00e9tait un personnage exceptionnel et versatile qui savait d\u00e9cliner ses talents. En effet, les pharmaciens \u00e9tant des chimistes, tous ou presque ont \u00e9t\u00e9 des propagateurs de la photographie d&rsquo;amateur : ils proposaient tous des produits photographiques, avaient un cabinet noir photographique etc. On doit notamment \u00e0 Dufour des centaines de clich\u00e9s sur G\u00e9rardmer, autant dire que le Club Cartophile et ses membres portent donc un int\u00e9r\u00eat certain \u00e0 son travail, et ils ne sont pas seuls. \u00ab\u00a0<em>Le belv\u00e9d\u00e8re de M\u00e9relle porte son nom et on lui doit\u00a0 l&rsquo;id\u00e9e d&rsquo;ordonnance sant\u00e9 \u00e0 la mode aujourd&rsquo;hui, sauf \u00e0 G\u00e9rardmer ! (cf le plan r\u00e9gional du Grand Est<\/em>)\u00a0\u00bb pr\u00e9cise Gilles Durand. Et d&rsquo;ajouter : \u00ab\u00a0A la veille du 1er tour des municipales, Mme Crouvezier, maire de La Bresse, annon\u00e7ait son int\u00e9r\u00eat pour ce type de retomb\u00e9es \u00e0 La Bresse !\u00a0\u00bb<\/p>\n<p>Enfin, finissons ce petit tour d&rsquo;horizon non exhaustif avec Jean Delacroix, pharmacien qui a \u00e9t\u00e9 maire de la ville de 1947 \u00e0 1959. Son nom reste attach\u00e9 \u00e0 la cr\u00e9ation d&rsquo;\u00e9tablissements scolaires qui donn\u00e8rent une dimension nouvelle \u00e0 la Perle des Vosges. \u00ab\u00a0<em>La cit\u00e9 scolaire de la Haie Griselle\u00a0 n&rsquo;a pas de nom patronymique, cas semble-t-il isol\u00e9 en Lorraine, \u00e0 quand le lyc\u00e9e Delacroix ?<\/em>\u00a0\u00bb propose Gilles Durand. \u00ab\u00a0<em>G\u00e9rardmer, petite ville, poss\u00e8de 3 lyc\u00e9es. Le cas ne doit pas \u00eatre fr\u00e9quent en France. Le lecteur\u00a0 s&rsquo;apercevra que le r\u00f4le du maire de l&rsquo;\u00e9poque\u00a0 a \u00e9t\u00e9 d\u00e9terminant. A la Haie Griselle, G\u00e9rardmer aurait d\u00fb avoir un cours compl\u00e9mentaire&#8230; La ville aura finalement un lyc\u00e9e climatique qui \u00e9tait\u00a0 destin\u00e9 au versant alsacien<\/em>.\u00a0\u00bb Toute une histoire me direz-vous, et c&rsquo;est pour \u00e7a que l&rsquo;on appr\u00e9cie les ouvrages du Club Cartophile de G\u00e9rardmer !<\/p>\n<p>Ouvrage disponible dans les librairies locales et aupr\u00e8s des membres du club : Gilles Durand (T\u00e9l. 03 29 63 29 95) et Patrick M\u00e9ny (T\u00e9l. 03 29 63 30 89).<\/p>\n<p>&nbsp;<\/p>\n<p><a href=\"\/2020\/06\/IMG_20200604_143629.jpg\"><img decoding=\"async\" class=\"aligncenter size-full wp-image-163759\" src=\"\/2020\/06\/IMG_20200604_143629.jpg\" alt=\"IMG_20200604_143629\" width=\"600\" height=\"800\" \/><\/a><\/p>\n","protected":false},"excerpt":{"rendered":"<p>On ne perd pas les bonnes habitudes du c\u00f4t\u00e9 de chez Gilles Durand, habitu\u00e9 \u00e0 se plonger dans l&rsquo;histoire de [&hellip;]<\/p>\n","protected":false},"author":42,"featured_media":48280,"comment_status":"open","ping_status":"open","sticky":false,"template":"","format":"standard","meta":{"footnotes":""},"categories":[20,4,25,64],"tags":[],"class_list":["post-48279","post","type-post","status-publish","format-standard","has-post-thumbnail","hentry","category-a-la-une","category-culture","category-gerardmer","category-litterature"],"acf":[],"yoast_head":"<!-- This site is optimized with the Yoast SEO plugin v22.5 - https:\/\/yoast.com\/wordpress\/plugins\/seo\/ -->\n<title>Apothicaires, pharmaciens et perlimpinpin : le nouveau livre de Gilles Durand et du Club Cartophile - Gerardmer Info<\/title>\n<meta name=\"robots\" content=\"index, follow, max-snippet:-1, max-image-preview:large, max-video-preview:-1\" \/>\n<link rel=\"canonical\" href=\"https:\/\/vosgesinfo.fr\/gerardmerinfo\/2020\/06\/apothicaires-pharmaciens-perlimpinpin-nouveau-livre-de-gilles-durand-club-cartophile\/\" \/>\n<meta name=\"twitter:card\" content=\"summary_large_image\" \/>\n<meta name=\"twitter:title\" content=\"Apothicaires, pharmaciens et perlimpinpin : le nouveau livre de Gilles Durand et du Club Cartophile - Gerardmer Info\" \/>\n<meta name=\"twitter:description\" content=\"On ne perd pas les bonnes habitudes du c\u00f4t\u00e9 de chez Gilles Durand, habitu\u00e9 \u00e0 se plonger dans l&rsquo;histoire de [&hellip;]\" \/>\n<meta name=\"twitter:image\" content=\"https:\/\/vosgesinfo.fr\/app\/uploads\/sites\/6\/2024\/07\/202006fb-img-1591248130327.jpg\" \/>\n<meta name=\"twitter:creator\" content=\"@VosgesInfo88\" \/>\n<meta name=\"twitter:site\" content=\"@VosgesInfo88\" \/>\n<meta name=\"twitter:label1\" content=\"\u00c9crit par\" \/>\n\t<meta name=\"twitter:data1\" content=\"QG\" \/>\n\t<meta name=\"twitter:label2\" content=\"Dur\u00e9e de lecture estim\u00e9e\" \/>\n\t<meta name=\"twitter:data2\" content=\"4 minutes\" \/>\n<script type=\"application\/ld+json\" class=\"yoast-schema-graph\">{\"@context\":\"https:\/\/schema.org\",\"@graph\":[{\"@type\":\"Article\",\"@id\":\"https:\/\/vosgesinfo.fr\/gerardmerinfo\/2020\/06\/apothicaires-pharmaciens-perlimpinpin-nouveau-livre-de-gilles-durand-club-cartophile\/#article\",\"isPartOf\":{\"@id\":\"https:\/\/vosgesinfo.fr\/gerardmerinfo\/2020\/06\/apothicaires-pharmaciens-perlimpinpin-nouveau-livre-de-gilles-durand-club-cartophile\/\"},\"author\":{\"name\":\"QG\",\"@id\":\"https:\/\/vosgesinfo.fr\/gerardmerinfo\/#\/schema\/person\/db5605779a843dad16b5368f3e7613a5\"},\"headline\":\"Apothicaires, pharmaciens et perlimpinpin : le nouveau livre de Gilles Durand et du Club Cartophile\",\"datePublished\":\"2020-06-07T06:18:04+00:00\",\"dateModified\":\"2020-06-07T06:18:04+00:00\",\"mainEntityOfPage\":{\"@id\":\"https:\/\/vosgesinfo.fr\/gerardmerinfo\/2020\/06\/apothicaires-pharmaciens-perlimpinpin-nouveau-livre-de-gilles-durand-club-cartophile\/\"},\"wordCount\":839,\"commentCount\":0,\"publisher\":{\"@id\":\"https:\/\/vosgesinfo.fr\/gerardmerinfo\/#organization\"},\"image\":{\"@id\":\"https:\/\/vosgesinfo.fr\/gerardmerinfo\/2020\/06\/apothicaires-pharmaciens-perlimpinpin-nouveau-livre-de-gilles-durand-club-cartophile\/#primaryimage\"},\"thumbnailUrl\":\"https:\/\/vosgesinfo.fr\/app\/uploads\/sites\/6\/2024\/07\/202006fb-img-1591248130327.jpg\",\"articleSection\":[\"A la une\",\"Culture\",\"G\u00e9rardmer\",\"Litt\u00e9rature\"],\"inLanguage\":\"fr-FR\",\"potentialAction\":[{\"@type\":\"CommentAction\",\"name\":\"Comment\",\"target\":[\"https:\/\/vosgesinfo.fr\/gerardmerinfo\/2020\/06\/apothicaires-pharmaciens-perlimpinpin-nouveau-livre-de-gilles-durand-club-cartophile\/#respond\"]}]},{\"@type\":\"WebPage\",\"@id\":\"https:\/\/vosgesinfo.fr\/gerardmerinfo\/2020\/06\/apothicaires-pharmaciens-perlimpinpin-nouveau-livre-de-gilles-durand-club-cartophile\/\",\"url\":\"https:\/\/vosgesinfo.fr\/gerardmerinfo\/2020\/06\/apothicaires-pharmaciens-perlimpinpin-nouveau-livre-de-gilles-durand-club-cartophile\/\",\"name\":\"Apothicaires, pharmaciens et perlimpinpin : le nouveau livre de Gilles Durand et du Club Cartophile - Gerardmer Info\",\"isPartOf\":{\"@id\":\"https:\/\/vosgesinfo.fr\/gerardmerinfo\/#website\"},\"primaryImageOfPage\":{\"@id\":\"https:\/\/vosgesinfo.fr\/gerardmerinfo\/2020\/06\/apothicaires-pharmaciens-perlimpinpin-nouveau-livre-de-gilles-durand-club-cartophile\/#primaryimage\"},\"image\":{\"@id\":\"https:\/\/vosgesinfo.fr\/gerardmerinfo\/2020\/06\/apothicaires-pharmaciens-perlimpinpin-nouveau-livre-de-gilles-durand-club-cartophile\/#primaryimage\"},\"thumbnailUrl\":\"https:\/\/vosgesinfo.fr\/app\/uploads\/sites\/6\/2024\/07\/202006fb-img-1591248130327.jpg\",\"datePublished\":\"2020-06-07T06:18:04+00:00\",\"dateModified\":\"2020-06-07T06:18:04+00:00\",\"breadcrumb\":{\"@id\":\"https:\/\/vosgesinfo.fr\/gerardmerinfo\/2020\/06\/apothicaires-pharmaciens-perlimpinpin-nouveau-livre-de-gilles-durand-club-cartophile\/#breadcrumb\"},\"inLanguage\":\"fr-FR\",\"potentialAction\":[{\"@type\":\"ReadAction\",\"target\":[\"https:\/\/vosgesinfo.fr\/gerardmerinfo\/2020\/06\/apothicaires-pharmaciens-perlimpinpin-nouveau-livre-de-gilles-durand-club-cartophile\/\"]}]},{\"@type\":\"ImageObject\",\"inLanguage\":\"fr-FR\",\"@id\":\"https:\/\/vosgesinfo.fr\/gerardmerinfo\/2020\/06\/apothicaires-pharmaciens-perlimpinpin-nouveau-livre-de-gilles-durand-club-cartophile\/#primaryimage\",\"url\":\"https:\/\/vosgesinfo.fr\/app\/uploads\/sites\/6\/2024\/07\/202006fb-img-1591248130327.jpg\",\"contentUrl\":\"https:\/\/vosgesinfo.fr\/app\/uploads\/sites\/6\/2024\/07\/202006fb-img-1591248130327.jpg\",\"width\":566,\"height\":800},{\"@type\":\"BreadcrumbList\",\"@id\":\"https:\/\/vosgesinfo.fr\/gerardmerinfo\/2020\/06\/apothicaires-pharmaciens-perlimpinpin-nouveau-livre-de-gilles-durand-club-cartophile\/#breadcrumb\",\"itemListElement\":[{\"@type\":\"ListItem\",\"position\":1,\"name\":\"Home\",\"item\":\"https:\/\/vosgesinfo.fr\/gerardmerinfo\/\"},{\"@type\":\"ListItem\",\"position\":2,\"name\":\"Apothicaires, pharmaciens et perlimpinpin : le nouveau livre de Gilles Durand et du Club Cartophile\"}]},{\"@type\":\"WebSite\",\"@id\":\"https:\/\/vosgesinfo.fr\/gerardmerinfo\/#website\",\"url\":\"https:\/\/vosgesinfo.fr\/gerardmerinfo\/\",\"name\":\"Gerardmer Info\",\"description\":\"Toute l&#039;actualit\u00e9 de G\u00e9rardmer\",\"publisher\":{\"@id\":\"https:\/\/vosgesinfo.fr\/gerardmerinfo\/#organization\"},\"alternateName\":\"Toute l'actualit\u00e9 de G\u00e9rardmer\",\"potentialAction\":[{\"@type\":\"SearchAction\",\"target\":{\"@type\":\"EntryPoint\",\"urlTemplate\":\"https:\/\/vosgesinfo.fr\/gerardmerinfo\/?s={search_term_string}\"},\"query-input\":\"required name=search_term_string\"}],\"inLanguage\":\"fr-FR\"},{\"@type\":\"Organization\",\"@id\":\"https:\/\/vosgesinfo.fr\/gerardmerinfo\/#organization\",\"name\":\"Gerardmer Info\",\"url\":\"https:\/\/vosgesinfo.fr\/gerardmerinfo\/\",\"logo\":{\"@type\":\"ImageObject\",\"inLanguage\":\"fr-FR\",\"@id\":\"https:\/\/vosgesinfo.fr\/gerardmerinfo\/#\/schema\/logo\/image\/\",\"url\":\"https:\/\/vosgesinfo.fr\/app\/uploads\/sites\/6\/2023\/08\/favicon-gerardmerinfo.png\",\"contentUrl\":\"https:\/\/vosgesinfo.fr\/app\/uploads\/sites\/6\/2023\/08\/favicon-gerardmerinfo.png\",\"width\":512,\"height\":512,\"caption\":\"Gerardmer Info\"},\"image\":{\"@id\":\"https:\/\/vosgesinfo.fr\/gerardmerinfo\/#\/schema\/logo\/image\/\"},\"sameAs\":[\"https:\/\/www.facebook.com\/profile.php?id=100049475262660\",\"https:\/\/x.com\/VosgesInfo88\",\"https:\/\/www.youtube.com\/@vosgesinfo\"]},{\"@type\":\"Person\",\"@id\":\"https:\/\/vosgesinfo.fr\/gerardmerinfo\/#\/schema\/person\/db5605779a843dad16b5368f3e7613a5\",\"name\":\"QG\",\"image\":{\"@type\":\"ImageObject\",\"inLanguage\":\"fr-FR\",\"@id\":\"https:\/\/vosgesinfo.fr\/gerardmerinfo\/#\/schema\/person\/image\/\",\"url\":\"https:\/\/secure.gravatar.com\/avatar\/ea80c42c204b534408512832fde52504ecabb9706bcb6151cf6175e5b64e6793?s=96&d=mm&r=g\",\"contentUrl\":\"https:\/\/secure.gravatar.com\/avatar\/ea80c42c204b534408512832fde52504ecabb9706bcb6151cf6175e5b64e6793?s=96&d=mm&r=g\",\"caption\":\"QG\"},\"url\":\"https:\/\/vosgesinfo.fr\/gerardmerinfo\/author\/quentin88\/\"}]}<\/script>\n<!-- \/ Yoast SEO plugin. -->","yoast_head_json":{"title":"Apothicaires, pharmaciens et perlimpinpin : le nouveau livre de Gilles Durand et du Club Cartophile - Gerardmer Info","robots":{"index":"index","follow":"follow","max-snippet":"max-snippet:-1","max-image-preview":"max-image-preview:large","max-video-preview":"max-video-preview:-1"},"canonical":"https:\/\/vosgesinfo.fr\/gerardmerinfo\/2020\/06\/apothicaires-pharmaciens-perlimpinpin-nouveau-livre-de-gilles-durand-club-cartophile\/","twitter_card":"summary_large_image","twitter_title":"Apothicaires, pharmaciens et perlimpinpin : le nouveau livre de Gilles Durand et du Club Cartophile - Gerardmer Info","twitter_description":"On ne perd pas les bonnes habitudes du c\u00f4t\u00e9 de chez Gilles Durand, habitu\u00e9 \u00e0 se plonger dans l&rsquo;histoire de [&hellip;]","twitter_image":"https:\/\/vosgesinfo.fr\/app\/uploads\/sites\/6\/2024\/07\/202006fb-img-1591248130327.jpg","twitter_creator":"@VosgesInfo88","twitter_site":"@VosgesInfo88","twitter_misc":{"\u00c9crit par":"QG","Dur\u00e9e de lecture estim\u00e9e":"4 minutes"},"schema":{"@context":"https:\/\/schema.org","@graph":[{"@type":"Article","@id":"https:\/\/vosgesinfo.fr\/gerardmerinfo\/2020\/06\/apothicaires-pharmaciens-perlimpinpin-nouveau-livre-de-gilles-durand-club-cartophile\/#article","isPartOf":{"@id":"https:\/\/vosgesinfo.fr\/gerardmerinfo\/2020\/06\/apothicaires-pharmaciens-perlimpinpin-nouveau-livre-de-gilles-durand-club-cartophile\/"},"author":{"name":"QG","@id":"https:\/\/vosgesinfo.fr\/gerardmerinfo\/#\/schema\/person\/db5605779a843dad16b5368f3e7613a5"},"headline":"Apothicaires, pharmaciens et perlimpinpin : le nouveau livre de Gilles Durand et du Club Cartophile","datePublished":"2020-06-07T06:18:04+00:00","dateModified":"2020-06-07T06:18:04+00:00","mainEntityOfPage":{"@id":"https:\/\/vosgesinfo.fr\/gerardmerinfo\/2020\/06\/apothicaires-pharmaciens-perlimpinpin-nouveau-livre-de-gilles-durand-club-cartophile\/"},"wordCount":839,"commentCount":0,"publisher":{"@id":"https:\/\/vosgesinfo.fr\/gerardmerinfo\/#organization"},"image":{"@id":"https:\/\/vosgesinfo.fr\/gerardmerinfo\/2020\/06\/apothicaires-pharmaciens-perlimpinpin-nouveau-livre-de-gilles-durand-club-cartophile\/#primaryimage"},"thumbnailUrl":"https:\/\/vosgesinfo.fr\/app\/uploads\/sites\/6\/2024\/07\/202006fb-img-1591248130327.jpg","articleSection":["A la une","Culture","G\u00e9rardmer","Litt\u00e9rature"],"inLanguage":"fr-FR","potentialAction":[{"@type":"CommentAction","name":"Comment","target":["https:\/\/vosgesinfo.fr\/gerardmerinfo\/2020\/06\/apothicaires-pharmaciens-perlimpinpin-nouveau-livre-de-gilles-durand-club-cartophile\/#respond"]}]},{"@type":"WebPage","@id":"https:\/\/vosgesinfo.fr\/gerardmerinfo\/2020\/06\/apothicaires-pharmaciens-perlimpinpin-nouveau-livre-de-gilles-durand-club-cartophile\/","url":"https:\/\/vosgesinfo.fr\/gerardmerinfo\/2020\/06\/apothicaires-pharmaciens-perlimpinpin-nouveau-livre-de-gilles-durand-club-cartophile\/","name":"Apothicaires, pharmaciens et perlimpinpin : le nouveau livre de Gilles Durand et du Club Cartophile - Gerardmer Info","isPartOf":{"@id":"https:\/\/vosgesinfo.fr\/gerardmerinfo\/#website"},"primaryImageOfPage":{"@id":"https:\/\/vosgesinfo.fr\/gerardmerinfo\/2020\/06\/apothicaires-pharmaciens-perlimpinpin-nouveau-livre-de-gilles-durand-club-cartophile\/#primaryimage"},"image":{"@id":"https:\/\/vosgesinfo.fr\/gerardmerinfo\/2020\/06\/apothicaires-pharmaciens-perlimpinpin-nouveau-livre-de-gilles-durand-club-cartophile\/#primaryimage"},"thumbnailUrl":"https:\/\/vosgesinfo.fr\/app\/uploads\/sites\/6\/2024\/07\/202006fb-img-1591248130327.jpg","datePublished":"2020-06-07T06:18:04+00:00","dateModified":"2020-06-07T06:18:04+00:00","breadcrumb":{"@id":"https:\/\/vosgesinfo.fr\/gerardmerinfo\/2020\/06\/apothicaires-pharmaciens-perlimpinpin-nouveau-livre-de-gilles-durand-club-cartophile\/#breadcrumb"},"inLanguage":"fr-FR","potentialAction":[{"@type":"ReadAction","target":["https:\/\/vosgesinfo.fr\/gerardmerinfo\/2020\/06\/apothicaires-pharmaciens-perlimpinpin-nouveau-livre-de-gilles-durand-club-cartophile\/"]}]},{"@type":"ImageObject","inLanguage":"fr-FR","@id":"https:\/\/vosgesinfo.fr\/gerardmerinfo\/2020\/06\/apothicaires-pharmaciens-perlimpinpin-nouveau-livre-de-gilles-durand-club-cartophile\/#primaryimage","url":"https:\/\/vosgesinfo.fr\/app\/uploads\/sites\/6\/2024\/07\/202006fb-img-1591248130327.jpg","contentUrl":"https:\/\/vosgesinfo.fr\/app\/uploads\/sites\/6\/2024\/07\/202006fb-img-1591248130327.jpg","width":566,"height":800},{"@type":"BreadcrumbList","@id":"https:\/\/vosgesinfo.fr\/gerardmerinfo\/2020\/06\/apothicaires-pharmaciens-perlimpinpin-nouveau-livre-de-gilles-durand-club-cartophile\/#breadcrumb","itemListElement":[{"@type":"ListItem","position":1,"name":"Home","item":"https:\/\/vosgesinfo.fr\/gerardmerinfo\/"},{"@type":"ListItem","position":2,"name":"Apothicaires, pharmaciens et perlimpinpin : le nouveau livre de Gilles Durand et du Club Cartophile"}]},{"@type":"WebSite","@id":"https:\/\/vosgesinfo.fr\/gerardmerinfo\/#website","url":"https:\/\/vosgesinfo.fr\/gerardmerinfo\/","name":"Gerardmer Info","description":"Toute l&#039;actualit\u00e9 de G\u00e9rardmer","publisher":{"@id":"https:\/\/vosgesinfo.fr\/gerardmerinfo\/#organization"},"alternateName":"Toute l'actualit\u00e9 de G\u00e9rardmer","potentialAction":[{"@type":"SearchAction","target":{"@type":"EntryPoint","urlTemplate":"https:\/\/vosgesinfo.fr\/gerardmerinfo\/?s={search_term_string}"},"query-input":"required name=search_term_string"}],"inLanguage":"fr-FR"},{"@type":"Organization","@id":"https:\/\/vosgesinfo.fr\/gerardmerinfo\/#organization","name":"Gerardmer Info","url":"https:\/\/vosgesinfo.fr\/gerardmerinfo\/","logo":{"@type":"ImageObject","inLanguage":"fr-FR","@id":"https:\/\/vosgesinfo.fr\/gerardmerinfo\/#\/schema\/logo\/image\/","url":"https:\/\/vosgesinfo.fr\/app\/uploads\/sites\/6\/2023\/08\/favicon-gerardmerinfo.png","contentUrl":"https:\/\/vosgesinfo.fr\/app\/uploads\/sites\/6\/2023\/08\/favicon-gerardmerinfo.png","width":512,"height":512,"caption":"Gerardmer Info"},"image":{"@id":"https:\/\/vosgesinfo.fr\/gerardmerinfo\/#\/schema\/logo\/image\/"},"sameAs":["https:\/\/www.facebook.com\/profile.php?id=100049475262660","https:\/\/x.com\/VosgesInfo88","https:\/\/www.youtube.com\/@vosgesinfo"]},{"@type":"Person","@id":"https:\/\/vosgesinfo.fr\/gerardmerinfo\/#\/schema\/person\/db5605779a843dad16b5368f3e7613a5","name":"QG","image":{"@type":"ImageObject","inLanguage":"fr-FR","@id":"https:\/\/vosgesinfo.fr\/gerardmerinfo\/#\/schema\/person\/image\/","url":"https:\/\/secure.gravatar.com\/avatar\/ea80c42c204b534408512832fde52504ecabb9706bcb6151cf6175e5b64e6793?s=96&d=mm&r=g","contentUrl":"https:\/\/secure.gravatar.com\/avatar\/ea80c42c204b534408512832fde52504ecabb9706bcb6151cf6175e5b64e6793?s=96&d=mm&r=g","caption":"QG"},"url":"https:\/\/vosgesinfo.fr\/gerardmerinfo\/author\/quentin88\/"}]}},"_links":{"self":[{"href":"https:\/\/vosgesinfo.fr\/gerardmerinfo\/wp-json\/wp\/v2\/posts\/48279","targetHints":{"allow":["GET"]}}],"collection":[{"href":"https:\/\/vosgesinfo.fr\/gerardmerinfo\/wp-json\/wp\/v2\/posts"}],"about":[{"href":"https:\/\/vosgesinfo.fr\/gerardmerinfo\/wp-json\/wp\/v2\/types\/post"}],"author":[{"embeddable":true,"href":"https:\/\/vosgesinfo.fr\/gerardmerinfo\/wp-json\/wp\/v2\/users\/42"}],"replies":[{"embeddable":true,"href":"https:\/\/vosgesinfo.fr\/gerardmerinfo\/wp-json\/wp\/v2\/comments?post=48279"}],"version-history":[{"count":0,"href":"https:\/\/vosgesinfo.fr\/gerardmerinfo\/wp-json\/wp\/v2\/posts\/48279\/revisions"}],"wp:featuredmedia":[{"embeddable":true,"href":"https:\/\/vosgesinfo.fr\/gerardmerinfo\/wp-json\/wp\/v2\/media\/48280"}],"wp:attachment":[{"href":"https:\/\/vosgesinfo.fr\/gerardmerinfo\/wp-json\/wp\/v2\/media?parent=48279"}],"wp:term":[{"taxonomy":"category","embeddable":true,"href":"https:\/\/vosgesinfo.fr\/gerardmerinfo\/wp-json\/wp\/v2\/categories?post=48279"},{"taxonomy":"post_tag","embeddable":true,"href":"https:\/\/vosgesinfo.fr\/gerardmerinfo\/wp-json\/wp\/v2\/tags?post=48279"}],"curies":[{"name":"wp","href":"https:\/\/api.w.org\/{rel}","templated":true}]}}