{"id":48866,"date":"2020-07-18T04:15:32","date_gmt":"2020-07-18T02:15:32","guid":{"rendered":"https:\/\/vosgesinfo.fr\/gerardmerinfo\/2020\/07\/prefet-vosges-lance-loperation-interministerielle-vacances\/"},"modified":"2020-07-18T04:15:32","modified_gmt":"2020-07-18T02:15:32","slug":"prefet-vosges-lance-loperation-interministerielle-vacances","status":"publish","type":"post","link":"https:\/\/vosgesinfo.fr\/gerardmerinfo\/2020\/07\/prefet-vosges-lance-loperation-interministerielle-vacances\/","title":{"rendered":"Le pr\u00e9fet des Vosges lance l\u2019Op\u00e9ration Interminist\u00e9rielle Vacances"},"content":{"rendered":"<h2><span style=\"font-size: 14pt;\"><strong><a href=\"https:\/\/remiremontinfo.fr\/2020\/07\/vosges-prefet-lance-loperation-interministerielle-vacances\/pvv\/\" rel=\"attachment wp-att-165467\"><img decoding=\"async\" class=\"aligncenter size-full wp-image-165467\" src=\"\/2020\/07\/pvv.jpg\" alt=\"pvv\" width=\"800\" height=\"591\" \/><\/a>L\u2019Op\u00e9ration Interminist\u00e9rielle Vacances est pilot\u00e9e par le minist\u00e8re de l\u2019\u00e9conomie et des finances et plus particuli\u00e8rement par la DGCCRF (Direction g\u00e9n\u00e9rale de la Concurrence, de la Consommation et de la R\u00e9pression des fraudes). Des actions de contr\u00f4le et de pr\u00e9vention dans les secteurs li\u00e9s aux vacances.<\/strong><\/span><\/h2>\n<p>Ces contr\u00f4les se d\u00e9roulent cette ann\u00e9e de fin juin au 15 octobre 2020 et non de d\u00e9but juin au 15 septembre comme les ann\u00e9es pr\u00e9c\u00e9dentes. En raison de la crise sanitaire li\u00e9e \u00e0 la Covid19, des entreprises du secteur touristique vont rencontrer des difficult\u00e9s \u00e9conomiques. <em>\u00ab\u00a0Dans le contexte actuel, il \u00e9tait important que cette op\u00e9ration inter-services soit maintenue\u00a0\u00bb<\/em>, affirme Pierre Ory, Pr\u00e9fet des Vosges.<\/p>\n<p><em>\u00ab\u00a0L\u2019objectif, c\u2019est de permettre aux touristes des passer leurs vacances dans de bonne conditions\u00a0\u00bb<\/em>. Et de garantir la s\u00e9curit\u00e9 des consommateurs, avec le concours de plusieurs organismes\u00a0: la Direction G\u00e9n\u00e9rale de l\u2019Alimentation, la Direction g\u00e9n\u00e9rale de la Concurrence, de la Consommation et de la R\u00e9pression des fraudes, ainsi que la Direction d\u00e9partementale de la coh\u00e9sion sociale et de la protection des populations et l\u2019Agence r\u00e9gionale de sant\u00e9.<\/p>\n<p>S\u00e9curit\u00e9 des \u00e9quipements, de l\u2019alimentation, de l\u2019eau, etc : tout doit \u00eatre en ordre pour<\/p>\n","protected":false},"excerpt":{"rendered":"<p>L\u2019Op\u00e9ration Interminist\u00e9rielle Vacances est pilot\u00e9e par le minist\u00e8re de l\u2019\u00e9conomie et des finances et plus particuli\u00e8rement par la DGCCRF (Direction [&hellip;]<\/p>\n","protected":false},"author":1,"featured_media":48867,"comment_status":"open","ping_status":"open","sticky":false,"template":"","format":"standard","meta":{"footnotes":""},"categories":[20,18],"tags":[],"class_list":["post-48866","post","type-post","status-publish","format-standard","has-post-thumbnail","hentry","category-a-la-une","category-vosges"],"acf":[],"yoast_head":"<!-- This site is optimized with the Yoast SEO plugin v22.5 - https:\/\/yoast.com\/wordpress\/plugins\/seo\/ -->\n<title>Le pr\u00e9fet des Vosges lance l\u2019Op\u00e9ration Interminist\u00e9rielle Vacances - Gerardmer Info<\/title>\n<meta name=\"robots\" content=\"index, follow, max-snippet:-1, max-image-preview:large, max-video-preview:-1\" \/>\n<link rel=\"canonical\" href=\"https:\/\/vosgesinfo.fr\/gerardmerinfo\/2020\/07\/prefet-vosges-lance-loperation-interministerielle-vacances\/\" \/>\n<meta name=\"twitter:card\" content=\"summary_large_image\" \/>\n<meta name=\"twitter:title\" content=\"Le pr\u00e9fet des Vosges lance l\u2019Op\u00e9ration Interminist\u00e9rielle Vacances - Gerardmer Info\" \/>\n<meta name=\"twitter:description\" content=\"L\u2019Op\u00e9ration Interminist\u00e9rielle Vacances est pilot\u00e9e par le minist\u00e8re de l\u2019\u00e9conomie et des finances et plus particuli\u00e8rement par la DGCCRF (Direction [&hellip;]\" \/>\n<meta name=\"twitter:image\" content=\"https:\/\/vosgesinfo.fr\/app\/uploads\/sites\/6\/2024\/07\/202007pvv.jpg\" \/>\n<meta name=\"twitter:creator\" content=\"@VosgesInfo88\" \/>\n<meta name=\"twitter:site\" content=\"@VosgesInfo88\" \/>\n<meta name=\"twitter:label1\" content=\"\u00c9crit par\" \/>\n\t<meta name=\"twitter:data1\" content=\"qs_admin\" \/>\n\t<meta name=\"twitter:label2\" content=\"Dur\u00e9e de lecture estim\u00e9e\" \/>\n\t<meta name=\"twitter:data2\" content=\"1 minute\" \/>\n<script type=\"application\/ld+json\" class=\"yoast-schema-graph\">{\"@context\":\"https:\/\/schema.org\",\"@graph\":[{\"@type\":\"Article\",\"@id\":\"https:\/\/vosgesinfo.fr\/gerardmerinfo\/2020\/07\/prefet-vosges-lance-loperation-interministerielle-vacances\/#article\",\"isPartOf\":{\"@id\":\"https:\/\/vosgesinfo.fr\/gerardmerinfo\/2020\/07\/prefet-vosges-lance-loperation-interministerielle-vacances\/\"},\"author\":{\"name\":\"qs_admin\",\"@id\":\"https:\/\/vosgesinfo.fr\/gerardmerinfo\/#\/schema\/person\/bc5d02d71e6932e81b6dadb7386667b1\"},\"headline\":\"Le pr\u00e9fet des Vosges lance l\u2019Op\u00e9ration Interminist\u00e9rielle Vacances\",\"datePublished\":\"2020-07-18T02:15:32+00:00\",\"dateModified\":\"2020-07-18T02:15:32+00:00\",\"mainEntityOfPage\":{\"@id\":\"https:\/\/vosgesinfo.fr\/gerardmerinfo\/2020\/07\/prefet-vosges-lance-loperation-interministerielle-vacances\/\"},\"wordCount\":239,\"commentCount\":0,\"publisher\":{\"@id\":\"https:\/\/vosgesinfo.fr\/gerardmerinfo\/#organization\"},\"image\":{\"@id\":\"https:\/\/vosgesinfo.fr\/gerardmerinfo\/2020\/07\/prefet-vosges-lance-loperation-interministerielle-vacances\/#primaryimage\"},\"thumbnailUrl\":\"https:\/\/vosgesinfo.fr\/app\/uploads\/sites\/6\/2024\/07\/202007pvv.jpg\",\"articleSection\":[\"A la une\",\"Vosges\"],\"inLanguage\":\"fr-FR\",\"potentialAction\":[{\"@type\":\"CommentAction\",\"name\":\"Comment\",\"target\":[\"https:\/\/vosgesinfo.fr\/gerardmerinfo\/2020\/07\/prefet-vosges-lance-loperation-interministerielle-vacances\/#respond\"]}]},{\"@type\":\"WebPage\",\"@id\":\"https:\/\/vosgesinfo.fr\/gerardmerinfo\/2020\/07\/prefet-vosges-lance-loperation-interministerielle-vacances\/\",\"url\":\"https:\/\/vosgesinfo.fr\/gerardmerinfo\/2020\/07\/prefet-vosges-lance-loperation-interministerielle-vacances\/\",\"name\":\"Le pr\u00e9fet des Vosges lance l\u2019Op\u00e9ration Interminist\u00e9rielle Vacances - Gerardmer Info\",\"isPartOf\":{\"@id\":\"https:\/\/vosgesinfo.fr\/gerardmerinfo\/#website\"},\"primaryImageOfPage\":{\"@id\":\"https:\/\/vosgesinfo.fr\/gerardmerinfo\/2020\/07\/prefet-vosges-lance-loperation-interministerielle-vacances\/#primaryimage\"},\"image\":{\"@id\":\"https:\/\/vosgesinfo.fr\/gerardmerinfo\/2020\/07\/prefet-vosges-lance-loperation-interministerielle-vacances\/#primaryimage\"},\"thumbnailUrl\":\"https:\/\/vosgesinfo.fr\/app\/uploads\/sites\/6\/2024\/07\/202007pvv.jpg\",\"datePublished\":\"2020-07-18T02:15:32+00:00\",\"dateModified\":\"2020-07-18T02:15:32+00:00\",\"breadcrumb\":{\"@id\":\"https:\/\/vosgesinfo.fr\/gerardmerinfo\/2020\/07\/prefet-vosges-lance-loperation-interministerielle-vacances\/#breadcrumb\"},\"inLanguage\":\"fr-FR\",\"potentialAction\":[{\"@type\":\"ReadAction\",\"target\":[\"https:\/\/vosgesinfo.fr\/gerardmerinfo\/2020\/07\/prefet-vosges-lance-loperation-interministerielle-vacances\/\"]}]},{\"@type\":\"ImageObject\",\"inLanguage\":\"fr-FR\",\"@id\":\"https:\/\/vosgesinfo.fr\/gerardmerinfo\/2020\/07\/prefet-vosges-lance-loperation-interministerielle-vacances\/#primaryimage\",\"url\":\"https:\/\/vosgesinfo.fr\/app\/uploads\/sites\/6\/2024\/07\/202007pvv.jpg\",\"contentUrl\":\"https:\/\/vosgesinfo.fr\/app\/uploads\/sites\/6\/2024\/07\/202007pvv.jpg\",\"width\":800,\"height\":591},{\"@type\":\"BreadcrumbList\",\"@id\":\"https:\/\/vosgesinfo.fr\/gerardmerinfo\/2020\/07\/prefet-vosges-lance-loperation-interministerielle-vacances\/#breadcrumb\",\"itemListElement\":[{\"@type\":\"ListItem\",\"position\":1,\"name\":\"Home\",\"item\":\"https:\/\/vosgesinfo.fr\/gerardmerinfo\/\"},{\"@type\":\"ListItem\",\"position\":2,\"name\":\"Le pr\u00e9fet des Vosges lance l\u2019Op\u00e9ration Interminist\u00e9rielle Vacances\"}]},{\"@type\":\"WebSite\",\"@id\":\"https:\/\/vosgesinfo.fr\/gerardmerinfo\/#website\",\"url\":\"https:\/\/vosgesinfo.fr\/gerardmerinfo\/\",\"name\":\"Gerardmer Info\",\"description\":\"Toute l&#039;actualit\u00e9 de G\u00e9rardmer\",\"publisher\":{\"@id\":\"https:\/\/vosgesinfo.fr\/gerardmerinfo\/#organization\"},\"alternateName\":\"Toute l'actualit\u00e9 de G\u00e9rardmer\",\"potentialAction\":[{\"@type\":\"SearchAction\",\"target\":{\"@type\":\"EntryPoint\",\"urlTemplate\":\"https:\/\/vosgesinfo.fr\/gerardmerinfo\/?s={search_term_string}\"},\"query-input\":\"required name=search_term_string\"}],\"inLanguage\":\"fr-FR\"},{\"@type\":\"Organization\",\"@id\":\"https:\/\/vosgesinfo.fr\/gerardmerinfo\/#organization\",\"name\":\"Gerardmer Info\",\"url\":\"https:\/\/vosgesinfo.fr\/gerardmerinfo\/\",\"logo\":{\"@type\":\"ImageObject\",\"inLanguage\":\"fr-FR\",\"@id\":\"https:\/\/vosgesinfo.fr\/gerardmerinfo\/#\/schema\/logo\/image\/\",\"url\":\"https:\/\/vosgesinfo.fr\/app\/uploads\/sites\/6\/2023\/08\/favicon-gerardmerinfo.png\",\"contentUrl\":\"https:\/\/vosgesinfo.fr\/app\/uploads\/sites\/6\/2023\/08\/favicon-gerardmerinfo.png\",\"width\":512,\"height\":512,\"caption\":\"Gerardmer Info\"},\"image\":{\"@id\":\"https:\/\/vosgesinfo.fr\/gerardmerinfo\/#\/schema\/logo\/image\/\"},\"sameAs\":[\"https:\/\/www.facebook.com\/profile.php?id=100049475262660\",\"https:\/\/x.com\/VosgesInfo88\",\"https:\/\/www.youtube.com\/@vosgesinfo\"]},{\"@type\":\"Person\",\"@id\":\"https:\/\/vosgesinfo.fr\/gerardmerinfo\/#\/schema\/person\/bc5d02d71e6932e81b6dadb7386667b1\",\"name\":\"qs_admin\",\"image\":{\"@type\":\"ImageObject\",\"inLanguage\":\"fr-FR\",\"@id\":\"https:\/\/vosgesinfo.fr\/gerardmerinfo\/#\/schema\/person\/image\/\",\"url\":\"https:\/\/secure.gravatar.com\/avatar\/94b18ee0ed79e4a42ea2f2931277b6841a8999fc6fde214600c78057cf1fe1de?s=96&d=mm&r=g\",\"contentUrl\":\"https:\/\/secure.gravatar.com\/avatar\/94b18ee0ed79e4a42ea2f2931277b6841a8999fc6fde214600c78057cf1fe1de?s=96&d=mm&r=g\",\"caption\":\"qs_admin\"},\"sameAs\":[\"https:\/\/vosgesinfo.fr\/wp\"],\"url\":\"https:\/\/vosgesinfo.fr\/gerardmerinfo\/author\/qs_admin\/\"}]}<\/script>\n<!-- \/ Yoast SEO plugin. -->","yoast_head_json":{"title":"Le pr\u00e9fet des Vosges lance l\u2019Op\u00e9ration Interminist\u00e9rielle Vacances - Gerardmer Info","robots":{"index":"index","follow":"follow","max-snippet":"max-snippet:-1","max-image-preview":"max-image-preview:large","max-video-preview":"max-video-preview:-1"},"canonical":"https:\/\/vosgesinfo.fr\/gerardmerinfo\/2020\/07\/prefet-vosges-lance-loperation-interministerielle-vacances\/","twitter_card":"summary_large_image","twitter_title":"Le pr\u00e9fet des Vosges lance l\u2019Op\u00e9ration Interminist\u00e9rielle Vacances - Gerardmer Info","twitter_description":"L\u2019Op\u00e9ration Interminist\u00e9rielle Vacances est pilot\u00e9e par le minist\u00e8re de l\u2019\u00e9conomie et des finances et plus particuli\u00e8rement par la DGCCRF (Direction [&hellip;]","twitter_image":"https:\/\/vosgesinfo.fr\/app\/uploads\/sites\/6\/2024\/07\/202007pvv.jpg","twitter_creator":"@VosgesInfo88","twitter_site":"@VosgesInfo88","twitter_misc":{"\u00c9crit par":"qs_admin","Dur\u00e9e de lecture estim\u00e9e":"1 minute"},"schema":{"@context":"https:\/\/schema.org","@graph":[{"@type":"Article","@id":"https:\/\/vosgesinfo.fr\/gerardmerinfo\/2020\/07\/prefet-vosges-lance-loperation-interministerielle-vacances\/#article","isPartOf":{"@id":"https:\/\/vosgesinfo.fr\/gerardmerinfo\/2020\/07\/prefet-vosges-lance-loperation-interministerielle-vacances\/"},"author":{"name":"qs_admin","@id":"https:\/\/vosgesinfo.fr\/gerardmerinfo\/#\/schema\/person\/bc5d02d71e6932e81b6dadb7386667b1"},"headline":"Le pr\u00e9fet des Vosges lance l\u2019Op\u00e9ration Interminist\u00e9rielle Vacances","datePublished":"2020-07-18T02:15:32+00:00","dateModified":"2020-07-18T02:15:32+00:00","mainEntityOfPage":{"@id":"https:\/\/vosgesinfo.fr\/gerardmerinfo\/2020\/07\/prefet-vosges-lance-loperation-interministerielle-vacances\/"},"wordCount":239,"commentCount":0,"publisher":{"@id":"https:\/\/vosgesinfo.fr\/gerardmerinfo\/#organization"},"image":{"@id":"https:\/\/vosgesinfo.fr\/gerardmerinfo\/2020\/07\/prefet-vosges-lance-loperation-interministerielle-vacances\/#primaryimage"},"thumbnailUrl":"https:\/\/vosgesinfo.fr\/app\/uploads\/sites\/6\/2024\/07\/202007pvv.jpg","articleSection":["A la une","Vosges"],"inLanguage":"fr-FR","potentialAction":[{"@type":"CommentAction","name":"Comment","target":["https:\/\/vosgesinfo.fr\/gerardmerinfo\/2020\/07\/prefet-vosges-lance-loperation-interministerielle-vacances\/#respond"]}]},{"@type":"WebPage","@id":"https:\/\/vosgesinfo.fr\/gerardmerinfo\/2020\/07\/prefet-vosges-lance-loperation-interministerielle-vacances\/","url":"https:\/\/vosgesinfo.fr\/gerardmerinfo\/2020\/07\/prefet-vosges-lance-loperation-interministerielle-vacances\/","name":"Le pr\u00e9fet des Vosges lance l\u2019Op\u00e9ration Interminist\u00e9rielle Vacances - Gerardmer Info","isPartOf":{"@id":"https:\/\/vosgesinfo.fr\/gerardmerinfo\/#website"},"primaryImageOfPage":{"@id":"https:\/\/vosgesinfo.fr\/gerardmerinfo\/2020\/07\/prefet-vosges-lance-loperation-interministerielle-vacances\/#primaryimage"},"image":{"@id":"https:\/\/vosgesinfo.fr\/gerardmerinfo\/2020\/07\/prefet-vosges-lance-loperation-interministerielle-vacances\/#primaryimage"},"thumbnailUrl":"https:\/\/vosgesinfo.fr\/app\/uploads\/sites\/6\/2024\/07\/202007pvv.jpg","datePublished":"2020-07-18T02:15:32+00:00","dateModified":"2020-07-18T02:15:32+00:00","breadcrumb":{"@id":"https:\/\/vosgesinfo.fr\/gerardmerinfo\/2020\/07\/prefet-vosges-lance-loperation-interministerielle-vacances\/#breadcrumb"},"inLanguage":"fr-FR","potentialAction":[{"@type":"ReadAction","target":["https:\/\/vosgesinfo.fr\/gerardmerinfo\/2020\/07\/prefet-vosges-lance-loperation-interministerielle-vacances\/"]}]},{"@type":"ImageObject","inLanguage":"fr-FR","@id":"https:\/\/vosgesinfo.fr\/gerardmerinfo\/2020\/07\/prefet-vosges-lance-loperation-interministerielle-vacances\/#primaryimage","url":"https:\/\/vosgesinfo.fr\/app\/uploads\/sites\/6\/2024\/07\/202007pvv.jpg","contentUrl":"https:\/\/vosgesinfo.fr\/app\/uploads\/sites\/6\/2024\/07\/202007pvv.jpg","width":800,"height":591},{"@type":"BreadcrumbList","@id":"https:\/\/vosgesinfo.fr\/gerardmerinfo\/2020\/07\/prefet-vosges-lance-loperation-interministerielle-vacances\/#breadcrumb","itemListElement":[{"@type":"ListItem","position":1,"name":"Home","item":"https:\/\/vosgesinfo.fr\/gerardmerinfo\/"},{"@type":"ListItem","position":2,"name":"Le pr\u00e9fet des Vosges lance l\u2019Op\u00e9ration Interminist\u00e9rielle Vacances"}]},{"@type":"WebSite","@id":"https:\/\/vosgesinfo.fr\/gerardmerinfo\/#website","url":"https:\/\/vosgesinfo.fr\/gerardmerinfo\/","name":"Gerardmer Info","description":"Toute l&#039;actualit\u00e9 de G\u00e9rardmer","publisher":{"@id":"https:\/\/vosgesinfo.fr\/gerardmerinfo\/#organization"},"alternateName":"Toute l'actualit\u00e9 de G\u00e9rardmer","potentialAction":[{"@type":"SearchAction","target":{"@type":"EntryPoint","urlTemplate":"https:\/\/vosgesinfo.fr\/gerardmerinfo\/?s={search_term_string}"},"query-input":"required name=search_term_string"}],"inLanguage":"fr-FR"},{"@type":"Organization","@id":"https:\/\/vosgesinfo.fr\/gerardmerinfo\/#organization","name":"Gerardmer Info","url":"https:\/\/vosgesinfo.fr\/gerardmerinfo\/","logo":{"@type":"ImageObject","inLanguage":"fr-FR","@id":"https:\/\/vosgesinfo.fr\/gerardmerinfo\/#\/schema\/logo\/image\/","url":"https:\/\/vosgesinfo.fr\/app\/uploads\/sites\/6\/2023\/08\/favicon-gerardmerinfo.png","contentUrl":"https:\/\/vosgesinfo.fr\/app\/uploads\/sites\/6\/2023\/08\/favicon-gerardmerinfo.png","width":512,"height":512,"caption":"Gerardmer Info"},"image":{"@id":"https:\/\/vosgesinfo.fr\/gerardmerinfo\/#\/schema\/logo\/image\/"},"sameAs":["https:\/\/www.facebook.com\/profile.php?id=100049475262660","https:\/\/x.com\/VosgesInfo88","https:\/\/www.youtube.com\/@vosgesinfo"]},{"@type":"Person","@id":"https:\/\/vosgesinfo.fr\/gerardmerinfo\/#\/schema\/person\/bc5d02d71e6932e81b6dadb7386667b1","name":"qs_admin","image":{"@type":"ImageObject","inLanguage":"fr-FR","@id":"https:\/\/vosgesinfo.fr\/gerardmerinfo\/#\/schema\/person\/image\/","url":"https:\/\/secure.gravatar.com\/avatar\/94b18ee0ed79e4a42ea2f2931277b6841a8999fc6fde214600c78057cf1fe1de?s=96&d=mm&r=g","contentUrl":"https:\/\/secure.gravatar.com\/avatar\/94b18ee0ed79e4a42ea2f2931277b6841a8999fc6fde214600c78057cf1fe1de?s=96&d=mm&r=g","caption":"qs_admin"},"sameAs":["https:\/\/vosgesinfo.fr\/wp"],"url":"https:\/\/vosgesinfo.fr\/gerardmerinfo\/author\/qs_admin\/"}]}},"_links":{"self":[{"href":"https:\/\/vosgesinfo.fr\/gerardmerinfo\/wp-json\/wp\/v2\/posts\/48866","targetHints":{"allow":["GET"]}}],"collection":[{"href":"https:\/\/vosgesinfo.fr\/gerardmerinfo\/wp-json\/wp\/v2\/posts"}],"about":[{"href":"https:\/\/vosgesinfo.fr\/gerardmerinfo\/wp-json\/wp\/v2\/types\/post"}],"author":[{"embeddable":true,"href":"https:\/\/vosgesinfo.fr\/gerardmerinfo\/wp-json\/wp\/v2\/users\/1"}],"replies":[{"embeddable":true,"href":"https:\/\/vosgesinfo.fr\/gerardmerinfo\/wp-json\/wp\/v2\/comments?post=48866"}],"version-history":[{"count":0,"href":"https:\/\/vosgesinfo.fr\/gerardmerinfo\/wp-json\/wp\/v2\/posts\/48866\/revisions"}],"wp:featuredmedia":[{"embeddable":true,"href":"https:\/\/vosgesinfo.fr\/gerardmerinfo\/wp-json\/wp\/v2\/media\/48867"}],"wp:attachment":[{"href":"https:\/\/vosgesinfo.fr\/gerardmerinfo\/wp-json\/wp\/v2\/media?parent=48866"}],"wp:term":[{"taxonomy":"category","embeddable":true,"href":"https:\/\/vosgesinfo.fr\/gerardmerinfo\/wp-json\/wp\/v2\/categories?post=48866"},{"taxonomy":"post_tag","embeddable":true,"href":"https:\/\/vosgesinfo.fr\/gerardmerinfo\/wp-json\/wp\/v2\/tags?post=48866"}],"curies":[{"name":"wp","href":"https:\/\/api.w.org\/{rel}","templated":true}]}}