{"id":48869,"date":"2020-07-18T10:05:30","date_gmt":"2020-07-18T08:05:30","guid":{"rendered":"https:\/\/vosgesinfo.fr\/gerardmerinfo\/2020\/07\/lademat-h-appelle-elus-locaux-a-faire-de-sante-priorite\/"},"modified":"2020-07-18T10:05:30","modified_gmt":"2020-07-18T08:05:30","slug":"lademat-h-appelle-elus-locaux-a-faire-de-sante-priorite","status":"publish","type":"post","link":"https:\/\/vosgesinfo.fr\/gerardmerinfo\/2020\/07\/lademat-h-appelle-elus-locaux-a-faire-de-sante-priorite\/","title":{"rendered":"L\u2019Ademat-h appelle les \u00e9lus locaux \u00e0 faire de la sant\u00e9 une priorit\u00e9"},"content":{"rendered":"<h2><span style=\"font-size: 12pt;\"><strong><span style=\"font-family: 'Times New Roman', serif;\"><a href=\"https:\/\/gerardmerinfo.fr\/2020\/07\/lademat-h-appelle-elus-locaux-a-faire-de-sante-priorite\/attachment\/255\/\" rel=\"attachment wp-att-165471\"><img decoding=\"async\" class=\"alignright wp-image-165471 size-full\" src=\"\/2020\/07\/255.jpg\" alt=\"255\" width=\"400\" height=\"255\" \/><\/a>Depuis le mois de mars dernier, notre territoire a connu une crise sanitaire profonde. L\u2019Ademat-h a d\u00e9cid\u00e9 d\u2019interpeller les \u00e9lus locaux. Dans une lettre, l\u2019association les appelle \u00e0 <em>\u00ab faire de la bonne sant\u00e9 de nos concitoyens une priorit\u00e9 \u00bb.<\/em><\/span><\/strong><\/span><\/h2>\n<p><span style=\"font-family: 'Times New Roman', serif;\">En ce d\u00e9but de nouvelle mandature, l\u2019Association pour la D\u00e9fense, le Maintien, et l&rsquo;Am\u00e9lioration de la Maternit\u00e9 et de l&rsquo;h\u00f4pital de Remiremont (Ademat-h) lance un appel, pour <em>\u00ab faire de la bonne sant\u00e9 de nos concitoyens une priorit\u00e9 des projets de territoire \u00e0 construire, au m\u00eame titre que le soutien \u00e0 l\u2019emploi et \u00e0 l\u2019\u00e9conomie ou que l\u2019engagement dans la construction des transitions \u00e9cologiques et sociales \u00bb<\/em>. Elle appelle les maires, pr\u00e9sidents de Communaut\u00e9s de Communes et pr\u00e9sidents des PETR de Remiremont et ses Vall\u00e9es et des Vosges Sa\u00f4noises, a s\u2019engager sur le sujet.<\/span><\/p>\n<p><span style=\"font-family: 'Times New Roman', serif;\"><em>\u00ab Les \u00e9lections municipales de 2020 resteront marqu\u00e9es par la pand\u00e9mie qui n\u2019a pas \u00e9pargn\u00e9 notre r\u00e9gion \u00bb<\/em>, peut on lire dans la lettre,<em> \u00ab Outre les risques auxquels vous avez pu \u00eatre expos\u00e9s du fait de votre mandat ou de votre pr\u00e9sence dans les bureaux de vote, vous avez \u00e9t\u00e9 pour beaucoup d\u2019entre vous, anciens ou nouveaux \u00e9lus, en premi\u00e8re ligne pour organiser la s\u00e9curit\u00e9 sanitaire dans les \u00e9coles, les lieux publics, les EHPAD, les commerces, pour pallier l\u2019insuffisance de stocks de masques, en organiser la fabrication et en assurer la distribution aupr\u00e8s des habitants \u00bb.<\/em><\/span><\/p>\n<p><span style=\"font-family: 'Times New Roman', serif;\">L\u2019association a tenu \u00e0 saluer l\u2019effort, les initiatives et l\u2019engagement de tous dans cette \u00e9preuve :<em> \u00ab Une fois de plus l\u2019h\u00f4pital public et les collectivit\u00e9s locales ont su s\u2019adapter malgr\u00e9 la confusion et parfois l\u2019incoh\u00e9rence des instructions et directives nationales \u00bb.<\/em> L\u2019Ademat-h se bat depuis bient\u00f4t 5 ans pour maintenir la maternit\u00e9 et \u00e9viter le d\u00e9mant\u00e8lement de l\u2019h\u00f4pital de Remiremont.<em> \u00ab Les \u00e9v\u00e8nements r\u00e9cents d\u00e9montrent s\u2019il en \u00e9tait besoin, combien ce combat est justifi\u00e9 et combien un h\u00f4pital public au c\u0153ur d\u2019un bassin de vie de 100 000 habitants est indispensable avec m\u00e9decine, chirurgie, maternit\u00e9 et urgences. \u00bb<\/em><\/span><\/p>\n<p><span style=\"font-family: 'Times New Roman', serif;\">Les vall\u00e9es du sud des Vosges ont \u00e9t\u00e9 particuli\u00e8rement touch\u00e9es par le coronavirus. Au pic de l\u2019\u00e9pid\u00e9mie, 94 patients \u00ab Covid \u00bb confirm\u00e9s \u00e9taient hospitalis\u00e9s en m\u00e9decine \u00e0 Remiremont, soit le double des autres pics enregistr\u00e9s sur les 3 autres h\u00f4pitaux vosgiens. En avril, 553 patients sont pass\u00e9s aux urgences fili\u00e8re Covid \u00e0 Remiremont. <em>\u00ab Nous ne nous mobilisons pas pour prouver que nous avons raison, mais pour renforcer la s\u00e9curit\u00e9 sanitaire de la population et consolider son bien \u00eatre individuel et collectif \u00bb<\/em>. Alors on est en droit de se demander : que ce serait t\u2019il pass\u00e9 si l\u2019h\u00f4pital avait \u00e9t\u00e9 davantage r\u00e9duit durant les ann\u00e9es pass\u00e9es ? <em>\u00ab Cela aurait \u00e9t\u00e9 une catastrophe encore bien plus grave et difficile pour tous\u00a0\u00bb<\/em> affirme Jean Pierrel, pr\u00e9sident de l\u2019Ademat-h.<\/span><\/p>\n<p><span style=\"font-family: 'Times New Roman', serif;\">L\u2019Ademat-h propose donc aux \u00e9lus qui souhaitent rejoindre ce combat de proc\u00e9der \u00e0 une d\u00e9lib\u00e9ration, affirmant que leur commune ou communaut\u00e9 de commune :<\/span><\/p>\n<p>\u2022 <span style=\"font-family: 'Times New Roman', serif;\">Consid\u00e8re la sant\u00e9 comme une priorit\u00e9 du territoire communal et intercommunal<\/span><\/p>\n<p>\u2022 <span style=\"font-family: 'Times New Roman', serif;\">Affirme sa volont\u00e9 d\u2019agir sans subir dans les domaines de la sant\u00e9, de la pr\u00e9vention et de la valorisation du bien \u00eatre des habitants et de tous ceux qui utilisent notre territoire comme lieu de vacances, de soins ou de loisirs.<\/span><\/p>\n<p>\u2022 <span style=\"font-family: 'Times New Roman', serif;\">Souhaite apporter son soutien \u00e0 l\u2019installation durable des professionnels de sant\u00e9 en proximit\u00e9 en partenariat avec le d\u00e9partement des Vosges<\/span><\/p>\n<p>\u2022 <span style=\"font-family: 'Times New Roman', serif;\">Confirme la n\u00e9cessit\u00e9 de maintenir un service public hospitalier de qualit\u00e9 (M\u00e9decine Chirurgie Maternit\u00e9 et Urgences 24\/24) au c\u0153ur du bassin de vie de Remiremont, \u00e0 moins de 35 minutes de toute zone habit\u00e9e.<\/span><\/p>\n<p>\u2022 <span style=\"font-family: 'Times New Roman', serif;\">Propose la mise en place d\u2019un conseil de d\u00e9veloppement citoyen \u00e0 l\u2019\u00e9chelle des PETR (Pole d&rsquo;Equilbre Territorial Rural) des territoires concern\u00e9s(Pays de Remiremont ,ses vall\u00e9es et Pays des Vosges saonaoises) qui facilitera l\u2019association des acteurs de la soci\u00e9t\u00e9 civile \u00e0 la r\u00e9flexion commune et \u00e0 l\u2019\u00e9laboration des propositions structurantes pour notre territoire<\/span><\/p>\n<p>\u2022 <span style=\"font-family: 'Times New Roman', serif;\">D\u00e9cide de renouveler l\u2019adh\u00e9sion de la commune (et\/ou de l\u2019intercommunalit\u00e9) \u00e0 l\u2019Ademath<\/span><\/p>\n<p>\u2022 <span style=\"font-family: 'Times New Roman', serif;\">Confie \u00e0 un \u00e9lu une d\u00e9l\u00e9gation sant\u00e9 et le d\u00e9signe pour repr\u00e9senter la collectivit\u00e9 au conseil d\u2019administration de l\u2019Ademat-h et dans les instances qui seront mises en place pour la construction du contrat territorial de sant\u00e9<\/span><\/p>\n<p>\u2022 <span style=\"font-family: 'Times New Roman', serif;\">Confirme a participation des \u00e9lus de la collectivit\u00e9 \u00e0 la d\u00e9fense de l\u2019h\u00f4pital public de Remiremont et r\u00e9affirment la sp\u00e9cificit\u00e9 de nos territoires de moyenne montagne qui n\u00e9cessite des moyens adapt\u00e9s. <\/span><\/p>\n<p><span style=\"font-family: 'Times New Roman', serif;\">Pour adh\u00e9rer \u00e0 l\u2019Ademat-h ou vous tenir informer, rendez-vous ici\u00a0: <\/span><span style=\"font-family: 'Times New Roman', serif;\"><a href=\"https:\/\/www.ademat.org\/adhesion-en-ligne\/\">https:\/\/www.ademat.org\/adhesion-en-ligne\/<\/a> <\/span><\/p>\n<p style=\"text-align: center;\"><a href=\"https:\/\/vosgesinfo.fr\/app\/uploads\/sites\/6\/2020\/07\/2020-flyer-adhesion-v3-vert-page-002.jpg\"><img decoding=\"async\" class=\"alignnone size-full wp-image-291364\" src=\"https:\/\/vosgesinfo.fr\/app\/uploads\/sites\/6\/2020\/07\/2020-flyer-adhesion-v3-vert-page-002.jpg\" alt=\"2020_Flyer adhe\u0301sion_V3-vert-page-002\" width=\"564\" height=\"800\" \/><\/a><\/p>\n","protected":false},"excerpt":{"rendered":"<p>Depuis le mois de mars dernier, notre territoire a connu une crise sanitaire profonde. L\u2019Ademat-h a d\u00e9cid\u00e9 d\u2019interpeller les \u00e9lus [&hellip;]<\/p>\n","protected":false},"author":1,"featured_media":48870,"comment_status":"open","ping_status":"open","sticky":false,"template":"","format":"standard","meta":{"footnotes":""},"categories":[20,12,18],"tags":[],"class_list":["post-48869","post","type-post","status-publish","format-standard","has-post-thumbnail","hentry","category-a-la-une","category-sante","category-vosges"],"acf":[],"yoast_head":"<!-- This site is optimized with the Yoast SEO plugin v22.5 - https:\/\/yoast.com\/wordpress\/plugins\/seo\/ -->\n<title>L\u2019Ademat-h appelle les \u00e9lus locaux \u00e0 faire de la sant\u00e9 une priorit\u00e9 - Gerardmer Info<\/title>\n<meta name=\"robots\" content=\"index, follow, max-snippet:-1, max-image-preview:large, max-video-preview:-1\" \/>\n<link rel=\"canonical\" href=\"https:\/\/vosgesinfo.fr\/gerardmerinfo\/2020\/07\/lademat-h-appelle-elus-locaux-a-faire-de-sante-priorite\/\" \/>\n<meta name=\"twitter:card\" content=\"summary_large_image\" \/>\n<meta name=\"twitter:title\" content=\"L\u2019Ademat-h appelle les \u00e9lus locaux \u00e0 faire de la sant\u00e9 une priorit\u00e9 - Gerardmer Info\" \/>\n<meta name=\"twitter:description\" content=\"Depuis le mois de mars dernier, notre territoire a connu une crise sanitaire profonde. L\u2019Ademat-h a d\u00e9cid\u00e9 d\u2019interpeller les \u00e9lus [&hellip;]\" \/>\n<meta name=\"twitter:image\" content=\"https:\/\/vosgesinfo.fr\/app\/uploads\/sites\/6\/2024\/07\/202007255.jpg\" \/>\n<meta name=\"twitter:creator\" content=\"@VosgesInfo88\" \/>\n<meta name=\"twitter:site\" content=\"@VosgesInfo88\" \/>\n<meta name=\"twitter:label1\" content=\"\u00c9crit par\" \/>\n\t<meta name=\"twitter:data1\" content=\"qs_admin\" \/>\n\t<meta name=\"twitter:label2\" content=\"Dur\u00e9e de lecture estim\u00e9e\" \/>\n\t<meta name=\"twitter:data2\" content=\"4 minutes\" \/>\n<script type=\"application\/ld+json\" class=\"yoast-schema-graph\">{\"@context\":\"https:\/\/schema.org\",\"@graph\":[{\"@type\":\"Article\",\"@id\":\"https:\/\/vosgesinfo.fr\/gerardmerinfo\/2020\/07\/lademat-h-appelle-elus-locaux-a-faire-de-sante-priorite\/#article\",\"isPartOf\":{\"@id\":\"https:\/\/vosgesinfo.fr\/gerardmerinfo\/2020\/07\/lademat-h-appelle-elus-locaux-a-faire-de-sante-priorite\/\"},\"author\":{\"name\":\"qs_admin\",\"@id\":\"https:\/\/vosgesinfo.fr\/gerardmerinfo\/#\/schema\/person\/bc5d02d71e6932e81b6dadb7386667b1\"},\"headline\":\"L\u2019Ademat-h appelle les \u00e9lus locaux \u00e0 faire de la sant\u00e9 une priorit\u00e9\",\"datePublished\":\"2020-07-18T08:05:30+00:00\",\"dateModified\":\"2020-07-18T08:05:30+00:00\",\"mainEntityOfPage\":{\"@id\":\"https:\/\/vosgesinfo.fr\/gerardmerinfo\/2020\/07\/lademat-h-appelle-elus-locaux-a-faire-de-sante-priorite\/\"},\"wordCount\":821,\"commentCount\":0,\"publisher\":{\"@id\":\"https:\/\/vosgesinfo.fr\/gerardmerinfo\/#organization\"},\"image\":{\"@id\":\"https:\/\/vosgesinfo.fr\/gerardmerinfo\/2020\/07\/lademat-h-appelle-elus-locaux-a-faire-de-sante-priorite\/#primaryimage\"},\"thumbnailUrl\":\"https:\/\/vosgesinfo.fr\/app\/uploads\/sites\/6\/2024\/07\/202007255.jpg\",\"articleSection\":[\"A la une\",\"Sant\u00e9\",\"Vosges\"],\"inLanguage\":\"fr-FR\",\"potentialAction\":[{\"@type\":\"CommentAction\",\"name\":\"Comment\",\"target\":[\"https:\/\/vosgesinfo.fr\/gerardmerinfo\/2020\/07\/lademat-h-appelle-elus-locaux-a-faire-de-sante-priorite\/#respond\"]}]},{\"@type\":\"WebPage\",\"@id\":\"https:\/\/vosgesinfo.fr\/gerardmerinfo\/2020\/07\/lademat-h-appelle-elus-locaux-a-faire-de-sante-priorite\/\",\"url\":\"https:\/\/vosgesinfo.fr\/gerardmerinfo\/2020\/07\/lademat-h-appelle-elus-locaux-a-faire-de-sante-priorite\/\",\"name\":\"L\u2019Ademat-h appelle les \u00e9lus locaux \u00e0 faire de la sant\u00e9 une priorit\u00e9 - Gerardmer Info\",\"isPartOf\":{\"@id\":\"https:\/\/vosgesinfo.fr\/gerardmerinfo\/#website\"},\"primaryImageOfPage\":{\"@id\":\"https:\/\/vosgesinfo.fr\/gerardmerinfo\/2020\/07\/lademat-h-appelle-elus-locaux-a-faire-de-sante-priorite\/#primaryimage\"},\"image\":{\"@id\":\"https:\/\/vosgesinfo.fr\/gerardmerinfo\/2020\/07\/lademat-h-appelle-elus-locaux-a-faire-de-sante-priorite\/#primaryimage\"},\"thumbnailUrl\":\"https:\/\/vosgesinfo.fr\/app\/uploads\/sites\/6\/2024\/07\/202007255.jpg\",\"datePublished\":\"2020-07-18T08:05:30+00:00\",\"dateModified\":\"2020-07-18T08:05:30+00:00\",\"breadcrumb\":{\"@id\":\"https:\/\/vosgesinfo.fr\/gerardmerinfo\/2020\/07\/lademat-h-appelle-elus-locaux-a-faire-de-sante-priorite\/#breadcrumb\"},\"inLanguage\":\"fr-FR\",\"potentialAction\":[{\"@type\":\"ReadAction\",\"target\":[\"https:\/\/vosgesinfo.fr\/gerardmerinfo\/2020\/07\/lademat-h-appelle-elus-locaux-a-faire-de-sante-priorite\/\"]}]},{\"@type\":\"ImageObject\",\"inLanguage\":\"fr-FR\",\"@id\":\"https:\/\/vosgesinfo.fr\/gerardmerinfo\/2020\/07\/lademat-h-appelle-elus-locaux-a-faire-de-sante-priorite\/#primaryimage\",\"url\":\"https:\/\/vosgesinfo.fr\/app\/uploads\/sites\/6\/2024\/07\/202007255.jpg\",\"contentUrl\":\"https:\/\/vosgesinfo.fr\/app\/uploads\/sites\/6\/2024\/07\/202007255.jpg\",\"width\":400,\"height\":255},{\"@type\":\"BreadcrumbList\",\"@id\":\"https:\/\/vosgesinfo.fr\/gerardmerinfo\/2020\/07\/lademat-h-appelle-elus-locaux-a-faire-de-sante-priorite\/#breadcrumb\",\"itemListElement\":[{\"@type\":\"ListItem\",\"position\":1,\"name\":\"Home\",\"item\":\"https:\/\/vosgesinfo.fr\/gerardmerinfo\/\"},{\"@type\":\"ListItem\",\"position\":2,\"name\":\"L\u2019Ademat-h appelle les \u00e9lus locaux \u00e0 faire de la sant\u00e9 une priorit\u00e9\"}]},{\"@type\":\"WebSite\",\"@id\":\"https:\/\/vosgesinfo.fr\/gerardmerinfo\/#website\",\"url\":\"https:\/\/vosgesinfo.fr\/gerardmerinfo\/\",\"name\":\"Gerardmer Info\",\"description\":\"Toute l&#039;actualit\u00e9 de G\u00e9rardmer\",\"publisher\":{\"@id\":\"https:\/\/vosgesinfo.fr\/gerardmerinfo\/#organization\"},\"alternateName\":\"Toute l'actualit\u00e9 de G\u00e9rardmer\",\"potentialAction\":[{\"@type\":\"SearchAction\",\"target\":{\"@type\":\"EntryPoint\",\"urlTemplate\":\"https:\/\/vosgesinfo.fr\/gerardmerinfo\/?s={search_term_string}\"},\"query-input\":\"required name=search_term_string\"}],\"inLanguage\":\"fr-FR\"},{\"@type\":\"Organization\",\"@id\":\"https:\/\/vosgesinfo.fr\/gerardmerinfo\/#organization\",\"name\":\"Gerardmer Info\",\"url\":\"https:\/\/vosgesinfo.fr\/gerardmerinfo\/\",\"logo\":{\"@type\":\"ImageObject\",\"inLanguage\":\"fr-FR\",\"@id\":\"https:\/\/vosgesinfo.fr\/gerardmerinfo\/#\/schema\/logo\/image\/\",\"url\":\"https:\/\/vosgesinfo.fr\/app\/uploads\/sites\/6\/2023\/08\/favicon-gerardmerinfo.png\",\"contentUrl\":\"https:\/\/vosgesinfo.fr\/app\/uploads\/sites\/6\/2023\/08\/favicon-gerardmerinfo.png\",\"width\":512,\"height\":512,\"caption\":\"Gerardmer Info\"},\"image\":{\"@id\":\"https:\/\/vosgesinfo.fr\/gerardmerinfo\/#\/schema\/logo\/image\/\"},\"sameAs\":[\"https:\/\/www.facebook.com\/profile.php?id=100049475262660\",\"https:\/\/x.com\/VosgesInfo88\",\"https:\/\/www.youtube.com\/@vosgesinfo\"]},{\"@type\":\"Person\",\"@id\":\"https:\/\/vosgesinfo.fr\/gerardmerinfo\/#\/schema\/person\/bc5d02d71e6932e81b6dadb7386667b1\",\"name\":\"qs_admin\",\"image\":{\"@type\":\"ImageObject\",\"inLanguage\":\"fr-FR\",\"@id\":\"https:\/\/vosgesinfo.fr\/gerardmerinfo\/#\/schema\/person\/image\/\",\"url\":\"https:\/\/secure.gravatar.com\/avatar\/94b18ee0ed79e4a42ea2f2931277b6841a8999fc6fde214600c78057cf1fe1de?s=96&d=mm&r=g\",\"contentUrl\":\"https:\/\/secure.gravatar.com\/avatar\/94b18ee0ed79e4a42ea2f2931277b6841a8999fc6fde214600c78057cf1fe1de?s=96&d=mm&r=g\",\"caption\":\"qs_admin\"},\"sameAs\":[\"https:\/\/vosgesinfo.fr\/wp\"],\"url\":\"https:\/\/vosgesinfo.fr\/gerardmerinfo\/author\/qs_admin\/\"}]}<\/script>\n<!-- \/ Yoast SEO plugin. -->","yoast_head_json":{"title":"L\u2019Ademat-h appelle les \u00e9lus locaux \u00e0 faire de la sant\u00e9 une priorit\u00e9 - Gerardmer Info","robots":{"index":"index","follow":"follow","max-snippet":"max-snippet:-1","max-image-preview":"max-image-preview:large","max-video-preview":"max-video-preview:-1"},"canonical":"https:\/\/vosgesinfo.fr\/gerardmerinfo\/2020\/07\/lademat-h-appelle-elus-locaux-a-faire-de-sante-priorite\/","twitter_card":"summary_large_image","twitter_title":"L\u2019Ademat-h appelle les \u00e9lus locaux \u00e0 faire de la sant\u00e9 une priorit\u00e9 - Gerardmer Info","twitter_description":"Depuis le mois de mars dernier, notre territoire a connu une crise sanitaire profonde. L\u2019Ademat-h a d\u00e9cid\u00e9 d\u2019interpeller les \u00e9lus [&hellip;]","twitter_image":"https:\/\/vosgesinfo.fr\/app\/uploads\/sites\/6\/2024\/07\/202007255.jpg","twitter_creator":"@VosgesInfo88","twitter_site":"@VosgesInfo88","twitter_misc":{"\u00c9crit par":"qs_admin","Dur\u00e9e de lecture estim\u00e9e":"4 minutes"},"schema":{"@context":"https:\/\/schema.org","@graph":[{"@type":"Article","@id":"https:\/\/vosgesinfo.fr\/gerardmerinfo\/2020\/07\/lademat-h-appelle-elus-locaux-a-faire-de-sante-priorite\/#article","isPartOf":{"@id":"https:\/\/vosgesinfo.fr\/gerardmerinfo\/2020\/07\/lademat-h-appelle-elus-locaux-a-faire-de-sante-priorite\/"},"author":{"name":"qs_admin","@id":"https:\/\/vosgesinfo.fr\/gerardmerinfo\/#\/schema\/person\/bc5d02d71e6932e81b6dadb7386667b1"},"headline":"L\u2019Ademat-h appelle les \u00e9lus locaux \u00e0 faire de la sant\u00e9 une priorit\u00e9","datePublished":"2020-07-18T08:05:30+00:00","dateModified":"2020-07-18T08:05:30+00:00","mainEntityOfPage":{"@id":"https:\/\/vosgesinfo.fr\/gerardmerinfo\/2020\/07\/lademat-h-appelle-elus-locaux-a-faire-de-sante-priorite\/"},"wordCount":821,"commentCount":0,"publisher":{"@id":"https:\/\/vosgesinfo.fr\/gerardmerinfo\/#organization"},"image":{"@id":"https:\/\/vosgesinfo.fr\/gerardmerinfo\/2020\/07\/lademat-h-appelle-elus-locaux-a-faire-de-sante-priorite\/#primaryimage"},"thumbnailUrl":"https:\/\/vosgesinfo.fr\/app\/uploads\/sites\/6\/2024\/07\/202007255.jpg","articleSection":["A la une","Sant\u00e9","Vosges"],"inLanguage":"fr-FR","potentialAction":[{"@type":"CommentAction","name":"Comment","target":["https:\/\/vosgesinfo.fr\/gerardmerinfo\/2020\/07\/lademat-h-appelle-elus-locaux-a-faire-de-sante-priorite\/#respond"]}]},{"@type":"WebPage","@id":"https:\/\/vosgesinfo.fr\/gerardmerinfo\/2020\/07\/lademat-h-appelle-elus-locaux-a-faire-de-sante-priorite\/","url":"https:\/\/vosgesinfo.fr\/gerardmerinfo\/2020\/07\/lademat-h-appelle-elus-locaux-a-faire-de-sante-priorite\/","name":"L\u2019Ademat-h appelle les \u00e9lus locaux \u00e0 faire de la sant\u00e9 une priorit\u00e9 - Gerardmer Info","isPartOf":{"@id":"https:\/\/vosgesinfo.fr\/gerardmerinfo\/#website"},"primaryImageOfPage":{"@id":"https:\/\/vosgesinfo.fr\/gerardmerinfo\/2020\/07\/lademat-h-appelle-elus-locaux-a-faire-de-sante-priorite\/#primaryimage"},"image":{"@id":"https:\/\/vosgesinfo.fr\/gerardmerinfo\/2020\/07\/lademat-h-appelle-elus-locaux-a-faire-de-sante-priorite\/#primaryimage"},"thumbnailUrl":"https:\/\/vosgesinfo.fr\/app\/uploads\/sites\/6\/2024\/07\/202007255.jpg","datePublished":"2020-07-18T08:05:30+00:00","dateModified":"2020-07-18T08:05:30+00:00","breadcrumb":{"@id":"https:\/\/vosgesinfo.fr\/gerardmerinfo\/2020\/07\/lademat-h-appelle-elus-locaux-a-faire-de-sante-priorite\/#breadcrumb"},"inLanguage":"fr-FR","potentialAction":[{"@type":"ReadAction","target":["https:\/\/vosgesinfo.fr\/gerardmerinfo\/2020\/07\/lademat-h-appelle-elus-locaux-a-faire-de-sante-priorite\/"]}]},{"@type":"ImageObject","inLanguage":"fr-FR","@id":"https:\/\/vosgesinfo.fr\/gerardmerinfo\/2020\/07\/lademat-h-appelle-elus-locaux-a-faire-de-sante-priorite\/#primaryimage","url":"https:\/\/vosgesinfo.fr\/app\/uploads\/sites\/6\/2024\/07\/202007255.jpg","contentUrl":"https:\/\/vosgesinfo.fr\/app\/uploads\/sites\/6\/2024\/07\/202007255.jpg","width":400,"height":255},{"@type":"BreadcrumbList","@id":"https:\/\/vosgesinfo.fr\/gerardmerinfo\/2020\/07\/lademat-h-appelle-elus-locaux-a-faire-de-sante-priorite\/#breadcrumb","itemListElement":[{"@type":"ListItem","position":1,"name":"Home","item":"https:\/\/vosgesinfo.fr\/gerardmerinfo\/"},{"@type":"ListItem","position":2,"name":"L\u2019Ademat-h appelle les \u00e9lus locaux \u00e0 faire de la sant\u00e9 une priorit\u00e9"}]},{"@type":"WebSite","@id":"https:\/\/vosgesinfo.fr\/gerardmerinfo\/#website","url":"https:\/\/vosgesinfo.fr\/gerardmerinfo\/","name":"Gerardmer Info","description":"Toute l&#039;actualit\u00e9 de G\u00e9rardmer","publisher":{"@id":"https:\/\/vosgesinfo.fr\/gerardmerinfo\/#organization"},"alternateName":"Toute l'actualit\u00e9 de G\u00e9rardmer","potentialAction":[{"@type":"SearchAction","target":{"@type":"EntryPoint","urlTemplate":"https:\/\/vosgesinfo.fr\/gerardmerinfo\/?s={search_term_string}"},"query-input":"required name=search_term_string"}],"inLanguage":"fr-FR"},{"@type":"Organization","@id":"https:\/\/vosgesinfo.fr\/gerardmerinfo\/#organization","name":"Gerardmer Info","url":"https:\/\/vosgesinfo.fr\/gerardmerinfo\/","logo":{"@type":"ImageObject","inLanguage":"fr-FR","@id":"https:\/\/vosgesinfo.fr\/gerardmerinfo\/#\/schema\/logo\/image\/","url":"https:\/\/vosgesinfo.fr\/app\/uploads\/sites\/6\/2023\/08\/favicon-gerardmerinfo.png","contentUrl":"https:\/\/vosgesinfo.fr\/app\/uploads\/sites\/6\/2023\/08\/favicon-gerardmerinfo.png","width":512,"height":512,"caption":"Gerardmer Info"},"image":{"@id":"https:\/\/vosgesinfo.fr\/gerardmerinfo\/#\/schema\/logo\/image\/"},"sameAs":["https:\/\/www.facebook.com\/profile.php?id=100049475262660","https:\/\/x.com\/VosgesInfo88","https:\/\/www.youtube.com\/@vosgesinfo"]},{"@type":"Person","@id":"https:\/\/vosgesinfo.fr\/gerardmerinfo\/#\/schema\/person\/bc5d02d71e6932e81b6dadb7386667b1","name":"qs_admin","image":{"@type":"ImageObject","inLanguage":"fr-FR","@id":"https:\/\/vosgesinfo.fr\/gerardmerinfo\/#\/schema\/person\/image\/","url":"https:\/\/secure.gravatar.com\/avatar\/94b18ee0ed79e4a42ea2f2931277b6841a8999fc6fde214600c78057cf1fe1de?s=96&d=mm&r=g","contentUrl":"https:\/\/secure.gravatar.com\/avatar\/94b18ee0ed79e4a42ea2f2931277b6841a8999fc6fde214600c78057cf1fe1de?s=96&d=mm&r=g","caption":"qs_admin"},"sameAs":["https:\/\/vosgesinfo.fr\/wp"],"url":"https:\/\/vosgesinfo.fr\/gerardmerinfo\/author\/qs_admin\/"}]}},"_links":{"self":[{"href":"https:\/\/vosgesinfo.fr\/gerardmerinfo\/wp-json\/wp\/v2\/posts\/48869","targetHints":{"allow":["GET"]}}],"collection":[{"href":"https:\/\/vosgesinfo.fr\/gerardmerinfo\/wp-json\/wp\/v2\/posts"}],"about":[{"href":"https:\/\/vosgesinfo.fr\/gerardmerinfo\/wp-json\/wp\/v2\/types\/post"}],"author":[{"embeddable":true,"href":"https:\/\/vosgesinfo.fr\/gerardmerinfo\/wp-json\/wp\/v2\/users\/1"}],"replies":[{"embeddable":true,"href":"https:\/\/vosgesinfo.fr\/gerardmerinfo\/wp-json\/wp\/v2\/comments?post=48869"}],"version-history":[{"count":0,"href":"https:\/\/vosgesinfo.fr\/gerardmerinfo\/wp-json\/wp\/v2\/posts\/48869\/revisions"}],"wp:featuredmedia":[{"embeddable":true,"href":"https:\/\/vosgesinfo.fr\/gerardmerinfo\/wp-json\/wp\/v2\/media\/48870"}],"wp:attachment":[{"href":"https:\/\/vosgesinfo.fr\/gerardmerinfo\/wp-json\/wp\/v2\/media?parent=48869"}],"wp:term":[{"taxonomy":"category","embeddable":true,"href":"https:\/\/vosgesinfo.fr\/gerardmerinfo\/wp-json\/wp\/v2\/categories?post=48869"},{"taxonomy":"post_tag","embeddable":true,"href":"https:\/\/vosgesinfo.fr\/gerardmerinfo\/wp-json\/wp\/v2\/tags?post=48869"}],"curies":[{"name":"wp","href":"https:\/\/api.w.org\/{rel}","templated":true}]}}