{"id":49054,"date":"2020-08-02T09:37:04","date_gmt":"2020-08-02T07:37:04","guid":{"rendered":"https:\/\/vosgesinfo.fr\/gerardmerinfo\/2020\/08\/exposition-photographique-balade-contee-cubes\/"},"modified":"2020-08-02T09:37:04","modified_gmt":"2020-08-02T07:37:04","slug":"exposition-photographique-balade-contee-cubes","status":"publish","type":"post","link":"https:\/\/vosgesinfo.fr\/gerardmerinfo\/2020\/08\/exposition-photographique-balade-contee-cubes\/","title":{"rendered":"Exposition Photographique &#038; Balade cont\u00e9e \u00a0\u00bbHors les cubes\u00a0\u00bb"},"content":{"rendered":"<h3><\/h3>\n<h3>La balade cont\u00e9e est le fruit de commandes artistiques pass\u00e9es par la compagnie Le Plateau Ivre \u00e0 S\u00e9bastien Houbre.<\/h3>\n<p><strong><a href=\"\/2020\/08\/img4.jpg\"><img decoding=\"async\" class=\"alignright size-medium wp-image-166030\" src=\"\/2020\/08\/img4-180x255.jpg\" alt=\"img4\" width=\"180\" height=\"255\" \/><\/a>Balade cont\u00e9e Hors les cubes<\/strong><br \/>\nde et par S\u00e9bastien Houbre<br \/>\nMise en sc\u00e8ne par H\u00e9l\u00e8ne Tisserand<br \/>\nConte contemporain<br \/>\nTout public<br \/>\nenviron 1h30<br \/>\nEn lien avec la cr\u00e9ation de la compagnie, La Zone, et l&rsquo;exposition<br \/>\nphotographique d&rsquo;Emmanuel Pierrot, la balade cont\u00e9e est d\u00e9centralis\u00e9e<br \/>\nsur le territoire de la CCHV. Dans un monde cubique d&rsquo;o\u00f9 sont bannis le<br \/>\nrond, le flou, l&rsquo;informe, na\u00eet une rumeur stup\u00e9fiante : des petites formes<br \/>\ninterdites se r\u00e9pandent. Les autorit\u00e9s doivent agir : on distribue des<br \/>\nlunettes anti-flou, on instaure le couvre-feu.<br \/>\nUn homme d\u00e9cide une nuit de ne plus jouer ce jeu. Il veut r\u00e9pondre \u00e0<br \/>\nl&rsquo;appel de l&rsquo;informe. D&rsquo;o\u00f9 viennent ces formes qui ont l&rsquo;aspect d&rsquo;\u00e9tranges<br \/>\nportraits ? D&rsquo;une zone lointaine &#8211; mythique ou r\u00e9elle ? &#8211; o\u00f9 une autre vie<br \/>\nfaite de formes en tous genres, de libert\u00e9, de culture, d&rsquo;\u00e9change, est<br \/>\npossible. Un autre, un nouveau monde o\u00f9 l&rsquo;humain occupe une place de<br \/>\nchoix.<\/p>\n<p><strong>S\u00e9rie de photos par le photographe Emmanuel Pierrot,<\/strong><br \/>\n<strong>artiste vosgien.<\/strong><br \/>\n<a href=\"\/2020\/08\/img10.jpg\"><img decoding=\"async\" class=\"alignright size-medium wp-image-166033\" src=\"\/2020\/08\/img10-180x255.jpg\" alt=\"img10\" width=\"180\" height=\"255\" \/><\/a>La s\u00e9rie de photographies command\u00e9e \u00e0 Emmanuel Pierrot sera<br \/>\nconstitu\u00e9e d&rsquo;une mise en sc\u00e8ne de \u00a0\u00bbportraits\u00a0\u00bb d&rsquo;acteurs culturels du<br \/>\nterritoire de la Communaut\u00e9 de Communes des Hautes Vosges, et des<br \/>\namis\/complices de la compagnie Le Plateau Ivre. Afin de favoriser la<br \/>\nmise en valeur des villes accueillant l&rsquo;installation, Emmanuel Pierrot<br \/>\nproposera d&rsquo;investir huit villes de la Communaut\u00e9 de Communes : La<br \/>\nBresse, G\u00e9rardmer, Basse-sur-le-Rupt, Saulxures-sur-Moselotte, Le<br \/>\nValtin, Tendon, Rochesson et Le Syndicat durant toute la dur\u00e9e de la<br \/>\nSaison estivale 2020.vLes portraits seront imprim\u00e9s en A0, coll\u00e9s sur<br \/>\npanneaux de bois et implant\u00e9s. La cr\u00e9ation de cette s\u00e9rie de portraits est<br \/>\nle fruit d&rsquo;une d\u00e9marche participative. Elle compte une cinquantaine de<br \/>\nportraits \u00e9clat\u00e9s sur tout le territoire.<\/p>\n<p>&nbsp;<\/p>\n<p style=\"text-align: center;\"><strong>Infos utiles<\/strong><br \/>\nSite de la compagnie : www.leplateauivre.com<br \/>\nTeaser de la cr\u00e9ation estivale 2020 de la compagnie, La Zone : https:\/\/vimeo.com\/433079662<br \/>\nSaison estivale du 11 juillet au 03 ao\u00fbt 2020<br \/>\nR\u00e9servations conseill\u00e9es par SMS au 06.95.33.99.75 (tarif conseill\u00e9 : 8\u20ac)<br \/>\n*<br \/>\nArtistes associ\u00e9s<br \/>\nH\u00e9l\u00e8ne TISSERAND et Pierre-Marie PATUREL<br \/>\ncontact@leplateauivre.com<br \/>\nCharg\u00e9 de production\/diffusion<br \/>\nS\u00e9bastien Houbre<br \/>\nprod@leplateauivre.com<br \/>\n06.95.33.99.75<br \/>\nLe Plateau Ivre<br \/>\n1bis, rue du Mar\u00e9chal de Lattre<br \/>\n88120 Vagney<br \/>\n06.75.96.40.78<br \/>\nwww.leplateauivre.com<\/p>\n<p style=\"text-align: center;\"><a href=\"\/2020\/08\/img8.jpg\"><img decoding=\"async\" class=\"aligncenter size-full wp-image-166031\" src=\"\/2020\/08\/img8.jpg\" alt=\"img8\" width=\"595\" height=\"448\" \/><\/a><\/p>\n","protected":false},"excerpt":{"rendered":"<p>La balade cont\u00e9e est le fruit de commandes artistiques pass\u00e9es par la compagnie Le Plateau Ivre \u00e0 S\u00e9bastien Houbre. Balade [&hellip;]<\/p>\n","protected":false},"author":42,"featured_media":49055,"comment_status":"open","ping_status":"open","sticky":false,"template":"","format":"standard","meta":{"footnotes":""},"categories":[20,4,18],"tags":[558],"class_list":["post-49054","post","type-post","status-publish","format-standard","has-post-thumbnail","hentry","category-a-la-une","category-culture","category-vosges","tag-plateau-ivre"],"acf":[],"yoast_head":"<!-- This site is optimized with the Yoast SEO plugin v22.5 - https:\/\/yoast.com\/wordpress\/plugins\/seo\/ -->\n<title>Exposition Photographique &amp; Balade cont\u00e9e &#039;&#039;Hors les cubes&#039;&#039; - Gerardmer Info<\/title>\n<meta name=\"robots\" content=\"index, follow, max-snippet:-1, max-image-preview:large, max-video-preview:-1\" \/>\n<link rel=\"canonical\" href=\"https:\/\/vosgesinfo.fr\/gerardmerinfo\/2020\/08\/exposition-photographique-balade-contee-cubes\/\" \/>\n<meta name=\"twitter:card\" content=\"summary_large_image\" \/>\n<meta name=\"twitter:title\" content=\"Exposition Photographique &amp; Balade cont\u00e9e &#039;&#039;Hors les cubes&#039;&#039; - Gerardmer Info\" \/>\n<meta name=\"twitter:description\" content=\"La balade cont\u00e9e est le fruit de commandes artistiques pass\u00e9es par la compagnie Le Plateau Ivre \u00e0 S\u00e9bastien Houbre. Balade [&hellip;]\" \/>\n<meta name=\"twitter:image\" content=\"https:\/\/vosgesinfo.fr\/app\/uploads\/sites\/6\/2024\/07\/202008img9.jpg\" \/>\n<meta name=\"twitter:creator\" content=\"@VosgesInfo88\" \/>\n<meta name=\"twitter:site\" content=\"@VosgesInfo88\" \/>\n<meta name=\"twitter:label1\" content=\"\u00c9crit par\" \/>\n\t<meta name=\"twitter:data1\" content=\"QG\" \/>\n\t<meta name=\"twitter:label2\" content=\"Dur\u00e9e de lecture estim\u00e9e\" \/>\n\t<meta name=\"twitter:data2\" content=\"2 minutes\" \/>\n<script type=\"application\/ld+json\" class=\"yoast-schema-graph\">{\"@context\":\"https:\/\/schema.org\",\"@graph\":[{\"@type\":\"Article\",\"@id\":\"https:\/\/vosgesinfo.fr\/gerardmerinfo\/2020\/08\/exposition-photographique-balade-contee-cubes\/#article\",\"isPartOf\":{\"@id\":\"https:\/\/vosgesinfo.fr\/gerardmerinfo\/2020\/08\/exposition-photographique-balade-contee-cubes\/\"},\"author\":{\"name\":\"QG\",\"@id\":\"https:\/\/vosgesinfo.fr\/gerardmerinfo\/#\/schema\/person\/db5605779a843dad16b5368f3e7613a5\"},\"headline\":\"Exposition Photographique &#038; Balade cont\u00e9e \u00a0\u00bbHors les cubes\u00a0\u00bb\",\"datePublished\":\"2020-08-02T07:37:04+00:00\",\"dateModified\":\"2020-08-02T07:37:04+00:00\",\"mainEntityOfPage\":{\"@id\":\"https:\/\/vosgesinfo.fr\/gerardmerinfo\/2020\/08\/exposition-photographique-balade-contee-cubes\/\"},\"wordCount\":425,\"commentCount\":0,\"publisher\":{\"@id\":\"https:\/\/vosgesinfo.fr\/gerardmerinfo\/#organization\"},\"image\":{\"@id\":\"https:\/\/vosgesinfo.fr\/gerardmerinfo\/2020\/08\/exposition-photographique-balade-contee-cubes\/#primaryimage\"},\"thumbnailUrl\":\"https:\/\/vosgesinfo.fr\/app\/uploads\/sites\/6\/2024\/07\/202008img9.jpg\",\"keywords\":[\"plateau Ivre\"],\"articleSection\":[\"A la une\",\"Culture\",\"Vosges\"],\"inLanguage\":\"fr-FR\",\"potentialAction\":[{\"@type\":\"CommentAction\",\"name\":\"Comment\",\"target\":[\"https:\/\/vosgesinfo.fr\/gerardmerinfo\/2020\/08\/exposition-photographique-balade-contee-cubes\/#respond\"]}]},{\"@type\":\"WebPage\",\"@id\":\"https:\/\/vosgesinfo.fr\/gerardmerinfo\/2020\/08\/exposition-photographique-balade-contee-cubes\/\",\"url\":\"https:\/\/vosgesinfo.fr\/gerardmerinfo\/2020\/08\/exposition-photographique-balade-contee-cubes\/\",\"name\":\"Exposition Photographique & Balade cont\u00e9e ''Hors les cubes'' - Gerardmer Info\",\"isPartOf\":{\"@id\":\"https:\/\/vosgesinfo.fr\/gerardmerinfo\/#website\"},\"primaryImageOfPage\":{\"@id\":\"https:\/\/vosgesinfo.fr\/gerardmerinfo\/2020\/08\/exposition-photographique-balade-contee-cubes\/#primaryimage\"},\"image\":{\"@id\":\"https:\/\/vosgesinfo.fr\/gerardmerinfo\/2020\/08\/exposition-photographique-balade-contee-cubes\/#primaryimage\"},\"thumbnailUrl\":\"https:\/\/vosgesinfo.fr\/app\/uploads\/sites\/6\/2024\/07\/202008img9.jpg\",\"datePublished\":\"2020-08-02T07:37:04+00:00\",\"dateModified\":\"2020-08-02T07:37:04+00:00\",\"breadcrumb\":{\"@id\":\"https:\/\/vosgesinfo.fr\/gerardmerinfo\/2020\/08\/exposition-photographique-balade-contee-cubes\/#breadcrumb\"},\"inLanguage\":\"fr-FR\",\"potentialAction\":[{\"@type\":\"ReadAction\",\"target\":[\"https:\/\/vosgesinfo.fr\/gerardmerinfo\/2020\/08\/exposition-photographique-balade-contee-cubes\/\"]}]},{\"@type\":\"ImageObject\",\"inLanguage\":\"fr-FR\",\"@id\":\"https:\/\/vosgesinfo.fr\/gerardmerinfo\/2020\/08\/exposition-photographique-balade-contee-cubes\/#primaryimage\",\"url\":\"https:\/\/vosgesinfo.fr\/app\/uploads\/sites\/6\/2024\/07\/202008img9.jpg\",\"contentUrl\":\"https:\/\/vosgesinfo.fr\/app\/uploads\/sites\/6\/2024\/07\/202008img9.jpg\",\"width\":189,\"height\":189},{\"@type\":\"BreadcrumbList\",\"@id\":\"https:\/\/vosgesinfo.fr\/gerardmerinfo\/2020\/08\/exposition-photographique-balade-contee-cubes\/#breadcrumb\",\"itemListElement\":[{\"@type\":\"ListItem\",\"position\":1,\"name\":\"Home\",\"item\":\"https:\/\/vosgesinfo.fr\/gerardmerinfo\/\"},{\"@type\":\"ListItem\",\"position\":2,\"name\":\"Exposition Photographique &#038; Balade cont\u00e9e \u00a0\u00bbHors les cubes\u00a0\u00bb\"}]},{\"@type\":\"WebSite\",\"@id\":\"https:\/\/vosgesinfo.fr\/gerardmerinfo\/#website\",\"url\":\"https:\/\/vosgesinfo.fr\/gerardmerinfo\/\",\"name\":\"Gerardmer Info\",\"description\":\"Toute l&#039;actualit\u00e9 de G\u00e9rardmer\",\"publisher\":{\"@id\":\"https:\/\/vosgesinfo.fr\/gerardmerinfo\/#organization\"},\"alternateName\":\"Toute l'actualit\u00e9 de G\u00e9rardmer\",\"potentialAction\":[{\"@type\":\"SearchAction\",\"target\":{\"@type\":\"EntryPoint\",\"urlTemplate\":\"https:\/\/vosgesinfo.fr\/gerardmerinfo\/?s={search_term_string}\"},\"query-input\":\"required name=search_term_string\"}],\"inLanguage\":\"fr-FR\"},{\"@type\":\"Organization\",\"@id\":\"https:\/\/vosgesinfo.fr\/gerardmerinfo\/#organization\",\"name\":\"Gerardmer Info\",\"url\":\"https:\/\/vosgesinfo.fr\/gerardmerinfo\/\",\"logo\":{\"@type\":\"ImageObject\",\"inLanguage\":\"fr-FR\",\"@id\":\"https:\/\/vosgesinfo.fr\/gerardmerinfo\/#\/schema\/logo\/image\/\",\"url\":\"https:\/\/vosgesinfo.fr\/app\/uploads\/sites\/6\/2023\/08\/favicon-gerardmerinfo.png\",\"contentUrl\":\"https:\/\/vosgesinfo.fr\/app\/uploads\/sites\/6\/2023\/08\/favicon-gerardmerinfo.png\",\"width\":512,\"height\":512,\"caption\":\"Gerardmer Info\"},\"image\":{\"@id\":\"https:\/\/vosgesinfo.fr\/gerardmerinfo\/#\/schema\/logo\/image\/\"},\"sameAs\":[\"https:\/\/www.facebook.com\/profile.php?id=100049475262660\",\"https:\/\/x.com\/VosgesInfo88\",\"https:\/\/www.youtube.com\/@vosgesinfo\"]},{\"@type\":\"Person\",\"@id\":\"https:\/\/vosgesinfo.fr\/gerardmerinfo\/#\/schema\/person\/db5605779a843dad16b5368f3e7613a5\",\"name\":\"QG\",\"image\":{\"@type\":\"ImageObject\",\"inLanguage\":\"fr-FR\",\"@id\":\"https:\/\/vosgesinfo.fr\/gerardmerinfo\/#\/schema\/person\/image\/\",\"url\":\"https:\/\/secure.gravatar.com\/avatar\/ea80c42c204b534408512832fde52504ecabb9706bcb6151cf6175e5b64e6793?s=96&d=mm&r=g\",\"contentUrl\":\"https:\/\/secure.gravatar.com\/avatar\/ea80c42c204b534408512832fde52504ecabb9706bcb6151cf6175e5b64e6793?s=96&d=mm&r=g\",\"caption\":\"QG\"},\"url\":\"https:\/\/vosgesinfo.fr\/gerardmerinfo\/author\/quentin88\/\"}]}<\/script>\n<!-- \/ Yoast SEO plugin. -->","yoast_head_json":{"title":"Exposition Photographique & Balade cont\u00e9e ''Hors les cubes'' - Gerardmer Info","robots":{"index":"index","follow":"follow","max-snippet":"max-snippet:-1","max-image-preview":"max-image-preview:large","max-video-preview":"max-video-preview:-1"},"canonical":"https:\/\/vosgesinfo.fr\/gerardmerinfo\/2020\/08\/exposition-photographique-balade-contee-cubes\/","twitter_card":"summary_large_image","twitter_title":"Exposition Photographique & Balade cont\u00e9e ''Hors les cubes'' - Gerardmer Info","twitter_description":"La balade cont\u00e9e est le fruit de commandes artistiques pass\u00e9es par la compagnie Le Plateau Ivre \u00e0 S\u00e9bastien Houbre. Balade [&hellip;]","twitter_image":"https:\/\/vosgesinfo.fr\/app\/uploads\/sites\/6\/2024\/07\/202008img9.jpg","twitter_creator":"@VosgesInfo88","twitter_site":"@VosgesInfo88","twitter_misc":{"\u00c9crit par":"QG","Dur\u00e9e de lecture estim\u00e9e":"2 minutes"},"schema":{"@context":"https:\/\/schema.org","@graph":[{"@type":"Article","@id":"https:\/\/vosgesinfo.fr\/gerardmerinfo\/2020\/08\/exposition-photographique-balade-contee-cubes\/#article","isPartOf":{"@id":"https:\/\/vosgesinfo.fr\/gerardmerinfo\/2020\/08\/exposition-photographique-balade-contee-cubes\/"},"author":{"name":"QG","@id":"https:\/\/vosgesinfo.fr\/gerardmerinfo\/#\/schema\/person\/db5605779a843dad16b5368f3e7613a5"},"headline":"Exposition Photographique &#038; Balade cont\u00e9e \u00a0\u00bbHors les cubes\u00a0\u00bb","datePublished":"2020-08-02T07:37:04+00:00","dateModified":"2020-08-02T07:37:04+00:00","mainEntityOfPage":{"@id":"https:\/\/vosgesinfo.fr\/gerardmerinfo\/2020\/08\/exposition-photographique-balade-contee-cubes\/"},"wordCount":425,"commentCount":0,"publisher":{"@id":"https:\/\/vosgesinfo.fr\/gerardmerinfo\/#organization"},"image":{"@id":"https:\/\/vosgesinfo.fr\/gerardmerinfo\/2020\/08\/exposition-photographique-balade-contee-cubes\/#primaryimage"},"thumbnailUrl":"https:\/\/vosgesinfo.fr\/app\/uploads\/sites\/6\/2024\/07\/202008img9.jpg","keywords":["plateau Ivre"],"articleSection":["A la une","Culture","Vosges"],"inLanguage":"fr-FR","potentialAction":[{"@type":"CommentAction","name":"Comment","target":["https:\/\/vosgesinfo.fr\/gerardmerinfo\/2020\/08\/exposition-photographique-balade-contee-cubes\/#respond"]}]},{"@type":"WebPage","@id":"https:\/\/vosgesinfo.fr\/gerardmerinfo\/2020\/08\/exposition-photographique-balade-contee-cubes\/","url":"https:\/\/vosgesinfo.fr\/gerardmerinfo\/2020\/08\/exposition-photographique-balade-contee-cubes\/","name":"Exposition Photographique & Balade cont\u00e9e ''Hors les cubes'' - Gerardmer Info","isPartOf":{"@id":"https:\/\/vosgesinfo.fr\/gerardmerinfo\/#website"},"primaryImageOfPage":{"@id":"https:\/\/vosgesinfo.fr\/gerardmerinfo\/2020\/08\/exposition-photographique-balade-contee-cubes\/#primaryimage"},"image":{"@id":"https:\/\/vosgesinfo.fr\/gerardmerinfo\/2020\/08\/exposition-photographique-balade-contee-cubes\/#primaryimage"},"thumbnailUrl":"https:\/\/vosgesinfo.fr\/app\/uploads\/sites\/6\/2024\/07\/202008img9.jpg","datePublished":"2020-08-02T07:37:04+00:00","dateModified":"2020-08-02T07:37:04+00:00","breadcrumb":{"@id":"https:\/\/vosgesinfo.fr\/gerardmerinfo\/2020\/08\/exposition-photographique-balade-contee-cubes\/#breadcrumb"},"inLanguage":"fr-FR","potentialAction":[{"@type":"ReadAction","target":["https:\/\/vosgesinfo.fr\/gerardmerinfo\/2020\/08\/exposition-photographique-balade-contee-cubes\/"]}]},{"@type":"ImageObject","inLanguage":"fr-FR","@id":"https:\/\/vosgesinfo.fr\/gerardmerinfo\/2020\/08\/exposition-photographique-balade-contee-cubes\/#primaryimage","url":"https:\/\/vosgesinfo.fr\/app\/uploads\/sites\/6\/2024\/07\/202008img9.jpg","contentUrl":"https:\/\/vosgesinfo.fr\/app\/uploads\/sites\/6\/2024\/07\/202008img9.jpg","width":189,"height":189},{"@type":"BreadcrumbList","@id":"https:\/\/vosgesinfo.fr\/gerardmerinfo\/2020\/08\/exposition-photographique-balade-contee-cubes\/#breadcrumb","itemListElement":[{"@type":"ListItem","position":1,"name":"Home","item":"https:\/\/vosgesinfo.fr\/gerardmerinfo\/"},{"@type":"ListItem","position":2,"name":"Exposition Photographique &#038; Balade cont\u00e9e \u00a0\u00bbHors les cubes\u00a0\u00bb"}]},{"@type":"WebSite","@id":"https:\/\/vosgesinfo.fr\/gerardmerinfo\/#website","url":"https:\/\/vosgesinfo.fr\/gerardmerinfo\/","name":"Gerardmer Info","description":"Toute l&#039;actualit\u00e9 de G\u00e9rardmer","publisher":{"@id":"https:\/\/vosgesinfo.fr\/gerardmerinfo\/#organization"},"alternateName":"Toute l'actualit\u00e9 de G\u00e9rardmer","potentialAction":[{"@type":"SearchAction","target":{"@type":"EntryPoint","urlTemplate":"https:\/\/vosgesinfo.fr\/gerardmerinfo\/?s={search_term_string}"},"query-input":"required name=search_term_string"}],"inLanguage":"fr-FR"},{"@type":"Organization","@id":"https:\/\/vosgesinfo.fr\/gerardmerinfo\/#organization","name":"Gerardmer Info","url":"https:\/\/vosgesinfo.fr\/gerardmerinfo\/","logo":{"@type":"ImageObject","inLanguage":"fr-FR","@id":"https:\/\/vosgesinfo.fr\/gerardmerinfo\/#\/schema\/logo\/image\/","url":"https:\/\/vosgesinfo.fr\/app\/uploads\/sites\/6\/2023\/08\/favicon-gerardmerinfo.png","contentUrl":"https:\/\/vosgesinfo.fr\/app\/uploads\/sites\/6\/2023\/08\/favicon-gerardmerinfo.png","width":512,"height":512,"caption":"Gerardmer Info"},"image":{"@id":"https:\/\/vosgesinfo.fr\/gerardmerinfo\/#\/schema\/logo\/image\/"},"sameAs":["https:\/\/www.facebook.com\/profile.php?id=100049475262660","https:\/\/x.com\/VosgesInfo88","https:\/\/www.youtube.com\/@vosgesinfo"]},{"@type":"Person","@id":"https:\/\/vosgesinfo.fr\/gerardmerinfo\/#\/schema\/person\/db5605779a843dad16b5368f3e7613a5","name":"QG","image":{"@type":"ImageObject","inLanguage":"fr-FR","@id":"https:\/\/vosgesinfo.fr\/gerardmerinfo\/#\/schema\/person\/image\/","url":"https:\/\/secure.gravatar.com\/avatar\/ea80c42c204b534408512832fde52504ecabb9706bcb6151cf6175e5b64e6793?s=96&d=mm&r=g","contentUrl":"https:\/\/secure.gravatar.com\/avatar\/ea80c42c204b534408512832fde52504ecabb9706bcb6151cf6175e5b64e6793?s=96&d=mm&r=g","caption":"QG"},"url":"https:\/\/vosgesinfo.fr\/gerardmerinfo\/author\/quentin88\/"}]}},"_links":{"self":[{"href":"https:\/\/vosgesinfo.fr\/gerardmerinfo\/wp-json\/wp\/v2\/posts\/49054","targetHints":{"allow":["GET"]}}],"collection":[{"href":"https:\/\/vosgesinfo.fr\/gerardmerinfo\/wp-json\/wp\/v2\/posts"}],"about":[{"href":"https:\/\/vosgesinfo.fr\/gerardmerinfo\/wp-json\/wp\/v2\/types\/post"}],"author":[{"embeddable":true,"href":"https:\/\/vosgesinfo.fr\/gerardmerinfo\/wp-json\/wp\/v2\/users\/42"}],"replies":[{"embeddable":true,"href":"https:\/\/vosgesinfo.fr\/gerardmerinfo\/wp-json\/wp\/v2\/comments?post=49054"}],"version-history":[{"count":0,"href":"https:\/\/vosgesinfo.fr\/gerardmerinfo\/wp-json\/wp\/v2\/posts\/49054\/revisions"}],"wp:featuredmedia":[{"embeddable":true,"href":"https:\/\/vosgesinfo.fr\/gerardmerinfo\/wp-json\/wp\/v2\/media\/49055"}],"wp:attachment":[{"href":"https:\/\/vosgesinfo.fr\/gerardmerinfo\/wp-json\/wp\/v2\/media?parent=49054"}],"wp:term":[{"taxonomy":"category","embeddable":true,"href":"https:\/\/vosgesinfo.fr\/gerardmerinfo\/wp-json\/wp\/v2\/categories?post=49054"},{"taxonomy":"post_tag","embeddable":true,"href":"https:\/\/vosgesinfo.fr\/gerardmerinfo\/wp-json\/wp\/v2\/tags?post=49054"}],"curies":[{"name":"wp","href":"https:\/\/api.w.org\/{rel}","templated":true}]}}