{"id":49063,"date":"2020-08-03T17:25:22","date_gmt":"2020-08-03T15:25:22","guid":{"rendered":"https:\/\/vosgesinfo.fr\/gerardmerinfo\/2020\/08\/vosges-passent-alerte-secheresse-renforcee\/"},"modified":"2020-08-03T17:25:22","modified_gmt":"2020-08-03T15:25:22","slug":"vosges-passent-alerte-secheresse-renforcee","status":"publish","type":"post","link":"https:\/\/vosgesinfo.fr\/gerardmerinfo\/2020\/08\/vosges-passent-alerte-secheresse-renforcee\/","title":{"rendered":"Les Vosges passent en alerte s\u00e9cheresse renforc\u00e9e"},"content":{"rendered":"<h2><strong>Le d\u00e9ficit pluviom\u00e9trique global qui perdure associ\u00e9 aux chaleurs estivales ont entra\u00een\u00e9 une nouvelle et rapide d\u00e9gradation des d\u00e9bits de tous les cours d\u2019eau dans les bassins versants de la Meuse, de la Moselle, et de la Sa\u00f4ne, dans le d\u00e9partement des Vosges.<\/strong><\/h2>\n<p>M\u00eame si des pr\u00e9cipitations significatives intervenaient dans les semaines \u00e0 venir, ce que ne confirme pas M\u00e9t\u00e9o-France, elles ne permettraient pas de combler rapidement le d\u00e9ficit accumul\u00e9 Cette situation d\u2019\u00e9tiage est caract\u00e9ris\u00e9e par une nette diminution du d\u00e9bit des cours d\u2019eau, parfois en situation d\u2019assec, qui entra\u00eene, par ailleurs, une \u00e9volution \u00e0 la baisse du niveau des nappes d\u2019eaux souterraines. Elle est susceptible d\u2019entra\u00eener localement des p\u00e9nuries d\u2019eau potable sur les r\u00e9seaux d\u2019alimentation de certaines collectivit\u00e9s ainsi qu\u2019une forte d\u00e9gradation de la qualit\u00e9 des milieux aquatiques du d\u00e9partement. L\u2019\u00e9volution des indicateurs a conduit au d\u00e9clenchement du niveau d\u2019alerte renforc\u00e9e s\u00e9cheresse.<\/p>\n<p>Dans ces conditions, et malgr\u00e9 les restrictions d\u00e9j\u00e0 en vigueur depuis le 24 juillet dernier, Pierre ORY, pr\u00e9fet des Vosges, a d\u00e9cid\u00e9 de signer le 31 juillet des arr\u00eat\u00e9s plus restrictifs limitant provisoirement certains usages de l\u2019eau dans l\u2019ensemble du d\u00e9partement. Dans une logique de solidarit\u00e9, il demande ainsi des efforts suppl\u00e9mentaires \u00e0 tous les usagers : particuliers, collectivit\u00e9s, entreprises, administrations, exploitants agricoles ou encore exploitants de centrales hydro\u00e9lectriques.<\/p>\n<h3><strong>Parmi les mesures de restriction, on peut retenir notamment :<\/strong><\/h3>\n<ul>\n<li>l\u2019interdiction de laver les v\u00e9hicules sauf dans les stations professionnelles \u00e9quip\u00e9es de syst\u00e8me \u00e0 \u00e9conomie d\u2019eau;<\/li>\n<li>l\u2019interdiction de laver les voiries et les trottoirs, de nettoyer les terrasses et fa\u00e7ades, sauf raison<br \/>\nde salubrit\u00e9 publique;<\/li>\n<li>l\u2019interdiction d\u2019arroser les pelouses et les espaces verts publics ou priv\u00e9s ainsi que les terrains de<br \/>\nsport, entre 9h \u00e0 20h;<\/li>\n<li>l\u2019interdiction d\u2019arroser les jardins potagers de 9h \u00e0 20h ; seul un arrosage manuel ou par<br \/>\nr\u00e9cup\u00e9ration des eaux de toiture est autoris\u00e9;<\/li>\n<li>l\u2019interdiction de remplir les plans d\u2019eau, except\u00e9 pour les activit\u00e9s commerciales de type pisciculture, etc;<\/li>\n<li>l\u2019interdiction de pr\u00e9lever dans les cours d\u2019eau;<\/li>\n<li>l\u2019interdiction de remplir ou de vidanger les piscines.<\/li>\n<\/ul>\n<p>Ces interdictions s\u2019appliquent quelle que soit l\u2019origine de l\u2019eau, qu\u2019il s\u2019agisse d\u2019eau provenant du r\u00e9seau d\u2019alimentation public, de pr\u00e9l\u00e8vements dans les cours d\u2019eau ou leur nappe d\u2019accompagnement (nappe en \u00e9quilibre avec les rivi\u00e8res), ou de puits personnels. Des mesures sp\u00e9cifiques sont \u00e9galement prises pour les usages industriels et commerciaux, pour la gestion des ouvrages hydrauliques, pour les activit\u00e9s agricoles, ainsi que pour les rejets dans le milieu naturel.<\/p>\n<p>Les arr\u00eat\u00e9s pr\u00e9fectoraux visent \u00e9galement cette ann\u00e9e, dans le prolongement de l\u2019arr\u00eat\u00e9 de 2019, un usage \u00e9mergent dans les Vosges, celui des bains \u00e0 remous, de type spa ou jaccuzzi, qui sont de plus en plus pr\u00e9sents dans les locations saisonni\u00e8res touristiques et les h\u00f4tels. Il s\u2019agit d\u2019une cat\u00e9gorie de bassin collectif qui n\u00e9cessite une d\u00e9claration aupr\u00e8s de la mairie, cette derni\u00e8re devant transmettre la d\u00e9claration au pr\u00e9fet en vue de la mise en place du contr\u00f4le sanitaire compte tenu des risques pour la sant\u00e9 des usagers (infections ORL, urinaires, ou respiratoires, l\u00e9gionellose, probl\u00e8mes dermatologiques).<\/p>\n<p>Aussi, ces installations doivent \u00eatre vidang\u00e9es au moins tous les 7 \u00e0 15 jours, ce qui peut repr\u00e9senter des besoins mensuels de 5 \u00e0 10 m\u00b3 d\u2019eau par bain, voire plus en fonction de la fr\u00e9quentation. \u00c9tant donn\u00e9 la multiplication de ces installations dans les Vosges, l\u2019arr\u00eat\u00e9 pr\u00e9fectoral \u00ab s\u00e9cheresse \u00bb impose, de nouveau cette ann\u00e9e, que les exploitants de ces bains \u00e0 remous demandent une autorisation pr\u00e9alable \u00e0 l\u2019exploitant du r\u00e9seau d\u2019eau potable, ce dernier ayant la facult\u00e9 de refuser, selon le degr\u00e9 d\u2019impact de la s\u00e9cheresse sur le r\u00e9seau d\u2019eau potable et la disponibilit\u00e9 de la ressource.<\/p>\n<p>L\u2019ensemble de ces dispositions est applicable jusqu\u2019au 30 septembre 2020. Les contrevenants s\u2019exposent \u00e0 des amendes (1 500 euros, 3 000 euros pour les r\u00e9cidivistes).<\/p>\n<h3><strong>Les donn\u00e9es sur la situation hydrologique et les arr\u00eat\u00e9s pris peuvent \u00eatre consult\u00e9s sur les sites :<\/strong><\/h3>\n<ul>\n<li>de la DREAL GRAND EST : <a href=\"http:\/\/www.grand-est.developpement-durable.gouv.fr\/etiagesecheresse-%20r244.html\" target=\"_blank\" rel=\"noopener\">http:\/\/www.grand-est.developpement-durable.gouv.fr\/etiagesecheresse-<\/a><br \/>\n<a href=\"http:\/\/www.grand-est.developpement-durable.gouv.fr\/etiagesecheresse-%20r244.html\" target=\"_blank\" rel=\"noopener\">r244.html<\/a><\/li>\n<li>PROPLUVIA : <a href=\"http:\/\/propluvia.developpement-durable.gouv.fr\/propluvia\/faces\/index.jsp\" target=\"_blank\" rel=\"noopener\">http:\/\/propluvia.developpement-durable.gouv.fr\/propluvia\/faces\/index.jsp<\/a><\/li>\n<\/ul>\n<p>L\u2019eau est un bien commun dont il appartient \u00e0 chacun de pr\u00e9server la ressource !<\/p>\n","protected":false},"excerpt":{"rendered":"<p>Le d\u00e9ficit pluviom\u00e9trique global qui perdure associ\u00e9 aux chaleurs estivales ont entra\u00een\u00e9 une nouvelle et rapide d\u00e9gradation des d\u00e9bits de [&hellip;]<\/p>\n","protected":false},"author":1,"featured_media":49064,"comment_status":"open","ping_status":"open","sticky":false,"template":"","format":"standard","meta":{"footnotes":""},"categories":[20,18],"tags":[],"class_list":["post-49063","post","type-post","status-publish","format-standard","has-post-thumbnail","hentry","category-a-la-une","category-vosges"],"acf":[],"yoast_head":"<!-- This site is optimized with the Yoast SEO plugin v22.5 - https:\/\/yoast.com\/wordpress\/plugins\/seo\/ -->\n<title>Les Vosges passent en alerte s\u00e9cheresse renforc\u00e9e - Gerardmer Info<\/title>\n<meta name=\"robots\" content=\"index, follow, max-snippet:-1, max-image-preview:large, max-video-preview:-1\" \/>\n<link rel=\"canonical\" href=\"https:\/\/vosgesinfo.fr\/gerardmerinfo\/2020\/08\/vosges-passent-alerte-secheresse-renforcee\/\" \/>\n<meta name=\"twitter:card\" content=\"summary_large_image\" \/>\n<meta name=\"twitter:title\" content=\"Les Vosges passent en alerte s\u00e9cheresse renforc\u00e9e - Gerardmer Info\" \/>\n<meta name=\"twitter:description\" content=\"Le d\u00e9ficit pluviom\u00e9trique global qui perdure associ\u00e9 aux chaleurs estivales ont entra\u00een\u00e9 une nouvelle et rapide d\u00e9gradation des d\u00e9bits de [&hellip;]\" \/>\n<meta name=\"twitter:image\" content=\"https:\/\/vosgesinfo.fr\/app\/uploads\/sites\/6\/2024\/07\/201907secheresse-2.jpg\" \/>\n<meta name=\"twitter:creator\" content=\"@VosgesInfo88\" \/>\n<meta name=\"twitter:site\" content=\"@VosgesInfo88\" \/>\n<meta name=\"twitter:label1\" content=\"\u00c9crit par\" \/>\n\t<meta name=\"twitter:data1\" content=\"qs_admin\" \/>\n\t<meta name=\"twitter:label2\" content=\"Dur\u00e9e de lecture estim\u00e9e\" \/>\n\t<meta name=\"twitter:data2\" content=\"4 minutes\" \/>\n<script type=\"application\/ld+json\" class=\"yoast-schema-graph\">{\"@context\":\"https:\/\/schema.org\",\"@graph\":[{\"@type\":\"Article\",\"@id\":\"https:\/\/vosgesinfo.fr\/gerardmerinfo\/2020\/08\/vosges-passent-alerte-secheresse-renforcee\/#article\",\"isPartOf\":{\"@id\":\"https:\/\/vosgesinfo.fr\/gerardmerinfo\/2020\/08\/vosges-passent-alerte-secheresse-renforcee\/\"},\"author\":{\"name\":\"qs_admin\",\"@id\":\"https:\/\/vosgesinfo.fr\/gerardmerinfo\/#\/schema\/person\/bc5d02d71e6932e81b6dadb7386667b1\"},\"headline\":\"Les Vosges passent en alerte s\u00e9cheresse renforc\u00e9e\",\"datePublished\":\"2020-08-03T15:25:22+00:00\",\"dateModified\":\"2020-08-03T15:25:22+00:00\",\"mainEntityOfPage\":{\"@id\":\"https:\/\/vosgesinfo.fr\/gerardmerinfo\/2020\/08\/vosges-passent-alerte-secheresse-renforcee\/\"},\"wordCount\":781,\"commentCount\":0,\"publisher\":{\"@id\":\"https:\/\/vosgesinfo.fr\/gerardmerinfo\/#organization\"},\"image\":{\"@id\":\"https:\/\/vosgesinfo.fr\/gerardmerinfo\/2020\/08\/vosges-passent-alerte-secheresse-renforcee\/#primaryimage\"},\"thumbnailUrl\":\"https:\/\/vosgesinfo.fr\/app\/uploads\/sites\/6\/2024\/07\/201907secheresse-2.jpg\",\"articleSection\":[\"A la une\",\"Vosges\"],\"inLanguage\":\"fr-FR\",\"potentialAction\":[{\"@type\":\"CommentAction\",\"name\":\"Comment\",\"target\":[\"https:\/\/vosgesinfo.fr\/gerardmerinfo\/2020\/08\/vosges-passent-alerte-secheresse-renforcee\/#respond\"]}]},{\"@type\":\"WebPage\",\"@id\":\"https:\/\/vosgesinfo.fr\/gerardmerinfo\/2020\/08\/vosges-passent-alerte-secheresse-renforcee\/\",\"url\":\"https:\/\/vosgesinfo.fr\/gerardmerinfo\/2020\/08\/vosges-passent-alerte-secheresse-renforcee\/\",\"name\":\"Les Vosges passent en alerte s\u00e9cheresse renforc\u00e9e - Gerardmer Info\",\"isPartOf\":{\"@id\":\"https:\/\/vosgesinfo.fr\/gerardmerinfo\/#website\"},\"primaryImageOfPage\":{\"@id\":\"https:\/\/vosgesinfo.fr\/gerardmerinfo\/2020\/08\/vosges-passent-alerte-secheresse-renforcee\/#primaryimage\"},\"image\":{\"@id\":\"https:\/\/vosgesinfo.fr\/gerardmerinfo\/2020\/08\/vosges-passent-alerte-secheresse-renforcee\/#primaryimage\"},\"thumbnailUrl\":\"https:\/\/vosgesinfo.fr\/app\/uploads\/sites\/6\/2024\/07\/201907secheresse-2.jpg\",\"datePublished\":\"2020-08-03T15:25:22+00:00\",\"dateModified\":\"2020-08-03T15:25:22+00:00\",\"breadcrumb\":{\"@id\":\"https:\/\/vosgesinfo.fr\/gerardmerinfo\/2020\/08\/vosges-passent-alerte-secheresse-renforcee\/#breadcrumb\"},\"inLanguage\":\"fr-FR\",\"potentialAction\":[{\"@type\":\"ReadAction\",\"target\":[\"https:\/\/vosgesinfo.fr\/gerardmerinfo\/2020\/08\/vosges-passent-alerte-secheresse-renforcee\/\"]}]},{\"@type\":\"ImageObject\",\"inLanguage\":\"fr-FR\",\"@id\":\"https:\/\/vosgesinfo.fr\/gerardmerinfo\/2020\/08\/vosges-passent-alerte-secheresse-renforcee\/#primaryimage\",\"url\":\"https:\/\/vosgesinfo.fr\/app\/uploads\/sites\/6\/2024\/07\/201907secheresse-2.jpg\",\"contentUrl\":\"https:\/\/vosgesinfo.fr\/app\/uploads\/sites\/6\/2024\/07\/201907secheresse-2.jpg\",\"width\":800,\"height\":532},{\"@type\":\"BreadcrumbList\",\"@id\":\"https:\/\/vosgesinfo.fr\/gerardmerinfo\/2020\/08\/vosges-passent-alerte-secheresse-renforcee\/#breadcrumb\",\"itemListElement\":[{\"@type\":\"ListItem\",\"position\":1,\"name\":\"Home\",\"item\":\"https:\/\/vosgesinfo.fr\/gerardmerinfo\/\"},{\"@type\":\"ListItem\",\"position\":2,\"name\":\"Les Vosges passent en alerte s\u00e9cheresse renforc\u00e9e\"}]},{\"@type\":\"WebSite\",\"@id\":\"https:\/\/vosgesinfo.fr\/gerardmerinfo\/#website\",\"url\":\"https:\/\/vosgesinfo.fr\/gerardmerinfo\/\",\"name\":\"Gerardmer Info\",\"description\":\"Toute l&#039;actualit\u00e9 de G\u00e9rardmer\",\"publisher\":{\"@id\":\"https:\/\/vosgesinfo.fr\/gerardmerinfo\/#organization\"},\"alternateName\":\"Toute l'actualit\u00e9 de G\u00e9rardmer\",\"potentialAction\":[{\"@type\":\"SearchAction\",\"target\":{\"@type\":\"EntryPoint\",\"urlTemplate\":\"https:\/\/vosgesinfo.fr\/gerardmerinfo\/?s={search_term_string}\"},\"query-input\":\"required name=search_term_string\"}],\"inLanguage\":\"fr-FR\"},{\"@type\":\"Organization\",\"@id\":\"https:\/\/vosgesinfo.fr\/gerardmerinfo\/#organization\",\"name\":\"Gerardmer Info\",\"url\":\"https:\/\/vosgesinfo.fr\/gerardmerinfo\/\",\"logo\":{\"@type\":\"ImageObject\",\"inLanguage\":\"fr-FR\",\"@id\":\"https:\/\/vosgesinfo.fr\/gerardmerinfo\/#\/schema\/logo\/image\/\",\"url\":\"https:\/\/vosgesinfo.fr\/app\/uploads\/sites\/6\/2023\/08\/favicon-gerardmerinfo.png\",\"contentUrl\":\"https:\/\/vosgesinfo.fr\/app\/uploads\/sites\/6\/2023\/08\/favicon-gerardmerinfo.png\",\"width\":512,\"height\":512,\"caption\":\"Gerardmer Info\"},\"image\":{\"@id\":\"https:\/\/vosgesinfo.fr\/gerardmerinfo\/#\/schema\/logo\/image\/\"},\"sameAs\":[\"https:\/\/www.facebook.com\/profile.php?id=100049475262660\",\"https:\/\/x.com\/VosgesInfo88\",\"https:\/\/www.youtube.com\/@vosgesinfo\"]},{\"@type\":\"Person\",\"@id\":\"https:\/\/vosgesinfo.fr\/gerardmerinfo\/#\/schema\/person\/bc5d02d71e6932e81b6dadb7386667b1\",\"name\":\"qs_admin\",\"image\":{\"@type\":\"ImageObject\",\"inLanguage\":\"fr-FR\",\"@id\":\"https:\/\/vosgesinfo.fr\/gerardmerinfo\/#\/schema\/person\/image\/\",\"url\":\"https:\/\/secure.gravatar.com\/avatar\/94b18ee0ed79e4a42ea2f2931277b6841a8999fc6fde214600c78057cf1fe1de?s=96&d=mm&r=g\",\"contentUrl\":\"https:\/\/secure.gravatar.com\/avatar\/94b18ee0ed79e4a42ea2f2931277b6841a8999fc6fde214600c78057cf1fe1de?s=96&d=mm&r=g\",\"caption\":\"qs_admin\"},\"sameAs\":[\"https:\/\/vosgesinfo.fr\/wp\"],\"url\":\"https:\/\/vosgesinfo.fr\/gerardmerinfo\/author\/qs_admin\/\"}]}<\/script>\n<!-- \/ Yoast SEO plugin. -->","yoast_head_json":{"title":"Les Vosges passent en alerte s\u00e9cheresse renforc\u00e9e - Gerardmer Info","robots":{"index":"index","follow":"follow","max-snippet":"max-snippet:-1","max-image-preview":"max-image-preview:large","max-video-preview":"max-video-preview:-1"},"canonical":"https:\/\/vosgesinfo.fr\/gerardmerinfo\/2020\/08\/vosges-passent-alerte-secheresse-renforcee\/","twitter_card":"summary_large_image","twitter_title":"Les Vosges passent en alerte s\u00e9cheresse renforc\u00e9e - Gerardmer Info","twitter_description":"Le d\u00e9ficit pluviom\u00e9trique global qui perdure associ\u00e9 aux chaleurs estivales ont entra\u00een\u00e9 une nouvelle et rapide d\u00e9gradation des d\u00e9bits de [&hellip;]","twitter_image":"https:\/\/vosgesinfo.fr\/app\/uploads\/sites\/6\/2024\/07\/201907secheresse-2.jpg","twitter_creator":"@VosgesInfo88","twitter_site":"@VosgesInfo88","twitter_misc":{"\u00c9crit par":"qs_admin","Dur\u00e9e de lecture estim\u00e9e":"4 minutes"},"schema":{"@context":"https:\/\/schema.org","@graph":[{"@type":"Article","@id":"https:\/\/vosgesinfo.fr\/gerardmerinfo\/2020\/08\/vosges-passent-alerte-secheresse-renforcee\/#article","isPartOf":{"@id":"https:\/\/vosgesinfo.fr\/gerardmerinfo\/2020\/08\/vosges-passent-alerte-secheresse-renforcee\/"},"author":{"name":"qs_admin","@id":"https:\/\/vosgesinfo.fr\/gerardmerinfo\/#\/schema\/person\/bc5d02d71e6932e81b6dadb7386667b1"},"headline":"Les Vosges passent en alerte s\u00e9cheresse renforc\u00e9e","datePublished":"2020-08-03T15:25:22+00:00","dateModified":"2020-08-03T15:25:22+00:00","mainEntityOfPage":{"@id":"https:\/\/vosgesinfo.fr\/gerardmerinfo\/2020\/08\/vosges-passent-alerte-secheresse-renforcee\/"},"wordCount":781,"commentCount":0,"publisher":{"@id":"https:\/\/vosgesinfo.fr\/gerardmerinfo\/#organization"},"image":{"@id":"https:\/\/vosgesinfo.fr\/gerardmerinfo\/2020\/08\/vosges-passent-alerte-secheresse-renforcee\/#primaryimage"},"thumbnailUrl":"https:\/\/vosgesinfo.fr\/app\/uploads\/sites\/6\/2024\/07\/201907secheresse-2.jpg","articleSection":["A la une","Vosges"],"inLanguage":"fr-FR","potentialAction":[{"@type":"CommentAction","name":"Comment","target":["https:\/\/vosgesinfo.fr\/gerardmerinfo\/2020\/08\/vosges-passent-alerte-secheresse-renforcee\/#respond"]}]},{"@type":"WebPage","@id":"https:\/\/vosgesinfo.fr\/gerardmerinfo\/2020\/08\/vosges-passent-alerte-secheresse-renforcee\/","url":"https:\/\/vosgesinfo.fr\/gerardmerinfo\/2020\/08\/vosges-passent-alerte-secheresse-renforcee\/","name":"Les Vosges passent en alerte s\u00e9cheresse renforc\u00e9e - Gerardmer Info","isPartOf":{"@id":"https:\/\/vosgesinfo.fr\/gerardmerinfo\/#website"},"primaryImageOfPage":{"@id":"https:\/\/vosgesinfo.fr\/gerardmerinfo\/2020\/08\/vosges-passent-alerte-secheresse-renforcee\/#primaryimage"},"image":{"@id":"https:\/\/vosgesinfo.fr\/gerardmerinfo\/2020\/08\/vosges-passent-alerte-secheresse-renforcee\/#primaryimage"},"thumbnailUrl":"https:\/\/vosgesinfo.fr\/app\/uploads\/sites\/6\/2024\/07\/201907secheresse-2.jpg","datePublished":"2020-08-03T15:25:22+00:00","dateModified":"2020-08-03T15:25:22+00:00","breadcrumb":{"@id":"https:\/\/vosgesinfo.fr\/gerardmerinfo\/2020\/08\/vosges-passent-alerte-secheresse-renforcee\/#breadcrumb"},"inLanguage":"fr-FR","potentialAction":[{"@type":"ReadAction","target":["https:\/\/vosgesinfo.fr\/gerardmerinfo\/2020\/08\/vosges-passent-alerte-secheresse-renforcee\/"]}]},{"@type":"ImageObject","inLanguage":"fr-FR","@id":"https:\/\/vosgesinfo.fr\/gerardmerinfo\/2020\/08\/vosges-passent-alerte-secheresse-renforcee\/#primaryimage","url":"https:\/\/vosgesinfo.fr\/app\/uploads\/sites\/6\/2024\/07\/201907secheresse-2.jpg","contentUrl":"https:\/\/vosgesinfo.fr\/app\/uploads\/sites\/6\/2024\/07\/201907secheresse-2.jpg","width":800,"height":532},{"@type":"BreadcrumbList","@id":"https:\/\/vosgesinfo.fr\/gerardmerinfo\/2020\/08\/vosges-passent-alerte-secheresse-renforcee\/#breadcrumb","itemListElement":[{"@type":"ListItem","position":1,"name":"Home","item":"https:\/\/vosgesinfo.fr\/gerardmerinfo\/"},{"@type":"ListItem","position":2,"name":"Les Vosges passent en alerte s\u00e9cheresse renforc\u00e9e"}]},{"@type":"WebSite","@id":"https:\/\/vosgesinfo.fr\/gerardmerinfo\/#website","url":"https:\/\/vosgesinfo.fr\/gerardmerinfo\/","name":"Gerardmer Info","description":"Toute l&#039;actualit\u00e9 de G\u00e9rardmer","publisher":{"@id":"https:\/\/vosgesinfo.fr\/gerardmerinfo\/#organization"},"alternateName":"Toute l'actualit\u00e9 de G\u00e9rardmer","potentialAction":[{"@type":"SearchAction","target":{"@type":"EntryPoint","urlTemplate":"https:\/\/vosgesinfo.fr\/gerardmerinfo\/?s={search_term_string}"},"query-input":"required name=search_term_string"}],"inLanguage":"fr-FR"},{"@type":"Organization","@id":"https:\/\/vosgesinfo.fr\/gerardmerinfo\/#organization","name":"Gerardmer Info","url":"https:\/\/vosgesinfo.fr\/gerardmerinfo\/","logo":{"@type":"ImageObject","inLanguage":"fr-FR","@id":"https:\/\/vosgesinfo.fr\/gerardmerinfo\/#\/schema\/logo\/image\/","url":"https:\/\/vosgesinfo.fr\/app\/uploads\/sites\/6\/2023\/08\/favicon-gerardmerinfo.png","contentUrl":"https:\/\/vosgesinfo.fr\/app\/uploads\/sites\/6\/2023\/08\/favicon-gerardmerinfo.png","width":512,"height":512,"caption":"Gerardmer Info"},"image":{"@id":"https:\/\/vosgesinfo.fr\/gerardmerinfo\/#\/schema\/logo\/image\/"},"sameAs":["https:\/\/www.facebook.com\/profile.php?id=100049475262660","https:\/\/x.com\/VosgesInfo88","https:\/\/www.youtube.com\/@vosgesinfo"]},{"@type":"Person","@id":"https:\/\/vosgesinfo.fr\/gerardmerinfo\/#\/schema\/person\/bc5d02d71e6932e81b6dadb7386667b1","name":"qs_admin","image":{"@type":"ImageObject","inLanguage":"fr-FR","@id":"https:\/\/vosgesinfo.fr\/gerardmerinfo\/#\/schema\/person\/image\/","url":"https:\/\/secure.gravatar.com\/avatar\/94b18ee0ed79e4a42ea2f2931277b6841a8999fc6fde214600c78057cf1fe1de?s=96&d=mm&r=g","contentUrl":"https:\/\/secure.gravatar.com\/avatar\/94b18ee0ed79e4a42ea2f2931277b6841a8999fc6fde214600c78057cf1fe1de?s=96&d=mm&r=g","caption":"qs_admin"},"sameAs":["https:\/\/vosgesinfo.fr\/wp"],"url":"https:\/\/vosgesinfo.fr\/gerardmerinfo\/author\/qs_admin\/"}]}},"_links":{"self":[{"href":"https:\/\/vosgesinfo.fr\/gerardmerinfo\/wp-json\/wp\/v2\/posts\/49063","targetHints":{"allow":["GET"]}}],"collection":[{"href":"https:\/\/vosgesinfo.fr\/gerardmerinfo\/wp-json\/wp\/v2\/posts"}],"about":[{"href":"https:\/\/vosgesinfo.fr\/gerardmerinfo\/wp-json\/wp\/v2\/types\/post"}],"author":[{"embeddable":true,"href":"https:\/\/vosgesinfo.fr\/gerardmerinfo\/wp-json\/wp\/v2\/users\/1"}],"replies":[{"embeddable":true,"href":"https:\/\/vosgesinfo.fr\/gerardmerinfo\/wp-json\/wp\/v2\/comments?post=49063"}],"version-history":[{"count":0,"href":"https:\/\/vosgesinfo.fr\/gerardmerinfo\/wp-json\/wp\/v2\/posts\/49063\/revisions"}],"wp:featuredmedia":[{"embeddable":true,"href":"https:\/\/vosgesinfo.fr\/gerardmerinfo\/wp-json\/wp\/v2\/media\/49064"}],"wp:attachment":[{"href":"https:\/\/vosgesinfo.fr\/gerardmerinfo\/wp-json\/wp\/v2\/media?parent=49063"}],"wp:term":[{"taxonomy":"category","embeddable":true,"href":"https:\/\/vosgesinfo.fr\/gerardmerinfo\/wp-json\/wp\/v2\/categories?post=49063"},{"taxonomy":"post_tag","embeddable":true,"href":"https:\/\/vosgesinfo.fr\/gerardmerinfo\/wp-json\/wp\/v2\/tags?post=49063"}],"curies":[{"name":"wp","href":"https:\/\/api.w.org\/{rel}","templated":true}]}}