{"id":49085,"date":"2020-08-05T14:45:08","date_gmt":"2020-08-05T12:45:08","guid":{"rendered":"https:\/\/vosgesinfo.fr\/gerardmerinfo\/2020\/08\/incendie-a-docelles\/"},"modified":"2020-08-05T14:45:08","modified_gmt":"2020-08-05T12:45:08","slug":"incendie-a-docelles","status":"publish","type":"post","link":"https:\/\/vosgesinfo.fr\/gerardmerinfo\/2020\/08\/incendie-a-docelles\/","title":{"rendered":"Incendie \u00e0 Docelles"},"content":{"rendered":"<h2><a href=\"https:\/\/gerardmerinfo.fr\/2020\/08\/incendie-a-docelles\/incendie-docelles-2\/\" rel=\"attachment wp-att-166154\"><img decoding=\"async\" class=\"aligncenter size-full wp-image-166154\" src=\"\/2020\/08\/Incendie-Docelles-2.jpg\" alt=\"Incendie-Docelles-2\" width=\"800\" height=\"450\" \/><\/a>Mardi 4 ao\u00fbt en fin d\u2019apr\u00e8s-midi, un incendie s\u2019est d\u00e9clar\u00e9 \u00e0 l\u2019int\u00e9rieur de l\u2019\u00e9tablissement de la famille Albisser.<\/h2>\n<p>Peu avant 19 heures le feu a pris dans l\u2019\u00e9tablissement alors qu\u2019il y avait encore des consommateurs pr\u00e9sents. D\u2019une forte intensit\u00e9 il s\u2019est rapidement \u00e9tendu aux deux \u00e9tages et jusqu\u2019en toiture. Une quarantaine de pompiers des casernes alentour sont intervenus rapidement avec deux camions grande \u00e9chelle, une motopompe et cinq lances, sous les ordres du capitaine David Bonnard du Centre d\u2019intervention et de secours de Golbey. Ils sont parvenus \u00e0 \u00e9viter la propagation \u00e0 l\u2019habitation voisine et sont rest\u00e9s sur place jusqu\u2019au matin.<br \/>\n<a href=\"https:\/\/epinalinfos.fr\/wp-content\/uploads\/2020\/08\/Incendie-Docelles-7.jpg\" data-featherlight=\"image\"><img decoding=\"async\" class=\"alignnone size-medium wp-image-177989\" src=\"https:\/\/epinalinfos.fr\/wp-content\/uploads\/2020\/08\/Incendie-Docelles-7-400x225.jpg\" alt=\"Incendie Docelles 7\" width=\"400\" height=\"225\" \/><\/a><a href=\"https:\/\/epinalinfos.fr\/wp-content\/uploads\/2020\/08\/Incendie-Docelles-4.jpg\" data-featherlight=\"image\"><img decoding=\"async\" class=\"size-medium wp-image-177991 alignright\" src=\"https:\/\/epinalinfos.fr\/wp-content\/uploads\/2020\/08\/Incendie-Docelles-4-400x225.jpg\" alt=\"Incendie Docelles 4\" width=\"400\" height=\"225\" \/><\/a><\/p>\n<p>La maire de la commune Alain Woirgny et Christian Tarantola sont pr\u00e9d\u00e9cesseur,\u00a0 \u00e9taient pr\u00e9sents sur les lieux avec de nombreux Docellois pour apporter leur soutien aux exploitants bien connus dans la commune<\/p>\n<p>La gendarmerie de Rambervillers a \u00e9t\u00e9 saisie de l\u2019enqu\u00eate.<\/p>\n<p>&nbsp;<\/p>\n<p><a href=\"https:\/\/epinalinfos.fr\/wp-content\/uploads\/2020\/08\/Incendie-Docelles.jpg\" data-featherlight=\"image\"><img decoding=\"async\" class=\"alignnone size-medium wp-image-177990\" src=\"https:\/\/epinalinfos.fr\/wp-content\/uploads\/2020\/08\/Incendie-Docelles-400x225.jpg\" alt=\"Incendie Docelles\" width=\"400\" height=\"225\" \/><\/a><a href=\"https:\/\/epinalinfos.fr\/wp-content\/uploads\/2020\/08\/Incendie-Docelles-6.jpg\" data-featherlight=\"image\"><img decoding=\"async\" class=\"size-medium wp-image-177988 alignright\" src=\"https:\/\/epinalinfos.fr\/wp-content\/uploads\/2020\/08\/Incendie-Docelles-6-400x225.jpg\" alt=\"Incendie Docelles 6\" width=\"400\" height=\"225\" \/><\/a><\/p>\n<p>&nbsp;<\/p>\n<p>&nbsp;<\/p>\n<div class=\"really_simple_share really_simple_share_button robots-nocontent snap_nopreview\">\n<div class=\"really_simple_share_facebook_like\"><\/div>\n<\/div>\n","protected":false},"excerpt":{"rendered":"<p>Mardi 4 ao\u00fbt en fin d\u2019apr\u00e8s-midi, un incendie s\u2019est d\u00e9clar\u00e9 \u00e0 l\u2019int\u00e9rieur de l\u2019\u00e9tablissement de la famille Albisser. Peu avant [&hellip;]<\/p>\n","protected":false},"author":1,"featured_media":49086,"comment_status":"open","ping_status":"open","sticky":false,"template":"","format":"standard","meta":{"footnotes":""},"categories":[20,8,18],"tags":[],"class_list":["post-49085","post","type-post","status-publish","format-standard","has-post-thumbnail","hentry","category-a-la-une","category-faits-divers","category-vosges"],"acf":[],"yoast_head":"<!-- This site is optimized with the Yoast SEO plugin v22.5 - https:\/\/yoast.com\/wordpress\/plugins\/seo\/ -->\n<title>Incendie \u00e0 Docelles - Gerardmer Info<\/title>\n<meta name=\"robots\" content=\"index, follow, max-snippet:-1, max-image-preview:large, max-video-preview:-1\" \/>\n<link rel=\"canonical\" href=\"https:\/\/vosgesinfo.fr\/gerardmerinfo\/2020\/08\/incendie-a-docelles\/\" \/>\n<meta name=\"twitter:card\" content=\"summary_large_image\" \/>\n<meta name=\"twitter:title\" content=\"Incendie \u00e0 Docelles - Gerardmer Info\" \/>\n<meta name=\"twitter:description\" content=\"Mardi 4 ao\u00fbt en fin d\u2019apr\u00e8s-midi, un incendie s\u2019est d\u00e9clar\u00e9 \u00e0 l\u2019int\u00e9rieur de l\u2019\u00e9tablissement de la famille Albisser. Peu avant [&hellip;]\" \/>\n<meta name=\"twitter:image\" content=\"https:\/\/vosgesinfo.fr\/app\/uploads\/sites\/6\/2024\/07\/202008incendie-docelles-2.jpg\" \/>\n<meta name=\"twitter:creator\" content=\"@VosgesInfo88\" \/>\n<meta name=\"twitter:site\" content=\"@VosgesInfo88\" \/>\n<meta name=\"twitter:label1\" content=\"\u00c9crit par\" \/>\n\t<meta name=\"twitter:data1\" content=\"qs_admin\" \/>\n\t<meta name=\"twitter:label2\" content=\"Dur\u00e9e de lecture estim\u00e9e\" \/>\n\t<meta name=\"twitter:data2\" content=\"1 minute\" \/>\n<script type=\"application\/ld+json\" class=\"yoast-schema-graph\">{\"@context\":\"https:\/\/schema.org\",\"@graph\":[{\"@type\":\"Article\",\"@id\":\"https:\/\/vosgesinfo.fr\/gerardmerinfo\/2020\/08\/incendie-a-docelles\/#article\",\"isPartOf\":{\"@id\":\"https:\/\/vosgesinfo.fr\/gerardmerinfo\/2020\/08\/incendie-a-docelles\/\"},\"author\":{\"name\":\"qs_admin\",\"@id\":\"https:\/\/vosgesinfo.fr\/gerardmerinfo\/#\/schema\/person\/bc5d02d71e6932e81b6dadb7386667b1\"},\"headline\":\"Incendie \u00e0 Docelles\",\"datePublished\":\"2020-08-05T12:45:08+00:00\",\"dateModified\":\"2020-08-05T12:45:08+00:00\",\"mainEntityOfPage\":{\"@id\":\"https:\/\/vosgesinfo.fr\/gerardmerinfo\/2020\/08\/incendie-a-docelles\/\"},\"wordCount\":165,\"commentCount\":0,\"publisher\":{\"@id\":\"https:\/\/vosgesinfo.fr\/gerardmerinfo\/#organization\"},\"image\":{\"@id\":\"https:\/\/vosgesinfo.fr\/gerardmerinfo\/2020\/08\/incendie-a-docelles\/#primaryimage\"},\"thumbnailUrl\":\"https:\/\/vosgesinfo.fr\/app\/uploads\/sites\/6\/2024\/07\/202008incendie-docelles-2.jpg\",\"articleSection\":[\"A la une\",\"Faits-divers\",\"Vosges\"],\"inLanguage\":\"fr-FR\",\"potentialAction\":[{\"@type\":\"CommentAction\",\"name\":\"Comment\",\"target\":[\"https:\/\/vosgesinfo.fr\/gerardmerinfo\/2020\/08\/incendie-a-docelles\/#respond\"]}]},{\"@type\":\"WebPage\",\"@id\":\"https:\/\/vosgesinfo.fr\/gerardmerinfo\/2020\/08\/incendie-a-docelles\/\",\"url\":\"https:\/\/vosgesinfo.fr\/gerardmerinfo\/2020\/08\/incendie-a-docelles\/\",\"name\":\"Incendie \u00e0 Docelles - Gerardmer Info\",\"isPartOf\":{\"@id\":\"https:\/\/vosgesinfo.fr\/gerardmerinfo\/#website\"},\"primaryImageOfPage\":{\"@id\":\"https:\/\/vosgesinfo.fr\/gerardmerinfo\/2020\/08\/incendie-a-docelles\/#primaryimage\"},\"image\":{\"@id\":\"https:\/\/vosgesinfo.fr\/gerardmerinfo\/2020\/08\/incendie-a-docelles\/#primaryimage\"},\"thumbnailUrl\":\"https:\/\/vosgesinfo.fr\/app\/uploads\/sites\/6\/2024\/07\/202008incendie-docelles-2.jpg\",\"datePublished\":\"2020-08-05T12:45:08+00:00\",\"dateModified\":\"2020-08-05T12:45:08+00:00\",\"breadcrumb\":{\"@id\":\"https:\/\/vosgesinfo.fr\/gerardmerinfo\/2020\/08\/incendie-a-docelles\/#breadcrumb\"},\"inLanguage\":\"fr-FR\",\"potentialAction\":[{\"@type\":\"ReadAction\",\"target\":[\"https:\/\/vosgesinfo.fr\/gerardmerinfo\/2020\/08\/incendie-a-docelles\/\"]}]},{\"@type\":\"ImageObject\",\"inLanguage\":\"fr-FR\",\"@id\":\"https:\/\/vosgesinfo.fr\/gerardmerinfo\/2020\/08\/incendie-a-docelles\/#primaryimage\",\"url\":\"https:\/\/vosgesinfo.fr\/app\/uploads\/sites\/6\/2024\/07\/202008incendie-docelles-2.jpg\",\"contentUrl\":\"https:\/\/vosgesinfo.fr\/app\/uploads\/sites\/6\/2024\/07\/202008incendie-docelles-2.jpg\",\"width\":800,\"height\":450},{\"@type\":\"BreadcrumbList\",\"@id\":\"https:\/\/vosgesinfo.fr\/gerardmerinfo\/2020\/08\/incendie-a-docelles\/#breadcrumb\",\"itemListElement\":[{\"@type\":\"ListItem\",\"position\":1,\"name\":\"Home\",\"item\":\"https:\/\/vosgesinfo.fr\/gerardmerinfo\/\"},{\"@type\":\"ListItem\",\"position\":2,\"name\":\"Incendie \u00e0 Docelles\"}]},{\"@type\":\"WebSite\",\"@id\":\"https:\/\/vosgesinfo.fr\/gerardmerinfo\/#website\",\"url\":\"https:\/\/vosgesinfo.fr\/gerardmerinfo\/\",\"name\":\"Gerardmer Info\",\"description\":\"Toute l&#039;actualit\u00e9 de G\u00e9rardmer\",\"publisher\":{\"@id\":\"https:\/\/vosgesinfo.fr\/gerardmerinfo\/#organization\"},\"alternateName\":\"Toute l'actualit\u00e9 de G\u00e9rardmer\",\"potentialAction\":[{\"@type\":\"SearchAction\",\"target\":{\"@type\":\"EntryPoint\",\"urlTemplate\":\"https:\/\/vosgesinfo.fr\/gerardmerinfo\/?s={search_term_string}\"},\"query-input\":\"required name=search_term_string\"}],\"inLanguage\":\"fr-FR\"},{\"@type\":\"Organization\",\"@id\":\"https:\/\/vosgesinfo.fr\/gerardmerinfo\/#organization\",\"name\":\"Gerardmer Info\",\"url\":\"https:\/\/vosgesinfo.fr\/gerardmerinfo\/\",\"logo\":{\"@type\":\"ImageObject\",\"inLanguage\":\"fr-FR\",\"@id\":\"https:\/\/vosgesinfo.fr\/gerardmerinfo\/#\/schema\/logo\/image\/\",\"url\":\"https:\/\/vosgesinfo.fr\/app\/uploads\/sites\/6\/2023\/08\/favicon-gerardmerinfo.png\",\"contentUrl\":\"https:\/\/vosgesinfo.fr\/app\/uploads\/sites\/6\/2023\/08\/favicon-gerardmerinfo.png\",\"width\":512,\"height\":512,\"caption\":\"Gerardmer Info\"},\"image\":{\"@id\":\"https:\/\/vosgesinfo.fr\/gerardmerinfo\/#\/schema\/logo\/image\/\"},\"sameAs\":[\"https:\/\/www.facebook.com\/profile.php?id=100049475262660\",\"https:\/\/x.com\/VosgesInfo88\",\"https:\/\/www.youtube.com\/@vosgesinfo\"]},{\"@type\":\"Person\",\"@id\":\"https:\/\/vosgesinfo.fr\/gerardmerinfo\/#\/schema\/person\/bc5d02d71e6932e81b6dadb7386667b1\",\"name\":\"qs_admin\",\"image\":{\"@type\":\"ImageObject\",\"inLanguage\":\"fr-FR\",\"@id\":\"https:\/\/vosgesinfo.fr\/gerardmerinfo\/#\/schema\/person\/image\/\",\"url\":\"https:\/\/secure.gravatar.com\/avatar\/94b18ee0ed79e4a42ea2f2931277b6841a8999fc6fde214600c78057cf1fe1de?s=96&d=mm&r=g\",\"contentUrl\":\"https:\/\/secure.gravatar.com\/avatar\/94b18ee0ed79e4a42ea2f2931277b6841a8999fc6fde214600c78057cf1fe1de?s=96&d=mm&r=g\",\"caption\":\"qs_admin\"},\"sameAs\":[\"https:\/\/vosgesinfo.fr\/wp\"],\"url\":\"https:\/\/vosgesinfo.fr\/gerardmerinfo\/author\/qs_admin\/\"}]}<\/script>\n<!-- \/ Yoast SEO plugin. -->","yoast_head_json":{"title":"Incendie \u00e0 Docelles - Gerardmer Info","robots":{"index":"index","follow":"follow","max-snippet":"max-snippet:-1","max-image-preview":"max-image-preview:large","max-video-preview":"max-video-preview:-1"},"canonical":"https:\/\/vosgesinfo.fr\/gerardmerinfo\/2020\/08\/incendie-a-docelles\/","twitter_card":"summary_large_image","twitter_title":"Incendie \u00e0 Docelles - Gerardmer Info","twitter_description":"Mardi 4 ao\u00fbt en fin d\u2019apr\u00e8s-midi, un incendie s\u2019est d\u00e9clar\u00e9 \u00e0 l\u2019int\u00e9rieur de l\u2019\u00e9tablissement de la famille Albisser. Peu avant [&hellip;]","twitter_image":"https:\/\/vosgesinfo.fr\/app\/uploads\/sites\/6\/2024\/07\/202008incendie-docelles-2.jpg","twitter_creator":"@VosgesInfo88","twitter_site":"@VosgesInfo88","twitter_misc":{"\u00c9crit par":"qs_admin","Dur\u00e9e de lecture estim\u00e9e":"1 minute"},"schema":{"@context":"https:\/\/schema.org","@graph":[{"@type":"Article","@id":"https:\/\/vosgesinfo.fr\/gerardmerinfo\/2020\/08\/incendie-a-docelles\/#article","isPartOf":{"@id":"https:\/\/vosgesinfo.fr\/gerardmerinfo\/2020\/08\/incendie-a-docelles\/"},"author":{"name":"qs_admin","@id":"https:\/\/vosgesinfo.fr\/gerardmerinfo\/#\/schema\/person\/bc5d02d71e6932e81b6dadb7386667b1"},"headline":"Incendie \u00e0 Docelles","datePublished":"2020-08-05T12:45:08+00:00","dateModified":"2020-08-05T12:45:08+00:00","mainEntityOfPage":{"@id":"https:\/\/vosgesinfo.fr\/gerardmerinfo\/2020\/08\/incendie-a-docelles\/"},"wordCount":165,"commentCount":0,"publisher":{"@id":"https:\/\/vosgesinfo.fr\/gerardmerinfo\/#organization"},"image":{"@id":"https:\/\/vosgesinfo.fr\/gerardmerinfo\/2020\/08\/incendie-a-docelles\/#primaryimage"},"thumbnailUrl":"https:\/\/vosgesinfo.fr\/app\/uploads\/sites\/6\/2024\/07\/202008incendie-docelles-2.jpg","articleSection":["A la une","Faits-divers","Vosges"],"inLanguage":"fr-FR","potentialAction":[{"@type":"CommentAction","name":"Comment","target":["https:\/\/vosgesinfo.fr\/gerardmerinfo\/2020\/08\/incendie-a-docelles\/#respond"]}]},{"@type":"WebPage","@id":"https:\/\/vosgesinfo.fr\/gerardmerinfo\/2020\/08\/incendie-a-docelles\/","url":"https:\/\/vosgesinfo.fr\/gerardmerinfo\/2020\/08\/incendie-a-docelles\/","name":"Incendie \u00e0 Docelles - Gerardmer Info","isPartOf":{"@id":"https:\/\/vosgesinfo.fr\/gerardmerinfo\/#website"},"primaryImageOfPage":{"@id":"https:\/\/vosgesinfo.fr\/gerardmerinfo\/2020\/08\/incendie-a-docelles\/#primaryimage"},"image":{"@id":"https:\/\/vosgesinfo.fr\/gerardmerinfo\/2020\/08\/incendie-a-docelles\/#primaryimage"},"thumbnailUrl":"https:\/\/vosgesinfo.fr\/app\/uploads\/sites\/6\/2024\/07\/202008incendie-docelles-2.jpg","datePublished":"2020-08-05T12:45:08+00:00","dateModified":"2020-08-05T12:45:08+00:00","breadcrumb":{"@id":"https:\/\/vosgesinfo.fr\/gerardmerinfo\/2020\/08\/incendie-a-docelles\/#breadcrumb"},"inLanguage":"fr-FR","potentialAction":[{"@type":"ReadAction","target":["https:\/\/vosgesinfo.fr\/gerardmerinfo\/2020\/08\/incendie-a-docelles\/"]}]},{"@type":"ImageObject","inLanguage":"fr-FR","@id":"https:\/\/vosgesinfo.fr\/gerardmerinfo\/2020\/08\/incendie-a-docelles\/#primaryimage","url":"https:\/\/vosgesinfo.fr\/app\/uploads\/sites\/6\/2024\/07\/202008incendie-docelles-2.jpg","contentUrl":"https:\/\/vosgesinfo.fr\/app\/uploads\/sites\/6\/2024\/07\/202008incendie-docelles-2.jpg","width":800,"height":450},{"@type":"BreadcrumbList","@id":"https:\/\/vosgesinfo.fr\/gerardmerinfo\/2020\/08\/incendie-a-docelles\/#breadcrumb","itemListElement":[{"@type":"ListItem","position":1,"name":"Home","item":"https:\/\/vosgesinfo.fr\/gerardmerinfo\/"},{"@type":"ListItem","position":2,"name":"Incendie \u00e0 Docelles"}]},{"@type":"WebSite","@id":"https:\/\/vosgesinfo.fr\/gerardmerinfo\/#website","url":"https:\/\/vosgesinfo.fr\/gerardmerinfo\/","name":"Gerardmer Info","description":"Toute l&#039;actualit\u00e9 de G\u00e9rardmer","publisher":{"@id":"https:\/\/vosgesinfo.fr\/gerardmerinfo\/#organization"},"alternateName":"Toute l'actualit\u00e9 de G\u00e9rardmer","potentialAction":[{"@type":"SearchAction","target":{"@type":"EntryPoint","urlTemplate":"https:\/\/vosgesinfo.fr\/gerardmerinfo\/?s={search_term_string}"},"query-input":"required name=search_term_string"}],"inLanguage":"fr-FR"},{"@type":"Organization","@id":"https:\/\/vosgesinfo.fr\/gerardmerinfo\/#organization","name":"Gerardmer Info","url":"https:\/\/vosgesinfo.fr\/gerardmerinfo\/","logo":{"@type":"ImageObject","inLanguage":"fr-FR","@id":"https:\/\/vosgesinfo.fr\/gerardmerinfo\/#\/schema\/logo\/image\/","url":"https:\/\/vosgesinfo.fr\/app\/uploads\/sites\/6\/2023\/08\/favicon-gerardmerinfo.png","contentUrl":"https:\/\/vosgesinfo.fr\/app\/uploads\/sites\/6\/2023\/08\/favicon-gerardmerinfo.png","width":512,"height":512,"caption":"Gerardmer Info"},"image":{"@id":"https:\/\/vosgesinfo.fr\/gerardmerinfo\/#\/schema\/logo\/image\/"},"sameAs":["https:\/\/www.facebook.com\/profile.php?id=100049475262660","https:\/\/x.com\/VosgesInfo88","https:\/\/www.youtube.com\/@vosgesinfo"]},{"@type":"Person","@id":"https:\/\/vosgesinfo.fr\/gerardmerinfo\/#\/schema\/person\/bc5d02d71e6932e81b6dadb7386667b1","name":"qs_admin","image":{"@type":"ImageObject","inLanguage":"fr-FR","@id":"https:\/\/vosgesinfo.fr\/gerardmerinfo\/#\/schema\/person\/image\/","url":"https:\/\/secure.gravatar.com\/avatar\/94b18ee0ed79e4a42ea2f2931277b6841a8999fc6fde214600c78057cf1fe1de?s=96&d=mm&r=g","contentUrl":"https:\/\/secure.gravatar.com\/avatar\/94b18ee0ed79e4a42ea2f2931277b6841a8999fc6fde214600c78057cf1fe1de?s=96&d=mm&r=g","caption":"qs_admin"},"sameAs":["https:\/\/vosgesinfo.fr\/wp"],"url":"https:\/\/vosgesinfo.fr\/gerardmerinfo\/author\/qs_admin\/"}]}},"_links":{"self":[{"href":"https:\/\/vosgesinfo.fr\/gerardmerinfo\/wp-json\/wp\/v2\/posts\/49085","targetHints":{"allow":["GET"]}}],"collection":[{"href":"https:\/\/vosgesinfo.fr\/gerardmerinfo\/wp-json\/wp\/v2\/posts"}],"about":[{"href":"https:\/\/vosgesinfo.fr\/gerardmerinfo\/wp-json\/wp\/v2\/types\/post"}],"author":[{"embeddable":true,"href":"https:\/\/vosgesinfo.fr\/gerardmerinfo\/wp-json\/wp\/v2\/users\/1"}],"replies":[{"embeddable":true,"href":"https:\/\/vosgesinfo.fr\/gerardmerinfo\/wp-json\/wp\/v2\/comments?post=49085"}],"version-history":[{"count":0,"href":"https:\/\/vosgesinfo.fr\/gerardmerinfo\/wp-json\/wp\/v2\/posts\/49085\/revisions"}],"wp:featuredmedia":[{"embeddable":true,"href":"https:\/\/vosgesinfo.fr\/gerardmerinfo\/wp-json\/wp\/v2\/media\/49086"}],"wp:attachment":[{"href":"https:\/\/vosgesinfo.fr\/gerardmerinfo\/wp-json\/wp\/v2\/media?parent=49085"}],"wp:term":[{"taxonomy":"category","embeddable":true,"href":"https:\/\/vosgesinfo.fr\/gerardmerinfo\/wp-json\/wp\/v2\/categories?post=49085"},{"taxonomy":"post_tag","embeddable":true,"href":"https:\/\/vosgesinfo.fr\/gerardmerinfo\/wp-json\/wp\/v2\/tags?post=49085"}],"curies":[{"name":"wp","href":"https:\/\/api.w.org\/{rel}","templated":true}]}}