{"id":49087,"date":"2020-08-05T14:48:46","date_gmt":"2020-08-05T12:48:46","guid":{"rendered":"https:\/\/vosgesinfo.fr\/gerardmerinfo\/2020\/08\/tourisme-mois-de-juillet-vosges\/"},"modified":"2020-08-05T14:48:46","modified_gmt":"2020-08-05T12:48:46","slug":"tourisme-mois-de-juillet-vosges","status":"publish","type":"post","link":"https:\/\/vosgesinfo.fr\/gerardmerinfo\/2020\/08\/tourisme-mois-de-juillet-vosges\/","title":{"rendered":"Tourisme \u2013 Un bon mois de juillet pour les Vosges"},"content":{"rendered":"<p><a href=\"https:\/\/gerardmerinfo.fr\/2020\/08\/tourisme-mois-de-juillet-vosges\/vosges-notedeconjoncture\/\" rel=\"attachment wp-att-166158\"><img decoding=\"async\" class=\"aligncenter size-full wp-image-166158\" src=\"\/2020\/08\/Vosges-notedeconjoncture.jpg\" alt=\"Vosges-notedeconjoncture\" width=\"800\" height=\"450\" \/><\/a><\/p>\n<h2><strong><a href=\"https:\/\/www.tourismepro.vosges.fr\/Observatoire.aspx\" target=\"_blank\" rel=\"noopener\">L\u2019Observatoire d\u00e9partemental du tourisme<\/a> a r\u00e9alis\u00e9 une enqu\u00eate aupr\u00e8s de 515 professionnels du tourisme. 118 ont r\u00e9pondu \u00e0 l\u2019appel pour donner les tendances du mois de juillet. Selon la derni\u00e8re note de conjoncture, il semblerait que le Massif soit pl\u00e9biscit\u00e9 par les touristes. En effet, le mois de juillet afficherait de meilleurs r\u00e9sultats que d\u2019habitude.<\/strong><\/h2>\n<p>Selon l\u2019Observatoire d\u00e9partemental du tourisme, les Fran\u00e7ais sont \u00e0 la recherche de nature et de destinations de proximit\u00e9. Ce qui explique la forte affluence de Lorrains, d\u2019Alsaciens et de Champenois sur le territoire. La client\u00e8le historique des Hauts de France et de la R\u00e9gion parisienne \u00e9tait \u00e9galement pr\u00e9sente en juillet. Belges, N\u00e9erlandais et Allemands ont fait le d\u00e9placement sur le Massif, mais ils \u00e9taient moins nombreux qu\u2019une saison classique.<\/p>\n<h3><strong>Des r\u00e9sultats en hausse chez les pro<\/strong><\/h3>\n<p>Les professionnels du tourisme afficheraient des r\u00e9sultats tr\u00e8s satisfaisants, avec une saison \u00ab\u00a0bonne voire tr\u00e8s bonne\u00a0\u00bb pour 7 r\u00e9pondants sur 10. Un tiers d\u2019entre eux enregistre m\u00eame une hausse des fr\u00e9quentations, notamment dans les Hautes-Vosges. Le taux d\u2019occupation moyen sur l\u2019ensemble du Massif d\u00e9passerait les 64%. Mais dans le reste du d\u00e9partement, la situation semble moins positive. La moiti\u00e9 des r\u00e9pondants estime que la fr\u00e9quentation de juillet est mauvaise, avec un taux d\u2019occupation moyen de 45%.<\/p>\n<h3><strong>Privil\u00e9gier les\u00a0grands espaces<\/strong><\/h3>\n<p>Les premi\u00e8res notes de conjoncture montrent une tendance pour les activit\u00e9s en pleine nature au d\u00e9triment des visites en int\u00e9rieur. La peur d\u2019\u00eatre dans un espace clos, tr\u00e8s fr\u00e9quent\u00e9, et les conditions m\u00e9t\u00e9orologiques agr\u00e9ables contribuent \u00e0 ce ph\u00e9nom\u00e8ne. Les sites de visite et de loisirs r\u00e9pondants estiment que la fr\u00e9quentation du mois de juillet est moyenne, voire mauvaise. De plus, les groupes de colonies de vacances, de centres a\u00e9r\u00e9s ou de voyages organis\u00e9s sont absents. Un vrai manque \u00e0 gagner pour les sites de visites et de loisirs, mais aussi pour les h\u00e9bergements accueillant ce type de client\u00e8le.<\/p>\n<h3><strong>Vacances \u00e0 la derni\u00e8re minute<\/strong><\/h3>\n<p>Le mois de juillet serait marqu\u00e9 par une forte pratique des r\u00e9servations de derni\u00e8re minute, quel que soit le type d\u2019h\u00e9bergements. Dans certains h\u00f4tels, les arriv\u00e9es sans r\u00e9servations sont nombreuses. Les touristes privil\u00e9gient \u00e9galement les s\u00e9jours courts. Comme pour les sites de visites et de loisirs, les touristes demandent \u00e0 ce que les normes d\u2019hygi\u00e8ne et la distanciation sociale soient scrupuleusement respect\u00e9es.<\/p>\n<h3><strong>Un mois d\u2019ao\u00fbt incertain<\/strong><\/h3>\n<p>D\u2019apr\u00e8s l\u2019Observatoire d\u00e9partemental du tourisme, il est tr\u00e8s difficile d\u2019\u00e9tablir des pr\u00e9visions pour le mois d\u2019ao\u00fbt, notamment chez les h\u00e9bergeurs. Les avis r\u00e9colt\u00e9s au cours de cette enqu\u00eate sont partag\u00e9s, ne permettant pas de d\u00e9finir de tendance. Une chose est s\u00fbre\u00a0: les demandes et les r\u00e9servations sont en baisse par rapport \u00e0 2019 pour tous les r\u00e9pondants. Mais, les r\u00e9sultats du mois de juillet, encourageant la r\u00e9servation \u00e0 la derni\u00e8re minute, laissent pr\u00e9sager un mois d\u2019ao\u00fbt similaire. Cela d\u00e9pendra des conditions m\u00e9t\u00e9orologiques mais aussi de la situation sanitaire.<\/p>\n<p>Source : <a href=\"http:\/\/www.vosgesmag.fr\" target=\"_blank\" rel=\"noopener\">www.vosgesmag.fr<\/a><\/p>\n","protected":false},"excerpt":{"rendered":"<p>L\u2019Observatoire d\u00e9partemental du tourisme a r\u00e9alis\u00e9 une enqu\u00eate aupr\u00e8s de 515 professionnels du tourisme. 118 ont r\u00e9pondu \u00e0 l\u2019appel pour [&hellip;]<\/p>\n","protected":false},"author":1,"featured_media":49088,"comment_status":"open","ping_status":"open","sticky":false,"template":"","format":"standard","meta":{"footnotes":""},"categories":[20,18],"tags":[],"class_list":["post-49087","post","type-post","status-publish","format-standard","has-post-thumbnail","hentry","category-a-la-une","category-vosges"],"acf":[],"yoast_head":"<!-- This site is optimized with the Yoast SEO plugin v22.5 - https:\/\/yoast.com\/wordpress\/plugins\/seo\/ -->\n<title>Tourisme \u2013 Un bon mois de juillet pour les Vosges - Gerardmer Info<\/title>\n<meta name=\"robots\" content=\"index, follow, max-snippet:-1, max-image-preview:large, max-video-preview:-1\" \/>\n<link rel=\"canonical\" href=\"https:\/\/vosgesinfo.fr\/gerardmerinfo\/2020\/08\/tourisme-mois-de-juillet-vosges\/\" \/>\n<meta name=\"twitter:card\" content=\"summary_large_image\" \/>\n<meta name=\"twitter:title\" content=\"Tourisme \u2013 Un bon mois de juillet pour les Vosges - Gerardmer Info\" \/>\n<meta name=\"twitter:description\" content=\"L\u2019Observatoire d\u00e9partemental du tourisme a r\u00e9alis\u00e9 une enqu\u00eate aupr\u00e8s de 515 professionnels du tourisme. 118 ont r\u00e9pondu \u00e0 l\u2019appel pour [&hellip;]\" \/>\n<meta name=\"twitter:image\" content=\"https:\/\/vosgesinfo.fr\/app\/uploads\/sites\/6\/2024\/07\/202008vosges-notedeconjoncture.jpg\" \/>\n<meta name=\"twitter:creator\" content=\"@VosgesInfo88\" \/>\n<meta name=\"twitter:site\" content=\"@VosgesInfo88\" \/>\n<meta name=\"twitter:label1\" content=\"\u00c9crit par\" \/>\n\t<meta name=\"twitter:data1\" content=\"qs_admin\" \/>\n\t<meta name=\"twitter:label2\" content=\"Dur\u00e9e de lecture estim\u00e9e\" \/>\n\t<meta name=\"twitter:data2\" content=\"3 minutes\" \/>\n<script type=\"application\/ld+json\" class=\"yoast-schema-graph\">{\"@context\":\"https:\/\/schema.org\",\"@graph\":[{\"@type\":\"Article\",\"@id\":\"https:\/\/vosgesinfo.fr\/gerardmerinfo\/2020\/08\/tourisme-mois-de-juillet-vosges\/#article\",\"isPartOf\":{\"@id\":\"https:\/\/vosgesinfo.fr\/gerardmerinfo\/2020\/08\/tourisme-mois-de-juillet-vosges\/\"},\"author\":{\"name\":\"qs_admin\",\"@id\":\"https:\/\/vosgesinfo.fr\/gerardmerinfo\/#\/schema\/person\/bc5d02d71e6932e81b6dadb7386667b1\"},\"headline\":\"Tourisme \u2013 Un bon mois de juillet pour les Vosges\",\"datePublished\":\"2020-08-05T12:48:46+00:00\",\"dateModified\":\"2020-08-05T12:48:46+00:00\",\"mainEntityOfPage\":{\"@id\":\"https:\/\/vosgesinfo.fr\/gerardmerinfo\/2020\/08\/tourisme-mois-de-juillet-vosges\/\"},\"wordCount\":564,\"commentCount\":0,\"publisher\":{\"@id\":\"https:\/\/vosgesinfo.fr\/gerardmerinfo\/#organization\"},\"image\":{\"@id\":\"https:\/\/vosgesinfo.fr\/gerardmerinfo\/2020\/08\/tourisme-mois-de-juillet-vosges\/#primaryimage\"},\"thumbnailUrl\":\"https:\/\/vosgesinfo.fr\/app\/uploads\/sites\/6\/2024\/07\/202008vosges-notedeconjoncture.jpg\",\"articleSection\":[\"A la une\",\"Vosges\"],\"inLanguage\":\"fr-FR\",\"potentialAction\":[{\"@type\":\"CommentAction\",\"name\":\"Comment\",\"target\":[\"https:\/\/vosgesinfo.fr\/gerardmerinfo\/2020\/08\/tourisme-mois-de-juillet-vosges\/#respond\"]}]},{\"@type\":\"WebPage\",\"@id\":\"https:\/\/vosgesinfo.fr\/gerardmerinfo\/2020\/08\/tourisme-mois-de-juillet-vosges\/\",\"url\":\"https:\/\/vosgesinfo.fr\/gerardmerinfo\/2020\/08\/tourisme-mois-de-juillet-vosges\/\",\"name\":\"Tourisme \u2013 Un bon mois de juillet pour les Vosges - Gerardmer Info\",\"isPartOf\":{\"@id\":\"https:\/\/vosgesinfo.fr\/gerardmerinfo\/#website\"},\"primaryImageOfPage\":{\"@id\":\"https:\/\/vosgesinfo.fr\/gerardmerinfo\/2020\/08\/tourisme-mois-de-juillet-vosges\/#primaryimage\"},\"image\":{\"@id\":\"https:\/\/vosgesinfo.fr\/gerardmerinfo\/2020\/08\/tourisme-mois-de-juillet-vosges\/#primaryimage\"},\"thumbnailUrl\":\"https:\/\/vosgesinfo.fr\/app\/uploads\/sites\/6\/2024\/07\/202008vosges-notedeconjoncture.jpg\",\"datePublished\":\"2020-08-05T12:48:46+00:00\",\"dateModified\":\"2020-08-05T12:48:46+00:00\",\"breadcrumb\":{\"@id\":\"https:\/\/vosgesinfo.fr\/gerardmerinfo\/2020\/08\/tourisme-mois-de-juillet-vosges\/#breadcrumb\"},\"inLanguage\":\"fr-FR\",\"potentialAction\":[{\"@type\":\"ReadAction\",\"target\":[\"https:\/\/vosgesinfo.fr\/gerardmerinfo\/2020\/08\/tourisme-mois-de-juillet-vosges\/\"]}]},{\"@type\":\"ImageObject\",\"inLanguage\":\"fr-FR\",\"@id\":\"https:\/\/vosgesinfo.fr\/gerardmerinfo\/2020\/08\/tourisme-mois-de-juillet-vosges\/#primaryimage\",\"url\":\"https:\/\/vosgesinfo.fr\/app\/uploads\/sites\/6\/2024\/07\/202008vosges-notedeconjoncture.jpg\",\"contentUrl\":\"https:\/\/vosgesinfo.fr\/app\/uploads\/sites\/6\/2024\/07\/202008vosges-notedeconjoncture.jpg\",\"width\":800,\"height\":450},{\"@type\":\"BreadcrumbList\",\"@id\":\"https:\/\/vosgesinfo.fr\/gerardmerinfo\/2020\/08\/tourisme-mois-de-juillet-vosges\/#breadcrumb\",\"itemListElement\":[{\"@type\":\"ListItem\",\"position\":1,\"name\":\"Home\",\"item\":\"https:\/\/vosgesinfo.fr\/gerardmerinfo\/\"},{\"@type\":\"ListItem\",\"position\":2,\"name\":\"Tourisme \u2013 Un bon mois de juillet pour les Vosges\"}]},{\"@type\":\"WebSite\",\"@id\":\"https:\/\/vosgesinfo.fr\/gerardmerinfo\/#website\",\"url\":\"https:\/\/vosgesinfo.fr\/gerardmerinfo\/\",\"name\":\"Gerardmer Info\",\"description\":\"Toute l&#039;actualit\u00e9 de G\u00e9rardmer\",\"publisher\":{\"@id\":\"https:\/\/vosgesinfo.fr\/gerardmerinfo\/#organization\"},\"alternateName\":\"Toute l'actualit\u00e9 de G\u00e9rardmer\",\"potentialAction\":[{\"@type\":\"SearchAction\",\"target\":{\"@type\":\"EntryPoint\",\"urlTemplate\":\"https:\/\/vosgesinfo.fr\/gerardmerinfo\/?s={search_term_string}\"},\"query-input\":\"required name=search_term_string\"}],\"inLanguage\":\"fr-FR\"},{\"@type\":\"Organization\",\"@id\":\"https:\/\/vosgesinfo.fr\/gerardmerinfo\/#organization\",\"name\":\"Gerardmer Info\",\"url\":\"https:\/\/vosgesinfo.fr\/gerardmerinfo\/\",\"logo\":{\"@type\":\"ImageObject\",\"inLanguage\":\"fr-FR\",\"@id\":\"https:\/\/vosgesinfo.fr\/gerardmerinfo\/#\/schema\/logo\/image\/\",\"url\":\"https:\/\/vosgesinfo.fr\/app\/uploads\/sites\/6\/2023\/08\/favicon-gerardmerinfo.png\",\"contentUrl\":\"https:\/\/vosgesinfo.fr\/app\/uploads\/sites\/6\/2023\/08\/favicon-gerardmerinfo.png\",\"width\":512,\"height\":512,\"caption\":\"Gerardmer Info\"},\"image\":{\"@id\":\"https:\/\/vosgesinfo.fr\/gerardmerinfo\/#\/schema\/logo\/image\/\"},\"sameAs\":[\"https:\/\/www.facebook.com\/profile.php?id=100049475262660\",\"https:\/\/x.com\/VosgesInfo88\",\"https:\/\/www.youtube.com\/@vosgesinfo\"]},{\"@type\":\"Person\",\"@id\":\"https:\/\/vosgesinfo.fr\/gerardmerinfo\/#\/schema\/person\/bc5d02d71e6932e81b6dadb7386667b1\",\"name\":\"qs_admin\",\"image\":{\"@type\":\"ImageObject\",\"inLanguage\":\"fr-FR\",\"@id\":\"https:\/\/vosgesinfo.fr\/gerardmerinfo\/#\/schema\/person\/image\/\",\"url\":\"https:\/\/secure.gravatar.com\/avatar\/94b18ee0ed79e4a42ea2f2931277b6841a8999fc6fde214600c78057cf1fe1de?s=96&d=mm&r=g\",\"contentUrl\":\"https:\/\/secure.gravatar.com\/avatar\/94b18ee0ed79e4a42ea2f2931277b6841a8999fc6fde214600c78057cf1fe1de?s=96&d=mm&r=g\",\"caption\":\"qs_admin\"},\"sameAs\":[\"https:\/\/vosgesinfo.fr\/wp\"],\"url\":\"https:\/\/vosgesinfo.fr\/gerardmerinfo\/author\/qs_admin\/\"}]}<\/script>\n<!-- \/ Yoast SEO plugin. -->","yoast_head_json":{"title":"Tourisme \u2013 Un bon mois de juillet pour les Vosges - Gerardmer Info","robots":{"index":"index","follow":"follow","max-snippet":"max-snippet:-1","max-image-preview":"max-image-preview:large","max-video-preview":"max-video-preview:-1"},"canonical":"https:\/\/vosgesinfo.fr\/gerardmerinfo\/2020\/08\/tourisme-mois-de-juillet-vosges\/","twitter_card":"summary_large_image","twitter_title":"Tourisme \u2013 Un bon mois de juillet pour les Vosges - Gerardmer Info","twitter_description":"L\u2019Observatoire d\u00e9partemental du tourisme a r\u00e9alis\u00e9 une enqu\u00eate aupr\u00e8s de 515 professionnels du tourisme. 118 ont r\u00e9pondu \u00e0 l\u2019appel pour [&hellip;]","twitter_image":"https:\/\/vosgesinfo.fr\/app\/uploads\/sites\/6\/2024\/07\/202008vosges-notedeconjoncture.jpg","twitter_creator":"@VosgesInfo88","twitter_site":"@VosgesInfo88","twitter_misc":{"\u00c9crit par":"qs_admin","Dur\u00e9e de lecture estim\u00e9e":"3 minutes"},"schema":{"@context":"https:\/\/schema.org","@graph":[{"@type":"Article","@id":"https:\/\/vosgesinfo.fr\/gerardmerinfo\/2020\/08\/tourisme-mois-de-juillet-vosges\/#article","isPartOf":{"@id":"https:\/\/vosgesinfo.fr\/gerardmerinfo\/2020\/08\/tourisme-mois-de-juillet-vosges\/"},"author":{"name":"qs_admin","@id":"https:\/\/vosgesinfo.fr\/gerardmerinfo\/#\/schema\/person\/bc5d02d71e6932e81b6dadb7386667b1"},"headline":"Tourisme \u2013 Un bon mois de juillet pour les Vosges","datePublished":"2020-08-05T12:48:46+00:00","dateModified":"2020-08-05T12:48:46+00:00","mainEntityOfPage":{"@id":"https:\/\/vosgesinfo.fr\/gerardmerinfo\/2020\/08\/tourisme-mois-de-juillet-vosges\/"},"wordCount":564,"commentCount":0,"publisher":{"@id":"https:\/\/vosgesinfo.fr\/gerardmerinfo\/#organization"},"image":{"@id":"https:\/\/vosgesinfo.fr\/gerardmerinfo\/2020\/08\/tourisme-mois-de-juillet-vosges\/#primaryimage"},"thumbnailUrl":"https:\/\/vosgesinfo.fr\/app\/uploads\/sites\/6\/2024\/07\/202008vosges-notedeconjoncture.jpg","articleSection":["A la une","Vosges"],"inLanguage":"fr-FR","potentialAction":[{"@type":"CommentAction","name":"Comment","target":["https:\/\/vosgesinfo.fr\/gerardmerinfo\/2020\/08\/tourisme-mois-de-juillet-vosges\/#respond"]}]},{"@type":"WebPage","@id":"https:\/\/vosgesinfo.fr\/gerardmerinfo\/2020\/08\/tourisme-mois-de-juillet-vosges\/","url":"https:\/\/vosgesinfo.fr\/gerardmerinfo\/2020\/08\/tourisme-mois-de-juillet-vosges\/","name":"Tourisme \u2013 Un bon mois de juillet pour les Vosges - Gerardmer Info","isPartOf":{"@id":"https:\/\/vosgesinfo.fr\/gerardmerinfo\/#website"},"primaryImageOfPage":{"@id":"https:\/\/vosgesinfo.fr\/gerardmerinfo\/2020\/08\/tourisme-mois-de-juillet-vosges\/#primaryimage"},"image":{"@id":"https:\/\/vosgesinfo.fr\/gerardmerinfo\/2020\/08\/tourisme-mois-de-juillet-vosges\/#primaryimage"},"thumbnailUrl":"https:\/\/vosgesinfo.fr\/app\/uploads\/sites\/6\/2024\/07\/202008vosges-notedeconjoncture.jpg","datePublished":"2020-08-05T12:48:46+00:00","dateModified":"2020-08-05T12:48:46+00:00","breadcrumb":{"@id":"https:\/\/vosgesinfo.fr\/gerardmerinfo\/2020\/08\/tourisme-mois-de-juillet-vosges\/#breadcrumb"},"inLanguage":"fr-FR","potentialAction":[{"@type":"ReadAction","target":["https:\/\/vosgesinfo.fr\/gerardmerinfo\/2020\/08\/tourisme-mois-de-juillet-vosges\/"]}]},{"@type":"ImageObject","inLanguage":"fr-FR","@id":"https:\/\/vosgesinfo.fr\/gerardmerinfo\/2020\/08\/tourisme-mois-de-juillet-vosges\/#primaryimage","url":"https:\/\/vosgesinfo.fr\/app\/uploads\/sites\/6\/2024\/07\/202008vosges-notedeconjoncture.jpg","contentUrl":"https:\/\/vosgesinfo.fr\/app\/uploads\/sites\/6\/2024\/07\/202008vosges-notedeconjoncture.jpg","width":800,"height":450},{"@type":"BreadcrumbList","@id":"https:\/\/vosgesinfo.fr\/gerardmerinfo\/2020\/08\/tourisme-mois-de-juillet-vosges\/#breadcrumb","itemListElement":[{"@type":"ListItem","position":1,"name":"Home","item":"https:\/\/vosgesinfo.fr\/gerardmerinfo\/"},{"@type":"ListItem","position":2,"name":"Tourisme \u2013 Un bon mois de juillet pour les Vosges"}]},{"@type":"WebSite","@id":"https:\/\/vosgesinfo.fr\/gerardmerinfo\/#website","url":"https:\/\/vosgesinfo.fr\/gerardmerinfo\/","name":"Gerardmer Info","description":"Toute l&#039;actualit\u00e9 de G\u00e9rardmer","publisher":{"@id":"https:\/\/vosgesinfo.fr\/gerardmerinfo\/#organization"},"alternateName":"Toute l'actualit\u00e9 de G\u00e9rardmer","potentialAction":[{"@type":"SearchAction","target":{"@type":"EntryPoint","urlTemplate":"https:\/\/vosgesinfo.fr\/gerardmerinfo\/?s={search_term_string}"},"query-input":"required name=search_term_string"}],"inLanguage":"fr-FR"},{"@type":"Organization","@id":"https:\/\/vosgesinfo.fr\/gerardmerinfo\/#organization","name":"Gerardmer Info","url":"https:\/\/vosgesinfo.fr\/gerardmerinfo\/","logo":{"@type":"ImageObject","inLanguage":"fr-FR","@id":"https:\/\/vosgesinfo.fr\/gerardmerinfo\/#\/schema\/logo\/image\/","url":"https:\/\/vosgesinfo.fr\/app\/uploads\/sites\/6\/2023\/08\/favicon-gerardmerinfo.png","contentUrl":"https:\/\/vosgesinfo.fr\/app\/uploads\/sites\/6\/2023\/08\/favicon-gerardmerinfo.png","width":512,"height":512,"caption":"Gerardmer Info"},"image":{"@id":"https:\/\/vosgesinfo.fr\/gerardmerinfo\/#\/schema\/logo\/image\/"},"sameAs":["https:\/\/www.facebook.com\/profile.php?id=100049475262660","https:\/\/x.com\/VosgesInfo88","https:\/\/www.youtube.com\/@vosgesinfo"]},{"@type":"Person","@id":"https:\/\/vosgesinfo.fr\/gerardmerinfo\/#\/schema\/person\/bc5d02d71e6932e81b6dadb7386667b1","name":"qs_admin","image":{"@type":"ImageObject","inLanguage":"fr-FR","@id":"https:\/\/vosgesinfo.fr\/gerardmerinfo\/#\/schema\/person\/image\/","url":"https:\/\/secure.gravatar.com\/avatar\/94b18ee0ed79e4a42ea2f2931277b6841a8999fc6fde214600c78057cf1fe1de?s=96&d=mm&r=g","contentUrl":"https:\/\/secure.gravatar.com\/avatar\/94b18ee0ed79e4a42ea2f2931277b6841a8999fc6fde214600c78057cf1fe1de?s=96&d=mm&r=g","caption":"qs_admin"},"sameAs":["https:\/\/vosgesinfo.fr\/wp"],"url":"https:\/\/vosgesinfo.fr\/gerardmerinfo\/author\/qs_admin\/"}]}},"_links":{"self":[{"href":"https:\/\/vosgesinfo.fr\/gerardmerinfo\/wp-json\/wp\/v2\/posts\/49087","targetHints":{"allow":["GET"]}}],"collection":[{"href":"https:\/\/vosgesinfo.fr\/gerardmerinfo\/wp-json\/wp\/v2\/posts"}],"about":[{"href":"https:\/\/vosgesinfo.fr\/gerardmerinfo\/wp-json\/wp\/v2\/types\/post"}],"author":[{"embeddable":true,"href":"https:\/\/vosgesinfo.fr\/gerardmerinfo\/wp-json\/wp\/v2\/users\/1"}],"replies":[{"embeddable":true,"href":"https:\/\/vosgesinfo.fr\/gerardmerinfo\/wp-json\/wp\/v2\/comments?post=49087"}],"version-history":[{"count":0,"href":"https:\/\/vosgesinfo.fr\/gerardmerinfo\/wp-json\/wp\/v2\/posts\/49087\/revisions"}],"wp:featuredmedia":[{"embeddable":true,"href":"https:\/\/vosgesinfo.fr\/gerardmerinfo\/wp-json\/wp\/v2\/media\/49088"}],"wp:attachment":[{"href":"https:\/\/vosgesinfo.fr\/gerardmerinfo\/wp-json\/wp\/v2\/media?parent=49087"}],"wp:term":[{"taxonomy":"category","embeddable":true,"href":"https:\/\/vosgesinfo.fr\/gerardmerinfo\/wp-json\/wp\/v2\/categories?post=49087"},{"taxonomy":"post_tag","embeddable":true,"href":"https:\/\/vosgesinfo.fr\/gerardmerinfo\/wp-json\/wp\/v2\/tags?post=49087"}],"curies":[{"name":"wp","href":"https:\/\/api.w.org\/{rel}","templated":true}]}}