{"id":49089,"date":"2020-08-05T14:49:00","date_gmt":"2020-08-05T12:49:00","guid":{"rendered":"https:\/\/vosgesinfo.fr\/gerardmerinfo\/2020\/08\/attention-guepe-attaque\/"},"modified":"2020-08-05T14:49:00","modified_gmt":"2020-08-05T12:49:00","slug":"attention-guepe-attaque","status":"publish","type":"post","link":"https:\/\/vosgesinfo.fr\/gerardmerinfo\/2020\/08\/attention-guepe-attaque\/","title":{"rendered":"Attention la gu\u00eape attaque"},"content":{"rendered":"<p><a href=\"https:\/\/gerardmerinfo.fr\/2020\/08\/attention-guepe-attaque\/guepe-gp-670x460\/\" rel=\"attachment wp-att-166162\"><img decoding=\"async\" class=\"alignright wp-image-166162 size-medium\" src=\"\/2020\/08\/Gu\u00eape-GP-670x460-371x255.png\" alt=\"Gu\u00eape-GP-670x460\" width=\"371\" height=\"255\" \/><\/a><span style=\"font-size: 14pt;\"><strong>N\u00e9cessaires \u00e0 la biodiversit\u00e9, parfois dangereuses, l\u2019hiver doux, le printemps ensoleill\u00e9 et chaud ont facilit\u00e9 leur prolif\u00e9ration. Une p\u00e9riode de pic d\u2019activit\u00e9 de quelques semaines pour ces insectes. Avec la chaleur, les premiers fruits sucr\u00e9s mais aussi avec les boissons prises en ext\u00e9rieur, leur pr\u00e9sence g\u00eanante peut se r\u00e9v\u00e9ler\u2026 piquante .<\/strong><\/span><\/p>\n<p>Val\u00e9rie s\u2019est faite piquer au bras sur sa terrasse au soleil,\u00a0 son mari sur la jambe, alors que tous deux ne s\u2019\u00e9taient pas aper\u00e7us de la pr\u00e9sence d\u2019une gu\u00eape. Et enfin leur fils en prenant une bouteille sur laquelle une vespula vulgaris ( le nom scientifique de ces insectes jaunes et noir) s\u2019\u00e9tait pos\u00e9e \u2026 cela commence \u00e0 faire beaucoup en une heure.<\/p>\n<p>Sans que ce soit dangereux, \u00e0 moins d\u2019\u00eatre allergique \u00e0 leur venin ou en cas d\u2019ingestion, la pr\u00e9sence de gu\u00eapes n\u00e9cessite\u00a0 prudence et patience. Avec la crise du frelon asiatique et sa m\u00e9diatisation par les r\u00e9seaux sociaux ( 3 signalements dans les Vosges sont en cours d\u2019identification par le Groupement de D\u00e9fense Sanitaire 88)\u00a0 , le grand public a \u00e9t\u00e9 sensibilis\u00e9 aux risques de nids \u00e0 proximit\u00e9 de lieux de vie.<\/p>\n<h3><strong>\u00c9viter des comportements dangereux<\/strong><\/h3>\n<p>Conseil essentiel de R\u00e9my, d\u00e9sinsectiseur chez Gu\u00eape Buster 88: <em>\u00ab\u00a0 <\/em><em>pas de mouvements brusques, pas d\u2019affolement<\/em> <em>\u00bb<\/em>.\u00a0 La gu\u00eape a une faible vue mais elle d\u00e9tecte les mouvements, ce qui l\u2019attire, tout comme les odeurs de nourriture ou de sucre. <em>\u00ab\u00a0 <\/em><em>Il est important avant de m\u2019appeler de savoir s\u2019il s\u2019agit de voyageuses ou si un v\u00e9ritable nid se trouve \u00e0 proximit\u00e9. Et donc un risque latent pour les personnes. Depuis 2016 dans cette activit\u00e9, je sais que le mois de juillet est un pic habituel pour les gu\u00eapes. Il y en a un peu plus que les ann\u00e9es pr\u00e9c\u00e9dentes mais ce n\u2019est pas extraordinaire<\/em> <em>\u00bb<\/em>. <em>\u00ab\u00a0<\/em><em>L\u2019erreur que font souvent les gens lorsqu\u2019ils d\u00e9tectent un nid, consiste \u00e0 vouloir les emmurer. C\u2019est dangereux car les gu\u00eapes rongent le bois et le placoplatre et finissent par ressortir \u00e0 l\u2019int\u00e9rieur des habitations<\/em> <em>\u00bb<\/em>. <em>\u00ab\u00a0<\/em><em>J\u2019interviens des centaines de fois sur toutes les Vosges et dans les d\u00e9partements limitrophes, mais uniquement sur suspicion de nid ou lorsqu\u2019ils sont plac\u00e9s en hauteur. C\u2019est un m\u00e9tier exigeant qui n\u00e9cessite de l\u2019exp\u00e9rience, un agr\u00e9ment pour l\u2019usage des biocides et du mat\u00e9riel de protection <\/em><em>\u00bb<\/em>. Il est vrai que nombreux sont les accidents touchent des promeneurs ou des vacanciers qui pensent pouvoir s\u2019en sortir sans pr\u00e9cautions particuli\u00e8res avec un sac plastique pour emballer un nid ou quelques coups de tongues vengeurs.<\/p>\n","protected":false},"excerpt":{"rendered":"<p>N\u00e9cessaires \u00e0 la biodiversit\u00e9, parfois dangereuses, l\u2019hiver doux, le printemps ensoleill\u00e9 et chaud ont facilit\u00e9 leur prolif\u00e9ration. Une p\u00e9riode de [&hellip;]<\/p>\n","protected":false},"author":1,"featured_media":49090,"comment_status":"open","ping_status":"open","sticky":false,"template":"","format":"standard","meta":{"footnotes":""},"categories":[20,18],"tags":[],"class_list":["post-49089","post","type-post","status-publish","format-standard","has-post-thumbnail","hentry","category-a-la-une","category-vosges"],"acf":[],"yoast_head":"<!-- This site is optimized with the Yoast SEO plugin v22.5 - https:\/\/yoast.com\/wordpress\/plugins\/seo\/ -->\n<title>Attention la gu\u00eape attaque - Gerardmer Info<\/title>\n<meta name=\"robots\" content=\"index, follow, max-snippet:-1, max-image-preview:large, max-video-preview:-1\" \/>\n<link rel=\"canonical\" href=\"https:\/\/vosgesinfo.fr\/gerardmerinfo\/2020\/08\/attention-guepe-attaque\/\" \/>\n<meta name=\"twitter:card\" content=\"summary_large_image\" \/>\n<meta name=\"twitter:title\" content=\"Attention la gu\u00eape attaque - Gerardmer Info\" \/>\n<meta name=\"twitter:description\" content=\"N\u00e9cessaires \u00e0 la biodiversit\u00e9, parfois dangereuses, l\u2019hiver doux, le printemps ensoleill\u00e9 et chaud ont facilit\u00e9 leur prolif\u00e9ration. Une p\u00e9riode de [&hellip;]\" \/>\n<meta name=\"twitter:image\" content=\"https:\/\/vosgesinfo.fr\/app\/uploads\/sites\/6\/2024\/07\/202008guepe-gp-670x460-1.png\" \/>\n<meta name=\"twitter:creator\" content=\"@VosgesInfo88\" \/>\n<meta name=\"twitter:site\" content=\"@VosgesInfo88\" \/>\n<meta name=\"twitter:label1\" content=\"\u00c9crit par\" \/>\n\t<meta name=\"twitter:data1\" content=\"qs_admin\" \/>\n\t<meta name=\"twitter:label2\" content=\"Dur\u00e9e de lecture estim\u00e9e\" \/>\n\t<meta name=\"twitter:data2\" content=\"2 minutes\" \/>\n<script type=\"application\/ld+json\" class=\"yoast-schema-graph\">{\"@context\":\"https:\/\/schema.org\",\"@graph\":[{\"@type\":\"Article\",\"@id\":\"https:\/\/vosgesinfo.fr\/gerardmerinfo\/2020\/08\/attention-guepe-attaque\/#article\",\"isPartOf\":{\"@id\":\"https:\/\/vosgesinfo.fr\/gerardmerinfo\/2020\/08\/attention-guepe-attaque\/\"},\"author\":{\"name\":\"qs_admin\",\"@id\":\"https:\/\/vosgesinfo.fr\/gerardmerinfo\/#\/schema\/person\/bc5d02d71e6932e81b6dadb7386667b1\"},\"headline\":\"Attention la gu\u00eape attaque\",\"datePublished\":\"2020-08-05T12:49:00+00:00\",\"dateModified\":\"2020-08-05T12:49:00+00:00\",\"mainEntityOfPage\":{\"@id\":\"https:\/\/vosgesinfo.fr\/gerardmerinfo\/2020\/08\/attention-guepe-attaque\/\"},\"wordCount\":461,\"commentCount\":0,\"publisher\":{\"@id\":\"https:\/\/vosgesinfo.fr\/gerardmerinfo\/#organization\"},\"image\":{\"@id\":\"https:\/\/vosgesinfo.fr\/gerardmerinfo\/2020\/08\/attention-guepe-attaque\/#primaryimage\"},\"thumbnailUrl\":\"https:\/\/vosgesinfo.fr\/app\/uploads\/sites\/6\/2024\/07\/202008guepe-gp-670x460-1.png\",\"articleSection\":[\"A la une\",\"Vosges\"],\"inLanguage\":\"fr-FR\",\"potentialAction\":[{\"@type\":\"CommentAction\",\"name\":\"Comment\",\"target\":[\"https:\/\/vosgesinfo.fr\/gerardmerinfo\/2020\/08\/attention-guepe-attaque\/#respond\"]}]},{\"@type\":\"WebPage\",\"@id\":\"https:\/\/vosgesinfo.fr\/gerardmerinfo\/2020\/08\/attention-guepe-attaque\/\",\"url\":\"https:\/\/vosgesinfo.fr\/gerardmerinfo\/2020\/08\/attention-guepe-attaque\/\",\"name\":\"Attention la gu\u00eape attaque - Gerardmer Info\",\"isPartOf\":{\"@id\":\"https:\/\/vosgesinfo.fr\/gerardmerinfo\/#website\"},\"primaryImageOfPage\":{\"@id\":\"https:\/\/vosgesinfo.fr\/gerardmerinfo\/2020\/08\/attention-guepe-attaque\/#primaryimage\"},\"image\":{\"@id\":\"https:\/\/vosgesinfo.fr\/gerardmerinfo\/2020\/08\/attention-guepe-attaque\/#primaryimage\"},\"thumbnailUrl\":\"https:\/\/vosgesinfo.fr\/app\/uploads\/sites\/6\/2024\/07\/202008guepe-gp-670x460-1.png\",\"datePublished\":\"2020-08-05T12:49:00+00:00\",\"dateModified\":\"2020-08-05T12:49:00+00:00\",\"breadcrumb\":{\"@id\":\"https:\/\/vosgesinfo.fr\/gerardmerinfo\/2020\/08\/attention-guepe-attaque\/#breadcrumb\"},\"inLanguage\":\"fr-FR\",\"potentialAction\":[{\"@type\":\"ReadAction\",\"target\":[\"https:\/\/vosgesinfo.fr\/gerardmerinfo\/2020\/08\/attention-guepe-attaque\/\"]}]},{\"@type\":\"ImageObject\",\"inLanguage\":\"fr-FR\",\"@id\":\"https:\/\/vosgesinfo.fr\/gerardmerinfo\/2020\/08\/attention-guepe-attaque\/#primaryimage\",\"url\":\"https:\/\/vosgesinfo.fr\/app\/uploads\/sites\/6\/2024\/07\/202008guepe-gp-670x460-1.png\",\"contentUrl\":\"https:\/\/vosgesinfo.fr\/app\/uploads\/sites\/6\/2024\/07\/202008guepe-gp-670x460-1.png\",\"width\":670,\"height\":460},{\"@type\":\"BreadcrumbList\",\"@id\":\"https:\/\/vosgesinfo.fr\/gerardmerinfo\/2020\/08\/attention-guepe-attaque\/#breadcrumb\",\"itemListElement\":[{\"@type\":\"ListItem\",\"position\":1,\"name\":\"Home\",\"item\":\"https:\/\/vosgesinfo.fr\/gerardmerinfo\/\"},{\"@type\":\"ListItem\",\"position\":2,\"name\":\"Attention la gu\u00eape attaque\"}]},{\"@type\":\"WebSite\",\"@id\":\"https:\/\/vosgesinfo.fr\/gerardmerinfo\/#website\",\"url\":\"https:\/\/vosgesinfo.fr\/gerardmerinfo\/\",\"name\":\"Gerardmer Info\",\"description\":\"Toute l&#039;actualit\u00e9 de G\u00e9rardmer\",\"publisher\":{\"@id\":\"https:\/\/vosgesinfo.fr\/gerardmerinfo\/#organization\"},\"alternateName\":\"Toute l'actualit\u00e9 de G\u00e9rardmer\",\"potentialAction\":[{\"@type\":\"SearchAction\",\"target\":{\"@type\":\"EntryPoint\",\"urlTemplate\":\"https:\/\/vosgesinfo.fr\/gerardmerinfo\/?s={search_term_string}\"},\"query-input\":\"required name=search_term_string\"}],\"inLanguage\":\"fr-FR\"},{\"@type\":\"Organization\",\"@id\":\"https:\/\/vosgesinfo.fr\/gerardmerinfo\/#organization\",\"name\":\"Gerardmer Info\",\"url\":\"https:\/\/vosgesinfo.fr\/gerardmerinfo\/\",\"logo\":{\"@type\":\"ImageObject\",\"inLanguage\":\"fr-FR\",\"@id\":\"https:\/\/vosgesinfo.fr\/gerardmerinfo\/#\/schema\/logo\/image\/\",\"url\":\"https:\/\/vosgesinfo.fr\/app\/uploads\/sites\/6\/2023\/08\/favicon-gerardmerinfo.png\",\"contentUrl\":\"https:\/\/vosgesinfo.fr\/app\/uploads\/sites\/6\/2023\/08\/favicon-gerardmerinfo.png\",\"width\":512,\"height\":512,\"caption\":\"Gerardmer Info\"},\"image\":{\"@id\":\"https:\/\/vosgesinfo.fr\/gerardmerinfo\/#\/schema\/logo\/image\/\"},\"sameAs\":[\"https:\/\/www.facebook.com\/profile.php?id=100049475262660\",\"https:\/\/x.com\/VosgesInfo88\",\"https:\/\/www.youtube.com\/@vosgesinfo\"]},{\"@type\":\"Person\",\"@id\":\"https:\/\/vosgesinfo.fr\/gerardmerinfo\/#\/schema\/person\/bc5d02d71e6932e81b6dadb7386667b1\",\"name\":\"qs_admin\",\"image\":{\"@type\":\"ImageObject\",\"inLanguage\":\"fr-FR\",\"@id\":\"https:\/\/vosgesinfo.fr\/gerardmerinfo\/#\/schema\/person\/image\/\",\"url\":\"https:\/\/secure.gravatar.com\/avatar\/94b18ee0ed79e4a42ea2f2931277b6841a8999fc6fde214600c78057cf1fe1de?s=96&d=mm&r=g\",\"contentUrl\":\"https:\/\/secure.gravatar.com\/avatar\/94b18ee0ed79e4a42ea2f2931277b6841a8999fc6fde214600c78057cf1fe1de?s=96&d=mm&r=g\",\"caption\":\"qs_admin\"},\"sameAs\":[\"https:\/\/vosgesinfo.fr\/wp\"],\"url\":\"https:\/\/vosgesinfo.fr\/gerardmerinfo\/author\/qs_admin\/\"}]}<\/script>\n<!-- \/ Yoast SEO plugin. -->","yoast_head_json":{"title":"Attention la gu\u00eape attaque - Gerardmer Info","robots":{"index":"index","follow":"follow","max-snippet":"max-snippet:-1","max-image-preview":"max-image-preview:large","max-video-preview":"max-video-preview:-1"},"canonical":"https:\/\/vosgesinfo.fr\/gerardmerinfo\/2020\/08\/attention-guepe-attaque\/","twitter_card":"summary_large_image","twitter_title":"Attention la gu\u00eape attaque - Gerardmer Info","twitter_description":"N\u00e9cessaires \u00e0 la biodiversit\u00e9, parfois dangereuses, l\u2019hiver doux, le printemps ensoleill\u00e9 et chaud ont facilit\u00e9 leur prolif\u00e9ration. Une p\u00e9riode de [&hellip;]","twitter_image":"https:\/\/vosgesinfo.fr\/app\/uploads\/sites\/6\/2024\/07\/202008guepe-gp-670x460-1.png","twitter_creator":"@VosgesInfo88","twitter_site":"@VosgesInfo88","twitter_misc":{"\u00c9crit par":"qs_admin","Dur\u00e9e de lecture estim\u00e9e":"2 minutes"},"schema":{"@context":"https:\/\/schema.org","@graph":[{"@type":"Article","@id":"https:\/\/vosgesinfo.fr\/gerardmerinfo\/2020\/08\/attention-guepe-attaque\/#article","isPartOf":{"@id":"https:\/\/vosgesinfo.fr\/gerardmerinfo\/2020\/08\/attention-guepe-attaque\/"},"author":{"name":"qs_admin","@id":"https:\/\/vosgesinfo.fr\/gerardmerinfo\/#\/schema\/person\/bc5d02d71e6932e81b6dadb7386667b1"},"headline":"Attention la gu\u00eape attaque","datePublished":"2020-08-05T12:49:00+00:00","dateModified":"2020-08-05T12:49:00+00:00","mainEntityOfPage":{"@id":"https:\/\/vosgesinfo.fr\/gerardmerinfo\/2020\/08\/attention-guepe-attaque\/"},"wordCount":461,"commentCount":0,"publisher":{"@id":"https:\/\/vosgesinfo.fr\/gerardmerinfo\/#organization"},"image":{"@id":"https:\/\/vosgesinfo.fr\/gerardmerinfo\/2020\/08\/attention-guepe-attaque\/#primaryimage"},"thumbnailUrl":"https:\/\/vosgesinfo.fr\/app\/uploads\/sites\/6\/2024\/07\/202008guepe-gp-670x460-1.png","articleSection":["A la une","Vosges"],"inLanguage":"fr-FR","potentialAction":[{"@type":"CommentAction","name":"Comment","target":["https:\/\/vosgesinfo.fr\/gerardmerinfo\/2020\/08\/attention-guepe-attaque\/#respond"]}]},{"@type":"WebPage","@id":"https:\/\/vosgesinfo.fr\/gerardmerinfo\/2020\/08\/attention-guepe-attaque\/","url":"https:\/\/vosgesinfo.fr\/gerardmerinfo\/2020\/08\/attention-guepe-attaque\/","name":"Attention la gu\u00eape attaque - Gerardmer Info","isPartOf":{"@id":"https:\/\/vosgesinfo.fr\/gerardmerinfo\/#website"},"primaryImageOfPage":{"@id":"https:\/\/vosgesinfo.fr\/gerardmerinfo\/2020\/08\/attention-guepe-attaque\/#primaryimage"},"image":{"@id":"https:\/\/vosgesinfo.fr\/gerardmerinfo\/2020\/08\/attention-guepe-attaque\/#primaryimage"},"thumbnailUrl":"https:\/\/vosgesinfo.fr\/app\/uploads\/sites\/6\/2024\/07\/202008guepe-gp-670x460-1.png","datePublished":"2020-08-05T12:49:00+00:00","dateModified":"2020-08-05T12:49:00+00:00","breadcrumb":{"@id":"https:\/\/vosgesinfo.fr\/gerardmerinfo\/2020\/08\/attention-guepe-attaque\/#breadcrumb"},"inLanguage":"fr-FR","potentialAction":[{"@type":"ReadAction","target":["https:\/\/vosgesinfo.fr\/gerardmerinfo\/2020\/08\/attention-guepe-attaque\/"]}]},{"@type":"ImageObject","inLanguage":"fr-FR","@id":"https:\/\/vosgesinfo.fr\/gerardmerinfo\/2020\/08\/attention-guepe-attaque\/#primaryimage","url":"https:\/\/vosgesinfo.fr\/app\/uploads\/sites\/6\/2024\/07\/202008guepe-gp-670x460-1.png","contentUrl":"https:\/\/vosgesinfo.fr\/app\/uploads\/sites\/6\/2024\/07\/202008guepe-gp-670x460-1.png","width":670,"height":460},{"@type":"BreadcrumbList","@id":"https:\/\/vosgesinfo.fr\/gerardmerinfo\/2020\/08\/attention-guepe-attaque\/#breadcrumb","itemListElement":[{"@type":"ListItem","position":1,"name":"Home","item":"https:\/\/vosgesinfo.fr\/gerardmerinfo\/"},{"@type":"ListItem","position":2,"name":"Attention la gu\u00eape attaque"}]},{"@type":"WebSite","@id":"https:\/\/vosgesinfo.fr\/gerardmerinfo\/#website","url":"https:\/\/vosgesinfo.fr\/gerardmerinfo\/","name":"Gerardmer Info","description":"Toute l&#039;actualit\u00e9 de G\u00e9rardmer","publisher":{"@id":"https:\/\/vosgesinfo.fr\/gerardmerinfo\/#organization"},"alternateName":"Toute l'actualit\u00e9 de G\u00e9rardmer","potentialAction":[{"@type":"SearchAction","target":{"@type":"EntryPoint","urlTemplate":"https:\/\/vosgesinfo.fr\/gerardmerinfo\/?s={search_term_string}"},"query-input":"required name=search_term_string"}],"inLanguage":"fr-FR"},{"@type":"Organization","@id":"https:\/\/vosgesinfo.fr\/gerardmerinfo\/#organization","name":"Gerardmer Info","url":"https:\/\/vosgesinfo.fr\/gerardmerinfo\/","logo":{"@type":"ImageObject","inLanguage":"fr-FR","@id":"https:\/\/vosgesinfo.fr\/gerardmerinfo\/#\/schema\/logo\/image\/","url":"https:\/\/vosgesinfo.fr\/app\/uploads\/sites\/6\/2023\/08\/favicon-gerardmerinfo.png","contentUrl":"https:\/\/vosgesinfo.fr\/app\/uploads\/sites\/6\/2023\/08\/favicon-gerardmerinfo.png","width":512,"height":512,"caption":"Gerardmer Info"},"image":{"@id":"https:\/\/vosgesinfo.fr\/gerardmerinfo\/#\/schema\/logo\/image\/"},"sameAs":["https:\/\/www.facebook.com\/profile.php?id=100049475262660","https:\/\/x.com\/VosgesInfo88","https:\/\/www.youtube.com\/@vosgesinfo"]},{"@type":"Person","@id":"https:\/\/vosgesinfo.fr\/gerardmerinfo\/#\/schema\/person\/bc5d02d71e6932e81b6dadb7386667b1","name":"qs_admin","image":{"@type":"ImageObject","inLanguage":"fr-FR","@id":"https:\/\/vosgesinfo.fr\/gerardmerinfo\/#\/schema\/person\/image\/","url":"https:\/\/secure.gravatar.com\/avatar\/94b18ee0ed79e4a42ea2f2931277b6841a8999fc6fde214600c78057cf1fe1de?s=96&d=mm&r=g","contentUrl":"https:\/\/secure.gravatar.com\/avatar\/94b18ee0ed79e4a42ea2f2931277b6841a8999fc6fde214600c78057cf1fe1de?s=96&d=mm&r=g","caption":"qs_admin"},"sameAs":["https:\/\/vosgesinfo.fr\/wp"],"url":"https:\/\/vosgesinfo.fr\/gerardmerinfo\/author\/qs_admin\/"}]}},"_links":{"self":[{"href":"https:\/\/vosgesinfo.fr\/gerardmerinfo\/wp-json\/wp\/v2\/posts\/49089","targetHints":{"allow":["GET"]}}],"collection":[{"href":"https:\/\/vosgesinfo.fr\/gerardmerinfo\/wp-json\/wp\/v2\/posts"}],"about":[{"href":"https:\/\/vosgesinfo.fr\/gerardmerinfo\/wp-json\/wp\/v2\/types\/post"}],"author":[{"embeddable":true,"href":"https:\/\/vosgesinfo.fr\/gerardmerinfo\/wp-json\/wp\/v2\/users\/1"}],"replies":[{"embeddable":true,"href":"https:\/\/vosgesinfo.fr\/gerardmerinfo\/wp-json\/wp\/v2\/comments?post=49089"}],"version-history":[{"count":0,"href":"https:\/\/vosgesinfo.fr\/gerardmerinfo\/wp-json\/wp\/v2\/posts\/49089\/revisions"}],"wp:featuredmedia":[{"embeddable":true,"href":"https:\/\/vosgesinfo.fr\/gerardmerinfo\/wp-json\/wp\/v2\/media\/49090"}],"wp:attachment":[{"href":"https:\/\/vosgesinfo.fr\/gerardmerinfo\/wp-json\/wp\/v2\/media?parent=49089"}],"wp:term":[{"taxonomy":"category","embeddable":true,"href":"https:\/\/vosgesinfo.fr\/gerardmerinfo\/wp-json\/wp\/v2\/categories?post=49089"},{"taxonomy":"post_tag","embeddable":true,"href":"https:\/\/vosgesinfo.fr\/gerardmerinfo\/wp-json\/wp\/v2\/tags?post=49089"}],"curies":[{"name":"wp","href":"https:\/\/api.w.org\/{rel}","templated":true}]}}