{"id":49597,"date":"2020-09-10T07:08:39","date_gmt":"2020-09-10T05:08:39","guid":{"rendered":"https:\/\/vosgesinfo.fr\/gerardmerinfo\/2020\/09\/prochain-exposition-a-mcl-photographie-fil-temps\/"},"modified":"2020-09-10T07:08:39","modified_gmt":"2020-09-10T05:08:39","slug":"prochain-exposition-a-mcl-photographie-fil-temps","status":"publish","type":"post","link":"https:\/\/vosgesinfo.fr\/gerardmerinfo\/2020\/09\/prochain-exposition-a-mcl-photographie-fil-temps\/","title":{"rendered":"Prochain exposition \u00e0 la MCL : Photographie &#8211; Au fil du temps"},"content":{"rendered":"<div style=\"text-align: center;\"><i><span style=\"font-size: large;\"><b>Au fil du temps<\/b><\/span><\/i><\/div>\n<div style=\"text-align: center;\"><i>Atelier de recherche en photographie\u00a0<\/i><i>avec l\u2019\u00c9cole des Regards Nomade\u00a0<\/i><i>du CRI des Lumi\u00e8res<\/i><\/div>\n<div style=\"text-align: center;\"><i>Encadr\u00e9 par Eric Didym<\/i><\/div>\n<div><i>\u00a0<\/i><\/div>\n<div><i><b>Rencontre avec les exposants le samedi 12 septembre \u00e0 15h \u00e0 la suite de l&rsquo;accrochage<\/b><\/i><\/div>\n<div><i>\u00a0<\/i><\/div>\n<div><i><b>Du 14 septembre au 7 octobre \u00e0 la galerie de la MCL<\/b><\/i><\/div>\n<div><i>Horaires : lundi, mardi, mercredi, vendredi de 14h \u00e0 22h \/ Jeudi de 9h \u00e0 12h \/ Samedi de 18h \u00e0 22h<\/i><\/div>\n<div><\/div>\n<div><strong>Pr\u00e9sentation :<\/strong><\/div>\n<div>\n<div id=\"attachment_167422\" style=\"width: 318px\" class=\"wp-caption alignright\"><a href=\"\/2020\/09\/expo-regards-nomades-MCL-G\u00e9rardmer-2020-21.jpg\"><img decoding=\"async\" aria-describedby=\"caption-attachment-167422\" class=\"wp-image-167422\" src=\"\/2020\/09\/expo-regards-nomades-MCL-G\u00e9rardmer-2020-21.jpg\" alt=\"\u00a9Eric Zugmeyer\" width=\"308\" height=\"466\" \/><\/a><p id=\"caption-attachment-167422\" class=\"wp-caption-text\"><strong>\u00a9Eric Zugmeyer<\/strong><\/p><\/div>\n<p>\u00ab\u00a0Atelier de recherche en photographie r\u00e9alis\u00e9 durant la saison 2019\/2020 avec l\u2019\u00e9cole des Regards Nomade du CRI des Lumi\u00e8res.<br \/>\nCet atelier de recherche photographique a \u00e9t\u00e9 r\u00e9alis\u00e9 sur le territoire de la commune de G\u00e9rardmer et les environs proches. Il s\u2019adressait aux photographes amateurs et avertis. L\u2019\u00e9cole des Regards nomade : c\u2019est un lieu d\u2019exp\u00e9rimentation,<br \/>\nun lieu de recherche et de production, un lieu d\u2019apprentissage o\u00f9 chacun est accompagn\u00e9 personnellement, un lieu de r\u00e9flexion et d\u2019\u00e9change.<br \/>\nLa photographie est un \u00ab temps suspendu \u00bb, elle dilate l\u2019instant, elle rend alors possible l\u2019\u00e9mergence<br \/>\nd\u2019une po\u00e9sie du d\u00e9tail dans un monde moderne en constant bouleversement.<br \/>\nCertes, la notion d\u2019instant existait auparavant mais la photographie est venue lui donner une \u00e9paisseur tangible.<br \/>\nNotre objectif est d\u2019essayer de rendre compte de la temporalit\u00e9 de l\u2019image photographique en partant de deux tendances, l\u2019une m\u00e9canique, l\u2019autre psychologique. Du point de vue de son usage quotidien, la photographie nous renvoie \u00e0 un \u00e9v\u00e9nement pass\u00e9, et nous place donc dans un rapport temporel avec nous-m\u00eames et avec le monde. Alors on peut dire, pour cette raison banale, que la photographie est \u00ab temporelle \u00bb pour chacun d\u2019entre nous. La question du temps est donc en photographie incontournable.\u00a0\u00bb<\/p>\n<\/div>\n<div><\/div>\n<div>Avec le soutien de la DRAC Grand-Est, du d\u00e9partement des Vosges, la<br \/>\nCommunaut\u00e9 de communes des Hautes Vosges et de la MCL de G\u00e9rardmer<br \/>\nIntervenant artistique : Eric DIDYM<\/div>\n<div><i>\u00a0<\/i><\/div>\n","protected":false},"excerpt":{"rendered":"<p>Au fil du temps Atelier de recherche en photographie\u00a0avec l\u2019\u00c9cole des Regards Nomade\u00a0du CRI des Lumi\u00e8res Encadr\u00e9 par Eric Didym [&hellip;]<\/p>\n","protected":false},"author":1,"featured_media":49598,"comment_status":"open","ping_status":"open","sticky":false,"template":"","format":"standard","meta":{"footnotes":""},"categories":[20,4,25],"tags":[],"class_list":["post-49597","post","type-post","status-publish","format-standard","has-post-thumbnail","hentry","category-a-la-une","category-culture","category-gerardmer"],"acf":[],"yoast_head":"<!-- This site is optimized with the Yoast SEO plugin v22.5 - https:\/\/yoast.com\/wordpress\/plugins\/seo\/ -->\n<title>Prochain exposition \u00e0 la MCL : Photographie - Au fil du temps - Gerardmer Info<\/title>\n<meta name=\"robots\" content=\"index, follow, max-snippet:-1, max-image-preview:large, max-video-preview:-1\" \/>\n<link rel=\"canonical\" href=\"https:\/\/vosgesinfo.fr\/gerardmerinfo\/2020\/09\/prochain-exposition-a-mcl-photographie-fil-temps\/\" \/>\n<meta name=\"twitter:card\" content=\"summary_large_image\" \/>\n<meta name=\"twitter:title\" content=\"Prochain exposition \u00e0 la MCL : Photographie - Au fil du temps - Gerardmer Info\" \/>\n<meta name=\"twitter:description\" content=\"Au fil du temps Atelier de recherche en photographie\u00a0avec l\u2019\u00c9cole des Regards Nomade\u00a0du CRI des Lumi\u00e8res Encadr\u00e9 par Eric Didym [&hellip;]\" \/>\n<meta name=\"twitter:image\" content=\"https:\/\/vosgesinfo.fr\/app\/uploads\/sites\/6\/2024\/07\/202009expo-regards-nomades-mcl-gerardmer-2020-21.jpg\" \/>\n<meta name=\"twitter:creator\" content=\"@VosgesInfo88\" \/>\n<meta name=\"twitter:site\" content=\"@VosgesInfo88\" \/>\n<meta name=\"twitter:label1\" content=\"\u00c9crit par\" \/>\n\t<meta name=\"twitter:data1\" content=\"qs_admin\" \/>\n\t<meta name=\"twitter:label2\" content=\"Dur\u00e9e de lecture estim\u00e9e\" \/>\n\t<meta name=\"twitter:data2\" content=\"2 minutes\" \/>\n<script type=\"application\/ld+json\" class=\"yoast-schema-graph\">{\"@context\":\"https:\/\/schema.org\",\"@graph\":[{\"@type\":\"Article\",\"@id\":\"https:\/\/vosgesinfo.fr\/gerardmerinfo\/2020\/09\/prochain-exposition-a-mcl-photographie-fil-temps\/#article\",\"isPartOf\":{\"@id\":\"https:\/\/vosgesinfo.fr\/gerardmerinfo\/2020\/09\/prochain-exposition-a-mcl-photographie-fil-temps\/\"},\"author\":{\"name\":\"qs_admin\",\"@id\":\"https:\/\/vosgesinfo.fr\/gerardmerinfo\/#\/schema\/person\/bc5d02d71e6932e81b6dadb7386667b1\"},\"headline\":\"Prochain exposition \u00e0 la MCL : Photographie &#8211; Au fil du temps\",\"datePublished\":\"2020-09-10T05:08:39+00:00\",\"dateModified\":\"2020-09-10T05:08:39+00:00\",\"mainEntityOfPage\":{\"@id\":\"https:\/\/vosgesinfo.fr\/gerardmerinfo\/2020\/09\/prochain-exposition-a-mcl-photographie-fil-temps\/\"},\"wordCount\":332,\"commentCount\":0,\"publisher\":{\"@id\":\"https:\/\/vosgesinfo.fr\/gerardmerinfo\/#organization\"},\"image\":{\"@id\":\"https:\/\/vosgesinfo.fr\/gerardmerinfo\/2020\/09\/prochain-exposition-a-mcl-photographie-fil-temps\/#primaryimage\"},\"thumbnailUrl\":\"https:\/\/vosgesinfo.fr\/app\/uploads\/sites\/6\/2024\/07\/202009expo-regards-nomades-mcl-gerardmer-2020-21.jpg\",\"articleSection\":[\"A la une\",\"Culture\",\"G\u00e9rardmer\"],\"inLanguage\":\"fr-FR\",\"potentialAction\":[{\"@type\":\"CommentAction\",\"name\":\"Comment\",\"target\":[\"https:\/\/vosgesinfo.fr\/gerardmerinfo\/2020\/09\/prochain-exposition-a-mcl-photographie-fil-temps\/#respond\"]}]},{\"@type\":\"WebPage\",\"@id\":\"https:\/\/vosgesinfo.fr\/gerardmerinfo\/2020\/09\/prochain-exposition-a-mcl-photographie-fil-temps\/\",\"url\":\"https:\/\/vosgesinfo.fr\/gerardmerinfo\/2020\/09\/prochain-exposition-a-mcl-photographie-fil-temps\/\",\"name\":\"Prochain exposition \u00e0 la MCL : Photographie - Au fil du temps - Gerardmer Info\",\"isPartOf\":{\"@id\":\"https:\/\/vosgesinfo.fr\/gerardmerinfo\/#website\"},\"primaryImageOfPage\":{\"@id\":\"https:\/\/vosgesinfo.fr\/gerardmerinfo\/2020\/09\/prochain-exposition-a-mcl-photographie-fil-temps\/#primaryimage\"},\"image\":{\"@id\":\"https:\/\/vosgesinfo.fr\/gerardmerinfo\/2020\/09\/prochain-exposition-a-mcl-photographie-fil-temps\/#primaryimage\"},\"thumbnailUrl\":\"https:\/\/vosgesinfo.fr\/app\/uploads\/sites\/6\/2024\/07\/202009expo-regards-nomades-mcl-gerardmer-2020-21.jpg\",\"datePublished\":\"2020-09-10T05:08:39+00:00\",\"dateModified\":\"2020-09-10T05:08:39+00:00\",\"breadcrumb\":{\"@id\":\"https:\/\/vosgesinfo.fr\/gerardmerinfo\/2020\/09\/prochain-exposition-a-mcl-photographie-fil-temps\/#breadcrumb\"},\"inLanguage\":\"fr-FR\",\"potentialAction\":[{\"@type\":\"ReadAction\",\"target\":[\"https:\/\/vosgesinfo.fr\/gerardmerinfo\/2020\/09\/prochain-exposition-a-mcl-photographie-fil-temps\/\"]}]},{\"@type\":\"ImageObject\",\"inLanguage\":\"fr-FR\",\"@id\":\"https:\/\/vosgesinfo.fr\/gerardmerinfo\/2020\/09\/prochain-exposition-a-mcl-photographie-fil-temps\/#primaryimage\",\"url\":\"https:\/\/vosgesinfo.fr\/app\/uploads\/sites\/6\/2024\/07\/202009expo-regards-nomades-mcl-gerardmer-2020-21.jpg\",\"contentUrl\":\"https:\/\/vosgesinfo.fr\/app\/uploads\/sites\/6\/2024\/07\/202009expo-regards-nomades-mcl-gerardmer-2020-21.jpg\",\"width\":408,\"height\":617},{\"@type\":\"BreadcrumbList\",\"@id\":\"https:\/\/vosgesinfo.fr\/gerardmerinfo\/2020\/09\/prochain-exposition-a-mcl-photographie-fil-temps\/#breadcrumb\",\"itemListElement\":[{\"@type\":\"ListItem\",\"position\":1,\"name\":\"Home\",\"item\":\"https:\/\/vosgesinfo.fr\/gerardmerinfo\/\"},{\"@type\":\"ListItem\",\"position\":2,\"name\":\"Prochain exposition \u00e0 la MCL : Photographie &#8211; Au fil du temps\"}]},{\"@type\":\"WebSite\",\"@id\":\"https:\/\/vosgesinfo.fr\/gerardmerinfo\/#website\",\"url\":\"https:\/\/vosgesinfo.fr\/gerardmerinfo\/\",\"name\":\"Gerardmer Info\",\"description\":\"Toute l&#039;actualit\u00e9 de G\u00e9rardmer\",\"publisher\":{\"@id\":\"https:\/\/vosgesinfo.fr\/gerardmerinfo\/#organization\"},\"alternateName\":\"Toute l'actualit\u00e9 de G\u00e9rardmer\",\"potentialAction\":[{\"@type\":\"SearchAction\",\"target\":{\"@type\":\"EntryPoint\",\"urlTemplate\":\"https:\/\/vosgesinfo.fr\/gerardmerinfo\/?s={search_term_string}\"},\"query-input\":\"required name=search_term_string\"}],\"inLanguage\":\"fr-FR\"},{\"@type\":\"Organization\",\"@id\":\"https:\/\/vosgesinfo.fr\/gerardmerinfo\/#organization\",\"name\":\"Gerardmer Info\",\"url\":\"https:\/\/vosgesinfo.fr\/gerardmerinfo\/\",\"logo\":{\"@type\":\"ImageObject\",\"inLanguage\":\"fr-FR\",\"@id\":\"https:\/\/vosgesinfo.fr\/gerardmerinfo\/#\/schema\/logo\/image\/\",\"url\":\"https:\/\/vosgesinfo.fr\/app\/uploads\/sites\/6\/2023\/08\/favicon-gerardmerinfo.png\",\"contentUrl\":\"https:\/\/vosgesinfo.fr\/app\/uploads\/sites\/6\/2023\/08\/favicon-gerardmerinfo.png\",\"width\":512,\"height\":512,\"caption\":\"Gerardmer Info\"},\"image\":{\"@id\":\"https:\/\/vosgesinfo.fr\/gerardmerinfo\/#\/schema\/logo\/image\/\"},\"sameAs\":[\"https:\/\/www.facebook.com\/profile.php?id=100049475262660\",\"https:\/\/x.com\/VosgesInfo88\",\"https:\/\/www.youtube.com\/@vosgesinfo\"]},{\"@type\":\"Person\",\"@id\":\"https:\/\/vosgesinfo.fr\/gerardmerinfo\/#\/schema\/person\/bc5d02d71e6932e81b6dadb7386667b1\",\"name\":\"qs_admin\",\"image\":{\"@type\":\"ImageObject\",\"inLanguage\":\"fr-FR\",\"@id\":\"https:\/\/vosgesinfo.fr\/gerardmerinfo\/#\/schema\/person\/image\/\",\"url\":\"https:\/\/secure.gravatar.com\/avatar\/94b18ee0ed79e4a42ea2f2931277b6841a8999fc6fde214600c78057cf1fe1de?s=96&d=mm&r=g\",\"contentUrl\":\"https:\/\/secure.gravatar.com\/avatar\/94b18ee0ed79e4a42ea2f2931277b6841a8999fc6fde214600c78057cf1fe1de?s=96&d=mm&r=g\",\"caption\":\"qs_admin\"},\"sameAs\":[\"https:\/\/vosgesinfo.fr\/wp\"],\"url\":\"https:\/\/vosgesinfo.fr\/gerardmerinfo\/author\/qs_admin\/\"}]}<\/script>\n<!-- \/ Yoast SEO plugin. -->","yoast_head_json":{"title":"Prochain exposition \u00e0 la MCL : Photographie - Au fil du temps - Gerardmer Info","robots":{"index":"index","follow":"follow","max-snippet":"max-snippet:-1","max-image-preview":"max-image-preview:large","max-video-preview":"max-video-preview:-1"},"canonical":"https:\/\/vosgesinfo.fr\/gerardmerinfo\/2020\/09\/prochain-exposition-a-mcl-photographie-fil-temps\/","twitter_card":"summary_large_image","twitter_title":"Prochain exposition \u00e0 la MCL : Photographie - Au fil du temps - Gerardmer Info","twitter_description":"Au fil du temps Atelier de recherche en photographie\u00a0avec l\u2019\u00c9cole des Regards Nomade\u00a0du CRI des Lumi\u00e8res Encadr\u00e9 par Eric Didym [&hellip;]","twitter_image":"https:\/\/vosgesinfo.fr\/app\/uploads\/sites\/6\/2024\/07\/202009expo-regards-nomades-mcl-gerardmer-2020-21.jpg","twitter_creator":"@VosgesInfo88","twitter_site":"@VosgesInfo88","twitter_misc":{"\u00c9crit par":"qs_admin","Dur\u00e9e de lecture estim\u00e9e":"2 minutes"},"schema":{"@context":"https:\/\/schema.org","@graph":[{"@type":"Article","@id":"https:\/\/vosgesinfo.fr\/gerardmerinfo\/2020\/09\/prochain-exposition-a-mcl-photographie-fil-temps\/#article","isPartOf":{"@id":"https:\/\/vosgesinfo.fr\/gerardmerinfo\/2020\/09\/prochain-exposition-a-mcl-photographie-fil-temps\/"},"author":{"name":"qs_admin","@id":"https:\/\/vosgesinfo.fr\/gerardmerinfo\/#\/schema\/person\/bc5d02d71e6932e81b6dadb7386667b1"},"headline":"Prochain exposition \u00e0 la MCL : Photographie &#8211; Au fil du temps","datePublished":"2020-09-10T05:08:39+00:00","dateModified":"2020-09-10T05:08:39+00:00","mainEntityOfPage":{"@id":"https:\/\/vosgesinfo.fr\/gerardmerinfo\/2020\/09\/prochain-exposition-a-mcl-photographie-fil-temps\/"},"wordCount":332,"commentCount":0,"publisher":{"@id":"https:\/\/vosgesinfo.fr\/gerardmerinfo\/#organization"},"image":{"@id":"https:\/\/vosgesinfo.fr\/gerardmerinfo\/2020\/09\/prochain-exposition-a-mcl-photographie-fil-temps\/#primaryimage"},"thumbnailUrl":"https:\/\/vosgesinfo.fr\/app\/uploads\/sites\/6\/2024\/07\/202009expo-regards-nomades-mcl-gerardmer-2020-21.jpg","articleSection":["A la une","Culture","G\u00e9rardmer"],"inLanguage":"fr-FR","potentialAction":[{"@type":"CommentAction","name":"Comment","target":["https:\/\/vosgesinfo.fr\/gerardmerinfo\/2020\/09\/prochain-exposition-a-mcl-photographie-fil-temps\/#respond"]}]},{"@type":"WebPage","@id":"https:\/\/vosgesinfo.fr\/gerardmerinfo\/2020\/09\/prochain-exposition-a-mcl-photographie-fil-temps\/","url":"https:\/\/vosgesinfo.fr\/gerardmerinfo\/2020\/09\/prochain-exposition-a-mcl-photographie-fil-temps\/","name":"Prochain exposition \u00e0 la MCL : Photographie - Au fil du temps - Gerardmer Info","isPartOf":{"@id":"https:\/\/vosgesinfo.fr\/gerardmerinfo\/#website"},"primaryImageOfPage":{"@id":"https:\/\/vosgesinfo.fr\/gerardmerinfo\/2020\/09\/prochain-exposition-a-mcl-photographie-fil-temps\/#primaryimage"},"image":{"@id":"https:\/\/vosgesinfo.fr\/gerardmerinfo\/2020\/09\/prochain-exposition-a-mcl-photographie-fil-temps\/#primaryimage"},"thumbnailUrl":"https:\/\/vosgesinfo.fr\/app\/uploads\/sites\/6\/2024\/07\/202009expo-regards-nomades-mcl-gerardmer-2020-21.jpg","datePublished":"2020-09-10T05:08:39+00:00","dateModified":"2020-09-10T05:08:39+00:00","breadcrumb":{"@id":"https:\/\/vosgesinfo.fr\/gerardmerinfo\/2020\/09\/prochain-exposition-a-mcl-photographie-fil-temps\/#breadcrumb"},"inLanguage":"fr-FR","potentialAction":[{"@type":"ReadAction","target":["https:\/\/vosgesinfo.fr\/gerardmerinfo\/2020\/09\/prochain-exposition-a-mcl-photographie-fil-temps\/"]}]},{"@type":"ImageObject","inLanguage":"fr-FR","@id":"https:\/\/vosgesinfo.fr\/gerardmerinfo\/2020\/09\/prochain-exposition-a-mcl-photographie-fil-temps\/#primaryimage","url":"https:\/\/vosgesinfo.fr\/app\/uploads\/sites\/6\/2024\/07\/202009expo-regards-nomades-mcl-gerardmer-2020-21.jpg","contentUrl":"https:\/\/vosgesinfo.fr\/app\/uploads\/sites\/6\/2024\/07\/202009expo-regards-nomades-mcl-gerardmer-2020-21.jpg","width":408,"height":617},{"@type":"BreadcrumbList","@id":"https:\/\/vosgesinfo.fr\/gerardmerinfo\/2020\/09\/prochain-exposition-a-mcl-photographie-fil-temps\/#breadcrumb","itemListElement":[{"@type":"ListItem","position":1,"name":"Home","item":"https:\/\/vosgesinfo.fr\/gerardmerinfo\/"},{"@type":"ListItem","position":2,"name":"Prochain exposition \u00e0 la MCL : Photographie &#8211; Au fil du temps"}]},{"@type":"WebSite","@id":"https:\/\/vosgesinfo.fr\/gerardmerinfo\/#website","url":"https:\/\/vosgesinfo.fr\/gerardmerinfo\/","name":"Gerardmer Info","description":"Toute l&#039;actualit\u00e9 de G\u00e9rardmer","publisher":{"@id":"https:\/\/vosgesinfo.fr\/gerardmerinfo\/#organization"},"alternateName":"Toute l'actualit\u00e9 de G\u00e9rardmer","potentialAction":[{"@type":"SearchAction","target":{"@type":"EntryPoint","urlTemplate":"https:\/\/vosgesinfo.fr\/gerardmerinfo\/?s={search_term_string}"},"query-input":"required name=search_term_string"}],"inLanguage":"fr-FR"},{"@type":"Organization","@id":"https:\/\/vosgesinfo.fr\/gerardmerinfo\/#organization","name":"Gerardmer Info","url":"https:\/\/vosgesinfo.fr\/gerardmerinfo\/","logo":{"@type":"ImageObject","inLanguage":"fr-FR","@id":"https:\/\/vosgesinfo.fr\/gerardmerinfo\/#\/schema\/logo\/image\/","url":"https:\/\/vosgesinfo.fr\/app\/uploads\/sites\/6\/2023\/08\/favicon-gerardmerinfo.png","contentUrl":"https:\/\/vosgesinfo.fr\/app\/uploads\/sites\/6\/2023\/08\/favicon-gerardmerinfo.png","width":512,"height":512,"caption":"Gerardmer Info"},"image":{"@id":"https:\/\/vosgesinfo.fr\/gerardmerinfo\/#\/schema\/logo\/image\/"},"sameAs":["https:\/\/www.facebook.com\/profile.php?id=100049475262660","https:\/\/x.com\/VosgesInfo88","https:\/\/www.youtube.com\/@vosgesinfo"]},{"@type":"Person","@id":"https:\/\/vosgesinfo.fr\/gerardmerinfo\/#\/schema\/person\/bc5d02d71e6932e81b6dadb7386667b1","name":"qs_admin","image":{"@type":"ImageObject","inLanguage":"fr-FR","@id":"https:\/\/vosgesinfo.fr\/gerardmerinfo\/#\/schema\/person\/image\/","url":"https:\/\/secure.gravatar.com\/avatar\/94b18ee0ed79e4a42ea2f2931277b6841a8999fc6fde214600c78057cf1fe1de?s=96&d=mm&r=g","contentUrl":"https:\/\/secure.gravatar.com\/avatar\/94b18ee0ed79e4a42ea2f2931277b6841a8999fc6fde214600c78057cf1fe1de?s=96&d=mm&r=g","caption":"qs_admin"},"sameAs":["https:\/\/vosgesinfo.fr\/wp"],"url":"https:\/\/vosgesinfo.fr\/gerardmerinfo\/author\/qs_admin\/"}]}},"_links":{"self":[{"href":"https:\/\/vosgesinfo.fr\/gerardmerinfo\/wp-json\/wp\/v2\/posts\/49597","targetHints":{"allow":["GET"]}}],"collection":[{"href":"https:\/\/vosgesinfo.fr\/gerardmerinfo\/wp-json\/wp\/v2\/posts"}],"about":[{"href":"https:\/\/vosgesinfo.fr\/gerardmerinfo\/wp-json\/wp\/v2\/types\/post"}],"author":[{"embeddable":true,"href":"https:\/\/vosgesinfo.fr\/gerardmerinfo\/wp-json\/wp\/v2\/users\/1"}],"replies":[{"embeddable":true,"href":"https:\/\/vosgesinfo.fr\/gerardmerinfo\/wp-json\/wp\/v2\/comments?post=49597"}],"version-history":[{"count":0,"href":"https:\/\/vosgesinfo.fr\/gerardmerinfo\/wp-json\/wp\/v2\/posts\/49597\/revisions"}],"wp:featuredmedia":[{"embeddable":true,"href":"https:\/\/vosgesinfo.fr\/gerardmerinfo\/wp-json\/wp\/v2\/media\/49598"}],"wp:attachment":[{"href":"https:\/\/vosgesinfo.fr\/gerardmerinfo\/wp-json\/wp\/v2\/media?parent=49597"}],"wp:term":[{"taxonomy":"category","embeddable":true,"href":"https:\/\/vosgesinfo.fr\/gerardmerinfo\/wp-json\/wp\/v2\/categories?post=49597"},{"taxonomy":"post_tag","embeddable":true,"href":"https:\/\/vosgesinfo.fr\/gerardmerinfo\/wp-json\/wp\/v2\/tags?post=49597"}],"curies":[{"name":"wp","href":"https:\/\/api.w.org\/{rel}","templated":true}]}}